{"id":24307,"date":"2026-08-31T18:49:37","date_gmt":"2026-08-31T22:49:37","guid":{"rendered":"https:\/\/diarioellabrador.cl\/?p=24307"},"modified":"2026-08-31T18:49:40","modified_gmt":"2026-08-31T22:49:40","slug":"seremis-de-salud-y-agricultura-despliegan-campana-de-fiestas-patrias-en-independencia-y-advierten-multas-de-hasta-500-utm-para-infractores","status":"publish","type":"post","link":"https:\/\/diarioellabrador.cl\/index.php\/2026\/08\/31\/seremis-de-salud-y-agricultura-despliegan-campana-de-fiestas-patrias-en-independencia-y-advierten-multas-de-hasta-500-utm-para-infractores\/","title":{"rendered":"Seremis de Salud y Agricultura despliegan campa\u00f1a de Fiestas Patrias en Independencia y advierten multas de hasta 500 UTM para infractores"},"content":{"rendered":"\n<p class=\"wp-block-paragraph\">Por presencia de vectores y falta de etiquetado de las carnes, entre otras deficiencias, la Seremi de Salud RM, P\u00eda Venegas, prohibi\u00f3 el funcionamiento de una carnicer\u00eda en Independencia, inspecci\u00f3n a la que asisti\u00f3 junto al Seremi de Agricultura, Fernando Rencoret y el Acalde de la comuna, Agust\u00edn Iglesias, en el marco de la Campa\u00f1a Especial de Vigilancia por Fiestas Patrias 2026.&nbsp;&nbsp;<\/p>\n\n\n\n<p class=\"wp-block-paragraph\">\u201cNos encontramos con una serie de deficiencias en este lugar en particular que van desde vectores, falta de cadena de fr\u00edo, entre otros. Como Autoridad Sanitaria tenemos el rol y la responsabilidad de velar por la seguridad sanitaria de la regi\u00f3n, por lo que vamos a iniciar un sumario sanitario y vamos a hacer una prohibici\u00f3n de funcionamiento\u201d, manifest\u00f3 P\u00eda Venegas.<\/p>\n\n\n\n<p class=\"wp-block-paragraph\">En cuanto a la Campa\u00f1a de Fiscalizaci\u00f3n de Fiestas Patrias 2026 la Seremi de Salud inform\u00f3 que \u201cla Autoridad Sanitaria planifica inspeccionar m\u00e1s de 700 establecimientos relacionados con esta celebraci\u00f3n, como f\u00e1bricas de empanadas, cecinas, procesadoras de carnes, restaurantes de comida chilena, supermercados, fondas y ramadas de la regi\u00f3n\u201d.<\/p>\n\n\n\n<p class=\"wp-block-paragraph\">\u201cEsta campa\u00f1a de fiscalizaci\u00f3n comenz\u00f3 el 7 de agosto y finaliza el 21 de septiembre. Desde el inicio de esta vigilancia hemos inspeccionado 86 recintos, cursado 37 sumarios sanitarios, con 3 prohibiciones de funcionamiento y decomisado 688 kilos de productos c\u00e1rneos en mal estado con el objetivo de prevenir enfermedades trasmitidas por los alimentos. Entre las principales deficiencias detectadas est\u00e1 el hallazgo de roedores, productos vencidos, elaboraci\u00f3n en locales sin autorizaci\u00f3n y p\u00e9rdida de la cadena de fr\u00edo\u201d.<\/p>\n\n\n\n<p class=\"wp-block-paragraph\">Por su parte, el Seremi de Agricultura, Fernando Rencoret, destac\u00f3 el rol fiscalizador de su cartera a trav\u00e9s del Servicio Agr\u00edcola y Ganadero (SAG) para asegurar el cumplimiento de la Ley de Carnes. \u201cComo ministerio velamos por toda la cadena de comercializaci\u00f3n regulando mataderos, frigor\u00edficos, plantas despostadoras, transportes y centros de expendio. Aunque es un trabajo que realizamos todo el a\u00f1o, intensificamos las inspecciones previo a Fiestas Patrias. En carnicer\u00edas verificamos exhaustivamente el origen documental de la carne, que los nombres de los cortes correspondan, la correcta exposici\u00f3n de la tipificaci\u00f3n y la rotulaci\u00f3n de productos nacionales e importados.&nbsp;<\/p>\n\n\n\n<p class=\"wp-block-paragraph\">Rencoret advirti\u00f3 adem\u00e1s sobre las consecuencias para quienes infrinjan la normativa, \u201cnuestros fiscalizadores detectan con frecuencia problemas de rotulaci\u00f3n, falta de acreditaci\u00f3n del origen del producto, fallas de temperatura o transporte inadecuado. Quienes no cumplan se exponen a multas graves que van desde 1 hasta 500 UTM, es decir, entre $68.647 y m\u00e1s de 34 millones de pesos seg\u00fan la gravedad del hecho, arriesgando incluso la clausura del local en caso de reincidencia\u201d.<\/p>\n\n\n\n<p class=\"wp-block-paragraph\">En tanto, el alcalde Agust\u00edn Iglesias valor\u00f3 el despliegue de la Autoridad Sanitaria y el trabajo coordinado en terreno destacando que \u201ccuando las instituciones se ponen de acuerdo y salen a fiscalizar, estamos cuidando directamente a nuestros vecinos y sus familias\u201d.<\/p>\n\n\n\n<p class=\"wp-block-paragraph\">\u201cQueremos que estas Fiestas Patrias sean una oportunidad para compartir, disfrutar y celebrar en familia, y no que una mala compra termine arruinando esos momentos. Por eso es tan importante prevenir y fiscalizar, para que los alimentos que llegan a la mesa de nuestros vecinos est\u00e9n en buenas condiciones y no representen un riesgo para su salud\u201d, se\u00f1al\u00f3 el jefe comunal.<\/p>\n\n\n\n<p class=\"wp-block-paragraph\">En cuanto a los riesgos de consumir carnes en mal estado P\u00eda Venegas inform\u00f3 que \u201cpuede provocar desde intoxicaciones alimentarias, hasta enfermedades m\u00e1s graves como triquinosis y cuadros digestivos generados por Salmonella, entre otros. Los grupos de mayor riesgo son personas mayores, mujeres embarazadas, lactantes y ni\u00f1os peque\u00f1os y personas con enfermedades cr\u00f3nicas\u201d.<\/p>\n\n\n\n<p class=\"wp-block-paragraph\">Agreg\u00f3 que \u201cdurante estas Fiestas Patrias 2026 lo que esperamos como Seremi de Salud es evitar intoxicaciones alimentarias, por ello, continuaremos en terreno fiscalizando. Sin embargo, tambi\u00e9n necesitamos que la ciudadan\u00eda tome las medidas de autocuidado, ya que este Dieciocho \u201cLa Seremi Previene, T\u00fa te Cuidas\u201d.<\/p>\n\n\n\n<p class=\"wp-block-paragraph\"><strong>Los 4 tips de compra y consumo seguro de productos c\u00e1rneos:<\/strong><\/p>\n\n\n\n<ol class=\"wp-block-list\">\n<li><strong>Compra siempre en locales establecidos.\u00a0<\/strong>Es decir, aquellos con Autorizaci\u00f3n Sanitaria y patente municipal. Estos recintos son fiscalizados permanentemente y deben acreditar la procedencia de sus carnes y mantener las condiciones higi\u00e9nicas y cadena de fr\u00edo.<\/li>\n<\/ol>\n\n\n\n<p class=\"wp-block-paragraph\">&nbsp; &nbsp; &nbsp; &nbsp;2-&nbsp;<strong>Usa tus sentidos.<\/strong><\/p>\n\n\n\n<p class=\"wp-block-paragraph\">a)Con la vista f\u00edjate que la carne est\u00e9 almacenada en una vitrina refrigerada, con color y aspecto normal. En el caso de carne de vacuno debe ser de color cereza brillante y no tener tintes verdosos.<\/p>\n\n\n\n<p class=\"wp-block-paragraph\">b) Con el olfato, verifica que no tenga olor desagradable. El olor caracter\u00edstico de una carne descompuesta se torna rancio o putrefacto.<\/p>\n\n\n\n<p class=\"wp-block-paragraph\">c) Con el tacto corrobora que su textura sea firme y suave, no limosa o mucoide.<\/p>\n\n\n\n<p class=\"wp-block-paragraph\">&nbsp; &nbsp; &nbsp; &nbsp; &nbsp; 3 &#8211;&nbsp;<strong>Mant\u00e9n la cadena de fr\u00edo.<\/strong>&nbsp;Deja la compra de la carne para el \u00faltimo, reduciendo as\u00ed el tiempo de traslado a la casa. Al llegar, refrig\u00e9rala inmediatamente. Cuando la vayas a cocinar, no la descongeles a temperatura ambiente, sino dentro del refrigerador.<\/p>\n\n\n\n<p class=\"wp-block-paragraph\">&nbsp; &nbsp; &nbsp; &nbsp; &nbsp; &nbsp;4 &#8211;<strong>&nbsp;Evita la contaminaci\u00f3n cruzada.&nbsp;<\/strong>Mant\u00e9n carnes crudas separadas de los alimentos listos para el consumo y utiliza utensilios y superficies limpias. L\u00e1vate las manos antes y despu\u00e9s de manipular carnes crudas.<\/p>\n\n\n\n<p class=\"wp-block-paragraph\"><\/p>\n","protected":false},"excerpt":{"rendered":"<p>Por presencia de vectores y falta de etiquetado de las carnes, entre otras deficiencias, la Seremi de Salud RM, P\u00eda Venegas, prohibi\u00f3 el funcionamiento de una carnicer\u00eda en Independencia, inspecci\u00f3n a la que asisti\u00f3 junto al Seremi de Agricultura, Fernando Rencoret y el Acalde de la comuna, Agust\u00edn Iglesias, en el marco de la Campa\u00f1a<\/p>\n<div class=\"read-more-wrapper\"><a class=\"read-more\" href=\"https:\/\/diarioellabrador.cl\/index.php\/2026\/08\/31\/seremis-de-salud-y-agricultura-despliegan-campana-de-fiestas-patrias-en-independencia-y-advierten-multas-de-hasta-500-utm-para-infractores\/\" title=\"Leer m\u00e1s\"> <span class=\"button \">Leer m\u00e1s<\/span><\/a><\/div>\n","protected":false},"author":2,"featured_media":24258,"comment_status":"open","ping_status":"open","sticky":false,"template":"","format":"standard","meta":{"footnotes":"","_members_access_role":[],"_members_access_error":""},"categories":[1],"tags":[],"class_list":["post-24307","post","type-post","status-publish","format-standard","has-post-thumbnail","hentry","category-cronica"],"yoast_head":"<!-- This site is optimized with the Yoast SEO plugin v28.4 - https:\/\/yoast.com\/product\/yoast-seo-wordpress\/ -->\n<title>Seremis de Salud y Agricultura despliegan campa\u00f1a de Fiestas Patrias en Independencia y advierten multas de hasta 500 UTM para infractores - Diario El Labrador<\/title>\n<meta name=\"robots\" content=\"index, follow, max-snippet:-1, max-image-preview:large, max-video-preview:-1\" \/>\n<link rel=\"canonical\" href=\"https:\/\/diarioellabrador.cl\/index.php\/2026\/08\/31\/seremis-de-salud-y-agricultura-despliegan-campana-de-fiestas-patrias-en-independencia-y-advierten-multas-de-hasta-500-utm-para-infractores\/\" \/>\n<meta property=\"og:locale\" content=\"es_ES\" \/>\n<meta property=\"og:type\" content=\"article\" \/>\n<meta property=\"og:title\" content=\"Seremis de Salud y Agricultura despliegan campa\u00f1a de Fiestas Patrias en Independencia y advierten multas de hasta 500 UTM para infractores - Diario El Labrador\" \/>\n<meta property=\"og:description\" content=\"Por presencia de vectores y falta de etiquetado de las carnes, entre otras deficiencias, la Seremi de Salud RM, P\u00eda Venegas, prohibi\u00f3 el funcionamiento de una carnicer\u00eda en Independencia, inspecci\u00f3n a la que asisti\u00f3 junto al Seremi de Agricultura, Fernando Rencoret y el Acalde de la comuna, Agust\u00edn Iglesias, en el marco de la Campa\u00f1a Leer m\u00e1s\" \/>\n<meta property=\"og:url\" content=\"https:\/\/diarioellabrador.cl\/index.php\/2026\/08\/31\/seremis-de-salud-y-agricultura-despliegan-campana-de-fiestas-patrias-en-independencia-y-advierten-multas-de-hasta-500-utm-para-infractores\/\" \/>\n<meta property=\"og:site_name\" content=\"Diario El Labrador\" \/>\n<meta property=\"article:publisher\" content=\"https:\/\/web.facebook.com\/profile.php?id=61576120840621\" \/>\n<meta property=\"article:published_time\" content=\"2026-08-31T22:49:37+00:00\" \/>\n<meta property=\"article:modified_time\" content=\"2026-08-31T22:49:40+00:00\" \/>\n<meta property=\"og:image\" content=\"https:\/\/diarioellabrador.cl\/wp-content\/uploads\/2026\/08\/Seremis-de-Salud-y-Agricultura-despliegan-campana-de-Fiestas-Patrias-en-Independencia-y-advierten-multas-de-hasta-500-UTM-para-infractores-1.jpeg\" \/>\n\t<meta property=\"og:image:width\" content=\"1600\" \/>\n\t<meta property=\"og:image:height\" content=\"900\" \/>\n\t<meta property=\"og:image:type\" content=\"image\/jpeg\" \/>\n<meta name=\"author\" content=\"Editor\" \/>\n<meta name=\"twitter:card\" content=\"summary_large_image\" \/>\n<meta name=\"twitter:creator\" content=\"@ElLabradorOf\" \/>\n<meta name=\"twitter:site\" content=\"@ElLabradorOf\" \/>\n<meta name=\"twitter:label1\" content=\"Escrito por\" \/>\n\t<meta name=\"twitter:data1\" content=\"Editor\" \/>\n\t<meta name=\"twitter:label2\" content=\"Tiempo de lectura\" \/>\n\t<meta name=\"twitter:data2\" content=\"4 minutos\" \/>\n<script type=\"application\/ld+json\" class=\"yoast-schema-graph\">{\"@context\":\"https:\\\/\\\/schema.org\",\"@graph\":[{\"@type\":\"Article\",\"@id\":\"https:\\\/\\\/diarioellabrador.cl\\\/index.php\\\/2026\\\/08\\\/31\\\/seremis-de-salud-y-agricultura-despliegan-campana-de-fiestas-patrias-en-independencia-y-advierten-multas-de-hasta-500-utm-para-infractores\\\/#article\",\"isPartOf\":{\"@id\":\"https:\\\/\\\/diarioellabrador.cl\\\/index.php\\\/2026\\\/08\\\/31\\\/seremis-de-salud-y-agricultura-despliegan-campana-de-fiestas-patrias-en-independencia-y-advierten-multas-de-hasta-500-utm-para-infractores\\\/\"},\"author\":{\"name\":\"Editor\",\"@id\":\"https:\\\/\\\/diarioellabrador.cl\\\/#\\\/schema\\\/person\\\/bc25ff80b4563f9c7f4bd7855df01685\"},\"headline\":\"Seremis de Salud y Agricultura despliegan campa\u00f1a de Fiestas Patrias en Independencia y advierten multas de hasta 500 UTM para infractores\",\"datePublished\":\"2026-08-31T22:49:37+00:00\",\"dateModified\":\"2026-08-31T22:49:40+00:00\",\"mainEntityOfPage\":{\"@id\":\"https:\\\/\\\/diarioellabrador.cl\\\/index.php\\\/2026\\\/08\\\/31\\\/seremis-de-salud-y-agricultura-despliegan-campana-de-fiestas-patrias-en-independencia-y-advierten-multas-de-hasta-500-utm-para-infractores\\\/\"},\"wordCount\":912,\"commentCount\":0,\"publisher\":{\"@id\":\"https:\\\/\\\/diarioellabrador.cl\\\/#organization\"},\"image\":{\"@id\":\"https:\\\/\\\/diarioellabrador.cl\\\/index.php\\\/2026\\\/08\\\/31\\\/seremis-de-salud-y-agricultura-despliegan-campana-de-fiestas-patrias-en-independencia-y-advierten-multas-de-hasta-500-utm-para-infractores\\\/#primaryimage\"},\"thumbnailUrl\":\"https:\\\/\\\/diarioellabrador.cl\\\/wp-content\\\/uploads\\\/2026\\\/08\\\/Seremis-de-Salud-y-Agricultura-despliegan-campana-de-Fiestas-Patrias-en-Independencia-y-advierten-multas-de-hasta-500-UTM-para-infractores-1.jpeg\",\"articleSection\":[\"Cr\u00f3nica\"],\"inLanguage\":\"es\",\"potentialAction\":[{\"@type\":\"CommentAction\",\"name\":\"Comment\",\"target\":[\"https:\\\/\\\/diarioellabrador.cl\\\/index.php\\\/2026\\\/08\\\/31\\\/seremis-de-salud-y-agricultura-despliegan-campana-de-fiestas-patrias-en-independencia-y-advierten-multas-de-hasta-500-utm-para-infractores\\\/#respond\"]}]},{\"@type\":\"WebPage\",\"@id\":\"https:\\\/\\\/diarioellabrador.cl\\\/index.php\\\/2026\\\/08\\\/31\\\/seremis-de-salud-y-agricultura-despliegan-campana-de-fiestas-patrias-en-independencia-y-advierten-multas-de-hasta-500-utm-para-infractores\\\/\",\"url\":\"https:\\\/\\\/diarioellabrador.cl\\\/index.php\\\/2026\\\/08\\\/31\\\/seremis-de-salud-y-agricultura-despliegan-campana-de-fiestas-patrias-en-independencia-y-advierten-multas-de-hasta-500-utm-para-infractores\\\/\",\"name\":\"Seremis de Salud y Agricultura despliegan campa\u00f1a de Fiestas Patrias en Independencia y advierten multas de hasta 500 UTM para infractores - Diario El Labrador\",\"isPartOf\":{\"@id\":\"https:\\\/\\\/diarioellabrador.cl\\\/#website\"},\"primaryImageOfPage\":{\"@id\":\"https:\\\/\\\/diarioellabrador.cl\\\/index.php\\\/2026\\\/08\\\/31\\\/seremis-de-salud-y-agricultura-despliegan-campana-de-fiestas-patrias-en-independencia-y-advierten-multas-de-hasta-500-utm-para-infractores\\\/#primaryimage\"},\"image\":{\"@id\":\"https:\\\/\\\/diarioellabrador.cl\\\/index.php\\\/2026\\\/08\\\/31\\\/seremis-de-salud-y-agricultura-despliegan-campana-de-fiestas-patrias-en-independencia-y-advierten-multas-de-hasta-500-utm-para-infractores\\\/#primaryimage\"},\"thumbnailUrl\":\"https:\\\/\\\/diarioellabrador.cl\\\/wp-content\\\/uploads\\\/2026\\\/08\\\/Seremis-de-Salud-y-Agricultura-despliegan-campana-de-Fiestas-Patrias-en-Independencia-y-advierten-multas-de-hasta-500-UTM-para-infractores-1.jpeg\",\"datePublished\":\"2026-08-31T22:49:37+00:00\",\"dateModified\":\"2026-08-31T22:49:40+00:00\",\"breadcrumb\":{\"@id\":\"https:\\\/\\\/diarioellabrador.cl\\\/index.php\\\/2026\\\/08\\\/31\\\/seremis-de-salud-y-agricultura-despliegan-campana-de-fiestas-patrias-en-independencia-y-advierten-multas-de-hasta-500-utm-para-infractores\\\/#breadcrumb\"},\"inLanguage\":\"es\",\"potentialAction\":[{\"@type\":\"ReadAction\",\"target\":[\"https:\\\/\\\/diarioellabrador.cl\\\/index.php\\\/2026\\\/08\\\/31\\\/seremis-de-salud-y-agricultura-despliegan-campana-de-fiestas-patrias-en-independencia-y-advierten-multas-de-hasta-500-utm-para-infractores\\\/\"]}]},{\"@type\":\"ImageObject\",\"inLanguage\":\"es\",\"@id\":\"https:\\\/\\\/diarioellabrador.cl\\\/index.php\\\/2026\\\/08\\\/31\\\/seremis-de-salud-y-agricultura-despliegan-campana-de-fiestas-patrias-en-independencia-y-advierten-multas-de-hasta-500-utm-para-infractores\\\/#primaryimage\",\"url\":\"https:\\\/\\\/diarioellabrador.cl\\\/wp-content\\\/uploads\\\/2026\\\/08\\\/Seremis-de-Salud-y-Agricultura-despliegan-campana-de-Fiestas-Patrias-en-Independencia-y-advierten-multas-de-hasta-500-UTM-para-infractores-1.jpeg\",\"contentUrl\":\"https:\\\/\\\/diarioellabrador.cl\\\/wp-content\\\/uploads\\\/2026\\\/08\\\/Seremis-de-Salud-y-Agricultura-despliegan-campana-de-Fiestas-Patrias-en-Independencia-y-advierten-multas-de-hasta-500-UTM-para-infractores-1.jpeg\",\"width\":1600,\"height\":900},{\"@type\":\"BreadcrumbList\",\"@id\":\"https:\\\/\\\/diarioellabrador.cl\\\/index.php\\\/2026\\\/08\\\/31\\\/seremis-de-salud-y-agricultura-despliegan-campana-de-fiestas-patrias-en-independencia-y-advierten-multas-de-hasta-500-utm-para-infractores\\\/#breadcrumb\",\"itemListElement\":[{\"@type\":\"ListItem\",\"position\":1,\"name\":\"Portada\",\"item\":\"https:\\\/\\\/diarioellabrador.cl\\\/\"},{\"@type\":\"ListItem\",\"position\":2,\"name\":\"Seremis de Salud y Agricultura despliegan campa\u00f1a de Fiestas Patrias en Independencia y advierten multas de hasta 500 UTM para infractores\"}]},{\"@type\":\"WebSite\",\"@id\":\"https:\\\/\\\/diarioellabrador.cl\\\/#website\",\"url\":\"https:\\\/\\\/diarioellabrador.cl\\\/\",\"name\":\"Diario El Labrador\",\"description\":\"Haciendo noticia desde 1921\",\"publisher\":{\"@id\":\"https:\\\/\\\/diarioellabrador.cl\\\/#organization\"},\"potentialAction\":[{\"@type\":\"SearchAction\",\"target\":{\"@type\":\"EntryPoint\",\"urlTemplate\":\"https:\\\/\\\/diarioellabrador.cl\\\/?s={search_term_string}\"},\"query-input\":{\"@type\":\"PropertyValueSpecification\",\"valueRequired\":true,\"valueName\":\"search_term_string\"}}],\"inLanguage\":\"es\"},{\"@type\":\"Organization\",\"@id\":\"https:\\\/\\\/diarioellabrador.cl\\\/#organization\",\"name\":\"Diario El Labrador\",\"url\":\"https:\\\/\\\/diarioellabrador.cl\\\/\",\"logo\":{\"@type\":\"ImageObject\",\"inLanguage\":\"es\",\"@id\":\"https:\\\/\\\/diarioellabrador.cl\\\/#\\\/schema\\\/logo\\\/image\\\/\",\"url\":\"https:\\\/\\\/diarioellabrador.cl\\\/wp-content\\\/uploads\\\/2025\\\/02\\\/cropped-Logo-Icono.png\",\"contentUrl\":\"https:\\\/\\\/diarioellabrador.cl\\\/wp-content\\\/uploads\\\/2025\\\/02\\\/cropped-Logo-Icono.png\",\"width\":512,\"height\":512,\"caption\":\"Diario El Labrador\"},\"image\":{\"@id\":\"https:\\\/\\\/diarioellabrador.cl\\\/#\\\/schema\\\/logo\\\/image\\\/\"},\"sameAs\":[\"https:\\\/\\\/web.facebook.com\\\/profile.php?id=61576120840621\",\"https:\\\/\\\/x.com\\\/ElLabradorOf\",\"https:\\\/\\\/www.instagram.com\\\/diarioellabradoroficial\\\/\"]},{\"@type\":\"Person\",\"@id\":\"https:\\\/\\\/diarioellabrador.cl\\\/#\\\/schema\\\/person\\\/bc25ff80b4563f9c7f4bd7855df01685\",\"name\":\"Editor\",\"image\":{\"@type\":\"ImageObject\",\"inLanguage\":\"es\",\"@id\":\"https:\\\/\\\/secure.gravatar.com\\\/avatar\\\/109c326cf2be5c04f048c2c2a2b8b6ef44bf3d8d1d3d4c55d0ac40c4bc994684?s=96&d=initials&r=g&initials=ed\",\"url\":\"https:\\\/\\\/secure.gravatar.com\\\/avatar\\\/109c326cf2be5c04f048c2c2a2b8b6ef44bf3d8d1d3d4c55d0ac40c4bc994684?s=96&d=initials&r=g&initials=ed\",\"contentUrl\":\"https:\\\/\\\/secure.gravatar.com\\\/avatar\\\/109c326cf2be5c04f048c2c2a2b8b6ef44bf3d8d1d3d4c55d0ac40c4bc994684?s=96&d=initials&r=g&initials=ed\",\"caption\":\"Editor\"},\"url\":\"https:\\\/\\\/diarioellabrador.cl\\\/index.php\\\/author\\\/editor\\\/\"}]}<\/script>\n<!-- \/ Yoast SEO plugin. -->","yoast_head_json":{"title":"Seremis de Salud y Agricultura despliegan campa\u00f1a de Fiestas Patrias en Independencia y advierten multas de hasta 500 UTM para infractores - Diario El Labrador","robots":{"index":"index","follow":"follow","max-snippet":"max-snippet:-1","max-image-preview":"max-image-preview:large","max-video-preview":"max-video-preview:-1"},"canonical":"https:\/\/diarioellabrador.cl\/index.php\/2026\/08\/31\/seremis-de-salud-y-agricultura-despliegan-campana-de-fiestas-patrias-en-independencia-y-advierten-multas-de-hasta-500-utm-para-infractores\/","og_locale":"es_ES","og_type":"article","og_title":"Seremis de Salud y Agricultura despliegan campa\u00f1a de Fiestas Patrias en Independencia y advierten multas de hasta 500 UTM para infractores - Diario El Labrador","og_description":"Por presencia de vectores y falta de etiquetado de las carnes, entre otras deficiencias, la Seremi de Salud RM, P\u00eda Venegas, prohibi\u00f3 el funcionamiento de una carnicer\u00eda en Independencia, inspecci\u00f3n a la que asisti\u00f3 junto al Seremi de Agricultura, Fernando Rencoret y el Acalde de la comuna, Agust\u00edn Iglesias, en el marco de la Campa\u00f1a Leer m\u00e1s","og_url":"https:\/\/diarioellabrador.cl\/index.php\/2026\/08\/31\/seremis-de-salud-y-agricultura-despliegan-campana-de-fiestas-patrias-en-independencia-y-advierten-multas-de-hasta-500-utm-para-infractores\/","og_site_name":"Diario El Labrador","article_publisher":"https:\/\/web.facebook.com\/profile.php?id=61576120840621","article_published_time":"2026-08-31T22:49:37+00:00","article_modified_time":"2026-08-31T22:49:40+00:00","og_image":[{"width":1600,"height":900,"url":"https:\/\/diarioellabrador.cl\/wp-content\/uploads\/2026\/08\/Seremis-de-Salud-y-Agricultura-despliegan-campana-de-Fiestas-Patrias-en-Independencia-y-advierten-multas-de-hasta-500-UTM-para-infractores-1.jpeg","type":"image\/jpeg"}],"author":"Editor","twitter_card":"summary_large_image","twitter_creator":"@ElLabradorOf","twitter_site":"@ElLabradorOf","twitter_misc":{"Escrito por":"Editor","Tiempo de lectura":"4 minutos"},"schema":{"@context":"https:\/\/schema.org","@graph":[{"@type":"Article","@id":"https:\/\/diarioellabrador.cl\/index.php\/2026\/08\/31\/seremis-de-salud-y-agricultura-despliegan-campana-de-fiestas-patrias-en-independencia-y-advierten-multas-de-hasta-500-utm-para-infractores\/#article","isPartOf":{"@id":"https:\/\/diarioellabrador.cl\/index.php\/2026\/08\/31\/seremis-de-salud-y-agricultura-despliegan-campana-de-fiestas-patrias-en-independencia-y-advierten-multas-de-hasta-500-utm-para-infractores\/"},"author":{"name":"Editor","@id":"https:\/\/diarioellabrador.cl\/#\/schema\/person\/bc25ff80b4563f9c7f4bd7855df01685"},"headline":"Seremis de Salud y Agricultura despliegan campa\u00f1a de Fiestas Patrias en Independencia y advierten multas de hasta 500 UTM para infractores","datePublished":"2026-08-31T22:49:37+00:00","dateModified":"2026-08-31T22:49:40+00:00","mainEntityOfPage":{"@id":"https:\/\/diarioellabrador.cl\/index.php\/2026\/08\/31\/seremis-de-salud-y-agricultura-despliegan-campana-de-fiestas-patrias-en-independencia-y-advierten-multas-de-hasta-500-utm-para-infractores\/"},"wordCount":912,"commentCount":0,"publisher":{"@id":"https:\/\/diarioellabrador.cl\/#organization"},"image":{"@id":"https:\/\/diarioellabrador.cl\/index.php\/2026\/08\/31\/seremis-de-salud-y-agricultura-despliegan-campana-de-fiestas-patrias-en-independencia-y-advierten-multas-de-hasta-500-utm-para-infractores\/#primaryimage"},"thumbnailUrl":"https:\/\/diarioellabrador.cl\/wp-content\/uploads\/2026\/08\/Seremis-de-Salud-y-Agricultura-despliegan-campana-de-Fiestas-Patrias-en-Independencia-y-advierten-multas-de-hasta-500-UTM-para-infractores-1.jpeg","articleSection":["Cr\u00f3nica"],"inLanguage":"es","potentialAction":[{"@type":"CommentAction","name":"Comment","target":["https:\/\/diarioellabrador.cl\/index.php\/2026\/08\/31\/seremis-de-salud-y-agricultura-despliegan-campana-de-fiestas-patrias-en-independencia-y-advierten-multas-de-hasta-500-utm-para-infractores\/#respond"]}]},{"@type":"WebPage","@id":"https:\/\/diarioellabrador.cl\/index.php\/2026\/08\/31\/seremis-de-salud-y-agricultura-despliegan-campana-de-fiestas-patrias-en-independencia-y-advierten-multas-de-hasta-500-utm-para-infractores\/","url":"https:\/\/diarioellabrador.cl\/index.php\/2026\/08\/31\/seremis-de-salud-y-agricultura-despliegan-campana-de-fiestas-patrias-en-independencia-y-advierten-multas-de-hasta-500-utm-para-infractores\/","name":"Seremis de Salud y Agricultura despliegan campa\u00f1a de Fiestas Patrias en Independencia y advierten multas de hasta 500 UTM para infractores - Diario El Labrador","isPartOf":{"@id":"https:\/\/diarioellabrador.cl\/#website"},"primaryImageOfPage":{"@id":"https:\/\/diarioellabrador.cl\/index.php\/2026\/08\/31\/seremis-de-salud-y-agricultura-despliegan-campana-de-fiestas-patrias-en-independencia-y-advierten-multas-de-hasta-500-utm-para-infractores\/#primaryimage"},"image":{"@id":"https:\/\/diarioellabrador.cl\/index.php\/2026\/08\/31\/seremis-de-salud-y-agricultura-despliegan-campana-de-fiestas-patrias-en-independencia-y-advierten-multas-de-hasta-500-utm-para-infractores\/#primaryimage"},"thumbnailUrl":"https:\/\/diarioellabrador.cl\/wp-content\/uploads\/2026\/08\/Seremis-de-Salud-y-Agricultura-despliegan-campana-de-Fiestas-Patrias-en-Independencia-y-advierten-multas-de-hasta-500-UTM-para-infractores-1.jpeg","datePublished":"2026-08-31T22:49:37+00:00","dateModified":"2026-08-31T22:49:40+00:00","breadcrumb":{"@id":"https:\/\/diarioellabrador.cl\/index.php\/2026\/08\/31\/seremis-de-salud-y-agricultura-despliegan-campana-de-fiestas-patrias-en-independencia-y-advierten-multas-de-hasta-500-utm-para-infractores\/#breadcrumb"},"inLanguage":"es","potentialAction":[{"@type":"ReadAction","target":["https:\/\/diarioellabrador.cl\/index.php\/2026\/08\/31\/seremis-de-salud-y-agricultura-despliegan-campana-de-fiestas-patrias-en-independencia-y-advierten-multas-de-hasta-500-utm-para-infractores\/"]}]},{"@type":"ImageObject","inLanguage":"es","@id":"https:\/\/diarioellabrador.cl\/index.php\/2026\/08\/31\/seremis-de-salud-y-agricultura-despliegan-campana-de-fiestas-patrias-en-independencia-y-advierten-multas-de-hasta-500-utm-para-infractores\/#primaryimage","url":"https:\/\/diarioellabrador.cl\/wp-content\/uploads\/2026\/08\/Seremis-de-Salud-y-Agricultura-despliegan-campana-de-Fiestas-Patrias-en-Independencia-y-advierten-multas-de-hasta-500-UTM-para-infractores-1.jpeg","contentUrl":"https:\/\/diarioellabrador.cl\/wp-content\/uploads\/2026\/08\/Seremis-de-Salud-y-Agricultura-despliegan-campana-de-Fiestas-Patrias-en-Independencia-y-advierten-multas-de-hasta-500-UTM-para-infractores-1.jpeg","width":1600,"height":900},{"@type":"BreadcrumbList","@id":"https:\/\/diarioellabrador.cl\/index.php\/2026\/08\/31\/seremis-de-salud-y-agricultura-despliegan-campana-de-fiestas-patrias-en-independencia-y-advierten-multas-de-hasta-500-utm-para-infractores\/#breadcrumb","itemListElement":[{"@type":"ListItem","position":1,"name":"Portada","item":"https:\/\/diarioellabrador.cl\/"},{"@type":"ListItem","position":2,"name":"Seremis de Salud y Agricultura despliegan campa\u00f1a de Fiestas Patrias en Independencia y advierten multas de hasta 500 UTM para infractores"}]},{"@type":"WebSite","@id":"https:\/\/diarioellabrador.cl\/#website","url":"https:\/\/diarioellabrador.cl\/","name":"Diario El Labrador","description":"Haciendo noticia desde 1921","publisher":{"@id":"https:\/\/diarioellabrador.cl\/#organization"},"potentialAction":[{"@type":"SearchAction","target":{"@type":"EntryPoint","urlTemplate":"https:\/\/diarioellabrador.cl\/?s={search_term_string}"},"query-input":{"@type":"PropertyValueSpecification","valueRequired":true,"valueName":"search_term_string"}}],"inLanguage":"es"},{"@type":"Organization","@id":"https:\/\/diarioellabrador.cl\/#organization","name":"Diario El Labrador","url":"https:\/\/diarioellabrador.cl\/","logo":{"@type":"ImageObject","inLanguage":"es","@id":"https:\/\/diarioellabrador.cl\/#\/schema\/logo\/image\/","url":"https:\/\/diarioellabrador.cl\/wp-content\/uploads\/2025\/02\/cropped-Logo-Icono.png","contentUrl":"https:\/\/diarioellabrador.cl\/wp-content\/uploads\/2025\/02\/cropped-Logo-Icono.png","width":512,"height":512,"caption":"Diario El Labrador"},"image":{"@id":"https:\/\/diarioellabrador.cl\/#\/schema\/logo\/image\/"},"sameAs":["https:\/\/web.facebook.com\/profile.php?id=61576120840621","https:\/\/x.com\/ElLabradorOf","https:\/\/www.instagram.com\/diarioellabradoroficial\/"]},{"@type":"Person","@id":"https:\/\/diarioellabrador.cl\/#\/schema\/person\/bc25ff80b4563f9c7f4bd7855df01685","name":"Editor","image":{"@type":"ImageObject","inLanguage":"es","@id":"https:\/\/secure.gravatar.com\/avatar\/109c326cf2be5c04f048c2c2a2b8b6ef44bf3d8d1d3d4c55d0ac40c4bc994684?s=96&d=initials&r=g&initials=ed","url":"https:\/\/secure.gravatar.com\/avatar\/109c326cf2be5c04f048c2c2a2b8b6ef44bf3d8d1d3d4c55d0ac40c4bc994684?s=96&d=initials&r=g&initials=ed","contentUrl":"https:\/\/secure.gravatar.com\/avatar\/109c326cf2be5c04f048c2c2a2b8b6ef44bf3d8d1d3d4c55d0ac40c4bc994684?s=96&d=initials&r=g&initials=ed","caption":"Editor"},"url":"https:\/\/diarioellabrador.cl\/index.php\/author\/editor\/"}]}},"_links":{"self":[{"href":"https:\/\/diarioellabrador.cl\/index.php\/wp-json\/wp\/v2\/posts\/24307","targetHints":{"allow":["GET"]}}],"collection":[{"href":"https:\/\/diarioellabrador.cl\/index.php\/wp-json\/wp\/v2\/posts"}],"about":[{"href":"https:\/\/diarioellabrador.cl\/index.php\/wp-json\/wp\/v2\/types\/post"}],"author":[{"embeddable":true,"href":"https:\/\/diarioellabrador.cl\/index.php\/wp-json\/wp\/v2\/users\/2"}],"replies":[{"embeddable":true,"href":"https:\/\/diarioellabrador.cl\/index.php\/wp-json\/wp\/v2\/comments?post=24307"}],"version-history":[{"count":1,"href":"https:\/\/diarioellabrador.cl\/index.php\/wp-json\/wp\/v2\/posts\/24307\/revisions"}],"predecessor-version":[{"id":24308,"href":"https:\/\/diarioellabrador.cl\/index.php\/wp-json\/wp\/v2\/posts\/24307\/revisions\/24308"}],"wp:featuredmedia":[{"embeddable":true,"href":"https:\/\/diarioellabrador.cl\/index.php\/wp-json\/wp\/v2\/media\/24258"}],"wp:attachment":[{"href":"https:\/\/diarioellabrador.cl\/index.php\/wp-json\/wp\/v2\/media?parent=24307"}],"wp:term":[{"taxonomy":"category","embeddable":true,"href":"https:\/\/diarioellabrador.cl\/index.php\/wp-json\/wp\/v2\/categories?post=24307"},{"taxonomy":"post_tag","embeddable":true,"href":"https:\/\/diarioellabrador.cl\/index.php\/wp-json\/wp\/v2\/tags?post=24307"}],"curies":[{"name":"wp","href":"https:\/\/api.w.org\/{rel}","templated":true}]}}