{"id":24305,"date":"2026-08-31T18:48:53","date_gmt":"2026-08-31T22:48:53","guid":{"rendered":"https:\/\/diarioellabrador.cl\/?p=24305"},"modified":"2026-08-31T18:48:58","modified_gmt":"2026-08-31T22:48:58","slug":"directora-del-hospital-provincial-valoro-bacheado-realizado-por-la-municipalidad-de-talagante-frente-a-ese-centro-de-salud","status":"publish","type":"post","link":"https:\/\/diarioellabrador.cl\/index.php\/2026\/08\/31\/directora-del-hospital-provincial-valoro-bacheado-realizado-por-la-municipalidad-de-talagante-frente-a-ese-centro-de-salud\/","title":{"rendered":"Directora del hospital provincial valor\u00f3 bacheado realizado por la Municipalidad de Talagante frente a ese centro de salud"},"content":{"rendered":"\n<p class=\"wp-block-paragraph\">Conforme y agradecida se manifest\u00f3 la Directora del Hospital de Talagante, doctora Mar\u00eda Lorena Le\u00f3n, por los trabajos de bacheo efectuados en el transcurso de esta semana en calle Balmaceda, frente a dicho establecimiento de salud.&nbsp; En tal sentido, la facultativa destac\u00f3 la importancia de las labores efectuadas por la Municipalidad de Talagante, por el impacto positivo que tiene un pavimento en buen estado al ingreso de un centro hospitalario, tanto para los veh\u00edculos de emergencia, como para el p\u00fablico usuario.<\/p>\n\n\n\n<p class=\"wp-block-paragraph\">\u201cAgradecemos al municipio de Talagante porque, efectivamente, hay varios eventos, baches, que interrump\u00edan el tr\u00e1nsito, que produc\u00edan efectos negativos para los veh\u00edculos que ingresaban, tambi\u00e9n para nuestros veh\u00edculos de emergencia, que en general no tienen muchas posibilidades de maniobrar (\u2026), por lo tanto, nos produc\u00edan efectos negativos para nuestros veh\u00edculos y para los pacientes que ven\u00edan a nuestro hospital\u201d, se\u00f1al\u00f3 la Directora del Hospital de Talagante.<\/p>\n\n\n\n<p class=\"wp-block-paragraph\">Por su parte, el Director de Tr\u00e1nsito de la Municipalidad de Talagante, Jos\u00e9 Olivares, se\u00f1al\u00f3 que esa unidad desarrolla un programa de bacheo en la comuna con recursos propios, destinados por el Alcalde Sebasti\u00e1n Rosas, con el prop\u00f3sito de subsanar la infraestructura vial da\u00f1ada por el paso del tiempo y distintas situaciones.&nbsp; \u201cHemos abarcado distintos puntos de la comuna reparando, a consecuencia de las \u00faltimas lluvias, por cual despu\u00e9s de la lluvia aparecen bastantes baches.&nbsp; El agua produce bastante da\u00f1o sobre los pavimentos\u201d, precis\u00f3 al respecto el director de la Municipalidad de Talagante.<\/p>\n\n\n\n<p class=\"wp-block-paragraph\">Seguidamente, la Directora del Hospital se\u00f1al\u00f3 que no es la primera vez que la Municipalidad de Talagante concurre a mejorar la vialidad en este tramo.&nbsp; \u201cTambi\u00e9n tenemos claridad de que hemos tenido respuestas del municipio, porque pedimos un lomo de toro, que para algunos no es muy bueno porque detiene un poco el tr\u00e1nsito, pero la idea, justamente, era que tuvi\u00e9ramos un paso peatonal, porque tenemos mucha gente que estaciona en otros lugares, no dentro del hospital o gente que viene en locomoci\u00f3n colectiva, en veh\u00edculos particulares, y era bien peligroso para ellos atravesar\u201d, recapitul\u00f3 la Doctora Mar\u00eda Lorena Le\u00f3n.<\/p>\n\n\n\n<p class=\"wp-block-paragraph\">Los trabajos, frente al Hospital de Talagante, se ejecutaron al comienzo de la semana y cumplieron plenamente su objetivo desde el municipio y desde este centro asistencial.&nbsp; \u201cEstamos muy contentos, muy conformes, y agradecidos con la municipalidad por estar pensando en nosotros y en nuestros usuarios\u201d, sentenci\u00f3n la doctora Mar\u00eda Lorena Le\u00f3n, Directora del Hospital de Talagante.<\/p>\n\n\n\n<p class=\"wp-block-paragraph\"><strong><em>Gentileza Talaganteonline.cl<\/em><\/strong><\/p>\n\n\n\n<p class=\"wp-block-paragraph\"><\/p>\n","protected":false},"excerpt":{"rendered":"<p>Conforme y agradecida se manifest\u00f3 la Directora del Hospital de Talagante, doctora Mar\u00eda Lorena Le\u00f3n, por los trabajos de bacheo efectuados en el transcurso de esta semana en calle Balmaceda, frente a dicho establecimiento de salud.&nbsp; En tal sentido, la facultativa destac\u00f3 la importancia de las labores efectuadas por la Municipalidad de Talagante, por el<\/p>\n<div class=\"read-more-wrapper\"><a class=\"read-more\" href=\"https:\/\/diarioellabrador.cl\/index.php\/2026\/08\/31\/directora-del-hospital-provincial-valoro-bacheado-realizado-por-la-municipalidad-de-talagante-frente-a-ese-centro-de-salud\/\" title=\"Leer m\u00e1s\"> <span class=\"button \">Leer m\u00e1s<\/span><\/a><\/div>\n","protected":false},"author":2,"featured_media":24261,"comment_status":"open","ping_status":"open","sticky":false,"template":"","format":"standard","meta":{"footnotes":"","_members_access_role":[],"_members_access_error":""},"categories":[1],"tags":[],"class_list":["post-24305","post","type-post","status-publish","format-standard","has-post-thumbnail","hentry","category-cronica"],"yoast_head":"<!-- This site is optimized with the Yoast SEO plugin v28.4 - https:\/\/yoast.com\/product\/yoast-seo-wordpress\/ -->\n<title>Directora del hospital provincial valor\u00f3 bacheado realizado por la Municipalidad de Talagante frente a ese centro de salud - Diario El Labrador<\/title>\n<meta name=\"robots\" content=\"index, follow, max-snippet:-1, max-image-preview:large, max-video-preview:-1\" \/>\n<link rel=\"canonical\" href=\"https:\/\/diarioellabrador.cl\/index.php\/2026\/08\/31\/directora-del-hospital-provincial-valoro-bacheado-realizado-por-la-municipalidad-de-talagante-frente-a-ese-centro-de-salud\/\" \/>\n<meta property=\"og:locale\" content=\"es_ES\" \/>\n<meta property=\"og:type\" content=\"article\" \/>\n<meta property=\"og:title\" content=\"Directora del hospital provincial valor\u00f3 bacheado realizado por la Municipalidad de Talagante frente a ese centro de salud - Diario El Labrador\" \/>\n<meta property=\"og:description\" content=\"Conforme y agradecida se manifest\u00f3 la Directora del Hospital de Talagante, doctora Mar\u00eda Lorena Le\u00f3n, por los trabajos de bacheo efectuados en el transcurso de esta semana en calle Balmaceda, frente a dicho establecimiento de salud.&nbsp; En tal sentido, la facultativa destac\u00f3 la importancia de las labores efectuadas por la Municipalidad de Talagante, por el Leer m\u00e1s\" \/>\n<meta property=\"og:url\" content=\"https:\/\/diarioellabrador.cl\/index.php\/2026\/08\/31\/directora-del-hospital-provincial-valoro-bacheado-realizado-por-la-municipalidad-de-talagante-frente-a-ese-centro-de-salud\/\" \/>\n<meta property=\"og:site_name\" content=\"Diario El Labrador\" \/>\n<meta property=\"article:publisher\" content=\"https:\/\/web.facebook.com\/profile.php?id=61576120840621\" \/>\n<meta property=\"article:published_time\" content=\"2026-08-31T22:48:53+00:00\" \/>\n<meta property=\"article:modified_time\" content=\"2026-08-31T22:48:58+00:00\" \/>\n<meta property=\"og:image\" content=\"https:\/\/diarioellabrador.cl\/wp-content\/uploads\/2026\/08\/Directora-del-hospital-provincial-valoro-bacheado-realizado-por-la-municipalidad-de-Talagante-frente-a-ese-centro-de-salud.jpg\" \/>\n\t<meta property=\"og:image:width\" content=\"840\" \/>\n\t<meta property=\"og:image:height\" content=\"500\" \/>\n\t<meta property=\"og:image:type\" content=\"image\/jpeg\" \/>\n<meta name=\"author\" content=\"Editor\" \/>\n<meta name=\"twitter:card\" content=\"summary_large_image\" \/>\n<meta name=\"twitter:creator\" content=\"@ElLabradorOf\" \/>\n<meta name=\"twitter:site\" content=\"@ElLabradorOf\" \/>\n<meta name=\"twitter:label1\" content=\"Escrito por\" \/>\n\t<meta name=\"twitter:data1\" content=\"Editor\" \/>\n\t<meta name=\"twitter:label2\" content=\"Tiempo de lectura\" \/>\n\t<meta name=\"twitter:data2\" content=\"3 minutos\" \/>\n<script type=\"application\/ld+json\" class=\"yoast-schema-graph\">{\"@context\":\"https:\\\/\\\/schema.org\",\"@graph\":[{\"@type\":\"Article\",\"@id\":\"https:\\\/\\\/diarioellabrador.cl\\\/index.php\\\/2026\\\/08\\\/31\\\/directora-del-hospital-provincial-valoro-bacheado-realizado-por-la-municipalidad-de-talagante-frente-a-ese-centro-de-salud\\\/#article\",\"isPartOf\":{\"@id\":\"https:\\\/\\\/diarioellabrador.cl\\\/index.php\\\/2026\\\/08\\\/31\\\/directora-del-hospital-provincial-valoro-bacheado-realizado-por-la-municipalidad-de-talagante-frente-a-ese-centro-de-salud\\\/\"},\"author\":{\"name\":\"Editor\",\"@id\":\"https:\\\/\\\/diarioellabrador.cl\\\/#\\\/schema\\\/person\\\/bc25ff80b4563f9c7f4bd7855df01685\"},\"headline\":\"Directora del hospital provincial valor\u00f3 bacheado realizado por la Municipalidad de Talagante frente a ese centro de salud\",\"datePublished\":\"2026-08-31T22:48:53+00:00\",\"dateModified\":\"2026-08-31T22:48:58+00:00\",\"mainEntityOfPage\":{\"@id\":\"https:\\\/\\\/diarioellabrador.cl\\\/index.php\\\/2026\\\/08\\\/31\\\/directora-del-hospital-provincial-valoro-bacheado-realizado-por-la-municipalidad-de-talagante-frente-a-ese-centro-de-salud\\\/\"},\"wordCount\":454,\"commentCount\":0,\"publisher\":{\"@id\":\"https:\\\/\\\/diarioellabrador.cl\\\/#organization\"},\"image\":{\"@id\":\"https:\\\/\\\/diarioellabrador.cl\\\/index.php\\\/2026\\\/08\\\/31\\\/directora-del-hospital-provincial-valoro-bacheado-realizado-por-la-municipalidad-de-talagante-frente-a-ese-centro-de-salud\\\/#primaryimage\"},\"thumbnailUrl\":\"https:\\\/\\\/diarioellabrador.cl\\\/wp-content\\\/uploads\\\/2026\\\/08\\\/Directora-del-hospital-provincial-valoro-bacheado-realizado-por-la-municipalidad-de-Talagante-frente-a-ese-centro-de-salud.jpg\",\"articleSection\":[\"Cr\u00f3nica\"],\"inLanguage\":\"es\",\"potentialAction\":[{\"@type\":\"CommentAction\",\"name\":\"Comment\",\"target\":[\"https:\\\/\\\/diarioellabrador.cl\\\/index.php\\\/2026\\\/08\\\/31\\\/directora-del-hospital-provincial-valoro-bacheado-realizado-por-la-municipalidad-de-talagante-frente-a-ese-centro-de-salud\\\/#respond\"]}]},{\"@type\":\"WebPage\",\"@id\":\"https:\\\/\\\/diarioellabrador.cl\\\/index.php\\\/2026\\\/08\\\/31\\\/directora-del-hospital-provincial-valoro-bacheado-realizado-por-la-municipalidad-de-talagante-frente-a-ese-centro-de-salud\\\/\",\"url\":\"https:\\\/\\\/diarioellabrador.cl\\\/index.php\\\/2026\\\/08\\\/31\\\/directora-del-hospital-provincial-valoro-bacheado-realizado-por-la-municipalidad-de-talagante-frente-a-ese-centro-de-salud\\\/\",\"name\":\"Directora del hospital provincial valor\u00f3 bacheado realizado por la Municipalidad de Talagante frente a ese centro de salud - Diario El Labrador\",\"isPartOf\":{\"@id\":\"https:\\\/\\\/diarioellabrador.cl\\\/#website\"},\"primaryImageOfPage\":{\"@id\":\"https:\\\/\\\/diarioellabrador.cl\\\/index.php\\\/2026\\\/08\\\/31\\\/directora-del-hospital-provincial-valoro-bacheado-realizado-por-la-municipalidad-de-talagante-frente-a-ese-centro-de-salud\\\/#primaryimage\"},\"image\":{\"@id\":\"https:\\\/\\\/diarioellabrador.cl\\\/index.php\\\/2026\\\/08\\\/31\\\/directora-del-hospital-provincial-valoro-bacheado-realizado-por-la-municipalidad-de-talagante-frente-a-ese-centro-de-salud\\\/#primaryimage\"},\"thumbnailUrl\":\"https:\\\/\\\/diarioellabrador.cl\\\/wp-content\\\/uploads\\\/2026\\\/08\\\/Directora-del-hospital-provincial-valoro-bacheado-realizado-por-la-municipalidad-de-Talagante-frente-a-ese-centro-de-salud.jpg\",\"datePublished\":\"2026-08-31T22:48:53+00:00\",\"dateModified\":\"2026-08-31T22:48:58+00:00\",\"breadcrumb\":{\"@id\":\"https:\\\/\\\/diarioellabrador.cl\\\/index.php\\\/2026\\\/08\\\/31\\\/directora-del-hospital-provincial-valoro-bacheado-realizado-por-la-municipalidad-de-talagante-frente-a-ese-centro-de-salud\\\/#breadcrumb\"},\"inLanguage\":\"es\",\"potentialAction\":[{\"@type\":\"ReadAction\",\"target\":[\"https:\\\/\\\/diarioellabrador.cl\\\/index.php\\\/2026\\\/08\\\/31\\\/directora-del-hospital-provincial-valoro-bacheado-realizado-por-la-municipalidad-de-talagante-frente-a-ese-centro-de-salud\\\/\"]}]},{\"@type\":\"ImageObject\",\"inLanguage\":\"es\",\"@id\":\"https:\\\/\\\/diarioellabrador.cl\\\/index.php\\\/2026\\\/08\\\/31\\\/directora-del-hospital-provincial-valoro-bacheado-realizado-por-la-municipalidad-de-talagante-frente-a-ese-centro-de-salud\\\/#primaryimage\",\"url\":\"https:\\\/\\\/diarioellabrador.cl\\\/wp-content\\\/uploads\\\/2026\\\/08\\\/Directora-del-hospital-provincial-valoro-bacheado-realizado-por-la-municipalidad-de-Talagante-frente-a-ese-centro-de-salud.jpg\",\"contentUrl\":\"https:\\\/\\\/diarioellabrador.cl\\\/wp-content\\\/uploads\\\/2026\\\/08\\\/Directora-del-hospital-provincial-valoro-bacheado-realizado-por-la-municipalidad-de-Talagante-frente-a-ese-centro-de-salud.jpg\",\"width\":840,\"height\":500},{\"@type\":\"BreadcrumbList\",\"@id\":\"https:\\\/\\\/diarioellabrador.cl\\\/index.php\\\/2026\\\/08\\\/31\\\/directora-del-hospital-provincial-valoro-bacheado-realizado-por-la-municipalidad-de-talagante-frente-a-ese-centro-de-salud\\\/#breadcrumb\",\"itemListElement\":[{\"@type\":\"ListItem\",\"position\":1,\"name\":\"Portada\",\"item\":\"https:\\\/\\\/diarioellabrador.cl\\\/\"},{\"@type\":\"ListItem\",\"position\":2,\"name\":\"Directora del hospital provincial valor\u00f3 bacheado realizado por la Municipalidad de Talagante frente a ese centro de salud\"}]},{\"@type\":\"WebSite\",\"@id\":\"https:\\\/\\\/diarioellabrador.cl\\\/#website\",\"url\":\"https:\\\/\\\/diarioellabrador.cl\\\/\",\"name\":\"Diario El Labrador\",\"description\":\"Haciendo noticia desde 1921\",\"publisher\":{\"@id\":\"https:\\\/\\\/diarioellabrador.cl\\\/#organization\"},\"potentialAction\":[{\"@type\":\"SearchAction\",\"target\":{\"@type\":\"EntryPoint\",\"urlTemplate\":\"https:\\\/\\\/diarioellabrador.cl\\\/?s={search_term_string}\"},\"query-input\":{\"@type\":\"PropertyValueSpecification\",\"valueRequired\":true,\"valueName\":\"search_term_string\"}}],\"inLanguage\":\"es\"},{\"@type\":\"Organization\",\"@id\":\"https:\\\/\\\/diarioellabrador.cl\\\/#organization\",\"name\":\"Diario El Labrador\",\"url\":\"https:\\\/\\\/diarioellabrador.cl\\\/\",\"logo\":{\"@type\":\"ImageObject\",\"inLanguage\":\"es\",\"@id\":\"https:\\\/\\\/diarioellabrador.cl\\\/#\\\/schema\\\/logo\\\/image\\\/\",\"url\":\"https:\\\/\\\/diarioellabrador.cl\\\/wp-content\\\/uploads\\\/2025\\\/02\\\/cropped-Logo-Icono.png\",\"contentUrl\":\"https:\\\/\\\/diarioellabrador.cl\\\/wp-content\\\/uploads\\\/2025\\\/02\\\/cropped-Logo-Icono.png\",\"width\":512,\"height\":512,\"caption\":\"Diario El Labrador\"},\"image\":{\"@id\":\"https:\\\/\\\/diarioellabrador.cl\\\/#\\\/schema\\\/logo\\\/image\\\/\"},\"sameAs\":[\"https:\\\/\\\/web.facebook.com\\\/profile.php?id=61576120840621\",\"https:\\\/\\\/x.com\\\/ElLabradorOf\",\"https:\\\/\\\/www.instagram.com\\\/diarioellabradoroficial\\\/\"]},{\"@type\":\"Person\",\"@id\":\"https:\\\/\\\/diarioellabrador.cl\\\/#\\\/schema\\\/person\\\/bc25ff80b4563f9c7f4bd7855df01685\",\"name\":\"Editor\",\"image\":{\"@type\":\"ImageObject\",\"inLanguage\":\"es\",\"@id\":\"https:\\\/\\\/secure.gravatar.com\\\/avatar\\\/109c326cf2be5c04f048c2c2a2b8b6ef44bf3d8d1d3d4c55d0ac40c4bc994684?s=96&d=initials&r=g&initials=ed\",\"url\":\"https:\\\/\\\/secure.gravatar.com\\\/avatar\\\/109c326cf2be5c04f048c2c2a2b8b6ef44bf3d8d1d3d4c55d0ac40c4bc994684?s=96&d=initials&r=g&initials=ed\",\"contentUrl\":\"https:\\\/\\\/secure.gravatar.com\\\/avatar\\\/109c326cf2be5c04f048c2c2a2b8b6ef44bf3d8d1d3d4c55d0ac40c4bc994684?s=96&d=initials&r=g&initials=ed\",\"caption\":\"Editor\"},\"url\":\"https:\\\/\\\/diarioellabrador.cl\\\/index.php\\\/author\\\/editor\\\/\"}]}<\/script>\n<!-- \/ Yoast SEO plugin. -->","yoast_head_json":{"title":"Directora del hospital provincial valor\u00f3 bacheado realizado por la Municipalidad de Talagante frente a ese centro de salud - Diario El Labrador","robots":{"index":"index","follow":"follow","max-snippet":"max-snippet:-1","max-image-preview":"max-image-preview:large","max-video-preview":"max-video-preview:-1"},"canonical":"https:\/\/diarioellabrador.cl\/index.php\/2026\/08\/31\/directora-del-hospital-provincial-valoro-bacheado-realizado-por-la-municipalidad-de-talagante-frente-a-ese-centro-de-salud\/","og_locale":"es_ES","og_type":"article","og_title":"Directora del hospital provincial valor\u00f3 bacheado realizado por la Municipalidad de Talagante frente a ese centro de salud - Diario El Labrador","og_description":"Conforme y agradecida se manifest\u00f3 la Directora del Hospital de Talagante, doctora Mar\u00eda Lorena Le\u00f3n, por los trabajos de bacheo efectuados en el transcurso de esta semana en calle Balmaceda, frente a dicho establecimiento de salud.&nbsp; En tal sentido, la facultativa destac\u00f3 la importancia de las labores efectuadas por la Municipalidad de Talagante, por el Leer m\u00e1s","og_url":"https:\/\/diarioellabrador.cl\/index.php\/2026\/08\/31\/directora-del-hospital-provincial-valoro-bacheado-realizado-por-la-municipalidad-de-talagante-frente-a-ese-centro-de-salud\/","og_site_name":"Diario El Labrador","article_publisher":"https:\/\/web.facebook.com\/profile.php?id=61576120840621","article_published_time":"2026-08-31T22:48:53+00:00","article_modified_time":"2026-08-31T22:48:58+00:00","og_image":[{"width":840,"height":500,"url":"https:\/\/diarioellabrador.cl\/wp-content\/uploads\/2026\/08\/Directora-del-hospital-provincial-valoro-bacheado-realizado-por-la-municipalidad-de-Talagante-frente-a-ese-centro-de-salud.jpg","type":"image\/jpeg"}],"author":"Editor","twitter_card":"summary_large_image","twitter_creator":"@ElLabradorOf","twitter_site":"@ElLabradorOf","twitter_misc":{"Escrito por":"Editor","Tiempo de lectura":"3 minutos"},"schema":{"@context":"https:\/\/schema.org","@graph":[{"@type":"Article","@id":"https:\/\/diarioellabrador.cl\/index.php\/2026\/08\/31\/directora-del-hospital-provincial-valoro-bacheado-realizado-por-la-municipalidad-de-talagante-frente-a-ese-centro-de-salud\/#article","isPartOf":{"@id":"https:\/\/diarioellabrador.cl\/index.php\/2026\/08\/31\/directora-del-hospital-provincial-valoro-bacheado-realizado-por-la-municipalidad-de-talagante-frente-a-ese-centro-de-salud\/"},"author":{"name":"Editor","@id":"https:\/\/diarioellabrador.cl\/#\/schema\/person\/bc25ff80b4563f9c7f4bd7855df01685"},"headline":"Directora del hospital provincial valor\u00f3 bacheado realizado por la Municipalidad de Talagante frente a ese centro de salud","datePublished":"2026-08-31T22:48:53+00:00","dateModified":"2026-08-31T22:48:58+00:00","mainEntityOfPage":{"@id":"https:\/\/diarioellabrador.cl\/index.php\/2026\/08\/31\/directora-del-hospital-provincial-valoro-bacheado-realizado-por-la-municipalidad-de-talagante-frente-a-ese-centro-de-salud\/"},"wordCount":454,"commentCount":0,"publisher":{"@id":"https:\/\/diarioellabrador.cl\/#organization"},"image":{"@id":"https:\/\/diarioellabrador.cl\/index.php\/2026\/08\/31\/directora-del-hospital-provincial-valoro-bacheado-realizado-por-la-municipalidad-de-talagante-frente-a-ese-centro-de-salud\/#primaryimage"},"thumbnailUrl":"https:\/\/diarioellabrador.cl\/wp-content\/uploads\/2026\/08\/Directora-del-hospital-provincial-valoro-bacheado-realizado-por-la-municipalidad-de-Talagante-frente-a-ese-centro-de-salud.jpg","articleSection":["Cr\u00f3nica"],"inLanguage":"es","potentialAction":[{"@type":"CommentAction","name":"Comment","target":["https:\/\/diarioellabrador.cl\/index.php\/2026\/08\/31\/directora-del-hospital-provincial-valoro-bacheado-realizado-por-la-municipalidad-de-talagante-frente-a-ese-centro-de-salud\/#respond"]}]},{"@type":"WebPage","@id":"https:\/\/diarioellabrador.cl\/index.php\/2026\/08\/31\/directora-del-hospital-provincial-valoro-bacheado-realizado-por-la-municipalidad-de-talagante-frente-a-ese-centro-de-salud\/","url":"https:\/\/diarioellabrador.cl\/index.php\/2026\/08\/31\/directora-del-hospital-provincial-valoro-bacheado-realizado-por-la-municipalidad-de-talagante-frente-a-ese-centro-de-salud\/","name":"Directora del hospital provincial valor\u00f3 bacheado realizado por la Municipalidad de Talagante frente a ese centro de salud - Diario El Labrador","isPartOf":{"@id":"https:\/\/diarioellabrador.cl\/#website"},"primaryImageOfPage":{"@id":"https:\/\/diarioellabrador.cl\/index.php\/2026\/08\/31\/directora-del-hospital-provincial-valoro-bacheado-realizado-por-la-municipalidad-de-talagante-frente-a-ese-centro-de-salud\/#primaryimage"},"image":{"@id":"https:\/\/diarioellabrador.cl\/index.php\/2026\/08\/31\/directora-del-hospital-provincial-valoro-bacheado-realizado-por-la-municipalidad-de-talagante-frente-a-ese-centro-de-salud\/#primaryimage"},"thumbnailUrl":"https:\/\/diarioellabrador.cl\/wp-content\/uploads\/2026\/08\/Directora-del-hospital-provincial-valoro-bacheado-realizado-por-la-municipalidad-de-Talagante-frente-a-ese-centro-de-salud.jpg","datePublished":"2026-08-31T22:48:53+00:00","dateModified":"2026-08-31T22:48:58+00:00","breadcrumb":{"@id":"https:\/\/diarioellabrador.cl\/index.php\/2026\/08\/31\/directora-del-hospital-provincial-valoro-bacheado-realizado-por-la-municipalidad-de-talagante-frente-a-ese-centro-de-salud\/#breadcrumb"},"inLanguage":"es","potentialAction":[{"@type":"ReadAction","target":["https:\/\/diarioellabrador.cl\/index.php\/2026\/08\/31\/directora-del-hospital-provincial-valoro-bacheado-realizado-por-la-municipalidad-de-talagante-frente-a-ese-centro-de-salud\/"]}]},{"@type":"ImageObject","inLanguage":"es","@id":"https:\/\/diarioellabrador.cl\/index.php\/2026\/08\/31\/directora-del-hospital-provincial-valoro-bacheado-realizado-por-la-municipalidad-de-talagante-frente-a-ese-centro-de-salud\/#primaryimage","url":"https:\/\/diarioellabrador.cl\/wp-content\/uploads\/2026\/08\/Directora-del-hospital-provincial-valoro-bacheado-realizado-por-la-municipalidad-de-Talagante-frente-a-ese-centro-de-salud.jpg","contentUrl":"https:\/\/diarioellabrador.cl\/wp-content\/uploads\/2026\/08\/Directora-del-hospital-provincial-valoro-bacheado-realizado-por-la-municipalidad-de-Talagante-frente-a-ese-centro-de-salud.jpg","width":840,"height":500},{"@type":"BreadcrumbList","@id":"https:\/\/diarioellabrador.cl\/index.php\/2026\/08\/31\/directora-del-hospital-provincial-valoro-bacheado-realizado-por-la-municipalidad-de-talagante-frente-a-ese-centro-de-salud\/#breadcrumb","itemListElement":[{"@type":"ListItem","position":1,"name":"Portada","item":"https:\/\/diarioellabrador.cl\/"},{"@type":"ListItem","position":2,"name":"Directora del hospital provincial valor\u00f3 bacheado realizado por la Municipalidad de Talagante frente a ese centro de salud"}]},{"@type":"WebSite","@id":"https:\/\/diarioellabrador.cl\/#website","url":"https:\/\/diarioellabrador.cl\/","name":"Diario El Labrador","description":"Haciendo noticia desde 1921","publisher":{"@id":"https:\/\/diarioellabrador.cl\/#organization"},"potentialAction":[{"@type":"SearchAction","target":{"@type":"EntryPoint","urlTemplate":"https:\/\/diarioellabrador.cl\/?s={search_term_string}"},"query-input":{"@type":"PropertyValueSpecification","valueRequired":true,"valueName":"search_term_string"}}],"inLanguage":"es"},{"@type":"Organization","@id":"https:\/\/diarioellabrador.cl\/#organization","name":"Diario El Labrador","url":"https:\/\/diarioellabrador.cl\/","logo":{"@type":"ImageObject","inLanguage":"es","@id":"https:\/\/diarioellabrador.cl\/#\/schema\/logo\/image\/","url":"https:\/\/diarioellabrador.cl\/wp-content\/uploads\/2025\/02\/cropped-Logo-Icono.png","contentUrl":"https:\/\/diarioellabrador.cl\/wp-content\/uploads\/2025\/02\/cropped-Logo-Icono.png","width":512,"height":512,"caption":"Diario El Labrador"},"image":{"@id":"https:\/\/diarioellabrador.cl\/#\/schema\/logo\/image\/"},"sameAs":["https:\/\/web.facebook.com\/profile.php?id=61576120840621","https:\/\/x.com\/ElLabradorOf","https:\/\/www.instagram.com\/diarioellabradoroficial\/"]},{"@type":"Person","@id":"https:\/\/diarioellabrador.cl\/#\/schema\/person\/bc25ff80b4563f9c7f4bd7855df01685","name":"Editor","image":{"@type":"ImageObject","inLanguage":"es","@id":"https:\/\/secure.gravatar.com\/avatar\/109c326cf2be5c04f048c2c2a2b8b6ef44bf3d8d1d3d4c55d0ac40c4bc994684?s=96&d=initials&r=g&initials=ed","url":"https:\/\/secure.gravatar.com\/avatar\/109c326cf2be5c04f048c2c2a2b8b6ef44bf3d8d1d3d4c55d0ac40c4bc994684?s=96&d=initials&r=g&initials=ed","contentUrl":"https:\/\/secure.gravatar.com\/avatar\/109c326cf2be5c04f048c2c2a2b8b6ef44bf3d8d1d3d4c55d0ac40c4bc994684?s=96&d=initials&r=g&initials=ed","caption":"Editor"},"url":"https:\/\/diarioellabrador.cl\/index.php\/author\/editor\/"}]}},"_links":{"self":[{"href":"https:\/\/diarioellabrador.cl\/index.php\/wp-json\/wp\/v2\/posts\/24305","targetHints":{"allow":["GET"]}}],"collection":[{"href":"https:\/\/diarioellabrador.cl\/index.php\/wp-json\/wp\/v2\/posts"}],"about":[{"href":"https:\/\/diarioellabrador.cl\/index.php\/wp-json\/wp\/v2\/types\/post"}],"author":[{"embeddable":true,"href":"https:\/\/diarioellabrador.cl\/index.php\/wp-json\/wp\/v2\/users\/2"}],"replies":[{"embeddable":true,"href":"https:\/\/diarioellabrador.cl\/index.php\/wp-json\/wp\/v2\/comments?post=24305"}],"version-history":[{"count":1,"href":"https:\/\/diarioellabrador.cl\/index.php\/wp-json\/wp\/v2\/posts\/24305\/revisions"}],"predecessor-version":[{"id":24306,"href":"https:\/\/diarioellabrador.cl\/index.php\/wp-json\/wp\/v2\/posts\/24305\/revisions\/24306"}],"wp:featuredmedia":[{"embeddable":true,"href":"https:\/\/diarioellabrador.cl\/index.php\/wp-json\/wp\/v2\/media\/24261"}],"wp:attachment":[{"href":"https:\/\/diarioellabrador.cl\/index.php\/wp-json\/wp\/v2\/media?parent=24305"}],"wp:term":[{"taxonomy":"category","embeddable":true,"href":"https:\/\/diarioellabrador.cl\/index.php\/wp-json\/wp\/v2\/categories?post=24305"},{"taxonomy":"post_tag","embeddable":true,"href":"https:\/\/diarioellabrador.cl\/index.php\/wp-json\/wp\/v2\/tags?post=24305"}],"curies":[{"name":"wp","href":"https:\/\/api.w.org\/{rel}","templated":true}]}}