{"id":24301,"date":"2026-08-31T18:47:17","date_gmt":"2026-08-31T22:47:17","guid":{"rendered":"https:\/\/diarioellabrador.cl\/?p=24301"},"modified":"2026-08-31T19:02:17","modified_gmt":"2026-08-31T23:02:17","slug":"balance-policial-homicidios-bajan-172-en-lo-que-va-de-2026-y-captura-de-profugos-aumenta-82","status":"publish","type":"post","link":"https:\/\/diarioellabrador.cl\/index.php\/2026\/08\/31\/balance-policial-homicidios-bajan-172-en-lo-que-va-de-2026-y-captura-de-profugos-aumenta-82\/","title":{"rendered":"Balance policial: homicidios bajan 17,2% en lo que va de 2026 y captura de pr\u00f3fugos aumenta 82%"},"content":{"rendered":"\n<p class=\"wp-block-paragraph\">El ministro de Seguridad, Mart\u00edn Arrau, encabez\u00f3 un nuevo <strong>comit\u00e9 policial<\/strong> junto a Carabineros y la Polic\u00eda de Investigaciones (PDI), instancia en la que revisaron los principales indicadores delictuales y los resultados de los operativos realizados durante la \u00faltima semana.<\/p>\n\n\n\n<p class=\"wp-block-paragraph\">De acuerdo con el balance entregado por el gobierno, <strong>los homicidios registran una disminuci\u00f3n preliminar de 17,2% en lo que va del a\u00f1o<\/strong>, en comparaci\u00f3n con el mismo periodo de 2025. La baja equivale a 117 casos menos.<\/p>\n\n\n\n<p class=\"wp-block-paragraph\">En paralelo, <strong>los robos violentos disminuyeron 13,2%<\/strong>, lo que representa 8.943 casos menos respecto del periodo anterior.<\/p>\n\n\n\n<p class=\"wp-block-paragraph\">Otro de los indicadores destacados por el Ejecutivo corresponde a la incautaci\u00f3n de drogas. Seg\u00fan las cifras expuestas en el comit\u00e9 policial, durante el periodo analizado se han incautado 93.939 kilos de droga, un aumento de 65,4% frente al mismo periodo anterior.<\/p>\n\n\n\n<p class=\"wp-block-paragraph\">Desde La Moneda tambi\u00e9n se report\u00f3 una ca\u00edda de <strong>86,8%<\/strong> en los ingresos irregulares por pasos no habilitados, mientras que los eventos asociados a violencia y terrorismo en la Macrozona Sur disminuyeron 22,3%.<\/p>\n\n\n\n<p class=\"wp-block-paragraph\">\u201cTodos estos indicadores siguen de manera positiva a la baja los negativos y al alza los positivos, como la incautaci\u00f3n de droga\u201d, dijo el ministro Arrau.<\/p>\n\n\n\n<h2 class=\"wp-block-heading\">188 pr\u00f3fugos detenidos en una semana<\/h2>\n\n\n\n<p class=\"wp-block-paragraph\">Entre los resultados policiales destacados tambi\u00e9n se encuentra <strong>la detenci\u00f3n de 188 pr\u00f3fugos de la justicia<\/strong> durante operativos especiales realizados entre martes y jueves.<\/p>\n\n\n\n<p class=\"wp-block-paragraph\">A nivel acumulado, Carabineros registra 1.295 pr\u00f3fugos capturados durante este a\u00f1o por el Departamento de Encargo y B\u00fasqueda de Personas y Veh\u00edculos (SEBV), cifra que representa un 82% m\u00e1s que en igual periodo del a\u00f1o anterior.<\/p>\n\n\n\n<p class=\"wp-block-paragraph\"><\/p>\n","protected":false},"excerpt":{"rendered":"<p>El ministro de Seguridad, Mart\u00edn Arrau, encabez\u00f3 un nuevo comit\u00e9 policial junto a Carabineros y la Polic\u00eda de Investigaciones (PDI), instancia en la que revisaron los principales indicadores delictuales y los resultados de los operativos realizados durante la \u00faltima semana. De acuerdo con el balance entregado por el gobierno, los homicidios registran una disminuci\u00f3n preliminar<\/p>\n<div class=\"read-more-wrapper\"><a class=\"read-more\" href=\"https:\/\/diarioellabrador.cl\/index.php\/2026\/08\/31\/balance-policial-homicidios-bajan-172-en-lo-que-va-de-2026-y-captura-de-profugos-aumenta-82\/\" title=\"Leer m\u00e1s\"> <span class=\"button \">Leer m\u00e1s<\/span><\/a><\/div>\n","protected":false},"author":2,"featured_media":24264,"comment_status":"open","ping_status":"open","sticky":false,"template":"","format":"standard","meta":{"footnotes":"","_members_access_role":[],"_members_access_error":""},"categories":[1],"tags":[],"class_list":["post-24301","post","type-post","status-publish","format-standard","has-post-thumbnail","hentry","category-cronica"],"yoast_head":"<!-- This site is optimized with the Yoast SEO plugin v28.4 - https:\/\/yoast.com\/product\/yoast-seo-wordpress\/ -->\n<title>Balance policial: homicidios bajan 17,2% en lo que va de 2026 y captura de pr\u00f3fugos aumenta 82% - Diario El Labrador<\/title>\n<meta name=\"robots\" content=\"index, follow, max-snippet:-1, max-image-preview:large, max-video-preview:-1\" \/>\n<link rel=\"canonical\" href=\"https:\/\/diarioellabrador.cl\/index.php\/2026\/08\/31\/balance-policial-homicidios-bajan-172-en-lo-que-va-de-2026-y-captura-de-profugos-aumenta-82\/\" \/>\n<meta property=\"og:locale\" content=\"es_ES\" \/>\n<meta property=\"og:type\" content=\"article\" \/>\n<meta property=\"og:title\" content=\"Balance policial: homicidios bajan 17,2% en lo que va de 2026 y captura de pr\u00f3fugos aumenta 82% - Diario El Labrador\" \/>\n<meta property=\"og:description\" content=\"El ministro de Seguridad, Mart\u00edn Arrau, encabez\u00f3 un nuevo comit\u00e9 policial junto a Carabineros y la Polic\u00eda de Investigaciones (PDI), instancia en la que revisaron los principales indicadores delictuales y los resultados de los operativos realizados durante la \u00faltima semana. De acuerdo con el balance entregado por el gobierno, los homicidios registran una disminuci\u00f3n preliminar Leer m\u00e1s\" \/>\n<meta property=\"og:url\" content=\"https:\/\/diarioellabrador.cl\/index.php\/2026\/08\/31\/balance-policial-homicidios-bajan-172-en-lo-que-va-de-2026-y-captura-de-profugos-aumenta-82\/\" \/>\n<meta property=\"og:site_name\" content=\"Diario El Labrador\" \/>\n<meta property=\"article:publisher\" content=\"https:\/\/web.facebook.com\/profile.php?id=61576120840621\" \/>\n<meta property=\"article:published_time\" content=\"2026-08-31T22:47:17+00:00\" \/>\n<meta property=\"article:modified_time\" content=\"2026-08-31T23:02:17+00:00\" \/>\n<meta property=\"og:image\" content=\"https:\/\/diarioellabrador.cl\/wp-content\/uploads\/2026\/08\/Balance-policial-homicidios-bajan-172-en-lo-que-va-de-2026-y-captura-de-profugos-aumenta-82.jpg\" \/>\n\t<meta property=\"og:image:width\" content=\"800\" \/>\n\t<meta property=\"og:image:height\" content=\"505\" \/>\n\t<meta property=\"og:image:type\" content=\"image\/jpeg\" \/>\n<meta name=\"author\" content=\"Editor\" \/>\n<meta name=\"twitter:card\" content=\"summary_large_image\" \/>\n<meta name=\"twitter:creator\" content=\"@ElLabradorOf\" \/>\n<meta name=\"twitter:site\" content=\"@ElLabradorOf\" \/>\n<meta name=\"twitter:label1\" content=\"Escrito por\" \/>\n\t<meta name=\"twitter:data1\" content=\"Editor\" \/>\n\t<meta name=\"twitter:label2\" content=\"Tiempo de lectura\" \/>\n\t<meta name=\"twitter:data2\" content=\"2 minutos\" \/>\n<script type=\"application\/ld+json\" class=\"yoast-schema-graph\">{\"@context\":\"https:\\\/\\\/schema.org\",\"@graph\":[{\"@type\":\"Article\",\"@id\":\"https:\\\/\\\/diarioellabrador.cl\\\/index.php\\\/2026\\\/08\\\/31\\\/balance-policial-homicidios-bajan-172-en-lo-que-va-de-2026-y-captura-de-profugos-aumenta-82\\\/#article\",\"isPartOf\":{\"@id\":\"https:\\\/\\\/diarioellabrador.cl\\\/index.php\\\/2026\\\/08\\\/31\\\/balance-policial-homicidios-bajan-172-en-lo-que-va-de-2026-y-captura-de-profugos-aumenta-82\\\/\"},\"author\":{\"name\":\"Editor\",\"@id\":\"https:\\\/\\\/diarioellabrador.cl\\\/#\\\/schema\\\/person\\\/bc25ff80b4563f9c7f4bd7855df01685\"},\"headline\":\"Balance policial: homicidios bajan 17,2% en lo que va de 2026 y captura de pr\u00f3fugos aumenta 82%\",\"datePublished\":\"2026-08-31T22:47:17+00:00\",\"dateModified\":\"2026-08-31T23:02:17+00:00\",\"mainEntityOfPage\":{\"@id\":\"https:\\\/\\\/diarioellabrador.cl\\\/index.php\\\/2026\\\/08\\\/31\\\/balance-policial-homicidios-bajan-172-en-lo-que-va-de-2026-y-captura-de-profugos-aumenta-82\\\/\"},\"wordCount\":284,\"commentCount\":0,\"publisher\":{\"@id\":\"https:\\\/\\\/diarioellabrador.cl\\\/#organization\"},\"image\":{\"@id\":\"https:\\\/\\\/diarioellabrador.cl\\\/index.php\\\/2026\\\/08\\\/31\\\/balance-policial-homicidios-bajan-172-en-lo-que-va-de-2026-y-captura-de-profugos-aumenta-82\\\/#primaryimage\"},\"thumbnailUrl\":\"https:\\\/\\\/diarioellabrador.cl\\\/wp-content\\\/uploads\\\/2026\\\/08\\\/Balance-policial-homicidios-bajan-172-en-lo-que-va-de-2026-y-captura-de-profugos-aumenta-82.jpg\",\"articleSection\":[\"Cr\u00f3nica\"],\"inLanguage\":\"es\",\"potentialAction\":[{\"@type\":\"CommentAction\",\"name\":\"Comment\",\"target\":[\"https:\\\/\\\/diarioellabrador.cl\\\/index.php\\\/2026\\\/08\\\/31\\\/balance-policial-homicidios-bajan-172-en-lo-que-va-de-2026-y-captura-de-profugos-aumenta-82\\\/#respond\"]}]},{\"@type\":\"WebPage\",\"@id\":\"https:\\\/\\\/diarioellabrador.cl\\\/index.php\\\/2026\\\/08\\\/31\\\/balance-policial-homicidios-bajan-172-en-lo-que-va-de-2026-y-captura-de-profugos-aumenta-82\\\/\",\"url\":\"https:\\\/\\\/diarioellabrador.cl\\\/index.php\\\/2026\\\/08\\\/31\\\/balance-policial-homicidios-bajan-172-en-lo-que-va-de-2026-y-captura-de-profugos-aumenta-82\\\/\",\"name\":\"Balance policial: homicidios bajan 17,2% en lo que va de 2026 y captura de pr\u00f3fugos aumenta 82% - Diario El Labrador\",\"isPartOf\":{\"@id\":\"https:\\\/\\\/diarioellabrador.cl\\\/#website\"},\"primaryImageOfPage\":{\"@id\":\"https:\\\/\\\/diarioellabrador.cl\\\/index.php\\\/2026\\\/08\\\/31\\\/balance-policial-homicidios-bajan-172-en-lo-que-va-de-2026-y-captura-de-profugos-aumenta-82\\\/#primaryimage\"},\"image\":{\"@id\":\"https:\\\/\\\/diarioellabrador.cl\\\/index.php\\\/2026\\\/08\\\/31\\\/balance-policial-homicidios-bajan-172-en-lo-que-va-de-2026-y-captura-de-profugos-aumenta-82\\\/#primaryimage\"},\"thumbnailUrl\":\"https:\\\/\\\/diarioellabrador.cl\\\/wp-content\\\/uploads\\\/2026\\\/08\\\/Balance-policial-homicidios-bajan-172-en-lo-que-va-de-2026-y-captura-de-profugos-aumenta-82.jpg\",\"datePublished\":\"2026-08-31T22:47:17+00:00\",\"dateModified\":\"2026-08-31T23:02:17+00:00\",\"breadcrumb\":{\"@id\":\"https:\\\/\\\/diarioellabrador.cl\\\/index.php\\\/2026\\\/08\\\/31\\\/balance-policial-homicidios-bajan-172-en-lo-que-va-de-2026-y-captura-de-profugos-aumenta-82\\\/#breadcrumb\"},\"inLanguage\":\"es\",\"potentialAction\":[{\"@type\":\"ReadAction\",\"target\":[\"https:\\\/\\\/diarioellabrador.cl\\\/index.php\\\/2026\\\/08\\\/31\\\/balance-policial-homicidios-bajan-172-en-lo-que-va-de-2026-y-captura-de-profugos-aumenta-82\\\/\"]}]},{\"@type\":\"ImageObject\",\"inLanguage\":\"es\",\"@id\":\"https:\\\/\\\/diarioellabrador.cl\\\/index.php\\\/2026\\\/08\\\/31\\\/balance-policial-homicidios-bajan-172-en-lo-que-va-de-2026-y-captura-de-profugos-aumenta-82\\\/#primaryimage\",\"url\":\"https:\\\/\\\/diarioellabrador.cl\\\/wp-content\\\/uploads\\\/2026\\\/08\\\/Balance-policial-homicidios-bajan-172-en-lo-que-va-de-2026-y-captura-de-profugos-aumenta-82.jpg\",\"contentUrl\":\"https:\\\/\\\/diarioellabrador.cl\\\/wp-content\\\/uploads\\\/2026\\\/08\\\/Balance-policial-homicidios-bajan-172-en-lo-que-va-de-2026-y-captura-de-profugos-aumenta-82.jpg\",\"width\":800,\"height\":505,\"caption\":\"13 de Agosto de 2015\\\/SANTIAGO Un carabinero de civil se encontraba esperando locomocion colectiva en la esquina de Guanaco con Pedro Urzua, comuna de Conchali, cuando fue asaltado por dos desconocidos que presuntamente lo apuntaron con objeto que simulaba un arma, el carabinero uso de arma de servicio para repeler el asalto y dio muerte en el mismo lugar a uno de los delincuentes y dejando al otro con herida de bala siendo atendido en el hospital San Jose. En las fotografias peritos de la brigada de homicidios de la PDI realiza deficiencias en el sitio del suceso FOTO: FRANCISCO CASTILLO D.\\\/AGENCIAUNO\"},{\"@type\":\"BreadcrumbList\",\"@id\":\"https:\\\/\\\/diarioellabrador.cl\\\/index.php\\\/2026\\\/08\\\/31\\\/balance-policial-homicidios-bajan-172-en-lo-que-va-de-2026-y-captura-de-profugos-aumenta-82\\\/#breadcrumb\",\"itemListElement\":[{\"@type\":\"ListItem\",\"position\":1,\"name\":\"Portada\",\"item\":\"https:\\\/\\\/diarioellabrador.cl\\\/\"},{\"@type\":\"ListItem\",\"position\":2,\"name\":\"Balance policial: homicidios bajan 17,2% en lo que va de 2026 y captura de pr\u00f3fugos aumenta 82%\"}]},{\"@type\":\"WebSite\",\"@id\":\"https:\\\/\\\/diarioellabrador.cl\\\/#website\",\"url\":\"https:\\\/\\\/diarioellabrador.cl\\\/\",\"name\":\"Diario El Labrador\",\"description\":\"Haciendo noticia desde 1921\",\"publisher\":{\"@id\":\"https:\\\/\\\/diarioellabrador.cl\\\/#organization\"},\"potentialAction\":[{\"@type\":\"SearchAction\",\"target\":{\"@type\":\"EntryPoint\",\"urlTemplate\":\"https:\\\/\\\/diarioellabrador.cl\\\/?s={search_term_string}\"},\"query-input\":{\"@type\":\"PropertyValueSpecification\",\"valueRequired\":true,\"valueName\":\"search_term_string\"}}],\"inLanguage\":\"es\"},{\"@type\":\"Organization\",\"@id\":\"https:\\\/\\\/diarioellabrador.cl\\\/#organization\",\"name\":\"Diario El Labrador\",\"url\":\"https:\\\/\\\/diarioellabrador.cl\\\/\",\"logo\":{\"@type\":\"ImageObject\",\"inLanguage\":\"es\",\"@id\":\"https:\\\/\\\/diarioellabrador.cl\\\/#\\\/schema\\\/logo\\\/image\\\/\",\"url\":\"https:\\\/\\\/diarioellabrador.cl\\\/wp-content\\\/uploads\\\/2025\\\/02\\\/cropped-Logo-Icono.png\",\"contentUrl\":\"https:\\\/\\\/diarioellabrador.cl\\\/wp-content\\\/uploads\\\/2025\\\/02\\\/cropped-Logo-Icono.png\",\"width\":512,\"height\":512,\"caption\":\"Diario El Labrador\"},\"image\":{\"@id\":\"https:\\\/\\\/diarioellabrador.cl\\\/#\\\/schema\\\/logo\\\/image\\\/\"},\"sameAs\":[\"https:\\\/\\\/web.facebook.com\\\/profile.php?id=61576120840621\",\"https:\\\/\\\/x.com\\\/ElLabradorOf\",\"https:\\\/\\\/www.instagram.com\\\/diarioellabradoroficial\\\/\"]},{\"@type\":\"Person\",\"@id\":\"https:\\\/\\\/diarioellabrador.cl\\\/#\\\/schema\\\/person\\\/bc25ff80b4563f9c7f4bd7855df01685\",\"name\":\"Editor\",\"image\":{\"@type\":\"ImageObject\",\"inLanguage\":\"es\",\"@id\":\"https:\\\/\\\/secure.gravatar.com\\\/avatar\\\/109c326cf2be5c04f048c2c2a2b8b6ef44bf3d8d1d3d4c55d0ac40c4bc994684?s=96&d=initials&r=g&initials=ed\",\"url\":\"https:\\\/\\\/secure.gravatar.com\\\/avatar\\\/109c326cf2be5c04f048c2c2a2b8b6ef44bf3d8d1d3d4c55d0ac40c4bc994684?s=96&d=initials&r=g&initials=ed\",\"contentUrl\":\"https:\\\/\\\/secure.gravatar.com\\\/avatar\\\/109c326cf2be5c04f048c2c2a2b8b6ef44bf3d8d1d3d4c55d0ac40c4bc994684?s=96&d=initials&r=g&initials=ed\",\"caption\":\"Editor\"},\"url\":\"https:\\\/\\\/diarioellabrador.cl\\\/index.php\\\/author\\\/editor\\\/\"}]}<\/script>\n<!-- \/ Yoast SEO plugin. -->","yoast_head_json":{"title":"Balance policial: homicidios bajan 17,2% en lo que va de 2026 y captura de pr\u00f3fugos aumenta 82% - Diario El Labrador","robots":{"index":"index","follow":"follow","max-snippet":"max-snippet:-1","max-image-preview":"max-image-preview:large","max-video-preview":"max-video-preview:-1"},"canonical":"https:\/\/diarioellabrador.cl\/index.php\/2026\/08\/31\/balance-policial-homicidios-bajan-172-en-lo-que-va-de-2026-y-captura-de-profugos-aumenta-82\/","og_locale":"es_ES","og_type":"article","og_title":"Balance policial: homicidios bajan 17,2% en lo que va de 2026 y captura de pr\u00f3fugos aumenta 82% - Diario El Labrador","og_description":"El ministro de Seguridad, Mart\u00edn Arrau, encabez\u00f3 un nuevo comit\u00e9 policial junto a Carabineros y la Polic\u00eda de Investigaciones (PDI), instancia en la que revisaron los principales indicadores delictuales y los resultados de los operativos realizados durante la \u00faltima semana. De acuerdo con el balance entregado por el gobierno, los homicidios registran una disminuci\u00f3n preliminar Leer m\u00e1s","og_url":"https:\/\/diarioellabrador.cl\/index.php\/2026\/08\/31\/balance-policial-homicidios-bajan-172-en-lo-que-va-de-2026-y-captura-de-profugos-aumenta-82\/","og_site_name":"Diario El Labrador","article_publisher":"https:\/\/web.facebook.com\/profile.php?id=61576120840621","article_published_time":"2026-08-31T22:47:17+00:00","article_modified_time":"2026-08-31T23:02:17+00:00","og_image":[{"width":800,"height":505,"url":"https:\/\/diarioellabrador.cl\/wp-content\/uploads\/2026\/08\/Balance-policial-homicidios-bajan-172-en-lo-que-va-de-2026-y-captura-de-profugos-aumenta-82.jpg","type":"image\/jpeg"}],"author":"Editor","twitter_card":"summary_large_image","twitter_creator":"@ElLabradorOf","twitter_site":"@ElLabradorOf","twitter_misc":{"Escrito por":"Editor","Tiempo de lectura":"2 minutos"},"schema":{"@context":"https:\/\/schema.org","@graph":[{"@type":"Article","@id":"https:\/\/diarioellabrador.cl\/index.php\/2026\/08\/31\/balance-policial-homicidios-bajan-172-en-lo-que-va-de-2026-y-captura-de-profugos-aumenta-82\/#article","isPartOf":{"@id":"https:\/\/diarioellabrador.cl\/index.php\/2026\/08\/31\/balance-policial-homicidios-bajan-172-en-lo-que-va-de-2026-y-captura-de-profugos-aumenta-82\/"},"author":{"name":"Editor","@id":"https:\/\/diarioellabrador.cl\/#\/schema\/person\/bc25ff80b4563f9c7f4bd7855df01685"},"headline":"Balance policial: homicidios bajan 17,2% en lo que va de 2026 y captura de pr\u00f3fugos aumenta 82%","datePublished":"2026-08-31T22:47:17+00:00","dateModified":"2026-08-31T23:02:17+00:00","mainEntityOfPage":{"@id":"https:\/\/diarioellabrador.cl\/index.php\/2026\/08\/31\/balance-policial-homicidios-bajan-172-en-lo-que-va-de-2026-y-captura-de-profugos-aumenta-82\/"},"wordCount":284,"commentCount":0,"publisher":{"@id":"https:\/\/diarioellabrador.cl\/#organization"},"image":{"@id":"https:\/\/diarioellabrador.cl\/index.php\/2026\/08\/31\/balance-policial-homicidios-bajan-172-en-lo-que-va-de-2026-y-captura-de-profugos-aumenta-82\/#primaryimage"},"thumbnailUrl":"https:\/\/diarioellabrador.cl\/wp-content\/uploads\/2026\/08\/Balance-policial-homicidios-bajan-172-en-lo-que-va-de-2026-y-captura-de-profugos-aumenta-82.jpg","articleSection":["Cr\u00f3nica"],"inLanguage":"es","potentialAction":[{"@type":"CommentAction","name":"Comment","target":["https:\/\/diarioellabrador.cl\/index.php\/2026\/08\/31\/balance-policial-homicidios-bajan-172-en-lo-que-va-de-2026-y-captura-de-profugos-aumenta-82\/#respond"]}]},{"@type":"WebPage","@id":"https:\/\/diarioellabrador.cl\/index.php\/2026\/08\/31\/balance-policial-homicidios-bajan-172-en-lo-que-va-de-2026-y-captura-de-profugos-aumenta-82\/","url":"https:\/\/diarioellabrador.cl\/index.php\/2026\/08\/31\/balance-policial-homicidios-bajan-172-en-lo-que-va-de-2026-y-captura-de-profugos-aumenta-82\/","name":"Balance policial: homicidios bajan 17,2% en lo que va de 2026 y captura de pr\u00f3fugos aumenta 82% - Diario El Labrador","isPartOf":{"@id":"https:\/\/diarioellabrador.cl\/#website"},"primaryImageOfPage":{"@id":"https:\/\/diarioellabrador.cl\/index.php\/2026\/08\/31\/balance-policial-homicidios-bajan-172-en-lo-que-va-de-2026-y-captura-de-profugos-aumenta-82\/#primaryimage"},"image":{"@id":"https:\/\/diarioellabrador.cl\/index.php\/2026\/08\/31\/balance-policial-homicidios-bajan-172-en-lo-que-va-de-2026-y-captura-de-profugos-aumenta-82\/#primaryimage"},"thumbnailUrl":"https:\/\/diarioellabrador.cl\/wp-content\/uploads\/2026\/08\/Balance-policial-homicidios-bajan-172-en-lo-que-va-de-2026-y-captura-de-profugos-aumenta-82.jpg","datePublished":"2026-08-31T22:47:17+00:00","dateModified":"2026-08-31T23:02:17+00:00","breadcrumb":{"@id":"https:\/\/diarioellabrador.cl\/index.php\/2026\/08\/31\/balance-policial-homicidios-bajan-172-en-lo-que-va-de-2026-y-captura-de-profugos-aumenta-82\/#breadcrumb"},"inLanguage":"es","potentialAction":[{"@type":"ReadAction","target":["https:\/\/diarioellabrador.cl\/index.php\/2026\/08\/31\/balance-policial-homicidios-bajan-172-en-lo-que-va-de-2026-y-captura-de-profugos-aumenta-82\/"]}]},{"@type":"ImageObject","inLanguage":"es","@id":"https:\/\/diarioellabrador.cl\/index.php\/2026\/08\/31\/balance-policial-homicidios-bajan-172-en-lo-que-va-de-2026-y-captura-de-profugos-aumenta-82\/#primaryimage","url":"https:\/\/diarioellabrador.cl\/wp-content\/uploads\/2026\/08\/Balance-policial-homicidios-bajan-172-en-lo-que-va-de-2026-y-captura-de-profugos-aumenta-82.jpg","contentUrl":"https:\/\/diarioellabrador.cl\/wp-content\/uploads\/2026\/08\/Balance-policial-homicidios-bajan-172-en-lo-que-va-de-2026-y-captura-de-profugos-aumenta-82.jpg","width":800,"height":505,"caption":"13 de Agosto de 2015\/SANTIAGO Un carabinero de civil se encontraba esperando locomocion colectiva en la esquina de Guanaco con Pedro Urzua, comuna de Conchali, cuando fue asaltado por dos desconocidos que presuntamente lo apuntaron con objeto que simulaba un arma, el carabinero uso de arma de servicio para repeler el asalto y dio muerte en el mismo lugar a uno de los delincuentes y dejando al otro con herida de bala siendo atendido en el hospital San Jose. En las fotografias peritos de la brigada de homicidios de la PDI realiza deficiencias en el sitio del suceso FOTO: FRANCISCO CASTILLO D.\/AGENCIAUNO"},{"@type":"BreadcrumbList","@id":"https:\/\/diarioellabrador.cl\/index.php\/2026\/08\/31\/balance-policial-homicidios-bajan-172-en-lo-que-va-de-2026-y-captura-de-profugos-aumenta-82\/#breadcrumb","itemListElement":[{"@type":"ListItem","position":1,"name":"Portada","item":"https:\/\/diarioellabrador.cl\/"},{"@type":"ListItem","position":2,"name":"Balance policial: homicidios bajan 17,2% en lo que va de 2026 y captura de pr\u00f3fugos aumenta 82%"}]},{"@type":"WebSite","@id":"https:\/\/diarioellabrador.cl\/#website","url":"https:\/\/diarioellabrador.cl\/","name":"Diario El Labrador","description":"Haciendo noticia desde 1921","publisher":{"@id":"https:\/\/diarioellabrador.cl\/#organization"},"potentialAction":[{"@type":"SearchAction","target":{"@type":"EntryPoint","urlTemplate":"https:\/\/diarioellabrador.cl\/?s={search_term_string}"},"query-input":{"@type":"PropertyValueSpecification","valueRequired":true,"valueName":"search_term_string"}}],"inLanguage":"es"},{"@type":"Organization","@id":"https:\/\/diarioellabrador.cl\/#organization","name":"Diario El Labrador","url":"https:\/\/diarioellabrador.cl\/","logo":{"@type":"ImageObject","inLanguage":"es","@id":"https:\/\/diarioellabrador.cl\/#\/schema\/logo\/image\/","url":"https:\/\/diarioellabrador.cl\/wp-content\/uploads\/2025\/02\/cropped-Logo-Icono.png","contentUrl":"https:\/\/diarioellabrador.cl\/wp-content\/uploads\/2025\/02\/cropped-Logo-Icono.png","width":512,"height":512,"caption":"Diario El Labrador"},"image":{"@id":"https:\/\/diarioellabrador.cl\/#\/schema\/logo\/image\/"},"sameAs":["https:\/\/web.facebook.com\/profile.php?id=61576120840621","https:\/\/x.com\/ElLabradorOf","https:\/\/www.instagram.com\/diarioellabradoroficial\/"]},{"@type":"Person","@id":"https:\/\/diarioellabrador.cl\/#\/schema\/person\/bc25ff80b4563f9c7f4bd7855df01685","name":"Editor","image":{"@type":"ImageObject","inLanguage":"es","@id":"https:\/\/secure.gravatar.com\/avatar\/109c326cf2be5c04f048c2c2a2b8b6ef44bf3d8d1d3d4c55d0ac40c4bc994684?s=96&d=initials&r=g&initials=ed","url":"https:\/\/secure.gravatar.com\/avatar\/109c326cf2be5c04f048c2c2a2b8b6ef44bf3d8d1d3d4c55d0ac40c4bc994684?s=96&d=initials&r=g&initials=ed","contentUrl":"https:\/\/secure.gravatar.com\/avatar\/109c326cf2be5c04f048c2c2a2b8b6ef44bf3d8d1d3d4c55d0ac40c4bc994684?s=96&d=initials&r=g&initials=ed","caption":"Editor"},"url":"https:\/\/diarioellabrador.cl\/index.php\/author\/editor\/"}]}},"_links":{"self":[{"href":"https:\/\/diarioellabrador.cl\/index.php\/wp-json\/wp\/v2\/posts\/24301","targetHints":{"allow":["GET"]}}],"collection":[{"href":"https:\/\/diarioellabrador.cl\/index.php\/wp-json\/wp\/v2\/posts"}],"about":[{"href":"https:\/\/diarioellabrador.cl\/index.php\/wp-json\/wp\/v2\/types\/post"}],"author":[{"embeddable":true,"href":"https:\/\/diarioellabrador.cl\/index.php\/wp-json\/wp\/v2\/users\/2"}],"replies":[{"embeddable":true,"href":"https:\/\/diarioellabrador.cl\/index.php\/wp-json\/wp\/v2\/comments?post=24301"}],"version-history":[{"count":1,"href":"https:\/\/diarioellabrador.cl\/index.php\/wp-json\/wp\/v2\/posts\/24301\/revisions"}],"predecessor-version":[{"id":24302,"href":"https:\/\/diarioellabrador.cl\/index.php\/wp-json\/wp\/v2\/posts\/24301\/revisions\/24302"}],"wp:featuredmedia":[{"embeddable":true,"href":"https:\/\/diarioellabrador.cl\/index.php\/wp-json\/wp\/v2\/media\/24264"}],"wp:attachment":[{"href":"https:\/\/diarioellabrador.cl\/index.php\/wp-json\/wp\/v2\/media?parent=24301"}],"wp:term":[{"taxonomy":"category","embeddable":true,"href":"https:\/\/diarioellabrador.cl\/index.php\/wp-json\/wp\/v2\/categories?post=24301"},{"taxonomy":"post_tag","embeddable":true,"href":"https:\/\/diarioellabrador.cl\/index.php\/wp-json\/wp\/v2\/tags?post=24301"}],"curies":[{"name":"wp","href":"https:\/\/api.w.org\/{rel}","templated":true}]}}