{"id":24299,"date":"2026-08-31T18:46:17","date_gmt":"2026-08-31T22:46:17","guid":{"rendered":"https:\/\/diarioellabrador.cl\/?p=24299"},"modified":"2026-08-31T18:46:23","modified_gmt":"2026-08-31T22:46:23","slug":"condenan-a-5-anos-de-carcel-por-robo-en-parcela-de-talagante","status":"publish","type":"post","link":"https:\/\/diarioellabrador.cl\/index.php\/2026\/08\/31\/condenan-a-5-anos-de-carcel-por-robo-en-parcela-de-talagante\/","title":{"rendered":"Condenan a 5 a\u00f1os de c\u00e1rcel por robo en parcela de Talagante"},"content":{"rendered":"\n<p class=\"wp-block-paragraph\">En el Tribunal Oral en Lo Penal de Talagante se realiz\u00f3 el juicio donde de acuerdo con la acusaci\u00f3n del Ministerio P\u00fablico, los hechos ocurrieron el 14 de abril de 2025, cerca de las 07:00 horas, en una propiedad ubicada en La Capilla.<\/p>\n\n\n\n<p class=\"wp-block-paragraph\">Seg\u00fan los antecedentes expuestos, el acusado ingres\u00f3 al recinto mediante escalamiento y posteriormente forz\u00f3 la puerta de una bodega donde la v\u00edctima guardaba diversas herramientas.<\/p>\n\n\n\n<p class=\"wp-block-paragraph\">Una vez en el interior, habr\u00eda registrado el lugar y realizado un acopio de especies en el exterior de la bodega. Sin embargo, fue sorprendido por el propietario del inmueble, donde la v\u00edctima intent\u00f3 detener al sujeto, produci\u00e9ndose un forcejeo entre ambos. En medio de esta situaci\u00f3n, logr\u00f3 quitarle al acusado un cuchillo que portaba.<\/p>\n\n\n\n<p class=\"wp-block-paragraph\">Pese a ello, el imputado consigui\u00f3 escapar del lugar llevando consigo una soldadora manual marca Indura y diversas herramientas menores.<\/p>\n\n\n\n<p class=\"wp-block-paragraph\">Tras analizar los antecedentes de la causa, el tribunal resolvi\u00f3 condenar a Reys V.S. a 5 a\u00f1os y 1 d\u00eda de presidio mayor en su grado m\u00ednimo. Debido a la entidad de la pena impuesta, el tribunal determin\u00f3 que no correspond\u00eda conceder al sentenciado ninguna de las penas sustitutivas contempladas en la Ley, por lo que deber\u00e1 cumplir la condena de manera efectiva.<\/p>\n\n\n\n<p class=\"wp-block-paragraph\"><\/p>\n","protected":false},"excerpt":{"rendered":"<p>En el Tribunal Oral en Lo Penal de Talagante se realiz\u00f3 el juicio donde de acuerdo con la acusaci\u00f3n del Ministerio P\u00fablico, los hechos ocurrieron el 14 de abril de 2025, cerca de las 07:00 horas, en una propiedad ubicada en La Capilla. Seg\u00fan los antecedentes expuestos, el acusado ingres\u00f3 al recinto mediante escalamiento y<\/p>\n<div class=\"read-more-wrapper\"><a class=\"read-more\" href=\"https:\/\/diarioellabrador.cl\/index.php\/2026\/08\/31\/condenan-a-5-anos-de-carcel-por-robo-en-parcela-de-talagante\/\" title=\"Leer m\u00e1s\"> <span class=\"button \">Leer m\u00e1s<\/span><\/a><\/div>\n","protected":false},"author":2,"featured_media":24274,"comment_status":"open","ping_status":"open","sticky":false,"template":"","format":"standard","meta":{"footnotes":"","_members_access_role":[],"_members_access_error":""},"categories":[3],"tags":[],"class_list":["post-24299","post","type-post","status-publish","format-standard","has-post-thumbnail","hentry","category-policial"],"yoast_head":"<!-- This site is optimized with the Yoast SEO plugin v28.3 - https:\/\/yoast.com\/product\/yoast-seo-wordpress\/ -->\n<title>Condenan a 5 a\u00f1os de c\u00e1rcel por robo en parcela de Talagante - Diario El Labrador<\/title>\n<meta name=\"robots\" content=\"index, follow, max-snippet:-1, max-image-preview:large, max-video-preview:-1\" \/>\n<link rel=\"canonical\" href=\"https:\/\/diarioellabrador.cl\/index.php\/2026\/08\/31\/condenan-a-5-anos-de-carcel-por-robo-en-parcela-de-talagante\/\" \/>\n<meta property=\"og:locale\" content=\"es_ES\" \/>\n<meta property=\"og:type\" content=\"article\" \/>\n<meta property=\"og:title\" content=\"Condenan a 5 a\u00f1os de c\u00e1rcel por robo en parcela de Talagante - Diario El Labrador\" \/>\n<meta property=\"og:description\" content=\"En el Tribunal Oral en Lo Penal de Talagante se realiz\u00f3 el juicio donde de acuerdo con la acusaci\u00f3n del Ministerio P\u00fablico, los hechos ocurrieron el 14 de abril de 2025, cerca de las 07:00 horas, en una propiedad ubicada en La Capilla. Seg\u00fan los antecedentes expuestos, el acusado ingres\u00f3 al recinto mediante escalamiento y Leer m\u00e1s\" \/>\n<meta property=\"og:url\" content=\"https:\/\/diarioellabrador.cl\/index.php\/2026\/08\/31\/condenan-a-5-anos-de-carcel-por-robo-en-parcela-de-talagante\/\" \/>\n<meta property=\"og:site_name\" content=\"Diario El Labrador\" \/>\n<meta property=\"article:publisher\" content=\"https:\/\/web.facebook.com\/profile.php?id=61576120840621\" \/>\n<meta property=\"article:published_time\" content=\"2026-08-31T22:46:17+00:00\" \/>\n<meta property=\"article:modified_time\" content=\"2026-08-31T22:46:23+00:00\" \/>\n<meta property=\"og:image\" content=\"https:\/\/diarioellabrador.cl\/wp-content\/uploads\/2026\/08\/Condenan-a-5-anos-de-carcel-por-robo-en-parcela-de-Talagante.jpg\" \/>\n\t<meta property=\"og:image:width\" content=\"600\" \/>\n\t<meta property=\"og:image:height\" content=\"430\" \/>\n\t<meta property=\"og:image:type\" content=\"image\/jpeg\" \/>\n<meta name=\"author\" content=\"Editor\" \/>\n<meta name=\"twitter:card\" content=\"summary_large_image\" \/>\n<meta name=\"twitter:creator\" content=\"@ElLabradorOf\" \/>\n<meta name=\"twitter:site\" content=\"@ElLabradorOf\" \/>\n<meta name=\"twitter:label1\" content=\"Escrito por\" \/>\n\t<meta name=\"twitter:data1\" content=\"Editor\" \/>\n\t<meta name=\"twitter:label2\" content=\"Tiempo de lectura\" \/>\n\t<meta name=\"twitter:data2\" content=\"2 minutos\" \/>\n<script type=\"application\/ld+json\" class=\"yoast-schema-graph\">{\"@context\":\"https:\\\/\\\/schema.org\",\"@graph\":[{\"@type\":\"Article\",\"@id\":\"https:\\\/\\\/diarioellabrador.cl\\\/index.php\\\/2026\\\/08\\\/31\\\/condenan-a-5-anos-de-carcel-por-robo-en-parcela-de-talagante\\\/#article\",\"isPartOf\":{\"@id\":\"https:\\\/\\\/diarioellabrador.cl\\\/index.php\\\/2026\\\/08\\\/31\\\/condenan-a-5-anos-de-carcel-por-robo-en-parcela-de-talagante\\\/\"},\"author\":{\"name\":\"Editor\",\"@id\":\"https:\\\/\\\/diarioellabrador.cl\\\/#\\\/schema\\\/person\\\/bc25ff80b4563f9c7f4bd7855df01685\"},\"headline\":\"Condenan a 5 a\u00f1os de c\u00e1rcel por robo en parcela de Talagante\",\"datePublished\":\"2026-08-31T22:46:17+00:00\",\"dateModified\":\"2026-08-31T22:46:23+00:00\",\"mainEntityOfPage\":{\"@id\":\"https:\\\/\\\/diarioellabrador.cl\\\/index.php\\\/2026\\\/08\\\/31\\\/condenan-a-5-anos-de-carcel-por-robo-en-parcela-de-talagante\\\/\"},\"wordCount\":227,\"commentCount\":0,\"publisher\":{\"@id\":\"https:\\\/\\\/diarioellabrador.cl\\\/#organization\"},\"image\":{\"@id\":\"https:\\\/\\\/diarioellabrador.cl\\\/index.php\\\/2026\\\/08\\\/31\\\/condenan-a-5-anos-de-carcel-por-robo-en-parcela-de-talagante\\\/#primaryimage\"},\"thumbnailUrl\":\"https:\\\/\\\/diarioellabrador.cl\\\/wp-content\\\/uploads\\\/2026\\\/08\\\/Condenan-a-5-anos-de-carcel-por-robo-en-parcela-de-Talagante.jpg\",\"articleSection\":[\"Policial\"],\"inLanguage\":\"es\",\"potentialAction\":[{\"@type\":\"CommentAction\",\"name\":\"Comment\",\"target\":[\"https:\\\/\\\/diarioellabrador.cl\\\/index.php\\\/2026\\\/08\\\/31\\\/condenan-a-5-anos-de-carcel-por-robo-en-parcela-de-talagante\\\/#respond\"]}]},{\"@type\":\"WebPage\",\"@id\":\"https:\\\/\\\/diarioellabrador.cl\\\/index.php\\\/2026\\\/08\\\/31\\\/condenan-a-5-anos-de-carcel-por-robo-en-parcela-de-talagante\\\/\",\"url\":\"https:\\\/\\\/diarioellabrador.cl\\\/index.php\\\/2026\\\/08\\\/31\\\/condenan-a-5-anos-de-carcel-por-robo-en-parcela-de-talagante\\\/\",\"name\":\"Condenan a 5 a\u00f1os de c\u00e1rcel por robo en parcela de Talagante - Diario El Labrador\",\"isPartOf\":{\"@id\":\"https:\\\/\\\/diarioellabrador.cl\\\/#website\"},\"primaryImageOfPage\":{\"@id\":\"https:\\\/\\\/diarioellabrador.cl\\\/index.php\\\/2026\\\/08\\\/31\\\/condenan-a-5-anos-de-carcel-por-robo-en-parcela-de-talagante\\\/#primaryimage\"},\"image\":{\"@id\":\"https:\\\/\\\/diarioellabrador.cl\\\/index.php\\\/2026\\\/08\\\/31\\\/condenan-a-5-anos-de-carcel-por-robo-en-parcela-de-talagante\\\/#primaryimage\"},\"thumbnailUrl\":\"https:\\\/\\\/diarioellabrador.cl\\\/wp-content\\\/uploads\\\/2026\\\/08\\\/Condenan-a-5-anos-de-carcel-por-robo-en-parcela-de-Talagante.jpg\",\"datePublished\":\"2026-08-31T22:46:17+00:00\",\"dateModified\":\"2026-08-31T22:46:23+00:00\",\"breadcrumb\":{\"@id\":\"https:\\\/\\\/diarioellabrador.cl\\\/index.php\\\/2026\\\/08\\\/31\\\/condenan-a-5-anos-de-carcel-por-robo-en-parcela-de-talagante\\\/#breadcrumb\"},\"inLanguage\":\"es\",\"potentialAction\":[{\"@type\":\"ReadAction\",\"target\":[\"https:\\\/\\\/diarioellabrador.cl\\\/index.php\\\/2026\\\/08\\\/31\\\/condenan-a-5-anos-de-carcel-por-robo-en-parcela-de-talagante\\\/\"]}]},{\"@type\":\"ImageObject\",\"inLanguage\":\"es\",\"@id\":\"https:\\\/\\\/diarioellabrador.cl\\\/index.php\\\/2026\\\/08\\\/31\\\/condenan-a-5-anos-de-carcel-por-robo-en-parcela-de-talagante\\\/#primaryimage\",\"url\":\"https:\\\/\\\/diarioellabrador.cl\\\/wp-content\\\/uploads\\\/2026\\\/08\\\/Condenan-a-5-anos-de-carcel-por-robo-en-parcela-de-Talagante.jpg\",\"contentUrl\":\"https:\\\/\\\/diarioellabrador.cl\\\/wp-content\\\/uploads\\\/2026\\\/08\\\/Condenan-a-5-anos-de-carcel-por-robo-en-parcela-de-Talagante.jpg\",\"width\":600,\"height\":430},{\"@type\":\"BreadcrumbList\",\"@id\":\"https:\\\/\\\/diarioellabrador.cl\\\/index.php\\\/2026\\\/08\\\/31\\\/condenan-a-5-anos-de-carcel-por-robo-en-parcela-de-talagante\\\/#breadcrumb\",\"itemListElement\":[{\"@type\":\"ListItem\",\"position\":1,\"name\":\"Portada\",\"item\":\"https:\\\/\\\/diarioellabrador.cl\\\/\"},{\"@type\":\"ListItem\",\"position\":2,\"name\":\"Condenan a 5 a\u00f1os de c\u00e1rcel por robo en parcela de Talagante\"}]},{\"@type\":\"WebSite\",\"@id\":\"https:\\\/\\\/diarioellabrador.cl\\\/#website\",\"url\":\"https:\\\/\\\/diarioellabrador.cl\\\/\",\"name\":\"Diario El Labrador\",\"description\":\"Haciendo noticia desde 1921\",\"publisher\":{\"@id\":\"https:\\\/\\\/diarioellabrador.cl\\\/#organization\"},\"potentialAction\":[{\"@type\":\"SearchAction\",\"target\":{\"@type\":\"EntryPoint\",\"urlTemplate\":\"https:\\\/\\\/diarioellabrador.cl\\\/?s={search_term_string}\"},\"query-input\":{\"@type\":\"PropertyValueSpecification\",\"valueRequired\":true,\"valueName\":\"search_term_string\"}}],\"inLanguage\":\"es\"},{\"@type\":\"Organization\",\"@id\":\"https:\\\/\\\/diarioellabrador.cl\\\/#organization\",\"name\":\"Diario El Labrador\",\"url\":\"https:\\\/\\\/diarioellabrador.cl\\\/\",\"logo\":{\"@type\":\"ImageObject\",\"inLanguage\":\"es\",\"@id\":\"https:\\\/\\\/diarioellabrador.cl\\\/#\\\/schema\\\/logo\\\/image\\\/\",\"url\":\"https:\\\/\\\/diarioellabrador.cl\\\/wp-content\\\/uploads\\\/2025\\\/02\\\/cropped-Logo-Icono.png\",\"contentUrl\":\"https:\\\/\\\/diarioellabrador.cl\\\/wp-content\\\/uploads\\\/2025\\\/02\\\/cropped-Logo-Icono.png\",\"width\":512,\"height\":512,\"caption\":\"Diario El Labrador\"},\"image\":{\"@id\":\"https:\\\/\\\/diarioellabrador.cl\\\/#\\\/schema\\\/logo\\\/image\\\/\"},\"sameAs\":[\"https:\\\/\\\/web.facebook.com\\\/profile.php?id=61576120840621\",\"https:\\\/\\\/x.com\\\/ElLabradorOf\",\"https:\\\/\\\/www.instagram.com\\\/diarioellabradoroficial\\\/\"]},{\"@type\":\"Person\",\"@id\":\"https:\\\/\\\/diarioellabrador.cl\\\/#\\\/schema\\\/person\\\/bc25ff80b4563f9c7f4bd7855df01685\",\"name\":\"Editor\",\"image\":{\"@type\":\"ImageObject\",\"inLanguage\":\"es\",\"@id\":\"https:\\\/\\\/secure.gravatar.com\\\/avatar\\\/109c326cf2be5c04f048c2c2a2b8b6ef44bf3d8d1d3d4c55d0ac40c4bc994684?s=96&d=initials&r=g&initials=ed\",\"url\":\"https:\\\/\\\/secure.gravatar.com\\\/avatar\\\/109c326cf2be5c04f048c2c2a2b8b6ef44bf3d8d1d3d4c55d0ac40c4bc994684?s=96&d=initials&r=g&initials=ed\",\"contentUrl\":\"https:\\\/\\\/secure.gravatar.com\\\/avatar\\\/109c326cf2be5c04f048c2c2a2b8b6ef44bf3d8d1d3d4c55d0ac40c4bc994684?s=96&d=initials&r=g&initials=ed\",\"caption\":\"Editor\"},\"url\":\"https:\\\/\\\/diarioellabrador.cl\\\/index.php\\\/author\\\/editor\\\/\"}]}<\/script>\n<!-- \/ Yoast SEO plugin. -->","yoast_head_json":{"title":"Condenan a 5 a\u00f1os de c\u00e1rcel por robo en parcela de Talagante - Diario El Labrador","robots":{"index":"index","follow":"follow","max-snippet":"max-snippet:-1","max-image-preview":"max-image-preview:large","max-video-preview":"max-video-preview:-1"},"canonical":"https:\/\/diarioellabrador.cl\/index.php\/2026\/08\/31\/condenan-a-5-anos-de-carcel-por-robo-en-parcela-de-talagante\/","og_locale":"es_ES","og_type":"article","og_title":"Condenan a 5 a\u00f1os de c\u00e1rcel por robo en parcela de Talagante - Diario El Labrador","og_description":"En el Tribunal Oral en Lo Penal de Talagante se realiz\u00f3 el juicio donde de acuerdo con la acusaci\u00f3n del Ministerio P\u00fablico, los hechos ocurrieron el 14 de abril de 2025, cerca de las 07:00 horas, en una propiedad ubicada en La Capilla. Seg\u00fan los antecedentes expuestos, el acusado ingres\u00f3 al recinto mediante escalamiento y Leer m\u00e1s","og_url":"https:\/\/diarioellabrador.cl\/index.php\/2026\/08\/31\/condenan-a-5-anos-de-carcel-por-robo-en-parcela-de-talagante\/","og_site_name":"Diario El Labrador","article_publisher":"https:\/\/web.facebook.com\/profile.php?id=61576120840621","article_published_time":"2026-08-31T22:46:17+00:00","article_modified_time":"2026-08-31T22:46:23+00:00","og_image":[{"width":600,"height":430,"url":"https:\/\/diarioellabrador.cl\/wp-content\/uploads\/2026\/08\/Condenan-a-5-anos-de-carcel-por-robo-en-parcela-de-Talagante.jpg","type":"image\/jpeg"}],"author":"Editor","twitter_card":"summary_large_image","twitter_creator":"@ElLabradorOf","twitter_site":"@ElLabradorOf","twitter_misc":{"Escrito por":"Editor","Tiempo de lectura":"2 minutos"},"schema":{"@context":"https:\/\/schema.org","@graph":[{"@type":"Article","@id":"https:\/\/diarioellabrador.cl\/index.php\/2026\/08\/31\/condenan-a-5-anos-de-carcel-por-robo-en-parcela-de-talagante\/#article","isPartOf":{"@id":"https:\/\/diarioellabrador.cl\/index.php\/2026\/08\/31\/condenan-a-5-anos-de-carcel-por-robo-en-parcela-de-talagante\/"},"author":{"name":"Editor","@id":"https:\/\/diarioellabrador.cl\/#\/schema\/person\/bc25ff80b4563f9c7f4bd7855df01685"},"headline":"Condenan a 5 a\u00f1os de c\u00e1rcel por robo en parcela de Talagante","datePublished":"2026-08-31T22:46:17+00:00","dateModified":"2026-08-31T22:46:23+00:00","mainEntityOfPage":{"@id":"https:\/\/diarioellabrador.cl\/index.php\/2026\/08\/31\/condenan-a-5-anos-de-carcel-por-robo-en-parcela-de-talagante\/"},"wordCount":227,"commentCount":0,"publisher":{"@id":"https:\/\/diarioellabrador.cl\/#organization"},"image":{"@id":"https:\/\/diarioellabrador.cl\/index.php\/2026\/08\/31\/condenan-a-5-anos-de-carcel-por-robo-en-parcela-de-talagante\/#primaryimage"},"thumbnailUrl":"https:\/\/diarioellabrador.cl\/wp-content\/uploads\/2026\/08\/Condenan-a-5-anos-de-carcel-por-robo-en-parcela-de-Talagante.jpg","articleSection":["Policial"],"inLanguage":"es","potentialAction":[{"@type":"CommentAction","name":"Comment","target":["https:\/\/diarioellabrador.cl\/index.php\/2026\/08\/31\/condenan-a-5-anos-de-carcel-por-robo-en-parcela-de-talagante\/#respond"]}]},{"@type":"WebPage","@id":"https:\/\/diarioellabrador.cl\/index.php\/2026\/08\/31\/condenan-a-5-anos-de-carcel-por-robo-en-parcela-de-talagante\/","url":"https:\/\/diarioellabrador.cl\/index.php\/2026\/08\/31\/condenan-a-5-anos-de-carcel-por-robo-en-parcela-de-talagante\/","name":"Condenan a 5 a\u00f1os de c\u00e1rcel por robo en parcela de Talagante - Diario El Labrador","isPartOf":{"@id":"https:\/\/diarioellabrador.cl\/#website"},"primaryImageOfPage":{"@id":"https:\/\/diarioellabrador.cl\/index.php\/2026\/08\/31\/condenan-a-5-anos-de-carcel-por-robo-en-parcela-de-talagante\/#primaryimage"},"image":{"@id":"https:\/\/diarioellabrador.cl\/index.php\/2026\/08\/31\/condenan-a-5-anos-de-carcel-por-robo-en-parcela-de-talagante\/#primaryimage"},"thumbnailUrl":"https:\/\/diarioellabrador.cl\/wp-content\/uploads\/2026\/08\/Condenan-a-5-anos-de-carcel-por-robo-en-parcela-de-Talagante.jpg","datePublished":"2026-08-31T22:46:17+00:00","dateModified":"2026-08-31T22:46:23+00:00","breadcrumb":{"@id":"https:\/\/diarioellabrador.cl\/index.php\/2026\/08\/31\/condenan-a-5-anos-de-carcel-por-robo-en-parcela-de-talagante\/#breadcrumb"},"inLanguage":"es","potentialAction":[{"@type":"ReadAction","target":["https:\/\/diarioellabrador.cl\/index.php\/2026\/08\/31\/condenan-a-5-anos-de-carcel-por-robo-en-parcela-de-talagante\/"]}]},{"@type":"ImageObject","inLanguage":"es","@id":"https:\/\/diarioellabrador.cl\/index.php\/2026\/08\/31\/condenan-a-5-anos-de-carcel-por-robo-en-parcela-de-talagante\/#primaryimage","url":"https:\/\/diarioellabrador.cl\/wp-content\/uploads\/2026\/08\/Condenan-a-5-anos-de-carcel-por-robo-en-parcela-de-Talagante.jpg","contentUrl":"https:\/\/diarioellabrador.cl\/wp-content\/uploads\/2026\/08\/Condenan-a-5-anos-de-carcel-por-robo-en-parcela-de-Talagante.jpg","width":600,"height":430},{"@type":"BreadcrumbList","@id":"https:\/\/diarioellabrador.cl\/index.php\/2026\/08\/31\/condenan-a-5-anos-de-carcel-por-robo-en-parcela-de-talagante\/#breadcrumb","itemListElement":[{"@type":"ListItem","position":1,"name":"Portada","item":"https:\/\/diarioellabrador.cl\/"},{"@type":"ListItem","position":2,"name":"Condenan a 5 a\u00f1os de c\u00e1rcel por robo en parcela de Talagante"}]},{"@type":"WebSite","@id":"https:\/\/diarioellabrador.cl\/#website","url":"https:\/\/diarioellabrador.cl\/","name":"Diario El Labrador","description":"Haciendo noticia desde 1921","publisher":{"@id":"https:\/\/diarioellabrador.cl\/#organization"},"potentialAction":[{"@type":"SearchAction","target":{"@type":"EntryPoint","urlTemplate":"https:\/\/diarioellabrador.cl\/?s={search_term_string}"},"query-input":{"@type":"PropertyValueSpecification","valueRequired":true,"valueName":"search_term_string"}}],"inLanguage":"es"},{"@type":"Organization","@id":"https:\/\/diarioellabrador.cl\/#organization","name":"Diario El Labrador","url":"https:\/\/diarioellabrador.cl\/","logo":{"@type":"ImageObject","inLanguage":"es","@id":"https:\/\/diarioellabrador.cl\/#\/schema\/logo\/image\/","url":"https:\/\/diarioellabrador.cl\/wp-content\/uploads\/2025\/02\/cropped-Logo-Icono.png","contentUrl":"https:\/\/diarioellabrador.cl\/wp-content\/uploads\/2025\/02\/cropped-Logo-Icono.png","width":512,"height":512,"caption":"Diario El Labrador"},"image":{"@id":"https:\/\/diarioellabrador.cl\/#\/schema\/logo\/image\/"},"sameAs":["https:\/\/web.facebook.com\/profile.php?id=61576120840621","https:\/\/x.com\/ElLabradorOf","https:\/\/www.instagram.com\/diarioellabradoroficial\/"]},{"@type":"Person","@id":"https:\/\/diarioellabrador.cl\/#\/schema\/person\/bc25ff80b4563f9c7f4bd7855df01685","name":"Editor","image":{"@type":"ImageObject","inLanguage":"es","@id":"https:\/\/secure.gravatar.com\/avatar\/109c326cf2be5c04f048c2c2a2b8b6ef44bf3d8d1d3d4c55d0ac40c4bc994684?s=96&d=initials&r=g&initials=ed","url":"https:\/\/secure.gravatar.com\/avatar\/109c326cf2be5c04f048c2c2a2b8b6ef44bf3d8d1d3d4c55d0ac40c4bc994684?s=96&d=initials&r=g&initials=ed","contentUrl":"https:\/\/secure.gravatar.com\/avatar\/109c326cf2be5c04f048c2c2a2b8b6ef44bf3d8d1d3d4c55d0ac40c4bc994684?s=96&d=initials&r=g&initials=ed","caption":"Editor"},"url":"https:\/\/diarioellabrador.cl\/index.php\/author\/editor\/"}]}},"_links":{"self":[{"href":"https:\/\/diarioellabrador.cl\/index.php\/wp-json\/wp\/v2\/posts\/24299","targetHints":{"allow":["GET"]}}],"collection":[{"href":"https:\/\/diarioellabrador.cl\/index.php\/wp-json\/wp\/v2\/posts"}],"about":[{"href":"https:\/\/diarioellabrador.cl\/index.php\/wp-json\/wp\/v2\/types\/post"}],"author":[{"embeddable":true,"href":"https:\/\/diarioellabrador.cl\/index.php\/wp-json\/wp\/v2\/users\/2"}],"replies":[{"embeddable":true,"href":"https:\/\/diarioellabrador.cl\/index.php\/wp-json\/wp\/v2\/comments?post=24299"}],"version-history":[{"count":1,"href":"https:\/\/diarioellabrador.cl\/index.php\/wp-json\/wp\/v2\/posts\/24299\/revisions"}],"predecessor-version":[{"id":24300,"href":"https:\/\/diarioellabrador.cl\/index.php\/wp-json\/wp\/v2\/posts\/24299\/revisions\/24300"}],"wp:featuredmedia":[{"embeddable":true,"href":"https:\/\/diarioellabrador.cl\/index.php\/wp-json\/wp\/v2\/media\/24274"}],"wp:attachment":[{"href":"https:\/\/diarioellabrador.cl\/index.php\/wp-json\/wp\/v2\/media?parent=24299"}],"wp:term":[{"taxonomy":"category","embeddable":true,"href":"https:\/\/diarioellabrador.cl\/index.php\/wp-json\/wp\/v2\/categories?post=24299"},{"taxonomy":"post_tag","embeddable":true,"href":"https:\/\/diarioellabrador.cl\/index.php\/wp-json\/wp\/v2\/tags?post=24299"}],"curies":[{"name":"wp","href":"https:\/\/api.w.org\/{rel}","templated":true}]}}