{"id":24297,"date":"2026-08-31T18:45:31","date_gmt":"2026-08-31T22:45:31","guid":{"rendered":"https:\/\/diarioellabrador.cl\/?p=24297"},"modified":"2026-08-31T18:45:34","modified_gmt":"2026-08-31T22:45:34","slug":"imputado-por-microtrafico-queda-con-libertad-vigilada","status":"publish","type":"post","link":"https:\/\/diarioellabrador.cl\/index.php\/2026\/08\/31\/imputado-por-microtrafico-queda-con-libertad-vigilada\/","title":{"rendered":"Imputado por microtr\u00e1fico queda con libertad vigilada"},"content":{"rendered":"\n<p class=\"wp-block-paragraph\">En el Tribunal Oral en lo Penal de Melipilla se llev\u00f3 a cabo el juicio por el delito de microtr\u00e1fico, en contra de Sebasti\u00e1n E.C, mayor de edad, detenido el 14 de marzo de 2024.<\/p>\n\n\n\n<p class=\"wp-block-paragraph\">De acuerdo a la investigaci\u00f3n, los hechos ocurrieron el 14 de marzo mientras personal de Carabineros realizaba un patrullaje preventivo en el sector de calle Pardo con pasaje El Sauce.<\/p>\n\n\n\n<p class=\"wp-block-paragraph\">En esos momentos los funcionarios policiales observaron al imputado realizando una venta de droga, por lo que procedieron a fiscalizarlo y efectuar un registro de sus vestimentas.<\/p>\n\n\n\n<p class=\"wp-block-paragraph\">Durante el procedimiento, se encontr\u00f3 un bolso pl\u00e1stico transparente con dinero en efectivo de baja denominaci\u00f3n. Adem\u00e1s, al interior de un short que el acusado vest\u00eda debajo de su pantal\u00f3n de buzo, fueron hallados 19 envoltorios que conten\u00edan una sustancia de color beige, con caracter\u00edsticas similares a la pasta base de coca\u00edna.<\/p>\n\n\n\n<p class=\"wp-block-paragraph\">Durante el juicio, el acusado reconoci\u00f3 parte de los hechos, se\u00f1alando que ese d\u00eda se encontraba en el sector de El Llano y que hab\u00eda vendido cinco envoltorios de droga a un ciudadano boliviano por la suma de $5 mil. Relat\u00f3 adem\u00e1s que, al advertir la presencia de la patrulla policial, la persona que habr\u00eda adquirido la droga intent\u00f3 escapar y arroj\u00f3 los envoltorios.<\/p>\n\n\n\n<p class=\"wp-block-paragraph\">Por estos hechos, el Tribunal conden\u00f3 a Sebasti\u00e1n E.C. a 541 d\u00edas de presidio menor en su grado medio. Sin embargo, al cumplir los requisitos establecidos en la Ley, se sustituy\u00f3 la pena privativa de libertad por el beneficio de libertad vigilada por el mismo per\u00edodo de tiempo.<\/p>\n\n\n\n<p class=\"wp-block-paragraph\"><\/p>\n","protected":false},"excerpt":{"rendered":"<p>En el Tribunal Oral en lo Penal de Melipilla se llev\u00f3 a cabo el juicio por el delito de microtr\u00e1fico, en contra de Sebasti\u00e1n E.C, mayor de edad, detenido el 14 de marzo de 2024. De acuerdo a la investigaci\u00f3n, los hechos ocurrieron el 14 de marzo mientras personal de Carabineros realizaba un patrullaje preventivo<\/p>\n<div class=\"read-more-wrapper\"><a class=\"read-more\" href=\"https:\/\/diarioellabrador.cl\/index.php\/2026\/08\/31\/imputado-por-microtrafico-queda-con-libertad-vigilada\/\" title=\"Leer m\u00e1s\"> <span class=\"button \">Leer m\u00e1s<\/span><\/a><\/div>\n","protected":false},"author":2,"featured_media":24275,"comment_status":"open","ping_status":"open","sticky":false,"template":"","format":"standard","meta":{"footnotes":"","_members_access_role":[],"_members_access_error":""},"categories":[3],"tags":[],"class_list":["post-24297","post","type-post","status-publish","format-standard","has-post-thumbnail","hentry","category-policial"],"yoast_head":"<!-- This site is optimized with the Yoast SEO plugin v28.3 - https:\/\/yoast.com\/product\/yoast-seo-wordpress\/ -->\n<title>Imputado por microtr\u00e1fico queda con libertad vigilada - Diario El Labrador<\/title>\n<meta name=\"robots\" content=\"index, follow, max-snippet:-1, max-image-preview:large, max-video-preview:-1\" \/>\n<link rel=\"canonical\" href=\"https:\/\/diarioellabrador.cl\/index.php\/2026\/08\/31\/imputado-por-microtrafico-queda-con-libertad-vigilada\/\" \/>\n<meta property=\"og:locale\" content=\"es_ES\" \/>\n<meta property=\"og:type\" content=\"article\" \/>\n<meta property=\"og:title\" content=\"Imputado por microtr\u00e1fico queda con libertad vigilada - Diario El Labrador\" \/>\n<meta property=\"og:description\" content=\"En el Tribunal Oral en lo Penal de Melipilla se llev\u00f3 a cabo el juicio por el delito de microtr\u00e1fico, en contra de Sebasti\u00e1n E.C, mayor de edad, detenido el 14 de marzo de 2024. De acuerdo a la investigaci\u00f3n, los hechos ocurrieron el 14 de marzo mientras personal de Carabineros realizaba un patrullaje preventivo Leer m\u00e1s\" \/>\n<meta property=\"og:url\" content=\"https:\/\/diarioellabrador.cl\/index.php\/2026\/08\/31\/imputado-por-microtrafico-queda-con-libertad-vigilada\/\" \/>\n<meta property=\"og:site_name\" content=\"Diario El Labrador\" \/>\n<meta property=\"article:publisher\" content=\"https:\/\/web.facebook.com\/profile.php?id=61576120840621\" \/>\n<meta property=\"article:published_time\" content=\"2026-08-31T22:45:31+00:00\" \/>\n<meta property=\"article:modified_time\" content=\"2026-08-31T22:45:34+00:00\" \/>\n<meta property=\"og:image\" content=\"https:\/\/diarioellabrador.cl\/wp-content\/uploads\/2026\/08\/Imputado-por-microtrafico-queda-con-libertad-vigilada.png\" \/>\n\t<meta property=\"og:image:width\" content=\"501\" \/>\n\t<meta property=\"og:image:height\" content=\"573\" \/>\n\t<meta property=\"og:image:type\" content=\"image\/png\" \/>\n<meta name=\"author\" content=\"Editor\" \/>\n<meta name=\"twitter:card\" content=\"summary_large_image\" \/>\n<meta name=\"twitter:creator\" content=\"@ElLabradorOf\" \/>\n<meta name=\"twitter:site\" content=\"@ElLabradorOf\" \/>\n<meta name=\"twitter:label1\" content=\"Escrito por\" \/>\n\t<meta name=\"twitter:data1\" content=\"Editor\" \/>\n\t<meta name=\"twitter:label2\" content=\"Tiempo de lectura\" \/>\n\t<meta name=\"twitter:data2\" content=\"2 minutos\" \/>\n<script type=\"application\/ld+json\" class=\"yoast-schema-graph\">{\"@context\":\"https:\\\/\\\/schema.org\",\"@graph\":[{\"@type\":\"Article\",\"@id\":\"https:\\\/\\\/diarioellabrador.cl\\\/index.php\\\/2026\\\/08\\\/31\\\/imputado-por-microtrafico-queda-con-libertad-vigilada\\\/#article\",\"isPartOf\":{\"@id\":\"https:\\\/\\\/diarioellabrador.cl\\\/index.php\\\/2026\\\/08\\\/31\\\/imputado-por-microtrafico-queda-con-libertad-vigilada\\\/\"},\"author\":{\"name\":\"Editor\",\"@id\":\"https:\\\/\\\/diarioellabrador.cl\\\/#\\\/schema\\\/person\\\/bc25ff80b4563f9c7f4bd7855df01685\"},\"headline\":\"Imputado por microtr\u00e1fico queda con libertad vigilada\",\"datePublished\":\"2026-08-31T22:45:31+00:00\",\"dateModified\":\"2026-08-31T22:45:34+00:00\",\"mainEntityOfPage\":{\"@id\":\"https:\\\/\\\/diarioellabrador.cl\\\/index.php\\\/2026\\\/08\\\/31\\\/imputado-por-microtrafico-queda-con-libertad-vigilada\\\/\"},\"wordCount\":279,\"commentCount\":0,\"publisher\":{\"@id\":\"https:\\\/\\\/diarioellabrador.cl\\\/#organization\"},\"image\":{\"@id\":\"https:\\\/\\\/diarioellabrador.cl\\\/index.php\\\/2026\\\/08\\\/31\\\/imputado-por-microtrafico-queda-con-libertad-vigilada\\\/#primaryimage\"},\"thumbnailUrl\":\"https:\\\/\\\/diarioellabrador.cl\\\/wp-content\\\/uploads\\\/2026\\\/08\\\/Imputado-por-microtrafico-queda-con-libertad-vigilada.png\",\"articleSection\":[\"Policial\"],\"inLanguage\":\"es\",\"potentialAction\":[{\"@type\":\"CommentAction\",\"name\":\"Comment\",\"target\":[\"https:\\\/\\\/diarioellabrador.cl\\\/index.php\\\/2026\\\/08\\\/31\\\/imputado-por-microtrafico-queda-con-libertad-vigilada\\\/#respond\"]}]},{\"@type\":\"WebPage\",\"@id\":\"https:\\\/\\\/diarioellabrador.cl\\\/index.php\\\/2026\\\/08\\\/31\\\/imputado-por-microtrafico-queda-con-libertad-vigilada\\\/\",\"url\":\"https:\\\/\\\/diarioellabrador.cl\\\/index.php\\\/2026\\\/08\\\/31\\\/imputado-por-microtrafico-queda-con-libertad-vigilada\\\/\",\"name\":\"Imputado por microtr\u00e1fico queda con libertad vigilada - Diario El Labrador\",\"isPartOf\":{\"@id\":\"https:\\\/\\\/diarioellabrador.cl\\\/#website\"},\"primaryImageOfPage\":{\"@id\":\"https:\\\/\\\/diarioellabrador.cl\\\/index.php\\\/2026\\\/08\\\/31\\\/imputado-por-microtrafico-queda-con-libertad-vigilada\\\/#primaryimage\"},\"image\":{\"@id\":\"https:\\\/\\\/diarioellabrador.cl\\\/index.php\\\/2026\\\/08\\\/31\\\/imputado-por-microtrafico-queda-con-libertad-vigilada\\\/#primaryimage\"},\"thumbnailUrl\":\"https:\\\/\\\/diarioellabrador.cl\\\/wp-content\\\/uploads\\\/2026\\\/08\\\/Imputado-por-microtrafico-queda-con-libertad-vigilada.png\",\"datePublished\":\"2026-08-31T22:45:31+00:00\",\"dateModified\":\"2026-08-31T22:45:34+00:00\",\"breadcrumb\":{\"@id\":\"https:\\\/\\\/diarioellabrador.cl\\\/index.php\\\/2026\\\/08\\\/31\\\/imputado-por-microtrafico-queda-con-libertad-vigilada\\\/#breadcrumb\"},\"inLanguage\":\"es\",\"potentialAction\":[{\"@type\":\"ReadAction\",\"target\":[\"https:\\\/\\\/diarioellabrador.cl\\\/index.php\\\/2026\\\/08\\\/31\\\/imputado-por-microtrafico-queda-con-libertad-vigilada\\\/\"]}]},{\"@type\":\"ImageObject\",\"inLanguage\":\"es\",\"@id\":\"https:\\\/\\\/diarioellabrador.cl\\\/index.php\\\/2026\\\/08\\\/31\\\/imputado-por-microtrafico-queda-con-libertad-vigilada\\\/#primaryimage\",\"url\":\"https:\\\/\\\/diarioellabrador.cl\\\/wp-content\\\/uploads\\\/2026\\\/08\\\/Imputado-por-microtrafico-queda-con-libertad-vigilada.png\",\"contentUrl\":\"https:\\\/\\\/diarioellabrador.cl\\\/wp-content\\\/uploads\\\/2026\\\/08\\\/Imputado-por-microtrafico-queda-con-libertad-vigilada.png\",\"width\":501,\"height\":573},{\"@type\":\"BreadcrumbList\",\"@id\":\"https:\\\/\\\/diarioellabrador.cl\\\/index.php\\\/2026\\\/08\\\/31\\\/imputado-por-microtrafico-queda-con-libertad-vigilada\\\/#breadcrumb\",\"itemListElement\":[{\"@type\":\"ListItem\",\"position\":1,\"name\":\"Portada\",\"item\":\"https:\\\/\\\/diarioellabrador.cl\\\/\"},{\"@type\":\"ListItem\",\"position\":2,\"name\":\"Imputado por microtr\u00e1fico queda con libertad vigilada\"}]},{\"@type\":\"WebSite\",\"@id\":\"https:\\\/\\\/diarioellabrador.cl\\\/#website\",\"url\":\"https:\\\/\\\/diarioellabrador.cl\\\/\",\"name\":\"Diario El Labrador\",\"description\":\"Haciendo noticia desde 1921\",\"publisher\":{\"@id\":\"https:\\\/\\\/diarioellabrador.cl\\\/#organization\"},\"potentialAction\":[{\"@type\":\"SearchAction\",\"target\":{\"@type\":\"EntryPoint\",\"urlTemplate\":\"https:\\\/\\\/diarioellabrador.cl\\\/?s={search_term_string}\"},\"query-input\":{\"@type\":\"PropertyValueSpecification\",\"valueRequired\":true,\"valueName\":\"search_term_string\"}}],\"inLanguage\":\"es\"},{\"@type\":\"Organization\",\"@id\":\"https:\\\/\\\/diarioellabrador.cl\\\/#organization\",\"name\":\"Diario El Labrador\",\"url\":\"https:\\\/\\\/diarioellabrador.cl\\\/\",\"logo\":{\"@type\":\"ImageObject\",\"inLanguage\":\"es\",\"@id\":\"https:\\\/\\\/diarioellabrador.cl\\\/#\\\/schema\\\/logo\\\/image\\\/\",\"url\":\"https:\\\/\\\/diarioellabrador.cl\\\/wp-content\\\/uploads\\\/2025\\\/02\\\/cropped-Logo-Icono.png\",\"contentUrl\":\"https:\\\/\\\/diarioellabrador.cl\\\/wp-content\\\/uploads\\\/2025\\\/02\\\/cropped-Logo-Icono.png\",\"width\":512,\"height\":512,\"caption\":\"Diario El Labrador\"},\"image\":{\"@id\":\"https:\\\/\\\/diarioellabrador.cl\\\/#\\\/schema\\\/logo\\\/image\\\/\"},\"sameAs\":[\"https:\\\/\\\/web.facebook.com\\\/profile.php?id=61576120840621\",\"https:\\\/\\\/x.com\\\/ElLabradorOf\",\"https:\\\/\\\/www.instagram.com\\\/diarioellabradoroficial\\\/\"]},{\"@type\":\"Person\",\"@id\":\"https:\\\/\\\/diarioellabrador.cl\\\/#\\\/schema\\\/person\\\/bc25ff80b4563f9c7f4bd7855df01685\",\"name\":\"Editor\",\"image\":{\"@type\":\"ImageObject\",\"inLanguage\":\"es\",\"@id\":\"https:\\\/\\\/secure.gravatar.com\\\/avatar\\\/109c326cf2be5c04f048c2c2a2b8b6ef44bf3d8d1d3d4c55d0ac40c4bc994684?s=96&d=initials&r=g&initials=ed\",\"url\":\"https:\\\/\\\/secure.gravatar.com\\\/avatar\\\/109c326cf2be5c04f048c2c2a2b8b6ef44bf3d8d1d3d4c55d0ac40c4bc994684?s=96&d=initials&r=g&initials=ed\",\"contentUrl\":\"https:\\\/\\\/secure.gravatar.com\\\/avatar\\\/109c326cf2be5c04f048c2c2a2b8b6ef44bf3d8d1d3d4c55d0ac40c4bc994684?s=96&d=initials&r=g&initials=ed\",\"caption\":\"Editor\"},\"url\":\"https:\\\/\\\/diarioellabrador.cl\\\/index.php\\\/author\\\/editor\\\/\"}]}<\/script>\n<!-- \/ Yoast SEO plugin. -->","yoast_head_json":{"title":"Imputado por microtr\u00e1fico queda con libertad vigilada - Diario El Labrador","robots":{"index":"index","follow":"follow","max-snippet":"max-snippet:-1","max-image-preview":"max-image-preview:large","max-video-preview":"max-video-preview:-1"},"canonical":"https:\/\/diarioellabrador.cl\/index.php\/2026\/08\/31\/imputado-por-microtrafico-queda-con-libertad-vigilada\/","og_locale":"es_ES","og_type":"article","og_title":"Imputado por microtr\u00e1fico queda con libertad vigilada - Diario El Labrador","og_description":"En el Tribunal Oral en lo Penal de Melipilla se llev\u00f3 a cabo el juicio por el delito de microtr\u00e1fico, en contra de Sebasti\u00e1n E.C, mayor de edad, detenido el 14 de marzo de 2024. De acuerdo a la investigaci\u00f3n, los hechos ocurrieron el 14 de marzo mientras personal de Carabineros realizaba un patrullaje preventivo Leer m\u00e1s","og_url":"https:\/\/diarioellabrador.cl\/index.php\/2026\/08\/31\/imputado-por-microtrafico-queda-con-libertad-vigilada\/","og_site_name":"Diario El Labrador","article_publisher":"https:\/\/web.facebook.com\/profile.php?id=61576120840621","article_published_time":"2026-08-31T22:45:31+00:00","article_modified_time":"2026-08-31T22:45:34+00:00","og_image":[{"width":501,"height":573,"url":"https:\/\/diarioellabrador.cl\/wp-content\/uploads\/2026\/08\/Imputado-por-microtrafico-queda-con-libertad-vigilada.png","type":"image\/png"}],"author":"Editor","twitter_card":"summary_large_image","twitter_creator":"@ElLabradorOf","twitter_site":"@ElLabradorOf","twitter_misc":{"Escrito por":"Editor","Tiempo de lectura":"2 minutos"},"schema":{"@context":"https:\/\/schema.org","@graph":[{"@type":"Article","@id":"https:\/\/diarioellabrador.cl\/index.php\/2026\/08\/31\/imputado-por-microtrafico-queda-con-libertad-vigilada\/#article","isPartOf":{"@id":"https:\/\/diarioellabrador.cl\/index.php\/2026\/08\/31\/imputado-por-microtrafico-queda-con-libertad-vigilada\/"},"author":{"name":"Editor","@id":"https:\/\/diarioellabrador.cl\/#\/schema\/person\/bc25ff80b4563f9c7f4bd7855df01685"},"headline":"Imputado por microtr\u00e1fico queda con libertad vigilada","datePublished":"2026-08-31T22:45:31+00:00","dateModified":"2026-08-31T22:45:34+00:00","mainEntityOfPage":{"@id":"https:\/\/diarioellabrador.cl\/index.php\/2026\/08\/31\/imputado-por-microtrafico-queda-con-libertad-vigilada\/"},"wordCount":279,"commentCount":0,"publisher":{"@id":"https:\/\/diarioellabrador.cl\/#organization"},"image":{"@id":"https:\/\/diarioellabrador.cl\/index.php\/2026\/08\/31\/imputado-por-microtrafico-queda-con-libertad-vigilada\/#primaryimage"},"thumbnailUrl":"https:\/\/diarioellabrador.cl\/wp-content\/uploads\/2026\/08\/Imputado-por-microtrafico-queda-con-libertad-vigilada.png","articleSection":["Policial"],"inLanguage":"es","potentialAction":[{"@type":"CommentAction","name":"Comment","target":["https:\/\/diarioellabrador.cl\/index.php\/2026\/08\/31\/imputado-por-microtrafico-queda-con-libertad-vigilada\/#respond"]}]},{"@type":"WebPage","@id":"https:\/\/diarioellabrador.cl\/index.php\/2026\/08\/31\/imputado-por-microtrafico-queda-con-libertad-vigilada\/","url":"https:\/\/diarioellabrador.cl\/index.php\/2026\/08\/31\/imputado-por-microtrafico-queda-con-libertad-vigilada\/","name":"Imputado por microtr\u00e1fico queda con libertad vigilada - Diario El Labrador","isPartOf":{"@id":"https:\/\/diarioellabrador.cl\/#website"},"primaryImageOfPage":{"@id":"https:\/\/diarioellabrador.cl\/index.php\/2026\/08\/31\/imputado-por-microtrafico-queda-con-libertad-vigilada\/#primaryimage"},"image":{"@id":"https:\/\/diarioellabrador.cl\/index.php\/2026\/08\/31\/imputado-por-microtrafico-queda-con-libertad-vigilada\/#primaryimage"},"thumbnailUrl":"https:\/\/diarioellabrador.cl\/wp-content\/uploads\/2026\/08\/Imputado-por-microtrafico-queda-con-libertad-vigilada.png","datePublished":"2026-08-31T22:45:31+00:00","dateModified":"2026-08-31T22:45:34+00:00","breadcrumb":{"@id":"https:\/\/diarioellabrador.cl\/index.php\/2026\/08\/31\/imputado-por-microtrafico-queda-con-libertad-vigilada\/#breadcrumb"},"inLanguage":"es","potentialAction":[{"@type":"ReadAction","target":["https:\/\/diarioellabrador.cl\/index.php\/2026\/08\/31\/imputado-por-microtrafico-queda-con-libertad-vigilada\/"]}]},{"@type":"ImageObject","inLanguage":"es","@id":"https:\/\/diarioellabrador.cl\/index.php\/2026\/08\/31\/imputado-por-microtrafico-queda-con-libertad-vigilada\/#primaryimage","url":"https:\/\/diarioellabrador.cl\/wp-content\/uploads\/2026\/08\/Imputado-por-microtrafico-queda-con-libertad-vigilada.png","contentUrl":"https:\/\/diarioellabrador.cl\/wp-content\/uploads\/2026\/08\/Imputado-por-microtrafico-queda-con-libertad-vigilada.png","width":501,"height":573},{"@type":"BreadcrumbList","@id":"https:\/\/diarioellabrador.cl\/index.php\/2026\/08\/31\/imputado-por-microtrafico-queda-con-libertad-vigilada\/#breadcrumb","itemListElement":[{"@type":"ListItem","position":1,"name":"Portada","item":"https:\/\/diarioellabrador.cl\/"},{"@type":"ListItem","position":2,"name":"Imputado por microtr\u00e1fico queda con libertad vigilada"}]},{"@type":"WebSite","@id":"https:\/\/diarioellabrador.cl\/#website","url":"https:\/\/diarioellabrador.cl\/","name":"Diario El Labrador","description":"Haciendo noticia desde 1921","publisher":{"@id":"https:\/\/diarioellabrador.cl\/#organization"},"potentialAction":[{"@type":"SearchAction","target":{"@type":"EntryPoint","urlTemplate":"https:\/\/diarioellabrador.cl\/?s={search_term_string}"},"query-input":{"@type":"PropertyValueSpecification","valueRequired":true,"valueName":"search_term_string"}}],"inLanguage":"es"},{"@type":"Organization","@id":"https:\/\/diarioellabrador.cl\/#organization","name":"Diario El Labrador","url":"https:\/\/diarioellabrador.cl\/","logo":{"@type":"ImageObject","inLanguage":"es","@id":"https:\/\/diarioellabrador.cl\/#\/schema\/logo\/image\/","url":"https:\/\/diarioellabrador.cl\/wp-content\/uploads\/2025\/02\/cropped-Logo-Icono.png","contentUrl":"https:\/\/diarioellabrador.cl\/wp-content\/uploads\/2025\/02\/cropped-Logo-Icono.png","width":512,"height":512,"caption":"Diario El Labrador"},"image":{"@id":"https:\/\/diarioellabrador.cl\/#\/schema\/logo\/image\/"},"sameAs":["https:\/\/web.facebook.com\/profile.php?id=61576120840621","https:\/\/x.com\/ElLabradorOf","https:\/\/www.instagram.com\/diarioellabradoroficial\/"]},{"@type":"Person","@id":"https:\/\/diarioellabrador.cl\/#\/schema\/person\/bc25ff80b4563f9c7f4bd7855df01685","name":"Editor","image":{"@type":"ImageObject","inLanguage":"es","@id":"https:\/\/secure.gravatar.com\/avatar\/109c326cf2be5c04f048c2c2a2b8b6ef44bf3d8d1d3d4c55d0ac40c4bc994684?s=96&d=initials&r=g&initials=ed","url":"https:\/\/secure.gravatar.com\/avatar\/109c326cf2be5c04f048c2c2a2b8b6ef44bf3d8d1d3d4c55d0ac40c4bc994684?s=96&d=initials&r=g&initials=ed","contentUrl":"https:\/\/secure.gravatar.com\/avatar\/109c326cf2be5c04f048c2c2a2b8b6ef44bf3d8d1d3d4c55d0ac40c4bc994684?s=96&d=initials&r=g&initials=ed","caption":"Editor"},"url":"https:\/\/diarioellabrador.cl\/index.php\/author\/editor\/"}]}},"_links":{"self":[{"href":"https:\/\/diarioellabrador.cl\/index.php\/wp-json\/wp\/v2\/posts\/24297","targetHints":{"allow":["GET"]}}],"collection":[{"href":"https:\/\/diarioellabrador.cl\/index.php\/wp-json\/wp\/v2\/posts"}],"about":[{"href":"https:\/\/diarioellabrador.cl\/index.php\/wp-json\/wp\/v2\/types\/post"}],"author":[{"embeddable":true,"href":"https:\/\/diarioellabrador.cl\/index.php\/wp-json\/wp\/v2\/users\/2"}],"replies":[{"embeddable":true,"href":"https:\/\/diarioellabrador.cl\/index.php\/wp-json\/wp\/v2\/comments?post=24297"}],"version-history":[{"count":1,"href":"https:\/\/diarioellabrador.cl\/index.php\/wp-json\/wp\/v2\/posts\/24297\/revisions"}],"predecessor-version":[{"id":24298,"href":"https:\/\/diarioellabrador.cl\/index.php\/wp-json\/wp\/v2\/posts\/24297\/revisions\/24298"}],"wp:featuredmedia":[{"embeddable":true,"href":"https:\/\/diarioellabrador.cl\/index.php\/wp-json\/wp\/v2\/media\/24275"}],"wp:attachment":[{"href":"https:\/\/diarioellabrador.cl\/index.php\/wp-json\/wp\/v2\/media?parent=24297"}],"wp:term":[{"taxonomy":"category","embeddable":true,"href":"https:\/\/diarioellabrador.cl\/index.php\/wp-json\/wp\/v2\/categories?post=24297"},{"taxonomy":"post_tag","embeddable":true,"href":"https:\/\/diarioellabrador.cl\/index.php\/wp-json\/wp\/v2\/tags?post=24297"}],"curies":[{"name":"wp","href":"https:\/\/api.w.org\/{rel}","templated":true}]}}