{"id":24293,"date":"2026-08-31T18:39:59","date_gmt":"2026-08-31T22:39:59","guid":{"rendered":"https:\/\/diarioellabrador.cl\/?p=24293"},"modified":"2026-08-31T18:40:04","modified_gmt":"2026-08-31T22:40:04","slug":"prision-para-sujeto-por-el-delito-de-robo-con-fuerza-en-la-foresta","status":"publish","type":"post","link":"https:\/\/diarioellabrador.cl\/index.php\/2026\/08\/31\/prision-para-sujeto-por-el-delito-de-robo-con-fuerza-en-la-foresta\/","title":{"rendered":"Prisi\u00f3n para sujeto por el delito de robo con fuerza en La Foresta"},"content":{"rendered":"\n<p class=\"wp-block-paragraph\">En el Tribunal de Garant\u00eda de Melipilla se realiz\u00f3 el procedimiento abreviado, por el delito de robo con violencia.<\/p>\n\n\n\n<p class=\"wp-block-paragraph\">En la instancia se indic\u00f3 que los hechos se registraron cerca de las 09:30 horas del pasado 6 de noviembre de 2025, cuando el acusado ingres\u00f3 mediante escalamiento a un inmueble ubicado en el pasaje Lago Ri\u00f1ihue, poblaci\u00f3n La Foresta.<\/p>\n\n\n\n<p class=\"wp-block-paragraph\">De acuerdo con los antecedentes establecidos en la causa, el sujeto habr\u00eda saltado el cierre perimetral de la vivienda y posteriormente rompi\u00f3 las chapas de acceso para ingresar al domicilio.<\/p>\n\n\n\n<p class=\"wp-block-paragraph\">Una vez en el interior, sustrajo tres mochilas que conten\u00edan dos computadores notebook, especies que fueron avaluadas en aproximadamente $2 millones. Sin embargo, el propietario de la vivienda sorprendi\u00f3 al sujeto mientras se encontraba al interior del inmueble.<\/p>\n\n\n\n<p class=\"wp-block-paragraph\">Ante esta situaci\u00f3n, el delincuente huy\u00f3 con las especies en su poder, escapando por el techo de la vivienda hacia domicilios aleda\u00f1os. La fuga termin\u00f3 cuando vecinos del sector lograron detenerlo, manteni\u00e9ndolo retenido junto a las especies sustra\u00eddas hasta que se concret\u00f3 su detenci\u00f3n.<\/p>\n\n\n\n<p class=\"wp-block-paragraph\">Por estos hechos, el tribunal conden\u00f3 a Javier V.M. como autor del delito de robo con fuerza en lugar habitado, imponi\u00e9ndole una pena de 3 a\u00f1os y 1 d\u00eda de presidio menor en su grado m\u00e1ximo.<\/p>\n\n\n\n<p class=\"wp-block-paragraph\"><\/p>\n","protected":false},"excerpt":{"rendered":"<p>En el Tribunal de Garant\u00eda de Melipilla se realiz\u00f3 el procedimiento abreviado, por el delito de robo con violencia. En la instancia se indic\u00f3 que los hechos se registraron cerca de las 09:30 horas del pasado 6 de noviembre de 2025, cuando el acusado ingres\u00f3 mediante escalamiento a un inmueble ubicado en el pasaje Lago<\/p>\n<div class=\"read-more-wrapper\"><a class=\"read-more\" href=\"https:\/\/diarioellabrador.cl\/index.php\/2026\/08\/31\/prision-para-sujeto-por-el-delito-de-robo-con-fuerza-en-la-foresta\/\" title=\"Leer m\u00e1s\"> <span class=\"button \">Leer m\u00e1s<\/span><\/a><\/div>\n","protected":false},"author":2,"featured_media":24276,"comment_status":"open","ping_status":"open","sticky":false,"template":"","format":"standard","meta":{"footnotes":"","_members_access_role":[],"_members_access_error":""},"categories":[3],"tags":[],"class_list":["post-24293","post","type-post","status-publish","format-standard","has-post-thumbnail","hentry","category-policial"],"yoast_head":"<!-- This site is optimized with the Yoast SEO plugin v28.4 - https:\/\/yoast.com\/product\/yoast-seo-wordpress\/ -->\n<title>Prisi\u00f3n para sujeto por el delito de robo con fuerza en La Foresta - Diario El Labrador<\/title>\n<meta name=\"robots\" content=\"index, follow, max-snippet:-1, max-image-preview:large, max-video-preview:-1\" \/>\n<link rel=\"canonical\" href=\"https:\/\/diarioellabrador.cl\/index.php\/2026\/08\/31\/prision-para-sujeto-por-el-delito-de-robo-con-fuerza-en-la-foresta\/\" \/>\n<meta property=\"og:locale\" content=\"es_ES\" \/>\n<meta property=\"og:type\" content=\"article\" \/>\n<meta property=\"og:title\" content=\"Prisi\u00f3n para sujeto por el delito de robo con fuerza en La Foresta - Diario El Labrador\" \/>\n<meta property=\"og:description\" content=\"En el Tribunal de Garant\u00eda de Melipilla se realiz\u00f3 el procedimiento abreviado, por el delito de robo con violencia. En la instancia se indic\u00f3 que los hechos se registraron cerca de las 09:30 horas del pasado 6 de noviembre de 2025, cuando el acusado ingres\u00f3 mediante escalamiento a un inmueble ubicado en el pasaje Lago Leer m\u00e1s\" \/>\n<meta property=\"og:url\" content=\"https:\/\/diarioellabrador.cl\/index.php\/2026\/08\/31\/prision-para-sujeto-por-el-delito-de-robo-con-fuerza-en-la-foresta\/\" \/>\n<meta property=\"og:site_name\" content=\"Diario El Labrador\" \/>\n<meta property=\"article:publisher\" content=\"https:\/\/web.facebook.com\/profile.php?id=61576120840621\" \/>\n<meta property=\"article:published_time\" content=\"2026-08-31T22:39:59+00:00\" \/>\n<meta property=\"article:modified_time\" content=\"2026-08-31T22:40:04+00:00\" \/>\n<meta property=\"og:image\" content=\"https:\/\/diarioellabrador.cl\/wp-content\/uploads\/2026\/08\/Prision-para-sujeto-por-el-delito-de-robo-con-fuerza-en-La-Foresta.png\" \/>\n\t<meta property=\"og:image:width\" content=\"794\" \/>\n\t<meta property=\"og:image:height\" content=\"400\" \/>\n\t<meta property=\"og:image:type\" content=\"image\/png\" \/>\n<meta name=\"author\" content=\"Editor\" \/>\n<meta name=\"twitter:card\" content=\"summary_large_image\" \/>\n<meta name=\"twitter:creator\" content=\"@ElLabradorOf\" \/>\n<meta name=\"twitter:site\" content=\"@ElLabradorOf\" \/>\n<meta name=\"twitter:label1\" content=\"Escrito por\" \/>\n\t<meta name=\"twitter:data1\" content=\"Editor\" \/>\n\t<meta name=\"twitter:label2\" content=\"Tiempo de lectura\" \/>\n\t<meta name=\"twitter:data2\" content=\"2 minutos\" \/>\n<script type=\"application\/ld+json\" class=\"yoast-schema-graph\">{\"@context\":\"https:\\\/\\\/schema.org\",\"@graph\":[{\"@type\":\"Article\",\"@id\":\"https:\\\/\\\/diarioellabrador.cl\\\/index.php\\\/2026\\\/08\\\/31\\\/prision-para-sujeto-por-el-delito-de-robo-con-fuerza-en-la-foresta\\\/#article\",\"isPartOf\":{\"@id\":\"https:\\\/\\\/diarioellabrador.cl\\\/index.php\\\/2026\\\/08\\\/31\\\/prision-para-sujeto-por-el-delito-de-robo-con-fuerza-en-la-foresta\\\/\"},\"author\":{\"name\":\"Editor\",\"@id\":\"https:\\\/\\\/diarioellabrador.cl\\\/#\\\/schema\\\/person\\\/bc25ff80b4563f9c7f4bd7855df01685\"},\"headline\":\"Prisi\u00f3n para sujeto por el delito de robo con fuerza en La Foresta\",\"datePublished\":\"2026-08-31T22:39:59+00:00\",\"dateModified\":\"2026-08-31T22:40:04+00:00\",\"mainEntityOfPage\":{\"@id\":\"https:\\\/\\\/diarioellabrador.cl\\\/index.php\\\/2026\\\/08\\\/31\\\/prision-para-sujeto-por-el-delito-de-robo-con-fuerza-en-la-foresta\\\/\"},\"wordCount\":230,\"commentCount\":0,\"publisher\":{\"@id\":\"https:\\\/\\\/diarioellabrador.cl\\\/#organization\"},\"image\":{\"@id\":\"https:\\\/\\\/diarioellabrador.cl\\\/index.php\\\/2026\\\/08\\\/31\\\/prision-para-sujeto-por-el-delito-de-robo-con-fuerza-en-la-foresta\\\/#primaryimage\"},\"thumbnailUrl\":\"https:\\\/\\\/diarioellabrador.cl\\\/wp-content\\\/uploads\\\/2026\\\/08\\\/Prision-para-sujeto-por-el-delito-de-robo-con-fuerza-en-La-Foresta.png\",\"articleSection\":[\"Policial\"],\"inLanguage\":\"es\",\"potentialAction\":[{\"@type\":\"CommentAction\",\"name\":\"Comment\",\"target\":[\"https:\\\/\\\/diarioellabrador.cl\\\/index.php\\\/2026\\\/08\\\/31\\\/prision-para-sujeto-por-el-delito-de-robo-con-fuerza-en-la-foresta\\\/#respond\"]}]},{\"@type\":\"WebPage\",\"@id\":\"https:\\\/\\\/diarioellabrador.cl\\\/index.php\\\/2026\\\/08\\\/31\\\/prision-para-sujeto-por-el-delito-de-robo-con-fuerza-en-la-foresta\\\/\",\"url\":\"https:\\\/\\\/diarioellabrador.cl\\\/index.php\\\/2026\\\/08\\\/31\\\/prision-para-sujeto-por-el-delito-de-robo-con-fuerza-en-la-foresta\\\/\",\"name\":\"Prisi\u00f3n para sujeto por el delito de robo con fuerza en La Foresta - Diario El Labrador\",\"isPartOf\":{\"@id\":\"https:\\\/\\\/diarioellabrador.cl\\\/#website\"},\"primaryImageOfPage\":{\"@id\":\"https:\\\/\\\/diarioellabrador.cl\\\/index.php\\\/2026\\\/08\\\/31\\\/prision-para-sujeto-por-el-delito-de-robo-con-fuerza-en-la-foresta\\\/#primaryimage\"},\"image\":{\"@id\":\"https:\\\/\\\/diarioellabrador.cl\\\/index.php\\\/2026\\\/08\\\/31\\\/prision-para-sujeto-por-el-delito-de-robo-con-fuerza-en-la-foresta\\\/#primaryimage\"},\"thumbnailUrl\":\"https:\\\/\\\/diarioellabrador.cl\\\/wp-content\\\/uploads\\\/2026\\\/08\\\/Prision-para-sujeto-por-el-delito-de-robo-con-fuerza-en-La-Foresta.png\",\"datePublished\":\"2026-08-31T22:39:59+00:00\",\"dateModified\":\"2026-08-31T22:40:04+00:00\",\"breadcrumb\":{\"@id\":\"https:\\\/\\\/diarioellabrador.cl\\\/index.php\\\/2026\\\/08\\\/31\\\/prision-para-sujeto-por-el-delito-de-robo-con-fuerza-en-la-foresta\\\/#breadcrumb\"},\"inLanguage\":\"es\",\"potentialAction\":[{\"@type\":\"ReadAction\",\"target\":[\"https:\\\/\\\/diarioellabrador.cl\\\/index.php\\\/2026\\\/08\\\/31\\\/prision-para-sujeto-por-el-delito-de-robo-con-fuerza-en-la-foresta\\\/\"]}]},{\"@type\":\"ImageObject\",\"inLanguage\":\"es\",\"@id\":\"https:\\\/\\\/diarioellabrador.cl\\\/index.php\\\/2026\\\/08\\\/31\\\/prision-para-sujeto-por-el-delito-de-robo-con-fuerza-en-la-foresta\\\/#primaryimage\",\"url\":\"https:\\\/\\\/diarioellabrador.cl\\\/wp-content\\\/uploads\\\/2026\\\/08\\\/Prision-para-sujeto-por-el-delito-de-robo-con-fuerza-en-La-Foresta.png\",\"contentUrl\":\"https:\\\/\\\/diarioellabrador.cl\\\/wp-content\\\/uploads\\\/2026\\\/08\\\/Prision-para-sujeto-por-el-delito-de-robo-con-fuerza-en-La-Foresta.png\",\"width\":794,\"height\":400},{\"@type\":\"BreadcrumbList\",\"@id\":\"https:\\\/\\\/diarioellabrador.cl\\\/index.php\\\/2026\\\/08\\\/31\\\/prision-para-sujeto-por-el-delito-de-robo-con-fuerza-en-la-foresta\\\/#breadcrumb\",\"itemListElement\":[{\"@type\":\"ListItem\",\"position\":1,\"name\":\"Portada\",\"item\":\"https:\\\/\\\/diarioellabrador.cl\\\/\"},{\"@type\":\"ListItem\",\"position\":2,\"name\":\"Prisi\u00f3n para sujeto por el delito de robo con fuerza en La Foresta\"}]},{\"@type\":\"WebSite\",\"@id\":\"https:\\\/\\\/diarioellabrador.cl\\\/#website\",\"url\":\"https:\\\/\\\/diarioellabrador.cl\\\/\",\"name\":\"Diario El Labrador\",\"description\":\"Haciendo noticia desde 1921\",\"publisher\":{\"@id\":\"https:\\\/\\\/diarioellabrador.cl\\\/#organization\"},\"potentialAction\":[{\"@type\":\"SearchAction\",\"target\":{\"@type\":\"EntryPoint\",\"urlTemplate\":\"https:\\\/\\\/diarioellabrador.cl\\\/?s={search_term_string}\"},\"query-input\":{\"@type\":\"PropertyValueSpecification\",\"valueRequired\":true,\"valueName\":\"search_term_string\"}}],\"inLanguage\":\"es\"},{\"@type\":\"Organization\",\"@id\":\"https:\\\/\\\/diarioellabrador.cl\\\/#organization\",\"name\":\"Diario El Labrador\",\"url\":\"https:\\\/\\\/diarioellabrador.cl\\\/\",\"logo\":{\"@type\":\"ImageObject\",\"inLanguage\":\"es\",\"@id\":\"https:\\\/\\\/diarioellabrador.cl\\\/#\\\/schema\\\/logo\\\/image\\\/\",\"url\":\"https:\\\/\\\/diarioellabrador.cl\\\/wp-content\\\/uploads\\\/2025\\\/02\\\/cropped-Logo-Icono.png\",\"contentUrl\":\"https:\\\/\\\/diarioellabrador.cl\\\/wp-content\\\/uploads\\\/2025\\\/02\\\/cropped-Logo-Icono.png\",\"width\":512,\"height\":512,\"caption\":\"Diario El Labrador\"},\"image\":{\"@id\":\"https:\\\/\\\/diarioellabrador.cl\\\/#\\\/schema\\\/logo\\\/image\\\/\"},\"sameAs\":[\"https:\\\/\\\/web.facebook.com\\\/profile.php?id=61576120840621\",\"https:\\\/\\\/x.com\\\/ElLabradorOf\",\"https:\\\/\\\/www.instagram.com\\\/diarioellabradoroficial\\\/\"]},{\"@type\":\"Person\",\"@id\":\"https:\\\/\\\/diarioellabrador.cl\\\/#\\\/schema\\\/person\\\/bc25ff80b4563f9c7f4bd7855df01685\",\"name\":\"Editor\",\"image\":{\"@type\":\"ImageObject\",\"inLanguage\":\"es\",\"@id\":\"https:\\\/\\\/secure.gravatar.com\\\/avatar\\\/109c326cf2be5c04f048c2c2a2b8b6ef44bf3d8d1d3d4c55d0ac40c4bc994684?s=96&d=initials&r=g&initials=ed\",\"url\":\"https:\\\/\\\/secure.gravatar.com\\\/avatar\\\/109c326cf2be5c04f048c2c2a2b8b6ef44bf3d8d1d3d4c55d0ac40c4bc994684?s=96&d=initials&r=g&initials=ed\",\"contentUrl\":\"https:\\\/\\\/secure.gravatar.com\\\/avatar\\\/109c326cf2be5c04f048c2c2a2b8b6ef44bf3d8d1d3d4c55d0ac40c4bc994684?s=96&d=initials&r=g&initials=ed\",\"caption\":\"Editor\"},\"url\":\"https:\\\/\\\/diarioellabrador.cl\\\/index.php\\\/author\\\/editor\\\/\"}]}<\/script>\n<!-- \/ Yoast SEO plugin. -->","yoast_head_json":{"title":"Prisi\u00f3n para sujeto por el delito de robo con fuerza en La Foresta - Diario El Labrador","robots":{"index":"index","follow":"follow","max-snippet":"max-snippet:-1","max-image-preview":"max-image-preview:large","max-video-preview":"max-video-preview:-1"},"canonical":"https:\/\/diarioellabrador.cl\/index.php\/2026\/08\/31\/prision-para-sujeto-por-el-delito-de-robo-con-fuerza-en-la-foresta\/","og_locale":"es_ES","og_type":"article","og_title":"Prisi\u00f3n para sujeto por el delito de robo con fuerza en La Foresta - Diario El Labrador","og_description":"En el Tribunal de Garant\u00eda de Melipilla se realiz\u00f3 el procedimiento abreviado, por el delito de robo con violencia. En la instancia se indic\u00f3 que los hechos se registraron cerca de las 09:30 horas del pasado 6 de noviembre de 2025, cuando el acusado ingres\u00f3 mediante escalamiento a un inmueble ubicado en el pasaje Lago Leer m\u00e1s","og_url":"https:\/\/diarioellabrador.cl\/index.php\/2026\/08\/31\/prision-para-sujeto-por-el-delito-de-robo-con-fuerza-en-la-foresta\/","og_site_name":"Diario El Labrador","article_publisher":"https:\/\/web.facebook.com\/profile.php?id=61576120840621","article_published_time":"2026-08-31T22:39:59+00:00","article_modified_time":"2026-08-31T22:40:04+00:00","og_image":[{"width":794,"height":400,"url":"https:\/\/diarioellabrador.cl\/wp-content\/uploads\/2026\/08\/Prision-para-sujeto-por-el-delito-de-robo-con-fuerza-en-La-Foresta.png","type":"image\/png"}],"author":"Editor","twitter_card":"summary_large_image","twitter_creator":"@ElLabradorOf","twitter_site":"@ElLabradorOf","twitter_misc":{"Escrito por":"Editor","Tiempo de lectura":"2 minutos"},"schema":{"@context":"https:\/\/schema.org","@graph":[{"@type":"Article","@id":"https:\/\/diarioellabrador.cl\/index.php\/2026\/08\/31\/prision-para-sujeto-por-el-delito-de-robo-con-fuerza-en-la-foresta\/#article","isPartOf":{"@id":"https:\/\/diarioellabrador.cl\/index.php\/2026\/08\/31\/prision-para-sujeto-por-el-delito-de-robo-con-fuerza-en-la-foresta\/"},"author":{"name":"Editor","@id":"https:\/\/diarioellabrador.cl\/#\/schema\/person\/bc25ff80b4563f9c7f4bd7855df01685"},"headline":"Prisi\u00f3n para sujeto por el delito de robo con fuerza en La Foresta","datePublished":"2026-08-31T22:39:59+00:00","dateModified":"2026-08-31T22:40:04+00:00","mainEntityOfPage":{"@id":"https:\/\/diarioellabrador.cl\/index.php\/2026\/08\/31\/prision-para-sujeto-por-el-delito-de-robo-con-fuerza-en-la-foresta\/"},"wordCount":230,"commentCount":0,"publisher":{"@id":"https:\/\/diarioellabrador.cl\/#organization"},"image":{"@id":"https:\/\/diarioellabrador.cl\/index.php\/2026\/08\/31\/prision-para-sujeto-por-el-delito-de-robo-con-fuerza-en-la-foresta\/#primaryimage"},"thumbnailUrl":"https:\/\/diarioellabrador.cl\/wp-content\/uploads\/2026\/08\/Prision-para-sujeto-por-el-delito-de-robo-con-fuerza-en-La-Foresta.png","articleSection":["Policial"],"inLanguage":"es","potentialAction":[{"@type":"CommentAction","name":"Comment","target":["https:\/\/diarioellabrador.cl\/index.php\/2026\/08\/31\/prision-para-sujeto-por-el-delito-de-robo-con-fuerza-en-la-foresta\/#respond"]}]},{"@type":"WebPage","@id":"https:\/\/diarioellabrador.cl\/index.php\/2026\/08\/31\/prision-para-sujeto-por-el-delito-de-robo-con-fuerza-en-la-foresta\/","url":"https:\/\/diarioellabrador.cl\/index.php\/2026\/08\/31\/prision-para-sujeto-por-el-delito-de-robo-con-fuerza-en-la-foresta\/","name":"Prisi\u00f3n para sujeto por el delito de robo con fuerza en La Foresta - Diario El Labrador","isPartOf":{"@id":"https:\/\/diarioellabrador.cl\/#website"},"primaryImageOfPage":{"@id":"https:\/\/diarioellabrador.cl\/index.php\/2026\/08\/31\/prision-para-sujeto-por-el-delito-de-robo-con-fuerza-en-la-foresta\/#primaryimage"},"image":{"@id":"https:\/\/diarioellabrador.cl\/index.php\/2026\/08\/31\/prision-para-sujeto-por-el-delito-de-robo-con-fuerza-en-la-foresta\/#primaryimage"},"thumbnailUrl":"https:\/\/diarioellabrador.cl\/wp-content\/uploads\/2026\/08\/Prision-para-sujeto-por-el-delito-de-robo-con-fuerza-en-La-Foresta.png","datePublished":"2026-08-31T22:39:59+00:00","dateModified":"2026-08-31T22:40:04+00:00","breadcrumb":{"@id":"https:\/\/diarioellabrador.cl\/index.php\/2026\/08\/31\/prision-para-sujeto-por-el-delito-de-robo-con-fuerza-en-la-foresta\/#breadcrumb"},"inLanguage":"es","potentialAction":[{"@type":"ReadAction","target":["https:\/\/diarioellabrador.cl\/index.php\/2026\/08\/31\/prision-para-sujeto-por-el-delito-de-robo-con-fuerza-en-la-foresta\/"]}]},{"@type":"ImageObject","inLanguage":"es","@id":"https:\/\/diarioellabrador.cl\/index.php\/2026\/08\/31\/prision-para-sujeto-por-el-delito-de-robo-con-fuerza-en-la-foresta\/#primaryimage","url":"https:\/\/diarioellabrador.cl\/wp-content\/uploads\/2026\/08\/Prision-para-sujeto-por-el-delito-de-robo-con-fuerza-en-La-Foresta.png","contentUrl":"https:\/\/diarioellabrador.cl\/wp-content\/uploads\/2026\/08\/Prision-para-sujeto-por-el-delito-de-robo-con-fuerza-en-La-Foresta.png","width":794,"height":400},{"@type":"BreadcrumbList","@id":"https:\/\/diarioellabrador.cl\/index.php\/2026\/08\/31\/prision-para-sujeto-por-el-delito-de-robo-con-fuerza-en-la-foresta\/#breadcrumb","itemListElement":[{"@type":"ListItem","position":1,"name":"Portada","item":"https:\/\/diarioellabrador.cl\/"},{"@type":"ListItem","position":2,"name":"Prisi\u00f3n para sujeto por el delito de robo con fuerza en La Foresta"}]},{"@type":"WebSite","@id":"https:\/\/diarioellabrador.cl\/#website","url":"https:\/\/diarioellabrador.cl\/","name":"Diario El Labrador","description":"Haciendo noticia desde 1921","publisher":{"@id":"https:\/\/diarioellabrador.cl\/#organization"},"potentialAction":[{"@type":"SearchAction","target":{"@type":"EntryPoint","urlTemplate":"https:\/\/diarioellabrador.cl\/?s={search_term_string}"},"query-input":{"@type":"PropertyValueSpecification","valueRequired":true,"valueName":"search_term_string"}}],"inLanguage":"es"},{"@type":"Organization","@id":"https:\/\/diarioellabrador.cl\/#organization","name":"Diario El Labrador","url":"https:\/\/diarioellabrador.cl\/","logo":{"@type":"ImageObject","inLanguage":"es","@id":"https:\/\/diarioellabrador.cl\/#\/schema\/logo\/image\/","url":"https:\/\/diarioellabrador.cl\/wp-content\/uploads\/2025\/02\/cropped-Logo-Icono.png","contentUrl":"https:\/\/diarioellabrador.cl\/wp-content\/uploads\/2025\/02\/cropped-Logo-Icono.png","width":512,"height":512,"caption":"Diario El Labrador"},"image":{"@id":"https:\/\/diarioellabrador.cl\/#\/schema\/logo\/image\/"},"sameAs":["https:\/\/web.facebook.com\/profile.php?id=61576120840621","https:\/\/x.com\/ElLabradorOf","https:\/\/www.instagram.com\/diarioellabradoroficial\/"]},{"@type":"Person","@id":"https:\/\/diarioellabrador.cl\/#\/schema\/person\/bc25ff80b4563f9c7f4bd7855df01685","name":"Editor","image":{"@type":"ImageObject","inLanguage":"es","@id":"https:\/\/secure.gravatar.com\/avatar\/109c326cf2be5c04f048c2c2a2b8b6ef44bf3d8d1d3d4c55d0ac40c4bc994684?s=96&d=initials&r=g&initials=ed","url":"https:\/\/secure.gravatar.com\/avatar\/109c326cf2be5c04f048c2c2a2b8b6ef44bf3d8d1d3d4c55d0ac40c4bc994684?s=96&d=initials&r=g&initials=ed","contentUrl":"https:\/\/secure.gravatar.com\/avatar\/109c326cf2be5c04f048c2c2a2b8b6ef44bf3d8d1d3d4c55d0ac40c4bc994684?s=96&d=initials&r=g&initials=ed","caption":"Editor"},"url":"https:\/\/diarioellabrador.cl\/index.php\/author\/editor\/"}]}},"_links":{"self":[{"href":"https:\/\/diarioellabrador.cl\/index.php\/wp-json\/wp\/v2\/posts\/24293","targetHints":{"allow":["GET"]}}],"collection":[{"href":"https:\/\/diarioellabrador.cl\/index.php\/wp-json\/wp\/v2\/posts"}],"about":[{"href":"https:\/\/diarioellabrador.cl\/index.php\/wp-json\/wp\/v2\/types\/post"}],"author":[{"embeddable":true,"href":"https:\/\/diarioellabrador.cl\/index.php\/wp-json\/wp\/v2\/users\/2"}],"replies":[{"embeddable":true,"href":"https:\/\/diarioellabrador.cl\/index.php\/wp-json\/wp\/v2\/comments?post=24293"}],"version-history":[{"count":1,"href":"https:\/\/diarioellabrador.cl\/index.php\/wp-json\/wp\/v2\/posts\/24293\/revisions"}],"predecessor-version":[{"id":24294,"href":"https:\/\/diarioellabrador.cl\/index.php\/wp-json\/wp\/v2\/posts\/24293\/revisions\/24294"}],"wp:featuredmedia":[{"embeddable":true,"href":"https:\/\/diarioellabrador.cl\/index.php\/wp-json\/wp\/v2\/media\/24276"}],"wp:attachment":[{"href":"https:\/\/diarioellabrador.cl\/index.php\/wp-json\/wp\/v2\/media?parent=24293"}],"wp:term":[{"taxonomy":"category","embeddable":true,"href":"https:\/\/diarioellabrador.cl\/index.php\/wp-json\/wp\/v2\/categories?post=24293"},{"taxonomy":"post_tag","embeddable":true,"href":"https:\/\/diarioellabrador.cl\/index.php\/wp-json\/wp\/v2\/tags?post=24293"}],"curies":[{"name":"wp","href":"https:\/\/api.w.org\/{rel}","templated":true}]}}