{"id":24289,"date":"2026-08-31T18:38:28","date_gmt":"2026-08-31T22:38:28","guid":{"rendered":"https:\/\/diarioellabrador.cl\/?p=24289"},"modified":"2026-08-31T18:38:31","modified_gmt":"2026-08-31T22:38:31","slug":"dedecon-presenta-a-emprendedores-fosis-nueva-herramienta-gratuita-para-aprender-sobre-temas-tributarios","status":"publish","type":"post","link":"https:\/\/diarioellabrador.cl\/index.php\/2026\/08\/31\/dedecon-presenta-a-emprendedores-fosis-nueva-herramienta-gratuita-para-aprender-sobre-temas-tributarios\/","title":{"rendered":"DEDECON presenta a emprendedores Fosis nueva herramienta gratuita para aprender sobre temas tributarios"},"content":{"rendered":"\n<p class=\"wp-block-paragraph\"><strong>La Defensor\u00eda del Contribuyente (DEDECON) present\u00f3 por primera vez su nueva plataforma educativa de temas tributarios a emprendedores y usuarios del FOSIS, quienes podr\u00e1n acceder a cursos en l\u00ednea y as\u00ed fortalecer sus conocimientos para cumplir correctamente con sus obligaciones y tambi\u00e9n ejercer sus derechos tributarios.<\/strong><\/p>\n\n\n\n<p class=\"wp-block-paragraph\">Un nuevo paso en su alianza estrat\u00e9gica alcanz\u00f3 la Defensor\u00eda del Contribuyente (DEDECON) y el Fondo de Solidaridad e Inversi\u00f3n Social (FOSIS), luego que se presentara a usuarios del FOSIS el Aula Virtual de educaci\u00f3n tributaria, plataforma de la DEDECON que cuenta con cursos de ense\u00f1anza en materia tributaria.<\/p>\n\n\n\n<p class=\"wp-block-paragraph\">As\u00ed lo dieron a conocer autoridades de la DEDECON y de FOSIS en una actividad en la comuna de San Miguel, donde se reunieron con usuarios y emprendedores de FOSIS, a quienes le presentaron formalmente el Aula Virtual de educaci\u00f3n tributaria.<\/p>\n\n\n\n<p class=\"wp-block-paragraph\">A trav\u00e9s de esta plataforma educativa, las personas y emprendedores pueden acceder a material educativo y cursos, donde podr\u00e1n aprender de impuestos, reg\u00edmenes tributarios, iniciaci\u00f3n de actividades, formas y pasos para emprender, entre otros temas.<\/p>\n\n\n\n<p class=\"wp-block-paragraph\">El Aula Virtual de la DEDECON cuenta con cursos de autoaprendizaje orientados a emprendedores, personas que est\u00e1n iniciando actividades, estudiantes y contribuyentes que buscan fortalecer sus conocimientos tributarios. Adem\u00e1s, cada curso contempla evaluaciones y la entrega de un certificado de participaci\u00f3n cuando se completa de manera exitosa el proceso de aprendizaje.<\/p>\n\n\n\n<p class=\"wp-block-paragraph\">Con esta plataforma, la Defensor\u00eda del Contribuyente busca ampliar el acceso a la educaci\u00f3n tributaria y entregar herramientas pr\u00e1cticas para que las personas y emprendedores, especialmente los que se relacionan con FOSIS, puedan cumplir de mejor manera con sus obligaciones tributarias y, adem\u00e1s, comprendan f\u00e1cilmente los derechos que tienen los contribuyentes al momento de relacionarse con la autoridad fiscal.<\/p>\n\n\n\n<p class=\"wp-block-paragraph\">Esta Aula Virtual busca responder a las dificultades que enfrentan miles de personas para acceder a capacitaci\u00f3n tributaria presencial, ya sea por razones de tiempo, distancia o disponibilidad, ofreciendo as\u00ed una alternativa flexible que permite aprender a su propio ritmo y desde cualquier lugar del pa\u00eds.<\/p>\n\n\n\n<p class=\"wp-block-paragraph\">La Defensor\u00eda del Contribuyente y FOSIS han realizado un importante trabajo en el \u00faltimo tiempo para ofrecer charlas y capacitaciones de educaci\u00f3n tributaria a miles de contribuyentes y emprendedores de todo Chile. Esta plataforma virtual viene a complementar todo este esfuerzo conjunto de ambas instituciones.<\/p>\n\n\n\n<p class=\"wp-block-paragraph\">El subdirector de la Defensor\u00eda del Contribuyente, Emilio Moreno, destac\u00f3 que \u201cpara nosotros es muy importante presentar esta herramienta a emprendedoras y emprendedores de FOSIS, porque sabemos que muchas veces enfrentan dudas y dificultades para conocer sus obligaciones tributarias y sus derechos como contribuyentes, as\u00ed como para comprender sobre reg\u00edmenes tributarios e impuestos. El Aula Virtual busca precisamente acercar estos conocimientos de una manera sencilla, gratuita y accesible, para que puedan tomar mejores decisiones, prevenir errores y tambi\u00e9n conocer los derechos que tienen como contribuyentes\u201d.<\/p>\n\n\n\n<p class=\"wp-block-paragraph\">Por su parte, Harold Wistuba Fern\u00e1ndez, Director Metropolitano de FOSIS destac\u00f3 la importancia de este tipo de apoyo para los emprendedores: \u00abPara el FOSIS esta alianza estrat\u00e9gica con la DEDECON representa un avance fundamental en la formalizaci\u00f3n y sostenibilidad de los emprendimientos de nuestra regi\u00f3n. Con esta Aula Virtual, ponemos a disposici\u00f3n de nuestras usuarias y usuarios una herramienta gratuita, flexible y accesible que les permitir\u00e1 capacitarse en materia tributaria a su propio ritmo. Queremos que cada emprendedor no solo haga crecer su negocio, sino que lo haga informado, conociendo sus deberes y tambi\u00e9n ejerciendo sus derechos ante la autoridad fiscal.\u00bb, dijo.<\/p>\n\n\n\n<p class=\"wp-block-paragraph\">El Aula Virtual de Educaci\u00f3n Tributaria de la DEDECON es gratuita, puede acceder cualquier persona a trav\u00e9s de la web dedecon.cl o bien directamente en aulavirtual.dedecon.cl<\/p>\n\n\n\n<p class=\"wp-block-paragraph\">Se ingresa mediante Clave\u00danica y los cursos disponibles abordan tem\u00e1ticas relacionadas con impuestos, inicio de actividades, reg\u00edmenes tributarios, entre otras materias. Las personas pueden avanzar en su proceso de aprendizaje de manera flexible, conservando autom\u00e1ticamente su progreso hasta completar cada programa de formaci\u00f3n.<\/p>\n\n\n\n<p class=\"wp-block-paragraph\"><\/p>\n","protected":false},"excerpt":{"rendered":"<p>La Defensor\u00eda del Contribuyente (DEDECON) present\u00f3 por primera vez su nueva plataforma educativa de temas tributarios a emprendedores y usuarios del FOSIS, quienes podr\u00e1n acceder a cursos en l\u00ednea y as\u00ed fortalecer sus conocimientos para cumplir correctamente con sus obligaciones y tambi\u00e9n ejercer sus derechos tributarios. Un nuevo paso en su alianza estrat\u00e9gica alcanz\u00f3 la<\/p>\n<div class=\"read-more-wrapper\"><a class=\"read-more\" href=\"https:\/\/diarioellabrador.cl\/index.php\/2026\/08\/31\/dedecon-presenta-a-emprendedores-fosis-nueva-herramienta-gratuita-para-aprender-sobre-temas-tributarios\/\" title=\"Leer m\u00e1s\"> <span class=\"button \">Leer m\u00e1s<\/span><\/a><\/div>\n","protected":false},"author":2,"featured_media":24257,"comment_status":"open","ping_status":"open","sticky":false,"template":"","format":"standard","meta":{"footnotes":"","_members_access_role":[],"_members_access_error":""},"categories":[1],"tags":[],"class_list":["post-24289","post","type-post","status-publish","format-standard","has-post-thumbnail","hentry","category-cronica"],"yoast_head":"<!-- This site is optimized with the Yoast SEO plugin v28.4 - https:\/\/yoast.com\/product\/yoast-seo-wordpress\/ -->\n<title>DEDECON presenta a emprendedores Fosis nueva herramienta gratuita para aprender sobre temas tributarios - Diario El Labrador<\/title>\n<meta name=\"robots\" content=\"index, follow, max-snippet:-1, max-image-preview:large, max-video-preview:-1\" \/>\n<link rel=\"canonical\" href=\"https:\/\/diarioellabrador.cl\/index.php\/2026\/08\/31\/dedecon-presenta-a-emprendedores-fosis-nueva-herramienta-gratuita-para-aprender-sobre-temas-tributarios\/\" \/>\n<meta property=\"og:locale\" content=\"es_ES\" \/>\n<meta property=\"og:type\" content=\"article\" \/>\n<meta property=\"og:title\" content=\"DEDECON presenta a emprendedores Fosis nueva herramienta gratuita para aprender sobre temas tributarios - Diario El Labrador\" \/>\n<meta property=\"og:description\" content=\"La Defensor\u00eda del Contribuyente (DEDECON) present\u00f3 por primera vez su nueva plataforma educativa de temas tributarios a emprendedores y usuarios del FOSIS, quienes podr\u00e1n acceder a cursos en l\u00ednea y as\u00ed fortalecer sus conocimientos para cumplir correctamente con sus obligaciones y tambi\u00e9n ejercer sus derechos tributarios. Un nuevo paso en su alianza estrat\u00e9gica alcanz\u00f3 la Leer m\u00e1s\" \/>\n<meta property=\"og:url\" content=\"https:\/\/diarioellabrador.cl\/index.php\/2026\/08\/31\/dedecon-presenta-a-emprendedores-fosis-nueva-herramienta-gratuita-para-aprender-sobre-temas-tributarios\/\" \/>\n<meta property=\"og:site_name\" content=\"Diario El Labrador\" \/>\n<meta property=\"article:publisher\" content=\"https:\/\/web.facebook.com\/profile.php?id=61576120840621\" \/>\n<meta property=\"article:published_time\" content=\"2026-08-31T22:38:28+00:00\" \/>\n<meta property=\"article:modified_time\" content=\"2026-08-31T22:38:31+00:00\" \/>\n<meta property=\"og:image\" content=\"https:\/\/diarioellabrador.cl\/wp-content\/uploads\/2026\/08\/DEDECON-presenta-a-emprendedores-fosis-nueva-herramienta-gratuita-para-aprender-sobre-temas-tributarios-3-1024x682.jpg\" \/>\n\t<meta property=\"og:image:width\" content=\"1024\" \/>\n\t<meta property=\"og:image:height\" content=\"682\" \/>\n\t<meta property=\"og:image:type\" content=\"image\/jpeg\" \/>\n<meta name=\"author\" content=\"Editor\" \/>\n<meta name=\"twitter:card\" content=\"summary_large_image\" \/>\n<meta name=\"twitter:creator\" content=\"@ElLabradorOf\" \/>\n<meta name=\"twitter:site\" content=\"@ElLabradorOf\" \/>\n<meta name=\"twitter:label1\" content=\"Escrito por\" \/>\n\t<meta name=\"twitter:data1\" content=\"Editor\" \/>\n\t<meta name=\"twitter:label2\" content=\"Tiempo de lectura\" \/>\n\t<meta name=\"twitter:data2\" content=\"4 minutos\" \/>\n<script type=\"application\/ld+json\" class=\"yoast-schema-graph\">{\"@context\":\"https:\\\/\\\/schema.org\",\"@graph\":[{\"@type\":\"Article\",\"@id\":\"https:\\\/\\\/diarioellabrador.cl\\\/index.php\\\/2026\\\/08\\\/31\\\/dedecon-presenta-a-emprendedores-fosis-nueva-herramienta-gratuita-para-aprender-sobre-temas-tributarios\\\/#article\",\"isPartOf\":{\"@id\":\"https:\\\/\\\/diarioellabrador.cl\\\/index.php\\\/2026\\\/08\\\/31\\\/dedecon-presenta-a-emprendedores-fosis-nueva-herramienta-gratuita-para-aprender-sobre-temas-tributarios\\\/\"},\"author\":{\"name\":\"Editor\",\"@id\":\"https:\\\/\\\/diarioellabrador.cl\\\/#\\\/schema\\\/person\\\/bc25ff80b4563f9c7f4bd7855df01685\"},\"headline\":\"DEDECON presenta a emprendedores Fosis nueva herramienta gratuita para aprender sobre temas tributarios\",\"datePublished\":\"2026-08-31T22:38:28+00:00\",\"dateModified\":\"2026-08-31T22:38:31+00:00\",\"mainEntityOfPage\":{\"@id\":\"https:\\\/\\\/diarioellabrador.cl\\\/index.php\\\/2026\\\/08\\\/31\\\/dedecon-presenta-a-emprendedores-fosis-nueva-herramienta-gratuita-para-aprender-sobre-temas-tributarios\\\/\"},\"wordCount\":686,\"commentCount\":0,\"publisher\":{\"@id\":\"https:\\\/\\\/diarioellabrador.cl\\\/#organization\"},\"image\":{\"@id\":\"https:\\\/\\\/diarioellabrador.cl\\\/index.php\\\/2026\\\/08\\\/31\\\/dedecon-presenta-a-emprendedores-fosis-nueva-herramienta-gratuita-para-aprender-sobre-temas-tributarios\\\/#primaryimage\"},\"thumbnailUrl\":\"https:\\\/\\\/diarioellabrador.cl\\\/wp-content\\\/uploads\\\/2026\\\/08\\\/DEDECON-presenta-a-emprendedores-fosis-nueva-herramienta-gratuita-para-aprender-sobre-temas-tributarios-3.jpg\",\"articleSection\":[\"Cr\u00f3nica\"],\"inLanguage\":\"es\",\"potentialAction\":[{\"@type\":\"CommentAction\",\"name\":\"Comment\",\"target\":[\"https:\\\/\\\/diarioellabrador.cl\\\/index.php\\\/2026\\\/08\\\/31\\\/dedecon-presenta-a-emprendedores-fosis-nueva-herramienta-gratuita-para-aprender-sobre-temas-tributarios\\\/#respond\"]}]},{\"@type\":\"WebPage\",\"@id\":\"https:\\\/\\\/diarioellabrador.cl\\\/index.php\\\/2026\\\/08\\\/31\\\/dedecon-presenta-a-emprendedores-fosis-nueva-herramienta-gratuita-para-aprender-sobre-temas-tributarios\\\/\",\"url\":\"https:\\\/\\\/diarioellabrador.cl\\\/index.php\\\/2026\\\/08\\\/31\\\/dedecon-presenta-a-emprendedores-fosis-nueva-herramienta-gratuita-para-aprender-sobre-temas-tributarios\\\/\",\"name\":\"DEDECON presenta a emprendedores Fosis nueva herramienta gratuita para aprender sobre temas tributarios - Diario El Labrador\",\"isPartOf\":{\"@id\":\"https:\\\/\\\/diarioellabrador.cl\\\/#website\"},\"primaryImageOfPage\":{\"@id\":\"https:\\\/\\\/diarioellabrador.cl\\\/index.php\\\/2026\\\/08\\\/31\\\/dedecon-presenta-a-emprendedores-fosis-nueva-herramienta-gratuita-para-aprender-sobre-temas-tributarios\\\/#primaryimage\"},\"image\":{\"@id\":\"https:\\\/\\\/diarioellabrador.cl\\\/index.php\\\/2026\\\/08\\\/31\\\/dedecon-presenta-a-emprendedores-fosis-nueva-herramienta-gratuita-para-aprender-sobre-temas-tributarios\\\/#primaryimage\"},\"thumbnailUrl\":\"https:\\\/\\\/diarioellabrador.cl\\\/wp-content\\\/uploads\\\/2026\\\/08\\\/DEDECON-presenta-a-emprendedores-fosis-nueva-herramienta-gratuita-para-aprender-sobre-temas-tributarios-3.jpg\",\"datePublished\":\"2026-08-31T22:38:28+00:00\",\"dateModified\":\"2026-08-31T22:38:31+00:00\",\"breadcrumb\":{\"@id\":\"https:\\\/\\\/diarioellabrador.cl\\\/index.php\\\/2026\\\/08\\\/31\\\/dedecon-presenta-a-emprendedores-fosis-nueva-herramienta-gratuita-para-aprender-sobre-temas-tributarios\\\/#breadcrumb\"},\"inLanguage\":\"es\",\"potentialAction\":[{\"@type\":\"ReadAction\",\"target\":[\"https:\\\/\\\/diarioellabrador.cl\\\/index.php\\\/2026\\\/08\\\/31\\\/dedecon-presenta-a-emprendedores-fosis-nueva-herramienta-gratuita-para-aprender-sobre-temas-tributarios\\\/\"]}]},{\"@type\":\"ImageObject\",\"inLanguage\":\"es\",\"@id\":\"https:\\\/\\\/diarioellabrador.cl\\\/index.php\\\/2026\\\/08\\\/31\\\/dedecon-presenta-a-emprendedores-fosis-nueva-herramienta-gratuita-para-aprender-sobre-temas-tributarios\\\/#primaryimage\",\"url\":\"https:\\\/\\\/diarioellabrador.cl\\\/wp-content\\\/uploads\\\/2026\\\/08\\\/DEDECON-presenta-a-emprendedores-fosis-nueva-herramienta-gratuita-para-aprender-sobre-temas-tributarios-3.jpg\",\"contentUrl\":\"https:\\\/\\\/diarioellabrador.cl\\\/wp-content\\\/uploads\\\/2026\\\/08\\\/DEDECON-presenta-a-emprendedores-fosis-nueva-herramienta-gratuita-para-aprender-sobre-temas-tributarios-3.jpg\",\"width\":2000,\"height\":1333},{\"@type\":\"BreadcrumbList\",\"@id\":\"https:\\\/\\\/diarioellabrador.cl\\\/index.php\\\/2026\\\/08\\\/31\\\/dedecon-presenta-a-emprendedores-fosis-nueva-herramienta-gratuita-para-aprender-sobre-temas-tributarios\\\/#breadcrumb\",\"itemListElement\":[{\"@type\":\"ListItem\",\"position\":1,\"name\":\"Portada\",\"item\":\"https:\\\/\\\/diarioellabrador.cl\\\/\"},{\"@type\":\"ListItem\",\"position\":2,\"name\":\"DEDECON presenta a emprendedores Fosis nueva herramienta gratuita para aprender sobre temas tributarios\"}]},{\"@type\":\"WebSite\",\"@id\":\"https:\\\/\\\/diarioellabrador.cl\\\/#website\",\"url\":\"https:\\\/\\\/diarioellabrador.cl\\\/\",\"name\":\"Diario El Labrador\",\"description\":\"Haciendo noticia desde 1921\",\"publisher\":{\"@id\":\"https:\\\/\\\/diarioellabrador.cl\\\/#organization\"},\"potentialAction\":[{\"@type\":\"SearchAction\",\"target\":{\"@type\":\"EntryPoint\",\"urlTemplate\":\"https:\\\/\\\/diarioellabrador.cl\\\/?s={search_term_string}\"},\"query-input\":{\"@type\":\"PropertyValueSpecification\",\"valueRequired\":true,\"valueName\":\"search_term_string\"}}],\"inLanguage\":\"es\"},{\"@type\":\"Organization\",\"@id\":\"https:\\\/\\\/diarioellabrador.cl\\\/#organization\",\"name\":\"Diario El Labrador\",\"url\":\"https:\\\/\\\/diarioellabrador.cl\\\/\",\"logo\":{\"@type\":\"ImageObject\",\"inLanguage\":\"es\",\"@id\":\"https:\\\/\\\/diarioellabrador.cl\\\/#\\\/schema\\\/logo\\\/image\\\/\",\"url\":\"https:\\\/\\\/diarioellabrador.cl\\\/wp-content\\\/uploads\\\/2025\\\/02\\\/cropped-Logo-Icono.png\",\"contentUrl\":\"https:\\\/\\\/diarioellabrador.cl\\\/wp-content\\\/uploads\\\/2025\\\/02\\\/cropped-Logo-Icono.png\",\"width\":512,\"height\":512,\"caption\":\"Diario El Labrador\"},\"image\":{\"@id\":\"https:\\\/\\\/diarioellabrador.cl\\\/#\\\/schema\\\/logo\\\/image\\\/\"},\"sameAs\":[\"https:\\\/\\\/web.facebook.com\\\/profile.php?id=61576120840621\",\"https:\\\/\\\/x.com\\\/ElLabradorOf\",\"https:\\\/\\\/www.instagram.com\\\/diarioellabradoroficial\\\/\"]},{\"@type\":\"Person\",\"@id\":\"https:\\\/\\\/diarioellabrador.cl\\\/#\\\/schema\\\/person\\\/bc25ff80b4563f9c7f4bd7855df01685\",\"name\":\"Editor\",\"image\":{\"@type\":\"ImageObject\",\"inLanguage\":\"es\",\"@id\":\"https:\\\/\\\/secure.gravatar.com\\\/avatar\\\/109c326cf2be5c04f048c2c2a2b8b6ef44bf3d8d1d3d4c55d0ac40c4bc994684?s=96&d=initials&r=g&initials=ed\",\"url\":\"https:\\\/\\\/secure.gravatar.com\\\/avatar\\\/109c326cf2be5c04f048c2c2a2b8b6ef44bf3d8d1d3d4c55d0ac40c4bc994684?s=96&d=initials&r=g&initials=ed\",\"contentUrl\":\"https:\\\/\\\/secure.gravatar.com\\\/avatar\\\/109c326cf2be5c04f048c2c2a2b8b6ef44bf3d8d1d3d4c55d0ac40c4bc994684?s=96&d=initials&r=g&initials=ed\",\"caption\":\"Editor\"},\"url\":\"https:\\\/\\\/diarioellabrador.cl\\\/index.php\\\/author\\\/editor\\\/\"}]}<\/script>\n<!-- \/ Yoast SEO plugin. -->","yoast_head_json":{"title":"DEDECON presenta a emprendedores Fosis nueva herramienta gratuita para aprender sobre temas tributarios - Diario El Labrador","robots":{"index":"index","follow":"follow","max-snippet":"max-snippet:-1","max-image-preview":"max-image-preview:large","max-video-preview":"max-video-preview:-1"},"canonical":"https:\/\/diarioellabrador.cl\/index.php\/2026\/08\/31\/dedecon-presenta-a-emprendedores-fosis-nueva-herramienta-gratuita-para-aprender-sobre-temas-tributarios\/","og_locale":"es_ES","og_type":"article","og_title":"DEDECON presenta a emprendedores Fosis nueva herramienta gratuita para aprender sobre temas tributarios - Diario El Labrador","og_description":"La Defensor\u00eda del Contribuyente (DEDECON) present\u00f3 por primera vez su nueva plataforma educativa de temas tributarios a emprendedores y usuarios del FOSIS, quienes podr\u00e1n acceder a cursos en l\u00ednea y as\u00ed fortalecer sus conocimientos para cumplir correctamente con sus obligaciones y tambi\u00e9n ejercer sus derechos tributarios. Un nuevo paso en su alianza estrat\u00e9gica alcanz\u00f3 la Leer m\u00e1s","og_url":"https:\/\/diarioellabrador.cl\/index.php\/2026\/08\/31\/dedecon-presenta-a-emprendedores-fosis-nueva-herramienta-gratuita-para-aprender-sobre-temas-tributarios\/","og_site_name":"Diario El Labrador","article_publisher":"https:\/\/web.facebook.com\/profile.php?id=61576120840621","article_published_time":"2026-08-31T22:38:28+00:00","article_modified_time":"2026-08-31T22:38:31+00:00","og_image":[{"width":1024,"height":682,"url":"https:\/\/diarioellabrador.cl\/wp-content\/uploads\/2026\/08\/DEDECON-presenta-a-emprendedores-fosis-nueva-herramienta-gratuita-para-aprender-sobre-temas-tributarios-3-1024x682.jpg","type":"image\/jpeg"}],"author":"Editor","twitter_card":"summary_large_image","twitter_creator":"@ElLabradorOf","twitter_site":"@ElLabradorOf","twitter_misc":{"Escrito por":"Editor","Tiempo de lectura":"4 minutos"},"schema":{"@context":"https:\/\/schema.org","@graph":[{"@type":"Article","@id":"https:\/\/diarioellabrador.cl\/index.php\/2026\/08\/31\/dedecon-presenta-a-emprendedores-fosis-nueva-herramienta-gratuita-para-aprender-sobre-temas-tributarios\/#article","isPartOf":{"@id":"https:\/\/diarioellabrador.cl\/index.php\/2026\/08\/31\/dedecon-presenta-a-emprendedores-fosis-nueva-herramienta-gratuita-para-aprender-sobre-temas-tributarios\/"},"author":{"name":"Editor","@id":"https:\/\/diarioellabrador.cl\/#\/schema\/person\/bc25ff80b4563f9c7f4bd7855df01685"},"headline":"DEDECON presenta a emprendedores Fosis nueva herramienta gratuita para aprender sobre temas tributarios","datePublished":"2026-08-31T22:38:28+00:00","dateModified":"2026-08-31T22:38:31+00:00","mainEntityOfPage":{"@id":"https:\/\/diarioellabrador.cl\/index.php\/2026\/08\/31\/dedecon-presenta-a-emprendedores-fosis-nueva-herramienta-gratuita-para-aprender-sobre-temas-tributarios\/"},"wordCount":686,"commentCount":0,"publisher":{"@id":"https:\/\/diarioellabrador.cl\/#organization"},"image":{"@id":"https:\/\/diarioellabrador.cl\/index.php\/2026\/08\/31\/dedecon-presenta-a-emprendedores-fosis-nueva-herramienta-gratuita-para-aprender-sobre-temas-tributarios\/#primaryimage"},"thumbnailUrl":"https:\/\/diarioellabrador.cl\/wp-content\/uploads\/2026\/08\/DEDECON-presenta-a-emprendedores-fosis-nueva-herramienta-gratuita-para-aprender-sobre-temas-tributarios-3.jpg","articleSection":["Cr\u00f3nica"],"inLanguage":"es","potentialAction":[{"@type":"CommentAction","name":"Comment","target":["https:\/\/diarioellabrador.cl\/index.php\/2026\/08\/31\/dedecon-presenta-a-emprendedores-fosis-nueva-herramienta-gratuita-para-aprender-sobre-temas-tributarios\/#respond"]}]},{"@type":"WebPage","@id":"https:\/\/diarioellabrador.cl\/index.php\/2026\/08\/31\/dedecon-presenta-a-emprendedores-fosis-nueva-herramienta-gratuita-para-aprender-sobre-temas-tributarios\/","url":"https:\/\/diarioellabrador.cl\/index.php\/2026\/08\/31\/dedecon-presenta-a-emprendedores-fosis-nueva-herramienta-gratuita-para-aprender-sobre-temas-tributarios\/","name":"DEDECON presenta a emprendedores Fosis nueva herramienta gratuita para aprender sobre temas tributarios - Diario El Labrador","isPartOf":{"@id":"https:\/\/diarioellabrador.cl\/#website"},"primaryImageOfPage":{"@id":"https:\/\/diarioellabrador.cl\/index.php\/2026\/08\/31\/dedecon-presenta-a-emprendedores-fosis-nueva-herramienta-gratuita-para-aprender-sobre-temas-tributarios\/#primaryimage"},"image":{"@id":"https:\/\/diarioellabrador.cl\/index.php\/2026\/08\/31\/dedecon-presenta-a-emprendedores-fosis-nueva-herramienta-gratuita-para-aprender-sobre-temas-tributarios\/#primaryimage"},"thumbnailUrl":"https:\/\/diarioellabrador.cl\/wp-content\/uploads\/2026\/08\/DEDECON-presenta-a-emprendedores-fosis-nueva-herramienta-gratuita-para-aprender-sobre-temas-tributarios-3.jpg","datePublished":"2026-08-31T22:38:28+00:00","dateModified":"2026-08-31T22:38:31+00:00","breadcrumb":{"@id":"https:\/\/diarioellabrador.cl\/index.php\/2026\/08\/31\/dedecon-presenta-a-emprendedores-fosis-nueva-herramienta-gratuita-para-aprender-sobre-temas-tributarios\/#breadcrumb"},"inLanguage":"es","potentialAction":[{"@type":"ReadAction","target":["https:\/\/diarioellabrador.cl\/index.php\/2026\/08\/31\/dedecon-presenta-a-emprendedores-fosis-nueva-herramienta-gratuita-para-aprender-sobre-temas-tributarios\/"]}]},{"@type":"ImageObject","inLanguage":"es","@id":"https:\/\/diarioellabrador.cl\/index.php\/2026\/08\/31\/dedecon-presenta-a-emprendedores-fosis-nueva-herramienta-gratuita-para-aprender-sobre-temas-tributarios\/#primaryimage","url":"https:\/\/diarioellabrador.cl\/wp-content\/uploads\/2026\/08\/DEDECON-presenta-a-emprendedores-fosis-nueva-herramienta-gratuita-para-aprender-sobre-temas-tributarios-3.jpg","contentUrl":"https:\/\/diarioellabrador.cl\/wp-content\/uploads\/2026\/08\/DEDECON-presenta-a-emprendedores-fosis-nueva-herramienta-gratuita-para-aprender-sobre-temas-tributarios-3.jpg","width":2000,"height":1333},{"@type":"BreadcrumbList","@id":"https:\/\/diarioellabrador.cl\/index.php\/2026\/08\/31\/dedecon-presenta-a-emprendedores-fosis-nueva-herramienta-gratuita-para-aprender-sobre-temas-tributarios\/#breadcrumb","itemListElement":[{"@type":"ListItem","position":1,"name":"Portada","item":"https:\/\/diarioellabrador.cl\/"},{"@type":"ListItem","position":2,"name":"DEDECON presenta a emprendedores Fosis nueva herramienta gratuita para aprender sobre temas tributarios"}]},{"@type":"WebSite","@id":"https:\/\/diarioellabrador.cl\/#website","url":"https:\/\/diarioellabrador.cl\/","name":"Diario El Labrador","description":"Haciendo noticia desde 1921","publisher":{"@id":"https:\/\/diarioellabrador.cl\/#organization"},"potentialAction":[{"@type":"SearchAction","target":{"@type":"EntryPoint","urlTemplate":"https:\/\/diarioellabrador.cl\/?s={search_term_string}"},"query-input":{"@type":"PropertyValueSpecification","valueRequired":true,"valueName":"search_term_string"}}],"inLanguage":"es"},{"@type":"Organization","@id":"https:\/\/diarioellabrador.cl\/#organization","name":"Diario El Labrador","url":"https:\/\/diarioellabrador.cl\/","logo":{"@type":"ImageObject","inLanguage":"es","@id":"https:\/\/diarioellabrador.cl\/#\/schema\/logo\/image\/","url":"https:\/\/diarioellabrador.cl\/wp-content\/uploads\/2025\/02\/cropped-Logo-Icono.png","contentUrl":"https:\/\/diarioellabrador.cl\/wp-content\/uploads\/2025\/02\/cropped-Logo-Icono.png","width":512,"height":512,"caption":"Diario El Labrador"},"image":{"@id":"https:\/\/diarioellabrador.cl\/#\/schema\/logo\/image\/"},"sameAs":["https:\/\/web.facebook.com\/profile.php?id=61576120840621","https:\/\/x.com\/ElLabradorOf","https:\/\/www.instagram.com\/diarioellabradoroficial\/"]},{"@type":"Person","@id":"https:\/\/diarioellabrador.cl\/#\/schema\/person\/bc25ff80b4563f9c7f4bd7855df01685","name":"Editor","image":{"@type":"ImageObject","inLanguage":"es","@id":"https:\/\/secure.gravatar.com\/avatar\/109c326cf2be5c04f048c2c2a2b8b6ef44bf3d8d1d3d4c55d0ac40c4bc994684?s=96&d=initials&r=g&initials=ed","url":"https:\/\/secure.gravatar.com\/avatar\/109c326cf2be5c04f048c2c2a2b8b6ef44bf3d8d1d3d4c55d0ac40c4bc994684?s=96&d=initials&r=g&initials=ed","contentUrl":"https:\/\/secure.gravatar.com\/avatar\/109c326cf2be5c04f048c2c2a2b8b6ef44bf3d8d1d3d4c55d0ac40c4bc994684?s=96&d=initials&r=g&initials=ed","caption":"Editor"},"url":"https:\/\/diarioellabrador.cl\/index.php\/author\/editor\/"}]}},"_links":{"self":[{"href":"https:\/\/diarioellabrador.cl\/index.php\/wp-json\/wp\/v2\/posts\/24289","targetHints":{"allow":["GET"]}}],"collection":[{"href":"https:\/\/diarioellabrador.cl\/index.php\/wp-json\/wp\/v2\/posts"}],"about":[{"href":"https:\/\/diarioellabrador.cl\/index.php\/wp-json\/wp\/v2\/types\/post"}],"author":[{"embeddable":true,"href":"https:\/\/diarioellabrador.cl\/index.php\/wp-json\/wp\/v2\/users\/2"}],"replies":[{"embeddable":true,"href":"https:\/\/diarioellabrador.cl\/index.php\/wp-json\/wp\/v2\/comments?post=24289"}],"version-history":[{"count":1,"href":"https:\/\/diarioellabrador.cl\/index.php\/wp-json\/wp\/v2\/posts\/24289\/revisions"}],"predecessor-version":[{"id":24290,"href":"https:\/\/diarioellabrador.cl\/index.php\/wp-json\/wp\/v2\/posts\/24289\/revisions\/24290"}],"wp:featuredmedia":[{"embeddable":true,"href":"https:\/\/diarioellabrador.cl\/index.php\/wp-json\/wp\/v2\/media\/24257"}],"wp:attachment":[{"href":"https:\/\/diarioellabrador.cl\/index.php\/wp-json\/wp\/v2\/media?parent=24289"}],"wp:term":[{"taxonomy":"category","embeddable":true,"href":"https:\/\/diarioellabrador.cl\/index.php\/wp-json\/wp\/v2\/categories?post=24289"},{"taxonomy":"post_tag","embeddable":true,"href":"https:\/\/diarioellabrador.cl\/index.php\/wp-json\/wp\/v2\/tags?post=24289"}],"curies":[{"name":"wp","href":"https:\/\/api.w.org\/{rel}","templated":true}]}}