{"id":24287,"date":"2026-08-31T18:37:45","date_gmt":"2026-08-31T22:37:45","guid":{"rendered":"https:\/\/diarioellabrador.cl\/?p=24287"},"modified":"2026-08-31T18:37:48","modified_gmt":"2026-08-31T22:37:48","slug":"criadores-de-palena-vivieron-jornada-muy-enriquecedora-con-interesantes-temas","status":"publish","type":"post","link":"https:\/\/diarioellabrador.cl\/index.php\/2026\/08\/31\/criadores-de-palena-vivieron-jornada-muy-enriquecedora-con-interesantes-temas\/","title":{"rendered":"Criadores de Palena vivieron jornada muy enriquecedora con interesantes temas"},"content":{"rendered":"\n<p class=\"wp-block-paragraph\"><strong>Autor:<\/strong> <a href=\"https:\/\/www.caballoyrodeo.cl\/portal_rodeo\/site\/artic\/20240205\/pags\/20240205103254.html\">Hector Parraguirre<\/a><\/p>\n\n\n\n<p class=\"wp-block-paragraph\"><strong>La Asociaci\u00f3n de Criadores de Caballos Raza Chilena de Palena<\/strong> tuvo un <strong>D\u00eda de Campo<\/strong> redondo el <strong>s\u00e1bado 29 de agosto<\/strong>, con importantes invitados y provechosas exposiciones que se desarrollaron en la comuna de Palena.<\/p>\n\n\n\n<p class=\"wp-block-paragraph\">En la jornada estuvieron <strong>Rodrigo Mu\u00f1oz<\/strong>, director de la <strong>Federaci\u00f3n de Criadores<\/strong>, acompa\u00f1ado por <strong>Leonardo Bustos<\/strong>, presidente de la <strong>Asociaci\u00f3n de Criadores de Ays\u00e9n<\/strong>, adem\u00e1s del jurado de exposiciones <strong>Guillermo S\u00e1nchez<\/strong> y de Juan Pereira, preparador y presentador del <strong>Criadero Santa Ana<\/strong>.<\/p>\n\n\n\n<p class=\"wp-block-paragraph\"><strong>Guillermo White,<\/strong> presidente de la Asociaci\u00f3n de Criadores de Palena, coment\u00f3 que \u201cfue una jornada muy enriquecedora, tanto en el \u00e1mbito te\u00f3rico como pr\u00e1ctico, con una muy buena participaci\u00f3n de los socios y algunos invitados especiales\u00bb.<\/p>\n\n\n\n<p class=\"wp-block-paragraph\">Con respecto a las charlas, dijo que \u00abiniciamos con don Juan Pereira, que vino del Criadero Santa Ana y nos habl\u00f3 en base a todos los a\u00f1os que lleva, con toda su experiencia, de c\u00f3mo es la preparaci\u00f3n de un caballo para una exposici\u00f3n. Partiendo desde el nacimiento, con todo el cari\u00f1o que se le debe entregar para que tome confianza este potrillo hasta el destete y despu\u00e9s todo lo que implica la mantenci\u00f3n, la preparaci\u00f3n y hasta la primera ensillada del caballo\u00bb.<\/p>\n\n\n\n<p class=\"wp-block-paragraph\">\u00abHubo muchas preguntas, todos los presentes estaban muy motivados, porque todo esto, como siempre lo he manifestado, es algo nuevo para nosotros, desde lo m\u00e1s b\u00e1sico que, que se habl\u00f3 en la preparaci\u00f3n de un caballo\u00bb, agreg\u00f3.<\/p>\n\n\n\n<p class=\"wp-block-paragraph\">El dirigente apunt\u00f3 que \u00abseguimos, a continuaci\u00f3n, con el relato de don Guillermo S\u00e1nchez sobre lo que conlleva la morfolog\u00eda y el sello racial. Habl\u00f3 del est\u00e1ndar de la raza chilena, la alzada, cabeza, cuello, el dorso, grupa, pecho, todo lo que compete la parte de la morfolog\u00eda. Y despu\u00e9s en el sello racial tambi\u00e9n se refiri\u00f3 a la calidad de los huesos y tambi\u00e9n a la presentaci\u00f3n de los caballos, el pelaje, el estado f\u00edsico, la presentaci\u00f3n en la pista, que es muy importante, y tambi\u00e9n la persona que lleva el caballo en el momento de la presentaci\u00f3n\u00bb.<\/p>\n\n\n\n<p class=\"wp-block-paragraph\">\u00abAh\u00ed tambi\u00e9n vimos a don Juan presentar caballos de aqu\u00ed de la zona y ah\u00ed era m\u00e1s f\u00e1cil, porque despu\u00e9s ya nos fuimos a la parte pr\u00e1ctica, donde en cada andar de cada caballo, en cada presentaci\u00f3n, nos iban explicando la forma de pararse y otros aspectos para ir aprendiendo y prepar\u00e1ndonos para lo que queremos a futuro\u00bb, a\u00f1adi\u00f3.<\/p>\n\n\n\n<p class=\"wp-block-paragraph\">\u00abComo se nos dio un poquito de tiempo, don Guillermo nos habl\u00f3 tambi\u00e9n sobre el tema de las capas o pelajes en el caballo chileno, lo nos dej\u00f3 bien empoderados tambi\u00e9n, porque de repente uno queda con la duda, con consultas y ahora eso qued\u00f3 sumamente claro. Eso calz\u00f3 muy rebi\u00e9n para complementar todo\u00bb, complet\u00f3.<\/p>\n\n\n\n<p class=\"wp-block-paragraph\">White detall\u00f3 la parte final de la actividad: \u00abTerminamos con don Rodrigo Mu\u00f1oz, director de la Federaci\u00f3n, quien nos habl\u00f3 principalmente de registro geneal\u00f3gico del caballo raza chilena, de los requisitos para inscribir un caballo, de las montas, del aviso de nacimiento, de la filiaci\u00f3n y del criador\u00bb.<\/p>\n\n\n\n<p class=\"wp-block-paragraph\">\u00abPosteriormente a eso estuvimos compartiendo lo t\u00edpico de la zona, a trav\u00e9s de un asado al estilo patag\u00f3n. As\u00ed que terminamos sumamente felices porque se dio todo dentro de los plazos, nos acompa\u00f1\u00f3 el tiempo y los socios estaban muy agradecidos porque fue una linda nueva experiencia para ellos, se fueron muy contentos\u00bb., concluy\u00f3.<\/p>\n\n\n\n<p class=\"wp-block-paragraph\"><\/p>\n","protected":false},"excerpt":{"rendered":"<p>Autor: Hector Parraguirre La Asociaci\u00f3n de Criadores de Caballos Raza Chilena de Palena tuvo un D\u00eda de Campo redondo el s\u00e1bado 29 de agosto, con importantes invitados y provechosas exposiciones que se desarrollaron en la comuna de Palena. En la jornada estuvieron Rodrigo Mu\u00f1oz, director de la Federaci\u00f3n de Criadores, acompa\u00f1ado por Leonardo Bustos, presidente<\/p>\n<div class=\"read-more-wrapper\"><a class=\"read-more\" href=\"https:\/\/diarioellabrador.cl\/index.php\/2026\/08\/31\/criadores-de-palena-vivieron-jornada-muy-enriquecedora-con-interesantes-temas\/\" title=\"Leer m\u00e1s\"> <span class=\"button \">Leer m\u00e1s<\/span><\/a><\/div>\n","protected":false},"author":2,"featured_media":24254,"comment_status":"open","ping_status":"open","sticky":false,"template":"","format":"standard","meta":{"footnotes":"","_members_access_role":[],"_members_access_error":""},"categories":[5],"tags":[],"class_list":["post-24287","post","type-post","status-publish","format-standard","has-post-thumbnail","hentry","category-rodeo"],"yoast_head":"<!-- This site is optimized with the Yoast SEO plugin v28.4 - https:\/\/yoast.com\/product\/yoast-seo-wordpress\/ -->\n<title>Criadores de Palena vivieron jornada muy enriquecedora con interesantes temas - Diario El Labrador<\/title>\n<meta name=\"robots\" content=\"index, follow, max-snippet:-1, max-image-preview:large, max-video-preview:-1\" \/>\n<link rel=\"canonical\" href=\"https:\/\/diarioellabrador.cl\/index.php\/2026\/08\/31\/criadores-de-palena-vivieron-jornada-muy-enriquecedora-con-interesantes-temas\/\" \/>\n<meta property=\"og:locale\" content=\"es_ES\" \/>\n<meta property=\"og:type\" content=\"article\" \/>\n<meta property=\"og:title\" content=\"Criadores de Palena vivieron jornada muy enriquecedora con interesantes temas - Diario El Labrador\" \/>\n<meta property=\"og:description\" content=\"Autor: Hector Parraguirre La Asociaci\u00f3n de Criadores de Caballos Raza Chilena de Palena tuvo un D\u00eda de Campo redondo el s\u00e1bado 29 de agosto, con importantes invitados y provechosas exposiciones que se desarrollaron en la comuna de Palena. En la jornada estuvieron Rodrigo Mu\u00f1oz, director de la Federaci\u00f3n de Criadores, acompa\u00f1ado por Leonardo Bustos, presidente Leer m\u00e1s\" \/>\n<meta property=\"og:url\" content=\"https:\/\/diarioellabrador.cl\/index.php\/2026\/08\/31\/criadores-de-palena-vivieron-jornada-muy-enriquecedora-con-interesantes-temas\/\" \/>\n<meta property=\"og:site_name\" content=\"Diario El Labrador\" \/>\n<meta property=\"article:publisher\" content=\"https:\/\/web.facebook.com\/profile.php?id=61576120840621\" \/>\n<meta property=\"article:published_time\" content=\"2026-08-31T22:37:45+00:00\" \/>\n<meta property=\"article:modified_time\" content=\"2026-08-31T22:37:48+00:00\" \/>\n<meta property=\"og:image\" content=\"https:\/\/diarioellabrador.cl\/wp-content\/uploads\/2026\/08\/Criadores-de-Palena-vivieron-jornada-muy-enriquecedora-con-interesantes-temas.jpg\" \/>\n\t<meta property=\"og:image:width\" content=\"750\" \/>\n\t<meta property=\"og:image:height\" content=\"390\" \/>\n\t<meta property=\"og:image:type\" content=\"image\/jpeg\" \/>\n<meta name=\"author\" content=\"Editor\" \/>\n<meta name=\"twitter:card\" content=\"summary_large_image\" \/>\n<meta name=\"twitter:creator\" content=\"@ElLabradorOf\" \/>\n<meta name=\"twitter:site\" content=\"@ElLabradorOf\" \/>\n<meta name=\"twitter:label1\" content=\"Escrito por\" \/>\n\t<meta name=\"twitter:data1\" content=\"Editor\" \/>\n\t<meta name=\"twitter:label2\" content=\"Tiempo de lectura\" \/>\n\t<meta name=\"twitter:data2\" content=\"3 minutos\" \/>\n<script type=\"application\/ld+json\" class=\"yoast-schema-graph\">{\"@context\":\"https:\\\/\\\/schema.org\",\"@graph\":[{\"@type\":\"Article\",\"@id\":\"https:\\\/\\\/diarioellabrador.cl\\\/index.php\\\/2026\\\/08\\\/31\\\/criadores-de-palena-vivieron-jornada-muy-enriquecedora-con-interesantes-temas\\\/#article\",\"isPartOf\":{\"@id\":\"https:\\\/\\\/diarioellabrador.cl\\\/index.php\\\/2026\\\/08\\\/31\\\/criadores-de-palena-vivieron-jornada-muy-enriquecedora-con-interesantes-temas\\\/\"},\"author\":{\"name\":\"Editor\",\"@id\":\"https:\\\/\\\/diarioellabrador.cl\\\/#\\\/schema\\\/person\\\/bc25ff80b4563f9c7f4bd7855df01685\"},\"headline\":\"Criadores de Palena vivieron jornada muy enriquecedora con interesantes temas\",\"datePublished\":\"2026-08-31T22:37:45+00:00\",\"dateModified\":\"2026-08-31T22:37:48+00:00\",\"mainEntityOfPage\":{\"@id\":\"https:\\\/\\\/diarioellabrador.cl\\\/index.php\\\/2026\\\/08\\\/31\\\/criadores-de-palena-vivieron-jornada-muy-enriquecedora-con-interesantes-temas\\\/\"},\"wordCount\":616,\"commentCount\":0,\"publisher\":{\"@id\":\"https:\\\/\\\/diarioellabrador.cl\\\/#organization\"},\"image\":{\"@id\":\"https:\\\/\\\/diarioellabrador.cl\\\/index.php\\\/2026\\\/08\\\/31\\\/criadores-de-palena-vivieron-jornada-muy-enriquecedora-con-interesantes-temas\\\/#primaryimage\"},\"thumbnailUrl\":\"https:\\\/\\\/diarioellabrador.cl\\\/wp-content\\\/uploads\\\/2026\\\/08\\\/Criadores-de-Palena-vivieron-jornada-muy-enriquecedora-con-interesantes-temas.jpg\",\"articleSection\":[\"Rodeo\"],\"inLanguage\":\"es\",\"potentialAction\":[{\"@type\":\"CommentAction\",\"name\":\"Comment\",\"target\":[\"https:\\\/\\\/diarioellabrador.cl\\\/index.php\\\/2026\\\/08\\\/31\\\/criadores-de-palena-vivieron-jornada-muy-enriquecedora-con-interesantes-temas\\\/#respond\"]}]},{\"@type\":\"WebPage\",\"@id\":\"https:\\\/\\\/diarioellabrador.cl\\\/index.php\\\/2026\\\/08\\\/31\\\/criadores-de-palena-vivieron-jornada-muy-enriquecedora-con-interesantes-temas\\\/\",\"url\":\"https:\\\/\\\/diarioellabrador.cl\\\/index.php\\\/2026\\\/08\\\/31\\\/criadores-de-palena-vivieron-jornada-muy-enriquecedora-con-interesantes-temas\\\/\",\"name\":\"Criadores de Palena vivieron jornada muy enriquecedora con interesantes temas - Diario El Labrador\",\"isPartOf\":{\"@id\":\"https:\\\/\\\/diarioellabrador.cl\\\/#website\"},\"primaryImageOfPage\":{\"@id\":\"https:\\\/\\\/diarioellabrador.cl\\\/index.php\\\/2026\\\/08\\\/31\\\/criadores-de-palena-vivieron-jornada-muy-enriquecedora-con-interesantes-temas\\\/#primaryimage\"},\"image\":{\"@id\":\"https:\\\/\\\/diarioellabrador.cl\\\/index.php\\\/2026\\\/08\\\/31\\\/criadores-de-palena-vivieron-jornada-muy-enriquecedora-con-interesantes-temas\\\/#primaryimage\"},\"thumbnailUrl\":\"https:\\\/\\\/diarioellabrador.cl\\\/wp-content\\\/uploads\\\/2026\\\/08\\\/Criadores-de-Palena-vivieron-jornada-muy-enriquecedora-con-interesantes-temas.jpg\",\"datePublished\":\"2026-08-31T22:37:45+00:00\",\"dateModified\":\"2026-08-31T22:37:48+00:00\",\"breadcrumb\":{\"@id\":\"https:\\\/\\\/diarioellabrador.cl\\\/index.php\\\/2026\\\/08\\\/31\\\/criadores-de-palena-vivieron-jornada-muy-enriquecedora-con-interesantes-temas\\\/#breadcrumb\"},\"inLanguage\":\"es\",\"potentialAction\":[{\"@type\":\"ReadAction\",\"target\":[\"https:\\\/\\\/diarioellabrador.cl\\\/index.php\\\/2026\\\/08\\\/31\\\/criadores-de-palena-vivieron-jornada-muy-enriquecedora-con-interesantes-temas\\\/\"]}]},{\"@type\":\"ImageObject\",\"inLanguage\":\"es\",\"@id\":\"https:\\\/\\\/diarioellabrador.cl\\\/index.php\\\/2026\\\/08\\\/31\\\/criadores-de-palena-vivieron-jornada-muy-enriquecedora-con-interesantes-temas\\\/#primaryimage\",\"url\":\"https:\\\/\\\/diarioellabrador.cl\\\/wp-content\\\/uploads\\\/2026\\\/08\\\/Criadores-de-Palena-vivieron-jornada-muy-enriquecedora-con-interesantes-temas.jpg\",\"contentUrl\":\"https:\\\/\\\/diarioellabrador.cl\\\/wp-content\\\/uploads\\\/2026\\\/08\\\/Criadores-de-Palena-vivieron-jornada-muy-enriquecedora-con-interesantes-temas.jpg\",\"width\":750,\"height\":390},{\"@type\":\"BreadcrumbList\",\"@id\":\"https:\\\/\\\/diarioellabrador.cl\\\/index.php\\\/2026\\\/08\\\/31\\\/criadores-de-palena-vivieron-jornada-muy-enriquecedora-con-interesantes-temas\\\/#breadcrumb\",\"itemListElement\":[{\"@type\":\"ListItem\",\"position\":1,\"name\":\"Portada\",\"item\":\"https:\\\/\\\/diarioellabrador.cl\\\/\"},{\"@type\":\"ListItem\",\"position\":2,\"name\":\"Criadores de Palena vivieron jornada muy enriquecedora con interesantes temas\"}]},{\"@type\":\"WebSite\",\"@id\":\"https:\\\/\\\/diarioellabrador.cl\\\/#website\",\"url\":\"https:\\\/\\\/diarioellabrador.cl\\\/\",\"name\":\"Diario El Labrador\",\"description\":\"Haciendo noticia desde 1921\",\"publisher\":{\"@id\":\"https:\\\/\\\/diarioellabrador.cl\\\/#organization\"},\"potentialAction\":[{\"@type\":\"SearchAction\",\"target\":{\"@type\":\"EntryPoint\",\"urlTemplate\":\"https:\\\/\\\/diarioellabrador.cl\\\/?s={search_term_string}\"},\"query-input\":{\"@type\":\"PropertyValueSpecification\",\"valueRequired\":true,\"valueName\":\"search_term_string\"}}],\"inLanguage\":\"es\"},{\"@type\":\"Organization\",\"@id\":\"https:\\\/\\\/diarioellabrador.cl\\\/#organization\",\"name\":\"Diario El Labrador\",\"url\":\"https:\\\/\\\/diarioellabrador.cl\\\/\",\"logo\":{\"@type\":\"ImageObject\",\"inLanguage\":\"es\",\"@id\":\"https:\\\/\\\/diarioellabrador.cl\\\/#\\\/schema\\\/logo\\\/image\\\/\",\"url\":\"https:\\\/\\\/diarioellabrador.cl\\\/wp-content\\\/uploads\\\/2025\\\/02\\\/cropped-Logo-Icono.png\",\"contentUrl\":\"https:\\\/\\\/diarioellabrador.cl\\\/wp-content\\\/uploads\\\/2025\\\/02\\\/cropped-Logo-Icono.png\",\"width\":512,\"height\":512,\"caption\":\"Diario El Labrador\"},\"image\":{\"@id\":\"https:\\\/\\\/diarioellabrador.cl\\\/#\\\/schema\\\/logo\\\/image\\\/\"},\"sameAs\":[\"https:\\\/\\\/web.facebook.com\\\/profile.php?id=61576120840621\",\"https:\\\/\\\/x.com\\\/ElLabradorOf\",\"https:\\\/\\\/www.instagram.com\\\/diarioellabradoroficial\\\/\"]},{\"@type\":\"Person\",\"@id\":\"https:\\\/\\\/diarioellabrador.cl\\\/#\\\/schema\\\/person\\\/bc25ff80b4563f9c7f4bd7855df01685\",\"name\":\"Editor\",\"image\":{\"@type\":\"ImageObject\",\"inLanguage\":\"es\",\"@id\":\"https:\\\/\\\/secure.gravatar.com\\\/avatar\\\/109c326cf2be5c04f048c2c2a2b8b6ef44bf3d8d1d3d4c55d0ac40c4bc994684?s=96&d=initials&r=g&initials=ed\",\"url\":\"https:\\\/\\\/secure.gravatar.com\\\/avatar\\\/109c326cf2be5c04f048c2c2a2b8b6ef44bf3d8d1d3d4c55d0ac40c4bc994684?s=96&d=initials&r=g&initials=ed\",\"contentUrl\":\"https:\\\/\\\/secure.gravatar.com\\\/avatar\\\/109c326cf2be5c04f048c2c2a2b8b6ef44bf3d8d1d3d4c55d0ac40c4bc994684?s=96&d=initials&r=g&initials=ed\",\"caption\":\"Editor\"},\"url\":\"https:\\\/\\\/diarioellabrador.cl\\\/index.php\\\/author\\\/editor\\\/\"}]}<\/script>\n<!-- \/ Yoast SEO plugin. -->","yoast_head_json":{"title":"Criadores de Palena vivieron jornada muy enriquecedora con interesantes temas - Diario El Labrador","robots":{"index":"index","follow":"follow","max-snippet":"max-snippet:-1","max-image-preview":"max-image-preview:large","max-video-preview":"max-video-preview:-1"},"canonical":"https:\/\/diarioellabrador.cl\/index.php\/2026\/08\/31\/criadores-de-palena-vivieron-jornada-muy-enriquecedora-con-interesantes-temas\/","og_locale":"es_ES","og_type":"article","og_title":"Criadores de Palena vivieron jornada muy enriquecedora con interesantes temas - Diario El Labrador","og_description":"Autor: Hector Parraguirre La Asociaci\u00f3n de Criadores de Caballos Raza Chilena de Palena tuvo un D\u00eda de Campo redondo el s\u00e1bado 29 de agosto, con importantes invitados y provechosas exposiciones que se desarrollaron en la comuna de Palena. En la jornada estuvieron Rodrigo Mu\u00f1oz, director de la Federaci\u00f3n de Criadores, acompa\u00f1ado por Leonardo Bustos, presidente Leer m\u00e1s","og_url":"https:\/\/diarioellabrador.cl\/index.php\/2026\/08\/31\/criadores-de-palena-vivieron-jornada-muy-enriquecedora-con-interesantes-temas\/","og_site_name":"Diario El Labrador","article_publisher":"https:\/\/web.facebook.com\/profile.php?id=61576120840621","article_published_time":"2026-08-31T22:37:45+00:00","article_modified_time":"2026-08-31T22:37:48+00:00","og_image":[{"width":750,"height":390,"url":"https:\/\/diarioellabrador.cl\/wp-content\/uploads\/2026\/08\/Criadores-de-Palena-vivieron-jornada-muy-enriquecedora-con-interesantes-temas.jpg","type":"image\/jpeg"}],"author":"Editor","twitter_card":"summary_large_image","twitter_creator":"@ElLabradorOf","twitter_site":"@ElLabradorOf","twitter_misc":{"Escrito por":"Editor","Tiempo de lectura":"3 minutos"},"schema":{"@context":"https:\/\/schema.org","@graph":[{"@type":"Article","@id":"https:\/\/diarioellabrador.cl\/index.php\/2026\/08\/31\/criadores-de-palena-vivieron-jornada-muy-enriquecedora-con-interesantes-temas\/#article","isPartOf":{"@id":"https:\/\/diarioellabrador.cl\/index.php\/2026\/08\/31\/criadores-de-palena-vivieron-jornada-muy-enriquecedora-con-interesantes-temas\/"},"author":{"name":"Editor","@id":"https:\/\/diarioellabrador.cl\/#\/schema\/person\/bc25ff80b4563f9c7f4bd7855df01685"},"headline":"Criadores de Palena vivieron jornada muy enriquecedora con interesantes temas","datePublished":"2026-08-31T22:37:45+00:00","dateModified":"2026-08-31T22:37:48+00:00","mainEntityOfPage":{"@id":"https:\/\/diarioellabrador.cl\/index.php\/2026\/08\/31\/criadores-de-palena-vivieron-jornada-muy-enriquecedora-con-interesantes-temas\/"},"wordCount":616,"commentCount":0,"publisher":{"@id":"https:\/\/diarioellabrador.cl\/#organization"},"image":{"@id":"https:\/\/diarioellabrador.cl\/index.php\/2026\/08\/31\/criadores-de-palena-vivieron-jornada-muy-enriquecedora-con-interesantes-temas\/#primaryimage"},"thumbnailUrl":"https:\/\/diarioellabrador.cl\/wp-content\/uploads\/2026\/08\/Criadores-de-Palena-vivieron-jornada-muy-enriquecedora-con-interesantes-temas.jpg","articleSection":["Rodeo"],"inLanguage":"es","potentialAction":[{"@type":"CommentAction","name":"Comment","target":["https:\/\/diarioellabrador.cl\/index.php\/2026\/08\/31\/criadores-de-palena-vivieron-jornada-muy-enriquecedora-con-interesantes-temas\/#respond"]}]},{"@type":"WebPage","@id":"https:\/\/diarioellabrador.cl\/index.php\/2026\/08\/31\/criadores-de-palena-vivieron-jornada-muy-enriquecedora-con-interesantes-temas\/","url":"https:\/\/diarioellabrador.cl\/index.php\/2026\/08\/31\/criadores-de-palena-vivieron-jornada-muy-enriquecedora-con-interesantes-temas\/","name":"Criadores de Palena vivieron jornada muy enriquecedora con interesantes temas - Diario El Labrador","isPartOf":{"@id":"https:\/\/diarioellabrador.cl\/#website"},"primaryImageOfPage":{"@id":"https:\/\/diarioellabrador.cl\/index.php\/2026\/08\/31\/criadores-de-palena-vivieron-jornada-muy-enriquecedora-con-interesantes-temas\/#primaryimage"},"image":{"@id":"https:\/\/diarioellabrador.cl\/index.php\/2026\/08\/31\/criadores-de-palena-vivieron-jornada-muy-enriquecedora-con-interesantes-temas\/#primaryimage"},"thumbnailUrl":"https:\/\/diarioellabrador.cl\/wp-content\/uploads\/2026\/08\/Criadores-de-Palena-vivieron-jornada-muy-enriquecedora-con-interesantes-temas.jpg","datePublished":"2026-08-31T22:37:45+00:00","dateModified":"2026-08-31T22:37:48+00:00","breadcrumb":{"@id":"https:\/\/diarioellabrador.cl\/index.php\/2026\/08\/31\/criadores-de-palena-vivieron-jornada-muy-enriquecedora-con-interesantes-temas\/#breadcrumb"},"inLanguage":"es","potentialAction":[{"@type":"ReadAction","target":["https:\/\/diarioellabrador.cl\/index.php\/2026\/08\/31\/criadores-de-palena-vivieron-jornada-muy-enriquecedora-con-interesantes-temas\/"]}]},{"@type":"ImageObject","inLanguage":"es","@id":"https:\/\/diarioellabrador.cl\/index.php\/2026\/08\/31\/criadores-de-palena-vivieron-jornada-muy-enriquecedora-con-interesantes-temas\/#primaryimage","url":"https:\/\/diarioellabrador.cl\/wp-content\/uploads\/2026\/08\/Criadores-de-Palena-vivieron-jornada-muy-enriquecedora-con-interesantes-temas.jpg","contentUrl":"https:\/\/diarioellabrador.cl\/wp-content\/uploads\/2026\/08\/Criadores-de-Palena-vivieron-jornada-muy-enriquecedora-con-interesantes-temas.jpg","width":750,"height":390},{"@type":"BreadcrumbList","@id":"https:\/\/diarioellabrador.cl\/index.php\/2026\/08\/31\/criadores-de-palena-vivieron-jornada-muy-enriquecedora-con-interesantes-temas\/#breadcrumb","itemListElement":[{"@type":"ListItem","position":1,"name":"Portada","item":"https:\/\/diarioellabrador.cl\/"},{"@type":"ListItem","position":2,"name":"Criadores de Palena vivieron jornada muy enriquecedora con interesantes temas"}]},{"@type":"WebSite","@id":"https:\/\/diarioellabrador.cl\/#website","url":"https:\/\/diarioellabrador.cl\/","name":"Diario El Labrador","description":"Haciendo noticia desde 1921","publisher":{"@id":"https:\/\/diarioellabrador.cl\/#organization"},"potentialAction":[{"@type":"SearchAction","target":{"@type":"EntryPoint","urlTemplate":"https:\/\/diarioellabrador.cl\/?s={search_term_string}"},"query-input":{"@type":"PropertyValueSpecification","valueRequired":true,"valueName":"search_term_string"}}],"inLanguage":"es"},{"@type":"Organization","@id":"https:\/\/diarioellabrador.cl\/#organization","name":"Diario El Labrador","url":"https:\/\/diarioellabrador.cl\/","logo":{"@type":"ImageObject","inLanguage":"es","@id":"https:\/\/diarioellabrador.cl\/#\/schema\/logo\/image\/","url":"https:\/\/diarioellabrador.cl\/wp-content\/uploads\/2025\/02\/cropped-Logo-Icono.png","contentUrl":"https:\/\/diarioellabrador.cl\/wp-content\/uploads\/2025\/02\/cropped-Logo-Icono.png","width":512,"height":512,"caption":"Diario El Labrador"},"image":{"@id":"https:\/\/diarioellabrador.cl\/#\/schema\/logo\/image\/"},"sameAs":["https:\/\/web.facebook.com\/profile.php?id=61576120840621","https:\/\/x.com\/ElLabradorOf","https:\/\/www.instagram.com\/diarioellabradoroficial\/"]},{"@type":"Person","@id":"https:\/\/diarioellabrador.cl\/#\/schema\/person\/bc25ff80b4563f9c7f4bd7855df01685","name":"Editor","image":{"@type":"ImageObject","inLanguage":"es","@id":"https:\/\/secure.gravatar.com\/avatar\/109c326cf2be5c04f048c2c2a2b8b6ef44bf3d8d1d3d4c55d0ac40c4bc994684?s=96&d=initials&r=g&initials=ed","url":"https:\/\/secure.gravatar.com\/avatar\/109c326cf2be5c04f048c2c2a2b8b6ef44bf3d8d1d3d4c55d0ac40c4bc994684?s=96&d=initials&r=g&initials=ed","contentUrl":"https:\/\/secure.gravatar.com\/avatar\/109c326cf2be5c04f048c2c2a2b8b6ef44bf3d8d1d3d4c55d0ac40c4bc994684?s=96&d=initials&r=g&initials=ed","caption":"Editor"},"url":"https:\/\/diarioellabrador.cl\/index.php\/author\/editor\/"}]}},"_links":{"self":[{"href":"https:\/\/diarioellabrador.cl\/index.php\/wp-json\/wp\/v2\/posts\/24287","targetHints":{"allow":["GET"]}}],"collection":[{"href":"https:\/\/diarioellabrador.cl\/index.php\/wp-json\/wp\/v2\/posts"}],"about":[{"href":"https:\/\/diarioellabrador.cl\/index.php\/wp-json\/wp\/v2\/types\/post"}],"author":[{"embeddable":true,"href":"https:\/\/diarioellabrador.cl\/index.php\/wp-json\/wp\/v2\/users\/2"}],"replies":[{"embeddable":true,"href":"https:\/\/diarioellabrador.cl\/index.php\/wp-json\/wp\/v2\/comments?post=24287"}],"version-history":[{"count":1,"href":"https:\/\/diarioellabrador.cl\/index.php\/wp-json\/wp\/v2\/posts\/24287\/revisions"}],"predecessor-version":[{"id":24288,"href":"https:\/\/diarioellabrador.cl\/index.php\/wp-json\/wp\/v2\/posts\/24287\/revisions\/24288"}],"wp:featuredmedia":[{"embeddable":true,"href":"https:\/\/diarioellabrador.cl\/index.php\/wp-json\/wp\/v2\/media\/24254"}],"wp:attachment":[{"href":"https:\/\/diarioellabrador.cl\/index.php\/wp-json\/wp\/v2\/media?parent=24287"}],"wp:term":[{"taxonomy":"category","embeddable":true,"href":"https:\/\/diarioellabrador.cl\/index.php\/wp-json\/wp\/v2\/categories?post=24287"},{"taxonomy":"post_tag","embeddable":true,"href":"https:\/\/diarioellabrador.cl\/index.php\/wp-json\/wp\/v2\/tags?post=24287"}],"curies":[{"name":"wp","href":"https:\/\/api.w.org\/{rel}","templated":true}]}}