{"id":24285,"date":"2026-08-31T18:37:06","date_gmt":"2026-08-31T22:37:06","guid":{"rendered":"https:\/\/diarioellabrador.cl\/?p=24285"},"modified":"2026-08-31T18:37:10","modified_gmt":"2026-08-31T22:37:10","slug":"federacion-del-rodeo-chileno-participo-en-inauguracion-del-mes-de-la-patria-en-la-moneda","status":"publish","type":"post","link":"https:\/\/diarioellabrador.cl\/index.php\/2026\/08\/31\/federacion-del-rodeo-chileno-participo-en-inauguracion-del-mes-de-la-patria-en-la-moneda\/","title":{"rendered":"Federaci\u00f3n del Rodeo Chileno particip\u00f3 en inauguraci\u00f3n del Mes de la Patria en La Moneda"},"content":{"rendered":"\n<p class=\"wp-block-paragraph\"><strong>Autor:<\/strong> CaballoyRodeo.cl<\/p>\n\n\n\n<p class=\"wp-block-paragraph\">La <strong>Federaci\u00f3n del Rodeo Chileno<\/strong> particip\u00f3 en la inauguraci\u00f3n oficial de las celebraciones del <strong>Mes de la Patria<\/strong>, actividad desarrollada en el Hall Central del <strong>Centro Cultural La Moneda<\/strong> y que tambi\u00e9n marc\u00f3 un hito especial por los 20 a\u00f1os de trayectoria del recinto cultural.<\/p>\n\n\n\n<p class=\"wp-block-paragraph\">La ceremonia fue encabezada por el <strong>Presidente de la Rep\u00fablica, Jos\u00e9 Antonio Kast<\/strong>, junto al ministro de las Culturas, las Artes y el Patrimonio, <strong>Francisco Undurraga<\/strong>; la presidenta del Directorio de la Fundaci\u00f3n Centro Cultural La Moneda, <strong>Drina Rendic<\/strong>, y su directora ejecutiva, <strong>Alejandra Valenzuela<\/strong>.<\/p>\n\n\n\n<p class=\"wp-block-paragraph\">En representaci\u00f3n del Rodeo Chileno y de las tradiciones vinculadas al mundo rural asisti\u00f3 una comitiva de la Federaci\u00f3n encabezada por su presidente, <strong>Alfredo Moreno Echeverr\u00eda<\/strong>, acompa\u00f1ado por el director <strong>Faruk Touma<\/strong> y el gerente general de la instituci\u00f3n, <strong>Felipe Soto<\/strong>.<\/p>\n\n\n\n<p class=\"wp-block-paragraph\">Moreno destac\u00f3 la relevancia que tiene para la Federaci\u00f3n participar en una actividad que pone en primer plano las expresiones culturales y tradicionales del pa\u00eds, especialmente en el comienzo de septiembre.<\/p>\n\n\n\n<p class=\"wp-block-paragraph\"><strong>\u00abEl Centro Cultural La Moneda cumple 20 a\u00f1os. Es un lugar donde la cultura, las tradiciones y, sobre todo en el Mes de la Patria, lo que tiene que ver con la cultura chilena tiene un espacio muy importante todos los a\u00f1os, as\u00ed que estar en esta inauguraci\u00f3n del Mes de la Patria aqu\u00ed es muy importante para la Federaci\u00f3n, pero sobre todo para todos los amantes de las tradiciones y de la cultura chilena\u00bb<\/strong>, se\u00f1al\u00f3.<\/p>\n\n\n\n<p class=\"wp-block-paragraph\">El presidente de la Federaci\u00f3n tambi\u00e9n resalt\u00f3 el papel que cumple el rodeo en la conservaci\u00f3n y difusi\u00f3n de distintas manifestaciones de la identidad nacional.<\/p>\n\n\n\n<p class=\"wp-block-paragraph\"><strong>\u00abLas tradiciones se re\u00fanen en la fiesta del rodeo. Es ah\u00ed donde se mantienen muchas de las tradiciones y de las formas culturales que tiene nuestro pa\u00eds y nuestra cultura chilena, as\u00ed que estamos muy contentos de poder estar ac\u00e1 hoy d\u00eda, a nombre de la Federaci\u00f3n del Rodeo, a nombre de toda la familia corralera, d\u00e1ndole el puntapi\u00e9 inicial con muchas autoridades, con gente relevante y poniendo siempre la chilenidad por delante\u00bb<\/strong>, expres\u00f3 Moreno.<\/p>\n\n\n\n<p class=\"wp-block-paragraph\">Por su parte, el director de la Federaci\u00f3n del Rodeo Chileno <strong>Faruk Touma<\/strong> manifest\u00f3 su satisfacci\u00f3n por la invitaci\u00f3n recibida y por la posibilidad de que la instituci\u00f3n estuviera presente en el inicio de las actividades del Mes de la Patria.<\/p>\n\n\n\n<p class=\"wp-block-paragraph\"><strong>\u00abNosotros estamos muy contentos, muy felices de que nos hayan tomado en cuenta en este comienzo del Mes de la Patria, por todo lo que vamos a tener en septiembre, y que la Federaci\u00f3n est\u00e9 presente con su presidente y con un director. Nos damos m\u00e1s que pagados de estar en La Moneda y ser tomados en cuenta. Estamos felices y queremos participar a\u00f1o a a\u00f1o\u00bb<\/strong>, afirm\u00f3.<\/p>\n\n\n\n<p class=\"wp-block-paragraph\">El ministro de las Culturas, las Artes y el Patrimonio, <strong>Francisco Undurraga<\/strong>, tambi\u00e9n se refiri\u00f3 al v\u00ednculo del rodeo con las tradiciones nacionales y valor\u00f3 la presencia de sus cultores a lo largo del pa\u00eds.<\/p>\n\n\n\n<p class=\"wp-block-paragraph\"><strong>\u00abEl rodeo es parte de las tradiciones de nuestra Patria. Hemos estado en el Champion, hemos estado en Arica en el Campeonato Nacional de Cueca y tambi\u00e9n acompa\u00f1ado con gente del rodeo. En fin, donde yo voy siempre hay un club de rodeo. As\u00ed que un gran abrazo a todos los que cultivan ese maravilloso deporte, que es el deporte nacional, que es el rodeo\u00bb<\/strong>, sostuvo.<\/p>\n\n\n\n<h4 class=\"wp-block-heading\">Un recorrido por las expresiones de la chilenidad<\/h4>\n\n\n\n<p class=\"wp-block-paragraph\">Durante la actividad, los representantes de la Federaci\u00f3n participaron en el recorrido por la exposici\u00f3n <strong>\u00abChilenidad: Est\u00e9ticas y materias mestizas\u00bb<\/strong>, desarrollada en colaboraci\u00f3n con el Museo de Colchagua y la Fundaci\u00f3n Cardoen.<\/p>\n\n\n\n<p class=\"wp-block-paragraph\">La muestra pone en valor los <strong>oficios rurales, las expresiones artesanales, los juegos tradicionales y la gastronom\u00eda t\u00edpica<\/strong>, elementos que forman parte del patrimonio y de las costumbres que identifican a las distintas regiones de Chile.<\/p>\n\n\n\n<p class=\"wp-block-paragraph\">La ceremonia concluy\u00f3 en un ambiente marcado por las tradiciones nacionales, con autoridades e invitados compartiendo un <strong>pie de cueca<\/strong> como cierre de la inauguraci\u00f3n de las actividades del Mes de la Patria en el Centro Cultural La Moneda.<\/p>\n\n\n\n<p class=\"wp-block-paragraph\"><\/p>\n","protected":false},"excerpt":{"rendered":"<p>Autor: CaballoyRodeo.cl La Federaci\u00f3n del Rodeo Chileno particip\u00f3 en la inauguraci\u00f3n oficial de las celebraciones del Mes de la Patria, actividad desarrollada en el Hall Central del Centro Cultural La Moneda y que tambi\u00e9n marc\u00f3 un hito especial por los 20 a\u00f1os de trayectoria del recinto cultural. La ceremonia fue encabezada por el Presidente de<\/p>\n<div class=\"read-more-wrapper\"><a class=\"read-more\" href=\"https:\/\/diarioellabrador.cl\/index.php\/2026\/08\/31\/federacion-del-rodeo-chileno-participo-en-inauguracion-del-mes-de-la-patria-en-la-moneda\/\" title=\"Leer m\u00e1s\"> <span class=\"button \">Leer m\u00e1s<\/span><\/a><\/div>\n","protected":false},"author":2,"featured_media":24256,"comment_status":"open","ping_status":"open","sticky":false,"template":"","format":"standard","meta":{"footnotes":"","_members_access_role":[],"_members_access_error":""},"categories":[5],"tags":[],"class_list":["post-24285","post","type-post","status-publish","format-standard","has-post-thumbnail","hentry","category-rodeo"],"yoast_head":"<!-- This site is optimized with the Yoast SEO plugin v28.3 - https:\/\/yoast.com\/product\/yoast-seo-wordpress\/ -->\n<title>Federaci\u00f3n del Rodeo Chileno particip\u00f3 en inauguraci\u00f3n del Mes de la Patria en La Moneda - Diario El Labrador<\/title>\n<meta name=\"robots\" content=\"index, follow, max-snippet:-1, max-image-preview:large, max-video-preview:-1\" \/>\n<link rel=\"canonical\" href=\"https:\/\/diarioellabrador.cl\/index.php\/2026\/08\/31\/federacion-del-rodeo-chileno-participo-en-inauguracion-del-mes-de-la-patria-en-la-moneda\/\" \/>\n<meta property=\"og:locale\" content=\"es_ES\" \/>\n<meta property=\"og:type\" content=\"article\" \/>\n<meta property=\"og:title\" content=\"Federaci\u00f3n del Rodeo Chileno particip\u00f3 en inauguraci\u00f3n del Mes de la Patria en La Moneda - Diario El Labrador\" \/>\n<meta property=\"og:description\" content=\"Autor: CaballoyRodeo.cl La Federaci\u00f3n del Rodeo Chileno particip\u00f3 en la inauguraci\u00f3n oficial de las celebraciones del Mes de la Patria, actividad desarrollada en el Hall Central del Centro Cultural La Moneda y que tambi\u00e9n marc\u00f3 un hito especial por los 20 a\u00f1os de trayectoria del recinto cultural. La ceremonia fue encabezada por el Presidente de Leer m\u00e1s\" \/>\n<meta property=\"og:url\" content=\"https:\/\/diarioellabrador.cl\/index.php\/2026\/08\/31\/federacion-del-rodeo-chileno-participo-en-inauguracion-del-mes-de-la-patria-en-la-moneda\/\" \/>\n<meta property=\"og:site_name\" content=\"Diario El Labrador\" \/>\n<meta property=\"article:publisher\" content=\"https:\/\/web.facebook.com\/profile.php?id=61576120840621\" \/>\n<meta property=\"article:published_time\" content=\"2026-08-31T22:37:06+00:00\" \/>\n<meta property=\"article:modified_time\" content=\"2026-08-31T22:37:10+00:00\" \/>\n<meta property=\"og:image\" content=\"https:\/\/diarioellabrador.cl\/wp-content\/uploads\/2026\/08\/Federacion-del-Rodeo-Chileno-participo-en-inauguracion-del-Mes-de-la-Patria-en-La-Moneda.jpg\" \/>\n\t<meta property=\"og:image:width\" content=\"750\" \/>\n\t<meta property=\"og:image:height\" content=\"389\" \/>\n\t<meta property=\"og:image:type\" content=\"image\/jpeg\" \/>\n<meta name=\"author\" content=\"Editor\" \/>\n<meta name=\"twitter:card\" content=\"summary_large_image\" \/>\n<meta name=\"twitter:creator\" content=\"@ElLabradorOf\" \/>\n<meta name=\"twitter:site\" content=\"@ElLabradorOf\" \/>\n<meta name=\"twitter:label1\" content=\"Escrito por\" \/>\n\t<meta name=\"twitter:data1\" content=\"Editor\" \/>\n\t<meta name=\"twitter:label2\" content=\"Tiempo de lectura\" \/>\n\t<meta name=\"twitter:data2\" content=\"4 minutos\" \/>\n<script type=\"application\/ld+json\" class=\"yoast-schema-graph\">{\"@context\":\"https:\\\/\\\/schema.org\",\"@graph\":[{\"@type\":\"Article\",\"@id\":\"https:\\\/\\\/diarioellabrador.cl\\\/index.php\\\/2026\\\/08\\\/31\\\/federacion-del-rodeo-chileno-participo-en-inauguracion-del-mes-de-la-patria-en-la-moneda\\\/#article\",\"isPartOf\":{\"@id\":\"https:\\\/\\\/diarioellabrador.cl\\\/index.php\\\/2026\\\/08\\\/31\\\/federacion-del-rodeo-chileno-participo-en-inauguracion-del-mes-de-la-patria-en-la-moneda\\\/\"},\"author\":{\"name\":\"Editor\",\"@id\":\"https:\\\/\\\/diarioellabrador.cl\\\/#\\\/schema\\\/person\\\/bc25ff80b4563f9c7f4bd7855df01685\"},\"headline\":\"Federaci\u00f3n del Rodeo Chileno particip\u00f3 en inauguraci\u00f3n del Mes de la Patria en La Moneda\",\"datePublished\":\"2026-08-31T22:37:06+00:00\",\"dateModified\":\"2026-08-31T22:37:10+00:00\",\"mainEntityOfPage\":{\"@id\":\"https:\\\/\\\/diarioellabrador.cl\\\/index.php\\\/2026\\\/08\\\/31\\\/federacion-del-rodeo-chileno-participo-en-inauguracion-del-mes-de-la-patria-en-la-moneda\\\/\"},\"wordCount\":728,\"commentCount\":0,\"publisher\":{\"@id\":\"https:\\\/\\\/diarioellabrador.cl\\\/#organization\"},\"image\":{\"@id\":\"https:\\\/\\\/diarioellabrador.cl\\\/index.php\\\/2026\\\/08\\\/31\\\/federacion-del-rodeo-chileno-participo-en-inauguracion-del-mes-de-la-patria-en-la-moneda\\\/#primaryimage\"},\"thumbnailUrl\":\"https:\\\/\\\/diarioellabrador.cl\\\/wp-content\\\/uploads\\\/2026\\\/08\\\/Federacion-del-Rodeo-Chileno-participo-en-inauguracion-del-Mes-de-la-Patria-en-La-Moneda.jpg\",\"articleSection\":[\"Rodeo\"],\"inLanguage\":\"es\",\"potentialAction\":[{\"@type\":\"CommentAction\",\"name\":\"Comment\",\"target\":[\"https:\\\/\\\/diarioellabrador.cl\\\/index.php\\\/2026\\\/08\\\/31\\\/federacion-del-rodeo-chileno-participo-en-inauguracion-del-mes-de-la-patria-en-la-moneda\\\/#respond\"]}]},{\"@type\":\"WebPage\",\"@id\":\"https:\\\/\\\/diarioellabrador.cl\\\/index.php\\\/2026\\\/08\\\/31\\\/federacion-del-rodeo-chileno-participo-en-inauguracion-del-mes-de-la-patria-en-la-moneda\\\/\",\"url\":\"https:\\\/\\\/diarioellabrador.cl\\\/index.php\\\/2026\\\/08\\\/31\\\/federacion-del-rodeo-chileno-participo-en-inauguracion-del-mes-de-la-patria-en-la-moneda\\\/\",\"name\":\"Federaci\u00f3n del Rodeo Chileno particip\u00f3 en inauguraci\u00f3n del Mes de la Patria en La Moneda - Diario El Labrador\",\"isPartOf\":{\"@id\":\"https:\\\/\\\/diarioellabrador.cl\\\/#website\"},\"primaryImageOfPage\":{\"@id\":\"https:\\\/\\\/diarioellabrador.cl\\\/index.php\\\/2026\\\/08\\\/31\\\/federacion-del-rodeo-chileno-participo-en-inauguracion-del-mes-de-la-patria-en-la-moneda\\\/#primaryimage\"},\"image\":{\"@id\":\"https:\\\/\\\/diarioellabrador.cl\\\/index.php\\\/2026\\\/08\\\/31\\\/federacion-del-rodeo-chileno-participo-en-inauguracion-del-mes-de-la-patria-en-la-moneda\\\/#primaryimage\"},\"thumbnailUrl\":\"https:\\\/\\\/diarioellabrador.cl\\\/wp-content\\\/uploads\\\/2026\\\/08\\\/Federacion-del-Rodeo-Chileno-participo-en-inauguracion-del-Mes-de-la-Patria-en-La-Moneda.jpg\",\"datePublished\":\"2026-08-31T22:37:06+00:00\",\"dateModified\":\"2026-08-31T22:37:10+00:00\",\"breadcrumb\":{\"@id\":\"https:\\\/\\\/diarioellabrador.cl\\\/index.php\\\/2026\\\/08\\\/31\\\/federacion-del-rodeo-chileno-participo-en-inauguracion-del-mes-de-la-patria-en-la-moneda\\\/#breadcrumb\"},\"inLanguage\":\"es\",\"potentialAction\":[{\"@type\":\"ReadAction\",\"target\":[\"https:\\\/\\\/diarioellabrador.cl\\\/index.php\\\/2026\\\/08\\\/31\\\/federacion-del-rodeo-chileno-participo-en-inauguracion-del-mes-de-la-patria-en-la-moneda\\\/\"]}]},{\"@type\":\"ImageObject\",\"inLanguage\":\"es\",\"@id\":\"https:\\\/\\\/diarioellabrador.cl\\\/index.php\\\/2026\\\/08\\\/31\\\/federacion-del-rodeo-chileno-participo-en-inauguracion-del-mes-de-la-patria-en-la-moneda\\\/#primaryimage\",\"url\":\"https:\\\/\\\/diarioellabrador.cl\\\/wp-content\\\/uploads\\\/2026\\\/08\\\/Federacion-del-Rodeo-Chileno-participo-en-inauguracion-del-Mes-de-la-Patria-en-La-Moneda.jpg\",\"contentUrl\":\"https:\\\/\\\/diarioellabrador.cl\\\/wp-content\\\/uploads\\\/2026\\\/08\\\/Federacion-del-Rodeo-Chileno-participo-en-inauguracion-del-Mes-de-la-Patria-en-La-Moneda.jpg\",\"width\":750,\"height\":389},{\"@type\":\"BreadcrumbList\",\"@id\":\"https:\\\/\\\/diarioellabrador.cl\\\/index.php\\\/2026\\\/08\\\/31\\\/federacion-del-rodeo-chileno-participo-en-inauguracion-del-mes-de-la-patria-en-la-moneda\\\/#breadcrumb\",\"itemListElement\":[{\"@type\":\"ListItem\",\"position\":1,\"name\":\"Portada\",\"item\":\"https:\\\/\\\/diarioellabrador.cl\\\/\"},{\"@type\":\"ListItem\",\"position\":2,\"name\":\"Federaci\u00f3n del Rodeo Chileno particip\u00f3 en inauguraci\u00f3n del Mes de la Patria en La Moneda\"}]},{\"@type\":\"WebSite\",\"@id\":\"https:\\\/\\\/diarioellabrador.cl\\\/#website\",\"url\":\"https:\\\/\\\/diarioellabrador.cl\\\/\",\"name\":\"Diario El Labrador\",\"description\":\"Haciendo noticia desde 1921\",\"publisher\":{\"@id\":\"https:\\\/\\\/diarioellabrador.cl\\\/#organization\"},\"potentialAction\":[{\"@type\":\"SearchAction\",\"target\":{\"@type\":\"EntryPoint\",\"urlTemplate\":\"https:\\\/\\\/diarioellabrador.cl\\\/?s={search_term_string}\"},\"query-input\":{\"@type\":\"PropertyValueSpecification\",\"valueRequired\":true,\"valueName\":\"search_term_string\"}}],\"inLanguage\":\"es\"},{\"@type\":\"Organization\",\"@id\":\"https:\\\/\\\/diarioellabrador.cl\\\/#organization\",\"name\":\"Diario El Labrador\",\"url\":\"https:\\\/\\\/diarioellabrador.cl\\\/\",\"logo\":{\"@type\":\"ImageObject\",\"inLanguage\":\"es\",\"@id\":\"https:\\\/\\\/diarioellabrador.cl\\\/#\\\/schema\\\/logo\\\/image\\\/\",\"url\":\"https:\\\/\\\/diarioellabrador.cl\\\/wp-content\\\/uploads\\\/2025\\\/02\\\/cropped-Logo-Icono.png\",\"contentUrl\":\"https:\\\/\\\/diarioellabrador.cl\\\/wp-content\\\/uploads\\\/2025\\\/02\\\/cropped-Logo-Icono.png\",\"width\":512,\"height\":512,\"caption\":\"Diario El Labrador\"},\"image\":{\"@id\":\"https:\\\/\\\/diarioellabrador.cl\\\/#\\\/schema\\\/logo\\\/image\\\/\"},\"sameAs\":[\"https:\\\/\\\/web.facebook.com\\\/profile.php?id=61576120840621\",\"https:\\\/\\\/x.com\\\/ElLabradorOf\",\"https:\\\/\\\/www.instagram.com\\\/diarioellabradoroficial\\\/\"]},{\"@type\":\"Person\",\"@id\":\"https:\\\/\\\/diarioellabrador.cl\\\/#\\\/schema\\\/person\\\/bc25ff80b4563f9c7f4bd7855df01685\",\"name\":\"Editor\",\"image\":{\"@type\":\"ImageObject\",\"inLanguage\":\"es\",\"@id\":\"https:\\\/\\\/secure.gravatar.com\\\/avatar\\\/109c326cf2be5c04f048c2c2a2b8b6ef44bf3d8d1d3d4c55d0ac40c4bc994684?s=96&d=initials&r=g&initials=ed\",\"url\":\"https:\\\/\\\/secure.gravatar.com\\\/avatar\\\/109c326cf2be5c04f048c2c2a2b8b6ef44bf3d8d1d3d4c55d0ac40c4bc994684?s=96&d=initials&r=g&initials=ed\",\"contentUrl\":\"https:\\\/\\\/secure.gravatar.com\\\/avatar\\\/109c326cf2be5c04f048c2c2a2b8b6ef44bf3d8d1d3d4c55d0ac40c4bc994684?s=96&d=initials&r=g&initials=ed\",\"caption\":\"Editor\"},\"url\":\"https:\\\/\\\/diarioellabrador.cl\\\/index.php\\\/author\\\/editor\\\/\"}]}<\/script>\n<!-- \/ Yoast SEO plugin. -->","yoast_head_json":{"title":"Federaci\u00f3n del Rodeo Chileno particip\u00f3 en inauguraci\u00f3n del Mes de la Patria en La Moneda - Diario El Labrador","robots":{"index":"index","follow":"follow","max-snippet":"max-snippet:-1","max-image-preview":"max-image-preview:large","max-video-preview":"max-video-preview:-1"},"canonical":"https:\/\/diarioellabrador.cl\/index.php\/2026\/08\/31\/federacion-del-rodeo-chileno-participo-en-inauguracion-del-mes-de-la-patria-en-la-moneda\/","og_locale":"es_ES","og_type":"article","og_title":"Federaci\u00f3n del Rodeo Chileno particip\u00f3 en inauguraci\u00f3n del Mes de la Patria en La Moneda - Diario El Labrador","og_description":"Autor: CaballoyRodeo.cl La Federaci\u00f3n del Rodeo Chileno particip\u00f3 en la inauguraci\u00f3n oficial de las celebraciones del Mes de la Patria, actividad desarrollada en el Hall Central del Centro Cultural La Moneda y que tambi\u00e9n marc\u00f3 un hito especial por los 20 a\u00f1os de trayectoria del recinto cultural. La ceremonia fue encabezada por el Presidente de Leer m\u00e1s","og_url":"https:\/\/diarioellabrador.cl\/index.php\/2026\/08\/31\/federacion-del-rodeo-chileno-participo-en-inauguracion-del-mes-de-la-patria-en-la-moneda\/","og_site_name":"Diario El Labrador","article_publisher":"https:\/\/web.facebook.com\/profile.php?id=61576120840621","article_published_time":"2026-08-31T22:37:06+00:00","article_modified_time":"2026-08-31T22:37:10+00:00","og_image":[{"width":750,"height":389,"url":"https:\/\/diarioellabrador.cl\/wp-content\/uploads\/2026\/08\/Federacion-del-Rodeo-Chileno-participo-en-inauguracion-del-Mes-de-la-Patria-en-La-Moneda.jpg","type":"image\/jpeg"}],"author":"Editor","twitter_card":"summary_large_image","twitter_creator":"@ElLabradorOf","twitter_site":"@ElLabradorOf","twitter_misc":{"Escrito por":"Editor","Tiempo de lectura":"4 minutos"},"schema":{"@context":"https:\/\/schema.org","@graph":[{"@type":"Article","@id":"https:\/\/diarioellabrador.cl\/index.php\/2026\/08\/31\/federacion-del-rodeo-chileno-participo-en-inauguracion-del-mes-de-la-patria-en-la-moneda\/#article","isPartOf":{"@id":"https:\/\/diarioellabrador.cl\/index.php\/2026\/08\/31\/federacion-del-rodeo-chileno-participo-en-inauguracion-del-mes-de-la-patria-en-la-moneda\/"},"author":{"name":"Editor","@id":"https:\/\/diarioellabrador.cl\/#\/schema\/person\/bc25ff80b4563f9c7f4bd7855df01685"},"headline":"Federaci\u00f3n del Rodeo Chileno particip\u00f3 en inauguraci\u00f3n del Mes de la Patria en La Moneda","datePublished":"2026-08-31T22:37:06+00:00","dateModified":"2026-08-31T22:37:10+00:00","mainEntityOfPage":{"@id":"https:\/\/diarioellabrador.cl\/index.php\/2026\/08\/31\/federacion-del-rodeo-chileno-participo-en-inauguracion-del-mes-de-la-patria-en-la-moneda\/"},"wordCount":728,"commentCount":0,"publisher":{"@id":"https:\/\/diarioellabrador.cl\/#organization"},"image":{"@id":"https:\/\/diarioellabrador.cl\/index.php\/2026\/08\/31\/federacion-del-rodeo-chileno-participo-en-inauguracion-del-mes-de-la-patria-en-la-moneda\/#primaryimage"},"thumbnailUrl":"https:\/\/diarioellabrador.cl\/wp-content\/uploads\/2026\/08\/Federacion-del-Rodeo-Chileno-participo-en-inauguracion-del-Mes-de-la-Patria-en-La-Moneda.jpg","articleSection":["Rodeo"],"inLanguage":"es","potentialAction":[{"@type":"CommentAction","name":"Comment","target":["https:\/\/diarioellabrador.cl\/index.php\/2026\/08\/31\/federacion-del-rodeo-chileno-participo-en-inauguracion-del-mes-de-la-patria-en-la-moneda\/#respond"]}]},{"@type":"WebPage","@id":"https:\/\/diarioellabrador.cl\/index.php\/2026\/08\/31\/federacion-del-rodeo-chileno-participo-en-inauguracion-del-mes-de-la-patria-en-la-moneda\/","url":"https:\/\/diarioellabrador.cl\/index.php\/2026\/08\/31\/federacion-del-rodeo-chileno-participo-en-inauguracion-del-mes-de-la-patria-en-la-moneda\/","name":"Federaci\u00f3n del Rodeo Chileno particip\u00f3 en inauguraci\u00f3n del Mes de la Patria en La Moneda - Diario El Labrador","isPartOf":{"@id":"https:\/\/diarioellabrador.cl\/#website"},"primaryImageOfPage":{"@id":"https:\/\/diarioellabrador.cl\/index.php\/2026\/08\/31\/federacion-del-rodeo-chileno-participo-en-inauguracion-del-mes-de-la-patria-en-la-moneda\/#primaryimage"},"image":{"@id":"https:\/\/diarioellabrador.cl\/index.php\/2026\/08\/31\/federacion-del-rodeo-chileno-participo-en-inauguracion-del-mes-de-la-patria-en-la-moneda\/#primaryimage"},"thumbnailUrl":"https:\/\/diarioellabrador.cl\/wp-content\/uploads\/2026\/08\/Federacion-del-Rodeo-Chileno-participo-en-inauguracion-del-Mes-de-la-Patria-en-La-Moneda.jpg","datePublished":"2026-08-31T22:37:06+00:00","dateModified":"2026-08-31T22:37:10+00:00","breadcrumb":{"@id":"https:\/\/diarioellabrador.cl\/index.php\/2026\/08\/31\/federacion-del-rodeo-chileno-participo-en-inauguracion-del-mes-de-la-patria-en-la-moneda\/#breadcrumb"},"inLanguage":"es","potentialAction":[{"@type":"ReadAction","target":["https:\/\/diarioellabrador.cl\/index.php\/2026\/08\/31\/federacion-del-rodeo-chileno-participo-en-inauguracion-del-mes-de-la-patria-en-la-moneda\/"]}]},{"@type":"ImageObject","inLanguage":"es","@id":"https:\/\/diarioellabrador.cl\/index.php\/2026\/08\/31\/federacion-del-rodeo-chileno-participo-en-inauguracion-del-mes-de-la-patria-en-la-moneda\/#primaryimage","url":"https:\/\/diarioellabrador.cl\/wp-content\/uploads\/2026\/08\/Federacion-del-Rodeo-Chileno-participo-en-inauguracion-del-Mes-de-la-Patria-en-La-Moneda.jpg","contentUrl":"https:\/\/diarioellabrador.cl\/wp-content\/uploads\/2026\/08\/Federacion-del-Rodeo-Chileno-participo-en-inauguracion-del-Mes-de-la-Patria-en-La-Moneda.jpg","width":750,"height":389},{"@type":"BreadcrumbList","@id":"https:\/\/diarioellabrador.cl\/index.php\/2026\/08\/31\/federacion-del-rodeo-chileno-participo-en-inauguracion-del-mes-de-la-patria-en-la-moneda\/#breadcrumb","itemListElement":[{"@type":"ListItem","position":1,"name":"Portada","item":"https:\/\/diarioellabrador.cl\/"},{"@type":"ListItem","position":2,"name":"Federaci\u00f3n del Rodeo Chileno particip\u00f3 en inauguraci\u00f3n del Mes de la Patria en La Moneda"}]},{"@type":"WebSite","@id":"https:\/\/diarioellabrador.cl\/#website","url":"https:\/\/diarioellabrador.cl\/","name":"Diario El Labrador","description":"Haciendo noticia desde 1921","publisher":{"@id":"https:\/\/diarioellabrador.cl\/#organization"},"potentialAction":[{"@type":"SearchAction","target":{"@type":"EntryPoint","urlTemplate":"https:\/\/diarioellabrador.cl\/?s={search_term_string}"},"query-input":{"@type":"PropertyValueSpecification","valueRequired":true,"valueName":"search_term_string"}}],"inLanguage":"es"},{"@type":"Organization","@id":"https:\/\/diarioellabrador.cl\/#organization","name":"Diario El Labrador","url":"https:\/\/diarioellabrador.cl\/","logo":{"@type":"ImageObject","inLanguage":"es","@id":"https:\/\/diarioellabrador.cl\/#\/schema\/logo\/image\/","url":"https:\/\/diarioellabrador.cl\/wp-content\/uploads\/2025\/02\/cropped-Logo-Icono.png","contentUrl":"https:\/\/diarioellabrador.cl\/wp-content\/uploads\/2025\/02\/cropped-Logo-Icono.png","width":512,"height":512,"caption":"Diario El Labrador"},"image":{"@id":"https:\/\/diarioellabrador.cl\/#\/schema\/logo\/image\/"},"sameAs":["https:\/\/web.facebook.com\/profile.php?id=61576120840621","https:\/\/x.com\/ElLabradorOf","https:\/\/www.instagram.com\/diarioellabradoroficial\/"]},{"@type":"Person","@id":"https:\/\/diarioellabrador.cl\/#\/schema\/person\/bc25ff80b4563f9c7f4bd7855df01685","name":"Editor","image":{"@type":"ImageObject","inLanguage":"es","@id":"https:\/\/secure.gravatar.com\/avatar\/109c326cf2be5c04f048c2c2a2b8b6ef44bf3d8d1d3d4c55d0ac40c4bc994684?s=96&d=initials&r=g&initials=ed","url":"https:\/\/secure.gravatar.com\/avatar\/109c326cf2be5c04f048c2c2a2b8b6ef44bf3d8d1d3d4c55d0ac40c4bc994684?s=96&d=initials&r=g&initials=ed","contentUrl":"https:\/\/secure.gravatar.com\/avatar\/109c326cf2be5c04f048c2c2a2b8b6ef44bf3d8d1d3d4c55d0ac40c4bc994684?s=96&d=initials&r=g&initials=ed","caption":"Editor"},"url":"https:\/\/diarioellabrador.cl\/index.php\/author\/editor\/"}]}},"_links":{"self":[{"href":"https:\/\/diarioellabrador.cl\/index.php\/wp-json\/wp\/v2\/posts\/24285","targetHints":{"allow":["GET"]}}],"collection":[{"href":"https:\/\/diarioellabrador.cl\/index.php\/wp-json\/wp\/v2\/posts"}],"about":[{"href":"https:\/\/diarioellabrador.cl\/index.php\/wp-json\/wp\/v2\/types\/post"}],"author":[{"embeddable":true,"href":"https:\/\/diarioellabrador.cl\/index.php\/wp-json\/wp\/v2\/users\/2"}],"replies":[{"embeddable":true,"href":"https:\/\/diarioellabrador.cl\/index.php\/wp-json\/wp\/v2\/comments?post=24285"}],"version-history":[{"count":1,"href":"https:\/\/diarioellabrador.cl\/index.php\/wp-json\/wp\/v2\/posts\/24285\/revisions"}],"predecessor-version":[{"id":24286,"href":"https:\/\/diarioellabrador.cl\/index.php\/wp-json\/wp\/v2\/posts\/24285\/revisions\/24286"}],"wp:featuredmedia":[{"embeddable":true,"href":"https:\/\/diarioellabrador.cl\/index.php\/wp-json\/wp\/v2\/media\/24256"}],"wp:attachment":[{"href":"https:\/\/diarioellabrador.cl\/index.php\/wp-json\/wp\/v2\/media?parent=24285"}],"wp:term":[{"taxonomy":"category","embeddable":true,"href":"https:\/\/diarioellabrador.cl\/index.php\/wp-json\/wp\/v2\/categories?post=24285"},{"taxonomy":"post_tag","embeddable":true,"href":"https:\/\/diarioellabrador.cl\/index.php\/wp-json\/wp\/v2\/tags?post=24285"}],"curies":[{"name":"wp","href":"https:\/\/api.w.org\/{rel}","templated":true}]}}