{"id":24279,"date":"2026-08-31T18:34:54","date_gmt":"2026-08-31T22:34:54","guid":{"rendered":"https:\/\/diarioellabrador.cl\/?p=24279"},"modified":"2026-08-31T18:34:58","modified_gmt":"2026-08-31T22:34:58","slug":"coquimbo-huachipato-fue-suspendido-por-lanzamiento-de-petardos-arquero-acerero-fue-afectado","status":"publish","type":"post","link":"https:\/\/diarioellabrador.cl\/index.php\/2026\/08\/31\/coquimbo-huachipato-fue-suspendido-por-lanzamiento-de-petardos-arquero-acerero-fue-afectado\/","title":{"rendered":"Coquimbo-Huachipato fue suspendido por lanzamiento de petardos: arquero acerero fue afectado"},"content":{"rendered":"\n<p class=\"wp-block-paragraph\">Duelo terminado con esc\u00e1ndalo. El pleito entre <strong>Coquimbo Unido y Huachipato<\/strong>, por La Liga de Primera, fue suspendido tras lanzamientos de petardos que afectaron el arquero \u2018acerero\u2019.<\/p>\n\n\n\n<p class=\"wp-block-paragraph\"><strong>El juego se suspendi\u00f3 en el minuto 68\u2032<\/strong>, cuando artificio arrojado por la barra coquimbana explot\u00f3 pr\u00e1cticamente al lado de Christian Bravo.<\/p>\n\n\n\n<p class=\"wp-block-paragraph\">Las \u2018bombas\u2019 detonaron tan cerca de Bravo que termin\u00f3 lesionado en el piso. El \u00e1rbitro Nicol\u00e1s Gamboa interrumpi\u00f3 de inmediato el cotejo.<\/p>\n\n\n\n<p class=\"wp-block-paragraph\">El cuerpo m\u00e9dico sider\u00fargico atendi\u00f3 en el lugar a Bravo, y posteriormente fue retirado en ambulancia.<\/p>\n\n\n\n<p class=\"wp-block-paragraph\">\u201cConversamos con los m\u00e9dicos de Huachipato, que son los que estaban evaluando al portero. Yo me percat\u00e9 que reventaron tres o cuatro bombas de ruido al lado de \u00e9l. Desde el VAR lo confirmaron. <strong>El arquero lamentablemente no puede continuar y, por su integridad, decidimos que el partido no contin\u00fae<\/strong> y se suspenda definitivamente\u201d, afirm\u00f3 el \u00e1rbitro.<\/p>\n\n\n\n<p class=\"wp-block-paragraph\">Consignar que solo un par de minutos antes del incidente, <strong>Sergio N\u00fa\u00f1ez hab\u00eda abierto la cuenta<\/strong> para los de Talcahuano a los 66\u2032.<\/p>\n\n\n\n<h1 class=\"wp-block-heading\"><em>Huachipato actualiz\u00f3 estado de Christian Bravo: arquero fue lesionado por bombas de estruendo<\/em><\/h1>\n\n\n\n<p class=\"wp-block-paragraph\"><strong>Huachipato<\/strong>, elenco que este domingo visit\u00f3 a Coquimbo Unido por la <a href=\"https:\/\/www.campeonatochileno.cl\/ligas\/liga-de-primera-mercado-libre\/\" target=\"_blank\" rel=\"noopener\">Liga de Primera 2026<\/a>, actualiz\u00f3 el estado de su portero <strong>Christian Bravo<\/strong>.<\/p>\n\n\n\n<p class=\"wp-block-paragraph\">El arquero, vale recordar, fue afectado por bombas de ruido que fueron arrojadas desde la barra del elenco \u2018pirata\u2019 a los 70 minutos de partido, con el marcador 0-1 a favor del equipo forastero.<\/p>\n\n\n\n<p class=\"wp-block-paragraph\">A Bravo se le vio mareado y debi\u00f3 ser retirado en ambulancia del estadio Francisco S\u00e1nchez Rumoroso. El duelo, en tanto, fue suspendido por el \u00e1rbitro Nicol\u00e1s Gamboa.<\/p>\n\n\n\n<p class=\"wp-block-paragraph\">Horas despu\u00e9s del incidente, Huachipato public\u00f3 un comunicado detallando el estado de su portero.<\/p>\n\n\n\n<p class=\"wp-block-paragraph\">\u201cAnte lo sucesos acontecidos hoy en el Estadio Francisco S\u00e1nchez Rumoroso, enviamos nuestro apoyo y pronta recuperaci\u00f3n a nuestro querido portero Christian Bravo\u201d, public\u00f3 el cuadro \u2018acerero\u2019.<\/p>\n\n\n\n<p class=\"wp-block-paragraph\"><strong>\u201cEl jugador quedar\u00e1 internado y se mantendr\u00e1 en observaci\u00f3n, realiz\u00e1ndose los estudios correspondientes antes de retornar a su hogar\u201d<\/strong>, a\u00f1adieron los de Talcahuano.<\/p>\n\n\n\n<p class=\"wp-block-paragraph\">Para cerrar, desde Huachipato remarcaron que \u201ccondenaremos ahora y siempre con firmeza cualquier acto de violencia que ponga en riesgo a los jugadores, cuerpos t\u00e9cnicos y cualquier otro actor de la actividad. \u00a1Fuerza, Christian!\u201d.<\/p>\n\n\n\n<h2 class=\"wp-block-heading\">Coquimbo condena accionar de su hinchada con Christian Bravo<\/h2>\n\n\n\n<p class=\"wp-block-paragraph\">Coquimbo Unido tambi\u00e9n se refiri\u00f3 al incidente que involucr\u00f3 al portero de Huachipato.<\/p>\n\n\n\n<p class=\"wp-block-paragraph\"><strong>\u201cEl club expresa su en\u00e9rgica condena y total rechazo frente al accionar delictual de una parte muy menor de nuestra hinchada, que causa un da\u00f1o a la instituci\u00f3n, al deporte y al f\u00fatbol chileno\u201d<\/strong>, se\u00f1alaron los \u2018piratas\u2019.<\/p>\n\n\n\n<p class=\"wp-block-paragraph\">\u201cLamentamos lo ocurrido y solicitamos las disculpas a nuestro rival Huachipato, especialmente al jugador afectado, don Christian Bravo. Coquimbo Unido reitera su vocaci\u00f3n para que el f\u00fatbol sea un espect\u00e1culo familiar y una sana competencia deportiva\u201d, agregaron.<\/p>\n\n\n\n<p class=\"wp-block-paragraph\">Para cerrar, los aurinegros informaron que <strong>\u201cel club tomar\u00e1 las medidas necesarias para identificar a los responsables, aplicar el correspondiente derecho de admisi\u00f3n y ejercer las acciones legales que correspondan\u201d<\/strong>.<\/p>\n\n\n\n<p class=\"wp-block-paragraph\"><\/p>\n","protected":false},"excerpt":{"rendered":"<p>Duelo terminado con esc\u00e1ndalo. El pleito entre Coquimbo Unido y Huachipato, por La Liga de Primera, fue suspendido tras lanzamientos de petardos que afectaron el arquero \u2018acerero\u2019. El juego se suspendi\u00f3 en el minuto 68\u2032, cuando artificio arrojado por la barra coquimbana explot\u00f3 pr\u00e1cticamente al lado de Christian Bravo. Las \u2018bombas\u2019 detonaron tan cerca de<\/p>\n<div class=\"read-more-wrapper\"><a class=\"read-more\" href=\"https:\/\/diarioellabrador.cl\/index.php\/2026\/08\/31\/coquimbo-huachipato-fue-suspendido-por-lanzamiento-de-petardos-arquero-acerero-fue-afectado\/\" title=\"Leer m\u00e1s\"> <span class=\"button \">Leer m\u00e1s<\/span><\/a><\/div>\n","protected":false},"author":2,"featured_media":24251,"comment_status":"open","ping_status":"open","sticky":false,"template":"","format":"standard","meta":{"footnotes":"","_members_access_role":[],"_members_access_error":""},"categories":[4],"tags":[],"class_list":["post-24279","post","type-post","status-publish","format-standard","has-post-thumbnail","hentry","category-deportes"],"yoast_head":"<!-- This site is optimized with the Yoast SEO plugin v28.3 - https:\/\/yoast.com\/product\/yoast-seo-wordpress\/ -->\n<title>Coquimbo-Huachipato fue suspendido por lanzamiento de petardos: arquero acerero fue afectado - Diario El Labrador<\/title>\n<meta name=\"robots\" content=\"index, follow, max-snippet:-1, max-image-preview:large, max-video-preview:-1\" \/>\n<link rel=\"canonical\" href=\"https:\/\/diarioellabrador.cl\/index.php\/2026\/08\/31\/coquimbo-huachipato-fue-suspendido-por-lanzamiento-de-petardos-arquero-acerero-fue-afectado\/\" \/>\n<meta property=\"og:locale\" content=\"es_ES\" \/>\n<meta property=\"og:type\" content=\"article\" \/>\n<meta property=\"og:title\" content=\"Coquimbo-Huachipato fue suspendido por lanzamiento de petardos: arquero acerero fue afectado - Diario El Labrador\" \/>\n<meta property=\"og:description\" content=\"Duelo terminado con esc\u00e1ndalo. El pleito entre Coquimbo Unido y Huachipato, por La Liga de Primera, fue suspendido tras lanzamientos de petardos que afectaron el arquero \u2018acerero\u2019. El juego se suspendi\u00f3 en el minuto 68\u2032, cuando artificio arrojado por la barra coquimbana explot\u00f3 pr\u00e1cticamente al lado de Christian Bravo. Las \u2018bombas\u2019 detonaron tan cerca de Leer m\u00e1s\" \/>\n<meta property=\"og:url\" content=\"https:\/\/diarioellabrador.cl\/index.php\/2026\/08\/31\/coquimbo-huachipato-fue-suspendido-por-lanzamiento-de-petardos-arquero-acerero-fue-afectado\/\" \/>\n<meta property=\"og:site_name\" content=\"Diario El Labrador\" \/>\n<meta property=\"article:publisher\" content=\"https:\/\/web.facebook.com\/profile.php?id=61576120840621\" \/>\n<meta property=\"article:published_time\" content=\"2026-08-31T22:34:54+00:00\" \/>\n<meta property=\"article:modified_time\" content=\"2026-08-31T22:34:58+00:00\" \/>\n<meta property=\"og:image\" content=\"https:\/\/diarioellabrador.cl\/wp-content\/uploads\/2026\/08\/Coquimbo-Huachipato-fue-suspendido-por-lanzamiento-de-petardos-arquero-acerero-fue-afectado.jpg\" \/>\n\t<meta property=\"og:image:width\" content=\"1200\" \/>\n\t<meta property=\"og:image:height\" content=\"800\" \/>\n\t<meta property=\"og:image:type\" content=\"image\/jpeg\" \/>\n<meta name=\"author\" content=\"Editor\" \/>\n<meta name=\"twitter:card\" content=\"summary_large_image\" \/>\n<meta name=\"twitter:creator\" content=\"@ElLabradorOf\" \/>\n<meta name=\"twitter:site\" content=\"@ElLabradorOf\" \/>\n<meta name=\"twitter:label1\" content=\"Escrito por\" \/>\n\t<meta name=\"twitter:data1\" content=\"Editor\" \/>\n\t<meta name=\"twitter:label2\" content=\"Tiempo de lectura\" \/>\n\t<meta name=\"twitter:data2\" content=\"3 minutos\" \/>\n<script type=\"application\/ld+json\" class=\"yoast-schema-graph\">{\"@context\":\"https:\\\/\\\/schema.org\",\"@graph\":[{\"@type\":\"Article\",\"@id\":\"https:\\\/\\\/diarioellabrador.cl\\\/index.php\\\/2026\\\/08\\\/31\\\/coquimbo-huachipato-fue-suspendido-por-lanzamiento-de-petardos-arquero-acerero-fue-afectado\\\/#article\",\"isPartOf\":{\"@id\":\"https:\\\/\\\/diarioellabrador.cl\\\/index.php\\\/2026\\\/08\\\/31\\\/coquimbo-huachipato-fue-suspendido-por-lanzamiento-de-petardos-arquero-acerero-fue-afectado\\\/\"},\"author\":{\"name\":\"Editor\",\"@id\":\"https:\\\/\\\/diarioellabrador.cl\\\/#\\\/schema\\\/person\\\/bc25ff80b4563f9c7f4bd7855df01685\"},\"headline\":\"Coquimbo-Huachipato fue suspendido por lanzamiento de petardos: arquero acerero fue afectado\",\"datePublished\":\"2026-08-31T22:34:54+00:00\",\"dateModified\":\"2026-08-31T22:34:58+00:00\",\"mainEntityOfPage\":{\"@id\":\"https:\\\/\\\/diarioellabrador.cl\\\/index.php\\\/2026\\\/08\\\/31\\\/coquimbo-huachipato-fue-suspendido-por-lanzamiento-de-petardos-arquero-acerero-fue-afectado\\\/\"},\"wordCount\":524,\"commentCount\":0,\"publisher\":{\"@id\":\"https:\\\/\\\/diarioellabrador.cl\\\/#organization\"},\"image\":{\"@id\":\"https:\\\/\\\/diarioellabrador.cl\\\/index.php\\\/2026\\\/08\\\/31\\\/coquimbo-huachipato-fue-suspendido-por-lanzamiento-de-petardos-arquero-acerero-fue-afectado\\\/#primaryimage\"},\"thumbnailUrl\":\"https:\\\/\\\/diarioellabrador.cl\\\/wp-content\\\/uploads\\\/2026\\\/08\\\/Coquimbo-Huachipato-fue-suspendido-por-lanzamiento-de-petardos-arquero-acerero-fue-afectado.jpg\",\"articleSection\":[\"Deportes\"],\"inLanguage\":\"es\",\"potentialAction\":[{\"@type\":\"CommentAction\",\"name\":\"Comment\",\"target\":[\"https:\\\/\\\/diarioellabrador.cl\\\/index.php\\\/2026\\\/08\\\/31\\\/coquimbo-huachipato-fue-suspendido-por-lanzamiento-de-petardos-arquero-acerero-fue-afectado\\\/#respond\"]}]},{\"@type\":\"WebPage\",\"@id\":\"https:\\\/\\\/diarioellabrador.cl\\\/index.php\\\/2026\\\/08\\\/31\\\/coquimbo-huachipato-fue-suspendido-por-lanzamiento-de-petardos-arquero-acerero-fue-afectado\\\/\",\"url\":\"https:\\\/\\\/diarioellabrador.cl\\\/index.php\\\/2026\\\/08\\\/31\\\/coquimbo-huachipato-fue-suspendido-por-lanzamiento-de-petardos-arquero-acerero-fue-afectado\\\/\",\"name\":\"Coquimbo-Huachipato fue suspendido por lanzamiento de petardos: arquero acerero fue afectado - Diario El Labrador\",\"isPartOf\":{\"@id\":\"https:\\\/\\\/diarioellabrador.cl\\\/#website\"},\"primaryImageOfPage\":{\"@id\":\"https:\\\/\\\/diarioellabrador.cl\\\/index.php\\\/2026\\\/08\\\/31\\\/coquimbo-huachipato-fue-suspendido-por-lanzamiento-de-petardos-arquero-acerero-fue-afectado\\\/#primaryimage\"},\"image\":{\"@id\":\"https:\\\/\\\/diarioellabrador.cl\\\/index.php\\\/2026\\\/08\\\/31\\\/coquimbo-huachipato-fue-suspendido-por-lanzamiento-de-petardos-arquero-acerero-fue-afectado\\\/#primaryimage\"},\"thumbnailUrl\":\"https:\\\/\\\/diarioellabrador.cl\\\/wp-content\\\/uploads\\\/2026\\\/08\\\/Coquimbo-Huachipato-fue-suspendido-por-lanzamiento-de-petardos-arquero-acerero-fue-afectado.jpg\",\"datePublished\":\"2026-08-31T22:34:54+00:00\",\"dateModified\":\"2026-08-31T22:34:58+00:00\",\"breadcrumb\":{\"@id\":\"https:\\\/\\\/diarioellabrador.cl\\\/index.php\\\/2026\\\/08\\\/31\\\/coquimbo-huachipato-fue-suspendido-por-lanzamiento-de-petardos-arquero-acerero-fue-afectado\\\/#breadcrumb\"},\"inLanguage\":\"es\",\"potentialAction\":[{\"@type\":\"ReadAction\",\"target\":[\"https:\\\/\\\/diarioellabrador.cl\\\/index.php\\\/2026\\\/08\\\/31\\\/coquimbo-huachipato-fue-suspendido-por-lanzamiento-de-petardos-arquero-acerero-fue-afectado\\\/\"]}]},{\"@type\":\"ImageObject\",\"inLanguage\":\"es\",\"@id\":\"https:\\\/\\\/diarioellabrador.cl\\\/index.php\\\/2026\\\/08\\\/31\\\/coquimbo-huachipato-fue-suspendido-por-lanzamiento-de-petardos-arquero-acerero-fue-afectado\\\/#primaryimage\",\"url\":\"https:\\\/\\\/diarioellabrador.cl\\\/wp-content\\\/uploads\\\/2026\\\/08\\\/Coquimbo-Huachipato-fue-suspendido-por-lanzamiento-de-petardos-arquero-acerero-fue-afectado.jpg\",\"contentUrl\":\"https:\\\/\\\/diarioellabrador.cl\\\/wp-content\\\/uploads\\\/2026\\\/08\\\/Coquimbo-Huachipato-fue-suspendido-por-lanzamiento-de-petardos-arquero-acerero-fue-afectado.jpg\",\"width\":1200,\"height\":800},{\"@type\":\"BreadcrumbList\",\"@id\":\"https:\\\/\\\/diarioellabrador.cl\\\/index.php\\\/2026\\\/08\\\/31\\\/coquimbo-huachipato-fue-suspendido-por-lanzamiento-de-petardos-arquero-acerero-fue-afectado\\\/#breadcrumb\",\"itemListElement\":[{\"@type\":\"ListItem\",\"position\":1,\"name\":\"Portada\",\"item\":\"https:\\\/\\\/diarioellabrador.cl\\\/\"},{\"@type\":\"ListItem\",\"position\":2,\"name\":\"Coquimbo-Huachipato fue suspendido por lanzamiento de petardos: arquero acerero fue afectado\"}]},{\"@type\":\"WebSite\",\"@id\":\"https:\\\/\\\/diarioellabrador.cl\\\/#website\",\"url\":\"https:\\\/\\\/diarioellabrador.cl\\\/\",\"name\":\"Diario El Labrador\",\"description\":\"Haciendo noticia desde 1921\",\"publisher\":{\"@id\":\"https:\\\/\\\/diarioellabrador.cl\\\/#organization\"},\"potentialAction\":[{\"@type\":\"SearchAction\",\"target\":{\"@type\":\"EntryPoint\",\"urlTemplate\":\"https:\\\/\\\/diarioellabrador.cl\\\/?s={search_term_string}\"},\"query-input\":{\"@type\":\"PropertyValueSpecification\",\"valueRequired\":true,\"valueName\":\"search_term_string\"}}],\"inLanguage\":\"es\"},{\"@type\":\"Organization\",\"@id\":\"https:\\\/\\\/diarioellabrador.cl\\\/#organization\",\"name\":\"Diario El Labrador\",\"url\":\"https:\\\/\\\/diarioellabrador.cl\\\/\",\"logo\":{\"@type\":\"ImageObject\",\"inLanguage\":\"es\",\"@id\":\"https:\\\/\\\/diarioellabrador.cl\\\/#\\\/schema\\\/logo\\\/image\\\/\",\"url\":\"https:\\\/\\\/diarioellabrador.cl\\\/wp-content\\\/uploads\\\/2025\\\/02\\\/cropped-Logo-Icono.png\",\"contentUrl\":\"https:\\\/\\\/diarioellabrador.cl\\\/wp-content\\\/uploads\\\/2025\\\/02\\\/cropped-Logo-Icono.png\",\"width\":512,\"height\":512,\"caption\":\"Diario El Labrador\"},\"image\":{\"@id\":\"https:\\\/\\\/diarioellabrador.cl\\\/#\\\/schema\\\/logo\\\/image\\\/\"},\"sameAs\":[\"https:\\\/\\\/web.facebook.com\\\/profile.php?id=61576120840621\",\"https:\\\/\\\/x.com\\\/ElLabradorOf\",\"https:\\\/\\\/www.instagram.com\\\/diarioellabradoroficial\\\/\"]},{\"@type\":\"Person\",\"@id\":\"https:\\\/\\\/diarioellabrador.cl\\\/#\\\/schema\\\/person\\\/bc25ff80b4563f9c7f4bd7855df01685\",\"name\":\"Editor\",\"image\":{\"@type\":\"ImageObject\",\"inLanguage\":\"es\",\"@id\":\"https:\\\/\\\/secure.gravatar.com\\\/avatar\\\/109c326cf2be5c04f048c2c2a2b8b6ef44bf3d8d1d3d4c55d0ac40c4bc994684?s=96&d=initials&r=g&initials=ed\",\"url\":\"https:\\\/\\\/secure.gravatar.com\\\/avatar\\\/109c326cf2be5c04f048c2c2a2b8b6ef44bf3d8d1d3d4c55d0ac40c4bc994684?s=96&d=initials&r=g&initials=ed\",\"contentUrl\":\"https:\\\/\\\/secure.gravatar.com\\\/avatar\\\/109c326cf2be5c04f048c2c2a2b8b6ef44bf3d8d1d3d4c55d0ac40c4bc994684?s=96&d=initials&r=g&initials=ed\",\"caption\":\"Editor\"},\"url\":\"https:\\\/\\\/diarioellabrador.cl\\\/index.php\\\/author\\\/editor\\\/\"}]}<\/script>\n<!-- \/ Yoast SEO plugin. -->","yoast_head_json":{"title":"Coquimbo-Huachipato fue suspendido por lanzamiento de petardos: arquero acerero fue afectado - Diario El Labrador","robots":{"index":"index","follow":"follow","max-snippet":"max-snippet:-1","max-image-preview":"max-image-preview:large","max-video-preview":"max-video-preview:-1"},"canonical":"https:\/\/diarioellabrador.cl\/index.php\/2026\/08\/31\/coquimbo-huachipato-fue-suspendido-por-lanzamiento-de-petardos-arquero-acerero-fue-afectado\/","og_locale":"es_ES","og_type":"article","og_title":"Coquimbo-Huachipato fue suspendido por lanzamiento de petardos: arquero acerero fue afectado - Diario El Labrador","og_description":"Duelo terminado con esc\u00e1ndalo. El pleito entre Coquimbo Unido y Huachipato, por La Liga de Primera, fue suspendido tras lanzamientos de petardos que afectaron el arquero \u2018acerero\u2019. El juego se suspendi\u00f3 en el minuto 68\u2032, cuando artificio arrojado por la barra coquimbana explot\u00f3 pr\u00e1cticamente al lado de Christian Bravo. Las \u2018bombas\u2019 detonaron tan cerca de Leer m\u00e1s","og_url":"https:\/\/diarioellabrador.cl\/index.php\/2026\/08\/31\/coquimbo-huachipato-fue-suspendido-por-lanzamiento-de-petardos-arquero-acerero-fue-afectado\/","og_site_name":"Diario El Labrador","article_publisher":"https:\/\/web.facebook.com\/profile.php?id=61576120840621","article_published_time":"2026-08-31T22:34:54+00:00","article_modified_time":"2026-08-31T22:34:58+00:00","og_image":[{"width":1200,"height":800,"url":"https:\/\/diarioellabrador.cl\/wp-content\/uploads\/2026\/08\/Coquimbo-Huachipato-fue-suspendido-por-lanzamiento-de-petardos-arquero-acerero-fue-afectado.jpg","type":"image\/jpeg"}],"author":"Editor","twitter_card":"summary_large_image","twitter_creator":"@ElLabradorOf","twitter_site":"@ElLabradorOf","twitter_misc":{"Escrito por":"Editor","Tiempo de lectura":"3 minutos"},"schema":{"@context":"https:\/\/schema.org","@graph":[{"@type":"Article","@id":"https:\/\/diarioellabrador.cl\/index.php\/2026\/08\/31\/coquimbo-huachipato-fue-suspendido-por-lanzamiento-de-petardos-arquero-acerero-fue-afectado\/#article","isPartOf":{"@id":"https:\/\/diarioellabrador.cl\/index.php\/2026\/08\/31\/coquimbo-huachipato-fue-suspendido-por-lanzamiento-de-petardos-arquero-acerero-fue-afectado\/"},"author":{"name":"Editor","@id":"https:\/\/diarioellabrador.cl\/#\/schema\/person\/bc25ff80b4563f9c7f4bd7855df01685"},"headline":"Coquimbo-Huachipato fue suspendido por lanzamiento de petardos: arquero acerero fue afectado","datePublished":"2026-08-31T22:34:54+00:00","dateModified":"2026-08-31T22:34:58+00:00","mainEntityOfPage":{"@id":"https:\/\/diarioellabrador.cl\/index.php\/2026\/08\/31\/coquimbo-huachipato-fue-suspendido-por-lanzamiento-de-petardos-arquero-acerero-fue-afectado\/"},"wordCount":524,"commentCount":0,"publisher":{"@id":"https:\/\/diarioellabrador.cl\/#organization"},"image":{"@id":"https:\/\/diarioellabrador.cl\/index.php\/2026\/08\/31\/coquimbo-huachipato-fue-suspendido-por-lanzamiento-de-petardos-arquero-acerero-fue-afectado\/#primaryimage"},"thumbnailUrl":"https:\/\/diarioellabrador.cl\/wp-content\/uploads\/2026\/08\/Coquimbo-Huachipato-fue-suspendido-por-lanzamiento-de-petardos-arquero-acerero-fue-afectado.jpg","articleSection":["Deportes"],"inLanguage":"es","potentialAction":[{"@type":"CommentAction","name":"Comment","target":["https:\/\/diarioellabrador.cl\/index.php\/2026\/08\/31\/coquimbo-huachipato-fue-suspendido-por-lanzamiento-de-petardos-arquero-acerero-fue-afectado\/#respond"]}]},{"@type":"WebPage","@id":"https:\/\/diarioellabrador.cl\/index.php\/2026\/08\/31\/coquimbo-huachipato-fue-suspendido-por-lanzamiento-de-petardos-arquero-acerero-fue-afectado\/","url":"https:\/\/diarioellabrador.cl\/index.php\/2026\/08\/31\/coquimbo-huachipato-fue-suspendido-por-lanzamiento-de-petardos-arquero-acerero-fue-afectado\/","name":"Coquimbo-Huachipato fue suspendido por lanzamiento de petardos: arquero acerero fue afectado - Diario El Labrador","isPartOf":{"@id":"https:\/\/diarioellabrador.cl\/#website"},"primaryImageOfPage":{"@id":"https:\/\/diarioellabrador.cl\/index.php\/2026\/08\/31\/coquimbo-huachipato-fue-suspendido-por-lanzamiento-de-petardos-arquero-acerero-fue-afectado\/#primaryimage"},"image":{"@id":"https:\/\/diarioellabrador.cl\/index.php\/2026\/08\/31\/coquimbo-huachipato-fue-suspendido-por-lanzamiento-de-petardos-arquero-acerero-fue-afectado\/#primaryimage"},"thumbnailUrl":"https:\/\/diarioellabrador.cl\/wp-content\/uploads\/2026\/08\/Coquimbo-Huachipato-fue-suspendido-por-lanzamiento-de-petardos-arquero-acerero-fue-afectado.jpg","datePublished":"2026-08-31T22:34:54+00:00","dateModified":"2026-08-31T22:34:58+00:00","breadcrumb":{"@id":"https:\/\/diarioellabrador.cl\/index.php\/2026\/08\/31\/coquimbo-huachipato-fue-suspendido-por-lanzamiento-de-petardos-arquero-acerero-fue-afectado\/#breadcrumb"},"inLanguage":"es","potentialAction":[{"@type":"ReadAction","target":["https:\/\/diarioellabrador.cl\/index.php\/2026\/08\/31\/coquimbo-huachipato-fue-suspendido-por-lanzamiento-de-petardos-arquero-acerero-fue-afectado\/"]}]},{"@type":"ImageObject","inLanguage":"es","@id":"https:\/\/diarioellabrador.cl\/index.php\/2026\/08\/31\/coquimbo-huachipato-fue-suspendido-por-lanzamiento-de-petardos-arquero-acerero-fue-afectado\/#primaryimage","url":"https:\/\/diarioellabrador.cl\/wp-content\/uploads\/2026\/08\/Coquimbo-Huachipato-fue-suspendido-por-lanzamiento-de-petardos-arquero-acerero-fue-afectado.jpg","contentUrl":"https:\/\/diarioellabrador.cl\/wp-content\/uploads\/2026\/08\/Coquimbo-Huachipato-fue-suspendido-por-lanzamiento-de-petardos-arquero-acerero-fue-afectado.jpg","width":1200,"height":800},{"@type":"BreadcrumbList","@id":"https:\/\/diarioellabrador.cl\/index.php\/2026\/08\/31\/coquimbo-huachipato-fue-suspendido-por-lanzamiento-de-petardos-arquero-acerero-fue-afectado\/#breadcrumb","itemListElement":[{"@type":"ListItem","position":1,"name":"Portada","item":"https:\/\/diarioellabrador.cl\/"},{"@type":"ListItem","position":2,"name":"Coquimbo-Huachipato fue suspendido por lanzamiento de petardos: arquero acerero fue afectado"}]},{"@type":"WebSite","@id":"https:\/\/diarioellabrador.cl\/#website","url":"https:\/\/diarioellabrador.cl\/","name":"Diario El Labrador","description":"Haciendo noticia desde 1921","publisher":{"@id":"https:\/\/diarioellabrador.cl\/#organization"},"potentialAction":[{"@type":"SearchAction","target":{"@type":"EntryPoint","urlTemplate":"https:\/\/diarioellabrador.cl\/?s={search_term_string}"},"query-input":{"@type":"PropertyValueSpecification","valueRequired":true,"valueName":"search_term_string"}}],"inLanguage":"es"},{"@type":"Organization","@id":"https:\/\/diarioellabrador.cl\/#organization","name":"Diario El Labrador","url":"https:\/\/diarioellabrador.cl\/","logo":{"@type":"ImageObject","inLanguage":"es","@id":"https:\/\/diarioellabrador.cl\/#\/schema\/logo\/image\/","url":"https:\/\/diarioellabrador.cl\/wp-content\/uploads\/2025\/02\/cropped-Logo-Icono.png","contentUrl":"https:\/\/diarioellabrador.cl\/wp-content\/uploads\/2025\/02\/cropped-Logo-Icono.png","width":512,"height":512,"caption":"Diario El Labrador"},"image":{"@id":"https:\/\/diarioellabrador.cl\/#\/schema\/logo\/image\/"},"sameAs":["https:\/\/web.facebook.com\/profile.php?id=61576120840621","https:\/\/x.com\/ElLabradorOf","https:\/\/www.instagram.com\/diarioellabradoroficial\/"]},{"@type":"Person","@id":"https:\/\/diarioellabrador.cl\/#\/schema\/person\/bc25ff80b4563f9c7f4bd7855df01685","name":"Editor","image":{"@type":"ImageObject","inLanguage":"es","@id":"https:\/\/secure.gravatar.com\/avatar\/109c326cf2be5c04f048c2c2a2b8b6ef44bf3d8d1d3d4c55d0ac40c4bc994684?s=96&d=initials&r=g&initials=ed","url":"https:\/\/secure.gravatar.com\/avatar\/109c326cf2be5c04f048c2c2a2b8b6ef44bf3d8d1d3d4c55d0ac40c4bc994684?s=96&d=initials&r=g&initials=ed","contentUrl":"https:\/\/secure.gravatar.com\/avatar\/109c326cf2be5c04f048c2c2a2b8b6ef44bf3d8d1d3d4c55d0ac40c4bc994684?s=96&d=initials&r=g&initials=ed","caption":"Editor"},"url":"https:\/\/diarioellabrador.cl\/index.php\/author\/editor\/"}]}},"_links":{"self":[{"href":"https:\/\/diarioellabrador.cl\/index.php\/wp-json\/wp\/v2\/posts\/24279","targetHints":{"allow":["GET"]}}],"collection":[{"href":"https:\/\/diarioellabrador.cl\/index.php\/wp-json\/wp\/v2\/posts"}],"about":[{"href":"https:\/\/diarioellabrador.cl\/index.php\/wp-json\/wp\/v2\/types\/post"}],"author":[{"embeddable":true,"href":"https:\/\/diarioellabrador.cl\/index.php\/wp-json\/wp\/v2\/users\/2"}],"replies":[{"embeddable":true,"href":"https:\/\/diarioellabrador.cl\/index.php\/wp-json\/wp\/v2\/comments?post=24279"}],"version-history":[{"count":1,"href":"https:\/\/diarioellabrador.cl\/index.php\/wp-json\/wp\/v2\/posts\/24279\/revisions"}],"predecessor-version":[{"id":24280,"href":"https:\/\/diarioellabrador.cl\/index.php\/wp-json\/wp\/v2\/posts\/24279\/revisions\/24280"}],"wp:featuredmedia":[{"embeddable":true,"href":"https:\/\/diarioellabrador.cl\/index.php\/wp-json\/wp\/v2\/media\/24251"}],"wp:attachment":[{"href":"https:\/\/diarioellabrador.cl\/index.php\/wp-json\/wp\/v2\/media?parent=24279"}],"wp:term":[{"taxonomy":"category","embeddable":true,"href":"https:\/\/diarioellabrador.cl\/index.php\/wp-json\/wp\/v2\/categories?post=24279"},{"taxonomy":"post_tag","embeddable":true,"href":"https:\/\/diarioellabrador.cl\/index.php\/wp-json\/wp\/v2\/tags?post=24279"}],"curies":[{"name":"wp","href":"https:\/\/api.w.org\/{rel}","templated":true}]}}