{"id":24250,"date":"2026-08-31T18:34:03","date_gmt":"2026-08-31T22:34:03","guid":{"rendered":"https:\/\/diarioellabrador.cl\/?p=24250"},"modified":"2026-08-31T18:34:05","modified_gmt":"2026-08-31T22:34:05","slug":"las-fiestas-patrias-tambien-se-juegan","status":"publish","type":"post","link":"https:\/\/diarioellabrador.cl\/index.php\/2026\/08\/31\/las-fiestas-patrias-tambien-se-juegan\/","title":{"rendered":"Las Fiestas Patrias tambi\u00e9n se juegan"},"content":{"rendered":"\n<p class=\"wp-block-paragraph\"><strong>Jos\u00e9 Pedro Hern\u00e1ndez<\/strong><\/p>\n\n\n\n<p class=\"wp-block-paragraph\"><strong>Historiador y acad\u00e9mico de Universidad de Las Am\u00e9ricas<\/strong><\/p>\n\n\n\n<p class=\"wp-block-paragraph\">Hay algo que ocurre cada septiembre y que pasa casi inadvertido. Mientras aparecen las fondas, la cueca y el aroma de las empanadas, tambi\u00e9n regresan juegos que llevan siglos acompa\u00f1ando la historia de Chile. Basta mirar al cielo para encontrar un volant\u00edn, acercarse a una ramada para ver una rayuela o escuchar las risas de una carrera en sacos. Durante unos d\u00edas, el pa\u00eds vuelve a jugar como lo hizo durante generaciones.<\/p>\n\n\n\n<p class=\"wp-block-paragraph\">Lo curioso es que estos juegos no nacieron como una tradici\u00f3n exclusiva de Fiestas Patrias. Durante gran parte de nuestra historia fueron parte de la vida cotidiana. Ni\u00f1os, j\u00f3venes y adultos ocupaban calles, plazas y campos para entretenerse. Con el tiempo, septiembre termin\u00f3 convirti\u00e9ndose en el gran escenario donde sobrevivieron estas costumbres y la instancia de reencuentro que tenemos con estas.&nbsp;<\/p>\n\n\n\n<p class=\"wp-block-paragraph\">El mejor ejemplo es el volant\u00edn. Hoy basta con levantar la vista para descubrir algunos cruzando el cielo. Pero hubo una \u00e9poca en que eran tantos, que las autoridades coloniales terminaron prohibi\u00e9ndolos en las ciudades. En 1796 se dict\u00f3 un decreto porque los volantines que ca\u00edan sobre techos y muros de adobe provocaban verdaderas expediciones para rescatarlos, con tejas rotas, derrumbes y m\u00e1s de un accidente. Pocas veces un juego caus\u00f3 tanto revuelo.<\/p>\n\n\n\n<p class=\"wp-block-paragraph\">La rayuela tambi\u00e9n guarda una historia centenaria. Lleg\u00f3 desde Europa con los espa\u00f1oles, fue adoptada por criollos y mestizos hasta adquirir un sello propio y, desde 2014, es oficialmente deporte nacional. No hay muchas actividades que representen mejor el esp\u00edritu dieciochero.<\/p>\n\n\n\n<p class=\"wp-block-paragraph\">Algo similar ocurre con el emboque. Su origen se remonta al bilboquet franc\u00e9s del siglo XVI, tan popular que la tradici\u00f3n cuenta que el rey Enrique III de Francia, caminaba por las calles jugando con \u00e9l. En Chile dej\u00f3 atr\u00e1s los palacios europeos para transformarse, gracias a los artesanos, en uno de los juguetes m\u00e1s caracter\u00edsticos de nuestro folclore.<\/p>\n\n\n\n<p class=\"wp-block-paragraph\">El trompo, cuya historia incluso algunos sit\u00faan en la antigua Grecia y Mesopotamia, lleg\u00f3 por influencia espa\u00f1ola y encontr\u00f3 en el campo chileno un lugar privilegiado. Mientras que el palo encebado, una de las grandes atracciones de las celebraciones del siglo XIX, escond\u00eda una lecci\u00f3n inesperada: pocas veces el premio se consegu\u00eda solo. Casi siempre hab\u00eda que formar verdaderas escaleras humanas para alcanzar la cima; entonces, la competencia inculcaba el valor de colaborar.<\/p>\n\n\n\n<p class=\"wp-block-paragraph\">Hay un aspecto relevante: cada uno de estos juegos ense\u00f1a algo distinto. El trompo premia la perseverancia; el emboque, la concentraci\u00f3n; la rayuela re\u00fane generaciones; el volant\u00edn convierte el espacio p\u00fablico en un lugar de encuentro; el palo encebado recuerda que la colaboraci\u00f3n muchas veces es la \u00fanica forma de llegar a la meta.<\/p>\n\n\n\n<p class=\"wp-block-paragraph\">No es casualidad que estos juegos sigan apareciendo cada septiembre. Las Fiestas Patrias no solo conservan bailes, comidas o m\u00fasica, tambi\u00e9n mantienen vivas formas de relacionarnos. Cada volant\u00edn que se eleva, trompo que gira o los tejos lanzados en una cancha de rayuela, revive una tradici\u00f3n que ha pasado de generaci\u00f3n en generaci\u00f3n.<\/p>\n\n\n\n<p class=\"wp-block-paragraph\">Quiz\u00e1s ese sea su mayor patrimonio. En tiempos donde gran parte del entretenimiento ocurre frente a una pantalla, los juegos t\u00edpicos nos recuerdan que la diversi\u00f3n tambi\u00e9n puede construirse compartiendo un mismo espacio. Septiembre no solo celebra la independencia de Chile. Tambi\u00e9n nos ofrece, aunque sea por unos d\u00edas, la oportunidad de recuperar una costumbre que dice mucho sobre qui\u00e9nes somos, la de salir a la plaza, al parque o al barrio para jugar juntos.<\/p>\n\n\n\n<p class=\"wp-block-paragraph\"><\/p>\n","protected":false},"excerpt":{"rendered":"<p>Jos\u00e9 Pedro Hern\u00e1ndez Historiador y acad\u00e9mico de Universidad de Las Am\u00e9ricas Hay algo que ocurre cada septiembre y que pasa casi inadvertido. Mientras aparecen las fondas, la cueca y el aroma de las empanadas, tambi\u00e9n regresan juegos que llevan siglos acompa\u00f1ando la historia de Chile. Basta mirar al cielo para encontrar un volant\u00edn, acercarse a<\/p>\n<div class=\"read-more-wrapper\"><a class=\"read-more\" href=\"https:\/\/diarioellabrador.cl\/index.php\/2026\/08\/31\/las-fiestas-patrias-tambien-se-juegan\/\" title=\"Leer m\u00e1s\"> <span class=\"button \">Leer m\u00e1s<\/span><\/a><\/div>\n","protected":false},"author":2,"featured_media":24277,"comment_status":"open","ping_status":"open","sticky":false,"template":"","format":"standard","meta":{"footnotes":"","_members_access_role":[],"_members_access_error":""},"categories":[9],"tags":[],"class_list":["post-24250","post","type-post","status-publish","format-standard","has-post-thumbnail","hentry","category-opinion"],"yoast_head":"<!-- This site is optimized with the Yoast SEO plugin v28.3 - https:\/\/yoast.com\/product\/yoast-seo-wordpress\/ -->\n<title>Las Fiestas Patrias tambi\u00e9n se juegan - Diario El Labrador<\/title>\n<meta name=\"robots\" content=\"index, follow, max-snippet:-1, max-image-preview:large, max-video-preview:-1\" \/>\n<link rel=\"canonical\" href=\"https:\/\/diarioellabrador.cl\/index.php\/2026\/08\/31\/las-fiestas-patrias-tambien-se-juegan\/\" \/>\n<meta property=\"og:locale\" content=\"es_ES\" \/>\n<meta property=\"og:type\" content=\"article\" \/>\n<meta property=\"og:title\" content=\"Las Fiestas Patrias tambi\u00e9n se juegan - Diario El Labrador\" \/>\n<meta property=\"og:description\" content=\"Jos\u00e9 Pedro Hern\u00e1ndez Historiador y acad\u00e9mico de Universidad de Las Am\u00e9ricas Hay algo que ocurre cada septiembre y que pasa casi inadvertido. Mientras aparecen las fondas, la cueca y el aroma de las empanadas, tambi\u00e9n regresan juegos que llevan siglos acompa\u00f1ando la historia de Chile. Basta mirar al cielo para encontrar un volant\u00edn, acercarse a Leer m\u00e1s\" \/>\n<meta property=\"og:url\" content=\"https:\/\/diarioellabrador.cl\/index.php\/2026\/08\/31\/las-fiestas-patrias-tambien-se-juegan\/\" \/>\n<meta property=\"og:site_name\" content=\"Diario El Labrador\" \/>\n<meta property=\"article:publisher\" content=\"https:\/\/web.facebook.com\/profile.php?id=61576120840621\" \/>\n<meta property=\"article:published_time\" content=\"2026-08-31T22:34:03+00:00\" \/>\n<meta property=\"article:modified_time\" content=\"2026-08-31T22:34:05+00:00\" \/>\n<meta property=\"og:image\" content=\"https:\/\/diarioellabrador.cl\/wp-content\/uploads\/2026\/08\/UDLA_Las-Fiestas-Patrias-tambien-se-juegan-Jose-Pedro-Hernandez.jpg\" \/>\n\t<meta property=\"og:image:width\" content=\"2126\" \/>\n\t<meta property=\"og:image:height\" content=\"1535\" \/>\n\t<meta property=\"og:image:type\" content=\"image\/jpeg\" \/>\n<meta name=\"author\" content=\"Editor\" \/>\n<meta name=\"twitter:card\" content=\"summary_large_image\" \/>\n<meta name=\"twitter:creator\" content=\"@ElLabradorOf\" \/>\n<meta name=\"twitter:site\" content=\"@ElLabradorOf\" \/>\n<meta name=\"twitter:label1\" content=\"Escrito por\" \/>\n\t<meta name=\"twitter:data1\" content=\"Editor\" \/>\n\t<meta name=\"twitter:label2\" content=\"Tiempo de lectura\" \/>\n\t<meta name=\"twitter:data2\" content=\"3 minutos\" \/>\n<script type=\"application\/ld+json\" class=\"yoast-schema-graph\">{\"@context\":\"https:\\\/\\\/schema.org\",\"@graph\":[{\"@type\":\"Article\",\"@id\":\"https:\\\/\\\/diarioellabrador.cl\\\/index.php\\\/2026\\\/08\\\/31\\\/las-fiestas-patrias-tambien-se-juegan\\\/#article\",\"isPartOf\":{\"@id\":\"https:\\\/\\\/diarioellabrador.cl\\\/index.php\\\/2026\\\/08\\\/31\\\/las-fiestas-patrias-tambien-se-juegan\\\/\"},\"author\":{\"name\":\"Editor\",\"@id\":\"https:\\\/\\\/diarioellabrador.cl\\\/#\\\/schema\\\/person\\\/bc25ff80b4563f9c7f4bd7855df01685\"},\"headline\":\"Las Fiestas Patrias tambi\u00e9n se juegan\",\"datePublished\":\"2026-08-31T22:34:03+00:00\",\"dateModified\":\"2026-08-31T22:34:05+00:00\",\"mainEntityOfPage\":{\"@id\":\"https:\\\/\\\/diarioellabrador.cl\\\/index.php\\\/2026\\\/08\\\/31\\\/las-fiestas-patrias-tambien-se-juegan\\\/\"},\"wordCount\":627,\"commentCount\":0,\"publisher\":{\"@id\":\"https:\\\/\\\/diarioellabrador.cl\\\/#organization\"},\"image\":{\"@id\":\"https:\\\/\\\/diarioellabrador.cl\\\/index.php\\\/2026\\\/08\\\/31\\\/las-fiestas-patrias-tambien-se-juegan\\\/#primaryimage\"},\"thumbnailUrl\":\"https:\\\/\\\/diarioellabrador.cl\\\/wp-content\\\/uploads\\\/2026\\\/08\\\/UDLA_Las-Fiestas-Patrias-tambien-se-juegan-Jose-Pedro-Hernandez.jpg\",\"articleSection\":[\"Opini\u00f3n\"],\"inLanguage\":\"es\",\"potentialAction\":[{\"@type\":\"CommentAction\",\"name\":\"Comment\",\"target\":[\"https:\\\/\\\/diarioellabrador.cl\\\/index.php\\\/2026\\\/08\\\/31\\\/las-fiestas-patrias-tambien-se-juegan\\\/#respond\"]}]},{\"@type\":\"WebPage\",\"@id\":\"https:\\\/\\\/diarioellabrador.cl\\\/index.php\\\/2026\\\/08\\\/31\\\/las-fiestas-patrias-tambien-se-juegan\\\/\",\"url\":\"https:\\\/\\\/diarioellabrador.cl\\\/index.php\\\/2026\\\/08\\\/31\\\/las-fiestas-patrias-tambien-se-juegan\\\/\",\"name\":\"Las Fiestas Patrias tambi\u00e9n se juegan - Diario El Labrador\",\"isPartOf\":{\"@id\":\"https:\\\/\\\/diarioellabrador.cl\\\/#website\"},\"primaryImageOfPage\":{\"@id\":\"https:\\\/\\\/diarioellabrador.cl\\\/index.php\\\/2026\\\/08\\\/31\\\/las-fiestas-patrias-tambien-se-juegan\\\/#primaryimage\"},\"image\":{\"@id\":\"https:\\\/\\\/diarioellabrador.cl\\\/index.php\\\/2026\\\/08\\\/31\\\/las-fiestas-patrias-tambien-se-juegan\\\/#primaryimage\"},\"thumbnailUrl\":\"https:\\\/\\\/diarioellabrador.cl\\\/wp-content\\\/uploads\\\/2026\\\/08\\\/UDLA_Las-Fiestas-Patrias-tambien-se-juegan-Jose-Pedro-Hernandez.jpg\",\"datePublished\":\"2026-08-31T22:34:03+00:00\",\"dateModified\":\"2026-08-31T22:34:05+00:00\",\"breadcrumb\":{\"@id\":\"https:\\\/\\\/diarioellabrador.cl\\\/index.php\\\/2026\\\/08\\\/31\\\/las-fiestas-patrias-tambien-se-juegan\\\/#breadcrumb\"},\"inLanguage\":\"es\",\"potentialAction\":[{\"@type\":\"ReadAction\",\"target\":[\"https:\\\/\\\/diarioellabrador.cl\\\/index.php\\\/2026\\\/08\\\/31\\\/las-fiestas-patrias-tambien-se-juegan\\\/\"]}]},{\"@type\":\"ImageObject\",\"inLanguage\":\"es\",\"@id\":\"https:\\\/\\\/diarioellabrador.cl\\\/index.php\\\/2026\\\/08\\\/31\\\/las-fiestas-patrias-tambien-se-juegan\\\/#primaryimage\",\"url\":\"https:\\\/\\\/diarioellabrador.cl\\\/wp-content\\\/uploads\\\/2026\\\/08\\\/UDLA_Las-Fiestas-Patrias-tambien-se-juegan-Jose-Pedro-Hernandez.jpg\",\"contentUrl\":\"https:\\\/\\\/diarioellabrador.cl\\\/wp-content\\\/uploads\\\/2026\\\/08\\\/UDLA_Las-Fiestas-Patrias-tambien-se-juegan-Jose-Pedro-Hernandez.jpg\",\"width\":2126,\"height\":1535},{\"@type\":\"BreadcrumbList\",\"@id\":\"https:\\\/\\\/diarioellabrador.cl\\\/index.php\\\/2026\\\/08\\\/31\\\/las-fiestas-patrias-tambien-se-juegan\\\/#breadcrumb\",\"itemListElement\":[{\"@type\":\"ListItem\",\"position\":1,\"name\":\"Portada\",\"item\":\"https:\\\/\\\/diarioellabrador.cl\\\/\"},{\"@type\":\"ListItem\",\"position\":2,\"name\":\"Las Fiestas Patrias tambi\u00e9n se juegan\"}]},{\"@type\":\"WebSite\",\"@id\":\"https:\\\/\\\/diarioellabrador.cl\\\/#website\",\"url\":\"https:\\\/\\\/diarioellabrador.cl\\\/\",\"name\":\"Diario El Labrador\",\"description\":\"Haciendo noticia desde 1921\",\"publisher\":{\"@id\":\"https:\\\/\\\/diarioellabrador.cl\\\/#organization\"},\"potentialAction\":[{\"@type\":\"SearchAction\",\"target\":{\"@type\":\"EntryPoint\",\"urlTemplate\":\"https:\\\/\\\/diarioellabrador.cl\\\/?s={search_term_string}\"},\"query-input\":{\"@type\":\"PropertyValueSpecification\",\"valueRequired\":true,\"valueName\":\"search_term_string\"}}],\"inLanguage\":\"es\"},{\"@type\":\"Organization\",\"@id\":\"https:\\\/\\\/diarioellabrador.cl\\\/#organization\",\"name\":\"Diario El Labrador\",\"url\":\"https:\\\/\\\/diarioellabrador.cl\\\/\",\"logo\":{\"@type\":\"ImageObject\",\"inLanguage\":\"es\",\"@id\":\"https:\\\/\\\/diarioellabrador.cl\\\/#\\\/schema\\\/logo\\\/image\\\/\",\"url\":\"https:\\\/\\\/diarioellabrador.cl\\\/wp-content\\\/uploads\\\/2025\\\/02\\\/cropped-Logo-Icono.png\",\"contentUrl\":\"https:\\\/\\\/diarioellabrador.cl\\\/wp-content\\\/uploads\\\/2025\\\/02\\\/cropped-Logo-Icono.png\",\"width\":512,\"height\":512,\"caption\":\"Diario El Labrador\"},\"image\":{\"@id\":\"https:\\\/\\\/diarioellabrador.cl\\\/#\\\/schema\\\/logo\\\/image\\\/\"},\"sameAs\":[\"https:\\\/\\\/web.facebook.com\\\/profile.php?id=61576120840621\",\"https:\\\/\\\/x.com\\\/ElLabradorOf\",\"https:\\\/\\\/www.instagram.com\\\/diarioellabradoroficial\\\/\"]},{\"@type\":\"Person\",\"@id\":\"https:\\\/\\\/diarioellabrador.cl\\\/#\\\/schema\\\/person\\\/bc25ff80b4563f9c7f4bd7855df01685\",\"name\":\"Editor\",\"image\":{\"@type\":\"ImageObject\",\"inLanguage\":\"es\",\"@id\":\"https:\\\/\\\/secure.gravatar.com\\\/avatar\\\/109c326cf2be5c04f048c2c2a2b8b6ef44bf3d8d1d3d4c55d0ac40c4bc994684?s=96&d=initials&r=g&initials=ed\",\"url\":\"https:\\\/\\\/secure.gravatar.com\\\/avatar\\\/109c326cf2be5c04f048c2c2a2b8b6ef44bf3d8d1d3d4c55d0ac40c4bc994684?s=96&d=initials&r=g&initials=ed\",\"contentUrl\":\"https:\\\/\\\/secure.gravatar.com\\\/avatar\\\/109c326cf2be5c04f048c2c2a2b8b6ef44bf3d8d1d3d4c55d0ac40c4bc994684?s=96&d=initials&r=g&initials=ed\",\"caption\":\"Editor\"},\"url\":\"https:\\\/\\\/diarioellabrador.cl\\\/index.php\\\/author\\\/editor\\\/\"}]}<\/script>\n<!-- \/ Yoast SEO plugin. -->","yoast_head_json":{"title":"Las Fiestas Patrias tambi\u00e9n se juegan - Diario El Labrador","robots":{"index":"index","follow":"follow","max-snippet":"max-snippet:-1","max-image-preview":"max-image-preview:large","max-video-preview":"max-video-preview:-1"},"canonical":"https:\/\/diarioellabrador.cl\/index.php\/2026\/08\/31\/las-fiestas-patrias-tambien-se-juegan\/","og_locale":"es_ES","og_type":"article","og_title":"Las Fiestas Patrias tambi\u00e9n se juegan - Diario El Labrador","og_description":"Jos\u00e9 Pedro Hern\u00e1ndez Historiador y acad\u00e9mico de Universidad de Las Am\u00e9ricas Hay algo que ocurre cada septiembre y que pasa casi inadvertido. Mientras aparecen las fondas, la cueca y el aroma de las empanadas, tambi\u00e9n regresan juegos que llevan siglos acompa\u00f1ando la historia de Chile. Basta mirar al cielo para encontrar un volant\u00edn, acercarse a Leer m\u00e1s","og_url":"https:\/\/diarioellabrador.cl\/index.php\/2026\/08\/31\/las-fiestas-patrias-tambien-se-juegan\/","og_site_name":"Diario El Labrador","article_publisher":"https:\/\/web.facebook.com\/profile.php?id=61576120840621","article_published_time":"2026-08-31T22:34:03+00:00","article_modified_time":"2026-08-31T22:34:05+00:00","og_image":[{"width":2126,"height":1535,"url":"https:\/\/diarioellabrador.cl\/wp-content\/uploads\/2026\/08\/UDLA_Las-Fiestas-Patrias-tambien-se-juegan-Jose-Pedro-Hernandez.jpg","type":"image\/jpeg"}],"author":"Editor","twitter_card":"summary_large_image","twitter_creator":"@ElLabradorOf","twitter_site":"@ElLabradorOf","twitter_misc":{"Escrito por":"Editor","Tiempo de lectura":"3 minutos"},"schema":{"@context":"https:\/\/schema.org","@graph":[{"@type":"Article","@id":"https:\/\/diarioellabrador.cl\/index.php\/2026\/08\/31\/las-fiestas-patrias-tambien-se-juegan\/#article","isPartOf":{"@id":"https:\/\/diarioellabrador.cl\/index.php\/2026\/08\/31\/las-fiestas-patrias-tambien-se-juegan\/"},"author":{"name":"Editor","@id":"https:\/\/diarioellabrador.cl\/#\/schema\/person\/bc25ff80b4563f9c7f4bd7855df01685"},"headline":"Las Fiestas Patrias tambi\u00e9n se juegan","datePublished":"2026-08-31T22:34:03+00:00","dateModified":"2026-08-31T22:34:05+00:00","mainEntityOfPage":{"@id":"https:\/\/diarioellabrador.cl\/index.php\/2026\/08\/31\/las-fiestas-patrias-tambien-se-juegan\/"},"wordCount":627,"commentCount":0,"publisher":{"@id":"https:\/\/diarioellabrador.cl\/#organization"},"image":{"@id":"https:\/\/diarioellabrador.cl\/index.php\/2026\/08\/31\/las-fiestas-patrias-tambien-se-juegan\/#primaryimage"},"thumbnailUrl":"https:\/\/diarioellabrador.cl\/wp-content\/uploads\/2026\/08\/UDLA_Las-Fiestas-Patrias-tambien-se-juegan-Jose-Pedro-Hernandez.jpg","articleSection":["Opini\u00f3n"],"inLanguage":"es","potentialAction":[{"@type":"CommentAction","name":"Comment","target":["https:\/\/diarioellabrador.cl\/index.php\/2026\/08\/31\/las-fiestas-patrias-tambien-se-juegan\/#respond"]}]},{"@type":"WebPage","@id":"https:\/\/diarioellabrador.cl\/index.php\/2026\/08\/31\/las-fiestas-patrias-tambien-se-juegan\/","url":"https:\/\/diarioellabrador.cl\/index.php\/2026\/08\/31\/las-fiestas-patrias-tambien-se-juegan\/","name":"Las Fiestas Patrias tambi\u00e9n se juegan - Diario El Labrador","isPartOf":{"@id":"https:\/\/diarioellabrador.cl\/#website"},"primaryImageOfPage":{"@id":"https:\/\/diarioellabrador.cl\/index.php\/2026\/08\/31\/las-fiestas-patrias-tambien-se-juegan\/#primaryimage"},"image":{"@id":"https:\/\/diarioellabrador.cl\/index.php\/2026\/08\/31\/las-fiestas-patrias-tambien-se-juegan\/#primaryimage"},"thumbnailUrl":"https:\/\/diarioellabrador.cl\/wp-content\/uploads\/2026\/08\/UDLA_Las-Fiestas-Patrias-tambien-se-juegan-Jose-Pedro-Hernandez.jpg","datePublished":"2026-08-31T22:34:03+00:00","dateModified":"2026-08-31T22:34:05+00:00","breadcrumb":{"@id":"https:\/\/diarioellabrador.cl\/index.php\/2026\/08\/31\/las-fiestas-patrias-tambien-se-juegan\/#breadcrumb"},"inLanguage":"es","potentialAction":[{"@type":"ReadAction","target":["https:\/\/diarioellabrador.cl\/index.php\/2026\/08\/31\/las-fiestas-patrias-tambien-se-juegan\/"]}]},{"@type":"ImageObject","inLanguage":"es","@id":"https:\/\/diarioellabrador.cl\/index.php\/2026\/08\/31\/las-fiestas-patrias-tambien-se-juegan\/#primaryimage","url":"https:\/\/diarioellabrador.cl\/wp-content\/uploads\/2026\/08\/UDLA_Las-Fiestas-Patrias-tambien-se-juegan-Jose-Pedro-Hernandez.jpg","contentUrl":"https:\/\/diarioellabrador.cl\/wp-content\/uploads\/2026\/08\/UDLA_Las-Fiestas-Patrias-tambien-se-juegan-Jose-Pedro-Hernandez.jpg","width":2126,"height":1535},{"@type":"BreadcrumbList","@id":"https:\/\/diarioellabrador.cl\/index.php\/2026\/08\/31\/las-fiestas-patrias-tambien-se-juegan\/#breadcrumb","itemListElement":[{"@type":"ListItem","position":1,"name":"Portada","item":"https:\/\/diarioellabrador.cl\/"},{"@type":"ListItem","position":2,"name":"Las Fiestas Patrias tambi\u00e9n se juegan"}]},{"@type":"WebSite","@id":"https:\/\/diarioellabrador.cl\/#website","url":"https:\/\/diarioellabrador.cl\/","name":"Diario El Labrador","description":"Haciendo noticia desde 1921","publisher":{"@id":"https:\/\/diarioellabrador.cl\/#organization"},"potentialAction":[{"@type":"SearchAction","target":{"@type":"EntryPoint","urlTemplate":"https:\/\/diarioellabrador.cl\/?s={search_term_string}"},"query-input":{"@type":"PropertyValueSpecification","valueRequired":true,"valueName":"search_term_string"}}],"inLanguage":"es"},{"@type":"Organization","@id":"https:\/\/diarioellabrador.cl\/#organization","name":"Diario El Labrador","url":"https:\/\/diarioellabrador.cl\/","logo":{"@type":"ImageObject","inLanguage":"es","@id":"https:\/\/diarioellabrador.cl\/#\/schema\/logo\/image\/","url":"https:\/\/diarioellabrador.cl\/wp-content\/uploads\/2025\/02\/cropped-Logo-Icono.png","contentUrl":"https:\/\/diarioellabrador.cl\/wp-content\/uploads\/2025\/02\/cropped-Logo-Icono.png","width":512,"height":512,"caption":"Diario El Labrador"},"image":{"@id":"https:\/\/diarioellabrador.cl\/#\/schema\/logo\/image\/"},"sameAs":["https:\/\/web.facebook.com\/profile.php?id=61576120840621","https:\/\/x.com\/ElLabradorOf","https:\/\/www.instagram.com\/diarioellabradoroficial\/"]},{"@type":"Person","@id":"https:\/\/diarioellabrador.cl\/#\/schema\/person\/bc25ff80b4563f9c7f4bd7855df01685","name":"Editor","image":{"@type":"ImageObject","inLanguage":"es","@id":"https:\/\/secure.gravatar.com\/avatar\/109c326cf2be5c04f048c2c2a2b8b6ef44bf3d8d1d3d4c55d0ac40c4bc994684?s=96&d=initials&r=g&initials=ed","url":"https:\/\/secure.gravatar.com\/avatar\/109c326cf2be5c04f048c2c2a2b8b6ef44bf3d8d1d3d4c55d0ac40c4bc994684?s=96&d=initials&r=g&initials=ed","contentUrl":"https:\/\/secure.gravatar.com\/avatar\/109c326cf2be5c04f048c2c2a2b8b6ef44bf3d8d1d3d4c55d0ac40c4bc994684?s=96&d=initials&r=g&initials=ed","caption":"Editor"},"url":"https:\/\/diarioellabrador.cl\/index.php\/author\/editor\/"}]}},"_links":{"self":[{"href":"https:\/\/diarioellabrador.cl\/index.php\/wp-json\/wp\/v2\/posts\/24250","targetHints":{"allow":["GET"]}}],"collection":[{"href":"https:\/\/diarioellabrador.cl\/index.php\/wp-json\/wp\/v2\/posts"}],"about":[{"href":"https:\/\/diarioellabrador.cl\/index.php\/wp-json\/wp\/v2\/types\/post"}],"author":[{"embeddable":true,"href":"https:\/\/diarioellabrador.cl\/index.php\/wp-json\/wp\/v2\/users\/2"}],"replies":[{"embeddable":true,"href":"https:\/\/diarioellabrador.cl\/index.php\/wp-json\/wp\/v2\/comments?post=24250"}],"version-history":[{"count":1,"href":"https:\/\/diarioellabrador.cl\/index.php\/wp-json\/wp\/v2\/posts\/24250\/revisions"}],"predecessor-version":[{"id":24278,"href":"https:\/\/diarioellabrador.cl\/index.php\/wp-json\/wp\/v2\/posts\/24250\/revisions\/24278"}],"wp:featuredmedia":[{"embeddable":true,"href":"https:\/\/diarioellabrador.cl\/index.php\/wp-json\/wp\/v2\/media\/24277"}],"wp:attachment":[{"href":"https:\/\/diarioellabrador.cl\/index.php\/wp-json\/wp\/v2\/media?parent=24250"}],"wp:term":[{"taxonomy":"category","embeddable":true,"href":"https:\/\/diarioellabrador.cl\/index.php\/wp-json\/wp\/v2\/categories?post=24250"},{"taxonomy":"post_tag","embeddable":true,"href":"https:\/\/diarioellabrador.cl\/index.php\/wp-json\/wp\/v2\/tags?post=24250"}],"curies":[{"name":"wp","href":"https:\/\/api.w.org\/{rel}","templated":true}]}}