{"id":23971,"date":"2026-08-24T18:52:00","date_gmt":"2026-08-24T22:52:00","guid":{"rendered":"https:\/\/diarioellabrador.cl\/?p=23971"},"modified":"2026-08-24T19:03:19","modified_gmt":"2026-08-24T23:03:19","slug":"ciudadano-boliviano-muere-calcinado-durante-incendio-estructural","status":"publish","type":"post","link":"https:\/\/diarioellabrador.cl\/index.php\/2026\/08\/24\/ciudadano-boliviano-muere-calcinado-durante-incendio-estructural\/","title":{"rendered":"Ciudadano boliviano muere calcinado durante incendio estructural"},"content":{"rendered":"\n<p class=\"wp-block-paragraph\">Por Carlos Silva S.<\/p>\n\n\n\n<p class=\"wp-block-paragraph\">Imagen gentileza: Radio En San Pedro<\/p>\n\n\n\n<p class=\"wp-block-paragraph\">Un hombre de nacionalidad boliviana, muri\u00f3 tras un voraz incendio que consumi\u00f3 por completo una vivienda de material ligero.<\/p>\n\n\n\n<p class=\"wp-block-paragraph\">El hecho se registr\u00f3 en sector del Cruce Las Ara\u00f1as, comuna de San Pedro, en una casa que era habitada por varios trabajadores de temporada.<\/p>\n\n\n\n<p class=\"wp-block-paragraph\">La alarma se dio a eso de las 22:00 horas del domingo, movilizando a bomberos de la comuna, quienes concurrieron al lugar, logrando evitar que el fuego se expandiera a otras estructuras. Finalizada la emergencia y durante la remoci\u00f3n de escombros, el cuerpo de la v\u00edctima de 26 a\u00f1os fue descubierto.<\/p>\n\n\n\n<p class=\"wp-block-paragraph\">Personal especializado del OS9 y del Laboratorio de Criminal\u00edstica de Carabineros (LABOCAR), concurrieron al lugar para iniciar los primeros peritajes, mientras que el departamento t\u00e9cnico de Bomberos inici\u00f3 la investigaci\u00f3n para determinar el origen del fuego.<\/p>\n\n\n\n<p class=\"wp-block-paragraph\"><\/p>\n","protected":false},"excerpt":{"rendered":"<p>Por Carlos Silva S. Imagen gentileza: Radio En San Pedro Un hombre de nacionalidad boliviana, muri\u00f3 tras un voraz incendio que consumi\u00f3 por completo una vivienda de material ligero. El hecho se registr\u00f3 en sector del Cruce Las Ara\u00f1as, comuna de San Pedro, en una casa que era habitada por varios trabajadores de temporada. La<\/p>\n<div class=\"read-more-wrapper\"><a class=\"read-more\" href=\"https:\/\/diarioellabrador.cl\/index.php\/2026\/08\/24\/ciudadano-boliviano-muere-calcinado-durante-incendio-estructural\/\" title=\"Leer m\u00e1s\"> <span class=\"button \">Leer m\u00e1s<\/span><\/a><\/div>\n","protected":false},"author":2,"featured_media":23920,"comment_status":"open","ping_status":"open","sticky":false,"template":"","format":"standard","meta":{"footnotes":"","_members_access_role":[],"_members_access_error":""},"categories":[3],"tags":[],"class_list":["post-23971","post","type-post","status-publish","format-standard","has-post-thumbnail","hentry","category-policial"],"yoast_head":"<!-- This site is optimized with the Yoast SEO plugin v28.4 - https:\/\/yoast.com\/product\/yoast-seo-wordpress\/ -->\n<title>Ciudadano boliviano muere calcinado durante incendio estructural - Diario El Labrador<\/title>\n<meta name=\"robots\" content=\"index, follow, max-snippet:-1, max-image-preview:large, max-video-preview:-1\" \/>\n<link rel=\"canonical\" href=\"https:\/\/diarioellabrador.cl\/index.php\/2026\/08\/24\/ciudadano-boliviano-muere-calcinado-durante-incendio-estructural\/\" \/>\n<meta property=\"og:locale\" content=\"es_ES\" \/>\n<meta property=\"og:type\" content=\"article\" \/>\n<meta property=\"og:title\" content=\"Ciudadano boliviano muere calcinado durante incendio estructural - Diario El Labrador\" \/>\n<meta property=\"og:description\" content=\"Por Carlos Silva S. Imagen gentileza: Radio En San Pedro Un hombre de nacionalidad boliviana, muri\u00f3 tras un voraz incendio que consumi\u00f3 por completo una vivienda de material ligero. El hecho se registr\u00f3 en sector del Cruce Las Ara\u00f1as, comuna de San Pedro, en una casa que era habitada por varios trabajadores de temporada. La Leer m\u00e1s\" \/>\n<meta property=\"og:url\" content=\"https:\/\/diarioellabrador.cl\/index.php\/2026\/08\/24\/ciudadano-boliviano-muere-calcinado-durante-incendio-estructural\/\" \/>\n<meta property=\"og:site_name\" content=\"Diario El Labrador\" \/>\n<meta property=\"article:publisher\" content=\"https:\/\/web.facebook.com\/profile.php?id=61576120840621\" \/>\n<meta property=\"article:published_time\" content=\"2026-08-24T22:52:00+00:00\" \/>\n<meta property=\"article:modified_time\" content=\"2026-08-24T23:03:19+00:00\" \/>\n<meta property=\"og:image\" content=\"https:\/\/diarioellabrador.cl\/wp-content\/uploads\/2026\/08\/Ciudadano-boliviano-muere-calcinado-durante-incendio-estructural.jpeg\" \/>\n\t<meta property=\"og:image:width\" content=\"1600\" \/>\n\t<meta property=\"og:image:height\" content=\"1200\" \/>\n\t<meta property=\"og:image:type\" content=\"image\/jpeg\" \/>\n<meta name=\"author\" content=\"Editor\" \/>\n<meta name=\"twitter:card\" content=\"summary_large_image\" \/>\n<meta name=\"twitter:creator\" content=\"@ElLabradorOf\" \/>\n<meta name=\"twitter:site\" content=\"@ElLabradorOf\" \/>\n<meta name=\"twitter:label1\" content=\"Escrito por\" \/>\n\t<meta name=\"twitter:data1\" content=\"Editor\" \/>\n\t<meta name=\"twitter:label2\" content=\"Tiempo de lectura\" \/>\n\t<meta name=\"twitter:data2\" content=\"1 minuto\" \/>\n<script type=\"application\/ld+json\" class=\"yoast-schema-graph\">{\"@context\":\"https:\\\/\\\/schema.org\",\"@graph\":[{\"@type\":\"Article\",\"@id\":\"https:\\\/\\\/diarioellabrador.cl\\\/index.php\\\/2026\\\/08\\\/24\\\/ciudadano-boliviano-muere-calcinado-durante-incendio-estructural\\\/#article\",\"isPartOf\":{\"@id\":\"https:\\\/\\\/diarioellabrador.cl\\\/index.php\\\/2026\\\/08\\\/24\\\/ciudadano-boliviano-muere-calcinado-durante-incendio-estructural\\\/\"},\"author\":{\"name\":\"Editor\",\"@id\":\"https:\\\/\\\/diarioellabrador.cl\\\/#\\\/schema\\\/person\\\/bc25ff80b4563f9c7f4bd7855df01685\"},\"headline\":\"Ciudadano boliviano muere calcinado durante incendio estructural\",\"datePublished\":\"2026-08-24T22:52:00+00:00\",\"dateModified\":\"2026-08-24T23:03:19+00:00\",\"mainEntityOfPage\":{\"@id\":\"https:\\\/\\\/diarioellabrador.cl\\\/index.php\\\/2026\\\/08\\\/24\\\/ciudadano-boliviano-muere-calcinado-durante-incendio-estructural\\\/\"},\"wordCount\":153,\"commentCount\":0,\"publisher\":{\"@id\":\"https:\\\/\\\/diarioellabrador.cl\\\/#organization\"},\"image\":{\"@id\":\"https:\\\/\\\/diarioellabrador.cl\\\/index.php\\\/2026\\\/08\\\/24\\\/ciudadano-boliviano-muere-calcinado-durante-incendio-estructural\\\/#primaryimage\"},\"thumbnailUrl\":\"https:\\\/\\\/diarioellabrador.cl\\\/wp-content\\\/uploads\\\/2026\\\/08\\\/Ciudadano-boliviano-muere-calcinado-durante-incendio-estructural.jpeg\",\"articleSection\":[\"Policial\"],\"inLanguage\":\"es\",\"potentialAction\":[{\"@type\":\"CommentAction\",\"name\":\"Comment\",\"target\":[\"https:\\\/\\\/diarioellabrador.cl\\\/index.php\\\/2026\\\/08\\\/24\\\/ciudadano-boliviano-muere-calcinado-durante-incendio-estructural\\\/#respond\"]}]},{\"@type\":\"WebPage\",\"@id\":\"https:\\\/\\\/diarioellabrador.cl\\\/index.php\\\/2026\\\/08\\\/24\\\/ciudadano-boliviano-muere-calcinado-durante-incendio-estructural\\\/\",\"url\":\"https:\\\/\\\/diarioellabrador.cl\\\/index.php\\\/2026\\\/08\\\/24\\\/ciudadano-boliviano-muere-calcinado-durante-incendio-estructural\\\/\",\"name\":\"Ciudadano boliviano muere calcinado durante incendio estructural - Diario El Labrador\",\"isPartOf\":{\"@id\":\"https:\\\/\\\/diarioellabrador.cl\\\/#website\"},\"primaryImageOfPage\":{\"@id\":\"https:\\\/\\\/diarioellabrador.cl\\\/index.php\\\/2026\\\/08\\\/24\\\/ciudadano-boliviano-muere-calcinado-durante-incendio-estructural\\\/#primaryimage\"},\"image\":{\"@id\":\"https:\\\/\\\/diarioellabrador.cl\\\/index.php\\\/2026\\\/08\\\/24\\\/ciudadano-boliviano-muere-calcinado-durante-incendio-estructural\\\/#primaryimage\"},\"thumbnailUrl\":\"https:\\\/\\\/diarioellabrador.cl\\\/wp-content\\\/uploads\\\/2026\\\/08\\\/Ciudadano-boliviano-muere-calcinado-durante-incendio-estructural.jpeg\",\"datePublished\":\"2026-08-24T22:52:00+00:00\",\"dateModified\":\"2026-08-24T23:03:19+00:00\",\"breadcrumb\":{\"@id\":\"https:\\\/\\\/diarioellabrador.cl\\\/index.php\\\/2026\\\/08\\\/24\\\/ciudadano-boliviano-muere-calcinado-durante-incendio-estructural\\\/#breadcrumb\"},\"inLanguage\":\"es\",\"potentialAction\":[{\"@type\":\"ReadAction\",\"target\":[\"https:\\\/\\\/diarioellabrador.cl\\\/index.php\\\/2026\\\/08\\\/24\\\/ciudadano-boliviano-muere-calcinado-durante-incendio-estructural\\\/\"]}]},{\"@type\":\"ImageObject\",\"inLanguage\":\"es\",\"@id\":\"https:\\\/\\\/diarioellabrador.cl\\\/index.php\\\/2026\\\/08\\\/24\\\/ciudadano-boliviano-muere-calcinado-durante-incendio-estructural\\\/#primaryimage\",\"url\":\"https:\\\/\\\/diarioellabrador.cl\\\/wp-content\\\/uploads\\\/2026\\\/08\\\/Ciudadano-boliviano-muere-calcinado-durante-incendio-estructural.jpeg\",\"contentUrl\":\"https:\\\/\\\/diarioellabrador.cl\\\/wp-content\\\/uploads\\\/2026\\\/08\\\/Ciudadano-boliviano-muere-calcinado-durante-incendio-estructural.jpeg\",\"width\":1600,\"height\":1200},{\"@type\":\"BreadcrumbList\",\"@id\":\"https:\\\/\\\/diarioellabrador.cl\\\/index.php\\\/2026\\\/08\\\/24\\\/ciudadano-boliviano-muere-calcinado-durante-incendio-estructural\\\/#breadcrumb\",\"itemListElement\":[{\"@type\":\"ListItem\",\"position\":1,\"name\":\"Portada\",\"item\":\"https:\\\/\\\/diarioellabrador.cl\\\/\"},{\"@type\":\"ListItem\",\"position\":2,\"name\":\"Ciudadano boliviano muere calcinado durante incendio estructural\"}]},{\"@type\":\"WebSite\",\"@id\":\"https:\\\/\\\/diarioellabrador.cl\\\/#website\",\"url\":\"https:\\\/\\\/diarioellabrador.cl\\\/\",\"name\":\"Diario El Labrador\",\"description\":\"Haciendo noticia desde 1921\",\"publisher\":{\"@id\":\"https:\\\/\\\/diarioellabrador.cl\\\/#organization\"},\"potentialAction\":[{\"@type\":\"SearchAction\",\"target\":{\"@type\":\"EntryPoint\",\"urlTemplate\":\"https:\\\/\\\/diarioellabrador.cl\\\/?s={search_term_string}\"},\"query-input\":{\"@type\":\"PropertyValueSpecification\",\"valueRequired\":true,\"valueName\":\"search_term_string\"}}],\"inLanguage\":\"es\"},{\"@type\":\"Organization\",\"@id\":\"https:\\\/\\\/diarioellabrador.cl\\\/#organization\",\"name\":\"Diario El Labrador\",\"url\":\"https:\\\/\\\/diarioellabrador.cl\\\/\",\"logo\":{\"@type\":\"ImageObject\",\"inLanguage\":\"es\",\"@id\":\"https:\\\/\\\/diarioellabrador.cl\\\/#\\\/schema\\\/logo\\\/image\\\/\",\"url\":\"https:\\\/\\\/diarioellabrador.cl\\\/wp-content\\\/uploads\\\/2025\\\/02\\\/cropped-Logo-Icono.png\",\"contentUrl\":\"https:\\\/\\\/diarioellabrador.cl\\\/wp-content\\\/uploads\\\/2025\\\/02\\\/cropped-Logo-Icono.png\",\"width\":512,\"height\":512,\"caption\":\"Diario El Labrador\"},\"image\":{\"@id\":\"https:\\\/\\\/diarioellabrador.cl\\\/#\\\/schema\\\/logo\\\/image\\\/\"},\"sameAs\":[\"https:\\\/\\\/web.facebook.com\\\/profile.php?id=61576120840621\",\"https:\\\/\\\/x.com\\\/ElLabradorOf\",\"https:\\\/\\\/www.instagram.com\\\/diarioellabradoroficial\\\/\"]},{\"@type\":\"Person\",\"@id\":\"https:\\\/\\\/diarioellabrador.cl\\\/#\\\/schema\\\/person\\\/bc25ff80b4563f9c7f4bd7855df01685\",\"name\":\"Editor\",\"image\":{\"@type\":\"ImageObject\",\"inLanguage\":\"es\",\"@id\":\"https:\\\/\\\/secure.gravatar.com\\\/avatar\\\/109c326cf2be5c04f048c2c2a2b8b6ef44bf3d8d1d3d4c55d0ac40c4bc994684?s=96&d=initials&r=g&initials=ed\",\"url\":\"https:\\\/\\\/secure.gravatar.com\\\/avatar\\\/109c326cf2be5c04f048c2c2a2b8b6ef44bf3d8d1d3d4c55d0ac40c4bc994684?s=96&d=initials&r=g&initials=ed\",\"contentUrl\":\"https:\\\/\\\/secure.gravatar.com\\\/avatar\\\/109c326cf2be5c04f048c2c2a2b8b6ef44bf3d8d1d3d4c55d0ac40c4bc994684?s=96&d=initials&r=g&initials=ed\",\"caption\":\"Editor\"},\"url\":\"https:\\\/\\\/diarioellabrador.cl\\\/index.php\\\/author\\\/editor\\\/\"}]}<\/script>\n<!-- \/ Yoast SEO plugin. -->","yoast_head_json":{"title":"Ciudadano boliviano muere calcinado durante incendio estructural - Diario El Labrador","robots":{"index":"index","follow":"follow","max-snippet":"max-snippet:-1","max-image-preview":"max-image-preview:large","max-video-preview":"max-video-preview:-1"},"canonical":"https:\/\/diarioellabrador.cl\/index.php\/2026\/08\/24\/ciudadano-boliviano-muere-calcinado-durante-incendio-estructural\/","og_locale":"es_ES","og_type":"article","og_title":"Ciudadano boliviano muere calcinado durante incendio estructural - Diario El Labrador","og_description":"Por Carlos Silva S. Imagen gentileza: Radio En San Pedro Un hombre de nacionalidad boliviana, muri\u00f3 tras un voraz incendio que consumi\u00f3 por completo una vivienda de material ligero. El hecho se registr\u00f3 en sector del Cruce Las Ara\u00f1as, comuna de San Pedro, en una casa que era habitada por varios trabajadores de temporada. La Leer m\u00e1s","og_url":"https:\/\/diarioellabrador.cl\/index.php\/2026\/08\/24\/ciudadano-boliviano-muere-calcinado-durante-incendio-estructural\/","og_site_name":"Diario El Labrador","article_publisher":"https:\/\/web.facebook.com\/profile.php?id=61576120840621","article_published_time":"2026-08-24T22:52:00+00:00","article_modified_time":"2026-08-24T23:03:19+00:00","og_image":[{"width":1600,"height":1200,"url":"https:\/\/diarioellabrador.cl\/wp-content\/uploads\/2026\/08\/Ciudadano-boliviano-muere-calcinado-durante-incendio-estructural.jpeg","type":"image\/jpeg"}],"author":"Editor","twitter_card":"summary_large_image","twitter_creator":"@ElLabradorOf","twitter_site":"@ElLabradorOf","twitter_misc":{"Escrito por":"Editor","Tiempo de lectura":"1 minuto"},"schema":{"@context":"https:\/\/schema.org","@graph":[{"@type":"Article","@id":"https:\/\/diarioellabrador.cl\/index.php\/2026\/08\/24\/ciudadano-boliviano-muere-calcinado-durante-incendio-estructural\/#article","isPartOf":{"@id":"https:\/\/diarioellabrador.cl\/index.php\/2026\/08\/24\/ciudadano-boliviano-muere-calcinado-durante-incendio-estructural\/"},"author":{"name":"Editor","@id":"https:\/\/diarioellabrador.cl\/#\/schema\/person\/bc25ff80b4563f9c7f4bd7855df01685"},"headline":"Ciudadano boliviano muere calcinado durante incendio estructural","datePublished":"2026-08-24T22:52:00+00:00","dateModified":"2026-08-24T23:03:19+00:00","mainEntityOfPage":{"@id":"https:\/\/diarioellabrador.cl\/index.php\/2026\/08\/24\/ciudadano-boliviano-muere-calcinado-durante-incendio-estructural\/"},"wordCount":153,"commentCount":0,"publisher":{"@id":"https:\/\/diarioellabrador.cl\/#organization"},"image":{"@id":"https:\/\/diarioellabrador.cl\/index.php\/2026\/08\/24\/ciudadano-boliviano-muere-calcinado-durante-incendio-estructural\/#primaryimage"},"thumbnailUrl":"https:\/\/diarioellabrador.cl\/wp-content\/uploads\/2026\/08\/Ciudadano-boliviano-muere-calcinado-durante-incendio-estructural.jpeg","articleSection":["Policial"],"inLanguage":"es","potentialAction":[{"@type":"CommentAction","name":"Comment","target":["https:\/\/diarioellabrador.cl\/index.php\/2026\/08\/24\/ciudadano-boliviano-muere-calcinado-durante-incendio-estructural\/#respond"]}]},{"@type":"WebPage","@id":"https:\/\/diarioellabrador.cl\/index.php\/2026\/08\/24\/ciudadano-boliviano-muere-calcinado-durante-incendio-estructural\/","url":"https:\/\/diarioellabrador.cl\/index.php\/2026\/08\/24\/ciudadano-boliviano-muere-calcinado-durante-incendio-estructural\/","name":"Ciudadano boliviano muere calcinado durante incendio estructural - Diario El Labrador","isPartOf":{"@id":"https:\/\/diarioellabrador.cl\/#website"},"primaryImageOfPage":{"@id":"https:\/\/diarioellabrador.cl\/index.php\/2026\/08\/24\/ciudadano-boliviano-muere-calcinado-durante-incendio-estructural\/#primaryimage"},"image":{"@id":"https:\/\/diarioellabrador.cl\/index.php\/2026\/08\/24\/ciudadano-boliviano-muere-calcinado-durante-incendio-estructural\/#primaryimage"},"thumbnailUrl":"https:\/\/diarioellabrador.cl\/wp-content\/uploads\/2026\/08\/Ciudadano-boliviano-muere-calcinado-durante-incendio-estructural.jpeg","datePublished":"2026-08-24T22:52:00+00:00","dateModified":"2026-08-24T23:03:19+00:00","breadcrumb":{"@id":"https:\/\/diarioellabrador.cl\/index.php\/2026\/08\/24\/ciudadano-boliviano-muere-calcinado-durante-incendio-estructural\/#breadcrumb"},"inLanguage":"es","potentialAction":[{"@type":"ReadAction","target":["https:\/\/diarioellabrador.cl\/index.php\/2026\/08\/24\/ciudadano-boliviano-muere-calcinado-durante-incendio-estructural\/"]}]},{"@type":"ImageObject","inLanguage":"es","@id":"https:\/\/diarioellabrador.cl\/index.php\/2026\/08\/24\/ciudadano-boliviano-muere-calcinado-durante-incendio-estructural\/#primaryimage","url":"https:\/\/diarioellabrador.cl\/wp-content\/uploads\/2026\/08\/Ciudadano-boliviano-muere-calcinado-durante-incendio-estructural.jpeg","contentUrl":"https:\/\/diarioellabrador.cl\/wp-content\/uploads\/2026\/08\/Ciudadano-boliviano-muere-calcinado-durante-incendio-estructural.jpeg","width":1600,"height":1200},{"@type":"BreadcrumbList","@id":"https:\/\/diarioellabrador.cl\/index.php\/2026\/08\/24\/ciudadano-boliviano-muere-calcinado-durante-incendio-estructural\/#breadcrumb","itemListElement":[{"@type":"ListItem","position":1,"name":"Portada","item":"https:\/\/diarioellabrador.cl\/"},{"@type":"ListItem","position":2,"name":"Ciudadano boliviano muere calcinado durante incendio estructural"}]},{"@type":"WebSite","@id":"https:\/\/diarioellabrador.cl\/#website","url":"https:\/\/diarioellabrador.cl\/","name":"Diario El Labrador","description":"Haciendo noticia desde 1921","publisher":{"@id":"https:\/\/diarioellabrador.cl\/#organization"},"potentialAction":[{"@type":"SearchAction","target":{"@type":"EntryPoint","urlTemplate":"https:\/\/diarioellabrador.cl\/?s={search_term_string}"},"query-input":{"@type":"PropertyValueSpecification","valueRequired":true,"valueName":"search_term_string"}}],"inLanguage":"es"},{"@type":"Organization","@id":"https:\/\/diarioellabrador.cl\/#organization","name":"Diario El Labrador","url":"https:\/\/diarioellabrador.cl\/","logo":{"@type":"ImageObject","inLanguage":"es","@id":"https:\/\/diarioellabrador.cl\/#\/schema\/logo\/image\/","url":"https:\/\/diarioellabrador.cl\/wp-content\/uploads\/2025\/02\/cropped-Logo-Icono.png","contentUrl":"https:\/\/diarioellabrador.cl\/wp-content\/uploads\/2025\/02\/cropped-Logo-Icono.png","width":512,"height":512,"caption":"Diario El Labrador"},"image":{"@id":"https:\/\/diarioellabrador.cl\/#\/schema\/logo\/image\/"},"sameAs":["https:\/\/web.facebook.com\/profile.php?id=61576120840621","https:\/\/x.com\/ElLabradorOf","https:\/\/www.instagram.com\/diarioellabradoroficial\/"]},{"@type":"Person","@id":"https:\/\/diarioellabrador.cl\/#\/schema\/person\/bc25ff80b4563f9c7f4bd7855df01685","name":"Editor","image":{"@type":"ImageObject","inLanguage":"es","@id":"https:\/\/secure.gravatar.com\/avatar\/109c326cf2be5c04f048c2c2a2b8b6ef44bf3d8d1d3d4c55d0ac40c4bc994684?s=96&d=initials&r=g&initials=ed","url":"https:\/\/secure.gravatar.com\/avatar\/109c326cf2be5c04f048c2c2a2b8b6ef44bf3d8d1d3d4c55d0ac40c4bc994684?s=96&d=initials&r=g&initials=ed","contentUrl":"https:\/\/secure.gravatar.com\/avatar\/109c326cf2be5c04f048c2c2a2b8b6ef44bf3d8d1d3d4c55d0ac40c4bc994684?s=96&d=initials&r=g&initials=ed","caption":"Editor"},"url":"https:\/\/diarioellabrador.cl\/index.php\/author\/editor\/"}]}},"_links":{"self":[{"href":"https:\/\/diarioellabrador.cl\/index.php\/wp-json\/wp\/v2\/posts\/23971","targetHints":{"allow":["GET"]}}],"collection":[{"href":"https:\/\/diarioellabrador.cl\/index.php\/wp-json\/wp\/v2\/posts"}],"about":[{"href":"https:\/\/diarioellabrador.cl\/index.php\/wp-json\/wp\/v2\/types\/post"}],"author":[{"embeddable":true,"href":"https:\/\/diarioellabrador.cl\/index.php\/wp-json\/wp\/v2\/users\/2"}],"replies":[{"embeddable":true,"href":"https:\/\/diarioellabrador.cl\/index.php\/wp-json\/wp\/v2\/comments?post=23971"}],"version-history":[{"count":1,"href":"https:\/\/diarioellabrador.cl\/index.php\/wp-json\/wp\/v2\/posts\/23971\/revisions"}],"predecessor-version":[{"id":23972,"href":"https:\/\/diarioellabrador.cl\/index.php\/wp-json\/wp\/v2\/posts\/23971\/revisions\/23972"}],"wp:featuredmedia":[{"embeddable":true,"href":"https:\/\/diarioellabrador.cl\/index.php\/wp-json\/wp\/v2\/media\/23920"}],"wp:attachment":[{"href":"https:\/\/diarioellabrador.cl\/index.php\/wp-json\/wp\/v2\/media?parent=23971"}],"wp:term":[{"taxonomy":"category","embeddable":true,"href":"https:\/\/diarioellabrador.cl\/index.php\/wp-json\/wp\/v2\/categories?post=23971"},{"taxonomy":"post_tag","embeddable":true,"href":"https:\/\/diarioellabrador.cl\/index.php\/wp-json\/wp\/v2\/tags?post=23971"}],"curies":[{"name":"wp","href":"https:\/\/api.w.org\/{rel}","templated":true}]}}