{"id":23941,"date":"2026-08-24T18:44:13","date_gmt":"2026-08-24T22:44:13","guid":{"rendered":"https:\/\/diarioellabrador.cl\/?p=23941"},"modified":"2026-08-24T18:44:18","modified_gmt":"2026-08-24T22:44:18","slug":"detienen-a-conductor-ebrio-tras-chocar-contra-arbol-y-un-muro","status":"publish","type":"post","link":"https:\/\/diarioellabrador.cl\/index.php\/2026\/08\/24\/detienen-a-conductor-ebrio-tras-chocar-contra-arbol-y-un-muro\/","title":{"rendered":"Detienen a conductor ebrio tras chocar contra \u00e1rbol y un muro"},"content":{"rendered":"\n<p class=\"wp-block-paragraph\">Un hombre fue detenido y formalizado por conducci\u00f3n en estado de ebriedad, luego de protagonizar un accidente durante la madrugada del fin de semana en la comuna de Melipilla.<\/p>\n\n\n\n<p class=\"wp-block-paragraph\">El hecho ocurri\u00f3 cerca de las 03:15 horas, cuando Emilio V.F. conduc\u00eda un furg\u00f3n Peugeot Partner por avenida Vicu\u00f1a Mackenna, a la altura de calle Serrano.<\/p>\n\n\n\n<p class=\"wp-block-paragraph\">Debido a su estado et\u00edlico, perdi\u00f3 el control del veh\u00edculo y termin\u00f3 impactando contra un \u00e1rbol y un muro perimetral existente en el lugar.<\/p>\n\n\n\n<p class=\"wp-block-paragraph\">Tras el accidente, personal policial realiz\u00f3 un examen de Alcotest al conductor, el que arroj\u00f3 1,84 gramos de alcohol por litro de sangre, seg\u00fan los antecedentes de la formalizaci\u00f3n.<\/p>\n\n\n\n<p class=\"wp-block-paragraph\">El detenido fue puesto a disposici\u00f3n del Tribunal de Garant\u00eda de Melipilla, donde fue formalizado por el delito de conducci\u00f3n en estado de ebriedad, decretando como medida cautelar, el arraigo nacional para el imputado y un plazo de 90 d\u00edas para la investigaci\u00f3n.<\/p>\n\n\n\n<p class=\"wp-block-paragraph\"><\/p>\n","protected":false},"excerpt":{"rendered":"<p>Un hombre fue detenido y formalizado por conducci\u00f3n en estado de ebriedad, luego de protagonizar un accidente durante la madrugada del fin de semana en la comuna de Melipilla. El hecho ocurri\u00f3 cerca de las 03:15 horas, cuando Emilio V.F. conduc\u00eda un furg\u00f3n Peugeot Partner por avenida Vicu\u00f1a Mackenna, a la altura de calle Serrano.<\/p>\n<div class=\"read-more-wrapper\"><a class=\"read-more\" href=\"https:\/\/diarioellabrador.cl\/index.php\/2026\/08\/24\/detienen-a-conductor-ebrio-tras-chocar-contra-arbol-y-un-muro\/\" title=\"Leer m\u00e1s\"> <span class=\"button \">Leer m\u00e1s<\/span><\/a><\/div>\n","protected":false},"author":2,"featured_media":23900,"comment_status":"open","ping_status":"open","sticky":false,"template":"","format":"standard","meta":{"footnotes":"","_members_access_role":[],"_members_access_error":""},"categories":[3],"tags":[],"class_list":["post-23941","post","type-post","status-publish","format-standard","has-post-thumbnail","hentry","category-policial"],"yoast_head":"<!-- This site is optimized with the Yoast SEO plugin v28.3 - https:\/\/yoast.com\/product\/yoast-seo-wordpress\/ -->\n<title>Detienen a conductor ebrio tras chocar contra \u00e1rbol y un muro - Diario El Labrador<\/title>\n<meta name=\"robots\" content=\"index, follow, max-snippet:-1, max-image-preview:large, max-video-preview:-1\" \/>\n<link rel=\"canonical\" href=\"https:\/\/diarioellabrador.cl\/index.php\/2026\/08\/24\/detienen-a-conductor-ebrio-tras-chocar-contra-arbol-y-un-muro\/\" \/>\n<meta property=\"og:locale\" content=\"es_ES\" \/>\n<meta property=\"og:type\" content=\"article\" \/>\n<meta property=\"og:title\" content=\"Detienen a conductor ebrio tras chocar contra \u00e1rbol y un muro - Diario El Labrador\" \/>\n<meta property=\"og:description\" content=\"Un hombre fue detenido y formalizado por conducci\u00f3n en estado de ebriedad, luego de protagonizar un accidente durante la madrugada del fin de semana en la comuna de Melipilla. El hecho ocurri\u00f3 cerca de las 03:15 horas, cuando Emilio V.F. conduc\u00eda un furg\u00f3n Peugeot Partner por avenida Vicu\u00f1a Mackenna, a la altura de calle Serrano. Leer m\u00e1s\" \/>\n<meta property=\"og:url\" content=\"https:\/\/diarioellabrador.cl\/index.php\/2026\/08\/24\/detienen-a-conductor-ebrio-tras-chocar-contra-arbol-y-un-muro\/\" \/>\n<meta property=\"og:site_name\" content=\"Diario El Labrador\" \/>\n<meta property=\"article:publisher\" content=\"https:\/\/web.facebook.com\/profile.php?id=61576120840621\" \/>\n<meta property=\"article:published_time\" content=\"2026-08-24T22:44:13+00:00\" \/>\n<meta property=\"article:modified_time\" content=\"2026-08-24T22:44:18+00:00\" \/>\n<meta property=\"og:image\" content=\"https:\/\/diarioellabrador.cl\/wp-content\/uploads\/2026\/08\/Detienen-a-conductor-ebrio-tras-chocar-contra-arbol-y-un-muro.jpg\" \/>\n\t<meta property=\"og:image:width\" content=\"714\" \/>\n\t<meta property=\"og:image:height\" content=\"611\" \/>\n\t<meta property=\"og:image:type\" content=\"image\/jpeg\" \/>\n<meta name=\"author\" content=\"Editor\" \/>\n<meta name=\"twitter:card\" content=\"summary_large_image\" \/>\n<meta name=\"twitter:creator\" content=\"@ElLabradorOf\" \/>\n<meta name=\"twitter:site\" content=\"@ElLabradorOf\" \/>\n<meta name=\"twitter:label1\" content=\"Escrito por\" \/>\n\t<meta name=\"twitter:data1\" content=\"Editor\" \/>\n\t<meta name=\"twitter:label2\" content=\"Tiempo de lectura\" \/>\n\t<meta name=\"twitter:data2\" content=\"1 minuto\" \/>\n<script type=\"application\/ld+json\" class=\"yoast-schema-graph\">{\"@context\":\"https:\\\/\\\/schema.org\",\"@graph\":[{\"@type\":\"Article\",\"@id\":\"https:\\\/\\\/diarioellabrador.cl\\\/index.php\\\/2026\\\/08\\\/24\\\/detienen-a-conductor-ebrio-tras-chocar-contra-arbol-y-un-muro\\\/#article\",\"isPartOf\":{\"@id\":\"https:\\\/\\\/diarioellabrador.cl\\\/index.php\\\/2026\\\/08\\\/24\\\/detienen-a-conductor-ebrio-tras-chocar-contra-arbol-y-un-muro\\\/\"},\"author\":{\"name\":\"Editor\",\"@id\":\"https:\\\/\\\/diarioellabrador.cl\\\/#\\\/schema\\\/person\\\/bc25ff80b4563f9c7f4bd7855df01685\"},\"headline\":\"Detienen a conductor ebrio tras chocar contra \u00e1rbol y un muro\",\"datePublished\":\"2026-08-24T22:44:13+00:00\",\"dateModified\":\"2026-08-24T22:44:18+00:00\",\"mainEntityOfPage\":{\"@id\":\"https:\\\/\\\/diarioellabrador.cl\\\/index.php\\\/2026\\\/08\\\/24\\\/detienen-a-conductor-ebrio-tras-chocar-contra-arbol-y-un-muro\\\/\"},\"wordCount\":173,\"commentCount\":0,\"publisher\":{\"@id\":\"https:\\\/\\\/diarioellabrador.cl\\\/#organization\"},\"image\":{\"@id\":\"https:\\\/\\\/diarioellabrador.cl\\\/index.php\\\/2026\\\/08\\\/24\\\/detienen-a-conductor-ebrio-tras-chocar-contra-arbol-y-un-muro\\\/#primaryimage\"},\"thumbnailUrl\":\"https:\\\/\\\/diarioellabrador.cl\\\/wp-content\\\/uploads\\\/2026\\\/08\\\/Detienen-a-conductor-ebrio-tras-chocar-contra-arbol-y-un-muro.jpg\",\"articleSection\":[\"Policial\"],\"inLanguage\":\"es\",\"potentialAction\":[{\"@type\":\"CommentAction\",\"name\":\"Comment\",\"target\":[\"https:\\\/\\\/diarioellabrador.cl\\\/index.php\\\/2026\\\/08\\\/24\\\/detienen-a-conductor-ebrio-tras-chocar-contra-arbol-y-un-muro\\\/#respond\"]}]},{\"@type\":\"WebPage\",\"@id\":\"https:\\\/\\\/diarioellabrador.cl\\\/index.php\\\/2026\\\/08\\\/24\\\/detienen-a-conductor-ebrio-tras-chocar-contra-arbol-y-un-muro\\\/\",\"url\":\"https:\\\/\\\/diarioellabrador.cl\\\/index.php\\\/2026\\\/08\\\/24\\\/detienen-a-conductor-ebrio-tras-chocar-contra-arbol-y-un-muro\\\/\",\"name\":\"Detienen a conductor ebrio tras chocar contra \u00e1rbol y un muro - Diario El Labrador\",\"isPartOf\":{\"@id\":\"https:\\\/\\\/diarioellabrador.cl\\\/#website\"},\"primaryImageOfPage\":{\"@id\":\"https:\\\/\\\/diarioellabrador.cl\\\/index.php\\\/2026\\\/08\\\/24\\\/detienen-a-conductor-ebrio-tras-chocar-contra-arbol-y-un-muro\\\/#primaryimage\"},\"image\":{\"@id\":\"https:\\\/\\\/diarioellabrador.cl\\\/index.php\\\/2026\\\/08\\\/24\\\/detienen-a-conductor-ebrio-tras-chocar-contra-arbol-y-un-muro\\\/#primaryimage\"},\"thumbnailUrl\":\"https:\\\/\\\/diarioellabrador.cl\\\/wp-content\\\/uploads\\\/2026\\\/08\\\/Detienen-a-conductor-ebrio-tras-chocar-contra-arbol-y-un-muro.jpg\",\"datePublished\":\"2026-08-24T22:44:13+00:00\",\"dateModified\":\"2026-08-24T22:44:18+00:00\",\"breadcrumb\":{\"@id\":\"https:\\\/\\\/diarioellabrador.cl\\\/index.php\\\/2026\\\/08\\\/24\\\/detienen-a-conductor-ebrio-tras-chocar-contra-arbol-y-un-muro\\\/#breadcrumb\"},\"inLanguage\":\"es\",\"potentialAction\":[{\"@type\":\"ReadAction\",\"target\":[\"https:\\\/\\\/diarioellabrador.cl\\\/index.php\\\/2026\\\/08\\\/24\\\/detienen-a-conductor-ebrio-tras-chocar-contra-arbol-y-un-muro\\\/\"]}]},{\"@type\":\"ImageObject\",\"inLanguage\":\"es\",\"@id\":\"https:\\\/\\\/diarioellabrador.cl\\\/index.php\\\/2026\\\/08\\\/24\\\/detienen-a-conductor-ebrio-tras-chocar-contra-arbol-y-un-muro\\\/#primaryimage\",\"url\":\"https:\\\/\\\/diarioellabrador.cl\\\/wp-content\\\/uploads\\\/2026\\\/08\\\/Detienen-a-conductor-ebrio-tras-chocar-contra-arbol-y-un-muro.jpg\",\"contentUrl\":\"https:\\\/\\\/diarioellabrador.cl\\\/wp-content\\\/uploads\\\/2026\\\/08\\\/Detienen-a-conductor-ebrio-tras-chocar-contra-arbol-y-un-muro.jpg\",\"width\":714,\"height\":611},{\"@type\":\"BreadcrumbList\",\"@id\":\"https:\\\/\\\/diarioellabrador.cl\\\/index.php\\\/2026\\\/08\\\/24\\\/detienen-a-conductor-ebrio-tras-chocar-contra-arbol-y-un-muro\\\/#breadcrumb\",\"itemListElement\":[{\"@type\":\"ListItem\",\"position\":1,\"name\":\"Portada\",\"item\":\"https:\\\/\\\/diarioellabrador.cl\\\/\"},{\"@type\":\"ListItem\",\"position\":2,\"name\":\"Detienen a conductor ebrio tras chocar contra \u00e1rbol y un muro\"}]},{\"@type\":\"WebSite\",\"@id\":\"https:\\\/\\\/diarioellabrador.cl\\\/#website\",\"url\":\"https:\\\/\\\/diarioellabrador.cl\\\/\",\"name\":\"Diario El Labrador\",\"description\":\"Haciendo noticia desde 1921\",\"publisher\":{\"@id\":\"https:\\\/\\\/diarioellabrador.cl\\\/#organization\"},\"potentialAction\":[{\"@type\":\"SearchAction\",\"target\":{\"@type\":\"EntryPoint\",\"urlTemplate\":\"https:\\\/\\\/diarioellabrador.cl\\\/?s={search_term_string}\"},\"query-input\":{\"@type\":\"PropertyValueSpecification\",\"valueRequired\":true,\"valueName\":\"search_term_string\"}}],\"inLanguage\":\"es\"},{\"@type\":\"Organization\",\"@id\":\"https:\\\/\\\/diarioellabrador.cl\\\/#organization\",\"name\":\"Diario El Labrador\",\"url\":\"https:\\\/\\\/diarioellabrador.cl\\\/\",\"logo\":{\"@type\":\"ImageObject\",\"inLanguage\":\"es\",\"@id\":\"https:\\\/\\\/diarioellabrador.cl\\\/#\\\/schema\\\/logo\\\/image\\\/\",\"url\":\"https:\\\/\\\/diarioellabrador.cl\\\/wp-content\\\/uploads\\\/2025\\\/02\\\/cropped-Logo-Icono.png\",\"contentUrl\":\"https:\\\/\\\/diarioellabrador.cl\\\/wp-content\\\/uploads\\\/2025\\\/02\\\/cropped-Logo-Icono.png\",\"width\":512,\"height\":512,\"caption\":\"Diario El Labrador\"},\"image\":{\"@id\":\"https:\\\/\\\/diarioellabrador.cl\\\/#\\\/schema\\\/logo\\\/image\\\/\"},\"sameAs\":[\"https:\\\/\\\/web.facebook.com\\\/profile.php?id=61576120840621\",\"https:\\\/\\\/x.com\\\/ElLabradorOf\",\"https:\\\/\\\/www.instagram.com\\\/diarioellabradoroficial\\\/\"]},{\"@type\":\"Person\",\"@id\":\"https:\\\/\\\/diarioellabrador.cl\\\/#\\\/schema\\\/person\\\/bc25ff80b4563f9c7f4bd7855df01685\",\"name\":\"Editor\",\"image\":{\"@type\":\"ImageObject\",\"inLanguage\":\"es\",\"@id\":\"https:\\\/\\\/secure.gravatar.com\\\/avatar\\\/109c326cf2be5c04f048c2c2a2b8b6ef44bf3d8d1d3d4c55d0ac40c4bc994684?s=96&d=initials&r=g&initials=ed\",\"url\":\"https:\\\/\\\/secure.gravatar.com\\\/avatar\\\/109c326cf2be5c04f048c2c2a2b8b6ef44bf3d8d1d3d4c55d0ac40c4bc994684?s=96&d=initials&r=g&initials=ed\",\"contentUrl\":\"https:\\\/\\\/secure.gravatar.com\\\/avatar\\\/109c326cf2be5c04f048c2c2a2b8b6ef44bf3d8d1d3d4c55d0ac40c4bc994684?s=96&d=initials&r=g&initials=ed\",\"caption\":\"Editor\"},\"url\":\"https:\\\/\\\/diarioellabrador.cl\\\/index.php\\\/author\\\/editor\\\/\"}]}<\/script>\n<!-- \/ Yoast SEO plugin. -->","yoast_head_json":{"title":"Detienen a conductor ebrio tras chocar contra \u00e1rbol y un muro - Diario El Labrador","robots":{"index":"index","follow":"follow","max-snippet":"max-snippet:-1","max-image-preview":"max-image-preview:large","max-video-preview":"max-video-preview:-1"},"canonical":"https:\/\/diarioellabrador.cl\/index.php\/2026\/08\/24\/detienen-a-conductor-ebrio-tras-chocar-contra-arbol-y-un-muro\/","og_locale":"es_ES","og_type":"article","og_title":"Detienen a conductor ebrio tras chocar contra \u00e1rbol y un muro - Diario El Labrador","og_description":"Un hombre fue detenido y formalizado por conducci\u00f3n en estado de ebriedad, luego de protagonizar un accidente durante la madrugada del fin de semana en la comuna de Melipilla. El hecho ocurri\u00f3 cerca de las 03:15 horas, cuando Emilio V.F. conduc\u00eda un furg\u00f3n Peugeot Partner por avenida Vicu\u00f1a Mackenna, a la altura de calle Serrano. Leer m\u00e1s","og_url":"https:\/\/diarioellabrador.cl\/index.php\/2026\/08\/24\/detienen-a-conductor-ebrio-tras-chocar-contra-arbol-y-un-muro\/","og_site_name":"Diario El Labrador","article_publisher":"https:\/\/web.facebook.com\/profile.php?id=61576120840621","article_published_time":"2026-08-24T22:44:13+00:00","article_modified_time":"2026-08-24T22:44:18+00:00","og_image":[{"width":714,"height":611,"url":"https:\/\/diarioellabrador.cl\/wp-content\/uploads\/2026\/08\/Detienen-a-conductor-ebrio-tras-chocar-contra-arbol-y-un-muro.jpg","type":"image\/jpeg"}],"author":"Editor","twitter_card":"summary_large_image","twitter_creator":"@ElLabradorOf","twitter_site":"@ElLabradorOf","twitter_misc":{"Escrito por":"Editor","Tiempo de lectura":"1 minuto"},"schema":{"@context":"https:\/\/schema.org","@graph":[{"@type":"Article","@id":"https:\/\/diarioellabrador.cl\/index.php\/2026\/08\/24\/detienen-a-conductor-ebrio-tras-chocar-contra-arbol-y-un-muro\/#article","isPartOf":{"@id":"https:\/\/diarioellabrador.cl\/index.php\/2026\/08\/24\/detienen-a-conductor-ebrio-tras-chocar-contra-arbol-y-un-muro\/"},"author":{"name":"Editor","@id":"https:\/\/diarioellabrador.cl\/#\/schema\/person\/bc25ff80b4563f9c7f4bd7855df01685"},"headline":"Detienen a conductor ebrio tras chocar contra \u00e1rbol y un muro","datePublished":"2026-08-24T22:44:13+00:00","dateModified":"2026-08-24T22:44:18+00:00","mainEntityOfPage":{"@id":"https:\/\/diarioellabrador.cl\/index.php\/2026\/08\/24\/detienen-a-conductor-ebrio-tras-chocar-contra-arbol-y-un-muro\/"},"wordCount":173,"commentCount":0,"publisher":{"@id":"https:\/\/diarioellabrador.cl\/#organization"},"image":{"@id":"https:\/\/diarioellabrador.cl\/index.php\/2026\/08\/24\/detienen-a-conductor-ebrio-tras-chocar-contra-arbol-y-un-muro\/#primaryimage"},"thumbnailUrl":"https:\/\/diarioellabrador.cl\/wp-content\/uploads\/2026\/08\/Detienen-a-conductor-ebrio-tras-chocar-contra-arbol-y-un-muro.jpg","articleSection":["Policial"],"inLanguage":"es","potentialAction":[{"@type":"CommentAction","name":"Comment","target":["https:\/\/diarioellabrador.cl\/index.php\/2026\/08\/24\/detienen-a-conductor-ebrio-tras-chocar-contra-arbol-y-un-muro\/#respond"]}]},{"@type":"WebPage","@id":"https:\/\/diarioellabrador.cl\/index.php\/2026\/08\/24\/detienen-a-conductor-ebrio-tras-chocar-contra-arbol-y-un-muro\/","url":"https:\/\/diarioellabrador.cl\/index.php\/2026\/08\/24\/detienen-a-conductor-ebrio-tras-chocar-contra-arbol-y-un-muro\/","name":"Detienen a conductor ebrio tras chocar contra \u00e1rbol y un muro - Diario El Labrador","isPartOf":{"@id":"https:\/\/diarioellabrador.cl\/#website"},"primaryImageOfPage":{"@id":"https:\/\/diarioellabrador.cl\/index.php\/2026\/08\/24\/detienen-a-conductor-ebrio-tras-chocar-contra-arbol-y-un-muro\/#primaryimage"},"image":{"@id":"https:\/\/diarioellabrador.cl\/index.php\/2026\/08\/24\/detienen-a-conductor-ebrio-tras-chocar-contra-arbol-y-un-muro\/#primaryimage"},"thumbnailUrl":"https:\/\/diarioellabrador.cl\/wp-content\/uploads\/2026\/08\/Detienen-a-conductor-ebrio-tras-chocar-contra-arbol-y-un-muro.jpg","datePublished":"2026-08-24T22:44:13+00:00","dateModified":"2026-08-24T22:44:18+00:00","breadcrumb":{"@id":"https:\/\/diarioellabrador.cl\/index.php\/2026\/08\/24\/detienen-a-conductor-ebrio-tras-chocar-contra-arbol-y-un-muro\/#breadcrumb"},"inLanguage":"es","potentialAction":[{"@type":"ReadAction","target":["https:\/\/diarioellabrador.cl\/index.php\/2026\/08\/24\/detienen-a-conductor-ebrio-tras-chocar-contra-arbol-y-un-muro\/"]}]},{"@type":"ImageObject","inLanguage":"es","@id":"https:\/\/diarioellabrador.cl\/index.php\/2026\/08\/24\/detienen-a-conductor-ebrio-tras-chocar-contra-arbol-y-un-muro\/#primaryimage","url":"https:\/\/diarioellabrador.cl\/wp-content\/uploads\/2026\/08\/Detienen-a-conductor-ebrio-tras-chocar-contra-arbol-y-un-muro.jpg","contentUrl":"https:\/\/diarioellabrador.cl\/wp-content\/uploads\/2026\/08\/Detienen-a-conductor-ebrio-tras-chocar-contra-arbol-y-un-muro.jpg","width":714,"height":611},{"@type":"BreadcrumbList","@id":"https:\/\/diarioellabrador.cl\/index.php\/2026\/08\/24\/detienen-a-conductor-ebrio-tras-chocar-contra-arbol-y-un-muro\/#breadcrumb","itemListElement":[{"@type":"ListItem","position":1,"name":"Portada","item":"https:\/\/diarioellabrador.cl\/"},{"@type":"ListItem","position":2,"name":"Detienen a conductor ebrio tras chocar contra \u00e1rbol y un muro"}]},{"@type":"WebSite","@id":"https:\/\/diarioellabrador.cl\/#website","url":"https:\/\/diarioellabrador.cl\/","name":"Diario El Labrador","description":"Haciendo noticia desde 1921","publisher":{"@id":"https:\/\/diarioellabrador.cl\/#organization"},"potentialAction":[{"@type":"SearchAction","target":{"@type":"EntryPoint","urlTemplate":"https:\/\/diarioellabrador.cl\/?s={search_term_string}"},"query-input":{"@type":"PropertyValueSpecification","valueRequired":true,"valueName":"search_term_string"}}],"inLanguage":"es"},{"@type":"Organization","@id":"https:\/\/diarioellabrador.cl\/#organization","name":"Diario El Labrador","url":"https:\/\/diarioellabrador.cl\/","logo":{"@type":"ImageObject","inLanguage":"es","@id":"https:\/\/diarioellabrador.cl\/#\/schema\/logo\/image\/","url":"https:\/\/diarioellabrador.cl\/wp-content\/uploads\/2025\/02\/cropped-Logo-Icono.png","contentUrl":"https:\/\/diarioellabrador.cl\/wp-content\/uploads\/2025\/02\/cropped-Logo-Icono.png","width":512,"height":512,"caption":"Diario El Labrador"},"image":{"@id":"https:\/\/diarioellabrador.cl\/#\/schema\/logo\/image\/"},"sameAs":["https:\/\/web.facebook.com\/profile.php?id=61576120840621","https:\/\/x.com\/ElLabradorOf","https:\/\/www.instagram.com\/diarioellabradoroficial\/"]},{"@type":"Person","@id":"https:\/\/diarioellabrador.cl\/#\/schema\/person\/bc25ff80b4563f9c7f4bd7855df01685","name":"Editor","image":{"@type":"ImageObject","inLanguage":"es","@id":"https:\/\/secure.gravatar.com\/avatar\/109c326cf2be5c04f048c2c2a2b8b6ef44bf3d8d1d3d4c55d0ac40c4bc994684?s=96&d=initials&r=g&initials=ed","url":"https:\/\/secure.gravatar.com\/avatar\/109c326cf2be5c04f048c2c2a2b8b6ef44bf3d8d1d3d4c55d0ac40c4bc994684?s=96&d=initials&r=g&initials=ed","contentUrl":"https:\/\/secure.gravatar.com\/avatar\/109c326cf2be5c04f048c2c2a2b8b6ef44bf3d8d1d3d4c55d0ac40c4bc994684?s=96&d=initials&r=g&initials=ed","caption":"Editor"},"url":"https:\/\/diarioellabrador.cl\/index.php\/author\/editor\/"}]}},"_links":{"self":[{"href":"https:\/\/diarioellabrador.cl\/index.php\/wp-json\/wp\/v2\/posts\/23941","targetHints":{"allow":["GET"]}}],"collection":[{"href":"https:\/\/diarioellabrador.cl\/index.php\/wp-json\/wp\/v2\/posts"}],"about":[{"href":"https:\/\/diarioellabrador.cl\/index.php\/wp-json\/wp\/v2\/types\/post"}],"author":[{"embeddable":true,"href":"https:\/\/diarioellabrador.cl\/index.php\/wp-json\/wp\/v2\/users\/2"}],"replies":[{"embeddable":true,"href":"https:\/\/diarioellabrador.cl\/index.php\/wp-json\/wp\/v2\/comments?post=23941"}],"version-history":[{"count":1,"href":"https:\/\/diarioellabrador.cl\/index.php\/wp-json\/wp\/v2\/posts\/23941\/revisions"}],"predecessor-version":[{"id":23942,"href":"https:\/\/diarioellabrador.cl\/index.php\/wp-json\/wp\/v2\/posts\/23941\/revisions\/23942"}],"wp:featuredmedia":[{"embeddable":true,"href":"https:\/\/diarioellabrador.cl\/index.php\/wp-json\/wp\/v2\/media\/23900"}],"wp:attachment":[{"href":"https:\/\/diarioellabrador.cl\/index.php\/wp-json\/wp\/v2\/media?parent=23941"}],"wp:term":[{"taxonomy":"category","embeddable":true,"href":"https:\/\/diarioellabrador.cl\/index.php\/wp-json\/wp\/v2\/categories?post=23941"},{"taxonomy":"post_tag","embeddable":true,"href":"https:\/\/diarioellabrador.cl\/index.php\/wp-json\/wp\/v2\/tags?post=23941"}],"curies":[{"name":"wp","href":"https:\/\/api.w.org\/{rel}","templated":true}]}}