{"id":23939,"date":"2026-08-24T18:43:13","date_gmt":"2026-08-24T22:43:13","guid":{"rendered":"https:\/\/diarioellabrador.cl\/?p=23939"},"modified":"2026-08-24T18:43:16","modified_gmt":"2026-08-24T22:43:16","slug":"cinco-detenidos-con-drogas-armas-y-municiones-en-poblacion-obispo-lizama","status":"publish","type":"post","link":"https:\/\/diarioellabrador.cl\/index.php\/2026\/08\/24\/cinco-detenidos-con-drogas-armas-y-municiones-en-poblacion-obispo-lizama\/","title":{"rendered":"Cinco detenidos con drogas, armas y municiones en poblaci\u00f3n Obispo Lizama"},"content":{"rendered":"\n<p class=\"wp-block-paragraph\">Cinco personas fueron detenidas por detectives de la Brigada de Investigaci\u00f3n Criminal (BICRIM) de la PDI, en un operativo coordinado con la Fiscal\u00eda de Focos Metropolitana Occidente, que permiti\u00f3 desbaratar un presunto punto de acopio y comercializaci\u00f3n de drogas en el sector norponiente de la comuna.<\/p>\n\n\n\n<p class=\"wp-block-paragraph\">La investigaci\u00f3n se extendi\u00f3 durante varios meses y permiti\u00f3 reunir antecedentes sobre el funcionamiento del lugar, tras lo cual los detectives concretaron el allanamiento de seis inmuebles ubicados en la poblaci\u00f3n Obispo Lizama.<\/p>\n\n\n\n<p class=\"wp-block-paragraph\">Durante el operativo fueron incautadas distintas sustancias, entre ellas cannabis sativa, clorhidrato de coca\u00edna y ketamina. Adem\u00e1s, los detectives encontraron jarabe para la tos Deucotos, medicamento cuya venta se encuentra sujeta a receta retenida, debido a su contenido de code\u00edna. Tambi\u00e9n fueron encontradas armas de fuego y municiones de distintos calibres.<\/p>\n\n\n\n<p class=\"wp-block-paragraph\">Los cinco detenidos, todos con antecedentes policiales, fueron puestos a disposici\u00f3n de la justicia por infracci\u00f3n a la Ley 20.000 sobre el control de drogas y estupefacientes, junto con la infracci\u00f3n a la Ley de armas.<\/p>\n\n\n\n<p class=\"wp-block-paragraph\"><\/p>\n","protected":false},"excerpt":{"rendered":"<p>Cinco personas fueron detenidas por detectives de la Brigada de Investigaci\u00f3n Criminal (BICRIM) de la PDI, en un operativo coordinado con la Fiscal\u00eda de Focos Metropolitana Occidente, que permiti\u00f3 desbaratar un presunto punto de acopio y comercializaci\u00f3n de drogas en el sector norponiente de la comuna. La investigaci\u00f3n se extendi\u00f3 durante varios meses y permiti\u00f3<\/p>\n<div class=\"read-more-wrapper\"><a class=\"read-more\" href=\"https:\/\/diarioellabrador.cl\/index.php\/2026\/08\/24\/cinco-detenidos-con-drogas-armas-y-municiones-en-poblacion-obispo-lizama\/\" title=\"Leer m\u00e1s\"> <span class=\"button \">Leer m\u00e1s<\/span><\/a><\/div>\n","protected":false},"author":2,"featured_media":23899,"comment_status":"open","ping_status":"open","sticky":false,"template":"","format":"standard","meta":{"footnotes":"","_members_access_role":[],"_members_access_error":""},"categories":[3],"tags":[],"class_list":["post-23939","post","type-post","status-publish","format-standard","has-post-thumbnail","hentry","category-policial"],"yoast_head":"<!-- This site is optimized with the Yoast SEO plugin v28.4 - https:\/\/yoast.com\/product\/yoast-seo-wordpress\/ -->\n<title>Cinco detenidos con drogas, armas y municiones en poblaci\u00f3n Obispo Lizama - Diario El Labrador<\/title>\n<meta name=\"robots\" content=\"index, follow, max-snippet:-1, max-image-preview:large, max-video-preview:-1\" \/>\n<link rel=\"canonical\" href=\"https:\/\/diarioellabrador.cl\/index.php\/2026\/08\/24\/cinco-detenidos-con-drogas-armas-y-municiones-en-poblacion-obispo-lizama\/\" \/>\n<meta property=\"og:locale\" content=\"es_ES\" \/>\n<meta property=\"og:type\" content=\"article\" \/>\n<meta property=\"og:title\" content=\"Cinco detenidos con drogas, armas y municiones en poblaci\u00f3n Obispo Lizama - Diario El Labrador\" \/>\n<meta property=\"og:description\" content=\"Cinco personas fueron detenidas por detectives de la Brigada de Investigaci\u00f3n Criminal (BICRIM) de la PDI, en un operativo coordinado con la Fiscal\u00eda de Focos Metropolitana Occidente, que permiti\u00f3 desbaratar un presunto punto de acopio y comercializaci\u00f3n de drogas en el sector norponiente de la comuna. La investigaci\u00f3n se extendi\u00f3 durante varios meses y permiti\u00f3 Leer m\u00e1s\" \/>\n<meta property=\"og:url\" content=\"https:\/\/diarioellabrador.cl\/index.php\/2026\/08\/24\/cinco-detenidos-con-drogas-armas-y-municiones-en-poblacion-obispo-lizama\/\" \/>\n<meta property=\"og:site_name\" content=\"Diario El Labrador\" \/>\n<meta property=\"article:publisher\" content=\"https:\/\/web.facebook.com\/profile.php?id=61576120840621\" \/>\n<meta property=\"article:published_time\" content=\"2026-08-24T22:43:13+00:00\" \/>\n<meta property=\"article:modified_time\" content=\"2026-08-24T22:43:16+00:00\" \/>\n<meta property=\"og:image\" content=\"https:\/\/diarioellabrador.cl\/wp-content\/uploads\/2026\/08\/Cinco-detenidos-con-drogas-armas-y-municiones-en-poblacion-Obispo-Lizama.jpg\" \/>\n\t<meta property=\"og:image:width\" content=\"600\" \/>\n\t<meta property=\"og:image:height\" content=\"400\" \/>\n\t<meta property=\"og:image:type\" content=\"image\/jpeg\" \/>\n<meta name=\"author\" content=\"Editor\" \/>\n<meta name=\"twitter:card\" content=\"summary_large_image\" \/>\n<meta name=\"twitter:creator\" content=\"@ElLabradorOf\" \/>\n<meta name=\"twitter:site\" content=\"@ElLabradorOf\" \/>\n<meta name=\"twitter:label1\" content=\"Escrito por\" \/>\n\t<meta name=\"twitter:data1\" content=\"Editor\" \/>\n\t<meta name=\"twitter:label2\" content=\"Tiempo de lectura\" \/>\n\t<meta name=\"twitter:data2\" content=\"1 minuto\" \/>\n<script type=\"application\/ld+json\" class=\"yoast-schema-graph\">{\"@context\":\"https:\\\/\\\/schema.org\",\"@graph\":[{\"@type\":\"Article\",\"@id\":\"https:\\\/\\\/diarioellabrador.cl\\\/index.php\\\/2026\\\/08\\\/24\\\/cinco-detenidos-con-drogas-armas-y-municiones-en-poblacion-obispo-lizama\\\/#article\",\"isPartOf\":{\"@id\":\"https:\\\/\\\/diarioellabrador.cl\\\/index.php\\\/2026\\\/08\\\/24\\\/cinco-detenidos-con-drogas-armas-y-municiones-en-poblacion-obispo-lizama\\\/\"},\"author\":{\"name\":\"Editor\",\"@id\":\"https:\\\/\\\/diarioellabrador.cl\\\/#\\\/schema\\\/person\\\/bc25ff80b4563f9c7f4bd7855df01685\"},\"headline\":\"Cinco detenidos con drogas, armas y municiones en poblaci\u00f3n Obispo Lizama\",\"datePublished\":\"2026-08-24T22:43:13+00:00\",\"dateModified\":\"2026-08-24T22:43:16+00:00\",\"mainEntityOfPage\":{\"@id\":\"https:\\\/\\\/diarioellabrador.cl\\\/index.php\\\/2026\\\/08\\\/24\\\/cinco-detenidos-con-drogas-armas-y-municiones-en-poblacion-obispo-lizama\\\/\"},\"wordCount\":189,\"commentCount\":0,\"publisher\":{\"@id\":\"https:\\\/\\\/diarioellabrador.cl\\\/#organization\"},\"image\":{\"@id\":\"https:\\\/\\\/diarioellabrador.cl\\\/index.php\\\/2026\\\/08\\\/24\\\/cinco-detenidos-con-drogas-armas-y-municiones-en-poblacion-obispo-lizama\\\/#primaryimage\"},\"thumbnailUrl\":\"https:\\\/\\\/diarioellabrador.cl\\\/wp-content\\\/uploads\\\/2026\\\/08\\\/Cinco-detenidos-con-drogas-armas-y-municiones-en-poblacion-Obispo-Lizama.jpg\",\"articleSection\":[\"Policial\"],\"inLanguage\":\"es\",\"potentialAction\":[{\"@type\":\"CommentAction\",\"name\":\"Comment\",\"target\":[\"https:\\\/\\\/diarioellabrador.cl\\\/index.php\\\/2026\\\/08\\\/24\\\/cinco-detenidos-con-drogas-armas-y-municiones-en-poblacion-obispo-lizama\\\/#respond\"]}]},{\"@type\":\"WebPage\",\"@id\":\"https:\\\/\\\/diarioellabrador.cl\\\/index.php\\\/2026\\\/08\\\/24\\\/cinco-detenidos-con-drogas-armas-y-municiones-en-poblacion-obispo-lizama\\\/\",\"url\":\"https:\\\/\\\/diarioellabrador.cl\\\/index.php\\\/2026\\\/08\\\/24\\\/cinco-detenidos-con-drogas-armas-y-municiones-en-poblacion-obispo-lizama\\\/\",\"name\":\"Cinco detenidos con drogas, armas y municiones en poblaci\u00f3n Obispo Lizama - Diario El Labrador\",\"isPartOf\":{\"@id\":\"https:\\\/\\\/diarioellabrador.cl\\\/#website\"},\"primaryImageOfPage\":{\"@id\":\"https:\\\/\\\/diarioellabrador.cl\\\/index.php\\\/2026\\\/08\\\/24\\\/cinco-detenidos-con-drogas-armas-y-municiones-en-poblacion-obispo-lizama\\\/#primaryimage\"},\"image\":{\"@id\":\"https:\\\/\\\/diarioellabrador.cl\\\/index.php\\\/2026\\\/08\\\/24\\\/cinco-detenidos-con-drogas-armas-y-municiones-en-poblacion-obispo-lizama\\\/#primaryimage\"},\"thumbnailUrl\":\"https:\\\/\\\/diarioellabrador.cl\\\/wp-content\\\/uploads\\\/2026\\\/08\\\/Cinco-detenidos-con-drogas-armas-y-municiones-en-poblacion-Obispo-Lizama.jpg\",\"datePublished\":\"2026-08-24T22:43:13+00:00\",\"dateModified\":\"2026-08-24T22:43:16+00:00\",\"breadcrumb\":{\"@id\":\"https:\\\/\\\/diarioellabrador.cl\\\/index.php\\\/2026\\\/08\\\/24\\\/cinco-detenidos-con-drogas-armas-y-municiones-en-poblacion-obispo-lizama\\\/#breadcrumb\"},\"inLanguage\":\"es\",\"potentialAction\":[{\"@type\":\"ReadAction\",\"target\":[\"https:\\\/\\\/diarioellabrador.cl\\\/index.php\\\/2026\\\/08\\\/24\\\/cinco-detenidos-con-drogas-armas-y-municiones-en-poblacion-obispo-lizama\\\/\"]}]},{\"@type\":\"ImageObject\",\"inLanguage\":\"es\",\"@id\":\"https:\\\/\\\/diarioellabrador.cl\\\/index.php\\\/2026\\\/08\\\/24\\\/cinco-detenidos-con-drogas-armas-y-municiones-en-poblacion-obispo-lizama\\\/#primaryimage\",\"url\":\"https:\\\/\\\/diarioellabrador.cl\\\/wp-content\\\/uploads\\\/2026\\\/08\\\/Cinco-detenidos-con-drogas-armas-y-municiones-en-poblacion-Obispo-Lizama.jpg\",\"contentUrl\":\"https:\\\/\\\/diarioellabrador.cl\\\/wp-content\\\/uploads\\\/2026\\\/08\\\/Cinco-detenidos-con-drogas-armas-y-municiones-en-poblacion-Obispo-Lizama.jpg\",\"width\":600,\"height\":400},{\"@type\":\"BreadcrumbList\",\"@id\":\"https:\\\/\\\/diarioellabrador.cl\\\/index.php\\\/2026\\\/08\\\/24\\\/cinco-detenidos-con-drogas-armas-y-municiones-en-poblacion-obispo-lizama\\\/#breadcrumb\",\"itemListElement\":[{\"@type\":\"ListItem\",\"position\":1,\"name\":\"Portada\",\"item\":\"https:\\\/\\\/diarioellabrador.cl\\\/\"},{\"@type\":\"ListItem\",\"position\":2,\"name\":\"Cinco detenidos con drogas, armas y municiones en poblaci\u00f3n Obispo Lizama\"}]},{\"@type\":\"WebSite\",\"@id\":\"https:\\\/\\\/diarioellabrador.cl\\\/#website\",\"url\":\"https:\\\/\\\/diarioellabrador.cl\\\/\",\"name\":\"Diario El Labrador\",\"description\":\"Haciendo noticia desde 1921\",\"publisher\":{\"@id\":\"https:\\\/\\\/diarioellabrador.cl\\\/#organization\"},\"potentialAction\":[{\"@type\":\"SearchAction\",\"target\":{\"@type\":\"EntryPoint\",\"urlTemplate\":\"https:\\\/\\\/diarioellabrador.cl\\\/?s={search_term_string}\"},\"query-input\":{\"@type\":\"PropertyValueSpecification\",\"valueRequired\":true,\"valueName\":\"search_term_string\"}}],\"inLanguage\":\"es\"},{\"@type\":\"Organization\",\"@id\":\"https:\\\/\\\/diarioellabrador.cl\\\/#organization\",\"name\":\"Diario El Labrador\",\"url\":\"https:\\\/\\\/diarioellabrador.cl\\\/\",\"logo\":{\"@type\":\"ImageObject\",\"inLanguage\":\"es\",\"@id\":\"https:\\\/\\\/diarioellabrador.cl\\\/#\\\/schema\\\/logo\\\/image\\\/\",\"url\":\"https:\\\/\\\/diarioellabrador.cl\\\/wp-content\\\/uploads\\\/2025\\\/02\\\/cropped-Logo-Icono.png\",\"contentUrl\":\"https:\\\/\\\/diarioellabrador.cl\\\/wp-content\\\/uploads\\\/2025\\\/02\\\/cropped-Logo-Icono.png\",\"width\":512,\"height\":512,\"caption\":\"Diario El Labrador\"},\"image\":{\"@id\":\"https:\\\/\\\/diarioellabrador.cl\\\/#\\\/schema\\\/logo\\\/image\\\/\"},\"sameAs\":[\"https:\\\/\\\/web.facebook.com\\\/profile.php?id=61576120840621\",\"https:\\\/\\\/x.com\\\/ElLabradorOf\",\"https:\\\/\\\/www.instagram.com\\\/diarioellabradoroficial\\\/\"]},{\"@type\":\"Person\",\"@id\":\"https:\\\/\\\/diarioellabrador.cl\\\/#\\\/schema\\\/person\\\/bc25ff80b4563f9c7f4bd7855df01685\",\"name\":\"Editor\",\"image\":{\"@type\":\"ImageObject\",\"inLanguage\":\"es\",\"@id\":\"https:\\\/\\\/secure.gravatar.com\\\/avatar\\\/109c326cf2be5c04f048c2c2a2b8b6ef44bf3d8d1d3d4c55d0ac40c4bc994684?s=96&d=initials&r=g&initials=ed\",\"url\":\"https:\\\/\\\/secure.gravatar.com\\\/avatar\\\/109c326cf2be5c04f048c2c2a2b8b6ef44bf3d8d1d3d4c55d0ac40c4bc994684?s=96&d=initials&r=g&initials=ed\",\"contentUrl\":\"https:\\\/\\\/secure.gravatar.com\\\/avatar\\\/109c326cf2be5c04f048c2c2a2b8b6ef44bf3d8d1d3d4c55d0ac40c4bc994684?s=96&d=initials&r=g&initials=ed\",\"caption\":\"Editor\"},\"url\":\"https:\\\/\\\/diarioellabrador.cl\\\/index.php\\\/author\\\/editor\\\/\"}]}<\/script>\n<!-- \/ Yoast SEO plugin. -->","yoast_head_json":{"title":"Cinco detenidos con drogas, armas y municiones en poblaci\u00f3n Obispo Lizama - Diario El Labrador","robots":{"index":"index","follow":"follow","max-snippet":"max-snippet:-1","max-image-preview":"max-image-preview:large","max-video-preview":"max-video-preview:-1"},"canonical":"https:\/\/diarioellabrador.cl\/index.php\/2026\/08\/24\/cinco-detenidos-con-drogas-armas-y-municiones-en-poblacion-obispo-lizama\/","og_locale":"es_ES","og_type":"article","og_title":"Cinco detenidos con drogas, armas y municiones en poblaci\u00f3n Obispo Lizama - Diario El Labrador","og_description":"Cinco personas fueron detenidas por detectives de la Brigada de Investigaci\u00f3n Criminal (BICRIM) de la PDI, en un operativo coordinado con la Fiscal\u00eda de Focos Metropolitana Occidente, que permiti\u00f3 desbaratar un presunto punto de acopio y comercializaci\u00f3n de drogas en el sector norponiente de la comuna. La investigaci\u00f3n se extendi\u00f3 durante varios meses y permiti\u00f3 Leer m\u00e1s","og_url":"https:\/\/diarioellabrador.cl\/index.php\/2026\/08\/24\/cinco-detenidos-con-drogas-armas-y-municiones-en-poblacion-obispo-lizama\/","og_site_name":"Diario El Labrador","article_publisher":"https:\/\/web.facebook.com\/profile.php?id=61576120840621","article_published_time":"2026-08-24T22:43:13+00:00","article_modified_time":"2026-08-24T22:43:16+00:00","og_image":[{"width":600,"height":400,"url":"https:\/\/diarioellabrador.cl\/wp-content\/uploads\/2026\/08\/Cinco-detenidos-con-drogas-armas-y-municiones-en-poblacion-Obispo-Lizama.jpg","type":"image\/jpeg"}],"author":"Editor","twitter_card":"summary_large_image","twitter_creator":"@ElLabradorOf","twitter_site":"@ElLabradorOf","twitter_misc":{"Escrito por":"Editor","Tiempo de lectura":"1 minuto"},"schema":{"@context":"https:\/\/schema.org","@graph":[{"@type":"Article","@id":"https:\/\/diarioellabrador.cl\/index.php\/2026\/08\/24\/cinco-detenidos-con-drogas-armas-y-municiones-en-poblacion-obispo-lizama\/#article","isPartOf":{"@id":"https:\/\/diarioellabrador.cl\/index.php\/2026\/08\/24\/cinco-detenidos-con-drogas-armas-y-municiones-en-poblacion-obispo-lizama\/"},"author":{"name":"Editor","@id":"https:\/\/diarioellabrador.cl\/#\/schema\/person\/bc25ff80b4563f9c7f4bd7855df01685"},"headline":"Cinco detenidos con drogas, armas y municiones en poblaci\u00f3n Obispo Lizama","datePublished":"2026-08-24T22:43:13+00:00","dateModified":"2026-08-24T22:43:16+00:00","mainEntityOfPage":{"@id":"https:\/\/diarioellabrador.cl\/index.php\/2026\/08\/24\/cinco-detenidos-con-drogas-armas-y-municiones-en-poblacion-obispo-lizama\/"},"wordCount":189,"commentCount":0,"publisher":{"@id":"https:\/\/diarioellabrador.cl\/#organization"},"image":{"@id":"https:\/\/diarioellabrador.cl\/index.php\/2026\/08\/24\/cinco-detenidos-con-drogas-armas-y-municiones-en-poblacion-obispo-lizama\/#primaryimage"},"thumbnailUrl":"https:\/\/diarioellabrador.cl\/wp-content\/uploads\/2026\/08\/Cinco-detenidos-con-drogas-armas-y-municiones-en-poblacion-Obispo-Lizama.jpg","articleSection":["Policial"],"inLanguage":"es","potentialAction":[{"@type":"CommentAction","name":"Comment","target":["https:\/\/diarioellabrador.cl\/index.php\/2026\/08\/24\/cinco-detenidos-con-drogas-armas-y-municiones-en-poblacion-obispo-lizama\/#respond"]}]},{"@type":"WebPage","@id":"https:\/\/diarioellabrador.cl\/index.php\/2026\/08\/24\/cinco-detenidos-con-drogas-armas-y-municiones-en-poblacion-obispo-lizama\/","url":"https:\/\/diarioellabrador.cl\/index.php\/2026\/08\/24\/cinco-detenidos-con-drogas-armas-y-municiones-en-poblacion-obispo-lizama\/","name":"Cinco detenidos con drogas, armas y municiones en poblaci\u00f3n Obispo Lizama - Diario El Labrador","isPartOf":{"@id":"https:\/\/diarioellabrador.cl\/#website"},"primaryImageOfPage":{"@id":"https:\/\/diarioellabrador.cl\/index.php\/2026\/08\/24\/cinco-detenidos-con-drogas-armas-y-municiones-en-poblacion-obispo-lizama\/#primaryimage"},"image":{"@id":"https:\/\/diarioellabrador.cl\/index.php\/2026\/08\/24\/cinco-detenidos-con-drogas-armas-y-municiones-en-poblacion-obispo-lizama\/#primaryimage"},"thumbnailUrl":"https:\/\/diarioellabrador.cl\/wp-content\/uploads\/2026\/08\/Cinco-detenidos-con-drogas-armas-y-municiones-en-poblacion-Obispo-Lizama.jpg","datePublished":"2026-08-24T22:43:13+00:00","dateModified":"2026-08-24T22:43:16+00:00","breadcrumb":{"@id":"https:\/\/diarioellabrador.cl\/index.php\/2026\/08\/24\/cinco-detenidos-con-drogas-armas-y-municiones-en-poblacion-obispo-lizama\/#breadcrumb"},"inLanguage":"es","potentialAction":[{"@type":"ReadAction","target":["https:\/\/diarioellabrador.cl\/index.php\/2026\/08\/24\/cinco-detenidos-con-drogas-armas-y-municiones-en-poblacion-obispo-lizama\/"]}]},{"@type":"ImageObject","inLanguage":"es","@id":"https:\/\/diarioellabrador.cl\/index.php\/2026\/08\/24\/cinco-detenidos-con-drogas-armas-y-municiones-en-poblacion-obispo-lizama\/#primaryimage","url":"https:\/\/diarioellabrador.cl\/wp-content\/uploads\/2026\/08\/Cinco-detenidos-con-drogas-armas-y-municiones-en-poblacion-Obispo-Lizama.jpg","contentUrl":"https:\/\/diarioellabrador.cl\/wp-content\/uploads\/2026\/08\/Cinco-detenidos-con-drogas-armas-y-municiones-en-poblacion-Obispo-Lizama.jpg","width":600,"height":400},{"@type":"BreadcrumbList","@id":"https:\/\/diarioellabrador.cl\/index.php\/2026\/08\/24\/cinco-detenidos-con-drogas-armas-y-municiones-en-poblacion-obispo-lizama\/#breadcrumb","itemListElement":[{"@type":"ListItem","position":1,"name":"Portada","item":"https:\/\/diarioellabrador.cl\/"},{"@type":"ListItem","position":2,"name":"Cinco detenidos con drogas, armas y municiones en poblaci\u00f3n Obispo Lizama"}]},{"@type":"WebSite","@id":"https:\/\/diarioellabrador.cl\/#website","url":"https:\/\/diarioellabrador.cl\/","name":"Diario El Labrador","description":"Haciendo noticia desde 1921","publisher":{"@id":"https:\/\/diarioellabrador.cl\/#organization"},"potentialAction":[{"@type":"SearchAction","target":{"@type":"EntryPoint","urlTemplate":"https:\/\/diarioellabrador.cl\/?s={search_term_string}"},"query-input":{"@type":"PropertyValueSpecification","valueRequired":true,"valueName":"search_term_string"}}],"inLanguage":"es"},{"@type":"Organization","@id":"https:\/\/diarioellabrador.cl\/#organization","name":"Diario El Labrador","url":"https:\/\/diarioellabrador.cl\/","logo":{"@type":"ImageObject","inLanguage":"es","@id":"https:\/\/diarioellabrador.cl\/#\/schema\/logo\/image\/","url":"https:\/\/diarioellabrador.cl\/wp-content\/uploads\/2025\/02\/cropped-Logo-Icono.png","contentUrl":"https:\/\/diarioellabrador.cl\/wp-content\/uploads\/2025\/02\/cropped-Logo-Icono.png","width":512,"height":512,"caption":"Diario El Labrador"},"image":{"@id":"https:\/\/diarioellabrador.cl\/#\/schema\/logo\/image\/"},"sameAs":["https:\/\/web.facebook.com\/profile.php?id=61576120840621","https:\/\/x.com\/ElLabradorOf","https:\/\/www.instagram.com\/diarioellabradoroficial\/"]},{"@type":"Person","@id":"https:\/\/diarioellabrador.cl\/#\/schema\/person\/bc25ff80b4563f9c7f4bd7855df01685","name":"Editor","image":{"@type":"ImageObject","inLanguage":"es","@id":"https:\/\/secure.gravatar.com\/avatar\/109c326cf2be5c04f048c2c2a2b8b6ef44bf3d8d1d3d4c55d0ac40c4bc994684?s=96&d=initials&r=g&initials=ed","url":"https:\/\/secure.gravatar.com\/avatar\/109c326cf2be5c04f048c2c2a2b8b6ef44bf3d8d1d3d4c55d0ac40c4bc994684?s=96&d=initials&r=g&initials=ed","contentUrl":"https:\/\/secure.gravatar.com\/avatar\/109c326cf2be5c04f048c2c2a2b8b6ef44bf3d8d1d3d4c55d0ac40c4bc994684?s=96&d=initials&r=g&initials=ed","caption":"Editor"},"url":"https:\/\/diarioellabrador.cl\/index.php\/author\/editor\/"}]}},"_links":{"self":[{"href":"https:\/\/diarioellabrador.cl\/index.php\/wp-json\/wp\/v2\/posts\/23939","targetHints":{"allow":["GET"]}}],"collection":[{"href":"https:\/\/diarioellabrador.cl\/index.php\/wp-json\/wp\/v2\/posts"}],"about":[{"href":"https:\/\/diarioellabrador.cl\/index.php\/wp-json\/wp\/v2\/types\/post"}],"author":[{"embeddable":true,"href":"https:\/\/diarioellabrador.cl\/index.php\/wp-json\/wp\/v2\/users\/2"}],"replies":[{"embeddable":true,"href":"https:\/\/diarioellabrador.cl\/index.php\/wp-json\/wp\/v2\/comments?post=23939"}],"version-history":[{"count":1,"href":"https:\/\/diarioellabrador.cl\/index.php\/wp-json\/wp\/v2\/posts\/23939\/revisions"}],"predecessor-version":[{"id":23940,"href":"https:\/\/diarioellabrador.cl\/index.php\/wp-json\/wp\/v2\/posts\/23939\/revisions\/23940"}],"wp:featuredmedia":[{"embeddable":true,"href":"https:\/\/diarioellabrador.cl\/index.php\/wp-json\/wp\/v2\/media\/23899"}],"wp:attachment":[{"href":"https:\/\/diarioellabrador.cl\/index.php\/wp-json\/wp\/v2\/media?parent=23939"}],"wp:term":[{"taxonomy":"category","embeddable":true,"href":"https:\/\/diarioellabrador.cl\/index.php\/wp-json\/wp\/v2\/categories?post=23939"},{"taxonomy":"post_tag","embeddable":true,"href":"https:\/\/diarioellabrador.cl\/index.php\/wp-json\/wp\/v2\/tags?post=23939"}],"curies":[{"name":"wp","href":"https:\/\/api.w.org\/{rel}","templated":true}]}}