{"id":23937,"date":"2026-08-24T18:42:24","date_gmt":"2026-08-24T22:42:24","guid":{"rendered":"https:\/\/diarioellabrador.cl\/?p=23937"},"modified":"2026-08-24T18:42:28","modified_gmt":"2026-08-24T22:42:28","slug":"detienen-a-pareja-tras-violento-asalto-a-mujer-en-la-via-publica","status":"publish","type":"post","link":"https:\/\/diarioellabrador.cl\/index.php\/2026\/08\/24\/detienen-a-pareja-tras-violento-asalto-a-mujer-en-la-via-publica\/","title":{"rendered":"Detienen a pareja tras violento asalto a mujer en la v\u00eda p\u00fablica"},"content":{"rendered":"\n<p class=\"wp-block-paragraph\">Una pareja fue detenida por personal de Carabineros luego de protagonizar un robo con violencia en contra de una mujer de nacionalidad boliviana, en el sector poniente de Melipilla.<\/p>\n\n\n\n<p class=\"wp-block-paragraph\">El procedimiento se registr\u00f3 alrededor de las 17:25 horas, cuando efectivos de la secci\u00f3n motorizada de la polic\u00eda efectuaban patrullajes preventivos, siendo alertados sobre el asalto y la huida de los responsables.<\/p>\n\n\n\n<p class=\"wp-block-paragraph\">La v\u00edctima, de 23 a\u00f1os, sigui\u00f3 a los sujetos mientras escapaban, quienes ingresaron a un almac\u00e9n con la intenci\u00f3n de evadir a los funcionarios policiales.<\/p>\n\n\n\n<p class=\"wp-block-paragraph\">Hasta el lugar llegaron los motoristas, logrando detener a un hombre de iniciales C.A.M., de 33 a\u00f1os, y a una mujer identificada como C.L.Z., de 32.<\/p>\n\n\n\n<p class=\"wp-block-paragraph\">Durante el procedimiento fue recuperado el tel\u00e9fono celular de la v\u00edctima, quien relat\u00f3 a los funcionarios que ambos sujetos la empujaron, provocando que cayera al suelo, para luego arrebatarle el aparato y amenazarla con un arma de fuego.<\/p>\n\n\n\n<p class=\"wp-block-paragraph\">Los dos detenidos fueron puestos a disposici\u00f3n de la justicia por el delito de robo con violencia, mientras contin\u00faan las diligencias para establecer las circunstancias del hecho.<\/p>\n\n\n\n<p class=\"wp-block-paragraph\"><\/p>\n","protected":false},"excerpt":{"rendered":"<p>Una pareja fue detenida por personal de Carabineros luego de protagonizar un robo con violencia en contra de una mujer de nacionalidad boliviana, en el sector poniente de Melipilla. El procedimiento se registr\u00f3 alrededor de las 17:25 horas, cuando efectivos de la secci\u00f3n motorizada de la polic\u00eda efectuaban patrullajes preventivos, siendo alertados sobre el asalto<\/p>\n<div class=\"read-more-wrapper\"><a class=\"read-more\" href=\"https:\/\/diarioellabrador.cl\/index.php\/2026\/08\/24\/detienen-a-pareja-tras-violento-asalto-a-mujer-en-la-via-publica\/\" title=\"Leer m\u00e1s\"> <span class=\"button \">Leer m\u00e1s<\/span><\/a><\/div>\n","protected":false},"author":2,"featured_media":23901,"comment_status":"open","ping_status":"open","sticky":false,"template":"","format":"standard","meta":{"footnotes":"","_members_access_role":[],"_members_access_error":""},"categories":[3],"tags":[],"class_list":["post-23937","post","type-post","status-publish","format-standard","has-post-thumbnail","hentry","category-policial"],"yoast_head":"<!-- This site is optimized with the Yoast SEO plugin v28.4 - https:\/\/yoast.com\/product\/yoast-seo-wordpress\/ -->\n<title>Detienen a pareja tras violento asalto a mujer en la v\u00eda p\u00fablica - Diario El Labrador<\/title>\n<meta name=\"robots\" content=\"index, follow, max-snippet:-1, max-image-preview:large, max-video-preview:-1\" \/>\n<link rel=\"canonical\" href=\"https:\/\/diarioellabrador.cl\/index.php\/2026\/08\/24\/detienen-a-pareja-tras-violento-asalto-a-mujer-en-la-via-publica\/\" \/>\n<meta property=\"og:locale\" content=\"es_ES\" \/>\n<meta property=\"og:type\" content=\"article\" \/>\n<meta property=\"og:title\" content=\"Detienen a pareja tras violento asalto a mujer en la v\u00eda p\u00fablica - Diario El Labrador\" \/>\n<meta property=\"og:description\" content=\"Una pareja fue detenida por personal de Carabineros luego de protagonizar un robo con violencia en contra de una mujer de nacionalidad boliviana, en el sector poniente de Melipilla. El procedimiento se registr\u00f3 alrededor de las 17:25 horas, cuando efectivos de la secci\u00f3n motorizada de la polic\u00eda efectuaban patrullajes preventivos, siendo alertados sobre el asalto Leer m\u00e1s\" \/>\n<meta property=\"og:url\" content=\"https:\/\/diarioellabrador.cl\/index.php\/2026\/08\/24\/detienen-a-pareja-tras-violento-asalto-a-mujer-en-la-via-publica\/\" \/>\n<meta property=\"og:site_name\" content=\"Diario El Labrador\" \/>\n<meta property=\"article:publisher\" content=\"https:\/\/web.facebook.com\/profile.php?id=61576120840621\" \/>\n<meta property=\"article:published_time\" content=\"2026-08-24T22:42:24+00:00\" \/>\n<meta property=\"article:modified_time\" content=\"2026-08-24T22:42:28+00:00\" \/>\n<meta property=\"og:image\" content=\"https:\/\/diarioellabrador.cl\/wp-content\/uploads\/2026\/08\/Detienen-a-pareja-tras-violento-asalto-a-mujer-en-la-via-publica.jpg\" \/>\n\t<meta property=\"og:image:width\" content=\"542\" \/>\n\t<meta property=\"og:image:height\" content=\"426\" \/>\n\t<meta property=\"og:image:type\" content=\"image\/jpeg\" \/>\n<meta name=\"author\" content=\"Editor\" \/>\n<meta name=\"twitter:card\" content=\"summary_large_image\" \/>\n<meta name=\"twitter:creator\" content=\"@ElLabradorOf\" \/>\n<meta name=\"twitter:site\" content=\"@ElLabradorOf\" \/>\n<meta name=\"twitter:label1\" content=\"Escrito por\" \/>\n\t<meta name=\"twitter:data1\" content=\"Editor\" \/>\n\t<meta name=\"twitter:label2\" content=\"Tiempo de lectura\" \/>\n\t<meta name=\"twitter:data2\" content=\"2 minutos\" \/>\n<script type=\"application\/ld+json\" class=\"yoast-schema-graph\">{\"@context\":\"https:\\\/\\\/schema.org\",\"@graph\":[{\"@type\":\"Article\",\"@id\":\"https:\\\/\\\/diarioellabrador.cl\\\/index.php\\\/2026\\\/08\\\/24\\\/detienen-a-pareja-tras-violento-asalto-a-mujer-en-la-via-publica\\\/#article\",\"isPartOf\":{\"@id\":\"https:\\\/\\\/diarioellabrador.cl\\\/index.php\\\/2026\\\/08\\\/24\\\/detienen-a-pareja-tras-violento-asalto-a-mujer-en-la-via-publica\\\/\"},\"author\":{\"name\":\"Editor\",\"@id\":\"https:\\\/\\\/diarioellabrador.cl\\\/#\\\/schema\\\/person\\\/bc25ff80b4563f9c7f4bd7855df01685\"},\"headline\":\"Detienen a pareja tras violento asalto a mujer en la v\u00eda p\u00fablica\",\"datePublished\":\"2026-08-24T22:42:24+00:00\",\"dateModified\":\"2026-08-24T22:42:28+00:00\",\"mainEntityOfPage\":{\"@id\":\"https:\\\/\\\/diarioellabrador.cl\\\/index.php\\\/2026\\\/08\\\/24\\\/detienen-a-pareja-tras-violento-asalto-a-mujer-en-la-via-publica\\\/\"},\"wordCount\":202,\"commentCount\":0,\"publisher\":{\"@id\":\"https:\\\/\\\/diarioellabrador.cl\\\/#organization\"},\"image\":{\"@id\":\"https:\\\/\\\/diarioellabrador.cl\\\/index.php\\\/2026\\\/08\\\/24\\\/detienen-a-pareja-tras-violento-asalto-a-mujer-en-la-via-publica\\\/#primaryimage\"},\"thumbnailUrl\":\"https:\\\/\\\/diarioellabrador.cl\\\/wp-content\\\/uploads\\\/2026\\\/08\\\/Detienen-a-pareja-tras-violento-asalto-a-mujer-en-la-via-publica.jpg\",\"articleSection\":[\"Policial\"],\"inLanguage\":\"es\",\"potentialAction\":[{\"@type\":\"CommentAction\",\"name\":\"Comment\",\"target\":[\"https:\\\/\\\/diarioellabrador.cl\\\/index.php\\\/2026\\\/08\\\/24\\\/detienen-a-pareja-tras-violento-asalto-a-mujer-en-la-via-publica\\\/#respond\"]}]},{\"@type\":\"WebPage\",\"@id\":\"https:\\\/\\\/diarioellabrador.cl\\\/index.php\\\/2026\\\/08\\\/24\\\/detienen-a-pareja-tras-violento-asalto-a-mujer-en-la-via-publica\\\/\",\"url\":\"https:\\\/\\\/diarioellabrador.cl\\\/index.php\\\/2026\\\/08\\\/24\\\/detienen-a-pareja-tras-violento-asalto-a-mujer-en-la-via-publica\\\/\",\"name\":\"Detienen a pareja tras violento asalto a mujer en la v\u00eda p\u00fablica - Diario El Labrador\",\"isPartOf\":{\"@id\":\"https:\\\/\\\/diarioellabrador.cl\\\/#website\"},\"primaryImageOfPage\":{\"@id\":\"https:\\\/\\\/diarioellabrador.cl\\\/index.php\\\/2026\\\/08\\\/24\\\/detienen-a-pareja-tras-violento-asalto-a-mujer-en-la-via-publica\\\/#primaryimage\"},\"image\":{\"@id\":\"https:\\\/\\\/diarioellabrador.cl\\\/index.php\\\/2026\\\/08\\\/24\\\/detienen-a-pareja-tras-violento-asalto-a-mujer-en-la-via-publica\\\/#primaryimage\"},\"thumbnailUrl\":\"https:\\\/\\\/diarioellabrador.cl\\\/wp-content\\\/uploads\\\/2026\\\/08\\\/Detienen-a-pareja-tras-violento-asalto-a-mujer-en-la-via-publica.jpg\",\"datePublished\":\"2026-08-24T22:42:24+00:00\",\"dateModified\":\"2026-08-24T22:42:28+00:00\",\"breadcrumb\":{\"@id\":\"https:\\\/\\\/diarioellabrador.cl\\\/index.php\\\/2026\\\/08\\\/24\\\/detienen-a-pareja-tras-violento-asalto-a-mujer-en-la-via-publica\\\/#breadcrumb\"},\"inLanguage\":\"es\",\"potentialAction\":[{\"@type\":\"ReadAction\",\"target\":[\"https:\\\/\\\/diarioellabrador.cl\\\/index.php\\\/2026\\\/08\\\/24\\\/detienen-a-pareja-tras-violento-asalto-a-mujer-en-la-via-publica\\\/\"]}]},{\"@type\":\"ImageObject\",\"inLanguage\":\"es\",\"@id\":\"https:\\\/\\\/diarioellabrador.cl\\\/index.php\\\/2026\\\/08\\\/24\\\/detienen-a-pareja-tras-violento-asalto-a-mujer-en-la-via-publica\\\/#primaryimage\",\"url\":\"https:\\\/\\\/diarioellabrador.cl\\\/wp-content\\\/uploads\\\/2026\\\/08\\\/Detienen-a-pareja-tras-violento-asalto-a-mujer-en-la-via-publica.jpg\",\"contentUrl\":\"https:\\\/\\\/diarioellabrador.cl\\\/wp-content\\\/uploads\\\/2026\\\/08\\\/Detienen-a-pareja-tras-violento-asalto-a-mujer-en-la-via-publica.jpg\",\"width\":542,\"height\":426},{\"@type\":\"BreadcrumbList\",\"@id\":\"https:\\\/\\\/diarioellabrador.cl\\\/index.php\\\/2026\\\/08\\\/24\\\/detienen-a-pareja-tras-violento-asalto-a-mujer-en-la-via-publica\\\/#breadcrumb\",\"itemListElement\":[{\"@type\":\"ListItem\",\"position\":1,\"name\":\"Portada\",\"item\":\"https:\\\/\\\/diarioellabrador.cl\\\/\"},{\"@type\":\"ListItem\",\"position\":2,\"name\":\"Detienen a pareja tras violento asalto a mujer en la v\u00eda p\u00fablica\"}]},{\"@type\":\"WebSite\",\"@id\":\"https:\\\/\\\/diarioellabrador.cl\\\/#website\",\"url\":\"https:\\\/\\\/diarioellabrador.cl\\\/\",\"name\":\"Diario El Labrador\",\"description\":\"Haciendo noticia desde 1921\",\"publisher\":{\"@id\":\"https:\\\/\\\/diarioellabrador.cl\\\/#organization\"},\"potentialAction\":[{\"@type\":\"SearchAction\",\"target\":{\"@type\":\"EntryPoint\",\"urlTemplate\":\"https:\\\/\\\/diarioellabrador.cl\\\/?s={search_term_string}\"},\"query-input\":{\"@type\":\"PropertyValueSpecification\",\"valueRequired\":true,\"valueName\":\"search_term_string\"}}],\"inLanguage\":\"es\"},{\"@type\":\"Organization\",\"@id\":\"https:\\\/\\\/diarioellabrador.cl\\\/#organization\",\"name\":\"Diario El Labrador\",\"url\":\"https:\\\/\\\/diarioellabrador.cl\\\/\",\"logo\":{\"@type\":\"ImageObject\",\"inLanguage\":\"es\",\"@id\":\"https:\\\/\\\/diarioellabrador.cl\\\/#\\\/schema\\\/logo\\\/image\\\/\",\"url\":\"https:\\\/\\\/diarioellabrador.cl\\\/wp-content\\\/uploads\\\/2025\\\/02\\\/cropped-Logo-Icono.png\",\"contentUrl\":\"https:\\\/\\\/diarioellabrador.cl\\\/wp-content\\\/uploads\\\/2025\\\/02\\\/cropped-Logo-Icono.png\",\"width\":512,\"height\":512,\"caption\":\"Diario El Labrador\"},\"image\":{\"@id\":\"https:\\\/\\\/diarioellabrador.cl\\\/#\\\/schema\\\/logo\\\/image\\\/\"},\"sameAs\":[\"https:\\\/\\\/web.facebook.com\\\/profile.php?id=61576120840621\",\"https:\\\/\\\/x.com\\\/ElLabradorOf\",\"https:\\\/\\\/www.instagram.com\\\/diarioellabradoroficial\\\/\"]},{\"@type\":\"Person\",\"@id\":\"https:\\\/\\\/diarioellabrador.cl\\\/#\\\/schema\\\/person\\\/bc25ff80b4563f9c7f4bd7855df01685\",\"name\":\"Editor\",\"image\":{\"@type\":\"ImageObject\",\"inLanguage\":\"es\",\"@id\":\"https:\\\/\\\/secure.gravatar.com\\\/avatar\\\/109c326cf2be5c04f048c2c2a2b8b6ef44bf3d8d1d3d4c55d0ac40c4bc994684?s=96&d=initials&r=g&initials=ed\",\"url\":\"https:\\\/\\\/secure.gravatar.com\\\/avatar\\\/109c326cf2be5c04f048c2c2a2b8b6ef44bf3d8d1d3d4c55d0ac40c4bc994684?s=96&d=initials&r=g&initials=ed\",\"contentUrl\":\"https:\\\/\\\/secure.gravatar.com\\\/avatar\\\/109c326cf2be5c04f048c2c2a2b8b6ef44bf3d8d1d3d4c55d0ac40c4bc994684?s=96&d=initials&r=g&initials=ed\",\"caption\":\"Editor\"},\"url\":\"https:\\\/\\\/diarioellabrador.cl\\\/index.php\\\/author\\\/editor\\\/\"}]}<\/script>\n<!-- \/ Yoast SEO plugin. -->","yoast_head_json":{"title":"Detienen a pareja tras violento asalto a mujer en la v\u00eda p\u00fablica - Diario El Labrador","robots":{"index":"index","follow":"follow","max-snippet":"max-snippet:-1","max-image-preview":"max-image-preview:large","max-video-preview":"max-video-preview:-1"},"canonical":"https:\/\/diarioellabrador.cl\/index.php\/2026\/08\/24\/detienen-a-pareja-tras-violento-asalto-a-mujer-en-la-via-publica\/","og_locale":"es_ES","og_type":"article","og_title":"Detienen a pareja tras violento asalto a mujer en la v\u00eda p\u00fablica - Diario El Labrador","og_description":"Una pareja fue detenida por personal de Carabineros luego de protagonizar un robo con violencia en contra de una mujer de nacionalidad boliviana, en el sector poniente de Melipilla. El procedimiento se registr\u00f3 alrededor de las 17:25 horas, cuando efectivos de la secci\u00f3n motorizada de la polic\u00eda efectuaban patrullajes preventivos, siendo alertados sobre el asalto Leer m\u00e1s","og_url":"https:\/\/diarioellabrador.cl\/index.php\/2026\/08\/24\/detienen-a-pareja-tras-violento-asalto-a-mujer-en-la-via-publica\/","og_site_name":"Diario El Labrador","article_publisher":"https:\/\/web.facebook.com\/profile.php?id=61576120840621","article_published_time":"2026-08-24T22:42:24+00:00","article_modified_time":"2026-08-24T22:42:28+00:00","og_image":[{"width":542,"height":426,"url":"https:\/\/diarioellabrador.cl\/wp-content\/uploads\/2026\/08\/Detienen-a-pareja-tras-violento-asalto-a-mujer-en-la-via-publica.jpg","type":"image\/jpeg"}],"author":"Editor","twitter_card":"summary_large_image","twitter_creator":"@ElLabradorOf","twitter_site":"@ElLabradorOf","twitter_misc":{"Escrito por":"Editor","Tiempo de lectura":"2 minutos"},"schema":{"@context":"https:\/\/schema.org","@graph":[{"@type":"Article","@id":"https:\/\/diarioellabrador.cl\/index.php\/2026\/08\/24\/detienen-a-pareja-tras-violento-asalto-a-mujer-en-la-via-publica\/#article","isPartOf":{"@id":"https:\/\/diarioellabrador.cl\/index.php\/2026\/08\/24\/detienen-a-pareja-tras-violento-asalto-a-mujer-en-la-via-publica\/"},"author":{"name":"Editor","@id":"https:\/\/diarioellabrador.cl\/#\/schema\/person\/bc25ff80b4563f9c7f4bd7855df01685"},"headline":"Detienen a pareja tras violento asalto a mujer en la v\u00eda p\u00fablica","datePublished":"2026-08-24T22:42:24+00:00","dateModified":"2026-08-24T22:42:28+00:00","mainEntityOfPage":{"@id":"https:\/\/diarioellabrador.cl\/index.php\/2026\/08\/24\/detienen-a-pareja-tras-violento-asalto-a-mujer-en-la-via-publica\/"},"wordCount":202,"commentCount":0,"publisher":{"@id":"https:\/\/diarioellabrador.cl\/#organization"},"image":{"@id":"https:\/\/diarioellabrador.cl\/index.php\/2026\/08\/24\/detienen-a-pareja-tras-violento-asalto-a-mujer-en-la-via-publica\/#primaryimage"},"thumbnailUrl":"https:\/\/diarioellabrador.cl\/wp-content\/uploads\/2026\/08\/Detienen-a-pareja-tras-violento-asalto-a-mujer-en-la-via-publica.jpg","articleSection":["Policial"],"inLanguage":"es","potentialAction":[{"@type":"CommentAction","name":"Comment","target":["https:\/\/diarioellabrador.cl\/index.php\/2026\/08\/24\/detienen-a-pareja-tras-violento-asalto-a-mujer-en-la-via-publica\/#respond"]}]},{"@type":"WebPage","@id":"https:\/\/diarioellabrador.cl\/index.php\/2026\/08\/24\/detienen-a-pareja-tras-violento-asalto-a-mujer-en-la-via-publica\/","url":"https:\/\/diarioellabrador.cl\/index.php\/2026\/08\/24\/detienen-a-pareja-tras-violento-asalto-a-mujer-en-la-via-publica\/","name":"Detienen a pareja tras violento asalto a mujer en la v\u00eda p\u00fablica - Diario El Labrador","isPartOf":{"@id":"https:\/\/diarioellabrador.cl\/#website"},"primaryImageOfPage":{"@id":"https:\/\/diarioellabrador.cl\/index.php\/2026\/08\/24\/detienen-a-pareja-tras-violento-asalto-a-mujer-en-la-via-publica\/#primaryimage"},"image":{"@id":"https:\/\/diarioellabrador.cl\/index.php\/2026\/08\/24\/detienen-a-pareja-tras-violento-asalto-a-mujer-en-la-via-publica\/#primaryimage"},"thumbnailUrl":"https:\/\/diarioellabrador.cl\/wp-content\/uploads\/2026\/08\/Detienen-a-pareja-tras-violento-asalto-a-mujer-en-la-via-publica.jpg","datePublished":"2026-08-24T22:42:24+00:00","dateModified":"2026-08-24T22:42:28+00:00","breadcrumb":{"@id":"https:\/\/diarioellabrador.cl\/index.php\/2026\/08\/24\/detienen-a-pareja-tras-violento-asalto-a-mujer-en-la-via-publica\/#breadcrumb"},"inLanguage":"es","potentialAction":[{"@type":"ReadAction","target":["https:\/\/diarioellabrador.cl\/index.php\/2026\/08\/24\/detienen-a-pareja-tras-violento-asalto-a-mujer-en-la-via-publica\/"]}]},{"@type":"ImageObject","inLanguage":"es","@id":"https:\/\/diarioellabrador.cl\/index.php\/2026\/08\/24\/detienen-a-pareja-tras-violento-asalto-a-mujer-en-la-via-publica\/#primaryimage","url":"https:\/\/diarioellabrador.cl\/wp-content\/uploads\/2026\/08\/Detienen-a-pareja-tras-violento-asalto-a-mujer-en-la-via-publica.jpg","contentUrl":"https:\/\/diarioellabrador.cl\/wp-content\/uploads\/2026\/08\/Detienen-a-pareja-tras-violento-asalto-a-mujer-en-la-via-publica.jpg","width":542,"height":426},{"@type":"BreadcrumbList","@id":"https:\/\/diarioellabrador.cl\/index.php\/2026\/08\/24\/detienen-a-pareja-tras-violento-asalto-a-mujer-en-la-via-publica\/#breadcrumb","itemListElement":[{"@type":"ListItem","position":1,"name":"Portada","item":"https:\/\/diarioellabrador.cl\/"},{"@type":"ListItem","position":2,"name":"Detienen a pareja tras violento asalto a mujer en la v\u00eda p\u00fablica"}]},{"@type":"WebSite","@id":"https:\/\/diarioellabrador.cl\/#website","url":"https:\/\/diarioellabrador.cl\/","name":"Diario El Labrador","description":"Haciendo noticia desde 1921","publisher":{"@id":"https:\/\/diarioellabrador.cl\/#organization"},"potentialAction":[{"@type":"SearchAction","target":{"@type":"EntryPoint","urlTemplate":"https:\/\/diarioellabrador.cl\/?s={search_term_string}"},"query-input":{"@type":"PropertyValueSpecification","valueRequired":true,"valueName":"search_term_string"}}],"inLanguage":"es"},{"@type":"Organization","@id":"https:\/\/diarioellabrador.cl\/#organization","name":"Diario El Labrador","url":"https:\/\/diarioellabrador.cl\/","logo":{"@type":"ImageObject","inLanguage":"es","@id":"https:\/\/diarioellabrador.cl\/#\/schema\/logo\/image\/","url":"https:\/\/diarioellabrador.cl\/wp-content\/uploads\/2025\/02\/cropped-Logo-Icono.png","contentUrl":"https:\/\/diarioellabrador.cl\/wp-content\/uploads\/2025\/02\/cropped-Logo-Icono.png","width":512,"height":512,"caption":"Diario El Labrador"},"image":{"@id":"https:\/\/diarioellabrador.cl\/#\/schema\/logo\/image\/"},"sameAs":["https:\/\/web.facebook.com\/profile.php?id=61576120840621","https:\/\/x.com\/ElLabradorOf","https:\/\/www.instagram.com\/diarioellabradoroficial\/"]},{"@type":"Person","@id":"https:\/\/diarioellabrador.cl\/#\/schema\/person\/bc25ff80b4563f9c7f4bd7855df01685","name":"Editor","image":{"@type":"ImageObject","inLanguage":"es","@id":"https:\/\/secure.gravatar.com\/avatar\/109c326cf2be5c04f048c2c2a2b8b6ef44bf3d8d1d3d4c55d0ac40c4bc994684?s=96&d=initials&r=g&initials=ed","url":"https:\/\/secure.gravatar.com\/avatar\/109c326cf2be5c04f048c2c2a2b8b6ef44bf3d8d1d3d4c55d0ac40c4bc994684?s=96&d=initials&r=g&initials=ed","contentUrl":"https:\/\/secure.gravatar.com\/avatar\/109c326cf2be5c04f048c2c2a2b8b6ef44bf3d8d1d3d4c55d0ac40c4bc994684?s=96&d=initials&r=g&initials=ed","caption":"Editor"},"url":"https:\/\/diarioellabrador.cl\/index.php\/author\/editor\/"}]}},"_links":{"self":[{"href":"https:\/\/diarioellabrador.cl\/index.php\/wp-json\/wp\/v2\/posts\/23937","targetHints":{"allow":["GET"]}}],"collection":[{"href":"https:\/\/diarioellabrador.cl\/index.php\/wp-json\/wp\/v2\/posts"}],"about":[{"href":"https:\/\/diarioellabrador.cl\/index.php\/wp-json\/wp\/v2\/types\/post"}],"author":[{"embeddable":true,"href":"https:\/\/diarioellabrador.cl\/index.php\/wp-json\/wp\/v2\/users\/2"}],"replies":[{"embeddable":true,"href":"https:\/\/diarioellabrador.cl\/index.php\/wp-json\/wp\/v2\/comments?post=23937"}],"version-history":[{"count":1,"href":"https:\/\/diarioellabrador.cl\/index.php\/wp-json\/wp\/v2\/posts\/23937\/revisions"}],"predecessor-version":[{"id":23938,"href":"https:\/\/diarioellabrador.cl\/index.php\/wp-json\/wp\/v2\/posts\/23937\/revisions\/23938"}],"wp:featuredmedia":[{"embeddable":true,"href":"https:\/\/diarioellabrador.cl\/index.php\/wp-json\/wp\/v2\/media\/23901"}],"wp:attachment":[{"href":"https:\/\/diarioellabrador.cl\/index.php\/wp-json\/wp\/v2\/media?parent=23937"}],"wp:term":[{"taxonomy":"category","embeddable":true,"href":"https:\/\/diarioellabrador.cl\/index.php\/wp-json\/wp\/v2\/categories?post=23937"},{"taxonomy":"post_tag","embeddable":true,"href":"https:\/\/diarioellabrador.cl\/index.php\/wp-json\/wp\/v2\/tags?post=23937"}],"curies":[{"name":"wp","href":"https:\/\/api.w.org\/{rel}","templated":true}]}}