{"id":2146,"date":"2025-04-24T19:19:23","date_gmt":"2025-04-24T23:19:23","guid":{"rendered":"https:\/\/diarioellabrador.cl\/?p=2146"},"modified":"2025-04-24T19:19:23","modified_gmt":"2025-04-24T23:19:23","slug":"en-plaza-de-armas-de-melipilla-se-realizo-un-brillante-desfile-en-honor-al-98-aniversario-de-carabineros-de-chile","status":"publish","type":"post","link":"https:\/\/diarioellabrador.cl\/index.php\/2025\/04\/24\/en-plaza-de-armas-de-melipilla-se-realizo-un-brillante-desfile-en-honor-al-98-aniversario-de-carabineros-de-chile\/","title":{"rendered":"En Plaza de Armas de Melipilla se realiz\u00f3 un brillante desfile en honor al 98 aniversario de Carabineros de Chile"},"content":{"rendered":"\n<p>Ayer jueves, en el principal paseo peatonal y centro c\u00edvico de Melipilla, se realiz\u00f3 el acto de conmemoraci\u00f3n del 98 aniversario de Carabineros de Chile, instancia en donde estuvieron presentes las autoridades provinciales y comunales, junto al Jefe de Zona Metropolitana Oeste, General Alex Bahamondez.<\/p>\n\n\n\n<p>Una unidad de la Escuela de Carabineros General Carlos Ib\u00e1\u00f1ez del Campo, otra de la Escuela de Formaci\u00f3n de Carabineros, de la Escuela de Suboficiales y el Orfe\u00f3n de Carabineros, desfilaron ante la comunidad que se apost\u00f3 en el lugar.<\/p>\n\n\n\n<figure class=\"wp-block-image size-large\"><img loading=\"lazy\" decoding=\"async\" width=\"1024\" height=\"678\" src=\"https:\/\/diarioellabrador.cl\/wp-content\/uploads\/2025\/04\/DSC0140-1024x678.jpg\" alt=\"\" class=\"wp-image-2102\" srcset=\"https:\/\/diarioellabrador.cl\/wp-content\/uploads\/2025\/04\/DSC0140-1024x678.jpg 1024w, https:\/\/diarioellabrador.cl\/wp-content\/uploads\/2025\/04\/DSC0140-300x199.jpg 300w, https:\/\/diarioellabrador.cl\/wp-content\/uploads\/2025\/04\/DSC0140-768x509.jpg 768w, https:\/\/diarioellabrador.cl\/wp-content\/uploads\/2025\/04\/DSC0140-1536x1017.jpg 1536w, https:\/\/diarioellabrador.cl\/wp-content\/uploads\/2025\/04\/DSC0140-2048x1356.jpg 2048w, https:\/\/diarioellabrador.cl\/wp-content\/uploads\/2025\/04\/DSC0140-600x397.jpg 600w, https:\/\/diarioellabrador.cl\/wp-content\/uploads\/2025\/04\/DSC0140-800x530.jpg 800w, https:\/\/diarioellabrador.cl\/wp-content\/uploads\/2025\/04\/DSC0140-400x265.jpg 400w\" sizes=\"auto, (max-width: 1024px) 100vw, 1024px\" \/><\/figure>\n\n\n\n<p>En el marco de la ceremonia se entreg\u00f3 un reconocimiento al Subteniente Ignacio Acu\u00f1a y por su intermedio a todo el personal de la Secci\u00f3n de Investigaci\u00f3n Policial (SIP) de la 24\u00aa Comisar\u00eda de Melipilla, por la destacada labor en su trabajo para detener a responsables de varios il\u00edcitos en la comuna.<\/p>\n\n\n\n<p>Posteriormente se realiz\u00f3 un desfile con la participaci\u00f3n de la unidad de formaci\u00f3n, voluntarios de bomberos, los diferentes establecimientos educacionales particulares y municipales, junto a otras fuerzas vivas de la comunidad.<\/p>\n\n\n\n<p>Una vez concluido el acto, el General Alex Bahamondez indic\u00f3 sentirse \u201crealmente feliz como instituci\u00f3n, dar un saludo de parte de nuestro General Director a todos los melipillanos, darles gracias por mostrar a nuestra Instituci\u00f3n que d\u00eda a d\u00eda estamos tratando de realizar lo mejor posible dando lo mejor de nosotros para recuperar espacios p\u00fablicos, para estar investigando y dar tranquilidad a la ciudadan\u00eda, y aqu\u00ed estamos los Carabineros de Chile, los Carabineros de todos\u201d.<\/p>\n\n\n\n<figure class=\"wp-block-image size-large\"><img loading=\"lazy\" decoding=\"async\" width=\"1024\" height=\"678\" src=\"https:\/\/diarioellabrador.cl\/wp-content\/uploads\/2025\/04\/DSC0395-1024x678.jpg\" alt=\"\" class=\"wp-image-2103\" srcset=\"https:\/\/diarioellabrador.cl\/wp-content\/uploads\/2025\/04\/DSC0395-1024x678.jpg 1024w, https:\/\/diarioellabrador.cl\/wp-content\/uploads\/2025\/04\/DSC0395-300x199.jpg 300w, https:\/\/diarioellabrador.cl\/wp-content\/uploads\/2025\/04\/DSC0395-768x509.jpg 768w, https:\/\/diarioellabrador.cl\/wp-content\/uploads\/2025\/04\/DSC0395-1536x1017.jpg 1536w, https:\/\/diarioellabrador.cl\/wp-content\/uploads\/2025\/04\/DSC0395-2048x1356.jpg 2048w, https:\/\/diarioellabrador.cl\/wp-content\/uploads\/2025\/04\/DSC0395-600x397.jpg 600w, https:\/\/diarioellabrador.cl\/wp-content\/uploads\/2025\/04\/DSC0395-800x530.jpg 800w, https:\/\/diarioellabrador.cl\/wp-content\/uploads\/2025\/04\/DSC0395-400x265.jpg 400w\" sizes=\"auto, (max-width: 1024px) 100vw, 1024px\" \/><\/figure>\n\n\n\n<p>El nonag\u00e9simo octavo aniversario de esta instituci\u00f3n ser\u00e1 el pr\u00f3ximo domingo 27 de abril, donde a partir de las 8 de la ma\u00f1ana se realizar\u00e1 la ceremonia de izamiento del pabell\u00f3n patrio, para recordar a sus fundadores y m\u00e1rtires.<\/p>\n","protected":false},"excerpt":{"rendered":"<p>Ayer jueves, en el principal paseo peatonal y centro c\u00edvico de Melipilla, se realiz\u00f3 el acto de conmemoraci\u00f3n del 98 aniversario de Carabineros de Chile, instancia en donde estuvieron presentes las autoridades provinciales y comunales, junto al Jefe de Zona Metropolitana Oeste, General Alex Bahamondez. Una unidad de la Escuela de Carabineros General Carlos Ib\u00e1\u00f1ez<\/p>\n<div class=\"read-more-wrapper\"><a class=\"read-more\" href=\"https:\/\/diarioellabrador.cl\/index.php\/2025\/04\/24\/en-plaza-de-armas-de-melipilla-se-realizo-un-brillante-desfile-en-honor-al-98-aniversario-de-carabineros-de-chile\/\" title=\"Leer m\u00e1s\"> <span class=\"button \">Leer m\u00e1s<\/span><\/a><\/div>\n","protected":false},"author":2,"featured_media":2101,"comment_status":"open","ping_status":"open","sticky":false,"template":"","format":"standard","meta":{"footnotes":""},"categories":[1,14],"tags":[],"class_list":["post-2146","post","type-post","status-publish","format-standard","has-post-thumbnail","hentry","category-cronica","category-destacados"],"yoast_head":"<!-- This site is optimized with the Yoast SEO plugin v27.4 - https:\/\/yoast.com\/product\/yoast-seo-wordpress\/ -->\n<title>En Plaza de Armas de Melipilla se realiz\u00f3 un brillante desfile en honor al 98 aniversario de Carabineros de Chile - Diario El Labrador<\/title>\n<meta name=\"robots\" content=\"index, follow, max-snippet:-1, max-image-preview:large, max-video-preview:-1\" \/>\n<link rel=\"canonical\" href=\"https:\/\/diarioellabrador.cl\/index.php\/2025\/04\/24\/en-plaza-de-armas-de-melipilla-se-realizo-un-brillante-desfile-en-honor-al-98-aniversario-de-carabineros-de-chile\/\" \/>\n<meta property=\"og:locale\" content=\"es_ES\" \/>\n<meta property=\"og:type\" content=\"article\" \/>\n<meta property=\"og:title\" content=\"En Plaza de Armas de Melipilla se realiz\u00f3 un brillante desfile en honor al 98 aniversario de Carabineros de Chile - Diario El Labrador\" \/>\n<meta property=\"og:description\" content=\"Ayer jueves, en el principal paseo peatonal y centro c\u00edvico de Melipilla, se realiz\u00f3 el acto de conmemoraci\u00f3n del 98 aniversario de Carabineros de Chile, instancia en donde estuvieron presentes las autoridades provinciales y comunales, junto al Jefe de Zona Metropolitana Oeste, General Alex Bahamondez. Una unidad de la Escuela de Carabineros General Carlos Ib\u00e1\u00f1ez Leer m\u00e1s\" \/>\n<meta property=\"og:url\" content=\"https:\/\/diarioellabrador.cl\/index.php\/2025\/04\/24\/en-plaza-de-armas-de-melipilla-se-realizo-un-brillante-desfile-en-honor-al-98-aniversario-de-carabineros-de-chile\/\" \/>\n<meta property=\"og:site_name\" content=\"Diario El Labrador\" \/>\n<meta property=\"article:publisher\" content=\"https:\/\/web.facebook.com\/profile.php?id=61576120840621\" \/>\n<meta property=\"article:published_time\" content=\"2025-04-24T23:19:23+00:00\" \/>\n<meta property=\"og:image\" content=\"https:\/\/diarioellabrador.cl\/wp-content\/uploads\/2025\/04\/DSC0044-scaled.jpg\" \/>\n\t<meta property=\"og:image:width\" content=\"2560\" \/>\n\t<meta property=\"og:image:height\" content=\"1696\" \/>\n\t<meta property=\"og:image:type\" content=\"image\/jpeg\" \/>\n<meta name=\"author\" content=\"Editor\" \/>\n<meta name=\"twitter:card\" content=\"summary_large_image\" \/>\n<meta name=\"twitter:creator\" content=\"@ElLabradorOf\" \/>\n<meta name=\"twitter:site\" content=\"@ElLabradorOf\" \/>\n<meta name=\"twitter:label1\" content=\"Escrito por\" \/>\n\t<meta name=\"twitter:data1\" content=\"Editor\" \/>\n\t<meta name=\"twitter:label2\" content=\"Tiempo de lectura\" \/>\n\t<meta name=\"twitter:data2\" content=\"2 minutos\" \/>\n<script type=\"application\/ld+json\" class=\"yoast-schema-graph\">{\"@context\":\"https:\\\/\\\/schema.org\",\"@graph\":[{\"@type\":\"Article\",\"@id\":\"https:\\\/\\\/diarioellabrador.cl\\\/index.php\\\/2025\\\/04\\\/24\\\/en-plaza-de-armas-de-melipilla-se-realizo-un-brillante-desfile-en-honor-al-98-aniversario-de-carabineros-de-chile\\\/#article\",\"isPartOf\":{\"@id\":\"https:\\\/\\\/diarioellabrador.cl\\\/index.php\\\/2025\\\/04\\\/24\\\/en-plaza-de-armas-de-melipilla-se-realizo-un-brillante-desfile-en-honor-al-98-aniversario-de-carabineros-de-chile\\\/\"},\"author\":{\"name\":\"Editor\",\"@id\":\"https:\\\/\\\/diarioellabrador.cl\\\/#\\\/schema\\\/person\\\/bc25ff80b4563f9c7f4bd7855df01685\"},\"headline\":\"En Plaza de Armas de Melipilla se realiz\u00f3 un brillante desfile en honor al 98 aniversario de Carabineros de Chile\",\"datePublished\":\"2025-04-24T23:19:23+00:00\",\"mainEntityOfPage\":{\"@id\":\"https:\\\/\\\/diarioellabrador.cl\\\/index.php\\\/2025\\\/04\\\/24\\\/en-plaza-de-armas-de-melipilla-se-realizo-un-brillante-desfile-en-honor-al-98-aniversario-de-carabineros-de-chile\\\/\"},\"wordCount\":321,\"commentCount\":0,\"publisher\":{\"@id\":\"https:\\\/\\\/diarioellabrador.cl\\\/#organization\"},\"image\":{\"@id\":\"https:\\\/\\\/diarioellabrador.cl\\\/index.php\\\/2025\\\/04\\\/24\\\/en-plaza-de-armas-de-melipilla-se-realizo-un-brillante-desfile-en-honor-al-98-aniversario-de-carabineros-de-chile\\\/#primaryimage\"},\"thumbnailUrl\":\"https:\\\/\\\/diarioellabrador.cl\\\/wp-content\\\/uploads\\\/2025\\\/04\\\/DSC0044-scaled.jpg\",\"articleSection\":[\"Cr\u00f3nica\",\"Destacados\"],\"inLanguage\":\"es\",\"potentialAction\":[{\"@type\":\"CommentAction\",\"name\":\"Comment\",\"target\":[\"https:\\\/\\\/diarioellabrador.cl\\\/index.php\\\/2025\\\/04\\\/24\\\/en-plaza-de-armas-de-melipilla-se-realizo-un-brillante-desfile-en-honor-al-98-aniversario-de-carabineros-de-chile\\\/#respond\"]}]},{\"@type\":\"WebPage\",\"@id\":\"https:\\\/\\\/diarioellabrador.cl\\\/index.php\\\/2025\\\/04\\\/24\\\/en-plaza-de-armas-de-melipilla-se-realizo-un-brillante-desfile-en-honor-al-98-aniversario-de-carabineros-de-chile\\\/\",\"url\":\"https:\\\/\\\/diarioellabrador.cl\\\/index.php\\\/2025\\\/04\\\/24\\\/en-plaza-de-armas-de-melipilla-se-realizo-un-brillante-desfile-en-honor-al-98-aniversario-de-carabineros-de-chile\\\/\",\"name\":\"En Plaza de Armas de Melipilla se realiz\u00f3 un brillante desfile en honor al 98 aniversario de Carabineros de Chile - Diario El Labrador\",\"isPartOf\":{\"@id\":\"https:\\\/\\\/diarioellabrador.cl\\\/#website\"},\"primaryImageOfPage\":{\"@id\":\"https:\\\/\\\/diarioellabrador.cl\\\/index.php\\\/2025\\\/04\\\/24\\\/en-plaza-de-armas-de-melipilla-se-realizo-un-brillante-desfile-en-honor-al-98-aniversario-de-carabineros-de-chile\\\/#primaryimage\"},\"image\":{\"@id\":\"https:\\\/\\\/diarioellabrador.cl\\\/index.php\\\/2025\\\/04\\\/24\\\/en-plaza-de-armas-de-melipilla-se-realizo-un-brillante-desfile-en-honor-al-98-aniversario-de-carabineros-de-chile\\\/#primaryimage\"},\"thumbnailUrl\":\"https:\\\/\\\/diarioellabrador.cl\\\/wp-content\\\/uploads\\\/2025\\\/04\\\/DSC0044-scaled.jpg\",\"datePublished\":\"2025-04-24T23:19:23+00:00\",\"breadcrumb\":{\"@id\":\"https:\\\/\\\/diarioellabrador.cl\\\/index.php\\\/2025\\\/04\\\/24\\\/en-plaza-de-armas-de-melipilla-se-realizo-un-brillante-desfile-en-honor-al-98-aniversario-de-carabineros-de-chile\\\/#breadcrumb\"},\"inLanguage\":\"es\",\"potentialAction\":[{\"@type\":\"ReadAction\",\"target\":[\"https:\\\/\\\/diarioellabrador.cl\\\/index.php\\\/2025\\\/04\\\/24\\\/en-plaza-de-armas-de-melipilla-se-realizo-un-brillante-desfile-en-honor-al-98-aniversario-de-carabineros-de-chile\\\/\"]}]},{\"@type\":\"ImageObject\",\"inLanguage\":\"es\",\"@id\":\"https:\\\/\\\/diarioellabrador.cl\\\/index.php\\\/2025\\\/04\\\/24\\\/en-plaza-de-armas-de-melipilla-se-realizo-un-brillante-desfile-en-honor-al-98-aniversario-de-carabineros-de-chile\\\/#primaryimage\",\"url\":\"https:\\\/\\\/diarioellabrador.cl\\\/wp-content\\\/uploads\\\/2025\\\/04\\\/DSC0044-scaled.jpg\",\"contentUrl\":\"https:\\\/\\\/diarioellabrador.cl\\\/wp-content\\\/uploads\\\/2025\\\/04\\\/DSC0044-scaled.jpg\",\"width\":2560,\"height\":1696},{\"@type\":\"BreadcrumbList\",\"@id\":\"https:\\\/\\\/diarioellabrador.cl\\\/index.php\\\/2025\\\/04\\\/24\\\/en-plaza-de-armas-de-melipilla-se-realizo-un-brillante-desfile-en-honor-al-98-aniversario-de-carabineros-de-chile\\\/#breadcrumb\",\"itemListElement\":[{\"@type\":\"ListItem\",\"position\":1,\"name\":\"Portada\",\"item\":\"https:\\\/\\\/diarioellabrador.cl\\\/\"},{\"@type\":\"ListItem\",\"position\":2,\"name\":\"En Plaza de Armas de Melipilla se realiz\u00f3 un brillante desfile en honor al 98 aniversario de Carabineros de Chile\"}]},{\"@type\":\"WebSite\",\"@id\":\"https:\\\/\\\/diarioellabrador.cl\\\/#website\",\"url\":\"https:\\\/\\\/diarioellabrador.cl\\\/\",\"name\":\"Diario El Labrador\",\"description\":\"Haciendo noticia desde 1921\",\"publisher\":{\"@id\":\"https:\\\/\\\/diarioellabrador.cl\\\/#organization\"},\"potentialAction\":[{\"@type\":\"SearchAction\",\"target\":{\"@type\":\"EntryPoint\",\"urlTemplate\":\"https:\\\/\\\/diarioellabrador.cl\\\/?s={search_term_string}\"},\"query-input\":{\"@type\":\"PropertyValueSpecification\",\"valueRequired\":true,\"valueName\":\"search_term_string\"}}],\"inLanguage\":\"es\"},{\"@type\":\"Organization\",\"@id\":\"https:\\\/\\\/diarioellabrador.cl\\\/#organization\",\"name\":\"Diario El Labrador\",\"url\":\"https:\\\/\\\/diarioellabrador.cl\\\/\",\"logo\":{\"@type\":\"ImageObject\",\"inLanguage\":\"es\",\"@id\":\"https:\\\/\\\/diarioellabrador.cl\\\/#\\\/schema\\\/logo\\\/image\\\/\",\"url\":\"https:\\\/\\\/diarioellabrador.cl\\\/wp-content\\\/uploads\\\/2025\\\/02\\\/cropped-Logo-Icono.png\",\"contentUrl\":\"https:\\\/\\\/diarioellabrador.cl\\\/wp-content\\\/uploads\\\/2025\\\/02\\\/cropped-Logo-Icono.png\",\"width\":512,\"height\":512,\"caption\":\"Diario El Labrador\"},\"image\":{\"@id\":\"https:\\\/\\\/diarioellabrador.cl\\\/#\\\/schema\\\/logo\\\/image\\\/\"},\"sameAs\":[\"https:\\\/\\\/web.facebook.com\\\/profile.php?id=61576120840621\",\"https:\\\/\\\/x.com\\\/ElLabradorOf\",\"https:\\\/\\\/www.instagram.com\\\/diarioellabradoroficial\\\/\"]},{\"@type\":\"Person\",\"@id\":\"https:\\\/\\\/diarioellabrador.cl\\\/#\\\/schema\\\/person\\\/bc25ff80b4563f9c7f4bd7855df01685\",\"name\":\"Editor\",\"image\":{\"@type\":\"ImageObject\",\"inLanguage\":\"es\",\"@id\":\"https:\\\/\\\/secure.gravatar.com\\\/avatar\\\/109c326cf2be5c04f048c2c2a2b8b6ef44bf3d8d1d3d4c55d0ac40c4bc994684?s=96&d=mm&r=g\",\"url\":\"https:\\\/\\\/secure.gravatar.com\\\/avatar\\\/109c326cf2be5c04f048c2c2a2b8b6ef44bf3d8d1d3d4c55d0ac40c4bc994684?s=96&d=mm&r=g\",\"contentUrl\":\"https:\\\/\\\/secure.gravatar.com\\\/avatar\\\/109c326cf2be5c04f048c2c2a2b8b6ef44bf3d8d1d3d4c55d0ac40c4bc994684?s=96&d=mm&r=g\",\"caption\":\"Editor\"},\"url\":\"https:\\\/\\\/diarioellabrador.cl\\\/index.php\\\/author\\\/editor\\\/\"}]}<\/script>\n<!-- \/ Yoast SEO plugin. -->","yoast_head_json":{"title":"En Plaza de Armas de Melipilla se realiz\u00f3 un brillante desfile en honor al 98 aniversario de Carabineros de Chile - Diario El Labrador","robots":{"index":"index","follow":"follow","max-snippet":"max-snippet:-1","max-image-preview":"max-image-preview:large","max-video-preview":"max-video-preview:-1"},"canonical":"https:\/\/diarioellabrador.cl\/index.php\/2025\/04\/24\/en-plaza-de-armas-de-melipilla-se-realizo-un-brillante-desfile-en-honor-al-98-aniversario-de-carabineros-de-chile\/","og_locale":"es_ES","og_type":"article","og_title":"En Plaza de Armas de Melipilla se realiz\u00f3 un brillante desfile en honor al 98 aniversario de Carabineros de Chile - Diario El Labrador","og_description":"Ayer jueves, en el principal paseo peatonal y centro c\u00edvico de Melipilla, se realiz\u00f3 el acto de conmemoraci\u00f3n del 98 aniversario de Carabineros de Chile, instancia en donde estuvieron presentes las autoridades provinciales y comunales, junto al Jefe de Zona Metropolitana Oeste, General Alex Bahamondez. Una unidad de la Escuela de Carabineros General Carlos Ib\u00e1\u00f1ez Leer m\u00e1s","og_url":"https:\/\/diarioellabrador.cl\/index.php\/2025\/04\/24\/en-plaza-de-armas-de-melipilla-se-realizo-un-brillante-desfile-en-honor-al-98-aniversario-de-carabineros-de-chile\/","og_site_name":"Diario El Labrador","article_publisher":"https:\/\/web.facebook.com\/profile.php?id=61576120840621","article_published_time":"2025-04-24T23:19:23+00:00","og_image":[{"width":2560,"height":1696,"url":"https:\/\/diarioellabrador.cl\/wp-content\/uploads\/2025\/04\/DSC0044-scaled.jpg","type":"image\/jpeg"}],"author":"Editor","twitter_card":"summary_large_image","twitter_creator":"@ElLabradorOf","twitter_site":"@ElLabradorOf","twitter_misc":{"Escrito por":"Editor","Tiempo de lectura":"2 minutos"},"schema":{"@context":"https:\/\/schema.org","@graph":[{"@type":"Article","@id":"https:\/\/diarioellabrador.cl\/index.php\/2025\/04\/24\/en-plaza-de-armas-de-melipilla-se-realizo-un-brillante-desfile-en-honor-al-98-aniversario-de-carabineros-de-chile\/#article","isPartOf":{"@id":"https:\/\/diarioellabrador.cl\/index.php\/2025\/04\/24\/en-plaza-de-armas-de-melipilla-se-realizo-un-brillante-desfile-en-honor-al-98-aniversario-de-carabineros-de-chile\/"},"author":{"name":"Editor","@id":"https:\/\/diarioellabrador.cl\/#\/schema\/person\/bc25ff80b4563f9c7f4bd7855df01685"},"headline":"En Plaza de Armas de Melipilla se realiz\u00f3 un brillante desfile en honor al 98 aniversario de Carabineros de Chile","datePublished":"2025-04-24T23:19:23+00:00","mainEntityOfPage":{"@id":"https:\/\/diarioellabrador.cl\/index.php\/2025\/04\/24\/en-plaza-de-armas-de-melipilla-se-realizo-un-brillante-desfile-en-honor-al-98-aniversario-de-carabineros-de-chile\/"},"wordCount":321,"commentCount":0,"publisher":{"@id":"https:\/\/diarioellabrador.cl\/#organization"},"image":{"@id":"https:\/\/diarioellabrador.cl\/index.php\/2025\/04\/24\/en-plaza-de-armas-de-melipilla-se-realizo-un-brillante-desfile-en-honor-al-98-aniversario-de-carabineros-de-chile\/#primaryimage"},"thumbnailUrl":"https:\/\/diarioellabrador.cl\/wp-content\/uploads\/2025\/04\/DSC0044-scaled.jpg","articleSection":["Cr\u00f3nica","Destacados"],"inLanguage":"es","potentialAction":[{"@type":"CommentAction","name":"Comment","target":["https:\/\/diarioellabrador.cl\/index.php\/2025\/04\/24\/en-plaza-de-armas-de-melipilla-se-realizo-un-brillante-desfile-en-honor-al-98-aniversario-de-carabineros-de-chile\/#respond"]}]},{"@type":"WebPage","@id":"https:\/\/diarioellabrador.cl\/index.php\/2025\/04\/24\/en-plaza-de-armas-de-melipilla-se-realizo-un-brillante-desfile-en-honor-al-98-aniversario-de-carabineros-de-chile\/","url":"https:\/\/diarioellabrador.cl\/index.php\/2025\/04\/24\/en-plaza-de-armas-de-melipilla-se-realizo-un-brillante-desfile-en-honor-al-98-aniversario-de-carabineros-de-chile\/","name":"En Plaza de Armas de Melipilla se realiz\u00f3 un brillante desfile en honor al 98 aniversario de Carabineros de Chile - Diario El Labrador","isPartOf":{"@id":"https:\/\/diarioellabrador.cl\/#website"},"primaryImageOfPage":{"@id":"https:\/\/diarioellabrador.cl\/index.php\/2025\/04\/24\/en-plaza-de-armas-de-melipilla-se-realizo-un-brillante-desfile-en-honor-al-98-aniversario-de-carabineros-de-chile\/#primaryimage"},"image":{"@id":"https:\/\/diarioellabrador.cl\/index.php\/2025\/04\/24\/en-plaza-de-armas-de-melipilla-se-realizo-un-brillante-desfile-en-honor-al-98-aniversario-de-carabineros-de-chile\/#primaryimage"},"thumbnailUrl":"https:\/\/diarioellabrador.cl\/wp-content\/uploads\/2025\/04\/DSC0044-scaled.jpg","datePublished":"2025-04-24T23:19:23+00:00","breadcrumb":{"@id":"https:\/\/diarioellabrador.cl\/index.php\/2025\/04\/24\/en-plaza-de-armas-de-melipilla-se-realizo-un-brillante-desfile-en-honor-al-98-aniversario-de-carabineros-de-chile\/#breadcrumb"},"inLanguage":"es","potentialAction":[{"@type":"ReadAction","target":["https:\/\/diarioellabrador.cl\/index.php\/2025\/04\/24\/en-plaza-de-armas-de-melipilla-se-realizo-un-brillante-desfile-en-honor-al-98-aniversario-de-carabineros-de-chile\/"]}]},{"@type":"ImageObject","inLanguage":"es","@id":"https:\/\/diarioellabrador.cl\/index.php\/2025\/04\/24\/en-plaza-de-armas-de-melipilla-se-realizo-un-brillante-desfile-en-honor-al-98-aniversario-de-carabineros-de-chile\/#primaryimage","url":"https:\/\/diarioellabrador.cl\/wp-content\/uploads\/2025\/04\/DSC0044-scaled.jpg","contentUrl":"https:\/\/diarioellabrador.cl\/wp-content\/uploads\/2025\/04\/DSC0044-scaled.jpg","width":2560,"height":1696},{"@type":"BreadcrumbList","@id":"https:\/\/diarioellabrador.cl\/index.php\/2025\/04\/24\/en-plaza-de-armas-de-melipilla-se-realizo-un-brillante-desfile-en-honor-al-98-aniversario-de-carabineros-de-chile\/#breadcrumb","itemListElement":[{"@type":"ListItem","position":1,"name":"Portada","item":"https:\/\/diarioellabrador.cl\/"},{"@type":"ListItem","position":2,"name":"En Plaza de Armas de Melipilla se realiz\u00f3 un brillante desfile en honor al 98 aniversario de Carabineros de Chile"}]},{"@type":"WebSite","@id":"https:\/\/diarioellabrador.cl\/#website","url":"https:\/\/diarioellabrador.cl\/","name":"Diario El Labrador","description":"Haciendo noticia desde 1921","publisher":{"@id":"https:\/\/diarioellabrador.cl\/#organization"},"potentialAction":[{"@type":"SearchAction","target":{"@type":"EntryPoint","urlTemplate":"https:\/\/diarioellabrador.cl\/?s={search_term_string}"},"query-input":{"@type":"PropertyValueSpecification","valueRequired":true,"valueName":"search_term_string"}}],"inLanguage":"es"},{"@type":"Organization","@id":"https:\/\/diarioellabrador.cl\/#organization","name":"Diario El Labrador","url":"https:\/\/diarioellabrador.cl\/","logo":{"@type":"ImageObject","inLanguage":"es","@id":"https:\/\/diarioellabrador.cl\/#\/schema\/logo\/image\/","url":"https:\/\/diarioellabrador.cl\/wp-content\/uploads\/2025\/02\/cropped-Logo-Icono.png","contentUrl":"https:\/\/diarioellabrador.cl\/wp-content\/uploads\/2025\/02\/cropped-Logo-Icono.png","width":512,"height":512,"caption":"Diario El Labrador"},"image":{"@id":"https:\/\/diarioellabrador.cl\/#\/schema\/logo\/image\/"},"sameAs":["https:\/\/web.facebook.com\/profile.php?id=61576120840621","https:\/\/x.com\/ElLabradorOf","https:\/\/www.instagram.com\/diarioellabradoroficial\/"]},{"@type":"Person","@id":"https:\/\/diarioellabrador.cl\/#\/schema\/person\/bc25ff80b4563f9c7f4bd7855df01685","name":"Editor","image":{"@type":"ImageObject","inLanguage":"es","@id":"https:\/\/secure.gravatar.com\/avatar\/109c326cf2be5c04f048c2c2a2b8b6ef44bf3d8d1d3d4c55d0ac40c4bc994684?s=96&d=mm&r=g","url":"https:\/\/secure.gravatar.com\/avatar\/109c326cf2be5c04f048c2c2a2b8b6ef44bf3d8d1d3d4c55d0ac40c4bc994684?s=96&d=mm&r=g","contentUrl":"https:\/\/secure.gravatar.com\/avatar\/109c326cf2be5c04f048c2c2a2b8b6ef44bf3d8d1d3d4c55d0ac40c4bc994684?s=96&d=mm&r=g","caption":"Editor"},"url":"https:\/\/diarioellabrador.cl\/index.php\/author\/editor\/"}]}},"_links":{"self":[{"href":"https:\/\/diarioellabrador.cl\/index.php\/wp-json\/wp\/v2\/posts\/2146","targetHints":{"allow":["GET"]}}],"collection":[{"href":"https:\/\/diarioellabrador.cl\/index.php\/wp-json\/wp\/v2\/posts"}],"about":[{"href":"https:\/\/diarioellabrador.cl\/index.php\/wp-json\/wp\/v2\/types\/post"}],"author":[{"embeddable":true,"href":"https:\/\/diarioellabrador.cl\/index.php\/wp-json\/wp\/v2\/users\/2"}],"replies":[{"embeddable":true,"href":"https:\/\/diarioellabrador.cl\/index.php\/wp-json\/wp\/v2\/comments?post=2146"}],"version-history":[{"count":1,"href":"https:\/\/diarioellabrador.cl\/index.php\/wp-json\/wp\/v2\/posts\/2146\/revisions"}],"predecessor-version":[{"id":2147,"href":"https:\/\/diarioellabrador.cl\/index.php\/wp-json\/wp\/v2\/posts\/2146\/revisions\/2147"}],"wp:featuredmedia":[{"embeddable":true,"href":"https:\/\/diarioellabrador.cl\/index.php\/wp-json\/wp\/v2\/media\/2101"}],"wp:attachment":[{"href":"https:\/\/diarioellabrador.cl\/index.php\/wp-json\/wp\/v2\/media?parent=2146"}],"wp:term":[{"taxonomy":"category","embeddable":true,"href":"https:\/\/diarioellabrador.cl\/index.php\/wp-json\/wp\/v2\/categories?post=2146"},{"taxonomy":"post_tag","embeddable":true,"href":"https:\/\/diarioellabrador.cl\/index.php\/wp-json\/wp\/v2\/tags?post=2146"}],"curies":[{"name":"wp","href":"https:\/\/api.w.org\/{rel}","templated":true}]}}