{"id":2128,"date":"2025-04-24T19:11:42","date_gmt":"2025-04-24T23:11:42","guid":{"rendered":"https:\/\/diarioellabrador.cl\/?p=2128"},"modified":"2025-04-24T19:11:43","modified_gmt":"2025-04-24T23:11:43","slug":"criadores-planifican-realizar-pruebas-funcionales-en-las-torres-del-paine-el-elqui-y-las-termas-de-chillan","status":"publish","type":"post","link":"https:\/\/diarioellabrador.cl\/index.php\/2025\/04\/24\/criadores-planifican-realizar-pruebas-funcionales-en-las-torres-del-paine-el-elqui-y-las-termas-de-chillan\/","title":{"rendered":"Criadores planifican realizar Pruebas Funcionales en las Torres del Paine, el Elqui y las Termas de Chill\u00e1n"},"content":{"rendered":"\n<p><strong>Autor: <\/strong><a href=\"https:\/\/www.caballoyrodeo.cl\/portal_rodeo\/site\/artic\/20240205\/pags\/20240205103254.html\">H\u00e9ctor Parraguirre Jara<\/a><\/p>\n\n\n\n<p><em><strong>Informaci\u00f3n: Antonio Arancio<\/strong><\/em><\/p>\n\n\n\n<p>Durante la reuni\u00f3n de <strong>Directorio de la Federaci\u00f3n Criadores de Caballos Raza Chilena<\/strong>, se convers\u00f3 una novedosa idea de efectuar fechas de <strong>Pruebas Funcionales<\/strong> en lugares tur\u00edsticos para atraer nuevo p\u00fablico a estas actividades, como lo se\u00f1al\u00f3 <strong>Mateo Rodr\u00edguez<\/strong>, secretario general de la entidad y director a cargo de la <strong>Comisi\u00f3n Funcionalidad del Caballo Raza Chilena.<\/strong><\/p>\n\n\n\n<p>\u00abPrimero hicimos un balance de lo que llevamos. Estamos muy contentos y lo hemos dicho en m\u00e1s de una oportunidad, que participaron m\u00e1s de 400 personas en pruebas funcionales, adem\u00e1s de toda la gente que ha participado, que no est\u00e1 bajo el alero nuestro, pero ya se han hecho competencias a lo largo de todo el pa\u00eds y en alg\u00fan minuto se ir\u00e1n a acercar a nosotros. Tomamos el compromiso de tener mil personas en los 80 a\u00f1os de la Federaci\u00f3n, cosa que creo vamos a lograr\u00bb, expres\u00f3.<\/p>\n\n\n\n<p>\u00abAdem\u00e1s queremos hacer cosas distintas, atraer un p\u00fablico distinto, haciendo fechas en lugares tur\u00edsticos muy visitados a nivel mundial. Por ejemplo, queremos hacer competencias en el <strong>Valle del Elqui, en las Termas de Chill\u00e1n, en las Torres del Paine.<\/strong> Esta \u00faltima ya tiene fecha incluida, en marzo de 2026, y la idea es que cuando estemos compitiendo puedan salir estas im\u00e1genes de una las maravillas del mundo como son las Torres del Paine. Creo que eso nos va a hacer traspasar fronteras\u00bb, continu\u00f3.<\/p>\n\n\n\n<p>\u00abTambi\u00e9n con Termas de Chill\u00e1n hemos avanzado algo con <strong>Manuel Dinamarca<\/strong> (gerente), hemos tenido las primeras conversaciones y la idea ser\u00eda hacer en septiembre una aparta de ganado con barrilete y ojal\u00e1 con todo nevado si el tiempo nos acompa\u00f1a. Son cosas distintas, es dar m\u00e1s glamour a nuestras pruebas\u00bb, complet\u00f3.<\/p>\n\n\n\n<p>Rodr\u00edguez dijo que tambi\u00e9n se quiere dar un toque diferente a las pr\u00f3ximas Finales 2026, la de Pruebas Funcionales y Exposiciones que se har\u00e1n en Pemuco, organizadas por la Asociaci\u00f3n \u00d1uble y la de Rodeos Para Criadores a cargo de la Asociaci\u00f3n Cauquenes<\/p>\n\n\n\n<p>\u00abTienen que ser Finales distintas y tiene que ser un a\u00f1o distinto. Debemos disfrutar los 80 a\u00f1os, independiente de que vamos a trabajar m\u00e1s, lo importante es que lo disfrutemos todos, las bases, la gente que participa, el Directorio, que sea un a\u00f1o muy entretenido y de hacer cosas\u00bb, manifest\u00f3.<\/p>\n\n\n\n<p>Y en cuanto a cl\u00ednicas de funcionalidad, apunt\u00f3 que \u00abya tenemos una pedida por gente de Arica, que quiere unirse a las pruebas funcionales y vamos a aprovechar de hacer una <strong>cl\u00ednica el 6 de junio<\/strong>. Lo hablamos con <strong>don Luis Guti\u00e9rrez<\/strong>, tenemos que finiquitarlo, pero ya est\u00e1 conversado con \u00e9l. Es la gran actividad de Arica, est\u00e1 conversado que vayamos un grupo de criadores y del directorio a apoyar esta bonita actividad que tienen ellos\u00bb.<\/p>\n","protected":false},"excerpt":{"rendered":"<p>Autor: H\u00e9ctor Parraguirre Jara Informaci\u00f3n: Antonio Arancio Durante la reuni\u00f3n de Directorio de la Federaci\u00f3n Criadores de Caballos Raza Chilena, se convers\u00f3 una novedosa idea de efectuar fechas de Pruebas Funcionales en lugares tur\u00edsticos para atraer nuevo p\u00fablico a estas actividades, como lo se\u00f1al\u00f3 Mateo Rodr\u00edguez, secretario general de la entidad y director a cargo<\/p>\n<div class=\"read-more-wrapper\"><a class=\"read-more\" href=\"https:\/\/diarioellabrador.cl\/index.php\/2025\/04\/24\/criadores-planifican-realizar-pruebas-funcionales-en-las-torres-del-paine-el-elqui-y-las-termas-de-chillan\/\" title=\"Leer m\u00e1s\"> <span class=\"button \">Leer m\u00e1s<\/span><\/a><\/div>\n","protected":false},"author":2,"featured_media":2098,"comment_status":"open","ping_status":"open","sticky":false,"template":"","format":"standard","meta":{"footnotes":""},"categories":[5],"tags":[],"class_list":["post-2128","post","type-post","status-publish","format-standard","has-post-thumbnail","hentry","category-rodeo"],"yoast_head":"<!-- This site is optimized with the Yoast SEO plugin v27.5 - https:\/\/yoast.com\/product\/yoast-seo-wordpress\/ -->\n<title>Criadores planifican realizar Pruebas Funcionales en las Torres del Paine, el Elqui y las Termas de Chill\u00e1n - Diario El Labrador<\/title>\n<meta name=\"robots\" content=\"index, follow, max-snippet:-1, max-image-preview:large, max-video-preview:-1\" \/>\n<link rel=\"canonical\" href=\"https:\/\/diarioellabrador.cl\/index.php\/2025\/04\/24\/criadores-planifican-realizar-pruebas-funcionales-en-las-torres-del-paine-el-elqui-y-las-termas-de-chillan\/\" \/>\n<meta property=\"og:locale\" content=\"es_ES\" \/>\n<meta property=\"og:type\" content=\"article\" \/>\n<meta property=\"og:title\" content=\"Criadores planifican realizar Pruebas Funcionales en las Torres del Paine, el Elqui y las Termas de Chill\u00e1n - Diario El Labrador\" \/>\n<meta property=\"og:description\" content=\"Autor: H\u00e9ctor Parraguirre Jara Informaci\u00f3n: Antonio Arancio Durante la reuni\u00f3n de Directorio de la Federaci\u00f3n Criadores de Caballos Raza Chilena, se convers\u00f3 una novedosa idea de efectuar fechas de Pruebas Funcionales en lugares tur\u00edsticos para atraer nuevo p\u00fablico a estas actividades, como lo se\u00f1al\u00f3 Mateo Rodr\u00edguez, secretario general de la entidad y director a cargo Leer m\u00e1s\" \/>\n<meta property=\"og:url\" content=\"https:\/\/diarioellabrador.cl\/index.php\/2025\/04\/24\/criadores-planifican-realizar-pruebas-funcionales-en-las-torres-del-paine-el-elqui-y-las-termas-de-chillan\/\" \/>\n<meta property=\"og:site_name\" content=\"Diario El Labrador\" \/>\n<meta property=\"article:publisher\" content=\"https:\/\/web.facebook.com\/profile.php?id=61576120840621\" \/>\n<meta property=\"article:published_time\" content=\"2025-04-24T23:11:42+00:00\" \/>\n<meta property=\"article:modified_time\" content=\"2025-04-24T23:11:43+00:00\" \/>\n<meta property=\"og:image\" content=\"https:\/\/diarioellabrador.cl\/wp-content\/uploads\/2025\/04\/Criadores-planifican-realizar-Pruebas-Funcionales-en-las-Torres-del-Paine-el-Elqui-y-las-Termas-de-Chillan.jpg\" \/>\n\t<meta property=\"og:image:width\" content=\"750\" \/>\n\t<meta property=\"og:image:height\" content=\"389\" \/>\n\t<meta property=\"og:image:type\" content=\"image\/jpeg\" \/>\n<meta name=\"author\" content=\"Editor\" \/>\n<meta name=\"twitter:card\" content=\"summary_large_image\" \/>\n<meta name=\"twitter:creator\" content=\"@ElLabradorOf\" \/>\n<meta name=\"twitter:site\" content=\"@ElLabradorOf\" \/>\n<meta name=\"twitter:label1\" content=\"Escrito por\" \/>\n\t<meta name=\"twitter:data1\" content=\"Editor\" \/>\n\t<meta name=\"twitter:label2\" content=\"Tiempo de lectura\" \/>\n\t<meta name=\"twitter:data2\" content=\"2 minutos\" \/>\n<script type=\"application\/ld+json\" class=\"yoast-schema-graph\">{\"@context\":\"https:\\\/\\\/schema.org\",\"@graph\":[{\"@type\":\"Article\",\"@id\":\"https:\\\/\\\/diarioellabrador.cl\\\/index.php\\\/2025\\\/04\\\/24\\\/criadores-planifican-realizar-pruebas-funcionales-en-las-torres-del-paine-el-elqui-y-las-termas-de-chillan\\\/#article\",\"isPartOf\":{\"@id\":\"https:\\\/\\\/diarioellabrador.cl\\\/index.php\\\/2025\\\/04\\\/24\\\/criadores-planifican-realizar-pruebas-funcionales-en-las-torres-del-paine-el-elqui-y-las-termas-de-chillan\\\/\"},\"author\":{\"name\":\"Editor\",\"@id\":\"https:\\\/\\\/diarioellabrador.cl\\\/#\\\/schema\\\/person\\\/bc25ff80b4563f9c7f4bd7855df01685\"},\"headline\":\"Criadores planifican realizar Pruebas Funcionales en las Torres del Paine, el Elqui y las Termas de Chill\u00e1n\",\"datePublished\":\"2025-04-24T23:11:42+00:00\",\"dateModified\":\"2025-04-24T23:11:43+00:00\",\"mainEntityOfPage\":{\"@id\":\"https:\\\/\\\/diarioellabrador.cl\\\/index.php\\\/2025\\\/04\\\/24\\\/criadores-planifican-realizar-pruebas-funcionales-en-las-torres-del-paine-el-elqui-y-las-termas-de-chillan\\\/\"},\"wordCount\":506,\"commentCount\":0,\"publisher\":{\"@id\":\"https:\\\/\\\/diarioellabrador.cl\\\/#organization\"},\"image\":{\"@id\":\"https:\\\/\\\/diarioellabrador.cl\\\/index.php\\\/2025\\\/04\\\/24\\\/criadores-planifican-realizar-pruebas-funcionales-en-las-torres-del-paine-el-elqui-y-las-termas-de-chillan\\\/#primaryimage\"},\"thumbnailUrl\":\"https:\\\/\\\/diarioellabrador.cl\\\/wp-content\\\/uploads\\\/2025\\\/04\\\/Criadores-planifican-realizar-Pruebas-Funcionales-en-las-Torres-del-Paine-el-Elqui-y-las-Termas-de-Chillan.jpg\",\"articleSection\":[\"Rodeo\"],\"inLanguage\":\"es\",\"potentialAction\":[{\"@type\":\"CommentAction\",\"name\":\"Comment\",\"target\":[\"https:\\\/\\\/diarioellabrador.cl\\\/index.php\\\/2025\\\/04\\\/24\\\/criadores-planifican-realizar-pruebas-funcionales-en-las-torres-del-paine-el-elqui-y-las-termas-de-chillan\\\/#respond\"]}]},{\"@type\":\"WebPage\",\"@id\":\"https:\\\/\\\/diarioellabrador.cl\\\/index.php\\\/2025\\\/04\\\/24\\\/criadores-planifican-realizar-pruebas-funcionales-en-las-torres-del-paine-el-elqui-y-las-termas-de-chillan\\\/\",\"url\":\"https:\\\/\\\/diarioellabrador.cl\\\/index.php\\\/2025\\\/04\\\/24\\\/criadores-planifican-realizar-pruebas-funcionales-en-las-torres-del-paine-el-elqui-y-las-termas-de-chillan\\\/\",\"name\":\"Criadores planifican realizar Pruebas Funcionales en las Torres del Paine, el Elqui y las Termas de Chill\u00e1n - Diario El Labrador\",\"isPartOf\":{\"@id\":\"https:\\\/\\\/diarioellabrador.cl\\\/#website\"},\"primaryImageOfPage\":{\"@id\":\"https:\\\/\\\/diarioellabrador.cl\\\/index.php\\\/2025\\\/04\\\/24\\\/criadores-planifican-realizar-pruebas-funcionales-en-las-torres-del-paine-el-elqui-y-las-termas-de-chillan\\\/#primaryimage\"},\"image\":{\"@id\":\"https:\\\/\\\/diarioellabrador.cl\\\/index.php\\\/2025\\\/04\\\/24\\\/criadores-planifican-realizar-pruebas-funcionales-en-las-torres-del-paine-el-elqui-y-las-termas-de-chillan\\\/#primaryimage\"},\"thumbnailUrl\":\"https:\\\/\\\/diarioellabrador.cl\\\/wp-content\\\/uploads\\\/2025\\\/04\\\/Criadores-planifican-realizar-Pruebas-Funcionales-en-las-Torres-del-Paine-el-Elqui-y-las-Termas-de-Chillan.jpg\",\"datePublished\":\"2025-04-24T23:11:42+00:00\",\"dateModified\":\"2025-04-24T23:11:43+00:00\",\"breadcrumb\":{\"@id\":\"https:\\\/\\\/diarioellabrador.cl\\\/index.php\\\/2025\\\/04\\\/24\\\/criadores-planifican-realizar-pruebas-funcionales-en-las-torres-del-paine-el-elqui-y-las-termas-de-chillan\\\/#breadcrumb\"},\"inLanguage\":\"es\",\"potentialAction\":[{\"@type\":\"ReadAction\",\"target\":[\"https:\\\/\\\/diarioellabrador.cl\\\/index.php\\\/2025\\\/04\\\/24\\\/criadores-planifican-realizar-pruebas-funcionales-en-las-torres-del-paine-el-elqui-y-las-termas-de-chillan\\\/\"]}]},{\"@type\":\"ImageObject\",\"inLanguage\":\"es\",\"@id\":\"https:\\\/\\\/diarioellabrador.cl\\\/index.php\\\/2025\\\/04\\\/24\\\/criadores-planifican-realizar-pruebas-funcionales-en-las-torres-del-paine-el-elqui-y-las-termas-de-chillan\\\/#primaryimage\",\"url\":\"https:\\\/\\\/diarioellabrador.cl\\\/wp-content\\\/uploads\\\/2025\\\/04\\\/Criadores-planifican-realizar-Pruebas-Funcionales-en-las-Torres-del-Paine-el-Elqui-y-las-Termas-de-Chillan.jpg\",\"contentUrl\":\"https:\\\/\\\/diarioellabrador.cl\\\/wp-content\\\/uploads\\\/2025\\\/04\\\/Criadores-planifican-realizar-Pruebas-Funcionales-en-las-Torres-del-Paine-el-Elqui-y-las-Termas-de-Chillan.jpg\",\"width\":750,\"height\":389},{\"@type\":\"BreadcrumbList\",\"@id\":\"https:\\\/\\\/diarioellabrador.cl\\\/index.php\\\/2025\\\/04\\\/24\\\/criadores-planifican-realizar-pruebas-funcionales-en-las-torres-del-paine-el-elqui-y-las-termas-de-chillan\\\/#breadcrumb\",\"itemListElement\":[{\"@type\":\"ListItem\",\"position\":1,\"name\":\"Portada\",\"item\":\"https:\\\/\\\/diarioellabrador.cl\\\/\"},{\"@type\":\"ListItem\",\"position\":2,\"name\":\"Criadores planifican realizar Pruebas Funcionales en las Torres del Paine, el Elqui y las Termas de Chill\u00e1n\"}]},{\"@type\":\"WebSite\",\"@id\":\"https:\\\/\\\/diarioellabrador.cl\\\/#website\",\"url\":\"https:\\\/\\\/diarioellabrador.cl\\\/\",\"name\":\"Diario El Labrador\",\"description\":\"Haciendo noticia desde 1921\",\"publisher\":{\"@id\":\"https:\\\/\\\/diarioellabrador.cl\\\/#organization\"},\"potentialAction\":[{\"@type\":\"SearchAction\",\"target\":{\"@type\":\"EntryPoint\",\"urlTemplate\":\"https:\\\/\\\/diarioellabrador.cl\\\/?s={search_term_string}\"},\"query-input\":{\"@type\":\"PropertyValueSpecification\",\"valueRequired\":true,\"valueName\":\"search_term_string\"}}],\"inLanguage\":\"es\"},{\"@type\":\"Organization\",\"@id\":\"https:\\\/\\\/diarioellabrador.cl\\\/#organization\",\"name\":\"Diario El Labrador\",\"url\":\"https:\\\/\\\/diarioellabrador.cl\\\/\",\"logo\":{\"@type\":\"ImageObject\",\"inLanguage\":\"es\",\"@id\":\"https:\\\/\\\/diarioellabrador.cl\\\/#\\\/schema\\\/logo\\\/image\\\/\",\"url\":\"https:\\\/\\\/diarioellabrador.cl\\\/wp-content\\\/uploads\\\/2025\\\/02\\\/cropped-Logo-Icono.png\",\"contentUrl\":\"https:\\\/\\\/diarioellabrador.cl\\\/wp-content\\\/uploads\\\/2025\\\/02\\\/cropped-Logo-Icono.png\",\"width\":512,\"height\":512,\"caption\":\"Diario El Labrador\"},\"image\":{\"@id\":\"https:\\\/\\\/diarioellabrador.cl\\\/#\\\/schema\\\/logo\\\/image\\\/\"},\"sameAs\":[\"https:\\\/\\\/web.facebook.com\\\/profile.php?id=61576120840621\",\"https:\\\/\\\/x.com\\\/ElLabradorOf\",\"https:\\\/\\\/www.instagram.com\\\/diarioellabradoroficial\\\/\"]},{\"@type\":\"Person\",\"@id\":\"https:\\\/\\\/diarioellabrador.cl\\\/#\\\/schema\\\/person\\\/bc25ff80b4563f9c7f4bd7855df01685\",\"name\":\"Editor\",\"image\":{\"@type\":\"ImageObject\",\"inLanguage\":\"es\",\"@id\":\"https:\\\/\\\/secure.gravatar.com\\\/avatar\\\/109c326cf2be5c04f048c2c2a2b8b6ef44bf3d8d1d3d4c55d0ac40c4bc994684?s=96&d=mm&r=g\",\"url\":\"https:\\\/\\\/secure.gravatar.com\\\/avatar\\\/109c326cf2be5c04f048c2c2a2b8b6ef44bf3d8d1d3d4c55d0ac40c4bc994684?s=96&d=mm&r=g\",\"contentUrl\":\"https:\\\/\\\/secure.gravatar.com\\\/avatar\\\/109c326cf2be5c04f048c2c2a2b8b6ef44bf3d8d1d3d4c55d0ac40c4bc994684?s=96&d=mm&r=g\",\"caption\":\"Editor\"},\"url\":\"https:\\\/\\\/diarioellabrador.cl\\\/index.php\\\/author\\\/editor\\\/\"}]}<\/script>\n<!-- \/ Yoast SEO plugin. -->","yoast_head_json":{"title":"Criadores planifican realizar Pruebas Funcionales en las Torres del Paine, el Elqui y las Termas de Chill\u00e1n - Diario El Labrador","robots":{"index":"index","follow":"follow","max-snippet":"max-snippet:-1","max-image-preview":"max-image-preview:large","max-video-preview":"max-video-preview:-1"},"canonical":"https:\/\/diarioellabrador.cl\/index.php\/2025\/04\/24\/criadores-planifican-realizar-pruebas-funcionales-en-las-torres-del-paine-el-elqui-y-las-termas-de-chillan\/","og_locale":"es_ES","og_type":"article","og_title":"Criadores planifican realizar Pruebas Funcionales en las Torres del Paine, el Elqui y las Termas de Chill\u00e1n - Diario El Labrador","og_description":"Autor: H\u00e9ctor Parraguirre Jara Informaci\u00f3n: Antonio Arancio Durante la reuni\u00f3n de Directorio de la Federaci\u00f3n Criadores de Caballos Raza Chilena, se convers\u00f3 una novedosa idea de efectuar fechas de Pruebas Funcionales en lugares tur\u00edsticos para atraer nuevo p\u00fablico a estas actividades, como lo se\u00f1al\u00f3 Mateo Rodr\u00edguez, secretario general de la entidad y director a cargo Leer m\u00e1s","og_url":"https:\/\/diarioellabrador.cl\/index.php\/2025\/04\/24\/criadores-planifican-realizar-pruebas-funcionales-en-las-torres-del-paine-el-elqui-y-las-termas-de-chillan\/","og_site_name":"Diario El Labrador","article_publisher":"https:\/\/web.facebook.com\/profile.php?id=61576120840621","article_published_time":"2025-04-24T23:11:42+00:00","article_modified_time":"2025-04-24T23:11:43+00:00","og_image":[{"width":750,"height":389,"url":"https:\/\/diarioellabrador.cl\/wp-content\/uploads\/2025\/04\/Criadores-planifican-realizar-Pruebas-Funcionales-en-las-Torres-del-Paine-el-Elqui-y-las-Termas-de-Chillan.jpg","type":"image\/jpeg"}],"author":"Editor","twitter_card":"summary_large_image","twitter_creator":"@ElLabradorOf","twitter_site":"@ElLabradorOf","twitter_misc":{"Escrito por":"Editor","Tiempo de lectura":"2 minutos"},"schema":{"@context":"https:\/\/schema.org","@graph":[{"@type":"Article","@id":"https:\/\/diarioellabrador.cl\/index.php\/2025\/04\/24\/criadores-planifican-realizar-pruebas-funcionales-en-las-torres-del-paine-el-elqui-y-las-termas-de-chillan\/#article","isPartOf":{"@id":"https:\/\/diarioellabrador.cl\/index.php\/2025\/04\/24\/criadores-planifican-realizar-pruebas-funcionales-en-las-torres-del-paine-el-elqui-y-las-termas-de-chillan\/"},"author":{"name":"Editor","@id":"https:\/\/diarioellabrador.cl\/#\/schema\/person\/bc25ff80b4563f9c7f4bd7855df01685"},"headline":"Criadores planifican realizar Pruebas Funcionales en las Torres del Paine, el Elqui y las Termas de Chill\u00e1n","datePublished":"2025-04-24T23:11:42+00:00","dateModified":"2025-04-24T23:11:43+00:00","mainEntityOfPage":{"@id":"https:\/\/diarioellabrador.cl\/index.php\/2025\/04\/24\/criadores-planifican-realizar-pruebas-funcionales-en-las-torres-del-paine-el-elqui-y-las-termas-de-chillan\/"},"wordCount":506,"commentCount":0,"publisher":{"@id":"https:\/\/diarioellabrador.cl\/#organization"},"image":{"@id":"https:\/\/diarioellabrador.cl\/index.php\/2025\/04\/24\/criadores-planifican-realizar-pruebas-funcionales-en-las-torres-del-paine-el-elqui-y-las-termas-de-chillan\/#primaryimage"},"thumbnailUrl":"https:\/\/diarioellabrador.cl\/wp-content\/uploads\/2025\/04\/Criadores-planifican-realizar-Pruebas-Funcionales-en-las-Torres-del-Paine-el-Elqui-y-las-Termas-de-Chillan.jpg","articleSection":["Rodeo"],"inLanguage":"es","potentialAction":[{"@type":"CommentAction","name":"Comment","target":["https:\/\/diarioellabrador.cl\/index.php\/2025\/04\/24\/criadores-planifican-realizar-pruebas-funcionales-en-las-torres-del-paine-el-elqui-y-las-termas-de-chillan\/#respond"]}]},{"@type":"WebPage","@id":"https:\/\/diarioellabrador.cl\/index.php\/2025\/04\/24\/criadores-planifican-realizar-pruebas-funcionales-en-las-torres-del-paine-el-elqui-y-las-termas-de-chillan\/","url":"https:\/\/diarioellabrador.cl\/index.php\/2025\/04\/24\/criadores-planifican-realizar-pruebas-funcionales-en-las-torres-del-paine-el-elqui-y-las-termas-de-chillan\/","name":"Criadores planifican realizar Pruebas Funcionales en las Torres del Paine, el Elqui y las Termas de Chill\u00e1n - Diario El Labrador","isPartOf":{"@id":"https:\/\/diarioellabrador.cl\/#website"},"primaryImageOfPage":{"@id":"https:\/\/diarioellabrador.cl\/index.php\/2025\/04\/24\/criadores-planifican-realizar-pruebas-funcionales-en-las-torres-del-paine-el-elqui-y-las-termas-de-chillan\/#primaryimage"},"image":{"@id":"https:\/\/diarioellabrador.cl\/index.php\/2025\/04\/24\/criadores-planifican-realizar-pruebas-funcionales-en-las-torres-del-paine-el-elqui-y-las-termas-de-chillan\/#primaryimage"},"thumbnailUrl":"https:\/\/diarioellabrador.cl\/wp-content\/uploads\/2025\/04\/Criadores-planifican-realizar-Pruebas-Funcionales-en-las-Torres-del-Paine-el-Elqui-y-las-Termas-de-Chillan.jpg","datePublished":"2025-04-24T23:11:42+00:00","dateModified":"2025-04-24T23:11:43+00:00","breadcrumb":{"@id":"https:\/\/diarioellabrador.cl\/index.php\/2025\/04\/24\/criadores-planifican-realizar-pruebas-funcionales-en-las-torres-del-paine-el-elqui-y-las-termas-de-chillan\/#breadcrumb"},"inLanguage":"es","potentialAction":[{"@type":"ReadAction","target":["https:\/\/diarioellabrador.cl\/index.php\/2025\/04\/24\/criadores-planifican-realizar-pruebas-funcionales-en-las-torres-del-paine-el-elqui-y-las-termas-de-chillan\/"]}]},{"@type":"ImageObject","inLanguage":"es","@id":"https:\/\/diarioellabrador.cl\/index.php\/2025\/04\/24\/criadores-planifican-realizar-pruebas-funcionales-en-las-torres-del-paine-el-elqui-y-las-termas-de-chillan\/#primaryimage","url":"https:\/\/diarioellabrador.cl\/wp-content\/uploads\/2025\/04\/Criadores-planifican-realizar-Pruebas-Funcionales-en-las-Torres-del-Paine-el-Elqui-y-las-Termas-de-Chillan.jpg","contentUrl":"https:\/\/diarioellabrador.cl\/wp-content\/uploads\/2025\/04\/Criadores-planifican-realizar-Pruebas-Funcionales-en-las-Torres-del-Paine-el-Elqui-y-las-Termas-de-Chillan.jpg","width":750,"height":389},{"@type":"BreadcrumbList","@id":"https:\/\/diarioellabrador.cl\/index.php\/2025\/04\/24\/criadores-planifican-realizar-pruebas-funcionales-en-las-torres-del-paine-el-elqui-y-las-termas-de-chillan\/#breadcrumb","itemListElement":[{"@type":"ListItem","position":1,"name":"Portada","item":"https:\/\/diarioellabrador.cl\/"},{"@type":"ListItem","position":2,"name":"Criadores planifican realizar Pruebas Funcionales en las Torres del Paine, el Elqui y las Termas de Chill\u00e1n"}]},{"@type":"WebSite","@id":"https:\/\/diarioellabrador.cl\/#website","url":"https:\/\/diarioellabrador.cl\/","name":"Diario El Labrador","description":"Haciendo noticia desde 1921","publisher":{"@id":"https:\/\/diarioellabrador.cl\/#organization"},"potentialAction":[{"@type":"SearchAction","target":{"@type":"EntryPoint","urlTemplate":"https:\/\/diarioellabrador.cl\/?s={search_term_string}"},"query-input":{"@type":"PropertyValueSpecification","valueRequired":true,"valueName":"search_term_string"}}],"inLanguage":"es"},{"@type":"Organization","@id":"https:\/\/diarioellabrador.cl\/#organization","name":"Diario El Labrador","url":"https:\/\/diarioellabrador.cl\/","logo":{"@type":"ImageObject","inLanguage":"es","@id":"https:\/\/diarioellabrador.cl\/#\/schema\/logo\/image\/","url":"https:\/\/diarioellabrador.cl\/wp-content\/uploads\/2025\/02\/cropped-Logo-Icono.png","contentUrl":"https:\/\/diarioellabrador.cl\/wp-content\/uploads\/2025\/02\/cropped-Logo-Icono.png","width":512,"height":512,"caption":"Diario El Labrador"},"image":{"@id":"https:\/\/diarioellabrador.cl\/#\/schema\/logo\/image\/"},"sameAs":["https:\/\/web.facebook.com\/profile.php?id=61576120840621","https:\/\/x.com\/ElLabradorOf","https:\/\/www.instagram.com\/diarioellabradoroficial\/"]},{"@type":"Person","@id":"https:\/\/diarioellabrador.cl\/#\/schema\/person\/bc25ff80b4563f9c7f4bd7855df01685","name":"Editor","image":{"@type":"ImageObject","inLanguage":"es","@id":"https:\/\/secure.gravatar.com\/avatar\/109c326cf2be5c04f048c2c2a2b8b6ef44bf3d8d1d3d4c55d0ac40c4bc994684?s=96&d=mm&r=g","url":"https:\/\/secure.gravatar.com\/avatar\/109c326cf2be5c04f048c2c2a2b8b6ef44bf3d8d1d3d4c55d0ac40c4bc994684?s=96&d=mm&r=g","contentUrl":"https:\/\/secure.gravatar.com\/avatar\/109c326cf2be5c04f048c2c2a2b8b6ef44bf3d8d1d3d4c55d0ac40c4bc994684?s=96&d=mm&r=g","caption":"Editor"},"url":"https:\/\/diarioellabrador.cl\/index.php\/author\/editor\/"}]}},"_links":{"self":[{"href":"https:\/\/diarioellabrador.cl\/index.php\/wp-json\/wp\/v2\/posts\/2128","targetHints":{"allow":["GET"]}}],"collection":[{"href":"https:\/\/diarioellabrador.cl\/index.php\/wp-json\/wp\/v2\/posts"}],"about":[{"href":"https:\/\/diarioellabrador.cl\/index.php\/wp-json\/wp\/v2\/types\/post"}],"author":[{"embeddable":true,"href":"https:\/\/diarioellabrador.cl\/index.php\/wp-json\/wp\/v2\/users\/2"}],"replies":[{"embeddable":true,"href":"https:\/\/diarioellabrador.cl\/index.php\/wp-json\/wp\/v2\/comments?post=2128"}],"version-history":[{"count":1,"href":"https:\/\/diarioellabrador.cl\/index.php\/wp-json\/wp\/v2\/posts\/2128\/revisions"}],"predecessor-version":[{"id":2129,"href":"https:\/\/diarioellabrador.cl\/index.php\/wp-json\/wp\/v2\/posts\/2128\/revisions\/2129"}],"wp:featuredmedia":[{"embeddable":true,"href":"https:\/\/diarioellabrador.cl\/index.php\/wp-json\/wp\/v2\/media\/2098"}],"wp:attachment":[{"href":"https:\/\/diarioellabrador.cl\/index.php\/wp-json\/wp\/v2\/media?parent=2128"}],"wp:term":[{"taxonomy":"category","embeddable":true,"href":"https:\/\/diarioellabrador.cl\/index.php\/wp-json\/wp\/v2\/categories?post=2128"},{"taxonomy":"post_tag","embeddable":true,"href":"https:\/\/diarioellabrador.cl\/index.php\/wp-json\/wp\/v2\/tags?post=2128"}],"curies":[{"name":"wp","href":"https:\/\/api.w.org\/{rel}","templated":true}]}}