{"id":2055,"date":"2025-04-22T18:57:36","date_gmt":"2025-04-22T22:57:36","guid":{"rendered":"https:\/\/diarioellabrador.cl\/?p=2055"},"modified":"2025-04-22T18:57:36","modified_gmt":"2025-04-22T22:57:36","slug":"gobierno-de-santiago-entrega-drones-de-alta-tecnologia-a-la-pdi-para-combatir-el-crimen-organizado","status":"publish","type":"post","link":"https:\/\/diarioellabrador.cl\/index.php\/2025\/04\/22\/gobierno-de-santiago-entrega-drones-de-alta-tecnologia-a-la-pdi-para-combatir-el-crimen-organizado\/","title":{"rendered":"Gobierno de Santiago entrega drones de alta tecnolog\u00eda a la PDI para combatir el crimen organizado\u00a0"},"content":{"rendered":"\n<ul class=\"wp-block-list\">\n<li><em>Las seis aeronaves forman parte del proyecto Kit de Seguridad, que tiene una inversi\u00f3n de casi $1.300 millones, que incluye GPS, dispositivos de apertura de puertas y un programa de inteligencia y an\u00e1lisis de redes.\u00a0<\/em>\u00a0<\/li>\n<\/ul>\n\n\n\n<p>El gobernador de Santiago, Claudio Orrego, junto al Subdirector de Investigaci\u00f3n Policial y Criminal\u00edstica, Prefecto General Hugo Haeger; el jefe de la Regi\u00f3n Policial Metropolitana de Santiago de la PDI, Prefecto Inspector Rodrigo Fuentes, y el presidente de la Comisi\u00f3n de Seguridad del Consejo Regional, Javier Ram\u00edrez, participaron de la entrega de seis drones con tecnolog\u00eda avanzada, que permitir\u00e1n supervisar operaciones de seguridad, identificar amenazas, realizar vigilancia a\u00e9rea en tiempo real, y apoyar en la b\u00fasqueda de personas y evidencia.&nbsp;&nbsp;<\/p>\n\n\n\n<p>Las aeronaves de la marca DJI, modelo 30T, cuenta con una c\u00e1mara de \u00faltima generaci\u00f3n y autonom\u00eda de vuelo. 4 ser\u00e1n distribuidos en las Prefecturas Metropolitana para el equipo de Microtr\u00e1\ufb01co 0 (MT-0). Adem\u00e1s, los drones cuentan con una mantenci\u00f3n preventiva, licencia y seguro contra da\u00f1os a terceros por 2 a\u00f1os.&nbsp;<\/p>\n\n\n\n<p>Tanto la Regi\u00f3n Metropolitana como el pa\u00eds enfrentan una crisis de delincuencia que requiere de todos los actores para poder combatirla. En esa l\u00ednea el gobernador de Santiago, Claudio Orrego, enfatiz\u00f3 que dotar a los polic\u00edas con tecnolog\u00eda permite protegerlos y perseguir el crimen organizado y esclarecer los horribles crimines que han ocurrido en la regi\u00f3n. \u201cAl crimen organizado no se le combate con declaraciones altisonantes, se le combate con obras concretas. Como Gobierno de Santiago estamos demostrando, una vez m\u00e1s, nuestro compromiso con nuestras instituciones policiales y especialmente con el derecho a vivir seguro de la poblaci\u00f3n\u201d.&nbsp;&nbsp;<\/p>\n\n\n\n<figure class=\"wp-block-image size-large\"><img loading=\"lazy\" decoding=\"async\" width=\"1024\" height=\"643\" src=\"https:\/\/diarioellabrador.cl\/wp-content\/uploads\/2025\/04\/Gobierno-de-Santiago-entrega-drones-de-alta-tecnologia-a-la-PDI-para-combatir-el-crimen-organizado-1-1024x643.jpeg\" alt=\"\" class=\"wp-image-2029\" srcset=\"https:\/\/diarioellabrador.cl\/wp-content\/uploads\/2025\/04\/Gobierno-de-Santiago-entrega-drones-de-alta-tecnologia-a-la-PDI-para-combatir-el-crimen-organizado-1-1024x643.jpeg 1024w, https:\/\/diarioellabrador.cl\/wp-content\/uploads\/2025\/04\/Gobierno-de-Santiago-entrega-drones-de-alta-tecnologia-a-la-PDI-para-combatir-el-crimen-organizado-1-300x188.jpeg 300w, https:\/\/diarioellabrador.cl\/wp-content\/uploads\/2025\/04\/Gobierno-de-Santiago-entrega-drones-de-alta-tecnologia-a-la-PDI-para-combatir-el-crimen-organizado-1-768x482.jpeg 768w, https:\/\/diarioellabrador.cl\/wp-content\/uploads\/2025\/04\/Gobierno-de-Santiago-entrega-drones-de-alta-tecnologia-a-la-PDI-para-combatir-el-crimen-organizado-1-1536x964.jpeg 1536w, https:\/\/diarioellabrador.cl\/wp-content\/uploads\/2025\/04\/Gobierno-de-Santiago-entrega-drones-de-alta-tecnologia-a-la-PDI-para-combatir-el-crimen-organizado-1-2048x1286.jpeg 2048w, https:\/\/diarioellabrador.cl\/wp-content\/uploads\/2025\/04\/Gobierno-de-Santiago-entrega-drones-de-alta-tecnologia-a-la-PDI-para-combatir-el-crimen-organizado-1-800x502.jpeg 800w, https:\/\/diarioellabrador.cl\/wp-content\/uploads\/2025\/04\/Gobierno-de-Santiago-entrega-drones-de-alta-tecnologia-a-la-PDI-para-combatir-el-crimen-organizado-1-600x377.jpeg 600w, https:\/\/diarioellabrador.cl\/wp-content\/uploads\/2025\/04\/Gobierno-de-Santiago-entrega-drones-de-alta-tecnologia-a-la-PDI-para-combatir-el-crimen-organizado-1-400x251.jpeg 400w\" sizes=\"auto, (max-width: 1024px) 100vw, 1024px\" \/><\/figure>\n\n\n\n<p>El gobernador Orrego fue enf\u00e1tico en que \u201csi el crimen organizado cree que va r\u00e1pido, le vamos a demostrar que el Estado coordinado va a\u00fan m\u00e1s r\u00e1pido. Seguiremos colaborando para fortalecer la capacidad operativa, pero tambi\u00e9n la tecnolog\u00eda con la que los polic\u00edas realizan su labor\u201d.&nbsp;&nbsp;<\/p>\n\n\n\n<p>El Prefecto General Hugo Haeger, Subdirector de Investigaci\u00f3n Policial y Criminal\u00edstica de la PDI, destac\u00f3 el apoyo por parte del Gobierno Regional, el que ir\u00e1 en directo beneficio de las Brigadas de Investigaci\u00f3n Criminal (Bicrim) de la Regi\u00f3n Metropolitana, afirmando que \u201cvienen a complementar y apoyar la estrategia institucional sobre trabajo multidisciplinario de las unidades territoriales en los procesos investigativos vinculados a los delitos complejos que investiga la PDI, siendo una respuesta eficiente y eficaz -a trav\u00e9s de resultados- bajo los est\u00e1ndares que permitan la persecuci\u00f3n penal por parte del Ministerio P\u00fablico\u201d.&nbsp;&nbsp;<\/p>\n\n\n\n<p>Adem\u00e1s, el Subdirector Haeger destac\u00f3 que \u201clos desaf\u00edos que nos imponen los nuevos escenarios criminales nos obliga a fortalecer nuestra especializaci\u00f3n y presencia para dar respuesta a las demandas de la ciudadan\u00eda, por lo que estos equipamientos tecnol\u00f3gicos, sin duda, fortalecen los procesos investigativos en el marco de los ecosistemas de seguridad, donde la PDI realiza un trabajo coordinado e interagencial desplegando sus m\u00e1ximos esfuerzos y capacidades para contribuir a la construcci\u00f3n de un entorno m\u00e1s seguro y protegido\u201d.&nbsp;<\/p>\n\n\n\n<p>Javier Ram\u00edrez, presidente de la Comisi\u00f3n de Seguridad del Consejo Regional, destac\u00f3 la importancia de no quedarse con el diagnostico, sino que colocar los recursos para el combate contra la delincuencia. \u201cEl Gobierno Regional y el Consejo Regional han volcado sus ojos para que los recursos est\u00e9n donde est\u00e1n las necesidades. Con esta entrega estamos no solamente llegando a un punto final, sino que a un camino que se ha comenzado a construir para tener una regi\u00f3n m\u00e1s segura\u201d.&nbsp;&nbsp;<\/p>\n\n\n\n<p>Desde el 2021 a la fecha el Gobierno de Santiago ha financiado 12 proyectos por cerca de 35 mil millones de pesos para la Polic\u00eda de Investigaciones. Entre ellos, cuatro nuevos cuarteles en San Ram\u00f3n, Pudahuel, Quilicura, Huechuraba, 133 veh\u00edculos operativos y m\u00e1s de 3 mil equipos y equipamiento.&nbsp;&nbsp;<\/p>\n","protected":false},"excerpt":{"rendered":"<p>El gobernador de Santiago, Claudio Orrego, junto al Subdirector de Investigaci\u00f3n Policial y Criminal\u00edstica, Prefecto General Hugo Haeger; el jefe de la Regi\u00f3n Policial Metropolitana de Santiago de la PDI, Prefecto Inspector Rodrigo Fuentes, y el presidente de la Comisi\u00f3n de Seguridad del Consejo Regional, Javier Ram\u00edrez, participaron de la entrega de seis drones con<\/p>\n<div class=\"read-more-wrapper\"><a class=\"read-more\" href=\"https:\/\/diarioellabrador.cl\/index.php\/2025\/04\/22\/gobierno-de-santiago-entrega-drones-de-alta-tecnologia-a-la-pdi-para-combatir-el-crimen-organizado\/\" title=\"Leer m\u00e1s\"> <span class=\"button \">Leer m\u00e1s<\/span><\/a><\/div>\n","protected":false},"author":2,"featured_media":2030,"comment_status":"open","ping_status":"open","sticky":false,"template":"","format":"standard","meta":{"footnotes":""},"categories":[1],"tags":[],"class_list":["post-2055","post","type-post","status-publish","format-standard","has-post-thumbnail","hentry","category-cronica"],"yoast_head":"<!-- This site is optimized with the Yoast SEO plugin v27.5 - https:\/\/yoast.com\/product\/yoast-seo-wordpress\/ -->\n<title>Gobierno de Santiago entrega drones de alta tecnolog\u00eda a la PDI para combatir el crimen organizado\u00a0 - Diario El Labrador<\/title>\n<meta name=\"robots\" content=\"index, follow, max-snippet:-1, max-image-preview:large, max-video-preview:-1\" \/>\n<link rel=\"canonical\" href=\"https:\/\/diarioellabrador.cl\/index.php\/2025\/04\/22\/gobierno-de-santiago-entrega-drones-de-alta-tecnologia-a-la-pdi-para-combatir-el-crimen-organizado\/\" \/>\n<meta property=\"og:locale\" content=\"es_ES\" \/>\n<meta property=\"og:type\" content=\"article\" \/>\n<meta property=\"og:title\" content=\"Gobierno de Santiago entrega drones de alta tecnolog\u00eda a la PDI para combatir el crimen organizado\u00a0 - Diario El Labrador\" \/>\n<meta property=\"og:description\" content=\"El gobernador de Santiago, Claudio Orrego, junto al Subdirector de Investigaci\u00f3n Policial y Criminal\u00edstica, Prefecto General Hugo Haeger; el jefe de la Regi\u00f3n Policial Metropolitana de Santiago de la PDI, Prefecto Inspector Rodrigo Fuentes, y el presidente de la Comisi\u00f3n de Seguridad del Consejo Regional, Javier Ram\u00edrez, participaron de la entrega de seis drones con Leer m\u00e1s\" \/>\n<meta property=\"og:url\" content=\"https:\/\/diarioellabrador.cl\/index.php\/2025\/04\/22\/gobierno-de-santiago-entrega-drones-de-alta-tecnologia-a-la-pdi-para-combatir-el-crimen-organizado\/\" \/>\n<meta property=\"og:site_name\" content=\"Diario El Labrador\" \/>\n<meta property=\"article:publisher\" content=\"https:\/\/web.facebook.com\/profile.php?id=61576120840621\" \/>\n<meta property=\"article:published_time\" content=\"2025-04-22T22:57:36+00:00\" \/>\n<meta property=\"og:image\" content=\"https:\/\/diarioellabrador.cl\/wp-content\/uploads\/2025\/04\/Gobierno-de-Santiago-entrega-drones-de-alta-tecnologia-a-la-PDI-para-combatir-el-crimen-organizado-2-scaled.jpeg\" \/>\n\t<meta property=\"og:image:width\" content=\"2560\" \/>\n\t<meta property=\"og:image:height\" content=\"1806\" \/>\n\t<meta property=\"og:image:type\" content=\"image\/jpeg\" \/>\n<meta name=\"author\" content=\"Editor\" \/>\n<meta name=\"twitter:card\" content=\"summary_large_image\" \/>\n<meta name=\"twitter:creator\" content=\"@ElLabradorOf\" \/>\n<meta name=\"twitter:site\" content=\"@ElLabradorOf\" \/>\n<meta name=\"twitter:label1\" content=\"Escrito por\" \/>\n\t<meta name=\"twitter:data1\" content=\"Editor\" \/>\n\t<meta name=\"twitter:label2\" content=\"Tiempo de lectura\" \/>\n\t<meta name=\"twitter:data2\" content=\"3 minutos\" \/>\n<script type=\"application\/ld+json\" class=\"yoast-schema-graph\">{\"@context\":\"https:\\\/\\\/schema.org\",\"@graph\":[{\"@type\":\"Article\",\"@id\":\"https:\\\/\\\/diarioellabrador.cl\\\/index.php\\\/2025\\\/04\\\/22\\\/gobierno-de-santiago-entrega-drones-de-alta-tecnologia-a-la-pdi-para-combatir-el-crimen-organizado\\\/#article\",\"isPartOf\":{\"@id\":\"https:\\\/\\\/diarioellabrador.cl\\\/index.php\\\/2025\\\/04\\\/22\\\/gobierno-de-santiago-entrega-drones-de-alta-tecnologia-a-la-pdi-para-combatir-el-crimen-organizado\\\/\"},\"author\":{\"name\":\"Editor\",\"@id\":\"https:\\\/\\\/diarioellabrador.cl\\\/#\\\/schema\\\/person\\\/bc25ff80b4563f9c7f4bd7855df01685\"},\"headline\":\"Gobierno de Santiago entrega drones de alta tecnolog\u00eda a la PDI para combatir el crimen organizado\u00a0\",\"datePublished\":\"2025-04-22T22:57:36+00:00\",\"mainEntityOfPage\":{\"@id\":\"https:\\\/\\\/diarioellabrador.cl\\\/index.php\\\/2025\\\/04\\\/22\\\/gobierno-de-santiago-entrega-drones-de-alta-tecnologia-a-la-pdi-para-combatir-el-crimen-organizado\\\/\"},\"wordCount\":693,\"commentCount\":0,\"publisher\":{\"@id\":\"https:\\\/\\\/diarioellabrador.cl\\\/#organization\"},\"image\":{\"@id\":\"https:\\\/\\\/diarioellabrador.cl\\\/index.php\\\/2025\\\/04\\\/22\\\/gobierno-de-santiago-entrega-drones-de-alta-tecnologia-a-la-pdi-para-combatir-el-crimen-organizado\\\/#primaryimage\"},\"thumbnailUrl\":\"https:\\\/\\\/diarioellabrador.cl\\\/wp-content\\\/uploads\\\/2025\\\/04\\\/Gobierno-de-Santiago-entrega-drones-de-alta-tecnologia-a-la-PDI-para-combatir-el-crimen-organizado-2-scaled.jpeg\",\"articleSection\":[\"Cr\u00f3nica\"],\"inLanguage\":\"es\",\"potentialAction\":[{\"@type\":\"CommentAction\",\"name\":\"Comment\",\"target\":[\"https:\\\/\\\/diarioellabrador.cl\\\/index.php\\\/2025\\\/04\\\/22\\\/gobierno-de-santiago-entrega-drones-de-alta-tecnologia-a-la-pdi-para-combatir-el-crimen-organizado\\\/#respond\"]}]},{\"@type\":\"WebPage\",\"@id\":\"https:\\\/\\\/diarioellabrador.cl\\\/index.php\\\/2025\\\/04\\\/22\\\/gobierno-de-santiago-entrega-drones-de-alta-tecnologia-a-la-pdi-para-combatir-el-crimen-organizado\\\/\",\"url\":\"https:\\\/\\\/diarioellabrador.cl\\\/index.php\\\/2025\\\/04\\\/22\\\/gobierno-de-santiago-entrega-drones-de-alta-tecnologia-a-la-pdi-para-combatir-el-crimen-organizado\\\/\",\"name\":\"Gobierno de Santiago entrega drones de alta tecnolog\u00eda a la PDI para combatir el crimen organizado\u00a0 - Diario El Labrador\",\"isPartOf\":{\"@id\":\"https:\\\/\\\/diarioellabrador.cl\\\/#website\"},\"primaryImageOfPage\":{\"@id\":\"https:\\\/\\\/diarioellabrador.cl\\\/index.php\\\/2025\\\/04\\\/22\\\/gobierno-de-santiago-entrega-drones-de-alta-tecnologia-a-la-pdi-para-combatir-el-crimen-organizado\\\/#primaryimage\"},\"image\":{\"@id\":\"https:\\\/\\\/diarioellabrador.cl\\\/index.php\\\/2025\\\/04\\\/22\\\/gobierno-de-santiago-entrega-drones-de-alta-tecnologia-a-la-pdi-para-combatir-el-crimen-organizado\\\/#primaryimage\"},\"thumbnailUrl\":\"https:\\\/\\\/diarioellabrador.cl\\\/wp-content\\\/uploads\\\/2025\\\/04\\\/Gobierno-de-Santiago-entrega-drones-de-alta-tecnologia-a-la-PDI-para-combatir-el-crimen-organizado-2-scaled.jpeg\",\"datePublished\":\"2025-04-22T22:57:36+00:00\",\"breadcrumb\":{\"@id\":\"https:\\\/\\\/diarioellabrador.cl\\\/index.php\\\/2025\\\/04\\\/22\\\/gobierno-de-santiago-entrega-drones-de-alta-tecnologia-a-la-pdi-para-combatir-el-crimen-organizado\\\/#breadcrumb\"},\"inLanguage\":\"es\",\"potentialAction\":[{\"@type\":\"ReadAction\",\"target\":[\"https:\\\/\\\/diarioellabrador.cl\\\/index.php\\\/2025\\\/04\\\/22\\\/gobierno-de-santiago-entrega-drones-de-alta-tecnologia-a-la-pdi-para-combatir-el-crimen-organizado\\\/\"]}]},{\"@type\":\"ImageObject\",\"inLanguage\":\"es\",\"@id\":\"https:\\\/\\\/diarioellabrador.cl\\\/index.php\\\/2025\\\/04\\\/22\\\/gobierno-de-santiago-entrega-drones-de-alta-tecnologia-a-la-pdi-para-combatir-el-crimen-organizado\\\/#primaryimage\",\"url\":\"https:\\\/\\\/diarioellabrador.cl\\\/wp-content\\\/uploads\\\/2025\\\/04\\\/Gobierno-de-Santiago-entrega-drones-de-alta-tecnologia-a-la-PDI-para-combatir-el-crimen-organizado-2-scaled.jpeg\",\"contentUrl\":\"https:\\\/\\\/diarioellabrador.cl\\\/wp-content\\\/uploads\\\/2025\\\/04\\\/Gobierno-de-Santiago-entrega-drones-de-alta-tecnologia-a-la-PDI-para-combatir-el-crimen-organizado-2-scaled.jpeg\",\"width\":2560,\"height\":1806},{\"@type\":\"BreadcrumbList\",\"@id\":\"https:\\\/\\\/diarioellabrador.cl\\\/index.php\\\/2025\\\/04\\\/22\\\/gobierno-de-santiago-entrega-drones-de-alta-tecnologia-a-la-pdi-para-combatir-el-crimen-organizado\\\/#breadcrumb\",\"itemListElement\":[{\"@type\":\"ListItem\",\"position\":1,\"name\":\"Portada\",\"item\":\"https:\\\/\\\/diarioellabrador.cl\\\/\"},{\"@type\":\"ListItem\",\"position\":2,\"name\":\"Gobierno de Santiago entrega drones de alta tecnolog\u00eda a la PDI para combatir el crimen organizado\u00a0\"}]},{\"@type\":\"WebSite\",\"@id\":\"https:\\\/\\\/diarioellabrador.cl\\\/#website\",\"url\":\"https:\\\/\\\/diarioellabrador.cl\\\/\",\"name\":\"Diario El Labrador\",\"description\":\"Haciendo noticia desde 1921\",\"publisher\":{\"@id\":\"https:\\\/\\\/diarioellabrador.cl\\\/#organization\"},\"potentialAction\":[{\"@type\":\"SearchAction\",\"target\":{\"@type\":\"EntryPoint\",\"urlTemplate\":\"https:\\\/\\\/diarioellabrador.cl\\\/?s={search_term_string}\"},\"query-input\":{\"@type\":\"PropertyValueSpecification\",\"valueRequired\":true,\"valueName\":\"search_term_string\"}}],\"inLanguage\":\"es\"},{\"@type\":\"Organization\",\"@id\":\"https:\\\/\\\/diarioellabrador.cl\\\/#organization\",\"name\":\"Diario El Labrador\",\"url\":\"https:\\\/\\\/diarioellabrador.cl\\\/\",\"logo\":{\"@type\":\"ImageObject\",\"inLanguage\":\"es\",\"@id\":\"https:\\\/\\\/diarioellabrador.cl\\\/#\\\/schema\\\/logo\\\/image\\\/\",\"url\":\"https:\\\/\\\/diarioellabrador.cl\\\/wp-content\\\/uploads\\\/2025\\\/02\\\/cropped-Logo-Icono.png\",\"contentUrl\":\"https:\\\/\\\/diarioellabrador.cl\\\/wp-content\\\/uploads\\\/2025\\\/02\\\/cropped-Logo-Icono.png\",\"width\":512,\"height\":512,\"caption\":\"Diario El Labrador\"},\"image\":{\"@id\":\"https:\\\/\\\/diarioellabrador.cl\\\/#\\\/schema\\\/logo\\\/image\\\/\"},\"sameAs\":[\"https:\\\/\\\/web.facebook.com\\\/profile.php?id=61576120840621\",\"https:\\\/\\\/x.com\\\/ElLabradorOf\",\"https:\\\/\\\/www.instagram.com\\\/diarioellabradoroficial\\\/\"]},{\"@type\":\"Person\",\"@id\":\"https:\\\/\\\/diarioellabrador.cl\\\/#\\\/schema\\\/person\\\/bc25ff80b4563f9c7f4bd7855df01685\",\"name\":\"Editor\",\"image\":{\"@type\":\"ImageObject\",\"inLanguage\":\"es\",\"@id\":\"https:\\\/\\\/secure.gravatar.com\\\/avatar\\\/109c326cf2be5c04f048c2c2a2b8b6ef44bf3d8d1d3d4c55d0ac40c4bc994684?s=96&d=mm&r=g\",\"url\":\"https:\\\/\\\/secure.gravatar.com\\\/avatar\\\/109c326cf2be5c04f048c2c2a2b8b6ef44bf3d8d1d3d4c55d0ac40c4bc994684?s=96&d=mm&r=g\",\"contentUrl\":\"https:\\\/\\\/secure.gravatar.com\\\/avatar\\\/109c326cf2be5c04f048c2c2a2b8b6ef44bf3d8d1d3d4c55d0ac40c4bc994684?s=96&d=mm&r=g\",\"caption\":\"Editor\"},\"url\":\"https:\\\/\\\/diarioellabrador.cl\\\/index.php\\\/author\\\/editor\\\/\"}]}<\/script>\n<!-- \/ Yoast SEO plugin. -->","yoast_head_json":{"title":"Gobierno de Santiago entrega drones de alta tecnolog\u00eda a la PDI para combatir el crimen organizado\u00a0 - Diario El Labrador","robots":{"index":"index","follow":"follow","max-snippet":"max-snippet:-1","max-image-preview":"max-image-preview:large","max-video-preview":"max-video-preview:-1"},"canonical":"https:\/\/diarioellabrador.cl\/index.php\/2025\/04\/22\/gobierno-de-santiago-entrega-drones-de-alta-tecnologia-a-la-pdi-para-combatir-el-crimen-organizado\/","og_locale":"es_ES","og_type":"article","og_title":"Gobierno de Santiago entrega drones de alta tecnolog\u00eda a la PDI para combatir el crimen organizado\u00a0 - Diario El Labrador","og_description":"El gobernador de Santiago, Claudio Orrego, junto al Subdirector de Investigaci\u00f3n Policial y Criminal\u00edstica, Prefecto General Hugo Haeger; el jefe de la Regi\u00f3n Policial Metropolitana de Santiago de la PDI, Prefecto Inspector Rodrigo Fuentes, y el presidente de la Comisi\u00f3n de Seguridad del Consejo Regional, Javier Ram\u00edrez, participaron de la entrega de seis drones con Leer m\u00e1s","og_url":"https:\/\/diarioellabrador.cl\/index.php\/2025\/04\/22\/gobierno-de-santiago-entrega-drones-de-alta-tecnologia-a-la-pdi-para-combatir-el-crimen-organizado\/","og_site_name":"Diario El Labrador","article_publisher":"https:\/\/web.facebook.com\/profile.php?id=61576120840621","article_published_time":"2025-04-22T22:57:36+00:00","og_image":[{"width":2560,"height":1806,"url":"https:\/\/diarioellabrador.cl\/wp-content\/uploads\/2025\/04\/Gobierno-de-Santiago-entrega-drones-de-alta-tecnologia-a-la-PDI-para-combatir-el-crimen-organizado-2-scaled.jpeg","type":"image\/jpeg"}],"author":"Editor","twitter_card":"summary_large_image","twitter_creator":"@ElLabradorOf","twitter_site":"@ElLabradorOf","twitter_misc":{"Escrito por":"Editor","Tiempo de lectura":"3 minutos"},"schema":{"@context":"https:\/\/schema.org","@graph":[{"@type":"Article","@id":"https:\/\/diarioellabrador.cl\/index.php\/2025\/04\/22\/gobierno-de-santiago-entrega-drones-de-alta-tecnologia-a-la-pdi-para-combatir-el-crimen-organizado\/#article","isPartOf":{"@id":"https:\/\/diarioellabrador.cl\/index.php\/2025\/04\/22\/gobierno-de-santiago-entrega-drones-de-alta-tecnologia-a-la-pdi-para-combatir-el-crimen-organizado\/"},"author":{"name":"Editor","@id":"https:\/\/diarioellabrador.cl\/#\/schema\/person\/bc25ff80b4563f9c7f4bd7855df01685"},"headline":"Gobierno de Santiago entrega drones de alta tecnolog\u00eda a la PDI para combatir el crimen organizado\u00a0","datePublished":"2025-04-22T22:57:36+00:00","mainEntityOfPage":{"@id":"https:\/\/diarioellabrador.cl\/index.php\/2025\/04\/22\/gobierno-de-santiago-entrega-drones-de-alta-tecnologia-a-la-pdi-para-combatir-el-crimen-organizado\/"},"wordCount":693,"commentCount":0,"publisher":{"@id":"https:\/\/diarioellabrador.cl\/#organization"},"image":{"@id":"https:\/\/diarioellabrador.cl\/index.php\/2025\/04\/22\/gobierno-de-santiago-entrega-drones-de-alta-tecnologia-a-la-pdi-para-combatir-el-crimen-organizado\/#primaryimage"},"thumbnailUrl":"https:\/\/diarioellabrador.cl\/wp-content\/uploads\/2025\/04\/Gobierno-de-Santiago-entrega-drones-de-alta-tecnologia-a-la-PDI-para-combatir-el-crimen-organizado-2-scaled.jpeg","articleSection":["Cr\u00f3nica"],"inLanguage":"es","potentialAction":[{"@type":"CommentAction","name":"Comment","target":["https:\/\/diarioellabrador.cl\/index.php\/2025\/04\/22\/gobierno-de-santiago-entrega-drones-de-alta-tecnologia-a-la-pdi-para-combatir-el-crimen-organizado\/#respond"]}]},{"@type":"WebPage","@id":"https:\/\/diarioellabrador.cl\/index.php\/2025\/04\/22\/gobierno-de-santiago-entrega-drones-de-alta-tecnologia-a-la-pdi-para-combatir-el-crimen-organizado\/","url":"https:\/\/diarioellabrador.cl\/index.php\/2025\/04\/22\/gobierno-de-santiago-entrega-drones-de-alta-tecnologia-a-la-pdi-para-combatir-el-crimen-organizado\/","name":"Gobierno de Santiago entrega drones de alta tecnolog\u00eda a la PDI para combatir el crimen organizado\u00a0 - Diario El Labrador","isPartOf":{"@id":"https:\/\/diarioellabrador.cl\/#website"},"primaryImageOfPage":{"@id":"https:\/\/diarioellabrador.cl\/index.php\/2025\/04\/22\/gobierno-de-santiago-entrega-drones-de-alta-tecnologia-a-la-pdi-para-combatir-el-crimen-organizado\/#primaryimage"},"image":{"@id":"https:\/\/diarioellabrador.cl\/index.php\/2025\/04\/22\/gobierno-de-santiago-entrega-drones-de-alta-tecnologia-a-la-pdi-para-combatir-el-crimen-organizado\/#primaryimage"},"thumbnailUrl":"https:\/\/diarioellabrador.cl\/wp-content\/uploads\/2025\/04\/Gobierno-de-Santiago-entrega-drones-de-alta-tecnologia-a-la-PDI-para-combatir-el-crimen-organizado-2-scaled.jpeg","datePublished":"2025-04-22T22:57:36+00:00","breadcrumb":{"@id":"https:\/\/diarioellabrador.cl\/index.php\/2025\/04\/22\/gobierno-de-santiago-entrega-drones-de-alta-tecnologia-a-la-pdi-para-combatir-el-crimen-organizado\/#breadcrumb"},"inLanguage":"es","potentialAction":[{"@type":"ReadAction","target":["https:\/\/diarioellabrador.cl\/index.php\/2025\/04\/22\/gobierno-de-santiago-entrega-drones-de-alta-tecnologia-a-la-pdi-para-combatir-el-crimen-organizado\/"]}]},{"@type":"ImageObject","inLanguage":"es","@id":"https:\/\/diarioellabrador.cl\/index.php\/2025\/04\/22\/gobierno-de-santiago-entrega-drones-de-alta-tecnologia-a-la-pdi-para-combatir-el-crimen-organizado\/#primaryimage","url":"https:\/\/diarioellabrador.cl\/wp-content\/uploads\/2025\/04\/Gobierno-de-Santiago-entrega-drones-de-alta-tecnologia-a-la-PDI-para-combatir-el-crimen-organizado-2-scaled.jpeg","contentUrl":"https:\/\/diarioellabrador.cl\/wp-content\/uploads\/2025\/04\/Gobierno-de-Santiago-entrega-drones-de-alta-tecnologia-a-la-PDI-para-combatir-el-crimen-organizado-2-scaled.jpeg","width":2560,"height":1806},{"@type":"BreadcrumbList","@id":"https:\/\/diarioellabrador.cl\/index.php\/2025\/04\/22\/gobierno-de-santiago-entrega-drones-de-alta-tecnologia-a-la-pdi-para-combatir-el-crimen-organizado\/#breadcrumb","itemListElement":[{"@type":"ListItem","position":1,"name":"Portada","item":"https:\/\/diarioellabrador.cl\/"},{"@type":"ListItem","position":2,"name":"Gobierno de Santiago entrega drones de alta tecnolog\u00eda a la PDI para combatir el crimen organizado\u00a0"}]},{"@type":"WebSite","@id":"https:\/\/diarioellabrador.cl\/#website","url":"https:\/\/diarioellabrador.cl\/","name":"Diario El Labrador","description":"Haciendo noticia desde 1921","publisher":{"@id":"https:\/\/diarioellabrador.cl\/#organization"},"potentialAction":[{"@type":"SearchAction","target":{"@type":"EntryPoint","urlTemplate":"https:\/\/diarioellabrador.cl\/?s={search_term_string}"},"query-input":{"@type":"PropertyValueSpecification","valueRequired":true,"valueName":"search_term_string"}}],"inLanguage":"es"},{"@type":"Organization","@id":"https:\/\/diarioellabrador.cl\/#organization","name":"Diario El Labrador","url":"https:\/\/diarioellabrador.cl\/","logo":{"@type":"ImageObject","inLanguage":"es","@id":"https:\/\/diarioellabrador.cl\/#\/schema\/logo\/image\/","url":"https:\/\/diarioellabrador.cl\/wp-content\/uploads\/2025\/02\/cropped-Logo-Icono.png","contentUrl":"https:\/\/diarioellabrador.cl\/wp-content\/uploads\/2025\/02\/cropped-Logo-Icono.png","width":512,"height":512,"caption":"Diario El Labrador"},"image":{"@id":"https:\/\/diarioellabrador.cl\/#\/schema\/logo\/image\/"},"sameAs":["https:\/\/web.facebook.com\/profile.php?id=61576120840621","https:\/\/x.com\/ElLabradorOf","https:\/\/www.instagram.com\/diarioellabradoroficial\/"]},{"@type":"Person","@id":"https:\/\/diarioellabrador.cl\/#\/schema\/person\/bc25ff80b4563f9c7f4bd7855df01685","name":"Editor","image":{"@type":"ImageObject","inLanguage":"es","@id":"https:\/\/secure.gravatar.com\/avatar\/109c326cf2be5c04f048c2c2a2b8b6ef44bf3d8d1d3d4c55d0ac40c4bc994684?s=96&d=mm&r=g","url":"https:\/\/secure.gravatar.com\/avatar\/109c326cf2be5c04f048c2c2a2b8b6ef44bf3d8d1d3d4c55d0ac40c4bc994684?s=96&d=mm&r=g","contentUrl":"https:\/\/secure.gravatar.com\/avatar\/109c326cf2be5c04f048c2c2a2b8b6ef44bf3d8d1d3d4c55d0ac40c4bc994684?s=96&d=mm&r=g","caption":"Editor"},"url":"https:\/\/diarioellabrador.cl\/index.php\/author\/editor\/"}]}},"_links":{"self":[{"href":"https:\/\/diarioellabrador.cl\/index.php\/wp-json\/wp\/v2\/posts\/2055","targetHints":{"allow":["GET"]}}],"collection":[{"href":"https:\/\/diarioellabrador.cl\/index.php\/wp-json\/wp\/v2\/posts"}],"about":[{"href":"https:\/\/diarioellabrador.cl\/index.php\/wp-json\/wp\/v2\/types\/post"}],"author":[{"embeddable":true,"href":"https:\/\/diarioellabrador.cl\/index.php\/wp-json\/wp\/v2\/users\/2"}],"replies":[{"embeddable":true,"href":"https:\/\/diarioellabrador.cl\/index.php\/wp-json\/wp\/v2\/comments?post=2055"}],"version-history":[{"count":1,"href":"https:\/\/diarioellabrador.cl\/index.php\/wp-json\/wp\/v2\/posts\/2055\/revisions"}],"predecessor-version":[{"id":2056,"href":"https:\/\/diarioellabrador.cl\/index.php\/wp-json\/wp\/v2\/posts\/2055\/revisions\/2056"}],"wp:featuredmedia":[{"embeddable":true,"href":"https:\/\/diarioellabrador.cl\/index.php\/wp-json\/wp\/v2\/media\/2030"}],"wp:attachment":[{"href":"https:\/\/diarioellabrador.cl\/index.php\/wp-json\/wp\/v2\/media?parent=2055"}],"wp:term":[{"taxonomy":"category","embeddable":true,"href":"https:\/\/diarioellabrador.cl\/index.php\/wp-json\/wp\/v2\/categories?post=2055"},{"taxonomy":"post_tag","embeddable":true,"href":"https:\/\/diarioellabrador.cl\/index.php\/wp-json\/wp\/v2\/tags?post=2055"}],"curies":[{"name":"wp","href":"https:\/\/api.w.org\/{rel}","templated":true}]}}