{"id":2049,"date":"2025-04-22T18:55:45","date_gmt":"2025-04-22T22:55:45","guid":{"rendered":"https:\/\/diarioellabrador.cl\/?p=2049"},"modified":"2025-04-22T18:55:45","modified_gmt":"2025-04-22T22:55:45","slug":"san-carlos-se-encuentra-preparado-para-recibir-el-xxxvii-nacional-universitario","status":"publish","type":"post","link":"https:\/\/diarioellabrador.cl\/index.php\/2025\/04\/22\/san-carlos-se-encuentra-preparado-para-recibir-el-xxxvii-nacional-universitario\/","title":{"rendered":"San Carlos se encuentra preparado para recibir el XXXVII Nacional Universitario"},"content":{"rendered":"\n<p><strong>Autor: <\/strong><a href=\"https:\/\/www.caballoyrodeo.cl\/portal_rodeo\/site\/artic\/20240223\/pags\/20240223201413.html\">Alejandro Alegr\u00eda Torres<\/a><\/p>\n\n\n\n<p>La <strong>Rama de Rodeo de la Universidad de Concepci\u00f3n sede Chill\u00e1n <\/strong>y la <a href=\"https:\/\/www.instagram.com\/onares.rodeo\/\"><strong>Organizaci\u00f3n Nacional de Rodeos de la Educaci\u00f3n Superior (Onares)<\/strong><\/a> se encuentran afinando los \u00faltimos detalles para recibir el <strong>XXXVII Campeonato Nacional Universitario<\/strong> en la <strong>Medialuna Monumental de San Carlos<\/strong>.<\/p>\n\n\n\n<p><strong>Alfonso Bobadilla<\/strong>, presidente de Onares, cont\u00f3 a <strong>Caballoyrodeo.cl<\/strong> como avanzan los preparativos del certamen: \u00abQueda la nada misma y ya tenemos casi todo preparado, falta m\u00e1s que nada ordenar un poco el recinto, trabajo que realizaremos esta semana con todos los integrantes de la rama de la Universidad de Concepci\u00f3n con sede en Chill\u00e1n\u00bb.<\/p>\n\n\n\n<p>\u00abVendr\u00e1n 33 ramas de las 36 que integran Onares, siendo un total de 135 jinetes con 260 caballos, que es una gran cantidad. De esos 135 jinetes, tres competir\u00e1n en el Movimiento a la Rienda, dos mujeres y un hombre. Mientras que habr\u00e1 17 colleras en la Serie Criadores, 42 en la Serie Caballos, 33 en la Serie Yeguas, 26 en la Serie Potros y en las tres libres habr\u00e1 55 parejas\u00bb, agreg\u00f3.<\/p>\n\n\n\n<p>Sobre el programa del evento, Bobadilla dijo: \u00abEl rodeo parte a las 09:00 con la acreditaci\u00f3n, que se desarrollar\u00e1 hasta las 18:00 horas. Despu\u00e9s viene el c\u00f3ctel de bienvenida a los jinetes a las 19:00 horas y tras ello se realizar\u00e1 la Reuni\u00f3n Anual de Onares, en donde se presentar\u00e1n los nuevos postulantes para organizar el pr\u00f3ximo Universitario y tambi\u00e9n para ser parte del directorio\u00bb.<\/p>\n\n\n\n<p>\u00abEl viernes comenzamos a las 08:00 con la Serie Criadores, despu\u00e9s se corren continuado Caballos y Yeguas. La ceremonia de inauguraci\u00f3n est\u00e1 presupuestada para las 16:00 horas, despu\u00e9s se corre la Serie Potros y cerraremos con una peque\u00f1a fiesta en el \u00abParaguas\u00bb el d\u00eda viernes\u00bb, agreg\u00f3.<\/p>\n\n\n\n<p>Se\u00f1alando que \u00abel s\u00e1bado, comenzamos nuevamente a las 08:00 con la Primera Serie Libre, luego tendremos una detenci\u00f3n para almorzar, y continuar\u00edamos con la Segunda Serie Libre. A las 20:00 se har\u00e1n los Juegos Criollos, en donde participar\u00e1n tres equipos de 11 universidades en distintas actividades como el caballo m\u00e1s r\u00e1pido, correr con espuelas, entre otras. Mientras que a las 21:30 horas ser\u00e1 la Fiesta Oficial del Rodeo en el casino\u00bb<\/p>\n\n\n\n<p>\u00abEl domingo se har\u00e1 la Tercera Serie Libre, a las 14:00 la final del Movimiento a la Rienda y a las 15:30 ser\u00e1 el inicio de la Serie de Campeones para ver qui\u00e9n ser\u00e1 el nuevo campe\u00f3n universitario\u00bb, se extendi\u00f3.<\/p>\n\n\n\n<p>Bobadilla cont\u00f3 que este evento ser\u00e1 especial para \u00e9l: \u00abEste es mi \u00faltimo Universitario y al igual que el secretario Tom\u00e1s Betancourt dejamos nuestros cargos, y qu\u00e9 mejor que nuestro \u00faltimo Universitario lo organicemos en nuestra casa. Habr\u00e1 tres cupos libres para la nueva directiva\u00bb.<\/p>\n\n\n\n<p>Por \u00faltimo, tambi\u00e9n destac\u00f3 la calidad de novillos que se correr\u00e1n en el rodeo: \u00abEl ganado en todas las series de sexo ser\u00e1 americano, mientras que en las libres se correr\u00e1n novillos de carne de la zona de \u00d1uble. El total de los novillos que se ocupar\u00e1n en el evento es de 470, que son hartos. Mientras que el champion obviamente ser\u00e1 americano\u00bb.<\/p>\n","protected":false},"excerpt":{"rendered":"<p>Autor: Alejandro Alegr\u00eda Torres La Rama de Rodeo de la Universidad de Concepci\u00f3n sede Chill\u00e1n y la Organizaci\u00f3n Nacional de Rodeos de la Educaci\u00f3n Superior (Onares) se encuentran afinando los \u00faltimos detalles para recibir el XXXVII Campeonato Nacional Universitario en la Medialuna Monumental de San Carlos. Alfonso Bobadilla, presidente de Onares, cont\u00f3 a Caballoyrodeo.cl como<\/p>\n<div class=\"read-more-wrapper\"><a class=\"read-more\" href=\"https:\/\/diarioellabrador.cl\/index.php\/2025\/04\/22\/san-carlos-se-encuentra-preparado-para-recibir-el-xxxvii-nacional-universitario\/\" title=\"Leer m\u00e1s\"> <span class=\"button \">Leer m\u00e1s<\/span><\/a><\/div>\n","protected":false},"author":2,"featured_media":2023,"comment_status":"open","ping_status":"open","sticky":false,"template":"","format":"standard","meta":{"footnotes":""},"categories":[5],"tags":[],"class_list":["post-2049","post","type-post","status-publish","format-standard","has-post-thumbnail","hentry","category-rodeo"],"yoast_head":"<!-- This site is optimized with the Yoast SEO plugin v27.5 - https:\/\/yoast.com\/product\/yoast-seo-wordpress\/ -->\n<title>San Carlos se encuentra preparado para recibir el XXXVII Nacional Universitario - Diario El Labrador<\/title>\n<meta name=\"robots\" content=\"index, follow, max-snippet:-1, max-image-preview:large, max-video-preview:-1\" \/>\n<link rel=\"canonical\" href=\"https:\/\/diarioellabrador.cl\/index.php\/2025\/04\/22\/san-carlos-se-encuentra-preparado-para-recibir-el-xxxvii-nacional-universitario\/\" \/>\n<meta property=\"og:locale\" content=\"es_ES\" \/>\n<meta property=\"og:type\" content=\"article\" \/>\n<meta property=\"og:title\" content=\"San Carlos se encuentra preparado para recibir el XXXVII Nacional Universitario - Diario El Labrador\" \/>\n<meta property=\"og:description\" content=\"Autor: Alejandro Alegr\u00eda Torres La Rama de Rodeo de la Universidad de Concepci\u00f3n sede Chill\u00e1n y la Organizaci\u00f3n Nacional de Rodeos de la Educaci\u00f3n Superior (Onares) se encuentran afinando los \u00faltimos detalles para recibir el XXXVII Campeonato Nacional Universitario en la Medialuna Monumental de San Carlos. Alfonso Bobadilla, presidente de Onares, cont\u00f3 a Caballoyrodeo.cl como Leer m\u00e1s\" \/>\n<meta property=\"og:url\" content=\"https:\/\/diarioellabrador.cl\/index.php\/2025\/04\/22\/san-carlos-se-encuentra-preparado-para-recibir-el-xxxvii-nacional-universitario\/\" \/>\n<meta property=\"og:site_name\" content=\"Diario El Labrador\" \/>\n<meta property=\"article:publisher\" content=\"https:\/\/web.facebook.com\/profile.php?id=61576120840621\" \/>\n<meta property=\"article:published_time\" content=\"2025-04-22T22:55:45+00:00\" \/>\n<meta property=\"og:image\" content=\"https:\/\/diarioellabrador.cl\/wp-content\/uploads\/2025\/04\/San-Carlos-se-encuentra-preparado-para-recibir-el-XXXVII-Nacional-Universitario.jpg\" \/>\n\t<meta property=\"og:image:width\" content=\"750\" \/>\n\t<meta property=\"og:image:height\" content=\"389\" \/>\n\t<meta property=\"og:image:type\" content=\"image\/jpeg\" \/>\n<meta name=\"author\" content=\"Editor\" \/>\n<meta name=\"twitter:card\" content=\"summary_large_image\" \/>\n<meta name=\"twitter:creator\" content=\"@ElLabradorOf\" \/>\n<meta name=\"twitter:site\" content=\"@ElLabradorOf\" \/>\n<meta name=\"twitter:label1\" content=\"Escrito por\" \/>\n\t<meta name=\"twitter:data1\" content=\"Editor\" \/>\n\t<meta name=\"twitter:label2\" content=\"Tiempo de lectura\" \/>\n\t<meta name=\"twitter:data2\" content=\"3 minutos\" \/>\n<script type=\"application\/ld+json\" class=\"yoast-schema-graph\">{\"@context\":\"https:\\\/\\\/schema.org\",\"@graph\":[{\"@type\":\"Article\",\"@id\":\"https:\\\/\\\/diarioellabrador.cl\\\/index.php\\\/2025\\\/04\\\/22\\\/san-carlos-se-encuentra-preparado-para-recibir-el-xxxvii-nacional-universitario\\\/#article\",\"isPartOf\":{\"@id\":\"https:\\\/\\\/diarioellabrador.cl\\\/index.php\\\/2025\\\/04\\\/22\\\/san-carlos-se-encuentra-preparado-para-recibir-el-xxxvii-nacional-universitario\\\/\"},\"author\":{\"name\":\"Editor\",\"@id\":\"https:\\\/\\\/diarioellabrador.cl\\\/#\\\/schema\\\/person\\\/bc25ff80b4563f9c7f4bd7855df01685\"},\"headline\":\"San Carlos se encuentra preparado para recibir el XXXVII Nacional Universitario\",\"datePublished\":\"2025-04-22T22:55:45+00:00\",\"mainEntityOfPage\":{\"@id\":\"https:\\\/\\\/diarioellabrador.cl\\\/index.php\\\/2025\\\/04\\\/22\\\/san-carlos-se-encuentra-preparado-para-recibir-el-xxxvii-nacional-universitario\\\/\"},\"wordCount\":530,\"commentCount\":0,\"publisher\":{\"@id\":\"https:\\\/\\\/diarioellabrador.cl\\\/#organization\"},\"image\":{\"@id\":\"https:\\\/\\\/diarioellabrador.cl\\\/index.php\\\/2025\\\/04\\\/22\\\/san-carlos-se-encuentra-preparado-para-recibir-el-xxxvii-nacional-universitario\\\/#primaryimage\"},\"thumbnailUrl\":\"https:\\\/\\\/diarioellabrador.cl\\\/wp-content\\\/uploads\\\/2025\\\/04\\\/San-Carlos-se-encuentra-preparado-para-recibir-el-XXXVII-Nacional-Universitario.jpg\",\"articleSection\":[\"Rodeo\"],\"inLanguage\":\"es\",\"potentialAction\":[{\"@type\":\"CommentAction\",\"name\":\"Comment\",\"target\":[\"https:\\\/\\\/diarioellabrador.cl\\\/index.php\\\/2025\\\/04\\\/22\\\/san-carlos-se-encuentra-preparado-para-recibir-el-xxxvii-nacional-universitario\\\/#respond\"]}]},{\"@type\":\"WebPage\",\"@id\":\"https:\\\/\\\/diarioellabrador.cl\\\/index.php\\\/2025\\\/04\\\/22\\\/san-carlos-se-encuentra-preparado-para-recibir-el-xxxvii-nacional-universitario\\\/\",\"url\":\"https:\\\/\\\/diarioellabrador.cl\\\/index.php\\\/2025\\\/04\\\/22\\\/san-carlos-se-encuentra-preparado-para-recibir-el-xxxvii-nacional-universitario\\\/\",\"name\":\"San Carlos se encuentra preparado para recibir el XXXVII Nacional Universitario - Diario El Labrador\",\"isPartOf\":{\"@id\":\"https:\\\/\\\/diarioellabrador.cl\\\/#website\"},\"primaryImageOfPage\":{\"@id\":\"https:\\\/\\\/diarioellabrador.cl\\\/index.php\\\/2025\\\/04\\\/22\\\/san-carlos-se-encuentra-preparado-para-recibir-el-xxxvii-nacional-universitario\\\/#primaryimage\"},\"image\":{\"@id\":\"https:\\\/\\\/diarioellabrador.cl\\\/index.php\\\/2025\\\/04\\\/22\\\/san-carlos-se-encuentra-preparado-para-recibir-el-xxxvii-nacional-universitario\\\/#primaryimage\"},\"thumbnailUrl\":\"https:\\\/\\\/diarioellabrador.cl\\\/wp-content\\\/uploads\\\/2025\\\/04\\\/San-Carlos-se-encuentra-preparado-para-recibir-el-XXXVII-Nacional-Universitario.jpg\",\"datePublished\":\"2025-04-22T22:55:45+00:00\",\"breadcrumb\":{\"@id\":\"https:\\\/\\\/diarioellabrador.cl\\\/index.php\\\/2025\\\/04\\\/22\\\/san-carlos-se-encuentra-preparado-para-recibir-el-xxxvii-nacional-universitario\\\/#breadcrumb\"},\"inLanguage\":\"es\",\"potentialAction\":[{\"@type\":\"ReadAction\",\"target\":[\"https:\\\/\\\/diarioellabrador.cl\\\/index.php\\\/2025\\\/04\\\/22\\\/san-carlos-se-encuentra-preparado-para-recibir-el-xxxvii-nacional-universitario\\\/\"]}]},{\"@type\":\"ImageObject\",\"inLanguage\":\"es\",\"@id\":\"https:\\\/\\\/diarioellabrador.cl\\\/index.php\\\/2025\\\/04\\\/22\\\/san-carlos-se-encuentra-preparado-para-recibir-el-xxxvii-nacional-universitario\\\/#primaryimage\",\"url\":\"https:\\\/\\\/diarioellabrador.cl\\\/wp-content\\\/uploads\\\/2025\\\/04\\\/San-Carlos-se-encuentra-preparado-para-recibir-el-XXXVII-Nacional-Universitario.jpg\",\"contentUrl\":\"https:\\\/\\\/diarioellabrador.cl\\\/wp-content\\\/uploads\\\/2025\\\/04\\\/San-Carlos-se-encuentra-preparado-para-recibir-el-XXXVII-Nacional-Universitario.jpg\",\"width\":750,\"height\":389},{\"@type\":\"BreadcrumbList\",\"@id\":\"https:\\\/\\\/diarioellabrador.cl\\\/index.php\\\/2025\\\/04\\\/22\\\/san-carlos-se-encuentra-preparado-para-recibir-el-xxxvii-nacional-universitario\\\/#breadcrumb\",\"itemListElement\":[{\"@type\":\"ListItem\",\"position\":1,\"name\":\"Portada\",\"item\":\"https:\\\/\\\/diarioellabrador.cl\\\/\"},{\"@type\":\"ListItem\",\"position\":2,\"name\":\"San Carlos se encuentra preparado para recibir el XXXVII Nacional Universitario\"}]},{\"@type\":\"WebSite\",\"@id\":\"https:\\\/\\\/diarioellabrador.cl\\\/#website\",\"url\":\"https:\\\/\\\/diarioellabrador.cl\\\/\",\"name\":\"Diario El Labrador\",\"description\":\"Haciendo noticia desde 1921\",\"publisher\":{\"@id\":\"https:\\\/\\\/diarioellabrador.cl\\\/#organization\"},\"potentialAction\":[{\"@type\":\"SearchAction\",\"target\":{\"@type\":\"EntryPoint\",\"urlTemplate\":\"https:\\\/\\\/diarioellabrador.cl\\\/?s={search_term_string}\"},\"query-input\":{\"@type\":\"PropertyValueSpecification\",\"valueRequired\":true,\"valueName\":\"search_term_string\"}}],\"inLanguage\":\"es\"},{\"@type\":\"Organization\",\"@id\":\"https:\\\/\\\/diarioellabrador.cl\\\/#organization\",\"name\":\"Diario El Labrador\",\"url\":\"https:\\\/\\\/diarioellabrador.cl\\\/\",\"logo\":{\"@type\":\"ImageObject\",\"inLanguage\":\"es\",\"@id\":\"https:\\\/\\\/diarioellabrador.cl\\\/#\\\/schema\\\/logo\\\/image\\\/\",\"url\":\"https:\\\/\\\/diarioellabrador.cl\\\/wp-content\\\/uploads\\\/2025\\\/02\\\/cropped-Logo-Icono.png\",\"contentUrl\":\"https:\\\/\\\/diarioellabrador.cl\\\/wp-content\\\/uploads\\\/2025\\\/02\\\/cropped-Logo-Icono.png\",\"width\":512,\"height\":512,\"caption\":\"Diario El Labrador\"},\"image\":{\"@id\":\"https:\\\/\\\/diarioellabrador.cl\\\/#\\\/schema\\\/logo\\\/image\\\/\"},\"sameAs\":[\"https:\\\/\\\/web.facebook.com\\\/profile.php?id=61576120840621\",\"https:\\\/\\\/x.com\\\/ElLabradorOf\",\"https:\\\/\\\/www.instagram.com\\\/diarioellabradoroficial\\\/\"]},{\"@type\":\"Person\",\"@id\":\"https:\\\/\\\/diarioellabrador.cl\\\/#\\\/schema\\\/person\\\/bc25ff80b4563f9c7f4bd7855df01685\",\"name\":\"Editor\",\"image\":{\"@type\":\"ImageObject\",\"inLanguage\":\"es\",\"@id\":\"https:\\\/\\\/secure.gravatar.com\\\/avatar\\\/109c326cf2be5c04f048c2c2a2b8b6ef44bf3d8d1d3d4c55d0ac40c4bc994684?s=96&d=mm&r=g\",\"url\":\"https:\\\/\\\/secure.gravatar.com\\\/avatar\\\/109c326cf2be5c04f048c2c2a2b8b6ef44bf3d8d1d3d4c55d0ac40c4bc994684?s=96&d=mm&r=g\",\"contentUrl\":\"https:\\\/\\\/secure.gravatar.com\\\/avatar\\\/109c326cf2be5c04f048c2c2a2b8b6ef44bf3d8d1d3d4c55d0ac40c4bc994684?s=96&d=mm&r=g\",\"caption\":\"Editor\"},\"url\":\"https:\\\/\\\/diarioellabrador.cl\\\/index.php\\\/author\\\/editor\\\/\"}]}<\/script>\n<!-- \/ Yoast SEO plugin. -->","yoast_head_json":{"title":"San Carlos se encuentra preparado para recibir el XXXVII Nacional Universitario - Diario El Labrador","robots":{"index":"index","follow":"follow","max-snippet":"max-snippet:-1","max-image-preview":"max-image-preview:large","max-video-preview":"max-video-preview:-1"},"canonical":"https:\/\/diarioellabrador.cl\/index.php\/2025\/04\/22\/san-carlos-se-encuentra-preparado-para-recibir-el-xxxvii-nacional-universitario\/","og_locale":"es_ES","og_type":"article","og_title":"San Carlos se encuentra preparado para recibir el XXXVII Nacional Universitario - Diario El Labrador","og_description":"Autor: Alejandro Alegr\u00eda Torres La Rama de Rodeo de la Universidad de Concepci\u00f3n sede Chill\u00e1n y la Organizaci\u00f3n Nacional de Rodeos de la Educaci\u00f3n Superior (Onares) se encuentran afinando los \u00faltimos detalles para recibir el XXXVII Campeonato Nacional Universitario en la Medialuna Monumental de San Carlos. Alfonso Bobadilla, presidente de Onares, cont\u00f3 a Caballoyrodeo.cl como Leer m\u00e1s","og_url":"https:\/\/diarioellabrador.cl\/index.php\/2025\/04\/22\/san-carlos-se-encuentra-preparado-para-recibir-el-xxxvii-nacional-universitario\/","og_site_name":"Diario El Labrador","article_publisher":"https:\/\/web.facebook.com\/profile.php?id=61576120840621","article_published_time":"2025-04-22T22:55:45+00:00","og_image":[{"width":750,"height":389,"url":"https:\/\/diarioellabrador.cl\/wp-content\/uploads\/2025\/04\/San-Carlos-se-encuentra-preparado-para-recibir-el-XXXVII-Nacional-Universitario.jpg","type":"image\/jpeg"}],"author":"Editor","twitter_card":"summary_large_image","twitter_creator":"@ElLabradorOf","twitter_site":"@ElLabradorOf","twitter_misc":{"Escrito por":"Editor","Tiempo de lectura":"3 minutos"},"schema":{"@context":"https:\/\/schema.org","@graph":[{"@type":"Article","@id":"https:\/\/diarioellabrador.cl\/index.php\/2025\/04\/22\/san-carlos-se-encuentra-preparado-para-recibir-el-xxxvii-nacional-universitario\/#article","isPartOf":{"@id":"https:\/\/diarioellabrador.cl\/index.php\/2025\/04\/22\/san-carlos-se-encuentra-preparado-para-recibir-el-xxxvii-nacional-universitario\/"},"author":{"name":"Editor","@id":"https:\/\/diarioellabrador.cl\/#\/schema\/person\/bc25ff80b4563f9c7f4bd7855df01685"},"headline":"San Carlos se encuentra preparado para recibir el XXXVII Nacional Universitario","datePublished":"2025-04-22T22:55:45+00:00","mainEntityOfPage":{"@id":"https:\/\/diarioellabrador.cl\/index.php\/2025\/04\/22\/san-carlos-se-encuentra-preparado-para-recibir-el-xxxvii-nacional-universitario\/"},"wordCount":530,"commentCount":0,"publisher":{"@id":"https:\/\/diarioellabrador.cl\/#organization"},"image":{"@id":"https:\/\/diarioellabrador.cl\/index.php\/2025\/04\/22\/san-carlos-se-encuentra-preparado-para-recibir-el-xxxvii-nacional-universitario\/#primaryimage"},"thumbnailUrl":"https:\/\/diarioellabrador.cl\/wp-content\/uploads\/2025\/04\/San-Carlos-se-encuentra-preparado-para-recibir-el-XXXVII-Nacional-Universitario.jpg","articleSection":["Rodeo"],"inLanguage":"es","potentialAction":[{"@type":"CommentAction","name":"Comment","target":["https:\/\/diarioellabrador.cl\/index.php\/2025\/04\/22\/san-carlos-se-encuentra-preparado-para-recibir-el-xxxvii-nacional-universitario\/#respond"]}]},{"@type":"WebPage","@id":"https:\/\/diarioellabrador.cl\/index.php\/2025\/04\/22\/san-carlos-se-encuentra-preparado-para-recibir-el-xxxvii-nacional-universitario\/","url":"https:\/\/diarioellabrador.cl\/index.php\/2025\/04\/22\/san-carlos-se-encuentra-preparado-para-recibir-el-xxxvii-nacional-universitario\/","name":"San Carlos se encuentra preparado para recibir el XXXVII Nacional Universitario - Diario El Labrador","isPartOf":{"@id":"https:\/\/diarioellabrador.cl\/#website"},"primaryImageOfPage":{"@id":"https:\/\/diarioellabrador.cl\/index.php\/2025\/04\/22\/san-carlos-se-encuentra-preparado-para-recibir-el-xxxvii-nacional-universitario\/#primaryimage"},"image":{"@id":"https:\/\/diarioellabrador.cl\/index.php\/2025\/04\/22\/san-carlos-se-encuentra-preparado-para-recibir-el-xxxvii-nacional-universitario\/#primaryimage"},"thumbnailUrl":"https:\/\/diarioellabrador.cl\/wp-content\/uploads\/2025\/04\/San-Carlos-se-encuentra-preparado-para-recibir-el-XXXVII-Nacional-Universitario.jpg","datePublished":"2025-04-22T22:55:45+00:00","breadcrumb":{"@id":"https:\/\/diarioellabrador.cl\/index.php\/2025\/04\/22\/san-carlos-se-encuentra-preparado-para-recibir-el-xxxvii-nacional-universitario\/#breadcrumb"},"inLanguage":"es","potentialAction":[{"@type":"ReadAction","target":["https:\/\/diarioellabrador.cl\/index.php\/2025\/04\/22\/san-carlos-se-encuentra-preparado-para-recibir-el-xxxvii-nacional-universitario\/"]}]},{"@type":"ImageObject","inLanguage":"es","@id":"https:\/\/diarioellabrador.cl\/index.php\/2025\/04\/22\/san-carlos-se-encuentra-preparado-para-recibir-el-xxxvii-nacional-universitario\/#primaryimage","url":"https:\/\/diarioellabrador.cl\/wp-content\/uploads\/2025\/04\/San-Carlos-se-encuentra-preparado-para-recibir-el-XXXVII-Nacional-Universitario.jpg","contentUrl":"https:\/\/diarioellabrador.cl\/wp-content\/uploads\/2025\/04\/San-Carlos-se-encuentra-preparado-para-recibir-el-XXXVII-Nacional-Universitario.jpg","width":750,"height":389},{"@type":"BreadcrumbList","@id":"https:\/\/diarioellabrador.cl\/index.php\/2025\/04\/22\/san-carlos-se-encuentra-preparado-para-recibir-el-xxxvii-nacional-universitario\/#breadcrumb","itemListElement":[{"@type":"ListItem","position":1,"name":"Portada","item":"https:\/\/diarioellabrador.cl\/"},{"@type":"ListItem","position":2,"name":"San Carlos se encuentra preparado para recibir el XXXVII Nacional Universitario"}]},{"@type":"WebSite","@id":"https:\/\/diarioellabrador.cl\/#website","url":"https:\/\/diarioellabrador.cl\/","name":"Diario El Labrador","description":"Haciendo noticia desde 1921","publisher":{"@id":"https:\/\/diarioellabrador.cl\/#organization"},"potentialAction":[{"@type":"SearchAction","target":{"@type":"EntryPoint","urlTemplate":"https:\/\/diarioellabrador.cl\/?s={search_term_string}"},"query-input":{"@type":"PropertyValueSpecification","valueRequired":true,"valueName":"search_term_string"}}],"inLanguage":"es"},{"@type":"Organization","@id":"https:\/\/diarioellabrador.cl\/#organization","name":"Diario El Labrador","url":"https:\/\/diarioellabrador.cl\/","logo":{"@type":"ImageObject","inLanguage":"es","@id":"https:\/\/diarioellabrador.cl\/#\/schema\/logo\/image\/","url":"https:\/\/diarioellabrador.cl\/wp-content\/uploads\/2025\/02\/cropped-Logo-Icono.png","contentUrl":"https:\/\/diarioellabrador.cl\/wp-content\/uploads\/2025\/02\/cropped-Logo-Icono.png","width":512,"height":512,"caption":"Diario El Labrador"},"image":{"@id":"https:\/\/diarioellabrador.cl\/#\/schema\/logo\/image\/"},"sameAs":["https:\/\/web.facebook.com\/profile.php?id=61576120840621","https:\/\/x.com\/ElLabradorOf","https:\/\/www.instagram.com\/diarioellabradoroficial\/"]},{"@type":"Person","@id":"https:\/\/diarioellabrador.cl\/#\/schema\/person\/bc25ff80b4563f9c7f4bd7855df01685","name":"Editor","image":{"@type":"ImageObject","inLanguage":"es","@id":"https:\/\/secure.gravatar.com\/avatar\/109c326cf2be5c04f048c2c2a2b8b6ef44bf3d8d1d3d4c55d0ac40c4bc994684?s=96&d=mm&r=g","url":"https:\/\/secure.gravatar.com\/avatar\/109c326cf2be5c04f048c2c2a2b8b6ef44bf3d8d1d3d4c55d0ac40c4bc994684?s=96&d=mm&r=g","contentUrl":"https:\/\/secure.gravatar.com\/avatar\/109c326cf2be5c04f048c2c2a2b8b6ef44bf3d8d1d3d4c55d0ac40c4bc994684?s=96&d=mm&r=g","caption":"Editor"},"url":"https:\/\/diarioellabrador.cl\/index.php\/author\/editor\/"}]}},"_links":{"self":[{"href":"https:\/\/diarioellabrador.cl\/index.php\/wp-json\/wp\/v2\/posts\/2049","targetHints":{"allow":["GET"]}}],"collection":[{"href":"https:\/\/diarioellabrador.cl\/index.php\/wp-json\/wp\/v2\/posts"}],"about":[{"href":"https:\/\/diarioellabrador.cl\/index.php\/wp-json\/wp\/v2\/types\/post"}],"author":[{"embeddable":true,"href":"https:\/\/diarioellabrador.cl\/index.php\/wp-json\/wp\/v2\/users\/2"}],"replies":[{"embeddable":true,"href":"https:\/\/diarioellabrador.cl\/index.php\/wp-json\/wp\/v2\/comments?post=2049"}],"version-history":[{"count":1,"href":"https:\/\/diarioellabrador.cl\/index.php\/wp-json\/wp\/v2\/posts\/2049\/revisions"}],"predecessor-version":[{"id":2050,"href":"https:\/\/diarioellabrador.cl\/index.php\/wp-json\/wp\/v2\/posts\/2049\/revisions\/2050"}],"wp:featuredmedia":[{"embeddable":true,"href":"https:\/\/diarioellabrador.cl\/index.php\/wp-json\/wp\/v2\/media\/2023"}],"wp:attachment":[{"href":"https:\/\/diarioellabrador.cl\/index.php\/wp-json\/wp\/v2\/media?parent=2049"}],"wp:term":[{"taxonomy":"category","embeddable":true,"href":"https:\/\/diarioellabrador.cl\/index.php\/wp-json\/wp\/v2\/categories?post=2049"},{"taxonomy":"post_tag","embeddable":true,"href":"https:\/\/diarioellabrador.cl\/index.php\/wp-json\/wp\/v2\/tags?post=2049"}],"curies":[{"name":"wp","href":"https:\/\/api.w.org\/{rel}","templated":true}]}}