{"id":18902,"date":"2026-05-02T18:37:00","date_gmt":"2026-05-02T22:37:00","guid":{"rendered":"https:\/\/diarioellabrador.cl\/?p=18902"},"modified":"2026-05-02T16:38:32","modified_gmt":"2026-05-02T20:38:32","slug":"cientos-de-estudiantes-de-todo-alhue-participaron-de-nueva-corrida-escolar","status":"publish","type":"post","link":"https:\/\/diarioellabrador.cl\/index.php\/2026\/05\/02\/cientos-de-estudiantes-de-todo-alhue-participaron-de-nueva-corrida-escolar\/","title":{"rendered":"Cientos de estudiantes de todo Alhu\u00e9 participaron de nueva Corrida Escolar"},"content":{"rendered":"\n<p>Con una gran participaci\u00f3n y entusiasmo, estudiantes de 5\u00b0 b\u00e1sico a 4\u00b0 medio de todos los establecimientos educacionales de la comuna fueron protagonistas de una nueva Corrida Escolar, actividad que se desarroll\u00f3 en el marco de la conmemoraci\u00f3n del D\u00eda del Deporte y del D\u00eda de la Sana Convivencia Escolar.<\/p>\n\n\n\n<p>En la actividad estuvieron presentes la Alcaldesa Marcela Chamorro Mac\u00edas, y el concejal Manuel Gonz\u00e1lez, quienes valoraron la masiva convocatoria y destacaron la importancia de seguir impulsando espacios que fomenten el deporte, la recreaci\u00f3n y la vida sana entre los estudiantes de la comuna.<\/p>\n\n\n\n<p>La jornada reuni\u00f3 a cientos de ni\u00f1os, ni\u00f1as y j\u00f3venes, quienes demostraron su energ\u00eda, compromiso y esp\u00edritu deportivo en una iniciativa orientada a promover h\u00e1bitos de vida saludable, la actividad f\u00edsica y la sana competencia, fortaleciendo adem\u00e1s los lazos de compa\u00f1erismo y respeto entre las comunidades educativas de Alhu\u00e9.<\/p>\n\n\n\n<p>La m\u00e1xima autoridad se\u00f1al\u00f3 que este tipo de instancias son fundamentales para el desarrollo integral de los ni\u00f1os y j\u00f3venes, ya que no solo promueven la actividad f\u00edsica, sino que tambi\u00e9n fortalecen valores tan importantes como el trabajo en equipo, la perseverancia y la convivencia escolar.<\/p>\n\n\n\n<p>Desde el municipio se contin\u00faa reafirmando el compromiso con la educaci\u00f3n, el deporte y el bienestar de toda la comunidad escolar, generando actividades que contribuyan a formar estudiantes m\u00e1s saludables, activos y comprometidos con su entorno.<\/p>\n","protected":false},"excerpt":{"rendered":"<p>Con una gran participaci\u00f3n y entusiasmo, estudiantes de 5\u00b0 b\u00e1sico a 4\u00b0 medio de todos los establecimientos educacionales de la comuna fueron protagonistas de una nueva Corrida Escolar, actividad que se desarroll\u00f3 en el marco de la conmemoraci\u00f3n del D\u00eda del Deporte y del D\u00eda de la Sana Convivencia Escolar. En la actividad estuvieron presentes<\/p>\n<div class=\"read-more-wrapper\"><a class=\"read-more\" href=\"https:\/\/diarioellabrador.cl\/index.php\/2026\/05\/02\/cientos-de-estudiantes-de-todo-alhue-participaron-de-nueva-corrida-escolar\/\" title=\"Leer m\u00e1s\"> <span class=\"button \">Leer m\u00e1s<\/span><\/a><\/div>\n","protected":false},"author":2,"featured_media":18843,"comment_status":"open","ping_status":"open","sticky":false,"template":"","format":"standard","meta":{"footnotes":""},"categories":[1],"tags":[],"class_list":["post-18902","post","type-post","status-publish","format-standard","has-post-thumbnail","hentry","category-cronica"],"yoast_head":"<!-- This site is optimized with the Yoast SEO plugin v27.5 - https:\/\/yoast.com\/product\/yoast-seo-wordpress\/ -->\n<title>Cientos de estudiantes de todo Alhu\u00e9 participaron de nueva Corrida Escolar - Diario El Labrador<\/title>\n<meta name=\"robots\" content=\"index, follow, max-snippet:-1, max-image-preview:large, max-video-preview:-1\" \/>\n<link rel=\"canonical\" href=\"https:\/\/diarioellabrador.cl\/index.php\/2026\/05\/02\/cientos-de-estudiantes-de-todo-alhue-participaron-de-nueva-corrida-escolar\/\" \/>\n<meta property=\"og:locale\" content=\"es_ES\" \/>\n<meta property=\"og:type\" content=\"article\" \/>\n<meta property=\"og:title\" content=\"Cientos de estudiantes de todo Alhu\u00e9 participaron de nueva Corrida Escolar - Diario El Labrador\" \/>\n<meta property=\"og:description\" content=\"Con una gran participaci\u00f3n y entusiasmo, estudiantes de 5\u00b0 b\u00e1sico a 4\u00b0 medio de todos los establecimientos educacionales de la comuna fueron protagonistas de una nueva Corrida Escolar, actividad que se desarroll\u00f3 en el marco de la conmemoraci\u00f3n del D\u00eda del Deporte y del D\u00eda de la Sana Convivencia Escolar. En la actividad estuvieron presentes Leer m\u00e1s\" \/>\n<meta property=\"og:url\" content=\"https:\/\/diarioellabrador.cl\/index.php\/2026\/05\/02\/cientos-de-estudiantes-de-todo-alhue-participaron-de-nueva-corrida-escolar\/\" \/>\n<meta property=\"og:site_name\" content=\"Diario El Labrador\" \/>\n<meta property=\"article:publisher\" content=\"https:\/\/web.facebook.com\/profile.php?id=61576120840621\" \/>\n<meta property=\"article:published_time\" content=\"2026-05-02T22:37:00+00:00\" \/>\n<meta property=\"og:image\" content=\"https:\/\/diarioellabrador.cl\/wp-content\/uploads\/2026\/05\/Cientos-de-estudiantes-de-todo-Alhue-participaron-de-nueva-Corrida-Escolar1.jpg\" \/>\n\t<meta property=\"og:image:width\" content=\"2048\" \/>\n\t<meta property=\"og:image:height\" content=\"1367\" \/>\n\t<meta property=\"og:image:type\" content=\"image\/jpeg\" \/>\n<meta name=\"author\" content=\"Editor\" \/>\n<meta name=\"twitter:card\" content=\"summary_large_image\" \/>\n<meta name=\"twitter:creator\" content=\"@ElLabradorOf\" \/>\n<meta name=\"twitter:site\" content=\"@ElLabradorOf\" \/>\n<meta name=\"twitter:label1\" content=\"Escrito por\" \/>\n\t<meta name=\"twitter:data1\" content=\"Editor\" \/>\n\t<meta name=\"twitter:label2\" content=\"Tiempo de lectura\" \/>\n\t<meta name=\"twitter:data2\" content=\"2 minutos\" \/>\n<script type=\"application\/ld+json\" class=\"yoast-schema-graph\">{\"@context\":\"https:\\\/\\\/schema.org\",\"@graph\":[{\"@type\":\"Article\",\"@id\":\"https:\\\/\\\/diarioellabrador.cl\\\/index.php\\\/2026\\\/05\\\/02\\\/cientos-de-estudiantes-de-todo-alhue-participaron-de-nueva-corrida-escolar\\\/#article\",\"isPartOf\":{\"@id\":\"https:\\\/\\\/diarioellabrador.cl\\\/index.php\\\/2026\\\/05\\\/02\\\/cientos-de-estudiantes-de-todo-alhue-participaron-de-nueva-corrida-escolar\\\/\"},\"author\":{\"name\":\"Editor\",\"@id\":\"https:\\\/\\\/diarioellabrador.cl\\\/#\\\/schema\\\/person\\\/bc25ff80b4563f9c7f4bd7855df01685\"},\"headline\":\"Cientos de estudiantes de todo Alhu\u00e9 participaron de nueva Corrida Escolar\",\"datePublished\":\"2026-05-02T22:37:00+00:00\",\"mainEntityOfPage\":{\"@id\":\"https:\\\/\\\/diarioellabrador.cl\\\/index.php\\\/2026\\\/05\\\/02\\\/cientos-de-estudiantes-de-todo-alhue-participaron-de-nueva-corrida-escolar\\\/\"},\"wordCount\":260,\"commentCount\":0,\"publisher\":{\"@id\":\"https:\\\/\\\/diarioellabrador.cl\\\/#organization\"},\"image\":{\"@id\":\"https:\\\/\\\/diarioellabrador.cl\\\/index.php\\\/2026\\\/05\\\/02\\\/cientos-de-estudiantes-de-todo-alhue-participaron-de-nueva-corrida-escolar\\\/#primaryimage\"},\"thumbnailUrl\":\"https:\\\/\\\/diarioellabrador.cl\\\/wp-content\\\/uploads\\\/2026\\\/05\\\/Cientos-de-estudiantes-de-todo-Alhue-participaron-de-nueva-Corrida-Escolar1.jpg\",\"articleSection\":[\"Cr\u00f3nica\"],\"inLanguage\":\"es\",\"potentialAction\":[{\"@type\":\"CommentAction\",\"name\":\"Comment\",\"target\":[\"https:\\\/\\\/diarioellabrador.cl\\\/index.php\\\/2026\\\/05\\\/02\\\/cientos-de-estudiantes-de-todo-alhue-participaron-de-nueva-corrida-escolar\\\/#respond\"]}]},{\"@type\":\"WebPage\",\"@id\":\"https:\\\/\\\/diarioellabrador.cl\\\/index.php\\\/2026\\\/05\\\/02\\\/cientos-de-estudiantes-de-todo-alhue-participaron-de-nueva-corrida-escolar\\\/\",\"url\":\"https:\\\/\\\/diarioellabrador.cl\\\/index.php\\\/2026\\\/05\\\/02\\\/cientos-de-estudiantes-de-todo-alhue-participaron-de-nueva-corrida-escolar\\\/\",\"name\":\"Cientos de estudiantes de todo Alhu\u00e9 participaron de nueva Corrida Escolar - Diario El Labrador\",\"isPartOf\":{\"@id\":\"https:\\\/\\\/diarioellabrador.cl\\\/#website\"},\"primaryImageOfPage\":{\"@id\":\"https:\\\/\\\/diarioellabrador.cl\\\/index.php\\\/2026\\\/05\\\/02\\\/cientos-de-estudiantes-de-todo-alhue-participaron-de-nueva-corrida-escolar\\\/#primaryimage\"},\"image\":{\"@id\":\"https:\\\/\\\/diarioellabrador.cl\\\/index.php\\\/2026\\\/05\\\/02\\\/cientos-de-estudiantes-de-todo-alhue-participaron-de-nueva-corrida-escolar\\\/#primaryimage\"},\"thumbnailUrl\":\"https:\\\/\\\/diarioellabrador.cl\\\/wp-content\\\/uploads\\\/2026\\\/05\\\/Cientos-de-estudiantes-de-todo-Alhue-participaron-de-nueva-Corrida-Escolar1.jpg\",\"datePublished\":\"2026-05-02T22:37:00+00:00\",\"breadcrumb\":{\"@id\":\"https:\\\/\\\/diarioellabrador.cl\\\/index.php\\\/2026\\\/05\\\/02\\\/cientos-de-estudiantes-de-todo-alhue-participaron-de-nueva-corrida-escolar\\\/#breadcrumb\"},\"inLanguage\":\"es\",\"potentialAction\":[{\"@type\":\"ReadAction\",\"target\":[\"https:\\\/\\\/diarioellabrador.cl\\\/index.php\\\/2026\\\/05\\\/02\\\/cientos-de-estudiantes-de-todo-alhue-participaron-de-nueva-corrida-escolar\\\/\"]}]},{\"@type\":\"ImageObject\",\"inLanguage\":\"es\",\"@id\":\"https:\\\/\\\/diarioellabrador.cl\\\/index.php\\\/2026\\\/05\\\/02\\\/cientos-de-estudiantes-de-todo-alhue-participaron-de-nueva-corrida-escolar\\\/#primaryimage\",\"url\":\"https:\\\/\\\/diarioellabrador.cl\\\/wp-content\\\/uploads\\\/2026\\\/05\\\/Cientos-de-estudiantes-de-todo-Alhue-participaron-de-nueva-Corrida-Escolar1.jpg\",\"contentUrl\":\"https:\\\/\\\/diarioellabrador.cl\\\/wp-content\\\/uploads\\\/2026\\\/05\\\/Cientos-de-estudiantes-de-todo-Alhue-participaron-de-nueva-Corrida-Escolar1.jpg\",\"width\":2048,\"height\":1367},{\"@type\":\"BreadcrumbList\",\"@id\":\"https:\\\/\\\/diarioellabrador.cl\\\/index.php\\\/2026\\\/05\\\/02\\\/cientos-de-estudiantes-de-todo-alhue-participaron-de-nueva-corrida-escolar\\\/#breadcrumb\",\"itemListElement\":[{\"@type\":\"ListItem\",\"position\":1,\"name\":\"Portada\",\"item\":\"https:\\\/\\\/diarioellabrador.cl\\\/\"},{\"@type\":\"ListItem\",\"position\":2,\"name\":\"Cientos de estudiantes de todo Alhu\u00e9 participaron de nueva Corrida Escolar\"}]},{\"@type\":\"WebSite\",\"@id\":\"https:\\\/\\\/diarioellabrador.cl\\\/#website\",\"url\":\"https:\\\/\\\/diarioellabrador.cl\\\/\",\"name\":\"Diario El Labrador\",\"description\":\"Haciendo noticia desde 1921\",\"publisher\":{\"@id\":\"https:\\\/\\\/diarioellabrador.cl\\\/#organization\"},\"potentialAction\":[{\"@type\":\"SearchAction\",\"target\":{\"@type\":\"EntryPoint\",\"urlTemplate\":\"https:\\\/\\\/diarioellabrador.cl\\\/?s={search_term_string}\"},\"query-input\":{\"@type\":\"PropertyValueSpecification\",\"valueRequired\":true,\"valueName\":\"search_term_string\"}}],\"inLanguage\":\"es\"},{\"@type\":\"Organization\",\"@id\":\"https:\\\/\\\/diarioellabrador.cl\\\/#organization\",\"name\":\"Diario El Labrador\",\"url\":\"https:\\\/\\\/diarioellabrador.cl\\\/\",\"logo\":{\"@type\":\"ImageObject\",\"inLanguage\":\"es\",\"@id\":\"https:\\\/\\\/diarioellabrador.cl\\\/#\\\/schema\\\/logo\\\/image\\\/\",\"url\":\"https:\\\/\\\/diarioellabrador.cl\\\/wp-content\\\/uploads\\\/2025\\\/02\\\/cropped-Logo-Icono.png\",\"contentUrl\":\"https:\\\/\\\/diarioellabrador.cl\\\/wp-content\\\/uploads\\\/2025\\\/02\\\/cropped-Logo-Icono.png\",\"width\":512,\"height\":512,\"caption\":\"Diario El Labrador\"},\"image\":{\"@id\":\"https:\\\/\\\/diarioellabrador.cl\\\/#\\\/schema\\\/logo\\\/image\\\/\"},\"sameAs\":[\"https:\\\/\\\/web.facebook.com\\\/profile.php?id=61576120840621\",\"https:\\\/\\\/x.com\\\/ElLabradorOf\",\"https:\\\/\\\/www.instagram.com\\\/diarioellabradoroficial\\\/\"]},{\"@type\":\"Person\",\"@id\":\"https:\\\/\\\/diarioellabrador.cl\\\/#\\\/schema\\\/person\\\/bc25ff80b4563f9c7f4bd7855df01685\",\"name\":\"Editor\",\"image\":{\"@type\":\"ImageObject\",\"inLanguage\":\"es\",\"@id\":\"https:\\\/\\\/secure.gravatar.com\\\/avatar\\\/109c326cf2be5c04f048c2c2a2b8b6ef44bf3d8d1d3d4c55d0ac40c4bc994684?s=96&d=mm&r=g\",\"url\":\"https:\\\/\\\/secure.gravatar.com\\\/avatar\\\/109c326cf2be5c04f048c2c2a2b8b6ef44bf3d8d1d3d4c55d0ac40c4bc994684?s=96&d=mm&r=g\",\"contentUrl\":\"https:\\\/\\\/secure.gravatar.com\\\/avatar\\\/109c326cf2be5c04f048c2c2a2b8b6ef44bf3d8d1d3d4c55d0ac40c4bc994684?s=96&d=mm&r=g\",\"caption\":\"Editor\"},\"url\":\"https:\\\/\\\/diarioellabrador.cl\\\/index.php\\\/author\\\/editor\\\/\"}]}<\/script>\n<!-- \/ Yoast SEO plugin. -->","yoast_head_json":{"title":"Cientos de estudiantes de todo Alhu\u00e9 participaron de nueva Corrida Escolar - Diario El Labrador","robots":{"index":"index","follow":"follow","max-snippet":"max-snippet:-1","max-image-preview":"max-image-preview:large","max-video-preview":"max-video-preview:-1"},"canonical":"https:\/\/diarioellabrador.cl\/index.php\/2026\/05\/02\/cientos-de-estudiantes-de-todo-alhue-participaron-de-nueva-corrida-escolar\/","og_locale":"es_ES","og_type":"article","og_title":"Cientos de estudiantes de todo Alhu\u00e9 participaron de nueva Corrida Escolar - Diario El Labrador","og_description":"Con una gran participaci\u00f3n y entusiasmo, estudiantes de 5\u00b0 b\u00e1sico a 4\u00b0 medio de todos los establecimientos educacionales de la comuna fueron protagonistas de una nueva Corrida Escolar, actividad que se desarroll\u00f3 en el marco de la conmemoraci\u00f3n del D\u00eda del Deporte y del D\u00eda de la Sana Convivencia Escolar. En la actividad estuvieron presentes Leer m\u00e1s","og_url":"https:\/\/diarioellabrador.cl\/index.php\/2026\/05\/02\/cientos-de-estudiantes-de-todo-alhue-participaron-de-nueva-corrida-escolar\/","og_site_name":"Diario El Labrador","article_publisher":"https:\/\/web.facebook.com\/profile.php?id=61576120840621","article_published_time":"2026-05-02T22:37:00+00:00","og_image":[{"width":2048,"height":1367,"url":"https:\/\/diarioellabrador.cl\/wp-content\/uploads\/2026\/05\/Cientos-de-estudiantes-de-todo-Alhue-participaron-de-nueva-Corrida-Escolar1.jpg","type":"image\/jpeg"}],"author":"Editor","twitter_card":"summary_large_image","twitter_creator":"@ElLabradorOf","twitter_site":"@ElLabradorOf","twitter_misc":{"Escrito por":"Editor","Tiempo de lectura":"2 minutos"},"schema":{"@context":"https:\/\/schema.org","@graph":[{"@type":"Article","@id":"https:\/\/diarioellabrador.cl\/index.php\/2026\/05\/02\/cientos-de-estudiantes-de-todo-alhue-participaron-de-nueva-corrida-escolar\/#article","isPartOf":{"@id":"https:\/\/diarioellabrador.cl\/index.php\/2026\/05\/02\/cientos-de-estudiantes-de-todo-alhue-participaron-de-nueva-corrida-escolar\/"},"author":{"name":"Editor","@id":"https:\/\/diarioellabrador.cl\/#\/schema\/person\/bc25ff80b4563f9c7f4bd7855df01685"},"headline":"Cientos de estudiantes de todo Alhu\u00e9 participaron de nueva Corrida Escolar","datePublished":"2026-05-02T22:37:00+00:00","mainEntityOfPage":{"@id":"https:\/\/diarioellabrador.cl\/index.php\/2026\/05\/02\/cientos-de-estudiantes-de-todo-alhue-participaron-de-nueva-corrida-escolar\/"},"wordCount":260,"commentCount":0,"publisher":{"@id":"https:\/\/diarioellabrador.cl\/#organization"},"image":{"@id":"https:\/\/diarioellabrador.cl\/index.php\/2026\/05\/02\/cientos-de-estudiantes-de-todo-alhue-participaron-de-nueva-corrida-escolar\/#primaryimage"},"thumbnailUrl":"https:\/\/diarioellabrador.cl\/wp-content\/uploads\/2026\/05\/Cientos-de-estudiantes-de-todo-Alhue-participaron-de-nueva-Corrida-Escolar1.jpg","articleSection":["Cr\u00f3nica"],"inLanguage":"es","potentialAction":[{"@type":"CommentAction","name":"Comment","target":["https:\/\/diarioellabrador.cl\/index.php\/2026\/05\/02\/cientos-de-estudiantes-de-todo-alhue-participaron-de-nueva-corrida-escolar\/#respond"]}]},{"@type":"WebPage","@id":"https:\/\/diarioellabrador.cl\/index.php\/2026\/05\/02\/cientos-de-estudiantes-de-todo-alhue-participaron-de-nueva-corrida-escolar\/","url":"https:\/\/diarioellabrador.cl\/index.php\/2026\/05\/02\/cientos-de-estudiantes-de-todo-alhue-participaron-de-nueva-corrida-escolar\/","name":"Cientos de estudiantes de todo Alhu\u00e9 participaron de nueva Corrida Escolar - Diario El Labrador","isPartOf":{"@id":"https:\/\/diarioellabrador.cl\/#website"},"primaryImageOfPage":{"@id":"https:\/\/diarioellabrador.cl\/index.php\/2026\/05\/02\/cientos-de-estudiantes-de-todo-alhue-participaron-de-nueva-corrida-escolar\/#primaryimage"},"image":{"@id":"https:\/\/diarioellabrador.cl\/index.php\/2026\/05\/02\/cientos-de-estudiantes-de-todo-alhue-participaron-de-nueva-corrida-escolar\/#primaryimage"},"thumbnailUrl":"https:\/\/diarioellabrador.cl\/wp-content\/uploads\/2026\/05\/Cientos-de-estudiantes-de-todo-Alhue-participaron-de-nueva-Corrida-Escolar1.jpg","datePublished":"2026-05-02T22:37:00+00:00","breadcrumb":{"@id":"https:\/\/diarioellabrador.cl\/index.php\/2026\/05\/02\/cientos-de-estudiantes-de-todo-alhue-participaron-de-nueva-corrida-escolar\/#breadcrumb"},"inLanguage":"es","potentialAction":[{"@type":"ReadAction","target":["https:\/\/diarioellabrador.cl\/index.php\/2026\/05\/02\/cientos-de-estudiantes-de-todo-alhue-participaron-de-nueva-corrida-escolar\/"]}]},{"@type":"ImageObject","inLanguage":"es","@id":"https:\/\/diarioellabrador.cl\/index.php\/2026\/05\/02\/cientos-de-estudiantes-de-todo-alhue-participaron-de-nueva-corrida-escolar\/#primaryimage","url":"https:\/\/diarioellabrador.cl\/wp-content\/uploads\/2026\/05\/Cientos-de-estudiantes-de-todo-Alhue-participaron-de-nueva-Corrida-Escolar1.jpg","contentUrl":"https:\/\/diarioellabrador.cl\/wp-content\/uploads\/2026\/05\/Cientos-de-estudiantes-de-todo-Alhue-participaron-de-nueva-Corrida-Escolar1.jpg","width":2048,"height":1367},{"@type":"BreadcrumbList","@id":"https:\/\/diarioellabrador.cl\/index.php\/2026\/05\/02\/cientos-de-estudiantes-de-todo-alhue-participaron-de-nueva-corrida-escolar\/#breadcrumb","itemListElement":[{"@type":"ListItem","position":1,"name":"Portada","item":"https:\/\/diarioellabrador.cl\/"},{"@type":"ListItem","position":2,"name":"Cientos de estudiantes de todo Alhu\u00e9 participaron de nueva Corrida Escolar"}]},{"@type":"WebSite","@id":"https:\/\/diarioellabrador.cl\/#website","url":"https:\/\/diarioellabrador.cl\/","name":"Diario El Labrador","description":"Haciendo noticia desde 1921","publisher":{"@id":"https:\/\/diarioellabrador.cl\/#organization"},"potentialAction":[{"@type":"SearchAction","target":{"@type":"EntryPoint","urlTemplate":"https:\/\/diarioellabrador.cl\/?s={search_term_string}"},"query-input":{"@type":"PropertyValueSpecification","valueRequired":true,"valueName":"search_term_string"}}],"inLanguage":"es"},{"@type":"Organization","@id":"https:\/\/diarioellabrador.cl\/#organization","name":"Diario El Labrador","url":"https:\/\/diarioellabrador.cl\/","logo":{"@type":"ImageObject","inLanguage":"es","@id":"https:\/\/diarioellabrador.cl\/#\/schema\/logo\/image\/","url":"https:\/\/diarioellabrador.cl\/wp-content\/uploads\/2025\/02\/cropped-Logo-Icono.png","contentUrl":"https:\/\/diarioellabrador.cl\/wp-content\/uploads\/2025\/02\/cropped-Logo-Icono.png","width":512,"height":512,"caption":"Diario El Labrador"},"image":{"@id":"https:\/\/diarioellabrador.cl\/#\/schema\/logo\/image\/"},"sameAs":["https:\/\/web.facebook.com\/profile.php?id=61576120840621","https:\/\/x.com\/ElLabradorOf","https:\/\/www.instagram.com\/diarioellabradoroficial\/"]},{"@type":"Person","@id":"https:\/\/diarioellabrador.cl\/#\/schema\/person\/bc25ff80b4563f9c7f4bd7855df01685","name":"Editor","image":{"@type":"ImageObject","inLanguage":"es","@id":"https:\/\/secure.gravatar.com\/avatar\/109c326cf2be5c04f048c2c2a2b8b6ef44bf3d8d1d3d4c55d0ac40c4bc994684?s=96&d=mm&r=g","url":"https:\/\/secure.gravatar.com\/avatar\/109c326cf2be5c04f048c2c2a2b8b6ef44bf3d8d1d3d4c55d0ac40c4bc994684?s=96&d=mm&r=g","contentUrl":"https:\/\/secure.gravatar.com\/avatar\/109c326cf2be5c04f048c2c2a2b8b6ef44bf3d8d1d3d4c55d0ac40c4bc994684?s=96&d=mm&r=g","caption":"Editor"},"url":"https:\/\/diarioellabrador.cl\/index.php\/author\/editor\/"}]}},"_links":{"self":[{"href":"https:\/\/diarioellabrador.cl\/index.php\/wp-json\/wp\/v2\/posts\/18902","targetHints":{"allow":["GET"]}}],"collection":[{"href":"https:\/\/diarioellabrador.cl\/index.php\/wp-json\/wp\/v2\/posts"}],"about":[{"href":"https:\/\/diarioellabrador.cl\/index.php\/wp-json\/wp\/v2\/types\/post"}],"author":[{"embeddable":true,"href":"https:\/\/diarioellabrador.cl\/index.php\/wp-json\/wp\/v2\/users\/2"}],"replies":[{"embeddable":true,"href":"https:\/\/diarioellabrador.cl\/index.php\/wp-json\/wp\/v2\/comments?post=18902"}],"version-history":[{"count":1,"href":"https:\/\/diarioellabrador.cl\/index.php\/wp-json\/wp\/v2\/posts\/18902\/revisions"}],"predecessor-version":[{"id":18903,"href":"https:\/\/diarioellabrador.cl\/index.php\/wp-json\/wp\/v2\/posts\/18902\/revisions\/18903"}],"wp:featuredmedia":[{"embeddable":true,"href":"https:\/\/diarioellabrador.cl\/index.php\/wp-json\/wp\/v2\/media\/18843"}],"wp:attachment":[{"href":"https:\/\/diarioellabrador.cl\/index.php\/wp-json\/wp\/v2\/media?parent=18902"}],"wp:term":[{"taxonomy":"category","embeddable":true,"href":"https:\/\/diarioellabrador.cl\/index.php\/wp-json\/wp\/v2\/categories?post=18902"},{"taxonomy":"post_tag","embeddable":true,"href":"https:\/\/diarioellabrador.cl\/index.php\/wp-json\/wp\/v2\/tags?post=18902"}],"curies":[{"name":"wp","href":"https:\/\/api.w.org\/{rel}","templated":true}]}}