{"id":18898,"date":"2026-05-02T18:35:00","date_gmt":"2026-05-02T22:35:00","guid":{"rendered":"https:\/\/diarioellabrador.cl\/?p=18898"},"modified":"2026-05-02T16:36:44","modified_gmt":"2026-05-02T20:36:44","slug":"mas-de-80-personas-en-su-mayoria-mujeres-de-melipilla-se-certificaron-en-oficios-gracias-a-registro-especial-de-sence","status":"publish","type":"post","link":"https:\/\/diarioellabrador.cl\/index.php\/2026\/05\/02\/mas-de-80-personas-en-su-mayoria-mujeres-de-melipilla-se-certificaron-en-oficios-gracias-a-registro-especial-de-sence\/","title":{"rendered":"M\u00e1s de 80 personas en su mayor\u00eda mujeres de Melipilla, se certificaron en oficios gracias a Registro Especial de Sence"},"content":{"rendered":"\n<p>&nbsp;En el Centro Cultural Teatro Serrano de Melipilla, se desbordaba felicidad en los rostros de las m\u00e1s de 80 personas, en su mayor\u00eda mujeres, que se certificaron en cuatro cursos pertenecientes al programa F\u00f3rmate para el Trabajo, Registro Especial de Sence. Quienes culminaron estas rutas formativas, recibieron sus diplomas de manos de las autoridades encabezadas por la seremi del Trabajo y Previsi\u00f3n Social Metropolitana, Natalie Leyton y del director nacional de Fundaci\u00f3n Cadel H\u00e9ctor Araya. Ingrid Silva, encargada regional del programa Registro Especial de Sence, estuvo en representaci\u00f3n del director (S) Sence Metropolitano Christian Prieto.<\/p>\n\n\n\n<p>Los cursos que egresaron fueron: Gasfiter\u00eda e Instalaci\u00f3n de Gas, Peluquer\u00eda, Manicure y Pedicure, Est\u00e9tica Integral y Garzoner\u00eda y Barman. El programa Registro Especial de Sence es una iniciativa de Gobierno que busca generar competencias laborales en personas que se encuentren en situaci\u00f3n de vulnerabilidad. Su prop\u00f3sito es aumentar la probabilidad de encontrar un empleo de calidad y aumentar los ingresos de trabajadores o trabajadoras independientes.<\/p>\n\n\n\n<p>&nbsp;Al respecto, Natalie Leyton Seremi del Trabajo y Previsi\u00f3n Social, Regi\u00f3n Metropolitana, manifest\u00f3 que \u201cdesde la seremi del Trabajo y Previsi\u00f3n Social Region Metropolitana vinimos a acompa\u00f1ar a distintas personas, especialmente mujeres que lograron capacitarse en diversas \u00e1reas tales como; Gasfiter\u00eda e Instalaci\u00f3n de Gas, Est\u00e9tica Integral, Peluquer\u00eda, Garzoner\u00eda y Barman, preparaci\u00f3n en oficios que hoy les otorgan herramientas para poder tener m\u00e1s y mejores empleos\u201d.<\/p>\n\n\n\n<p>Sobre las caracter\u00edsticas que tuvieron los cursos, H\u00e9ctor Araya director nacional Fundaci\u00f3n Cadel, organismo t\u00e9cnico ejecutor de estas capacitaciones indic\u00f3 que \u201cse certificaron cuatro cursos de la l\u00ednea Registro Especial de Sence. La gracia de estas capacitaciones es que hay con salida dependiente e independiente, esta \u00faltima con subsidio de herramientas, con lo cual se les entregan recursos para que emprendan o inicien su propio negocio. Otro punto a el curso de Gasfiter\u00eda e Instalaci\u00f3n de Gas, capacitaci\u00f3n robusta de 500 horas y que viene con certificaci\u00f3n de competencias laborales y licencia habilitante. Asimismo, el curso de Garzoner\u00eda y Barman contempla certificaci\u00f3n de competencias laborales v a estos, se suman cursos de Peluquer\u00eda y Est\u00e9tica Integral\u201d.<\/p>\n\n\n\n<p>Manuela Manzo, beneficiar\u00eda Sence que estudi\u00f3 el curso de Peluquer\u00eda Unisex, Manicure y Pedicura coment\u00f3 de su experiencia en la capacitaci\u00f3n:<\/p>\n\n\n\n<p><strong>\u201c<\/strong>Mi experiencia en el curso en la Fundaci\u00f3n Cadel fue superbuena de aprendizaje, me sirve tambi\u00e9n para tener mi propio emprendimiento. Gracias a los profesores que siempre estuvieron presentes si algo no se entend\u00eda siempre estuvieron dispuestos para explicar nuevamente y as\u00ed todos pudimos avanzar. Esta capacitaci\u00f3n me sirve ya que podr\u00e9 tener mi propio emprendimiento y darles seguridad a mi clientela quienes podr\u00e1n tener la mejor atenci\u00f3n gracias tendr\u00e9 todo en regla para trabajar de buena forma\u201d, afirm\u00f3.<\/p>\n\n\n\n<p>Para que los curso cuenten con los participantes dentro de los territorios, en este caso Melipilla existe un trabajo coordinado con servicios p\u00fablicos locales, en este caso el departamento de la Mujer de la Municipalidad de Melipilla. Su encargada Vilma Cifuentes manifest\u00f3 que<strong>:<\/strong> \u201cestamos ac\u00e1 nuevamente con nuestras mujeres, muy contenta de recibir a la Fundaci\u00f3n Cadel y Sence, darle las gracias porque hoy nuevamente estamos entregando herramientas a las mujeres de Melipilla, estas son oportunidades como dice nuestra alcaldesa Paula G\u00e1rate, hoy les entregamos una nueva herramienta para la anhelada independencia econ\u00f3mica de las mujeres de nuestra comuna\u201d.<\/p>\n\n\n\n<p>&nbsp;Para poder postular en futuros procesos del programa Registro Espacial de Sence que ejecutan Fundaciones, los requisitos para postular son tener 16 a\u00f1os cumplidos o m\u00e1s y pertenecer al 60% m\u00e1s vulnerable de la poblaci\u00f3n, seg\u00fan Registro Social de Hogares, RSH.<\/p>\n","protected":false},"excerpt":{"rendered":"<p>&nbsp;En el Centro Cultural Teatro Serrano de Melipilla, se desbordaba felicidad en los rostros de las m\u00e1s de 80 personas, en su mayor\u00eda mujeres, que se certificaron en cuatro cursos pertenecientes al programa F\u00f3rmate para el Trabajo, Registro Especial de Sence. Quienes culminaron estas rutas formativas, recibieron sus diplomas de manos de las autoridades encabezadas<\/p>\n<div class=\"read-more-wrapper\"><a class=\"read-more\" href=\"https:\/\/diarioellabrador.cl\/index.php\/2026\/05\/02\/mas-de-80-personas-en-su-mayoria-mujeres-de-melipilla-se-certificaron-en-oficios-gracias-a-registro-especial-de-sence\/\" title=\"Leer m\u00e1s\"> <span class=\"button \">Leer m\u00e1s<\/span><\/a><\/div>\n","protected":false},"author":2,"featured_media":18844,"comment_status":"open","ping_status":"open","sticky":false,"template":"","format":"standard","meta":{"footnotes":""},"categories":[1],"tags":[],"class_list":["post-18898","post","type-post","status-publish","format-standard","has-post-thumbnail","hentry","category-cronica"],"yoast_head":"<!-- This site is optimized with the Yoast SEO plugin v27.5 - https:\/\/yoast.com\/product\/yoast-seo-wordpress\/ -->\n<title>M\u00e1s de 80 personas en su mayor\u00eda mujeres de Melipilla, se certificaron en oficios gracias a Registro Especial de Sence - Diario El Labrador<\/title>\n<meta name=\"robots\" content=\"index, follow, max-snippet:-1, max-image-preview:large, max-video-preview:-1\" \/>\n<link rel=\"canonical\" href=\"https:\/\/diarioellabrador.cl\/index.php\/2026\/05\/02\/mas-de-80-personas-en-su-mayoria-mujeres-de-melipilla-se-certificaron-en-oficios-gracias-a-registro-especial-de-sence\/\" \/>\n<meta property=\"og:locale\" content=\"es_ES\" \/>\n<meta property=\"og:type\" content=\"article\" \/>\n<meta property=\"og:title\" content=\"M\u00e1s de 80 personas en su mayor\u00eda mujeres de Melipilla, se certificaron en oficios gracias a Registro Especial de Sence - Diario El Labrador\" \/>\n<meta property=\"og:description\" content=\"&nbsp;En el Centro Cultural Teatro Serrano de Melipilla, se desbordaba felicidad en los rostros de las m\u00e1s de 80 personas, en su mayor\u00eda mujeres, que se certificaron en cuatro cursos pertenecientes al programa F\u00f3rmate para el Trabajo, Registro Especial de Sence. Quienes culminaron estas rutas formativas, recibieron sus diplomas de manos de las autoridades encabezadas Leer m\u00e1s\" \/>\n<meta property=\"og:url\" content=\"https:\/\/diarioellabrador.cl\/index.php\/2026\/05\/02\/mas-de-80-personas-en-su-mayoria-mujeres-de-melipilla-se-certificaron-en-oficios-gracias-a-registro-especial-de-sence\/\" \/>\n<meta property=\"og:site_name\" content=\"Diario El Labrador\" \/>\n<meta property=\"article:publisher\" content=\"https:\/\/web.facebook.com\/profile.php?id=61576120840621\" \/>\n<meta property=\"article:published_time\" content=\"2026-05-02T22:35:00+00:00\" \/>\n<meta property=\"og:image\" content=\"https:\/\/diarioellabrador.cl\/wp-content\/uploads\/2026\/05\/Mas-de-80-personas-en-su-mayoria-mujeres-de-Melipilla-se-certificaron-en-oficios-gracias-a-Registro-Especial-de-Sence-1-scaled.jpg\" \/>\n\t<meta property=\"og:image:width\" content=\"2560\" \/>\n\t<meta property=\"og:image:height\" content=\"1920\" \/>\n\t<meta property=\"og:image:type\" content=\"image\/jpeg\" \/>\n<meta name=\"author\" content=\"Editor\" \/>\n<meta name=\"twitter:card\" content=\"summary_large_image\" \/>\n<meta name=\"twitter:creator\" content=\"@ElLabradorOf\" \/>\n<meta name=\"twitter:site\" content=\"@ElLabradorOf\" \/>\n<meta name=\"twitter:label1\" content=\"Escrito por\" \/>\n\t<meta name=\"twitter:data1\" content=\"Editor\" \/>\n\t<meta name=\"twitter:label2\" content=\"Tiempo de lectura\" \/>\n\t<meta name=\"twitter:data2\" content=\"3 minutos\" \/>\n<script type=\"application\/ld+json\" class=\"yoast-schema-graph\">{\"@context\":\"https:\\\/\\\/schema.org\",\"@graph\":[{\"@type\":\"Article\",\"@id\":\"https:\\\/\\\/diarioellabrador.cl\\\/index.php\\\/2026\\\/05\\\/02\\\/mas-de-80-personas-en-su-mayoria-mujeres-de-melipilla-se-certificaron-en-oficios-gracias-a-registro-especial-de-sence\\\/#article\",\"isPartOf\":{\"@id\":\"https:\\\/\\\/diarioellabrador.cl\\\/index.php\\\/2026\\\/05\\\/02\\\/mas-de-80-personas-en-su-mayoria-mujeres-de-melipilla-se-certificaron-en-oficios-gracias-a-registro-especial-de-sence\\\/\"},\"author\":{\"name\":\"Editor\",\"@id\":\"https:\\\/\\\/diarioellabrador.cl\\\/#\\\/schema\\\/person\\\/bc25ff80b4563f9c7f4bd7855df01685\"},\"headline\":\"M\u00e1s de 80 personas en su mayor\u00eda mujeres de Melipilla, se certificaron en oficios gracias a Registro Especial de Sence\",\"datePublished\":\"2026-05-02T22:35:00+00:00\",\"mainEntityOfPage\":{\"@id\":\"https:\\\/\\\/diarioellabrador.cl\\\/index.php\\\/2026\\\/05\\\/02\\\/mas-de-80-personas-en-su-mayoria-mujeres-de-melipilla-se-certificaron-en-oficios-gracias-a-registro-especial-de-sence\\\/\"},\"wordCount\":659,\"commentCount\":0,\"publisher\":{\"@id\":\"https:\\\/\\\/diarioellabrador.cl\\\/#organization\"},\"image\":{\"@id\":\"https:\\\/\\\/diarioellabrador.cl\\\/index.php\\\/2026\\\/05\\\/02\\\/mas-de-80-personas-en-su-mayoria-mujeres-de-melipilla-se-certificaron-en-oficios-gracias-a-registro-especial-de-sence\\\/#primaryimage\"},\"thumbnailUrl\":\"https:\\\/\\\/diarioellabrador.cl\\\/wp-content\\\/uploads\\\/2026\\\/05\\\/Mas-de-80-personas-en-su-mayoria-mujeres-de-Melipilla-se-certificaron-en-oficios-gracias-a-Registro-Especial-de-Sence-1-scaled.jpg\",\"articleSection\":[\"Cr\u00f3nica\"],\"inLanguage\":\"es\",\"potentialAction\":[{\"@type\":\"CommentAction\",\"name\":\"Comment\",\"target\":[\"https:\\\/\\\/diarioellabrador.cl\\\/index.php\\\/2026\\\/05\\\/02\\\/mas-de-80-personas-en-su-mayoria-mujeres-de-melipilla-se-certificaron-en-oficios-gracias-a-registro-especial-de-sence\\\/#respond\"]}]},{\"@type\":\"WebPage\",\"@id\":\"https:\\\/\\\/diarioellabrador.cl\\\/index.php\\\/2026\\\/05\\\/02\\\/mas-de-80-personas-en-su-mayoria-mujeres-de-melipilla-se-certificaron-en-oficios-gracias-a-registro-especial-de-sence\\\/\",\"url\":\"https:\\\/\\\/diarioellabrador.cl\\\/index.php\\\/2026\\\/05\\\/02\\\/mas-de-80-personas-en-su-mayoria-mujeres-de-melipilla-se-certificaron-en-oficios-gracias-a-registro-especial-de-sence\\\/\",\"name\":\"M\u00e1s de 80 personas en su mayor\u00eda mujeres de Melipilla, se certificaron en oficios gracias a Registro Especial de Sence - Diario El Labrador\",\"isPartOf\":{\"@id\":\"https:\\\/\\\/diarioellabrador.cl\\\/#website\"},\"primaryImageOfPage\":{\"@id\":\"https:\\\/\\\/diarioellabrador.cl\\\/index.php\\\/2026\\\/05\\\/02\\\/mas-de-80-personas-en-su-mayoria-mujeres-de-melipilla-se-certificaron-en-oficios-gracias-a-registro-especial-de-sence\\\/#primaryimage\"},\"image\":{\"@id\":\"https:\\\/\\\/diarioellabrador.cl\\\/index.php\\\/2026\\\/05\\\/02\\\/mas-de-80-personas-en-su-mayoria-mujeres-de-melipilla-se-certificaron-en-oficios-gracias-a-registro-especial-de-sence\\\/#primaryimage\"},\"thumbnailUrl\":\"https:\\\/\\\/diarioellabrador.cl\\\/wp-content\\\/uploads\\\/2026\\\/05\\\/Mas-de-80-personas-en-su-mayoria-mujeres-de-Melipilla-se-certificaron-en-oficios-gracias-a-Registro-Especial-de-Sence-1-scaled.jpg\",\"datePublished\":\"2026-05-02T22:35:00+00:00\",\"breadcrumb\":{\"@id\":\"https:\\\/\\\/diarioellabrador.cl\\\/index.php\\\/2026\\\/05\\\/02\\\/mas-de-80-personas-en-su-mayoria-mujeres-de-melipilla-se-certificaron-en-oficios-gracias-a-registro-especial-de-sence\\\/#breadcrumb\"},\"inLanguage\":\"es\",\"potentialAction\":[{\"@type\":\"ReadAction\",\"target\":[\"https:\\\/\\\/diarioellabrador.cl\\\/index.php\\\/2026\\\/05\\\/02\\\/mas-de-80-personas-en-su-mayoria-mujeres-de-melipilla-se-certificaron-en-oficios-gracias-a-registro-especial-de-sence\\\/\"]}]},{\"@type\":\"ImageObject\",\"inLanguage\":\"es\",\"@id\":\"https:\\\/\\\/diarioellabrador.cl\\\/index.php\\\/2026\\\/05\\\/02\\\/mas-de-80-personas-en-su-mayoria-mujeres-de-melipilla-se-certificaron-en-oficios-gracias-a-registro-especial-de-sence\\\/#primaryimage\",\"url\":\"https:\\\/\\\/diarioellabrador.cl\\\/wp-content\\\/uploads\\\/2026\\\/05\\\/Mas-de-80-personas-en-su-mayoria-mujeres-de-Melipilla-se-certificaron-en-oficios-gracias-a-Registro-Especial-de-Sence-1-scaled.jpg\",\"contentUrl\":\"https:\\\/\\\/diarioellabrador.cl\\\/wp-content\\\/uploads\\\/2026\\\/05\\\/Mas-de-80-personas-en-su-mayoria-mujeres-de-Melipilla-se-certificaron-en-oficios-gracias-a-Registro-Especial-de-Sence-1-scaled.jpg\",\"width\":2560,\"height\":1920},{\"@type\":\"BreadcrumbList\",\"@id\":\"https:\\\/\\\/diarioellabrador.cl\\\/index.php\\\/2026\\\/05\\\/02\\\/mas-de-80-personas-en-su-mayoria-mujeres-de-melipilla-se-certificaron-en-oficios-gracias-a-registro-especial-de-sence\\\/#breadcrumb\",\"itemListElement\":[{\"@type\":\"ListItem\",\"position\":1,\"name\":\"Portada\",\"item\":\"https:\\\/\\\/diarioellabrador.cl\\\/\"},{\"@type\":\"ListItem\",\"position\":2,\"name\":\"M\u00e1s de 80 personas en su mayor\u00eda mujeres de Melipilla, se certificaron en oficios gracias a Registro Especial de Sence\"}]},{\"@type\":\"WebSite\",\"@id\":\"https:\\\/\\\/diarioellabrador.cl\\\/#website\",\"url\":\"https:\\\/\\\/diarioellabrador.cl\\\/\",\"name\":\"Diario El Labrador\",\"description\":\"Haciendo noticia desde 1921\",\"publisher\":{\"@id\":\"https:\\\/\\\/diarioellabrador.cl\\\/#organization\"},\"potentialAction\":[{\"@type\":\"SearchAction\",\"target\":{\"@type\":\"EntryPoint\",\"urlTemplate\":\"https:\\\/\\\/diarioellabrador.cl\\\/?s={search_term_string}\"},\"query-input\":{\"@type\":\"PropertyValueSpecification\",\"valueRequired\":true,\"valueName\":\"search_term_string\"}}],\"inLanguage\":\"es\"},{\"@type\":\"Organization\",\"@id\":\"https:\\\/\\\/diarioellabrador.cl\\\/#organization\",\"name\":\"Diario El Labrador\",\"url\":\"https:\\\/\\\/diarioellabrador.cl\\\/\",\"logo\":{\"@type\":\"ImageObject\",\"inLanguage\":\"es\",\"@id\":\"https:\\\/\\\/diarioellabrador.cl\\\/#\\\/schema\\\/logo\\\/image\\\/\",\"url\":\"https:\\\/\\\/diarioellabrador.cl\\\/wp-content\\\/uploads\\\/2025\\\/02\\\/cropped-Logo-Icono.png\",\"contentUrl\":\"https:\\\/\\\/diarioellabrador.cl\\\/wp-content\\\/uploads\\\/2025\\\/02\\\/cropped-Logo-Icono.png\",\"width\":512,\"height\":512,\"caption\":\"Diario El Labrador\"},\"image\":{\"@id\":\"https:\\\/\\\/diarioellabrador.cl\\\/#\\\/schema\\\/logo\\\/image\\\/\"},\"sameAs\":[\"https:\\\/\\\/web.facebook.com\\\/profile.php?id=61576120840621\",\"https:\\\/\\\/x.com\\\/ElLabradorOf\",\"https:\\\/\\\/www.instagram.com\\\/diarioellabradoroficial\\\/\"]},{\"@type\":\"Person\",\"@id\":\"https:\\\/\\\/diarioellabrador.cl\\\/#\\\/schema\\\/person\\\/bc25ff80b4563f9c7f4bd7855df01685\",\"name\":\"Editor\",\"image\":{\"@type\":\"ImageObject\",\"inLanguage\":\"es\",\"@id\":\"https:\\\/\\\/secure.gravatar.com\\\/avatar\\\/109c326cf2be5c04f048c2c2a2b8b6ef44bf3d8d1d3d4c55d0ac40c4bc994684?s=96&d=mm&r=g\",\"url\":\"https:\\\/\\\/secure.gravatar.com\\\/avatar\\\/109c326cf2be5c04f048c2c2a2b8b6ef44bf3d8d1d3d4c55d0ac40c4bc994684?s=96&d=mm&r=g\",\"contentUrl\":\"https:\\\/\\\/secure.gravatar.com\\\/avatar\\\/109c326cf2be5c04f048c2c2a2b8b6ef44bf3d8d1d3d4c55d0ac40c4bc994684?s=96&d=mm&r=g\",\"caption\":\"Editor\"},\"url\":\"https:\\\/\\\/diarioellabrador.cl\\\/index.php\\\/author\\\/editor\\\/\"}]}<\/script>\n<!-- \/ Yoast SEO plugin. -->","yoast_head_json":{"title":"M\u00e1s de 80 personas en su mayor\u00eda mujeres de Melipilla, se certificaron en oficios gracias a Registro Especial de Sence - Diario El Labrador","robots":{"index":"index","follow":"follow","max-snippet":"max-snippet:-1","max-image-preview":"max-image-preview:large","max-video-preview":"max-video-preview:-1"},"canonical":"https:\/\/diarioellabrador.cl\/index.php\/2026\/05\/02\/mas-de-80-personas-en-su-mayoria-mujeres-de-melipilla-se-certificaron-en-oficios-gracias-a-registro-especial-de-sence\/","og_locale":"es_ES","og_type":"article","og_title":"M\u00e1s de 80 personas en su mayor\u00eda mujeres de Melipilla, se certificaron en oficios gracias a Registro Especial de Sence - Diario El Labrador","og_description":"&nbsp;En el Centro Cultural Teatro Serrano de Melipilla, se desbordaba felicidad en los rostros de las m\u00e1s de 80 personas, en su mayor\u00eda mujeres, que se certificaron en cuatro cursos pertenecientes al programa F\u00f3rmate para el Trabajo, Registro Especial de Sence. Quienes culminaron estas rutas formativas, recibieron sus diplomas de manos de las autoridades encabezadas Leer m\u00e1s","og_url":"https:\/\/diarioellabrador.cl\/index.php\/2026\/05\/02\/mas-de-80-personas-en-su-mayoria-mujeres-de-melipilla-se-certificaron-en-oficios-gracias-a-registro-especial-de-sence\/","og_site_name":"Diario El Labrador","article_publisher":"https:\/\/web.facebook.com\/profile.php?id=61576120840621","article_published_time":"2026-05-02T22:35:00+00:00","og_image":[{"width":2560,"height":1920,"url":"https:\/\/diarioellabrador.cl\/wp-content\/uploads\/2026\/05\/Mas-de-80-personas-en-su-mayoria-mujeres-de-Melipilla-se-certificaron-en-oficios-gracias-a-Registro-Especial-de-Sence-1-scaled.jpg","type":"image\/jpeg"}],"author":"Editor","twitter_card":"summary_large_image","twitter_creator":"@ElLabradorOf","twitter_site":"@ElLabradorOf","twitter_misc":{"Escrito por":"Editor","Tiempo de lectura":"3 minutos"},"schema":{"@context":"https:\/\/schema.org","@graph":[{"@type":"Article","@id":"https:\/\/diarioellabrador.cl\/index.php\/2026\/05\/02\/mas-de-80-personas-en-su-mayoria-mujeres-de-melipilla-se-certificaron-en-oficios-gracias-a-registro-especial-de-sence\/#article","isPartOf":{"@id":"https:\/\/diarioellabrador.cl\/index.php\/2026\/05\/02\/mas-de-80-personas-en-su-mayoria-mujeres-de-melipilla-se-certificaron-en-oficios-gracias-a-registro-especial-de-sence\/"},"author":{"name":"Editor","@id":"https:\/\/diarioellabrador.cl\/#\/schema\/person\/bc25ff80b4563f9c7f4bd7855df01685"},"headline":"M\u00e1s de 80 personas en su mayor\u00eda mujeres de Melipilla, se certificaron en oficios gracias a Registro Especial de Sence","datePublished":"2026-05-02T22:35:00+00:00","mainEntityOfPage":{"@id":"https:\/\/diarioellabrador.cl\/index.php\/2026\/05\/02\/mas-de-80-personas-en-su-mayoria-mujeres-de-melipilla-se-certificaron-en-oficios-gracias-a-registro-especial-de-sence\/"},"wordCount":659,"commentCount":0,"publisher":{"@id":"https:\/\/diarioellabrador.cl\/#organization"},"image":{"@id":"https:\/\/diarioellabrador.cl\/index.php\/2026\/05\/02\/mas-de-80-personas-en-su-mayoria-mujeres-de-melipilla-se-certificaron-en-oficios-gracias-a-registro-especial-de-sence\/#primaryimage"},"thumbnailUrl":"https:\/\/diarioellabrador.cl\/wp-content\/uploads\/2026\/05\/Mas-de-80-personas-en-su-mayoria-mujeres-de-Melipilla-se-certificaron-en-oficios-gracias-a-Registro-Especial-de-Sence-1-scaled.jpg","articleSection":["Cr\u00f3nica"],"inLanguage":"es","potentialAction":[{"@type":"CommentAction","name":"Comment","target":["https:\/\/diarioellabrador.cl\/index.php\/2026\/05\/02\/mas-de-80-personas-en-su-mayoria-mujeres-de-melipilla-se-certificaron-en-oficios-gracias-a-registro-especial-de-sence\/#respond"]}]},{"@type":"WebPage","@id":"https:\/\/diarioellabrador.cl\/index.php\/2026\/05\/02\/mas-de-80-personas-en-su-mayoria-mujeres-de-melipilla-se-certificaron-en-oficios-gracias-a-registro-especial-de-sence\/","url":"https:\/\/diarioellabrador.cl\/index.php\/2026\/05\/02\/mas-de-80-personas-en-su-mayoria-mujeres-de-melipilla-se-certificaron-en-oficios-gracias-a-registro-especial-de-sence\/","name":"M\u00e1s de 80 personas en su mayor\u00eda mujeres de Melipilla, se certificaron en oficios gracias a Registro Especial de Sence - Diario El Labrador","isPartOf":{"@id":"https:\/\/diarioellabrador.cl\/#website"},"primaryImageOfPage":{"@id":"https:\/\/diarioellabrador.cl\/index.php\/2026\/05\/02\/mas-de-80-personas-en-su-mayoria-mujeres-de-melipilla-se-certificaron-en-oficios-gracias-a-registro-especial-de-sence\/#primaryimage"},"image":{"@id":"https:\/\/diarioellabrador.cl\/index.php\/2026\/05\/02\/mas-de-80-personas-en-su-mayoria-mujeres-de-melipilla-se-certificaron-en-oficios-gracias-a-registro-especial-de-sence\/#primaryimage"},"thumbnailUrl":"https:\/\/diarioellabrador.cl\/wp-content\/uploads\/2026\/05\/Mas-de-80-personas-en-su-mayoria-mujeres-de-Melipilla-se-certificaron-en-oficios-gracias-a-Registro-Especial-de-Sence-1-scaled.jpg","datePublished":"2026-05-02T22:35:00+00:00","breadcrumb":{"@id":"https:\/\/diarioellabrador.cl\/index.php\/2026\/05\/02\/mas-de-80-personas-en-su-mayoria-mujeres-de-melipilla-se-certificaron-en-oficios-gracias-a-registro-especial-de-sence\/#breadcrumb"},"inLanguage":"es","potentialAction":[{"@type":"ReadAction","target":["https:\/\/diarioellabrador.cl\/index.php\/2026\/05\/02\/mas-de-80-personas-en-su-mayoria-mujeres-de-melipilla-se-certificaron-en-oficios-gracias-a-registro-especial-de-sence\/"]}]},{"@type":"ImageObject","inLanguage":"es","@id":"https:\/\/diarioellabrador.cl\/index.php\/2026\/05\/02\/mas-de-80-personas-en-su-mayoria-mujeres-de-melipilla-se-certificaron-en-oficios-gracias-a-registro-especial-de-sence\/#primaryimage","url":"https:\/\/diarioellabrador.cl\/wp-content\/uploads\/2026\/05\/Mas-de-80-personas-en-su-mayoria-mujeres-de-Melipilla-se-certificaron-en-oficios-gracias-a-Registro-Especial-de-Sence-1-scaled.jpg","contentUrl":"https:\/\/diarioellabrador.cl\/wp-content\/uploads\/2026\/05\/Mas-de-80-personas-en-su-mayoria-mujeres-de-Melipilla-se-certificaron-en-oficios-gracias-a-Registro-Especial-de-Sence-1-scaled.jpg","width":2560,"height":1920},{"@type":"BreadcrumbList","@id":"https:\/\/diarioellabrador.cl\/index.php\/2026\/05\/02\/mas-de-80-personas-en-su-mayoria-mujeres-de-melipilla-se-certificaron-en-oficios-gracias-a-registro-especial-de-sence\/#breadcrumb","itemListElement":[{"@type":"ListItem","position":1,"name":"Portada","item":"https:\/\/diarioellabrador.cl\/"},{"@type":"ListItem","position":2,"name":"M\u00e1s de 80 personas en su mayor\u00eda mujeres de Melipilla, se certificaron en oficios gracias a Registro Especial de Sence"}]},{"@type":"WebSite","@id":"https:\/\/diarioellabrador.cl\/#website","url":"https:\/\/diarioellabrador.cl\/","name":"Diario El Labrador","description":"Haciendo noticia desde 1921","publisher":{"@id":"https:\/\/diarioellabrador.cl\/#organization"},"potentialAction":[{"@type":"SearchAction","target":{"@type":"EntryPoint","urlTemplate":"https:\/\/diarioellabrador.cl\/?s={search_term_string}"},"query-input":{"@type":"PropertyValueSpecification","valueRequired":true,"valueName":"search_term_string"}}],"inLanguage":"es"},{"@type":"Organization","@id":"https:\/\/diarioellabrador.cl\/#organization","name":"Diario El Labrador","url":"https:\/\/diarioellabrador.cl\/","logo":{"@type":"ImageObject","inLanguage":"es","@id":"https:\/\/diarioellabrador.cl\/#\/schema\/logo\/image\/","url":"https:\/\/diarioellabrador.cl\/wp-content\/uploads\/2025\/02\/cropped-Logo-Icono.png","contentUrl":"https:\/\/diarioellabrador.cl\/wp-content\/uploads\/2025\/02\/cropped-Logo-Icono.png","width":512,"height":512,"caption":"Diario El Labrador"},"image":{"@id":"https:\/\/diarioellabrador.cl\/#\/schema\/logo\/image\/"},"sameAs":["https:\/\/web.facebook.com\/profile.php?id=61576120840621","https:\/\/x.com\/ElLabradorOf","https:\/\/www.instagram.com\/diarioellabradoroficial\/"]},{"@type":"Person","@id":"https:\/\/diarioellabrador.cl\/#\/schema\/person\/bc25ff80b4563f9c7f4bd7855df01685","name":"Editor","image":{"@type":"ImageObject","inLanguage":"es","@id":"https:\/\/secure.gravatar.com\/avatar\/109c326cf2be5c04f048c2c2a2b8b6ef44bf3d8d1d3d4c55d0ac40c4bc994684?s=96&d=mm&r=g","url":"https:\/\/secure.gravatar.com\/avatar\/109c326cf2be5c04f048c2c2a2b8b6ef44bf3d8d1d3d4c55d0ac40c4bc994684?s=96&d=mm&r=g","contentUrl":"https:\/\/secure.gravatar.com\/avatar\/109c326cf2be5c04f048c2c2a2b8b6ef44bf3d8d1d3d4c55d0ac40c4bc994684?s=96&d=mm&r=g","caption":"Editor"},"url":"https:\/\/diarioellabrador.cl\/index.php\/author\/editor\/"}]}},"_links":{"self":[{"href":"https:\/\/diarioellabrador.cl\/index.php\/wp-json\/wp\/v2\/posts\/18898","targetHints":{"allow":["GET"]}}],"collection":[{"href":"https:\/\/diarioellabrador.cl\/index.php\/wp-json\/wp\/v2\/posts"}],"about":[{"href":"https:\/\/diarioellabrador.cl\/index.php\/wp-json\/wp\/v2\/types\/post"}],"author":[{"embeddable":true,"href":"https:\/\/diarioellabrador.cl\/index.php\/wp-json\/wp\/v2\/users\/2"}],"replies":[{"embeddable":true,"href":"https:\/\/diarioellabrador.cl\/index.php\/wp-json\/wp\/v2\/comments?post=18898"}],"version-history":[{"count":1,"href":"https:\/\/diarioellabrador.cl\/index.php\/wp-json\/wp\/v2\/posts\/18898\/revisions"}],"predecessor-version":[{"id":18899,"href":"https:\/\/diarioellabrador.cl\/index.php\/wp-json\/wp\/v2\/posts\/18898\/revisions\/18899"}],"wp:featuredmedia":[{"embeddable":true,"href":"https:\/\/diarioellabrador.cl\/index.php\/wp-json\/wp\/v2\/media\/18844"}],"wp:attachment":[{"href":"https:\/\/diarioellabrador.cl\/index.php\/wp-json\/wp\/v2\/media?parent=18898"}],"wp:term":[{"taxonomy":"category","embeddable":true,"href":"https:\/\/diarioellabrador.cl\/index.php\/wp-json\/wp\/v2\/categories?post=18898"},{"taxonomy":"post_tag","embeddable":true,"href":"https:\/\/diarioellabrador.cl\/index.php\/wp-json\/wp\/v2\/tags?post=18898"}],"curies":[{"name":"wp","href":"https:\/\/api.w.org\/{rel}","templated":true}]}}