{"id":18894,"date":"2026-05-02T18:32:00","date_gmt":"2026-05-02T22:32:00","guid":{"rendered":"https:\/\/diarioellabrador.cl\/?p=18894"},"modified":"2026-05-02T16:33:46","modified_gmt":"2026-05-02T20:33:46","slug":"confirman-el-dia-del-patrimonio-2026-esta-es-la-fecha-oficial-del-evento-y-las-actividades-que-se-podran-realizar","status":"publish","type":"post","link":"https:\/\/diarioellabrador.cl\/index.php\/2026\/05\/02\/confirman-el-dia-del-patrimonio-2026-esta-es-la-fecha-oficial-del-evento-y-las-actividades-que-se-podran-realizar\/","title":{"rendered":"Confirman el D\u00eda del Patrimonio 2026: esta es la fecha oficial del evento y las actividades que se podr\u00e1n realizar"},"content":{"rendered":"\n<p><strong>La instancia se llevar\u00e1 a cabo durante todo un fin de semana en los distintos rincones del pa\u00eds. Revisa ac\u00e1 todos los detalles.<\/strong><\/p>\n\n\n\n<p>Tal y como sucede todos los a\u00f1os desde hace un buen tiempo, nos acercamos a una nueva versi\u00f3n del <a href=\"https:\/\/www.adnradio.cl\/2026\/01\/09\/anuncian-primer-dia-de-los-patrimonios-en-verano-cual-es-la-fecha-y-donde-se-pueden-ver-las-actividades\/\" target=\"_blank\" rel=\"noreferrer noopener\"><strong>D\u00eda del Patrimonio en Chile<\/strong><\/a>.<\/p>\n\n\n\n<p>Conocido por ser el evento cultural m\u00e1s grande del pa\u00eds, la celebraci\u00f3n ser\u00e1 un <strong>reencuentro masivo con la historia<\/strong>, la identidad y las tradiciones.<\/p>\n\n\n\n<p>En su versi\u00f3n de este 2026, durante el D\u00eda del Patrimonio <strong>se abrir\u00e1n miles de espacios y actividades en todo Chile<\/strong> para que las personas de todas las edades puedan participar de la instancia.<\/p>\n\n\n\n<h2 class=\"wp-block-heading\"><em>\u00bfEn qu\u00e9 fecha se celebrar\u00e1 el D\u00eda del Patrimonio 2026?<\/em><\/h2>\n\n\n\n<p>El D\u00eda del Patrimonio 2026 se llevar\u00e1 a cabo durante los d\u00edas <strong>s\u00e1bado 30 y domingo 31 de mayo.<\/strong><\/p>\n\n\n\n<p>Durante aquel fin de semana, diversas <strong>instituciones p\u00fablicas y privadas de todo Chile abrir\u00e1n sus puertas de forma gratuita<\/strong> para recibir a m\u00faltiples visitantes de todas las edades.<\/p>\n\n\n\n<p>El enfoque de este a\u00f1o para el D\u00eda del Patrimonio es el concepto del <strong>\u201cpatrimonio vivo\u201d<\/strong>. Para quienes deseen participar en alguna actividad, en la mayor\u00eda de estas no es necesario inscribirse previamente.<\/p>\n\n\n\n<p>No obstante, hay casos en donde ciertos recorridos son con cupos limitados, los cuales <strong>se anunciar\u00e1n en la plataforma oficial<\/strong> d\u00edas previos al evento.<\/p>\n\n\n\n<p>Aquellas <strong>organizaciones o instituciones que deseen inscribirse<\/strong> para participar del D\u00eda del Patrimonio, tienen plazo para hacerlo desde este mi\u00e9rcoles 29 de abril hasta el pr\u00f3ximo 26 de mayo a trav\u00e9s del <strong>sitio web oficial.<\/strong><\/p>\n","protected":false},"excerpt":{"rendered":"<p>La instancia se llevar\u00e1 a cabo durante todo un fin de semana en los distintos rincones del pa\u00eds. Revisa ac\u00e1 todos los detalles. Tal y como sucede todos los a\u00f1os desde hace un buen tiempo, nos acercamos a una nueva versi\u00f3n del D\u00eda del Patrimonio en Chile. Conocido por ser el evento cultural m\u00e1s grande<\/p>\n<div class=\"read-more-wrapper\"><a class=\"read-more\" href=\"https:\/\/diarioellabrador.cl\/index.php\/2026\/05\/02\/confirman-el-dia-del-patrimonio-2026-esta-es-la-fecha-oficial-del-evento-y-las-actividades-que-se-podran-realizar\/\" title=\"Leer m\u00e1s\"> <span class=\"button \">Leer m\u00e1s<\/span><\/a><\/div>\n","protected":false},"author":2,"featured_media":18841,"comment_status":"open","ping_status":"open","sticky":false,"template":"","format":"standard","meta":{"footnotes":""},"categories":[1],"tags":[],"class_list":["post-18894","post","type-post","status-publish","format-standard","has-post-thumbnail","hentry","category-cronica"],"yoast_head":"<!-- This site is optimized with the Yoast SEO plugin v27.5 - https:\/\/yoast.com\/product\/yoast-seo-wordpress\/ -->\n<title>Confirman el D\u00eda del Patrimonio 2026: esta es la fecha oficial del evento y las actividades que se podr\u00e1n realizar - Diario El Labrador<\/title>\n<meta name=\"robots\" content=\"index, follow, max-snippet:-1, max-image-preview:large, max-video-preview:-1\" \/>\n<link rel=\"canonical\" href=\"https:\/\/diarioellabrador.cl\/index.php\/2026\/05\/02\/confirman-el-dia-del-patrimonio-2026-esta-es-la-fecha-oficial-del-evento-y-las-actividades-que-se-podran-realizar\/\" \/>\n<meta property=\"og:locale\" content=\"es_ES\" \/>\n<meta property=\"og:type\" content=\"article\" \/>\n<meta property=\"og:title\" content=\"Confirman el D\u00eda del Patrimonio 2026: esta es la fecha oficial del evento y las actividades que se podr\u00e1n realizar - Diario El Labrador\" \/>\n<meta property=\"og:description\" content=\"La instancia se llevar\u00e1 a cabo durante todo un fin de semana en los distintos rincones del pa\u00eds. Revisa ac\u00e1 todos los detalles. Tal y como sucede todos los a\u00f1os desde hace un buen tiempo, nos acercamos a una nueva versi\u00f3n del D\u00eda del Patrimonio en Chile. Conocido por ser el evento cultural m\u00e1s grande Leer m\u00e1s\" \/>\n<meta property=\"og:url\" content=\"https:\/\/diarioellabrador.cl\/index.php\/2026\/05\/02\/confirman-el-dia-del-patrimonio-2026-esta-es-la-fecha-oficial-del-evento-y-las-actividades-que-se-podran-realizar\/\" \/>\n<meta property=\"og:site_name\" content=\"Diario El Labrador\" \/>\n<meta property=\"article:publisher\" content=\"https:\/\/web.facebook.com\/profile.php?id=61576120840621\" \/>\n<meta property=\"article:published_time\" content=\"2026-05-02T22:32:00+00:00\" \/>\n<meta property=\"og:image\" content=\"https:\/\/diarioellabrador.cl\/wp-content\/uploads\/2026\/05\/Confirman-el-Dia-del-Patrimonio-2026-esta-es-la-fecha-oficial-del-evento-y-las-actividades-que-se-podran-realizar.jpg\" \/>\n\t<meta property=\"og:image:width\" content=\"1440\" \/>\n\t<meta property=\"og:image:height\" content=\"960\" \/>\n\t<meta property=\"og:image:type\" content=\"image\/jpeg\" \/>\n<meta name=\"author\" content=\"Editor\" \/>\n<meta name=\"twitter:card\" content=\"summary_large_image\" \/>\n<meta name=\"twitter:creator\" content=\"@ElLabradorOf\" \/>\n<meta name=\"twitter:site\" content=\"@ElLabradorOf\" \/>\n<meta name=\"twitter:label1\" content=\"Escrito por\" \/>\n\t<meta name=\"twitter:data1\" content=\"Editor\" \/>\n\t<meta name=\"twitter:label2\" content=\"Tiempo de lectura\" \/>\n\t<meta name=\"twitter:data2\" content=\"2 minutos\" \/>\n<script type=\"application\/ld+json\" class=\"yoast-schema-graph\">{\"@context\":\"https:\\\/\\\/schema.org\",\"@graph\":[{\"@type\":\"Article\",\"@id\":\"https:\\\/\\\/diarioellabrador.cl\\\/index.php\\\/2026\\\/05\\\/02\\\/confirman-el-dia-del-patrimonio-2026-esta-es-la-fecha-oficial-del-evento-y-las-actividades-que-se-podran-realizar\\\/#article\",\"isPartOf\":{\"@id\":\"https:\\\/\\\/diarioellabrador.cl\\\/index.php\\\/2026\\\/05\\\/02\\\/confirman-el-dia-del-patrimonio-2026-esta-es-la-fecha-oficial-del-evento-y-las-actividades-que-se-podran-realizar\\\/\"},\"author\":{\"name\":\"Editor\",\"@id\":\"https:\\\/\\\/diarioellabrador.cl\\\/#\\\/schema\\\/person\\\/bc25ff80b4563f9c7f4bd7855df01685\"},\"headline\":\"Confirman el D\u00eda del Patrimonio 2026: esta es la fecha oficial del evento y las actividades que se podr\u00e1n realizar\",\"datePublished\":\"2026-05-02T22:32:00+00:00\",\"mainEntityOfPage\":{\"@id\":\"https:\\\/\\\/diarioellabrador.cl\\\/index.php\\\/2026\\\/05\\\/02\\\/confirman-el-dia-del-patrimonio-2026-esta-es-la-fecha-oficial-del-evento-y-las-actividades-que-se-podran-realizar\\\/\"},\"wordCount\":294,\"commentCount\":0,\"publisher\":{\"@id\":\"https:\\\/\\\/diarioellabrador.cl\\\/#organization\"},\"image\":{\"@id\":\"https:\\\/\\\/diarioellabrador.cl\\\/index.php\\\/2026\\\/05\\\/02\\\/confirman-el-dia-del-patrimonio-2026-esta-es-la-fecha-oficial-del-evento-y-las-actividades-que-se-podran-realizar\\\/#primaryimage\"},\"thumbnailUrl\":\"https:\\\/\\\/diarioellabrador.cl\\\/wp-content\\\/uploads\\\/2026\\\/05\\\/Confirman-el-Dia-del-Patrimonio-2026-esta-es-la-fecha-oficial-del-evento-y-las-actividades-que-se-podran-realizar.jpg\",\"articleSection\":[\"Cr\u00f3nica\"],\"inLanguage\":\"es\",\"potentialAction\":[{\"@type\":\"CommentAction\",\"name\":\"Comment\",\"target\":[\"https:\\\/\\\/diarioellabrador.cl\\\/index.php\\\/2026\\\/05\\\/02\\\/confirman-el-dia-del-patrimonio-2026-esta-es-la-fecha-oficial-del-evento-y-las-actividades-que-se-podran-realizar\\\/#respond\"]}]},{\"@type\":\"WebPage\",\"@id\":\"https:\\\/\\\/diarioellabrador.cl\\\/index.php\\\/2026\\\/05\\\/02\\\/confirman-el-dia-del-patrimonio-2026-esta-es-la-fecha-oficial-del-evento-y-las-actividades-que-se-podran-realizar\\\/\",\"url\":\"https:\\\/\\\/diarioellabrador.cl\\\/index.php\\\/2026\\\/05\\\/02\\\/confirman-el-dia-del-patrimonio-2026-esta-es-la-fecha-oficial-del-evento-y-las-actividades-que-se-podran-realizar\\\/\",\"name\":\"Confirman el D\u00eda del Patrimonio 2026: esta es la fecha oficial del evento y las actividades que se podr\u00e1n realizar - Diario El Labrador\",\"isPartOf\":{\"@id\":\"https:\\\/\\\/diarioellabrador.cl\\\/#website\"},\"primaryImageOfPage\":{\"@id\":\"https:\\\/\\\/diarioellabrador.cl\\\/index.php\\\/2026\\\/05\\\/02\\\/confirman-el-dia-del-patrimonio-2026-esta-es-la-fecha-oficial-del-evento-y-las-actividades-que-se-podran-realizar\\\/#primaryimage\"},\"image\":{\"@id\":\"https:\\\/\\\/diarioellabrador.cl\\\/index.php\\\/2026\\\/05\\\/02\\\/confirman-el-dia-del-patrimonio-2026-esta-es-la-fecha-oficial-del-evento-y-las-actividades-que-se-podran-realizar\\\/#primaryimage\"},\"thumbnailUrl\":\"https:\\\/\\\/diarioellabrador.cl\\\/wp-content\\\/uploads\\\/2026\\\/05\\\/Confirman-el-Dia-del-Patrimonio-2026-esta-es-la-fecha-oficial-del-evento-y-las-actividades-que-se-podran-realizar.jpg\",\"datePublished\":\"2026-05-02T22:32:00+00:00\",\"breadcrumb\":{\"@id\":\"https:\\\/\\\/diarioellabrador.cl\\\/index.php\\\/2026\\\/05\\\/02\\\/confirman-el-dia-del-patrimonio-2026-esta-es-la-fecha-oficial-del-evento-y-las-actividades-que-se-podran-realizar\\\/#breadcrumb\"},\"inLanguage\":\"es\",\"potentialAction\":[{\"@type\":\"ReadAction\",\"target\":[\"https:\\\/\\\/diarioellabrador.cl\\\/index.php\\\/2026\\\/05\\\/02\\\/confirman-el-dia-del-patrimonio-2026-esta-es-la-fecha-oficial-del-evento-y-las-actividades-que-se-podran-realizar\\\/\"]}]},{\"@type\":\"ImageObject\",\"inLanguage\":\"es\",\"@id\":\"https:\\\/\\\/diarioellabrador.cl\\\/index.php\\\/2026\\\/05\\\/02\\\/confirman-el-dia-del-patrimonio-2026-esta-es-la-fecha-oficial-del-evento-y-las-actividades-que-se-podran-realizar\\\/#primaryimage\",\"url\":\"https:\\\/\\\/diarioellabrador.cl\\\/wp-content\\\/uploads\\\/2026\\\/05\\\/Confirman-el-Dia-del-Patrimonio-2026-esta-es-la-fecha-oficial-del-evento-y-las-actividades-que-se-podran-realizar.jpg\",\"contentUrl\":\"https:\\\/\\\/diarioellabrador.cl\\\/wp-content\\\/uploads\\\/2026\\\/05\\\/Confirman-el-Dia-del-Patrimonio-2026-esta-es-la-fecha-oficial-del-evento-y-las-actividades-que-se-podran-realizar.jpg\",\"width\":1440,\"height\":960},{\"@type\":\"BreadcrumbList\",\"@id\":\"https:\\\/\\\/diarioellabrador.cl\\\/index.php\\\/2026\\\/05\\\/02\\\/confirman-el-dia-del-patrimonio-2026-esta-es-la-fecha-oficial-del-evento-y-las-actividades-que-se-podran-realizar\\\/#breadcrumb\",\"itemListElement\":[{\"@type\":\"ListItem\",\"position\":1,\"name\":\"Portada\",\"item\":\"https:\\\/\\\/diarioellabrador.cl\\\/\"},{\"@type\":\"ListItem\",\"position\":2,\"name\":\"Confirman el D\u00eda del Patrimonio 2026: esta es la fecha oficial del evento y las actividades que se podr\u00e1n realizar\"}]},{\"@type\":\"WebSite\",\"@id\":\"https:\\\/\\\/diarioellabrador.cl\\\/#website\",\"url\":\"https:\\\/\\\/diarioellabrador.cl\\\/\",\"name\":\"Diario El Labrador\",\"description\":\"Haciendo noticia desde 1921\",\"publisher\":{\"@id\":\"https:\\\/\\\/diarioellabrador.cl\\\/#organization\"},\"potentialAction\":[{\"@type\":\"SearchAction\",\"target\":{\"@type\":\"EntryPoint\",\"urlTemplate\":\"https:\\\/\\\/diarioellabrador.cl\\\/?s={search_term_string}\"},\"query-input\":{\"@type\":\"PropertyValueSpecification\",\"valueRequired\":true,\"valueName\":\"search_term_string\"}}],\"inLanguage\":\"es\"},{\"@type\":\"Organization\",\"@id\":\"https:\\\/\\\/diarioellabrador.cl\\\/#organization\",\"name\":\"Diario El Labrador\",\"url\":\"https:\\\/\\\/diarioellabrador.cl\\\/\",\"logo\":{\"@type\":\"ImageObject\",\"inLanguage\":\"es\",\"@id\":\"https:\\\/\\\/diarioellabrador.cl\\\/#\\\/schema\\\/logo\\\/image\\\/\",\"url\":\"https:\\\/\\\/diarioellabrador.cl\\\/wp-content\\\/uploads\\\/2025\\\/02\\\/cropped-Logo-Icono.png\",\"contentUrl\":\"https:\\\/\\\/diarioellabrador.cl\\\/wp-content\\\/uploads\\\/2025\\\/02\\\/cropped-Logo-Icono.png\",\"width\":512,\"height\":512,\"caption\":\"Diario El Labrador\"},\"image\":{\"@id\":\"https:\\\/\\\/diarioellabrador.cl\\\/#\\\/schema\\\/logo\\\/image\\\/\"},\"sameAs\":[\"https:\\\/\\\/web.facebook.com\\\/profile.php?id=61576120840621\",\"https:\\\/\\\/x.com\\\/ElLabradorOf\",\"https:\\\/\\\/www.instagram.com\\\/diarioellabradoroficial\\\/\"]},{\"@type\":\"Person\",\"@id\":\"https:\\\/\\\/diarioellabrador.cl\\\/#\\\/schema\\\/person\\\/bc25ff80b4563f9c7f4bd7855df01685\",\"name\":\"Editor\",\"image\":{\"@type\":\"ImageObject\",\"inLanguage\":\"es\",\"@id\":\"https:\\\/\\\/secure.gravatar.com\\\/avatar\\\/109c326cf2be5c04f048c2c2a2b8b6ef44bf3d8d1d3d4c55d0ac40c4bc994684?s=96&d=mm&r=g\",\"url\":\"https:\\\/\\\/secure.gravatar.com\\\/avatar\\\/109c326cf2be5c04f048c2c2a2b8b6ef44bf3d8d1d3d4c55d0ac40c4bc994684?s=96&d=mm&r=g\",\"contentUrl\":\"https:\\\/\\\/secure.gravatar.com\\\/avatar\\\/109c326cf2be5c04f048c2c2a2b8b6ef44bf3d8d1d3d4c55d0ac40c4bc994684?s=96&d=mm&r=g\",\"caption\":\"Editor\"},\"url\":\"https:\\\/\\\/diarioellabrador.cl\\\/index.php\\\/author\\\/editor\\\/\"}]}<\/script>\n<!-- \/ Yoast SEO plugin. -->","yoast_head_json":{"title":"Confirman el D\u00eda del Patrimonio 2026: esta es la fecha oficial del evento y las actividades que se podr\u00e1n realizar - Diario El Labrador","robots":{"index":"index","follow":"follow","max-snippet":"max-snippet:-1","max-image-preview":"max-image-preview:large","max-video-preview":"max-video-preview:-1"},"canonical":"https:\/\/diarioellabrador.cl\/index.php\/2026\/05\/02\/confirman-el-dia-del-patrimonio-2026-esta-es-la-fecha-oficial-del-evento-y-las-actividades-que-se-podran-realizar\/","og_locale":"es_ES","og_type":"article","og_title":"Confirman el D\u00eda del Patrimonio 2026: esta es la fecha oficial del evento y las actividades que se podr\u00e1n realizar - Diario El Labrador","og_description":"La instancia se llevar\u00e1 a cabo durante todo un fin de semana en los distintos rincones del pa\u00eds. Revisa ac\u00e1 todos los detalles. Tal y como sucede todos los a\u00f1os desde hace un buen tiempo, nos acercamos a una nueva versi\u00f3n del D\u00eda del Patrimonio en Chile. Conocido por ser el evento cultural m\u00e1s grande Leer m\u00e1s","og_url":"https:\/\/diarioellabrador.cl\/index.php\/2026\/05\/02\/confirman-el-dia-del-patrimonio-2026-esta-es-la-fecha-oficial-del-evento-y-las-actividades-que-se-podran-realizar\/","og_site_name":"Diario El Labrador","article_publisher":"https:\/\/web.facebook.com\/profile.php?id=61576120840621","article_published_time":"2026-05-02T22:32:00+00:00","og_image":[{"width":1440,"height":960,"url":"https:\/\/diarioellabrador.cl\/wp-content\/uploads\/2026\/05\/Confirman-el-Dia-del-Patrimonio-2026-esta-es-la-fecha-oficial-del-evento-y-las-actividades-que-se-podran-realizar.jpg","type":"image\/jpeg"}],"author":"Editor","twitter_card":"summary_large_image","twitter_creator":"@ElLabradorOf","twitter_site":"@ElLabradorOf","twitter_misc":{"Escrito por":"Editor","Tiempo de lectura":"2 minutos"},"schema":{"@context":"https:\/\/schema.org","@graph":[{"@type":"Article","@id":"https:\/\/diarioellabrador.cl\/index.php\/2026\/05\/02\/confirman-el-dia-del-patrimonio-2026-esta-es-la-fecha-oficial-del-evento-y-las-actividades-que-se-podran-realizar\/#article","isPartOf":{"@id":"https:\/\/diarioellabrador.cl\/index.php\/2026\/05\/02\/confirman-el-dia-del-patrimonio-2026-esta-es-la-fecha-oficial-del-evento-y-las-actividades-que-se-podran-realizar\/"},"author":{"name":"Editor","@id":"https:\/\/diarioellabrador.cl\/#\/schema\/person\/bc25ff80b4563f9c7f4bd7855df01685"},"headline":"Confirman el D\u00eda del Patrimonio 2026: esta es la fecha oficial del evento y las actividades que se podr\u00e1n realizar","datePublished":"2026-05-02T22:32:00+00:00","mainEntityOfPage":{"@id":"https:\/\/diarioellabrador.cl\/index.php\/2026\/05\/02\/confirman-el-dia-del-patrimonio-2026-esta-es-la-fecha-oficial-del-evento-y-las-actividades-que-se-podran-realizar\/"},"wordCount":294,"commentCount":0,"publisher":{"@id":"https:\/\/diarioellabrador.cl\/#organization"},"image":{"@id":"https:\/\/diarioellabrador.cl\/index.php\/2026\/05\/02\/confirman-el-dia-del-patrimonio-2026-esta-es-la-fecha-oficial-del-evento-y-las-actividades-que-se-podran-realizar\/#primaryimage"},"thumbnailUrl":"https:\/\/diarioellabrador.cl\/wp-content\/uploads\/2026\/05\/Confirman-el-Dia-del-Patrimonio-2026-esta-es-la-fecha-oficial-del-evento-y-las-actividades-que-se-podran-realizar.jpg","articleSection":["Cr\u00f3nica"],"inLanguage":"es","potentialAction":[{"@type":"CommentAction","name":"Comment","target":["https:\/\/diarioellabrador.cl\/index.php\/2026\/05\/02\/confirman-el-dia-del-patrimonio-2026-esta-es-la-fecha-oficial-del-evento-y-las-actividades-que-se-podran-realizar\/#respond"]}]},{"@type":"WebPage","@id":"https:\/\/diarioellabrador.cl\/index.php\/2026\/05\/02\/confirman-el-dia-del-patrimonio-2026-esta-es-la-fecha-oficial-del-evento-y-las-actividades-que-se-podran-realizar\/","url":"https:\/\/diarioellabrador.cl\/index.php\/2026\/05\/02\/confirman-el-dia-del-patrimonio-2026-esta-es-la-fecha-oficial-del-evento-y-las-actividades-que-se-podran-realizar\/","name":"Confirman el D\u00eda del Patrimonio 2026: esta es la fecha oficial del evento y las actividades que se podr\u00e1n realizar - Diario El Labrador","isPartOf":{"@id":"https:\/\/diarioellabrador.cl\/#website"},"primaryImageOfPage":{"@id":"https:\/\/diarioellabrador.cl\/index.php\/2026\/05\/02\/confirman-el-dia-del-patrimonio-2026-esta-es-la-fecha-oficial-del-evento-y-las-actividades-que-se-podran-realizar\/#primaryimage"},"image":{"@id":"https:\/\/diarioellabrador.cl\/index.php\/2026\/05\/02\/confirman-el-dia-del-patrimonio-2026-esta-es-la-fecha-oficial-del-evento-y-las-actividades-que-se-podran-realizar\/#primaryimage"},"thumbnailUrl":"https:\/\/diarioellabrador.cl\/wp-content\/uploads\/2026\/05\/Confirman-el-Dia-del-Patrimonio-2026-esta-es-la-fecha-oficial-del-evento-y-las-actividades-que-se-podran-realizar.jpg","datePublished":"2026-05-02T22:32:00+00:00","breadcrumb":{"@id":"https:\/\/diarioellabrador.cl\/index.php\/2026\/05\/02\/confirman-el-dia-del-patrimonio-2026-esta-es-la-fecha-oficial-del-evento-y-las-actividades-que-se-podran-realizar\/#breadcrumb"},"inLanguage":"es","potentialAction":[{"@type":"ReadAction","target":["https:\/\/diarioellabrador.cl\/index.php\/2026\/05\/02\/confirman-el-dia-del-patrimonio-2026-esta-es-la-fecha-oficial-del-evento-y-las-actividades-que-se-podran-realizar\/"]}]},{"@type":"ImageObject","inLanguage":"es","@id":"https:\/\/diarioellabrador.cl\/index.php\/2026\/05\/02\/confirman-el-dia-del-patrimonio-2026-esta-es-la-fecha-oficial-del-evento-y-las-actividades-que-se-podran-realizar\/#primaryimage","url":"https:\/\/diarioellabrador.cl\/wp-content\/uploads\/2026\/05\/Confirman-el-Dia-del-Patrimonio-2026-esta-es-la-fecha-oficial-del-evento-y-las-actividades-que-se-podran-realizar.jpg","contentUrl":"https:\/\/diarioellabrador.cl\/wp-content\/uploads\/2026\/05\/Confirman-el-Dia-del-Patrimonio-2026-esta-es-la-fecha-oficial-del-evento-y-las-actividades-que-se-podran-realizar.jpg","width":1440,"height":960},{"@type":"BreadcrumbList","@id":"https:\/\/diarioellabrador.cl\/index.php\/2026\/05\/02\/confirman-el-dia-del-patrimonio-2026-esta-es-la-fecha-oficial-del-evento-y-las-actividades-que-se-podran-realizar\/#breadcrumb","itemListElement":[{"@type":"ListItem","position":1,"name":"Portada","item":"https:\/\/diarioellabrador.cl\/"},{"@type":"ListItem","position":2,"name":"Confirman el D\u00eda del Patrimonio 2026: esta es la fecha oficial del evento y las actividades que se podr\u00e1n realizar"}]},{"@type":"WebSite","@id":"https:\/\/diarioellabrador.cl\/#website","url":"https:\/\/diarioellabrador.cl\/","name":"Diario El Labrador","description":"Haciendo noticia desde 1921","publisher":{"@id":"https:\/\/diarioellabrador.cl\/#organization"},"potentialAction":[{"@type":"SearchAction","target":{"@type":"EntryPoint","urlTemplate":"https:\/\/diarioellabrador.cl\/?s={search_term_string}"},"query-input":{"@type":"PropertyValueSpecification","valueRequired":true,"valueName":"search_term_string"}}],"inLanguage":"es"},{"@type":"Organization","@id":"https:\/\/diarioellabrador.cl\/#organization","name":"Diario El Labrador","url":"https:\/\/diarioellabrador.cl\/","logo":{"@type":"ImageObject","inLanguage":"es","@id":"https:\/\/diarioellabrador.cl\/#\/schema\/logo\/image\/","url":"https:\/\/diarioellabrador.cl\/wp-content\/uploads\/2025\/02\/cropped-Logo-Icono.png","contentUrl":"https:\/\/diarioellabrador.cl\/wp-content\/uploads\/2025\/02\/cropped-Logo-Icono.png","width":512,"height":512,"caption":"Diario El Labrador"},"image":{"@id":"https:\/\/diarioellabrador.cl\/#\/schema\/logo\/image\/"},"sameAs":["https:\/\/web.facebook.com\/profile.php?id=61576120840621","https:\/\/x.com\/ElLabradorOf","https:\/\/www.instagram.com\/diarioellabradoroficial\/"]},{"@type":"Person","@id":"https:\/\/diarioellabrador.cl\/#\/schema\/person\/bc25ff80b4563f9c7f4bd7855df01685","name":"Editor","image":{"@type":"ImageObject","inLanguage":"es","@id":"https:\/\/secure.gravatar.com\/avatar\/109c326cf2be5c04f048c2c2a2b8b6ef44bf3d8d1d3d4c55d0ac40c4bc994684?s=96&d=mm&r=g","url":"https:\/\/secure.gravatar.com\/avatar\/109c326cf2be5c04f048c2c2a2b8b6ef44bf3d8d1d3d4c55d0ac40c4bc994684?s=96&d=mm&r=g","contentUrl":"https:\/\/secure.gravatar.com\/avatar\/109c326cf2be5c04f048c2c2a2b8b6ef44bf3d8d1d3d4c55d0ac40c4bc994684?s=96&d=mm&r=g","caption":"Editor"},"url":"https:\/\/diarioellabrador.cl\/index.php\/author\/editor\/"}]}},"_links":{"self":[{"href":"https:\/\/diarioellabrador.cl\/index.php\/wp-json\/wp\/v2\/posts\/18894","targetHints":{"allow":["GET"]}}],"collection":[{"href":"https:\/\/diarioellabrador.cl\/index.php\/wp-json\/wp\/v2\/posts"}],"about":[{"href":"https:\/\/diarioellabrador.cl\/index.php\/wp-json\/wp\/v2\/types\/post"}],"author":[{"embeddable":true,"href":"https:\/\/diarioellabrador.cl\/index.php\/wp-json\/wp\/v2\/users\/2"}],"replies":[{"embeddable":true,"href":"https:\/\/diarioellabrador.cl\/index.php\/wp-json\/wp\/v2\/comments?post=18894"}],"version-history":[{"count":1,"href":"https:\/\/diarioellabrador.cl\/index.php\/wp-json\/wp\/v2\/posts\/18894\/revisions"}],"predecessor-version":[{"id":18895,"href":"https:\/\/diarioellabrador.cl\/index.php\/wp-json\/wp\/v2\/posts\/18894\/revisions\/18895"}],"wp:featuredmedia":[{"embeddable":true,"href":"https:\/\/diarioellabrador.cl\/index.php\/wp-json\/wp\/v2\/media\/18841"}],"wp:attachment":[{"href":"https:\/\/diarioellabrador.cl\/index.php\/wp-json\/wp\/v2\/media?parent=18894"}],"wp:term":[{"taxonomy":"category","embeddable":true,"href":"https:\/\/diarioellabrador.cl\/index.php\/wp-json\/wp\/v2\/categories?post=18894"},{"taxonomy":"post_tag","embeddable":true,"href":"https:\/\/diarioellabrador.cl\/index.php\/wp-json\/wp\/v2\/tags?post=18894"}],"curies":[{"name":"wp","href":"https:\/\/api.w.org\/{rel}","templated":true}]}}