{"id":18892,"date":"2026-05-02T18:32:00","date_gmt":"2026-05-02T22:32:00","guid":{"rendered":"https:\/\/diarioellabrador.cl\/?p=18892"},"modified":"2026-05-02T16:32:30","modified_gmt":"2026-05-02T20:32:30","slug":"gobierno-descarta-vulneracion-de-clave-unica-tras-alerta-por-filtracion","status":"publish","type":"post","link":"https:\/\/diarioellabrador.cl\/index.php\/2026\/05\/02\/gobierno-descarta-vulneracion-de-clave-unica-tras-alerta-por-filtracion\/","title":{"rendered":"Gobierno descarta vulneraci\u00f3n de Clave \u00danica tras alerta por filtraci\u00f3n"},"content":{"rendered":"\n<p><strong>Autoridades aseguraron que el sistema sigue operativo y sin evidencia de afectaci\u00f3n, pese a reportes de posible exposici\u00f3n de datos.<\/strong><\/p>\n\n\n\n<p>La Secretar\u00eda de Gobierno Digital de Chile descart\u00f3 que la Clave \u00danica haya sido vulnerada, <strong>tras la circulaci\u00f3n de reportes sobre una presunta filtraci\u00f3n de datos que involucrar\u00eda a diversas entidades p\u00fablicas y privadas.<\/strong><\/p>\n\n\n\n<p>A trav\u00e9s de un comunicado, la instituci\u00f3n afirm\u00f3 que \u201c<strong>no hay evidencia de que la infraestructura y la base de datos de la Clave \u00danica haya sido afectada por ning\u00fan incidente de ciberseguridad relacionado con estos reportes\u201d<\/strong>, enfatizando que el sistema \u201cse encuentra 100% operativa, segura y funcionando con normalidad\u201d.<\/p>\n\n\n\n<p>Desde el organismo tambi\u00e9n se\u00f1alaron que la plataforma cuenta con altos est\u00e1ndares de seguridad y monitoreo continuo,<strong> en coordinaci\u00f3n con la Agencia Nacional de Ciberseguridad de Chile, para resguardar los datos de la ciudadan\u00eda.<\/strong><\/p>\n\n\n\n<p>La alerta surgi\u00f3 a partir de un informe de la <strong>empresa de ciberseguridad Vecert Analyzer<\/strong>, que advirti\u00f3 sobre una eventual vulneraci\u00f3n de bases de datos de compa\u00f1\u00edas de telecomunicaciones y organismos p\u00fablicos, incluyendo al Servicio de Registro Civil e Identificaci\u00f3n de Chile.<\/p>\n\n\n\n<p>Seg\u00fan ese reporte, un actor identificado como \u201crutify\u201d habr\u00eda difundido informaci\u00f3n en plataformas como Telegram,<strong> incluyendo datos sensibles como nombres, RUT<\/strong>, direcciones e incluso antecedentes m\u00e9dicos. Sin embargo, desde el Registro Civil tambi\u00e9n descartaron que se trate de informaci\u00f3n correspondiente a sus sistemas.<\/p>\n\n\n\n<p>En paralelo, la Agencia Nacional de Ciberseguridad indic\u00f3 que se encuentra analizando la presunta actividad,<strong> aunque precis\u00f3 que hasta ahora no ha sido posible corroborar la autenticidad ni el alcance de los datos difundidos.<\/strong><\/p>\n","protected":false},"excerpt":{"rendered":"<p>Autoridades aseguraron que el sistema sigue operativo y sin evidencia de afectaci\u00f3n, pese a reportes de posible exposici\u00f3n de datos. La Secretar\u00eda de Gobierno Digital de Chile descart\u00f3 que la Clave \u00danica haya sido vulnerada, tras la circulaci\u00f3n de reportes sobre una presunta filtraci\u00f3n de datos que involucrar\u00eda a diversas entidades p\u00fablicas y privadas. A<\/p>\n<div class=\"read-more-wrapper\"><a class=\"read-more\" href=\"https:\/\/diarioellabrador.cl\/index.php\/2026\/05\/02\/gobierno-descarta-vulneracion-de-clave-unica-tras-alerta-por-filtracion\/\" title=\"Leer m\u00e1s\"> <span class=\"button \">Leer m\u00e1s<\/span><\/a><\/div>\n","protected":false},"author":2,"featured_media":18842,"comment_status":"open","ping_status":"open","sticky":false,"template":"","format":"standard","meta":{"footnotes":""},"categories":[1],"tags":[],"class_list":["post-18892","post","type-post","status-publish","format-standard","has-post-thumbnail","hentry","category-cronica"],"yoast_head":"<!-- This site is optimized with the Yoast SEO plugin v27.5 - https:\/\/yoast.com\/product\/yoast-seo-wordpress\/ -->\n<title>Gobierno descarta vulneraci\u00f3n de Clave \u00danica tras alerta por filtraci\u00f3n - Diario El Labrador<\/title>\n<meta name=\"robots\" content=\"index, follow, max-snippet:-1, max-image-preview:large, max-video-preview:-1\" \/>\n<link rel=\"canonical\" href=\"https:\/\/diarioellabrador.cl\/index.php\/2026\/05\/02\/gobierno-descarta-vulneracion-de-clave-unica-tras-alerta-por-filtracion\/\" \/>\n<meta property=\"og:locale\" content=\"es_ES\" \/>\n<meta property=\"og:type\" content=\"article\" \/>\n<meta property=\"og:title\" content=\"Gobierno descarta vulneraci\u00f3n de Clave \u00danica tras alerta por filtraci\u00f3n - Diario El Labrador\" \/>\n<meta property=\"og:description\" content=\"Autoridades aseguraron que el sistema sigue operativo y sin evidencia de afectaci\u00f3n, pese a reportes de posible exposici\u00f3n de datos. La Secretar\u00eda de Gobierno Digital de Chile descart\u00f3 que la Clave \u00danica haya sido vulnerada, tras la circulaci\u00f3n de reportes sobre una presunta filtraci\u00f3n de datos que involucrar\u00eda a diversas entidades p\u00fablicas y privadas. A Leer m\u00e1s\" \/>\n<meta property=\"og:url\" content=\"https:\/\/diarioellabrador.cl\/index.php\/2026\/05\/02\/gobierno-descarta-vulneracion-de-clave-unica-tras-alerta-por-filtracion\/\" \/>\n<meta property=\"og:site_name\" content=\"Diario El Labrador\" \/>\n<meta property=\"article:publisher\" content=\"https:\/\/web.facebook.com\/profile.php?id=61576120840621\" \/>\n<meta property=\"article:published_time\" content=\"2026-05-02T22:32:00+00:00\" \/>\n<meta property=\"og:image\" content=\"https:\/\/diarioellabrador.cl\/wp-content\/uploads\/2026\/05\/Gobierno-descarta-vulneracion-de-Clave-Unica-tras-alerta-por-filtracion.jpeg\" \/>\n\t<meta property=\"og:image:width\" content=\"1423\" \/>\n\t<meta property=\"og:image:height\" content=\"800\" \/>\n\t<meta property=\"og:image:type\" content=\"image\/jpeg\" \/>\n<meta name=\"author\" content=\"Editor\" \/>\n<meta name=\"twitter:card\" content=\"summary_large_image\" \/>\n<meta name=\"twitter:creator\" content=\"@ElLabradorOf\" \/>\n<meta name=\"twitter:site\" content=\"@ElLabradorOf\" \/>\n<meta name=\"twitter:label1\" content=\"Escrito por\" \/>\n\t<meta name=\"twitter:data1\" content=\"Editor\" \/>\n\t<meta name=\"twitter:label2\" content=\"Tiempo de lectura\" \/>\n\t<meta name=\"twitter:data2\" content=\"2 minutos\" \/>\n<script type=\"application\/ld+json\" class=\"yoast-schema-graph\">{\"@context\":\"https:\\\/\\\/schema.org\",\"@graph\":[{\"@type\":\"Article\",\"@id\":\"https:\\\/\\\/diarioellabrador.cl\\\/index.php\\\/2026\\\/05\\\/02\\\/gobierno-descarta-vulneracion-de-clave-unica-tras-alerta-por-filtracion\\\/#article\",\"isPartOf\":{\"@id\":\"https:\\\/\\\/diarioellabrador.cl\\\/index.php\\\/2026\\\/05\\\/02\\\/gobierno-descarta-vulneracion-de-clave-unica-tras-alerta-por-filtracion\\\/\"},\"author\":{\"name\":\"Editor\",\"@id\":\"https:\\\/\\\/diarioellabrador.cl\\\/#\\\/schema\\\/person\\\/bc25ff80b4563f9c7f4bd7855df01685\"},\"headline\":\"Gobierno descarta vulneraci\u00f3n de Clave \u00danica tras alerta por filtraci\u00f3n\",\"datePublished\":\"2026-05-02T22:32:00+00:00\",\"mainEntityOfPage\":{\"@id\":\"https:\\\/\\\/diarioellabrador.cl\\\/index.php\\\/2026\\\/05\\\/02\\\/gobierno-descarta-vulneracion-de-clave-unica-tras-alerta-por-filtracion\\\/\"},\"wordCount\":293,\"commentCount\":0,\"publisher\":{\"@id\":\"https:\\\/\\\/diarioellabrador.cl\\\/#organization\"},\"image\":{\"@id\":\"https:\\\/\\\/diarioellabrador.cl\\\/index.php\\\/2026\\\/05\\\/02\\\/gobierno-descarta-vulneracion-de-clave-unica-tras-alerta-por-filtracion\\\/#primaryimage\"},\"thumbnailUrl\":\"https:\\\/\\\/diarioellabrador.cl\\\/wp-content\\\/uploads\\\/2026\\\/05\\\/Gobierno-descarta-vulneracion-de-Clave-Unica-tras-alerta-por-filtracion.jpeg\",\"articleSection\":[\"Cr\u00f3nica\"],\"inLanguage\":\"es\",\"potentialAction\":[{\"@type\":\"CommentAction\",\"name\":\"Comment\",\"target\":[\"https:\\\/\\\/diarioellabrador.cl\\\/index.php\\\/2026\\\/05\\\/02\\\/gobierno-descarta-vulneracion-de-clave-unica-tras-alerta-por-filtracion\\\/#respond\"]}]},{\"@type\":\"WebPage\",\"@id\":\"https:\\\/\\\/diarioellabrador.cl\\\/index.php\\\/2026\\\/05\\\/02\\\/gobierno-descarta-vulneracion-de-clave-unica-tras-alerta-por-filtracion\\\/\",\"url\":\"https:\\\/\\\/diarioellabrador.cl\\\/index.php\\\/2026\\\/05\\\/02\\\/gobierno-descarta-vulneracion-de-clave-unica-tras-alerta-por-filtracion\\\/\",\"name\":\"Gobierno descarta vulneraci\u00f3n de Clave \u00danica tras alerta por filtraci\u00f3n - Diario El Labrador\",\"isPartOf\":{\"@id\":\"https:\\\/\\\/diarioellabrador.cl\\\/#website\"},\"primaryImageOfPage\":{\"@id\":\"https:\\\/\\\/diarioellabrador.cl\\\/index.php\\\/2026\\\/05\\\/02\\\/gobierno-descarta-vulneracion-de-clave-unica-tras-alerta-por-filtracion\\\/#primaryimage\"},\"image\":{\"@id\":\"https:\\\/\\\/diarioellabrador.cl\\\/index.php\\\/2026\\\/05\\\/02\\\/gobierno-descarta-vulneracion-de-clave-unica-tras-alerta-por-filtracion\\\/#primaryimage\"},\"thumbnailUrl\":\"https:\\\/\\\/diarioellabrador.cl\\\/wp-content\\\/uploads\\\/2026\\\/05\\\/Gobierno-descarta-vulneracion-de-Clave-Unica-tras-alerta-por-filtracion.jpeg\",\"datePublished\":\"2026-05-02T22:32:00+00:00\",\"breadcrumb\":{\"@id\":\"https:\\\/\\\/diarioellabrador.cl\\\/index.php\\\/2026\\\/05\\\/02\\\/gobierno-descarta-vulneracion-de-clave-unica-tras-alerta-por-filtracion\\\/#breadcrumb\"},\"inLanguage\":\"es\",\"potentialAction\":[{\"@type\":\"ReadAction\",\"target\":[\"https:\\\/\\\/diarioellabrador.cl\\\/index.php\\\/2026\\\/05\\\/02\\\/gobierno-descarta-vulneracion-de-clave-unica-tras-alerta-por-filtracion\\\/\"]}]},{\"@type\":\"ImageObject\",\"inLanguage\":\"es\",\"@id\":\"https:\\\/\\\/diarioellabrador.cl\\\/index.php\\\/2026\\\/05\\\/02\\\/gobierno-descarta-vulneracion-de-clave-unica-tras-alerta-por-filtracion\\\/#primaryimage\",\"url\":\"https:\\\/\\\/diarioellabrador.cl\\\/wp-content\\\/uploads\\\/2026\\\/05\\\/Gobierno-descarta-vulneracion-de-Clave-Unica-tras-alerta-por-filtracion.jpeg\",\"contentUrl\":\"https:\\\/\\\/diarioellabrador.cl\\\/wp-content\\\/uploads\\\/2026\\\/05\\\/Gobierno-descarta-vulneracion-de-Clave-Unica-tras-alerta-por-filtracion.jpeg\",\"width\":1423,\"height\":800},{\"@type\":\"BreadcrumbList\",\"@id\":\"https:\\\/\\\/diarioellabrador.cl\\\/index.php\\\/2026\\\/05\\\/02\\\/gobierno-descarta-vulneracion-de-clave-unica-tras-alerta-por-filtracion\\\/#breadcrumb\",\"itemListElement\":[{\"@type\":\"ListItem\",\"position\":1,\"name\":\"Portada\",\"item\":\"https:\\\/\\\/diarioellabrador.cl\\\/\"},{\"@type\":\"ListItem\",\"position\":2,\"name\":\"Gobierno descarta vulneraci\u00f3n de Clave \u00danica tras alerta por filtraci\u00f3n\"}]},{\"@type\":\"WebSite\",\"@id\":\"https:\\\/\\\/diarioellabrador.cl\\\/#website\",\"url\":\"https:\\\/\\\/diarioellabrador.cl\\\/\",\"name\":\"Diario El Labrador\",\"description\":\"Haciendo noticia desde 1921\",\"publisher\":{\"@id\":\"https:\\\/\\\/diarioellabrador.cl\\\/#organization\"},\"potentialAction\":[{\"@type\":\"SearchAction\",\"target\":{\"@type\":\"EntryPoint\",\"urlTemplate\":\"https:\\\/\\\/diarioellabrador.cl\\\/?s={search_term_string}\"},\"query-input\":{\"@type\":\"PropertyValueSpecification\",\"valueRequired\":true,\"valueName\":\"search_term_string\"}}],\"inLanguage\":\"es\"},{\"@type\":\"Organization\",\"@id\":\"https:\\\/\\\/diarioellabrador.cl\\\/#organization\",\"name\":\"Diario El Labrador\",\"url\":\"https:\\\/\\\/diarioellabrador.cl\\\/\",\"logo\":{\"@type\":\"ImageObject\",\"inLanguage\":\"es\",\"@id\":\"https:\\\/\\\/diarioellabrador.cl\\\/#\\\/schema\\\/logo\\\/image\\\/\",\"url\":\"https:\\\/\\\/diarioellabrador.cl\\\/wp-content\\\/uploads\\\/2025\\\/02\\\/cropped-Logo-Icono.png\",\"contentUrl\":\"https:\\\/\\\/diarioellabrador.cl\\\/wp-content\\\/uploads\\\/2025\\\/02\\\/cropped-Logo-Icono.png\",\"width\":512,\"height\":512,\"caption\":\"Diario El Labrador\"},\"image\":{\"@id\":\"https:\\\/\\\/diarioellabrador.cl\\\/#\\\/schema\\\/logo\\\/image\\\/\"},\"sameAs\":[\"https:\\\/\\\/web.facebook.com\\\/profile.php?id=61576120840621\",\"https:\\\/\\\/x.com\\\/ElLabradorOf\",\"https:\\\/\\\/www.instagram.com\\\/diarioellabradoroficial\\\/\"]},{\"@type\":\"Person\",\"@id\":\"https:\\\/\\\/diarioellabrador.cl\\\/#\\\/schema\\\/person\\\/bc25ff80b4563f9c7f4bd7855df01685\",\"name\":\"Editor\",\"image\":{\"@type\":\"ImageObject\",\"inLanguage\":\"es\",\"@id\":\"https:\\\/\\\/secure.gravatar.com\\\/avatar\\\/109c326cf2be5c04f048c2c2a2b8b6ef44bf3d8d1d3d4c55d0ac40c4bc994684?s=96&d=mm&r=g\",\"url\":\"https:\\\/\\\/secure.gravatar.com\\\/avatar\\\/109c326cf2be5c04f048c2c2a2b8b6ef44bf3d8d1d3d4c55d0ac40c4bc994684?s=96&d=mm&r=g\",\"contentUrl\":\"https:\\\/\\\/secure.gravatar.com\\\/avatar\\\/109c326cf2be5c04f048c2c2a2b8b6ef44bf3d8d1d3d4c55d0ac40c4bc994684?s=96&d=mm&r=g\",\"caption\":\"Editor\"},\"url\":\"https:\\\/\\\/diarioellabrador.cl\\\/index.php\\\/author\\\/editor\\\/\"}]}<\/script>\n<!-- \/ Yoast SEO plugin. -->","yoast_head_json":{"title":"Gobierno descarta vulneraci\u00f3n de Clave \u00danica tras alerta por filtraci\u00f3n - Diario El Labrador","robots":{"index":"index","follow":"follow","max-snippet":"max-snippet:-1","max-image-preview":"max-image-preview:large","max-video-preview":"max-video-preview:-1"},"canonical":"https:\/\/diarioellabrador.cl\/index.php\/2026\/05\/02\/gobierno-descarta-vulneracion-de-clave-unica-tras-alerta-por-filtracion\/","og_locale":"es_ES","og_type":"article","og_title":"Gobierno descarta vulneraci\u00f3n de Clave \u00danica tras alerta por filtraci\u00f3n - Diario El Labrador","og_description":"Autoridades aseguraron que el sistema sigue operativo y sin evidencia de afectaci\u00f3n, pese a reportes de posible exposici\u00f3n de datos. La Secretar\u00eda de Gobierno Digital de Chile descart\u00f3 que la Clave \u00danica haya sido vulnerada, tras la circulaci\u00f3n de reportes sobre una presunta filtraci\u00f3n de datos que involucrar\u00eda a diversas entidades p\u00fablicas y privadas. A Leer m\u00e1s","og_url":"https:\/\/diarioellabrador.cl\/index.php\/2026\/05\/02\/gobierno-descarta-vulneracion-de-clave-unica-tras-alerta-por-filtracion\/","og_site_name":"Diario El Labrador","article_publisher":"https:\/\/web.facebook.com\/profile.php?id=61576120840621","article_published_time":"2026-05-02T22:32:00+00:00","og_image":[{"width":1423,"height":800,"url":"https:\/\/diarioellabrador.cl\/wp-content\/uploads\/2026\/05\/Gobierno-descarta-vulneracion-de-Clave-Unica-tras-alerta-por-filtracion.jpeg","type":"image\/jpeg"}],"author":"Editor","twitter_card":"summary_large_image","twitter_creator":"@ElLabradorOf","twitter_site":"@ElLabradorOf","twitter_misc":{"Escrito por":"Editor","Tiempo de lectura":"2 minutos"},"schema":{"@context":"https:\/\/schema.org","@graph":[{"@type":"Article","@id":"https:\/\/diarioellabrador.cl\/index.php\/2026\/05\/02\/gobierno-descarta-vulneracion-de-clave-unica-tras-alerta-por-filtracion\/#article","isPartOf":{"@id":"https:\/\/diarioellabrador.cl\/index.php\/2026\/05\/02\/gobierno-descarta-vulneracion-de-clave-unica-tras-alerta-por-filtracion\/"},"author":{"name":"Editor","@id":"https:\/\/diarioellabrador.cl\/#\/schema\/person\/bc25ff80b4563f9c7f4bd7855df01685"},"headline":"Gobierno descarta vulneraci\u00f3n de Clave \u00danica tras alerta por filtraci\u00f3n","datePublished":"2026-05-02T22:32:00+00:00","mainEntityOfPage":{"@id":"https:\/\/diarioellabrador.cl\/index.php\/2026\/05\/02\/gobierno-descarta-vulneracion-de-clave-unica-tras-alerta-por-filtracion\/"},"wordCount":293,"commentCount":0,"publisher":{"@id":"https:\/\/diarioellabrador.cl\/#organization"},"image":{"@id":"https:\/\/diarioellabrador.cl\/index.php\/2026\/05\/02\/gobierno-descarta-vulneracion-de-clave-unica-tras-alerta-por-filtracion\/#primaryimage"},"thumbnailUrl":"https:\/\/diarioellabrador.cl\/wp-content\/uploads\/2026\/05\/Gobierno-descarta-vulneracion-de-Clave-Unica-tras-alerta-por-filtracion.jpeg","articleSection":["Cr\u00f3nica"],"inLanguage":"es","potentialAction":[{"@type":"CommentAction","name":"Comment","target":["https:\/\/diarioellabrador.cl\/index.php\/2026\/05\/02\/gobierno-descarta-vulneracion-de-clave-unica-tras-alerta-por-filtracion\/#respond"]}]},{"@type":"WebPage","@id":"https:\/\/diarioellabrador.cl\/index.php\/2026\/05\/02\/gobierno-descarta-vulneracion-de-clave-unica-tras-alerta-por-filtracion\/","url":"https:\/\/diarioellabrador.cl\/index.php\/2026\/05\/02\/gobierno-descarta-vulneracion-de-clave-unica-tras-alerta-por-filtracion\/","name":"Gobierno descarta vulneraci\u00f3n de Clave \u00danica tras alerta por filtraci\u00f3n - Diario El Labrador","isPartOf":{"@id":"https:\/\/diarioellabrador.cl\/#website"},"primaryImageOfPage":{"@id":"https:\/\/diarioellabrador.cl\/index.php\/2026\/05\/02\/gobierno-descarta-vulneracion-de-clave-unica-tras-alerta-por-filtracion\/#primaryimage"},"image":{"@id":"https:\/\/diarioellabrador.cl\/index.php\/2026\/05\/02\/gobierno-descarta-vulneracion-de-clave-unica-tras-alerta-por-filtracion\/#primaryimage"},"thumbnailUrl":"https:\/\/diarioellabrador.cl\/wp-content\/uploads\/2026\/05\/Gobierno-descarta-vulneracion-de-Clave-Unica-tras-alerta-por-filtracion.jpeg","datePublished":"2026-05-02T22:32:00+00:00","breadcrumb":{"@id":"https:\/\/diarioellabrador.cl\/index.php\/2026\/05\/02\/gobierno-descarta-vulneracion-de-clave-unica-tras-alerta-por-filtracion\/#breadcrumb"},"inLanguage":"es","potentialAction":[{"@type":"ReadAction","target":["https:\/\/diarioellabrador.cl\/index.php\/2026\/05\/02\/gobierno-descarta-vulneracion-de-clave-unica-tras-alerta-por-filtracion\/"]}]},{"@type":"ImageObject","inLanguage":"es","@id":"https:\/\/diarioellabrador.cl\/index.php\/2026\/05\/02\/gobierno-descarta-vulneracion-de-clave-unica-tras-alerta-por-filtracion\/#primaryimage","url":"https:\/\/diarioellabrador.cl\/wp-content\/uploads\/2026\/05\/Gobierno-descarta-vulneracion-de-Clave-Unica-tras-alerta-por-filtracion.jpeg","contentUrl":"https:\/\/diarioellabrador.cl\/wp-content\/uploads\/2026\/05\/Gobierno-descarta-vulneracion-de-Clave-Unica-tras-alerta-por-filtracion.jpeg","width":1423,"height":800},{"@type":"BreadcrumbList","@id":"https:\/\/diarioellabrador.cl\/index.php\/2026\/05\/02\/gobierno-descarta-vulneracion-de-clave-unica-tras-alerta-por-filtracion\/#breadcrumb","itemListElement":[{"@type":"ListItem","position":1,"name":"Portada","item":"https:\/\/diarioellabrador.cl\/"},{"@type":"ListItem","position":2,"name":"Gobierno descarta vulneraci\u00f3n de Clave \u00danica tras alerta por filtraci\u00f3n"}]},{"@type":"WebSite","@id":"https:\/\/diarioellabrador.cl\/#website","url":"https:\/\/diarioellabrador.cl\/","name":"Diario El Labrador","description":"Haciendo noticia desde 1921","publisher":{"@id":"https:\/\/diarioellabrador.cl\/#organization"},"potentialAction":[{"@type":"SearchAction","target":{"@type":"EntryPoint","urlTemplate":"https:\/\/diarioellabrador.cl\/?s={search_term_string}"},"query-input":{"@type":"PropertyValueSpecification","valueRequired":true,"valueName":"search_term_string"}}],"inLanguage":"es"},{"@type":"Organization","@id":"https:\/\/diarioellabrador.cl\/#organization","name":"Diario El Labrador","url":"https:\/\/diarioellabrador.cl\/","logo":{"@type":"ImageObject","inLanguage":"es","@id":"https:\/\/diarioellabrador.cl\/#\/schema\/logo\/image\/","url":"https:\/\/diarioellabrador.cl\/wp-content\/uploads\/2025\/02\/cropped-Logo-Icono.png","contentUrl":"https:\/\/diarioellabrador.cl\/wp-content\/uploads\/2025\/02\/cropped-Logo-Icono.png","width":512,"height":512,"caption":"Diario El Labrador"},"image":{"@id":"https:\/\/diarioellabrador.cl\/#\/schema\/logo\/image\/"},"sameAs":["https:\/\/web.facebook.com\/profile.php?id=61576120840621","https:\/\/x.com\/ElLabradorOf","https:\/\/www.instagram.com\/diarioellabradoroficial\/"]},{"@type":"Person","@id":"https:\/\/diarioellabrador.cl\/#\/schema\/person\/bc25ff80b4563f9c7f4bd7855df01685","name":"Editor","image":{"@type":"ImageObject","inLanguage":"es","@id":"https:\/\/secure.gravatar.com\/avatar\/109c326cf2be5c04f048c2c2a2b8b6ef44bf3d8d1d3d4c55d0ac40c4bc994684?s=96&d=mm&r=g","url":"https:\/\/secure.gravatar.com\/avatar\/109c326cf2be5c04f048c2c2a2b8b6ef44bf3d8d1d3d4c55d0ac40c4bc994684?s=96&d=mm&r=g","contentUrl":"https:\/\/secure.gravatar.com\/avatar\/109c326cf2be5c04f048c2c2a2b8b6ef44bf3d8d1d3d4c55d0ac40c4bc994684?s=96&d=mm&r=g","caption":"Editor"},"url":"https:\/\/diarioellabrador.cl\/index.php\/author\/editor\/"}]}},"_links":{"self":[{"href":"https:\/\/diarioellabrador.cl\/index.php\/wp-json\/wp\/v2\/posts\/18892","targetHints":{"allow":["GET"]}}],"collection":[{"href":"https:\/\/diarioellabrador.cl\/index.php\/wp-json\/wp\/v2\/posts"}],"about":[{"href":"https:\/\/diarioellabrador.cl\/index.php\/wp-json\/wp\/v2\/types\/post"}],"author":[{"embeddable":true,"href":"https:\/\/diarioellabrador.cl\/index.php\/wp-json\/wp\/v2\/users\/2"}],"replies":[{"embeddable":true,"href":"https:\/\/diarioellabrador.cl\/index.php\/wp-json\/wp\/v2\/comments?post=18892"}],"version-history":[{"count":1,"href":"https:\/\/diarioellabrador.cl\/index.php\/wp-json\/wp\/v2\/posts\/18892\/revisions"}],"predecessor-version":[{"id":18893,"href":"https:\/\/diarioellabrador.cl\/index.php\/wp-json\/wp\/v2\/posts\/18892\/revisions\/18893"}],"wp:featuredmedia":[{"embeddable":true,"href":"https:\/\/diarioellabrador.cl\/index.php\/wp-json\/wp\/v2\/media\/18842"}],"wp:attachment":[{"href":"https:\/\/diarioellabrador.cl\/index.php\/wp-json\/wp\/v2\/media?parent=18892"}],"wp:term":[{"taxonomy":"category","embeddable":true,"href":"https:\/\/diarioellabrador.cl\/index.php\/wp-json\/wp\/v2\/categories?post=18892"},{"taxonomy":"post_tag","embeddable":true,"href":"https:\/\/diarioellabrador.cl\/index.php\/wp-json\/wp\/v2\/tags?post=18892"}],"curies":[{"name":"wp","href":"https:\/\/api.w.org\/{rel}","templated":true}]}}