{"id":18890,"date":"2026-05-02T18:31:00","date_gmt":"2026-05-02T22:31:00","guid":{"rendered":"https:\/\/diarioellabrador.cl\/?p=18890"},"modified":"2026-05-02T16:31:37","modified_gmt":"2026-05-02T20:31:37","slug":"balance-del-dia-del-trabajador-carabineros-reporta-35-detenidos-en-60-actos-de-conmemoracion-a-nivel-nacional","status":"publish","type":"post","link":"https:\/\/diarioellabrador.cl\/index.php\/2026\/05\/02\/balance-del-dia-del-trabajador-carabineros-reporta-35-detenidos-en-60-actos-de-conmemoracion-a-nivel-nacional\/","title":{"rendered":"Balance del D\u00eda del Trabajador: Carabineros reporta 35 detenidos en 60 actos de conmemoraci\u00f3n a nivel nacional"},"content":{"rendered":"\n<p><strong><em>El Departamento de An\u00e1lisis Criminal (DIOSCAR) detall\u00f3 que el 94% de las capturas se concentraron en la Regi\u00f3n Metropolitana tras una jornada de movilizaciones.<\/em><\/strong><\/p>\n\n\n\n<p>Carabineros de Chile, a trav\u00e9s de su <strong>Departamento de An\u00e1lisis Criminal (DIOSCAR)<\/strong>, entreg\u00f3 durante la noche de este viernes el balance oficial de las movilizaciones realizadas en el marco del <strong>D\u00eda del Trabajador<\/strong>.<\/p>\n\n\n\n<p>Seg\u00fan el informe, la jornada nacional concluy\u00f3 con un total de <strong>35 personas detenidas<\/strong> en el contexto de <strong>60 eventos<\/strong> desarrollados a lo largo del pa\u00eds.<\/p>\n\n\n\n<p>Las cifras de este a\u00f1o muestran un incremento en la actividad de protesta, registr\u00e1ndose un <strong>9,09% m\u00e1s de actos<\/strong> en comparaci\u00f3n con las celebraciones de 2025. En cuanto a la distribuci\u00f3n geogr\u00e1fica de los eventos, el reporte detall\u00f3 que:<\/p>\n\n\n\n<ul class=\"wp-block-list\">\n<li><strong>Regiones:<\/strong> Se llevaron a cabo 41 actos, concentrando la mayor parte de las convocatorias fuera de la capital.<\/li>\n\n\n\n<li><strong>Regi\u00f3n Metropolitana:<\/strong> Se registraron 19 eventos.<\/li>\n<\/ul>\n\n\n\n<h2 class=\"wp-block-heading\"><em>Concentraci\u00f3n de detenciones en la RM<\/em><\/h2>\n\n\n\n<p>Pese a que la mayor\u00eda de las marchas ocurrieron en provincias, la labor policial de captura se concentr\u00f3 casi exclusivamente en la Regi\u00f3n Metropolitana. De los 35 detenidos totales, <strong>33 fueron capturados en Santiago<\/strong>, mientras que en el resto de las regiones solo se notificaron dos arrestos.<\/p>\n\n\n\n<h3 class=\"wp-block-heading\">La visi\u00f3n de los organizadores<\/h3>\n\n\n\n<p>Por su parte, la <strong>Central Unitaria de Trabajadores (CUT)<\/strong> realiz\u00f3 su propio balance durante la tarde, calificando la jornada como un \u00e9xito en t\u00e9rminos de convocatoria y cohesi\u00f3n gremial. Seg\u00fan la multisindical, m\u00e1s de <strong>60 mil personas<\/strong> se sumaron a la marcha principal, asegurando que la movilizaci\u00f3n estuvo marcada por un esp\u00edritu de \u201cunidad\u201d entre los diversos sectores laborales que asistieron a la cita.<\/p>\n","protected":false},"excerpt":{"rendered":"<p>El Departamento de An\u00e1lisis Criminal (DIOSCAR) detall\u00f3 que el 94% de las capturas se concentraron en la Regi\u00f3n Metropolitana tras una jornada de movilizaciones. Carabineros de Chile, a trav\u00e9s de su Departamento de An\u00e1lisis Criminal (DIOSCAR), entreg\u00f3 durante la noche de este viernes el balance oficial de las movilizaciones realizadas en el marco del D\u00eda<\/p>\n<div class=\"read-more-wrapper\"><a class=\"read-more\" href=\"https:\/\/diarioellabrador.cl\/index.php\/2026\/05\/02\/balance-del-dia-del-trabajador-carabineros-reporta-35-detenidos-en-60-actos-de-conmemoracion-a-nivel-nacional\/\" title=\"Leer m\u00e1s\"> <span class=\"button \">Leer m\u00e1s<\/span><\/a><\/div>\n","protected":false},"author":2,"featured_media":18845,"comment_status":"open","ping_status":"open","sticky":false,"template":"","format":"standard","meta":{"footnotes":""},"categories":[1],"tags":[],"class_list":["post-18890","post","type-post","status-publish","format-standard","has-post-thumbnail","hentry","category-cronica"],"yoast_head":"<!-- This site is optimized with the Yoast SEO plugin v27.5 - https:\/\/yoast.com\/product\/yoast-seo-wordpress\/ -->\n<title>Balance del D\u00eda del Trabajador: Carabineros reporta 35 detenidos en 60 actos de conmemoraci\u00f3n a nivel nacional - Diario El Labrador<\/title>\n<meta name=\"robots\" content=\"index, follow, max-snippet:-1, max-image-preview:large, max-video-preview:-1\" \/>\n<link rel=\"canonical\" href=\"https:\/\/diarioellabrador.cl\/index.php\/2026\/05\/02\/balance-del-dia-del-trabajador-carabineros-reporta-35-detenidos-en-60-actos-de-conmemoracion-a-nivel-nacional\/\" \/>\n<meta property=\"og:locale\" content=\"es_ES\" \/>\n<meta property=\"og:type\" content=\"article\" \/>\n<meta property=\"og:title\" content=\"Balance del D\u00eda del Trabajador: Carabineros reporta 35 detenidos en 60 actos de conmemoraci\u00f3n a nivel nacional - Diario El Labrador\" \/>\n<meta property=\"og:description\" content=\"El Departamento de An\u00e1lisis Criminal (DIOSCAR) detall\u00f3 que el 94% de las capturas se concentraron en la Regi\u00f3n Metropolitana tras una jornada de movilizaciones. Carabineros de Chile, a trav\u00e9s de su Departamento de An\u00e1lisis Criminal (DIOSCAR), entreg\u00f3 durante la noche de este viernes el balance oficial de las movilizaciones realizadas en el marco del D\u00eda Leer m\u00e1s\" \/>\n<meta property=\"og:url\" content=\"https:\/\/diarioellabrador.cl\/index.php\/2026\/05\/02\/balance-del-dia-del-trabajador-carabineros-reporta-35-detenidos-en-60-actos-de-conmemoracion-a-nivel-nacional\/\" \/>\n<meta property=\"og:site_name\" content=\"Diario El Labrador\" \/>\n<meta property=\"article:publisher\" content=\"https:\/\/web.facebook.com\/profile.php?id=61576120840621\" \/>\n<meta property=\"article:published_time\" content=\"2026-05-02T22:31:00+00:00\" \/>\n<meta property=\"og:image\" content=\"https:\/\/diarioellabrador.cl\/wp-content\/uploads\/2026\/05\/Balance-del-Dia-del-Trabajador-Carabineros-reporta-35-detenidos-en-60-actos-de-conmemoracion-a-nivel-nacional.jpg\" \/>\n\t<meta property=\"og:image:width\" content=\"1024\" \/>\n\t<meta property=\"og:image:height\" content=\"538\" \/>\n\t<meta property=\"og:image:type\" content=\"image\/jpeg\" \/>\n<meta name=\"author\" content=\"Editor\" \/>\n<meta name=\"twitter:card\" content=\"summary_large_image\" \/>\n<meta name=\"twitter:creator\" content=\"@ElLabradorOf\" \/>\n<meta name=\"twitter:site\" content=\"@ElLabradorOf\" \/>\n<meta name=\"twitter:label1\" content=\"Escrito por\" \/>\n\t<meta name=\"twitter:data1\" content=\"Editor\" \/>\n\t<meta name=\"twitter:label2\" content=\"Tiempo de lectura\" \/>\n\t<meta name=\"twitter:data2\" content=\"2 minutos\" \/>\n<script type=\"application\/ld+json\" class=\"yoast-schema-graph\">{\"@context\":\"https:\\\/\\\/schema.org\",\"@graph\":[{\"@type\":\"Article\",\"@id\":\"https:\\\/\\\/diarioellabrador.cl\\\/index.php\\\/2026\\\/05\\\/02\\\/balance-del-dia-del-trabajador-carabineros-reporta-35-detenidos-en-60-actos-de-conmemoracion-a-nivel-nacional\\\/#article\",\"isPartOf\":{\"@id\":\"https:\\\/\\\/diarioellabrador.cl\\\/index.php\\\/2026\\\/05\\\/02\\\/balance-del-dia-del-trabajador-carabineros-reporta-35-detenidos-en-60-actos-de-conmemoracion-a-nivel-nacional\\\/\"},\"author\":{\"name\":\"Editor\",\"@id\":\"https:\\\/\\\/diarioellabrador.cl\\\/#\\\/schema\\\/person\\\/bc25ff80b4563f9c7f4bd7855df01685\"},\"headline\":\"Balance del D\u00eda del Trabajador: Carabineros reporta 35 detenidos en 60 actos de conmemoraci\u00f3n a nivel nacional\",\"datePublished\":\"2026-05-02T22:31:00+00:00\",\"mainEntityOfPage\":{\"@id\":\"https:\\\/\\\/diarioellabrador.cl\\\/index.php\\\/2026\\\/05\\\/02\\\/balance-del-dia-del-trabajador-carabineros-reporta-35-detenidos-en-60-actos-de-conmemoracion-a-nivel-nacional\\\/\"},\"wordCount\":299,\"commentCount\":0,\"publisher\":{\"@id\":\"https:\\\/\\\/diarioellabrador.cl\\\/#organization\"},\"image\":{\"@id\":\"https:\\\/\\\/diarioellabrador.cl\\\/index.php\\\/2026\\\/05\\\/02\\\/balance-del-dia-del-trabajador-carabineros-reporta-35-detenidos-en-60-actos-de-conmemoracion-a-nivel-nacional\\\/#primaryimage\"},\"thumbnailUrl\":\"https:\\\/\\\/diarioellabrador.cl\\\/wp-content\\\/uploads\\\/2026\\\/05\\\/Balance-del-Dia-del-Trabajador-Carabineros-reporta-35-detenidos-en-60-actos-de-conmemoracion-a-nivel-nacional.jpg\",\"articleSection\":[\"Cr\u00f3nica\"],\"inLanguage\":\"es\",\"potentialAction\":[{\"@type\":\"CommentAction\",\"name\":\"Comment\",\"target\":[\"https:\\\/\\\/diarioellabrador.cl\\\/index.php\\\/2026\\\/05\\\/02\\\/balance-del-dia-del-trabajador-carabineros-reporta-35-detenidos-en-60-actos-de-conmemoracion-a-nivel-nacional\\\/#respond\"]}]},{\"@type\":\"WebPage\",\"@id\":\"https:\\\/\\\/diarioellabrador.cl\\\/index.php\\\/2026\\\/05\\\/02\\\/balance-del-dia-del-trabajador-carabineros-reporta-35-detenidos-en-60-actos-de-conmemoracion-a-nivel-nacional\\\/\",\"url\":\"https:\\\/\\\/diarioellabrador.cl\\\/index.php\\\/2026\\\/05\\\/02\\\/balance-del-dia-del-trabajador-carabineros-reporta-35-detenidos-en-60-actos-de-conmemoracion-a-nivel-nacional\\\/\",\"name\":\"Balance del D\u00eda del Trabajador: Carabineros reporta 35 detenidos en 60 actos de conmemoraci\u00f3n a nivel nacional - Diario El Labrador\",\"isPartOf\":{\"@id\":\"https:\\\/\\\/diarioellabrador.cl\\\/#website\"},\"primaryImageOfPage\":{\"@id\":\"https:\\\/\\\/diarioellabrador.cl\\\/index.php\\\/2026\\\/05\\\/02\\\/balance-del-dia-del-trabajador-carabineros-reporta-35-detenidos-en-60-actos-de-conmemoracion-a-nivel-nacional\\\/#primaryimage\"},\"image\":{\"@id\":\"https:\\\/\\\/diarioellabrador.cl\\\/index.php\\\/2026\\\/05\\\/02\\\/balance-del-dia-del-trabajador-carabineros-reporta-35-detenidos-en-60-actos-de-conmemoracion-a-nivel-nacional\\\/#primaryimage\"},\"thumbnailUrl\":\"https:\\\/\\\/diarioellabrador.cl\\\/wp-content\\\/uploads\\\/2026\\\/05\\\/Balance-del-Dia-del-Trabajador-Carabineros-reporta-35-detenidos-en-60-actos-de-conmemoracion-a-nivel-nacional.jpg\",\"datePublished\":\"2026-05-02T22:31:00+00:00\",\"breadcrumb\":{\"@id\":\"https:\\\/\\\/diarioellabrador.cl\\\/index.php\\\/2026\\\/05\\\/02\\\/balance-del-dia-del-trabajador-carabineros-reporta-35-detenidos-en-60-actos-de-conmemoracion-a-nivel-nacional\\\/#breadcrumb\"},\"inLanguage\":\"es\",\"potentialAction\":[{\"@type\":\"ReadAction\",\"target\":[\"https:\\\/\\\/diarioellabrador.cl\\\/index.php\\\/2026\\\/05\\\/02\\\/balance-del-dia-del-trabajador-carabineros-reporta-35-detenidos-en-60-actos-de-conmemoracion-a-nivel-nacional\\\/\"]}]},{\"@type\":\"ImageObject\",\"inLanguage\":\"es\",\"@id\":\"https:\\\/\\\/diarioellabrador.cl\\\/index.php\\\/2026\\\/05\\\/02\\\/balance-del-dia-del-trabajador-carabineros-reporta-35-detenidos-en-60-actos-de-conmemoracion-a-nivel-nacional\\\/#primaryimage\",\"url\":\"https:\\\/\\\/diarioellabrador.cl\\\/wp-content\\\/uploads\\\/2026\\\/05\\\/Balance-del-Dia-del-Trabajador-Carabineros-reporta-35-detenidos-en-60-actos-de-conmemoracion-a-nivel-nacional.jpg\",\"contentUrl\":\"https:\\\/\\\/diarioellabrador.cl\\\/wp-content\\\/uploads\\\/2026\\\/05\\\/Balance-del-Dia-del-Trabajador-Carabineros-reporta-35-detenidos-en-60-actos-de-conmemoracion-a-nivel-nacional.jpg\",\"width\":1024,\"height\":538},{\"@type\":\"BreadcrumbList\",\"@id\":\"https:\\\/\\\/diarioellabrador.cl\\\/index.php\\\/2026\\\/05\\\/02\\\/balance-del-dia-del-trabajador-carabineros-reporta-35-detenidos-en-60-actos-de-conmemoracion-a-nivel-nacional\\\/#breadcrumb\",\"itemListElement\":[{\"@type\":\"ListItem\",\"position\":1,\"name\":\"Portada\",\"item\":\"https:\\\/\\\/diarioellabrador.cl\\\/\"},{\"@type\":\"ListItem\",\"position\":2,\"name\":\"Balance del D\u00eda del Trabajador: Carabineros reporta 35 detenidos en 60 actos de conmemoraci\u00f3n a nivel nacional\"}]},{\"@type\":\"WebSite\",\"@id\":\"https:\\\/\\\/diarioellabrador.cl\\\/#website\",\"url\":\"https:\\\/\\\/diarioellabrador.cl\\\/\",\"name\":\"Diario El Labrador\",\"description\":\"Haciendo noticia desde 1921\",\"publisher\":{\"@id\":\"https:\\\/\\\/diarioellabrador.cl\\\/#organization\"},\"potentialAction\":[{\"@type\":\"SearchAction\",\"target\":{\"@type\":\"EntryPoint\",\"urlTemplate\":\"https:\\\/\\\/diarioellabrador.cl\\\/?s={search_term_string}\"},\"query-input\":{\"@type\":\"PropertyValueSpecification\",\"valueRequired\":true,\"valueName\":\"search_term_string\"}}],\"inLanguage\":\"es\"},{\"@type\":\"Organization\",\"@id\":\"https:\\\/\\\/diarioellabrador.cl\\\/#organization\",\"name\":\"Diario El Labrador\",\"url\":\"https:\\\/\\\/diarioellabrador.cl\\\/\",\"logo\":{\"@type\":\"ImageObject\",\"inLanguage\":\"es\",\"@id\":\"https:\\\/\\\/diarioellabrador.cl\\\/#\\\/schema\\\/logo\\\/image\\\/\",\"url\":\"https:\\\/\\\/diarioellabrador.cl\\\/wp-content\\\/uploads\\\/2025\\\/02\\\/cropped-Logo-Icono.png\",\"contentUrl\":\"https:\\\/\\\/diarioellabrador.cl\\\/wp-content\\\/uploads\\\/2025\\\/02\\\/cropped-Logo-Icono.png\",\"width\":512,\"height\":512,\"caption\":\"Diario El Labrador\"},\"image\":{\"@id\":\"https:\\\/\\\/diarioellabrador.cl\\\/#\\\/schema\\\/logo\\\/image\\\/\"},\"sameAs\":[\"https:\\\/\\\/web.facebook.com\\\/profile.php?id=61576120840621\",\"https:\\\/\\\/x.com\\\/ElLabradorOf\",\"https:\\\/\\\/www.instagram.com\\\/diarioellabradoroficial\\\/\"]},{\"@type\":\"Person\",\"@id\":\"https:\\\/\\\/diarioellabrador.cl\\\/#\\\/schema\\\/person\\\/bc25ff80b4563f9c7f4bd7855df01685\",\"name\":\"Editor\",\"image\":{\"@type\":\"ImageObject\",\"inLanguage\":\"es\",\"@id\":\"https:\\\/\\\/secure.gravatar.com\\\/avatar\\\/109c326cf2be5c04f048c2c2a2b8b6ef44bf3d8d1d3d4c55d0ac40c4bc994684?s=96&d=mm&r=g\",\"url\":\"https:\\\/\\\/secure.gravatar.com\\\/avatar\\\/109c326cf2be5c04f048c2c2a2b8b6ef44bf3d8d1d3d4c55d0ac40c4bc994684?s=96&d=mm&r=g\",\"contentUrl\":\"https:\\\/\\\/secure.gravatar.com\\\/avatar\\\/109c326cf2be5c04f048c2c2a2b8b6ef44bf3d8d1d3d4c55d0ac40c4bc994684?s=96&d=mm&r=g\",\"caption\":\"Editor\"},\"url\":\"https:\\\/\\\/diarioellabrador.cl\\\/index.php\\\/author\\\/editor\\\/\"}]}<\/script>\n<!-- \/ Yoast SEO plugin. -->","yoast_head_json":{"title":"Balance del D\u00eda del Trabajador: Carabineros reporta 35 detenidos en 60 actos de conmemoraci\u00f3n a nivel nacional - Diario El Labrador","robots":{"index":"index","follow":"follow","max-snippet":"max-snippet:-1","max-image-preview":"max-image-preview:large","max-video-preview":"max-video-preview:-1"},"canonical":"https:\/\/diarioellabrador.cl\/index.php\/2026\/05\/02\/balance-del-dia-del-trabajador-carabineros-reporta-35-detenidos-en-60-actos-de-conmemoracion-a-nivel-nacional\/","og_locale":"es_ES","og_type":"article","og_title":"Balance del D\u00eda del Trabajador: Carabineros reporta 35 detenidos en 60 actos de conmemoraci\u00f3n a nivel nacional - Diario El Labrador","og_description":"El Departamento de An\u00e1lisis Criminal (DIOSCAR) detall\u00f3 que el 94% de las capturas se concentraron en la Regi\u00f3n Metropolitana tras una jornada de movilizaciones. Carabineros de Chile, a trav\u00e9s de su Departamento de An\u00e1lisis Criminal (DIOSCAR), entreg\u00f3 durante la noche de este viernes el balance oficial de las movilizaciones realizadas en el marco del D\u00eda Leer m\u00e1s","og_url":"https:\/\/diarioellabrador.cl\/index.php\/2026\/05\/02\/balance-del-dia-del-trabajador-carabineros-reporta-35-detenidos-en-60-actos-de-conmemoracion-a-nivel-nacional\/","og_site_name":"Diario El Labrador","article_publisher":"https:\/\/web.facebook.com\/profile.php?id=61576120840621","article_published_time":"2026-05-02T22:31:00+00:00","og_image":[{"width":1024,"height":538,"url":"https:\/\/diarioellabrador.cl\/wp-content\/uploads\/2026\/05\/Balance-del-Dia-del-Trabajador-Carabineros-reporta-35-detenidos-en-60-actos-de-conmemoracion-a-nivel-nacional.jpg","type":"image\/jpeg"}],"author":"Editor","twitter_card":"summary_large_image","twitter_creator":"@ElLabradorOf","twitter_site":"@ElLabradorOf","twitter_misc":{"Escrito por":"Editor","Tiempo de lectura":"2 minutos"},"schema":{"@context":"https:\/\/schema.org","@graph":[{"@type":"Article","@id":"https:\/\/diarioellabrador.cl\/index.php\/2026\/05\/02\/balance-del-dia-del-trabajador-carabineros-reporta-35-detenidos-en-60-actos-de-conmemoracion-a-nivel-nacional\/#article","isPartOf":{"@id":"https:\/\/diarioellabrador.cl\/index.php\/2026\/05\/02\/balance-del-dia-del-trabajador-carabineros-reporta-35-detenidos-en-60-actos-de-conmemoracion-a-nivel-nacional\/"},"author":{"name":"Editor","@id":"https:\/\/diarioellabrador.cl\/#\/schema\/person\/bc25ff80b4563f9c7f4bd7855df01685"},"headline":"Balance del D\u00eda del Trabajador: Carabineros reporta 35 detenidos en 60 actos de conmemoraci\u00f3n a nivel nacional","datePublished":"2026-05-02T22:31:00+00:00","mainEntityOfPage":{"@id":"https:\/\/diarioellabrador.cl\/index.php\/2026\/05\/02\/balance-del-dia-del-trabajador-carabineros-reporta-35-detenidos-en-60-actos-de-conmemoracion-a-nivel-nacional\/"},"wordCount":299,"commentCount":0,"publisher":{"@id":"https:\/\/diarioellabrador.cl\/#organization"},"image":{"@id":"https:\/\/diarioellabrador.cl\/index.php\/2026\/05\/02\/balance-del-dia-del-trabajador-carabineros-reporta-35-detenidos-en-60-actos-de-conmemoracion-a-nivel-nacional\/#primaryimage"},"thumbnailUrl":"https:\/\/diarioellabrador.cl\/wp-content\/uploads\/2026\/05\/Balance-del-Dia-del-Trabajador-Carabineros-reporta-35-detenidos-en-60-actos-de-conmemoracion-a-nivel-nacional.jpg","articleSection":["Cr\u00f3nica"],"inLanguage":"es","potentialAction":[{"@type":"CommentAction","name":"Comment","target":["https:\/\/diarioellabrador.cl\/index.php\/2026\/05\/02\/balance-del-dia-del-trabajador-carabineros-reporta-35-detenidos-en-60-actos-de-conmemoracion-a-nivel-nacional\/#respond"]}]},{"@type":"WebPage","@id":"https:\/\/diarioellabrador.cl\/index.php\/2026\/05\/02\/balance-del-dia-del-trabajador-carabineros-reporta-35-detenidos-en-60-actos-de-conmemoracion-a-nivel-nacional\/","url":"https:\/\/diarioellabrador.cl\/index.php\/2026\/05\/02\/balance-del-dia-del-trabajador-carabineros-reporta-35-detenidos-en-60-actos-de-conmemoracion-a-nivel-nacional\/","name":"Balance del D\u00eda del Trabajador: Carabineros reporta 35 detenidos en 60 actos de conmemoraci\u00f3n a nivel nacional - Diario El Labrador","isPartOf":{"@id":"https:\/\/diarioellabrador.cl\/#website"},"primaryImageOfPage":{"@id":"https:\/\/diarioellabrador.cl\/index.php\/2026\/05\/02\/balance-del-dia-del-trabajador-carabineros-reporta-35-detenidos-en-60-actos-de-conmemoracion-a-nivel-nacional\/#primaryimage"},"image":{"@id":"https:\/\/diarioellabrador.cl\/index.php\/2026\/05\/02\/balance-del-dia-del-trabajador-carabineros-reporta-35-detenidos-en-60-actos-de-conmemoracion-a-nivel-nacional\/#primaryimage"},"thumbnailUrl":"https:\/\/diarioellabrador.cl\/wp-content\/uploads\/2026\/05\/Balance-del-Dia-del-Trabajador-Carabineros-reporta-35-detenidos-en-60-actos-de-conmemoracion-a-nivel-nacional.jpg","datePublished":"2026-05-02T22:31:00+00:00","breadcrumb":{"@id":"https:\/\/diarioellabrador.cl\/index.php\/2026\/05\/02\/balance-del-dia-del-trabajador-carabineros-reporta-35-detenidos-en-60-actos-de-conmemoracion-a-nivel-nacional\/#breadcrumb"},"inLanguage":"es","potentialAction":[{"@type":"ReadAction","target":["https:\/\/diarioellabrador.cl\/index.php\/2026\/05\/02\/balance-del-dia-del-trabajador-carabineros-reporta-35-detenidos-en-60-actos-de-conmemoracion-a-nivel-nacional\/"]}]},{"@type":"ImageObject","inLanguage":"es","@id":"https:\/\/diarioellabrador.cl\/index.php\/2026\/05\/02\/balance-del-dia-del-trabajador-carabineros-reporta-35-detenidos-en-60-actos-de-conmemoracion-a-nivel-nacional\/#primaryimage","url":"https:\/\/diarioellabrador.cl\/wp-content\/uploads\/2026\/05\/Balance-del-Dia-del-Trabajador-Carabineros-reporta-35-detenidos-en-60-actos-de-conmemoracion-a-nivel-nacional.jpg","contentUrl":"https:\/\/diarioellabrador.cl\/wp-content\/uploads\/2026\/05\/Balance-del-Dia-del-Trabajador-Carabineros-reporta-35-detenidos-en-60-actos-de-conmemoracion-a-nivel-nacional.jpg","width":1024,"height":538},{"@type":"BreadcrumbList","@id":"https:\/\/diarioellabrador.cl\/index.php\/2026\/05\/02\/balance-del-dia-del-trabajador-carabineros-reporta-35-detenidos-en-60-actos-de-conmemoracion-a-nivel-nacional\/#breadcrumb","itemListElement":[{"@type":"ListItem","position":1,"name":"Portada","item":"https:\/\/diarioellabrador.cl\/"},{"@type":"ListItem","position":2,"name":"Balance del D\u00eda del Trabajador: Carabineros reporta 35 detenidos en 60 actos de conmemoraci\u00f3n a nivel nacional"}]},{"@type":"WebSite","@id":"https:\/\/diarioellabrador.cl\/#website","url":"https:\/\/diarioellabrador.cl\/","name":"Diario El Labrador","description":"Haciendo noticia desde 1921","publisher":{"@id":"https:\/\/diarioellabrador.cl\/#organization"},"potentialAction":[{"@type":"SearchAction","target":{"@type":"EntryPoint","urlTemplate":"https:\/\/diarioellabrador.cl\/?s={search_term_string}"},"query-input":{"@type":"PropertyValueSpecification","valueRequired":true,"valueName":"search_term_string"}}],"inLanguage":"es"},{"@type":"Organization","@id":"https:\/\/diarioellabrador.cl\/#organization","name":"Diario El Labrador","url":"https:\/\/diarioellabrador.cl\/","logo":{"@type":"ImageObject","inLanguage":"es","@id":"https:\/\/diarioellabrador.cl\/#\/schema\/logo\/image\/","url":"https:\/\/diarioellabrador.cl\/wp-content\/uploads\/2025\/02\/cropped-Logo-Icono.png","contentUrl":"https:\/\/diarioellabrador.cl\/wp-content\/uploads\/2025\/02\/cropped-Logo-Icono.png","width":512,"height":512,"caption":"Diario El Labrador"},"image":{"@id":"https:\/\/diarioellabrador.cl\/#\/schema\/logo\/image\/"},"sameAs":["https:\/\/web.facebook.com\/profile.php?id=61576120840621","https:\/\/x.com\/ElLabradorOf","https:\/\/www.instagram.com\/diarioellabradoroficial\/"]},{"@type":"Person","@id":"https:\/\/diarioellabrador.cl\/#\/schema\/person\/bc25ff80b4563f9c7f4bd7855df01685","name":"Editor","image":{"@type":"ImageObject","inLanguage":"es","@id":"https:\/\/secure.gravatar.com\/avatar\/109c326cf2be5c04f048c2c2a2b8b6ef44bf3d8d1d3d4c55d0ac40c4bc994684?s=96&d=mm&r=g","url":"https:\/\/secure.gravatar.com\/avatar\/109c326cf2be5c04f048c2c2a2b8b6ef44bf3d8d1d3d4c55d0ac40c4bc994684?s=96&d=mm&r=g","contentUrl":"https:\/\/secure.gravatar.com\/avatar\/109c326cf2be5c04f048c2c2a2b8b6ef44bf3d8d1d3d4c55d0ac40c4bc994684?s=96&d=mm&r=g","caption":"Editor"},"url":"https:\/\/diarioellabrador.cl\/index.php\/author\/editor\/"}]}},"_links":{"self":[{"href":"https:\/\/diarioellabrador.cl\/index.php\/wp-json\/wp\/v2\/posts\/18890","targetHints":{"allow":["GET"]}}],"collection":[{"href":"https:\/\/diarioellabrador.cl\/index.php\/wp-json\/wp\/v2\/posts"}],"about":[{"href":"https:\/\/diarioellabrador.cl\/index.php\/wp-json\/wp\/v2\/types\/post"}],"author":[{"embeddable":true,"href":"https:\/\/diarioellabrador.cl\/index.php\/wp-json\/wp\/v2\/users\/2"}],"replies":[{"embeddable":true,"href":"https:\/\/diarioellabrador.cl\/index.php\/wp-json\/wp\/v2\/comments?post=18890"}],"version-history":[{"count":1,"href":"https:\/\/diarioellabrador.cl\/index.php\/wp-json\/wp\/v2\/posts\/18890\/revisions"}],"predecessor-version":[{"id":18891,"href":"https:\/\/diarioellabrador.cl\/index.php\/wp-json\/wp\/v2\/posts\/18890\/revisions\/18891"}],"wp:featuredmedia":[{"embeddable":true,"href":"https:\/\/diarioellabrador.cl\/index.php\/wp-json\/wp\/v2\/media\/18845"}],"wp:attachment":[{"href":"https:\/\/diarioellabrador.cl\/index.php\/wp-json\/wp\/v2\/media?parent=18890"}],"wp:term":[{"taxonomy":"category","embeddable":true,"href":"https:\/\/diarioellabrador.cl\/index.php\/wp-json\/wp\/v2\/categories?post=18890"},{"taxonomy":"post_tag","embeddable":true,"href":"https:\/\/diarioellabrador.cl\/index.php\/wp-json\/wp\/v2\/tags?post=18890"}],"curies":[{"name":"wp","href":"https:\/\/api.w.org\/{rel}","templated":true}]}}