{"id":18886,"date":"2026-05-02T18:29:00","date_gmt":"2026-05-02T22:29:00","guid":{"rendered":"https:\/\/diarioellabrador.cl\/?p=18886"},"modified":"2026-05-02T16:30:05","modified_gmt":"2026-05-02T20:30:05","slug":"preven-nueva-alza-en-los-combustibles-de-al-menos-35-pesos-para-la-primera-semana-de-mayo","status":"publish","type":"post","link":"https:\/\/diarioellabrador.cl\/index.php\/2026\/05\/02\/preven-nueva-alza-en-los-combustibles-de-al-menos-35-pesos-para-la-primera-semana-de-mayo\/","title":{"rendered":"Prev\u00e9n nueva alza en los combustibles de al menos $35 pesos para la primera semana de mayo"},"content":{"rendered":"\n<p>Una nueva alza en los valores de los combustibles se proyecta para la pr\u00f3xima semana, en medio de la creciente tensi\u00f3n geopol\u00edtica en Medio Oriente. Los precios del petr\u00f3leo alcanzaron su valor m\u00e1s alto en los \u00faltimos cuatro a\u00f1os.<\/p>\n\n\n\n<p>Las estimaciones hablan que, para la primera semana de mayo, el incremento en las gasolinas de 93 y 97 octanos ser\u00eda de <strong>aproximadamente 35 pesos por litro<\/strong>.<\/p>\n\n\n\n<p>De hecho, el barril de petr\u00f3leo lleg\u00f3 a cotizarse en 126 d\u00f3lares durante la semana pasada, lo que impacta directamente en los precios de las bencinas a nivel local.<\/p>\n\n\n\n<p>De concretarse, ser\u00eda la tercera alza en los \u00faltimos tres meses. En marzo, se registr\u00f3 un alza hist\u00f3rica de <strong>372,2 pesos<\/strong>, generando cr\u00edticas desde distintos sectores por la eliminaci\u00f3n del Mepco.<\/p>\n\n\n\n<p>A ese incremento se sum\u00f3 el de abril, cuando la bencina de 93 octanos subi\u00f3 20 pesos por litro.<\/p>\n\n\n\n<p>En el plano pol\u00edtico, desde el parlamento, los diputados gremialistas Mario Olavarr\u00eda y Marco Sulantay llamaron al Gobierno a tomar medidas paliativas para enfrentar la crisis en los bolsillos de las familias.<\/p>\n\n\n\n<p>Por otro lado, desde la oposici\u00f3n, la diputada socialista Carolina Cucumides fue m\u00e1s cr\u00edtica con las medidas y afirm\u00f3 que el alza en los valores es el costo de la decisi\u00f3n pol\u00edtica del Gobierno de debilitar el Mepco.<\/p>\n\n\n\n<p>Desde el mundo econ\u00f3mico, el experto en materias monetarias Francisco Casta\u00f1eda sostuvo que el alza responde a una decisi\u00f3n en pol\u00edtica econ\u00f3mica del Gobierno, traspasando de lo que ocurre a nivel internacional a los consumidores nacionales.<\/p>\n\n\n\n<p>As\u00ed, el impacto no solo se limita al gasto en transporte, sino que tambi\u00e9n se prev\u00e9 un alza en el \u00cdndice de Precios al Consumidor de abril, lo que se traduce en un posible aumento inflacionario, encareciendo el costo de la vida y el valor de la UF.<\/p>\n","protected":false},"excerpt":{"rendered":"<p>Una nueva alza en los valores de los combustibles se proyecta para la pr\u00f3xima semana, en medio de la creciente tensi\u00f3n geopol\u00edtica en Medio Oriente. Los precios del petr\u00f3leo alcanzaron su valor m\u00e1s alto en los \u00faltimos cuatro a\u00f1os. Las estimaciones hablan que, para la primera semana de mayo, el incremento en las gasolinas de<\/p>\n<div class=\"read-more-wrapper\"><a class=\"read-more\" href=\"https:\/\/diarioellabrador.cl\/index.php\/2026\/05\/02\/preven-nueva-alza-en-los-combustibles-de-al-menos-35-pesos-para-la-primera-semana-de-mayo\/\" title=\"Leer m\u00e1s\"> <span class=\"button \">Leer m\u00e1s<\/span><\/a><\/div>\n","protected":false},"author":2,"featured_media":18847,"comment_status":"open","ping_status":"open","sticky":false,"template":"","format":"standard","meta":{"footnotes":""},"categories":[1],"tags":[],"class_list":["post-18886","post","type-post","status-publish","format-standard","has-post-thumbnail","hentry","category-cronica"],"yoast_head":"<!-- This site is optimized with the Yoast SEO plugin v27.5 - https:\/\/yoast.com\/product\/yoast-seo-wordpress\/ -->\n<title>Prev\u00e9n nueva alza en los combustibles de al menos $35 pesos para la primera semana de mayo - Diario El Labrador<\/title>\n<meta name=\"robots\" content=\"index, follow, max-snippet:-1, max-image-preview:large, max-video-preview:-1\" \/>\n<link rel=\"canonical\" href=\"https:\/\/diarioellabrador.cl\/index.php\/2026\/05\/02\/preven-nueva-alza-en-los-combustibles-de-al-menos-35-pesos-para-la-primera-semana-de-mayo\/\" \/>\n<meta property=\"og:locale\" content=\"es_ES\" \/>\n<meta property=\"og:type\" content=\"article\" \/>\n<meta property=\"og:title\" content=\"Prev\u00e9n nueva alza en los combustibles de al menos $35 pesos para la primera semana de mayo - Diario El Labrador\" \/>\n<meta property=\"og:description\" content=\"Una nueva alza en los valores de los combustibles se proyecta para la pr\u00f3xima semana, en medio de la creciente tensi\u00f3n geopol\u00edtica en Medio Oriente. Los precios del petr\u00f3leo alcanzaron su valor m\u00e1s alto en los \u00faltimos cuatro a\u00f1os. Las estimaciones hablan que, para la primera semana de mayo, el incremento en las gasolinas de Leer m\u00e1s\" \/>\n<meta property=\"og:url\" content=\"https:\/\/diarioellabrador.cl\/index.php\/2026\/05\/02\/preven-nueva-alza-en-los-combustibles-de-al-menos-35-pesos-para-la-primera-semana-de-mayo\/\" \/>\n<meta property=\"og:site_name\" content=\"Diario El Labrador\" \/>\n<meta property=\"article:publisher\" content=\"https:\/\/web.facebook.com\/profile.php?id=61576120840621\" \/>\n<meta property=\"article:published_time\" content=\"2026-05-02T22:29:00+00:00\" \/>\n<meta property=\"og:image\" content=\"https:\/\/diarioellabrador.cl\/wp-content\/uploads\/2026\/05\/Preven-nueva-alza-en-los-combustibles-de-al-menos-35-pesos-para-la-primera-semana-de-mayo.jpg\" \/>\n\t<meta property=\"og:image:width\" content=\"750\" \/>\n\t<meta property=\"og:image:height\" content=\"400\" \/>\n\t<meta property=\"og:image:type\" content=\"image\/jpeg\" \/>\n<meta name=\"author\" content=\"Editor\" \/>\n<meta name=\"twitter:card\" content=\"summary_large_image\" \/>\n<meta name=\"twitter:creator\" content=\"@ElLabradorOf\" \/>\n<meta name=\"twitter:site\" content=\"@ElLabradorOf\" \/>\n<meta name=\"twitter:label1\" content=\"Escrito por\" \/>\n\t<meta name=\"twitter:data1\" content=\"Editor\" \/>\n\t<meta name=\"twitter:label2\" content=\"Tiempo de lectura\" \/>\n\t<meta name=\"twitter:data2\" content=\"2 minutos\" \/>\n<script type=\"application\/ld+json\" class=\"yoast-schema-graph\">{\"@context\":\"https:\\\/\\\/schema.org\",\"@graph\":[{\"@type\":\"Article\",\"@id\":\"https:\\\/\\\/diarioellabrador.cl\\\/index.php\\\/2026\\\/05\\\/02\\\/preven-nueva-alza-en-los-combustibles-de-al-menos-35-pesos-para-la-primera-semana-de-mayo\\\/#article\",\"isPartOf\":{\"@id\":\"https:\\\/\\\/diarioellabrador.cl\\\/index.php\\\/2026\\\/05\\\/02\\\/preven-nueva-alza-en-los-combustibles-de-al-menos-35-pesos-para-la-primera-semana-de-mayo\\\/\"},\"author\":{\"name\":\"Editor\",\"@id\":\"https:\\\/\\\/diarioellabrador.cl\\\/#\\\/schema\\\/person\\\/bc25ff80b4563f9c7f4bd7855df01685\"},\"headline\":\"Prev\u00e9n nueva alza en los combustibles de al menos $35 pesos para la primera semana de mayo\",\"datePublished\":\"2026-05-02T22:29:00+00:00\",\"mainEntityOfPage\":{\"@id\":\"https:\\\/\\\/diarioellabrador.cl\\\/index.php\\\/2026\\\/05\\\/02\\\/preven-nueva-alza-en-los-combustibles-de-al-menos-35-pesos-para-la-primera-semana-de-mayo\\\/\"},\"wordCount\":335,\"commentCount\":0,\"publisher\":{\"@id\":\"https:\\\/\\\/diarioellabrador.cl\\\/#organization\"},\"image\":{\"@id\":\"https:\\\/\\\/diarioellabrador.cl\\\/index.php\\\/2026\\\/05\\\/02\\\/preven-nueva-alza-en-los-combustibles-de-al-menos-35-pesos-para-la-primera-semana-de-mayo\\\/#primaryimage\"},\"thumbnailUrl\":\"https:\\\/\\\/diarioellabrador.cl\\\/wp-content\\\/uploads\\\/2026\\\/05\\\/Preven-nueva-alza-en-los-combustibles-de-al-menos-35-pesos-para-la-primera-semana-de-mayo.jpg\",\"articleSection\":[\"Cr\u00f3nica\"],\"inLanguage\":\"es\",\"potentialAction\":[{\"@type\":\"CommentAction\",\"name\":\"Comment\",\"target\":[\"https:\\\/\\\/diarioellabrador.cl\\\/index.php\\\/2026\\\/05\\\/02\\\/preven-nueva-alza-en-los-combustibles-de-al-menos-35-pesos-para-la-primera-semana-de-mayo\\\/#respond\"]}]},{\"@type\":\"WebPage\",\"@id\":\"https:\\\/\\\/diarioellabrador.cl\\\/index.php\\\/2026\\\/05\\\/02\\\/preven-nueva-alza-en-los-combustibles-de-al-menos-35-pesos-para-la-primera-semana-de-mayo\\\/\",\"url\":\"https:\\\/\\\/diarioellabrador.cl\\\/index.php\\\/2026\\\/05\\\/02\\\/preven-nueva-alza-en-los-combustibles-de-al-menos-35-pesos-para-la-primera-semana-de-mayo\\\/\",\"name\":\"Prev\u00e9n nueva alza en los combustibles de al menos $35 pesos para la primera semana de mayo - Diario El Labrador\",\"isPartOf\":{\"@id\":\"https:\\\/\\\/diarioellabrador.cl\\\/#website\"},\"primaryImageOfPage\":{\"@id\":\"https:\\\/\\\/diarioellabrador.cl\\\/index.php\\\/2026\\\/05\\\/02\\\/preven-nueva-alza-en-los-combustibles-de-al-menos-35-pesos-para-la-primera-semana-de-mayo\\\/#primaryimage\"},\"image\":{\"@id\":\"https:\\\/\\\/diarioellabrador.cl\\\/index.php\\\/2026\\\/05\\\/02\\\/preven-nueva-alza-en-los-combustibles-de-al-menos-35-pesos-para-la-primera-semana-de-mayo\\\/#primaryimage\"},\"thumbnailUrl\":\"https:\\\/\\\/diarioellabrador.cl\\\/wp-content\\\/uploads\\\/2026\\\/05\\\/Preven-nueva-alza-en-los-combustibles-de-al-menos-35-pesos-para-la-primera-semana-de-mayo.jpg\",\"datePublished\":\"2026-05-02T22:29:00+00:00\",\"breadcrumb\":{\"@id\":\"https:\\\/\\\/diarioellabrador.cl\\\/index.php\\\/2026\\\/05\\\/02\\\/preven-nueva-alza-en-los-combustibles-de-al-menos-35-pesos-para-la-primera-semana-de-mayo\\\/#breadcrumb\"},\"inLanguage\":\"es\",\"potentialAction\":[{\"@type\":\"ReadAction\",\"target\":[\"https:\\\/\\\/diarioellabrador.cl\\\/index.php\\\/2026\\\/05\\\/02\\\/preven-nueva-alza-en-los-combustibles-de-al-menos-35-pesos-para-la-primera-semana-de-mayo\\\/\"]}]},{\"@type\":\"ImageObject\",\"inLanguage\":\"es\",\"@id\":\"https:\\\/\\\/diarioellabrador.cl\\\/index.php\\\/2026\\\/05\\\/02\\\/preven-nueva-alza-en-los-combustibles-de-al-menos-35-pesos-para-la-primera-semana-de-mayo\\\/#primaryimage\",\"url\":\"https:\\\/\\\/diarioellabrador.cl\\\/wp-content\\\/uploads\\\/2026\\\/05\\\/Preven-nueva-alza-en-los-combustibles-de-al-menos-35-pesos-para-la-primera-semana-de-mayo.jpg\",\"contentUrl\":\"https:\\\/\\\/diarioellabrador.cl\\\/wp-content\\\/uploads\\\/2026\\\/05\\\/Preven-nueva-alza-en-los-combustibles-de-al-menos-35-pesos-para-la-primera-semana-de-mayo.jpg\",\"width\":750,\"height\":400},{\"@type\":\"BreadcrumbList\",\"@id\":\"https:\\\/\\\/diarioellabrador.cl\\\/index.php\\\/2026\\\/05\\\/02\\\/preven-nueva-alza-en-los-combustibles-de-al-menos-35-pesos-para-la-primera-semana-de-mayo\\\/#breadcrumb\",\"itemListElement\":[{\"@type\":\"ListItem\",\"position\":1,\"name\":\"Portada\",\"item\":\"https:\\\/\\\/diarioellabrador.cl\\\/\"},{\"@type\":\"ListItem\",\"position\":2,\"name\":\"Prev\u00e9n nueva alza en los combustibles de al menos $35 pesos para la primera semana de mayo\"}]},{\"@type\":\"WebSite\",\"@id\":\"https:\\\/\\\/diarioellabrador.cl\\\/#website\",\"url\":\"https:\\\/\\\/diarioellabrador.cl\\\/\",\"name\":\"Diario El Labrador\",\"description\":\"Haciendo noticia desde 1921\",\"publisher\":{\"@id\":\"https:\\\/\\\/diarioellabrador.cl\\\/#organization\"},\"potentialAction\":[{\"@type\":\"SearchAction\",\"target\":{\"@type\":\"EntryPoint\",\"urlTemplate\":\"https:\\\/\\\/diarioellabrador.cl\\\/?s={search_term_string}\"},\"query-input\":{\"@type\":\"PropertyValueSpecification\",\"valueRequired\":true,\"valueName\":\"search_term_string\"}}],\"inLanguage\":\"es\"},{\"@type\":\"Organization\",\"@id\":\"https:\\\/\\\/diarioellabrador.cl\\\/#organization\",\"name\":\"Diario El Labrador\",\"url\":\"https:\\\/\\\/diarioellabrador.cl\\\/\",\"logo\":{\"@type\":\"ImageObject\",\"inLanguage\":\"es\",\"@id\":\"https:\\\/\\\/diarioellabrador.cl\\\/#\\\/schema\\\/logo\\\/image\\\/\",\"url\":\"https:\\\/\\\/diarioellabrador.cl\\\/wp-content\\\/uploads\\\/2025\\\/02\\\/cropped-Logo-Icono.png\",\"contentUrl\":\"https:\\\/\\\/diarioellabrador.cl\\\/wp-content\\\/uploads\\\/2025\\\/02\\\/cropped-Logo-Icono.png\",\"width\":512,\"height\":512,\"caption\":\"Diario El Labrador\"},\"image\":{\"@id\":\"https:\\\/\\\/diarioellabrador.cl\\\/#\\\/schema\\\/logo\\\/image\\\/\"},\"sameAs\":[\"https:\\\/\\\/web.facebook.com\\\/profile.php?id=61576120840621\",\"https:\\\/\\\/x.com\\\/ElLabradorOf\",\"https:\\\/\\\/www.instagram.com\\\/diarioellabradoroficial\\\/\"]},{\"@type\":\"Person\",\"@id\":\"https:\\\/\\\/diarioellabrador.cl\\\/#\\\/schema\\\/person\\\/bc25ff80b4563f9c7f4bd7855df01685\",\"name\":\"Editor\",\"image\":{\"@type\":\"ImageObject\",\"inLanguage\":\"es\",\"@id\":\"https:\\\/\\\/secure.gravatar.com\\\/avatar\\\/109c326cf2be5c04f048c2c2a2b8b6ef44bf3d8d1d3d4c55d0ac40c4bc994684?s=96&d=mm&r=g\",\"url\":\"https:\\\/\\\/secure.gravatar.com\\\/avatar\\\/109c326cf2be5c04f048c2c2a2b8b6ef44bf3d8d1d3d4c55d0ac40c4bc994684?s=96&d=mm&r=g\",\"contentUrl\":\"https:\\\/\\\/secure.gravatar.com\\\/avatar\\\/109c326cf2be5c04f048c2c2a2b8b6ef44bf3d8d1d3d4c55d0ac40c4bc994684?s=96&d=mm&r=g\",\"caption\":\"Editor\"},\"url\":\"https:\\\/\\\/diarioellabrador.cl\\\/index.php\\\/author\\\/editor\\\/\"}]}<\/script>\n<!-- \/ Yoast SEO plugin. -->","yoast_head_json":{"title":"Prev\u00e9n nueva alza en los combustibles de al menos $35 pesos para la primera semana de mayo - Diario El Labrador","robots":{"index":"index","follow":"follow","max-snippet":"max-snippet:-1","max-image-preview":"max-image-preview:large","max-video-preview":"max-video-preview:-1"},"canonical":"https:\/\/diarioellabrador.cl\/index.php\/2026\/05\/02\/preven-nueva-alza-en-los-combustibles-de-al-menos-35-pesos-para-la-primera-semana-de-mayo\/","og_locale":"es_ES","og_type":"article","og_title":"Prev\u00e9n nueva alza en los combustibles de al menos $35 pesos para la primera semana de mayo - Diario El Labrador","og_description":"Una nueva alza en los valores de los combustibles se proyecta para la pr\u00f3xima semana, en medio de la creciente tensi\u00f3n geopol\u00edtica en Medio Oriente. Los precios del petr\u00f3leo alcanzaron su valor m\u00e1s alto en los \u00faltimos cuatro a\u00f1os. Las estimaciones hablan que, para la primera semana de mayo, el incremento en las gasolinas de Leer m\u00e1s","og_url":"https:\/\/diarioellabrador.cl\/index.php\/2026\/05\/02\/preven-nueva-alza-en-los-combustibles-de-al-menos-35-pesos-para-la-primera-semana-de-mayo\/","og_site_name":"Diario El Labrador","article_publisher":"https:\/\/web.facebook.com\/profile.php?id=61576120840621","article_published_time":"2026-05-02T22:29:00+00:00","og_image":[{"width":750,"height":400,"url":"https:\/\/diarioellabrador.cl\/wp-content\/uploads\/2026\/05\/Preven-nueva-alza-en-los-combustibles-de-al-menos-35-pesos-para-la-primera-semana-de-mayo.jpg","type":"image\/jpeg"}],"author":"Editor","twitter_card":"summary_large_image","twitter_creator":"@ElLabradorOf","twitter_site":"@ElLabradorOf","twitter_misc":{"Escrito por":"Editor","Tiempo de lectura":"2 minutos"},"schema":{"@context":"https:\/\/schema.org","@graph":[{"@type":"Article","@id":"https:\/\/diarioellabrador.cl\/index.php\/2026\/05\/02\/preven-nueva-alza-en-los-combustibles-de-al-menos-35-pesos-para-la-primera-semana-de-mayo\/#article","isPartOf":{"@id":"https:\/\/diarioellabrador.cl\/index.php\/2026\/05\/02\/preven-nueva-alza-en-los-combustibles-de-al-menos-35-pesos-para-la-primera-semana-de-mayo\/"},"author":{"name":"Editor","@id":"https:\/\/diarioellabrador.cl\/#\/schema\/person\/bc25ff80b4563f9c7f4bd7855df01685"},"headline":"Prev\u00e9n nueva alza en los combustibles de al menos $35 pesos para la primera semana de mayo","datePublished":"2026-05-02T22:29:00+00:00","mainEntityOfPage":{"@id":"https:\/\/diarioellabrador.cl\/index.php\/2026\/05\/02\/preven-nueva-alza-en-los-combustibles-de-al-menos-35-pesos-para-la-primera-semana-de-mayo\/"},"wordCount":335,"commentCount":0,"publisher":{"@id":"https:\/\/diarioellabrador.cl\/#organization"},"image":{"@id":"https:\/\/diarioellabrador.cl\/index.php\/2026\/05\/02\/preven-nueva-alza-en-los-combustibles-de-al-menos-35-pesos-para-la-primera-semana-de-mayo\/#primaryimage"},"thumbnailUrl":"https:\/\/diarioellabrador.cl\/wp-content\/uploads\/2026\/05\/Preven-nueva-alza-en-los-combustibles-de-al-menos-35-pesos-para-la-primera-semana-de-mayo.jpg","articleSection":["Cr\u00f3nica"],"inLanguage":"es","potentialAction":[{"@type":"CommentAction","name":"Comment","target":["https:\/\/diarioellabrador.cl\/index.php\/2026\/05\/02\/preven-nueva-alza-en-los-combustibles-de-al-menos-35-pesos-para-la-primera-semana-de-mayo\/#respond"]}]},{"@type":"WebPage","@id":"https:\/\/diarioellabrador.cl\/index.php\/2026\/05\/02\/preven-nueva-alza-en-los-combustibles-de-al-menos-35-pesos-para-la-primera-semana-de-mayo\/","url":"https:\/\/diarioellabrador.cl\/index.php\/2026\/05\/02\/preven-nueva-alza-en-los-combustibles-de-al-menos-35-pesos-para-la-primera-semana-de-mayo\/","name":"Prev\u00e9n nueva alza en los combustibles de al menos $35 pesos para la primera semana de mayo - Diario El Labrador","isPartOf":{"@id":"https:\/\/diarioellabrador.cl\/#website"},"primaryImageOfPage":{"@id":"https:\/\/diarioellabrador.cl\/index.php\/2026\/05\/02\/preven-nueva-alza-en-los-combustibles-de-al-menos-35-pesos-para-la-primera-semana-de-mayo\/#primaryimage"},"image":{"@id":"https:\/\/diarioellabrador.cl\/index.php\/2026\/05\/02\/preven-nueva-alza-en-los-combustibles-de-al-menos-35-pesos-para-la-primera-semana-de-mayo\/#primaryimage"},"thumbnailUrl":"https:\/\/diarioellabrador.cl\/wp-content\/uploads\/2026\/05\/Preven-nueva-alza-en-los-combustibles-de-al-menos-35-pesos-para-la-primera-semana-de-mayo.jpg","datePublished":"2026-05-02T22:29:00+00:00","breadcrumb":{"@id":"https:\/\/diarioellabrador.cl\/index.php\/2026\/05\/02\/preven-nueva-alza-en-los-combustibles-de-al-menos-35-pesos-para-la-primera-semana-de-mayo\/#breadcrumb"},"inLanguage":"es","potentialAction":[{"@type":"ReadAction","target":["https:\/\/diarioellabrador.cl\/index.php\/2026\/05\/02\/preven-nueva-alza-en-los-combustibles-de-al-menos-35-pesos-para-la-primera-semana-de-mayo\/"]}]},{"@type":"ImageObject","inLanguage":"es","@id":"https:\/\/diarioellabrador.cl\/index.php\/2026\/05\/02\/preven-nueva-alza-en-los-combustibles-de-al-menos-35-pesos-para-la-primera-semana-de-mayo\/#primaryimage","url":"https:\/\/diarioellabrador.cl\/wp-content\/uploads\/2026\/05\/Preven-nueva-alza-en-los-combustibles-de-al-menos-35-pesos-para-la-primera-semana-de-mayo.jpg","contentUrl":"https:\/\/diarioellabrador.cl\/wp-content\/uploads\/2026\/05\/Preven-nueva-alza-en-los-combustibles-de-al-menos-35-pesos-para-la-primera-semana-de-mayo.jpg","width":750,"height":400},{"@type":"BreadcrumbList","@id":"https:\/\/diarioellabrador.cl\/index.php\/2026\/05\/02\/preven-nueva-alza-en-los-combustibles-de-al-menos-35-pesos-para-la-primera-semana-de-mayo\/#breadcrumb","itemListElement":[{"@type":"ListItem","position":1,"name":"Portada","item":"https:\/\/diarioellabrador.cl\/"},{"@type":"ListItem","position":2,"name":"Prev\u00e9n nueva alza en los combustibles de al menos $35 pesos para la primera semana de mayo"}]},{"@type":"WebSite","@id":"https:\/\/diarioellabrador.cl\/#website","url":"https:\/\/diarioellabrador.cl\/","name":"Diario El Labrador","description":"Haciendo noticia desde 1921","publisher":{"@id":"https:\/\/diarioellabrador.cl\/#organization"},"potentialAction":[{"@type":"SearchAction","target":{"@type":"EntryPoint","urlTemplate":"https:\/\/diarioellabrador.cl\/?s={search_term_string}"},"query-input":{"@type":"PropertyValueSpecification","valueRequired":true,"valueName":"search_term_string"}}],"inLanguage":"es"},{"@type":"Organization","@id":"https:\/\/diarioellabrador.cl\/#organization","name":"Diario El Labrador","url":"https:\/\/diarioellabrador.cl\/","logo":{"@type":"ImageObject","inLanguage":"es","@id":"https:\/\/diarioellabrador.cl\/#\/schema\/logo\/image\/","url":"https:\/\/diarioellabrador.cl\/wp-content\/uploads\/2025\/02\/cropped-Logo-Icono.png","contentUrl":"https:\/\/diarioellabrador.cl\/wp-content\/uploads\/2025\/02\/cropped-Logo-Icono.png","width":512,"height":512,"caption":"Diario El Labrador"},"image":{"@id":"https:\/\/diarioellabrador.cl\/#\/schema\/logo\/image\/"},"sameAs":["https:\/\/web.facebook.com\/profile.php?id=61576120840621","https:\/\/x.com\/ElLabradorOf","https:\/\/www.instagram.com\/diarioellabradoroficial\/"]},{"@type":"Person","@id":"https:\/\/diarioellabrador.cl\/#\/schema\/person\/bc25ff80b4563f9c7f4bd7855df01685","name":"Editor","image":{"@type":"ImageObject","inLanguage":"es","@id":"https:\/\/secure.gravatar.com\/avatar\/109c326cf2be5c04f048c2c2a2b8b6ef44bf3d8d1d3d4c55d0ac40c4bc994684?s=96&d=mm&r=g","url":"https:\/\/secure.gravatar.com\/avatar\/109c326cf2be5c04f048c2c2a2b8b6ef44bf3d8d1d3d4c55d0ac40c4bc994684?s=96&d=mm&r=g","contentUrl":"https:\/\/secure.gravatar.com\/avatar\/109c326cf2be5c04f048c2c2a2b8b6ef44bf3d8d1d3d4c55d0ac40c4bc994684?s=96&d=mm&r=g","caption":"Editor"},"url":"https:\/\/diarioellabrador.cl\/index.php\/author\/editor\/"}]}},"_links":{"self":[{"href":"https:\/\/diarioellabrador.cl\/index.php\/wp-json\/wp\/v2\/posts\/18886","targetHints":{"allow":["GET"]}}],"collection":[{"href":"https:\/\/diarioellabrador.cl\/index.php\/wp-json\/wp\/v2\/posts"}],"about":[{"href":"https:\/\/diarioellabrador.cl\/index.php\/wp-json\/wp\/v2\/types\/post"}],"author":[{"embeddable":true,"href":"https:\/\/diarioellabrador.cl\/index.php\/wp-json\/wp\/v2\/users\/2"}],"replies":[{"embeddable":true,"href":"https:\/\/diarioellabrador.cl\/index.php\/wp-json\/wp\/v2\/comments?post=18886"}],"version-history":[{"count":1,"href":"https:\/\/diarioellabrador.cl\/index.php\/wp-json\/wp\/v2\/posts\/18886\/revisions"}],"predecessor-version":[{"id":18887,"href":"https:\/\/diarioellabrador.cl\/index.php\/wp-json\/wp\/v2\/posts\/18886\/revisions\/18887"}],"wp:featuredmedia":[{"embeddable":true,"href":"https:\/\/diarioellabrador.cl\/index.php\/wp-json\/wp\/v2\/media\/18847"}],"wp:attachment":[{"href":"https:\/\/diarioellabrador.cl\/index.php\/wp-json\/wp\/v2\/media?parent=18886"}],"wp:term":[{"taxonomy":"category","embeddable":true,"href":"https:\/\/diarioellabrador.cl\/index.php\/wp-json\/wp\/v2\/categories?post=18886"},{"taxonomy":"post_tag","embeddable":true,"href":"https:\/\/diarioellabrador.cl\/index.php\/wp-json\/wp\/v2\/tags?post=18886"}],"curies":[{"name":"wp","href":"https:\/\/api.w.org\/{rel}","templated":true}]}}