{"id":18884,"date":"2026-05-02T18:28:00","date_gmt":"2026-05-02T22:28:00","guid":{"rendered":"https:\/\/diarioellabrador.cl\/?p=18884"},"modified":"2026-05-02T16:29:06","modified_gmt":"2026-05-02T20:29:06","slug":"bono-por-asistencia-escolar-2026-este-es-el-monto-y-los-requisitos-para-recibir-el-beneficio","status":"publish","type":"post","link":"https:\/\/diarioellabrador.cl\/index.php\/2026\/05\/02\/bono-por-asistencia-escolar-2026-este-es-el-monto-y-los-requisitos-para-recibir-el-beneficio\/","title":{"rendered":"Bono por Asistencia Escolar 2026: este es el monto y los requisitos para recibir el beneficio"},"content":{"rendered":"\n<p><strong>La ayuda econ\u00f3mica est\u00e1 dirigida para las familias que cuentan con integrantes de entre 6 y 18 a\u00f1os. Revisa ac\u00e1 todos los detalles.<\/strong><\/p>\n\n\n\n<p>El Estado suele entregar una serie de <a href=\"https:\/\/www.adnradio.cl\/2026\/04\/29\/bono-gas-2026-en-chile-quienes-podran-acceder-y-cuando-se-entregara-el-beneficio\/\" target=\"_blank\" rel=\"noreferrer noopener\">beneficios <\/a>a distintos sectores de la poblaci\u00f3n, siendo uno de estos <strong>los estudiantes del pa\u00eds<\/strong>.<\/p>\n\n\n\n<p>Dentro de las ayudas econ\u00f3micas dirigidas a los estudiantes est\u00e1 el <strong>Bono por Asistencia Escolar<\/strong>, el cual <strong>se otorga por 24 meses<\/strong>, es decir, dos a\u00f1os, a las familias de cuyos alumnos que cumplan con ciertos requisitos.<\/p>\n\n\n\n<p>Dentro de los requisitos establecidos, est\u00e1 que las familias deben contar con integrantes de entre 6 y 18 a\u00f1os y que cumplan con un <strong>porcentaje de asistencia mensual superior o igual al 85%<\/strong>.<\/p>\n\n\n\n<h2 class=\"wp-block-heading\"><em>\u00bfQui\u00e9nes pueden recibir el bono?<\/em><\/h2>\n\n\n\n<p>Para recibir el Bono por Asistencia Escolar, <strong>se debe cumplir con lo siguiente:<\/strong><\/p>\n\n\n\n<ul class=\"wp-block-list\">\n<li>Recibir el\u00a0Bono de Protecci\u00f3n y el Bono Base Familiar.\u00a0<\/li>\n\n\n\n<li>Que la familia, en su composici\u00f3n familiar, tenga\u00a0ni\u00f1os, ni\u00f1as y adolescentes\u00a0cuya edad est\u00e9 entre los\u00a06 y los 18 a\u00f1os al 31 de marzo\u00a0del a\u00f1o respectivo.\u00a0<\/li>\n\n\n\n<li>Que los ni\u00f1os, ni\u00f1as y adolescentes est\u00e9n\u00a0cursando estudios en un establecimiento institucional reconocido por el Estado, en los niveles de educaci\u00f3n b\u00e1sica o media.\u00a0<\/li>\n\n\n\n<li>Que los ni\u00f1os, ni\u00f1as y adolescentes\u00a0cumplan con una asistencia escolar mensual igual o superior al 85%. \u201cPara cumplir con esta condici\u00f3n durante los meses de enero y febrero, se considerar\u00e1 la asistencia escolar promedio para el per\u00edodo julio-diciembre del a\u00f1o anterior\u201d, detallan en ChileAtiende.<\/li>\n<\/ul>\n\n\n\n<h2 class=\"wp-block-heading\"><em>\u00bfCu\u00e1l es el monto del beneficio?<\/em><\/h2>\n\n\n\n<p>Para este a\u00f1o, el Bono por Asistencia Escolar es de <strong>$10.000 mensuales por cada ni\u00f1o, ni\u00f1a o adolescente<\/strong> que cumpla con lo establecido.<\/p>\n\n\n\n<p>El aporte <strong>se otorga mensualmente con un desfase de tres meses.<\/strong> A modo de ejemplo, el pago de la asistencia de julio ser\u00e1 entregado en el mes de octubre del mismo a\u00f1o.<\/p>\n","protected":false},"excerpt":{"rendered":"<p>La ayuda econ\u00f3mica est\u00e1 dirigida para las familias que cuentan con integrantes de entre 6 y 18 a\u00f1os. Revisa ac\u00e1 todos los detalles. El Estado suele entregar una serie de beneficios a distintos sectores de la poblaci\u00f3n, siendo uno de estos los estudiantes del pa\u00eds. Dentro de las ayudas econ\u00f3micas dirigidas a los estudiantes est\u00e1<\/p>\n<div class=\"read-more-wrapper\"><a class=\"read-more\" href=\"https:\/\/diarioellabrador.cl\/index.php\/2026\/05\/02\/bono-por-asistencia-escolar-2026-este-es-el-monto-y-los-requisitos-para-recibir-el-beneficio\/\" title=\"Leer m\u00e1s\"> <span class=\"button \">Leer m\u00e1s<\/span><\/a><\/div>\n","protected":false},"author":2,"featured_media":18840,"comment_status":"open","ping_status":"open","sticky":false,"template":"","format":"standard","meta":{"footnotes":""},"categories":[1],"tags":[],"class_list":["post-18884","post","type-post","status-publish","format-standard","has-post-thumbnail","hentry","category-cronica"],"yoast_head":"<!-- This site is optimized with the Yoast SEO plugin v27.5 - https:\/\/yoast.com\/product\/yoast-seo-wordpress\/ -->\n<title>Bono por Asistencia Escolar 2026: este es el monto y los requisitos para recibir el beneficio - Diario El Labrador<\/title>\n<meta name=\"robots\" content=\"index, follow, max-snippet:-1, max-image-preview:large, max-video-preview:-1\" \/>\n<link rel=\"canonical\" href=\"https:\/\/diarioellabrador.cl\/index.php\/2026\/05\/02\/bono-por-asistencia-escolar-2026-este-es-el-monto-y-los-requisitos-para-recibir-el-beneficio\/\" \/>\n<meta property=\"og:locale\" content=\"es_ES\" \/>\n<meta property=\"og:type\" content=\"article\" \/>\n<meta property=\"og:title\" content=\"Bono por Asistencia Escolar 2026: este es el monto y los requisitos para recibir el beneficio - Diario El Labrador\" \/>\n<meta property=\"og:description\" content=\"La ayuda econ\u00f3mica est\u00e1 dirigida para las familias que cuentan con integrantes de entre 6 y 18 a\u00f1os. Revisa ac\u00e1 todos los detalles. El Estado suele entregar una serie de beneficios a distintos sectores de la poblaci\u00f3n, siendo uno de estos los estudiantes del pa\u00eds. Dentro de las ayudas econ\u00f3micas dirigidas a los estudiantes est\u00e1 Leer m\u00e1s\" \/>\n<meta property=\"og:url\" content=\"https:\/\/diarioellabrador.cl\/index.php\/2026\/05\/02\/bono-por-asistencia-escolar-2026-este-es-el-monto-y-los-requisitos-para-recibir-el-beneficio\/\" \/>\n<meta property=\"og:site_name\" content=\"Diario El Labrador\" \/>\n<meta property=\"article:publisher\" content=\"https:\/\/web.facebook.com\/profile.php?id=61576120840621\" \/>\n<meta property=\"article:published_time\" content=\"2026-05-02T22:28:00+00:00\" \/>\n<meta property=\"og:image\" content=\"https:\/\/diarioellabrador.cl\/wp-content\/uploads\/2026\/05\/Bono-por-Asistencia-Escolar-2026-este-es-el-monto-y-los-requisitos-para-recibir-el-beneficio.jpg\" \/>\n\t<meta property=\"og:image:width\" content=\"1280\" \/>\n\t<meta property=\"og:image:height\" content=\"672\" \/>\n\t<meta property=\"og:image:type\" content=\"image\/jpeg\" \/>\n<meta name=\"author\" content=\"Editor\" \/>\n<meta name=\"twitter:card\" content=\"summary_large_image\" \/>\n<meta name=\"twitter:creator\" content=\"@ElLabradorOf\" \/>\n<meta name=\"twitter:site\" content=\"@ElLabradorOf\" \/>\n<meta name=\"twitter:label1\" content=\"Escrito por\" \/>\n\t<meta name=\"twitter:data1\" content=\"Editor\" \/>\n\t<meta name=\"twitter:label2\" content=\"Tiempo de lectura\" \/>\n\t<meta name=\"twitter:data2\" content=\"2 minutos\" \/>\n<script type=\"application\/ld+json\" class=\"yoast-schema-graph\">{\"@context\":\"https:\\\/\\\/schema.org\",\"@graph\":[{\"@type\":\"Article\",\"@id\":\"https:\\\/\\\/diarioellabrador.cl\\\/index.php\\\/2026\\\/05\\\/02\\\/bono-por-asistencia-escolar-2026-este-es-el-monto-y-los-requisitos-para-recibir-el-beneficio\\\/#article\",\"isPartOf\":{\"@id\":\"https:\\\/\\\/diarioellabrador.cl\\\/index.php\\\/2026\\\/05\\\/02\\\/bono-por-asistencia-escolar-2026-este-es-el-monto-y-los-requisitos-para-recibir-el-beneficio\\\/\"},\"author\":{\"name\":\"Editor\",\"@id\":\"https:\\\/\\\/diarioellabrador.cl\\\/#\\\/schema\\\/person\\\/bc25ff80b4563f9c7f4bd7855df01685\"},\"headline\":\"Bono por Asistencia Escolar 2026: este es el monto y los requisitos para recibir el beneficio\",\"datePublished\":\"2026-05-02T22:28:00+00:00\",\"mainEntityOfPage\":{\"@id\":\"https:\\\/\\\/diarioellabrador.cl\\\/index.php\\\/2026\\\/05\\\/02\\\/bono-por-asistencia-escolar-2026-este-es-el-monto-y-los-requisitos-para-recibir-el-beneficio\\\/\"},\"wordCount\":336,\"commentCount\":0,\"publisher\":{\"@id\":\"https:\\\/\\\/diarioellabrador.cl\\\/#organization\"},\"image\":{\"@id\":\"https:\\\/\\\/diarioellabrador.cl\\\/index.php\\\/2026\\\/05\\\/02\\\/bono-por-asistencia-escolar-2026-este-es-el-monto-y-los-requisitos-para-recibir-el-beneficio\\\/#primaryimage\"},\"thumbnailUrl\":\"https:\\\/\\\/diarioellabrador.cl\\\/wp-content\\\/uploads\\\/2026\\\/05\\\/Bono-por-Asistencia-Escolar-2026-este-es-el-monto-y-los-requisitos-para-recibir-el-beneficio.jpg\",\"articleSection\":[\"Cr\u00f3nica\"],\"inLanguage\":\"es\",\"potentialAction\":[{\"@type\":\"CommentAction\",\"name\":\"Comment\",\"target\":[\"https:\\\/\\\/diarioellabrador.cl\\\/index.php\\\/2026\\\/05\\\/02\\\/bono-por-asistencia-escolar-2026-este-es-el-monto-y-los-requisitos-para-recibir-el-beneficio\\\/#respond\"]}]},{\"@type\":\"WebPage\",\"@id\":\"https:\\\/\\\/diarioellabrador.cl\\\/index.php\\\/2026\\\/05\\\/02\\\/bono-por-asistencia-escolar-2026-este-es-el-monto-y-los-requisitos-para-recibir-el-beneficio\\\/\",\"url\":\"https:\\\/\\\/diarioellabrador.cl\\\/index.php\\\/2026\\\/05\\\/02\\\/bono-por-asistencia-escolar-2026-este-es-el-monto-y-los-requisitos-para-recibir-el-beneficio\\\/\",\"name\":\"Bono por Asistencia Escolar 2026: este es el monto y los requisitos para recibir el beneficio - Diario El Labrador\",\"isPartOf\":{\"@id\":\"https:\\\/\\\/diarioellabrador.cl\\\/#website\"},\"primaryImageOfPage\":{\"@id\":\"https:\\\/\\\/diarioellabrador.cl\\\/index.php\\\/2026\\\/05\\\/02\\\/bono-por-asistencia-escolar-2026-este-es-el-monto-y-los-requisitos-para-recibir-el-beneficio\\\/#primaryimage\"},\"image\":{\"@id\":\"https:\\\/\\\/diarioellabrador.cl\\\/index.php\\\/2026\\\/05\\\/02\\\/bono-por-asistencia-escolar-2026-este-es-el-monto-y-los-requisitos-para-recibir-el-beneficio\\\/#primaryimage\"},\"thumbnailUrl\":\"https:\\\/\\\/diarioellabrador.cl\\\/wp-content\\\/uploads\\\/2026\\\/05\\\/Bono-por-Asistencia-Escolar-2026-este-es-el-monto-y-los-requisitos-para-recibir-el-beneficio.jpg\",\"datePublished\":\"2026-05-02T22:28:00+00:00\",\"breadcrumb\":{\"@id\":\"https:\\\/\\\/diarioellabrador.cl\\\/index.php\\\/2026\\\/05\\\/02\\\/bono-por-asistencia-escolar-2026-este-es-el-monto-y-los-requisitos-para-recibir-el-beneficio\\\/#breadcrumb\"},\"inLanguage\":\"es\",\"potentialAction\":[{\"@type\":\"ReadAction\",\"target\":[\"https:\\\/\\\/diarioellabrador.cl\\\/index.php\\\/2026\\\/05\\\/02\\\/bono-por-asistencia-escolar-2026-este-es-el-monto-y-los-requisitos-para-recibir-el-beneficio\\\/\"]}]},{\"@type\":\"ImageObject\",\"inLanguage\":\"es\",\"@id\":\"https:\\\/\\\/diarioellabrador.cl\\\/index.php\\\/2026\\\/05\\\/02\\\/bono-por-asistencia-escolar-2026-este-es-el-monto-y-los-requisitos-para-recibir-el-beneficio\\\/#primaryimage\",\"url\":\"https:\\\/\\\/diarioellabrador.cl\\\/wp-content\\\/uploads\\\/2026\\\/05\\\/Bono-por-Asistencia-Escolar-2026-este-es-el-monto-y-los-requisitos-para-recibir-el-beneficio.jpg\",\"contentUrl\":\"https:\\\/\\\/diarioellabrador.cl\\\/wp-content\\\/uploads\\\/2026\\\/05\\\/Bono-por-Asistencia-Escolar-2026-este-es-el-monto-y-los-requisitos-para-recibir-el-beneficio.jpg\",\"width\":1280,\"height\":672},{\"@type\":\"BreadcrumbList\",\"@id\":\"https:\\\/\\\/diarioellabrador.cl\\\/index.php\\\/2026\\\/05\\\/02\\\/bono-por-asistencia-escolar-2026-este-es-el-monto-y-los-requisitos-para-recibir-el-beneficio\\\/#breadcrumb\",\"itemListElement\":[{\"@type\":\"ListItem\",\"position\":1,\"name\":\"Portada\",\"item\":\"https:\\\/\\\/diarioellabrador.cl\\\/\"},{\"@type\":\"ListItem\",\"position\":2,\"name\":\"Bono por Asistencia Escolar 2026: este es el monto y los requisitos para recibir el beneficio\"}]},{\"@type\":\"WebSite\",\"@id\":\"https:\\\/\\\/diarioellabrador.cl\\\/#website\",\"url\":\"https:\\\/\\\/diarioellabrador.cl\\\/\",\"name\":\"Diario El Labrador\",\"description\":\"Haciendo noticia desde 1921\",\"publisher\":{\"@id\":\"https:\\\/\\\/diarioellabrador.cl\\\/#organization\"},\"potentialAction\":[{\"@type\":\"SearchAction\",\"target\":{\"@type\":\"EntryPoint\",\"urlTemplate\":\"https:\\\/\\\/diarioellabrador.cl\\\/?s={search_term_string}\"},\"query-input\":{\"@type\":\"PropertyValueSpecification\",\"valueRequired\":true,\"valueName\":\"search_term_string\"}}],\"inLanguage\":\"es\"},{\"@type\":\"Organization\",\"@id\":\"https:\\\/\\\/diarioellabrador.cl\\\/#organization\",\"name\":\"Diario El Labrador\",\"url\":\"https:\\\/\\\/diarioellabrador.cl\\\/\",\"logo\":{\"@type\":\"ImageObject\",\"inLanguage\":\"es\",\"@id\":\"https:\\\/\\\/diarioellabrador.cl\\\/#\\\/schema\\\/logo\\\/image\\\/\",\"url\":\"https:\\\/\\\/diarioellabrador.cl\\\/wp-content\\\/uploads\\\/2025\\\/02\\\/cropped-Logo-Icono.png\",\"contentUrl\":\"https:\\\/\\\/diarioellabrador.cl\\\/wp-content\\\/uploads\\\/2025\\\/02\\\/cropped-Logo-Icono.png\",\"width\":512,\"height\":512,\"caption\":\"Diario El Labrador\"},\"image\":{\"@id\":\"https:\\\/\\\/diarioellabrador.cl\\\/#\\\/schema\\\/logo\\\/image\\\/\"},\"sameAs\":[\"https:\\\/\\\/web.facebook.com\\\/profile.php?id=61576120840621\",\"https:\\\/\\\/x.com\\\/ElLabradorOf\",\"https:\\\/\\\/www.instagram.com\\\/diarioellabradoroficial\\\/\"]},{\"@type\":\"Person\",\"@id\":\"https:\\\/\\\/diarioellabrador.cl\\\/#\\\/schema\\\/person\\\/bc25ff80b4563f9c7f4bd7855df01685\",\"name\":\"Editor\",\"image\":{\"@type\":\"ImageObject\",\"inLanguage\":\"es\",\"@id\":\"https:\\\/\\\/secure.gravatar.com\\\/avatar\\\/109c326cf2be5c04f048c2c2a2b8b6ef44bf3d8d1d3d4c55d0ac40c4bc994684?s=96&d=mm&r=g\",\"url\":\"https:\\\/\\\/secure.gravatar.com\\\/avatar\\\/109c326cf2be5c04f048c2c2a2b8b6ef44bf3d8d1d3d4c55d0ac40c4bc994684?s=96&d=mm&r=g\",\"contentUrl\":\"https:\\\/\\\/secure.gravatar.com\\\/avatar\\\/109c326cf2be5c04f048c2c2a2b8b6ef44bf3d8d1d3d4c55d0ac40c4bc994684?s=96&d=mm&r=g\",\"caption\":\"Editor\"},\"url\":\"https:\\\/\\\/diarioellabrador.cl\\\/index.php\\\/author\\\/editor\\\/\"}]}<\/script>\n<!-- \/ Yoast SEO plugin. -->","yoast_head_json":{"title":"Bono por Asistencia Escolar 2026: este es el monto y los requisitos para recibir el beneficio - Diario El Labrador","robots":{"index":"index","follow":"follow","max-snippet":"max-snippet:-1","max-image-preview":"max-image-preview:large","max-video-preview":"max-video-preview:-1"},"canonical":"https:\/\/diarioellabrador.cl\/index.php\/2026\/05\/02\/bono-por-asistencia-escolar-2026-este-es-el-monto-y-los-requisitos-para-recibir-el-beneficio\/","og_locale":"es_ES","og_type":"article","og_title":"Bono por Asistencia Escolar 2026: este es el monto y los requisitos para recibir el beneficio - Diario El Labrador","og_description":"La ayuda econ\u00f3mica est\u00e1 dirigida para las familias que cuentan con integrantes de entre 6 y 18 a\u00f1os. Revisa ac\u00e1 todos los detalles. El Estado suele entregar una serie de beneficios a distintos sectores de la poblaci\u00f3n, siendo uno de estos los estudiantes del pa\u00eds. Dentro de las ayudas econ\u00f3micas dirigidas a los estudiantes est\u00e1 Leer m\u00e1s","og_url":"https:\/\/diarioellabrador.cl\/index.php\/2026\/05\/02\/bono-por-asistencia-escolar-2026-este-es-el-monto-y-los-requisitos-para-recibir-el-beneficio\/","og_site_name":"Diario El Labrador","article_publisher":"https:\/\/web.facebook.com\/profile.php?id=61576120840621","article_published_time":"2026-05-02T22:28:00+00:00","og_image":[{"width":1280,"height":672,"url":"https:\/\/diarioellabrador.cl\/wp-content\/uploads\/2026\/05\/Bono-por-Asistencia-Escolar-2026-este-es-el-monto-y-los-requisitos-para-recibir-el-beneficio.jpg","type":"image\/jpeg"}],"author":"Editor","twitter_card":"summary_large_image","twitter_creator":"@ElLabradorOf","twitter_site":"@ElLabradorOf","twitter_misc":{"Escrito por":"Editor","Tiempo de lectura":"2 minutos"},"schema":{"@context":"https:\/\/schema.org","@graph":[{"@type":"Article","@id":"https:\/\/diarioellabrador.cl\/index.php\/2026\/05\/02\/bono-por-asistencia-escolar-2026-este-es-el-monto-y-los-requisitos-para-recibir-el-beneficio\/#article","isPartOf":{"@id":"https:\/\/diarioellabrador.cl\/index.php\/2026\/05\/02\/bono-por-asistencia-escolar-2026-este-es-el-monto-y-los-requisitos-para-recibir-el-beneficio\/"},"author":{"name":"Editor","@id":"https:\/\/diarioellabrador.cl\/#\/schema\/person\/bc25ff80b4563f9c7f4bd7855df01685"},"headline":"Bono por Asistencia Escolar 2026: este es el monto y los requisitos para recibir el beneficio","datePublished":"2026-05-02T22:28:00+00:00","mainEntityOfPage":{"@id":"https:\/\/diarioellabrador.cl\/index.php\/2026\/05\/02\/bono-por-asistencia-escolar-2026-este-es-el-monto-y-los-requisitos-para-recibir-el-beneficio\/"},"wordCount":336,"commentCount":0,"publisher":{"@id":"https:\/\/diarioellabrador.cl\/#organization"},"image":{"@id":"https:\/\/diarioellabrador.cl\/index.php\/2026\/05\/02\/bono-por-asistencia-escolar-2026-este-es-el-monto-y-los-requisitos-para-recibir-el-beneficio\/#primaryimage"},"thumbnailUrl":"https:\/\/diarioellabrador.cl\/wp-content\/uploads\/2026\/05\/Bono-por-Asistencia-Escolar-2026-este-es-el-monto-y-los-requisitos-para-recibir-el-beneficio.jpg","articleSection":["Cr\u00f3nica"],"inLanguage":"es","potentialAction":[{"@type":"CommentAction","name":"Comment","target":["https:\/\/diarioellabrador.cl\/index.php\/2026\/05\/02\/bono-por-asistencia-escolar-2026-este-es-el-monto-y-los-requisitos-para-recibir-el-beneficio\/#respond"]}]},{"@type":"WebPage","@id":"https:\/\/diarioellabrador.cl\/index.php\/2026\/05\/02\/bono-por-asistencia-escolar-2026-este-es-el-monto-y-los-requisitos-para-recibir-el-beneficio\/","url":"https:\/\/diarioellabrador.cl\/index.php\/2026\/05\/02\/bono-por-asistencia-escolar-2026-este-es-el-monto-y-los-requisitos-para-recibir-el-beneficio\/","name":"Bono por Asistencia Escolar 2026: este es el monto y los requisitos para recibir el beneficio - Diario El Labrador","isPartOf":{"@id":"https:\/\/diarioellabrador.cl\/#website"},"primaryImageOfPage":{"@id":"https:\/\/diarioellabrador.cl\/index.php\/2026\/05\/02\/bono-por-asistencia-escolar-2026-este-es-el-monto-y-los-requisitos-para-recibir-el-beneficio\/#primaryimage"},"image":{"@id":"https:\/\/diarioellabrador.cl\/index.php\/2026\/05\/02\/bono-por-asistencia-escolar-2026-este-es-el-monto-y-los-requisitos-para-recibir-el-beneficio\/#primaryimage"},"thumbnailUrl":"https:\/\/diarioellabrador.cl\/wp-content\/uploads\/2026\/05\/Bono-por-Asistencia-Escolar-2026-este-es-el-monto-y-los-requisitos-para-recibir-el-beneficio.jpg","datePublished":"2026-05-02T22:28:00+00:00","breadcrumb":{"@id":"https:\/\/diarioellabrador.cl\/index.php\/2026\/05\/02\/bono-por-asistencia-escolar-2026-este-es-el-monto-y-los-requisitos-para-recibir-el-beneficio\/#breadcrumb"},"inLanguage":"es","potentialAction":[{"@type":"ReadAction","target":["https:\/\/diarioellabrador.cl\/index.php\/2026\/05\/02\/bono-por-asistencia-escolar-2026-este-es-el-monto-y-los-requisitos-para-recibir-el-beneficio\/"]}]},{"@type":"ImageObject","inLanguage":"es","@id":"https:\/\/diarioellabrador.cl\/index.php\/2026\/05\/02\/bono-por-asistencia-escolar-2026-este-es-el-monto-y-los-requisitos-para-recibir-el-beneficio\/#primaryimage","url":"https:\/\/diarioellabrador.cl\/wp-content\/uploads\/2026\/05\/Bono-por-Asistencia-Escolar-2026-este-es-el-monto-y-los-requisitos-para-recibir-el-beneficio.jpg","contentUrl":"https:\/\/diarioellabrador.cl\/wp-content\/uploads\/2026\/05\/Bono-por-Asistencia-Escolar-2026-este-es-el-monto-y-los-requisitos-para-recibir-el-beneficio.jpg","width":1280,"height":672},{"@type":"BreadcrumbList","@id":"https:\/\/diarioellabrador.cl\/index.php\/2026\/05\/02\/bono-por-asistencia-escolar-2026-este-es-el-monto-y-los-requisitos-para-recibir-el-beneficio\/#breadcrumb","itemListElement":[{"@type":"ListItem","position":1,"name":"Portada","item":"https:\/\/diarioellabrador.cl\/"},{"@type":"ListItem","position":2,"name":"Bono por Asistencia Escolar 2026: este es el monto y los requisitos para recibir el beneficio"}]},{"@type":"WebSite","@id":"https:\/\/diarioellabrador.cl\/#website","url":"https:\/\/diarioellabrador.cl\/","name":"Diario El Labrador","description":"Haciendo noticia desde 1921","publisher":{"@id":"https:\/\/diarioellabrador.cl\/#organization"},"potentialAction":[{"@type":"SearchAction","target":{"@type":"EntryPoint","urlTemplate":"https:\/\/diarioellabrador.cl\/?s={search_term_string}"},"query-input":{"@type":"PropertyValueSpecification","valueRequired":true,"valueName":"search_term_string"}}],"inLanguage":"es"},{"@type":"Organization","@id":"https:\/\/diarioellabrador.cl\/#organization","name":"Diario El Labrador","url":"https:\/\/diarioellabrador.cl\/","logo":{"@type":"ImageObject","inLanguage":"es","@id":"https:\/\/diarioellabrador.cl\/#\/schema\/logo\/image\/","url":"https:\/\/diarioellabrador.cl\/wp-content\/uploads\/2025\/02\/cropped-Logo-Icono.png","contentUrl":"https:\/\/diarioellabrador.cl\/wp-content\/uploads\/2025\/02\/cropped-Logo-Icono.png","width":512,"height":512,"caption":"Diario El Labrador"},"image":{"@id":"https:\/\/diarioellabrador.cl\/#\/schema\/logo\/image\/"},"sameAs":["https:\/\/web.facebook.com\/profile.php?id=61576120840621","https:\/\/x.com\/ElLabradorOf","https:\/\/www.instagram.com\/diarioellabradoroficial\/"]},{"@type":"Person","@id":"https:\/\/diarioellabrador.cl\/#\/schema\/person\/bc25ff80b4563f9c7f4bd7855df01685","name":"Editor","image":{"@type":"ImageObject","inLanguage":"es","@id":"https:\/\/secure.gravatar.com\/avatar\/109c326cf2be5c04f048c2c2a2b8b6ef44bf3d8d1d3d4c55d0ac40c4bc994684?s=96&d=mm&r=g","url":"https:\/\/secure.gravatar.com\/avatar\/109c326cf2be5c04f048c2c2a2b8b6ef44bf3d8d1d3d4c55d0ac40c4bc994684?s=96&d=mm&r=g","contentUrl":"https:\/\/secure.gravatar.com\/avatar\/109c326cf2be5c04f048c2c2a2b8b6ef44bf3d8d1d3d4c55d0ac40c4bc994684?s=96&d=mm&r=g","caption":"Editor"},"url":"https:\/\/diarioellabrador.cl\/index.php\/author\/editor\/"}]}},"_links":{"self":[{"href":"https:\/\/diarioellabrador.cl\/index.php\/wp-json\/wp\/v2\/posts\/18884","targetHints":{"allow":["GET"]}}],"collection":[{"href":"https:\/\/diarioellabrador.cl\/index.php\/wp-json\/wp\/v2\/posts"}],"about":[{"href":"https:\/\/diarioellabrador.cl\/index.php\/wp-json\/wp\/v2\/types\/post"}],"author":[{"embeddable":true,"href":"https:\/\/diarioellabrador.cl\/index.php\/wp-json\/wp\/v2\/users\/2"}],"replies":[{"embeddable":true,"href":"https:\/\/diarioellabrador.cl\/index.php\/wp-json\/wp\/v2\/comments?post=18884"}],"version-history":[{"count":1,"href":"https:\/\/diarioellabrador.cl\/index.php\/wp-json\/wp\/v2\/posts\/18884\/revisions"}],"predecessor-version":[{"id":18885,"href":"https:\/\/diarioellabrador.cl\/index.php\/wp-json\/wp\/v2\/posts\/18884\/revisions\/18885"}],"wp:featuredmedia":[{"embeddable":true,"href":"https:\/\/diarioellabrador.cl\/index.php\/wp-json\/wp\/v2\/media\/18840"}],"wp:attachment":[{"href":"https:\/\/diarioellabrador.cl\/index.php\/wp-json\/wp\/v2\/media?parent=18884"}],"wp:term":[{"taxonomy":"category","embeddable":true,"href":"https:\/\/diarioellabrador.cl\/index.php\/wp-json\/wp\/v2\/categories?post=18884"},{"taxonomy":"post_tag","embeddable":true,"href":"https:\/\/diarioellabrador.cl\/index.php\/wp-json\/wp\/v2\/tags?post=18884"}],"curies":[{"name":"wp","href":"https:\/\/api.w.org\/{rel}","templated":true}]}}