{"id":18878,"date":"2026-05-02T18:26:00","date_gmt":"2026-05-02T22:26:00","guid":{"rendered":"https:\/\/diarioellabrador.cl\/?p=18878"},"modified":"2026-05-02T16:26:53","modified_gmt":"2026-05-02T20:26:53","slug":"libertad-vigilada-intensiva-para-sujeto-que-fue-detenido-portando-municiones","status":"publish","type":"post","link":"https:\/\/diarioellabrador.cl\/index.php\/2026\/05\/02\/libertad-vigilada-intensiva-para-sujeto-que-fue-detenido-portando-municiones\/","title":{"rendered":"Libertad vigilada intensiva para sujeto que fue detenido portando municiones"},"content":{"rendered":"\n<p>En el Tribunal Oral en Lo Penal se realiz\u00f3 la audiencia de juicio donde el Ministerio P\u00fablico sostuvo que el d\u00eda 6 de mayo de 2024, a las 16:30 horas en la intersecci\u00f3n de calle El Maicillo con La Puntilla, en la comuna de Isla de Maipo, el imputado Freddy U.R. fue sorprendido por funcionarios de Carabineros traslad\u00e1ndose como copiloto en un veh\u00edculo, portando en sus vestimentas 3 cartuchos calibre .32 sin percutir, aptos para el disparo con armamento convencional.<\/p>\n\n\n\n<p>El acusado en la audiencia indic\u00f3 que ese d\u00eda era la tarde, iba a comprar una m\u00e1quina a Talagante, hab\u00edas tres balas que estaban con moho, las tom\u00f3, le dijo a su amigo, se las ech\u00f3 al bolsillo, para cambiarlas por pitos, pens\u00f3 que alguien iba a quererlas, se subi\u00f3 al auto, anduvo unos 200 metros y los par\u00f3 carabineros.<\/p>\n\n\n\n<p>El Tribunal dictamin\u00f3 que se condena a Fredy U.R. a la pena de quinientos cuarenta y un d\u00edas de presidio menor en su grado medio, como autor del delito de tenencia ilegal de municiones, en grado de ejecuci\u00f3n consumado. Que, cumpliendo el sentenciado con los requisitos se\u00f1alados en la Ley, se le concede la pena sustitutiva de libertad vigilada intensiva.<\/p>\n\n\n\n<p><\/p>\n","protected":false},"excerpt":{"rendered":"<p>En el Tribunal Oral en Lo Penal se realiz\u00f3 la audiencia de juicio donde el Ministerio P\u00fablico sostuvo que el d\u00eda 6 de mayo de 2024, a las 16:30 horas en la intersecci\u00f3n de calle El Maicillo con La Puntilla, en la comuna de Isla de Maipo, el imputado Freddy U.R. fue sorprendido por funcionarios<\/p>\n<div class=\"read-more-wrapper\"><a class=\"read-more\" href=\"https:\/\/diarioellabrador.cl\/index.php\/2026\/05\/02\/libertad-vigilada-intensiva-para-sujeto-que-fue-detenido-portando-municiones\/\" title=\"Leer m\u00e1s\"> <span class=\"button \">Leer m\u00e1s<\/span><\/a><\/div>\n","protected":false},"author":2,"featured_media":18831,"comment_status":"open","ping_status":"open","sticky":false,"template":"","format":"standard","meta":{"footnotes":""},"categories":[3],"tags":[],"class_list":["post-18878","post","type-post","status-publish","format-standard","has-post-thumbnail","hentry","category-policial"],"yoast_head":"<!-- This site is optimized with the Yoast SEO plugin v27.5 - https:\/\/yoast.com\/product\/yoast-seo-wordpress\/ -->\n<title>Libertad vigilada intensiva para sujeto que fue detenido portando municiones - Diario El Labrador<\/title>\n<meta name=\"robots\" content=\"index, follow, max-snippet:-1, max-image-preview:large, max-video-preview:-1\" \/>\n<link rel=\"canonical\" href=\"https:\/\/diarioellabrador.cl\/index.php\/2026\/05\/02\/libertad-vigilada-intensiva-para-sujeto-que-fue-detenido-portando-municiones\/\" \/>\n<meta property=\"og:locale\" content=\"es_ES\" \/>\n<meta property=\"og:type\" content=\"article\" \/>\n<meta property=\"og:title\" content=\"Libertad vigilada intensiva para sujeto que fue detenido portando municiones - Diario El Labrador\" \/>\n<meta property=\"og:description\" content=\"En el Tribunal Oral en Lo Penal se realiz\u00f3 la audiencia de juicio donde el Ministerio P\u00fablico sostuvo que el d\u00eda 6 de mayo de 2024, a las 16:30 horas en la intersecci\u00f3n de calle El Maicillo con La Puntilla, en la comuna de Isla de Maipo, el imputado Freddy U.R. fue sorprendido por funcionarios Leer m\u00e1s\" \/>\n<meta property=\"og:url\" content=\"https:\/\/diarioellabrador.cl\/index.php\/2026\/05\/02\/libertad-vigilada-intensiva-para-sujeto-que-fue-detenido-portando-municiones\/\" \/>\n<meta property=\"og:site_name\" content=\"Diario El Labrador\" \/>\n<meta property=\"article:publisher\" content=\"https:\/\/web.facebook.com\/profile.php?id=61576120840621\" \/>\n<meta property=\"article:published_time\" content=\"2026-05-02T22:26:00+00:00\" \/>\n<meta property=\"og:image\" content=\"https:\/\/diarioellabrador.cl\/wp-content\/uploads\/2026\/05\/Libertad-vigilada-intensiva-para-sujeto-que-fue-detenido-portando-municiones.jpg\" \/>\n\t<meta property=\"og:image:width\" content=\"740\" \/>\n\t<meta property=\"og:image:height\" content=\"494\" \/>\n\t<meta property=\"og:image:type\" content=\"image\/jpeg\" \/>\n<meta name=\"author\" content=\"Editor\" \/>\n<meta name=\"twitter:card\" content=\"summary_large_image\" \/>\n<meta name=\"twitter:creator\" content=\"@ElLabradorOf\" \/>\n<meta name=\"twitter:site\" content=\"@ElLabradorOf\" \/>\n<meta name=\"twitter:label1\" content=\"Escrito por\" \/>\n\t<meta name=\"twitter:data1\" content=\"Editor\" \/>\n\t<meta name=\"twitter:label2\" content=\"Tiempo de lectura\" \/>\n\t<meta name=\"twitter:data2\" content=\"2 minutos\" \/>\n<script type=\"application\/ld+json\" class=\"yoast-schema-graph\">{\"@context\":\"https:\\\/\\\/schema.org\",\"@graph\":[{\"@type\":\"Article\",\"@id\":\"https:\\\/\\\/diarioellabrador.cl\\\/index.php\\\/2026\\\/05\\\/02\\\/libertad-vigilada-intensiva-para-sujeto-que-fue-detenido-portando-municiones\\\/#article\",\"isPartOf\":{\"@id\":\"https:\\\/\\\/diarioellabrador.cl\\\/index.php\\\/2026\\\/05\\\/02\\\/libertad-vigilada-intensiva-para-sujeto-que-fue-detenido-portando-municiones\\\/\"},\"author\":{\"name\":\"Editor\",\"@id\":\"https:\\\/\\\/diarioellabrador.cl\\\/#\\\/schema\\\/person\\\/bc25ff80b4563f9c7f4bd7855df01685\"},\"headline\":\"Libertad vigilada intensiva para sujeto que fue detenido portando municiones\",\"datePublished\":\"2026-05-02T22:26:00+00:00\",\"mainEntityOfPage\":{\"@id\":\"https:\\\/\\\/diarioellabrador.cl\\\/index.php\\\/2026\\\/05\\\/02\\\/libertad-vigilada-intensiva-para-sujeto-que-fue-detenido-portando-municiones\\\/\"},\"wordCount\":217,\"commentCount\":0,\"publisher\":{\"@id\":\"https:\\\/\\\/diarioellabrador.cl\\\/#organization\"},\"image\":{\"@id\":\"https:\\\/\\\/diarioellabrador.cl\\\/index.php\\\/2026\\\/05\\\/02\\\/libertad-vigilada-intensiva-para-sujeto-que-fue-detenido-portando-municiones\\\/#primaryimage\"},\"thumbnailUrl\":\"https:\\\/\\\/diarioellabrador.cl\\\/wp-content\\\/uploads\\\/2026\\\/05\\\/Libertad-vigilada-intensiva-para-sujeto-que-fue-detenido-portando-municiones.jpg\",\"articleSection\":[\"Policial\"],\"inLanguage\":\"es\",\"potentialAction\":[{\"@type\":\"CommentAction\",\"name\":\"Comment\",\"target\":[\"https:\\\/\\\/diarioellabrador.cl\\\/index.php\\\/2026\\\/05\\\/02\\\/libertad-vigilada-intensiva-para-sujeto-que-fue-detenido-portando-municiones\\\/#respond\"]}]},{\"@type\":\"WebPage\",\"@id\":\"https:\\\/\\\/diarioellabrador.cl\\\/index.php\\\/2026\\\/05\\\/02\\\/libertad-vigilada-intensiva-para-sujeto-que-fue-detenido-portando-municiones\\\/\",\"url\":\"https:\\\/\\\/diarioellabrador.cl\\\/index.php\\\/2026\\\/05\\\/02\\\/libertad-vigilada-intensiva-para-sujeto-que-fue-detenido-portando-municiones\\\/\",\"name\":\"Libertad vigilada intensiva para sujeto que fue detenido portando municiones - Diario El Labrador\",\"isPartOf\":{\"@id\":\"https:\\\/\\\/diarioellabrador.cl\\\/#website\"},\"primaryImageOfPage\":{\"@id\":\"https:\\\/\\\/diarioellabrador.cl\\\/index.php\\\/2026\\\/05\\\/02\\\/libertad-vigilada-intensiva-para-sujeto-que-fue-detenido-portando-municiones\\\/#primaryimage\"},\"image\":{\"@id\":\"https:\\\/\\\/diarioellabrador.cl\\\/index.php\\\/2026\\\/05\\\/02\\\/libertad-vigilada-intensiva-para-sujeto-que-fue-detenido-portando-municiones\\\/#primaryimage\"},\"thumbnailUrl\":\"https:\\\/\\\/diarioellabrador.cl\\\/wp-content\\\/uploads\\\/2026\\\/05\\\/Libertad-vigilada-intensiva-para-sujeto-que-fue-detenido-portando-municiones.jpg\",\"datePublished\":\"2026-05-02T22:26:00+00:00\",\"breadcrumb\":{\"@id\":\"https:\\\/\\\/diarioellabrador.cl\\\/index.php\\\/2026\\\/05\\\/02\\\/libertad-vigilada-intensiva-para-sujeto-que-fue-detenido-portando-municiones\\\/#breadcrumb\"},\"inLanguage\":\"es\",\"potentialAction\":[{\"@type\":\"ReadAction\",\"target\":[\"https:\\\/\\\/diarioellabrador.cl\\\/index.php\\\/2026\\\/05\\\/02\\\/libertad-vigilada-intensiva-para-sujeto-que-fue-detenido-portando-municiones\\\/\"]}]},{\"@type\":\"ImageObject\",\"inLanguage\":\"es\",\"@id\":\"https:\\\/\\\/diarioellabrador.cl\\\/index.php\\\/2026\\\/05\\\/02\\\/libertad-vigilada-intensiva-para-sujeto-que-fue-detenido-portando-municiones\\\/#primaryimage\",\"url\":\"https:\\\/\\\/diarioellabrador.cl\\\/wp-content\\\/uploads\\\/2026\\\/05\\\/Libertad-vigilada-intensiva-para-sujeto-que-fue-detenido-portando-municiones.jpg\",\"contentUrl\":\"https:\\\/\\\/diarioellabrador.cl\\\/wp-content\\\/uploads\\\/2026\\\/05\\\/Libertad-vigilada-intensiva-para-sujeto-que-fue-detenido-portando-municiones.jpg\",\"width\":740,\"height\":494},{\"@type\":\"BreadcrumbList\",\"@id\":\"https:\\\/\\\/diarioellabrador.cl\\\/index.php\\\/2026\\\/05\\\/02\\\/libertad-vigilada-intensiva-para-sujeto-que-fue-detenido-portando-municiones\\\/#breadcrumb\",\"itemListElement\":[{\"@type\":\"ListItem\",\"position\":1,\"name\":\"Portada\",\"item\":\"https:\\\/\\\/diarioellabrador.cl\\\/\"},{\"@type\":\"ListItem\",\"position\":2,\"name\":\"Libertad vigilada intensiva para sujeto que fue detenido portando municiones\"}]},{\"@type\":\"WebSite\",\"@id\":\"https:\\\/\\\/diarioellabrador.cl\\\/#website\",\"url\":\"https:\\\/\\\/diarioellabrador.cl\\\/\",\"name\":\"Diario El Labrador\",\"description\":\"Haciendo noticia desde 1921\",\"publisher\":{\"@id\":\"https:\\\/\\\/diarioellabrador.cl\\\/#organization\"},\"potentialAction\":[{\"@type\":\"SearchAction\",\"target\":{\"@type\":\"EntryPoint\",\"urlTemplate\":\"https:\\\/\\\/diarioellabrador.cl\\\/?s={search_term_string}\"},\"query-input\":{\"@type\":\"PropertyValueSpecification\",\"valueRequired\":true,\"valueName\":\"search_term_string\"}}],\"inLanguage\":\"es\"},{\"@type\":\"Organization\",\"@id\":\"https:\\\/\\\/diarioellabrador.cl\\\/#organization\",\"name\":\"Diario El Labrador\",\"url\":\"https:\\\/\\\/diarioellabrador.cl\\\/\",\"logo\":{\"@type\":\"ImageObject\",\"inLanguage\":\"es\",\"@id\":\"https:\\\/\\\/diarioellabrador.cl\\\/#\\\/schema\\\/logo\\\/image\\\/\",\"url\":\"https:\\\/\\\/diarioellabrador.cl\\\/wp-content\\\/uploads\\\/2025\\\/02\\\/cropped-Logo-Icono.png\",\"contentUrl\":\"https:\\\/\\\/diarioellabrador.cl\\\/wp-content\\\/uploads\\\/2025\\\/02\\\/cropped-Logo-Icono.png\",\"width\":512,\"height\":512,\"caption\":\"Diario El Labrador\"},\"image\":{\"@id\":\"https:\\\/\\\/diarioellabrador.cl\\\/#\\\/schema\\\/logo\\\/image\\\/\"},\"sameAs\":[\"https:\\\/\\\/web.facebook.com\\\/profile.php?id=61576120840621\",\"https:\\\/\\\/x.com\\\/ElLabradorOf\",\"https:\\\/\\\/www.instagram.com\\\/diarioellabradoroficial\\\/\"]},{\"@type\":\"Person\",\"@id\":\"https:\\\/\\\/diarioellabrador.cl\\\/#\\\/schema\\\/person\\\/bc25ff80b4563f9c7f4bd7855df01685\",\"name\":\"Editor\",\"image\":{\"@type\":\"ImageObject\",\"inLanguage\":\"es\",\"@id\":\"https:\\\/\\\/secure.gravatar.com\\\/avatar\\\/109c326cf2be5c04f048c2c2a2b8b6ef44bf3d8d1d3d4c55d0ac40c4bc994684?s=96&d=mm&r=g\",\"url\":\"https:\\\/\\\/secure.gravatar.com\\\/avatar\\\/109c326cf2be5c04f048c2c2a2b8b6ef44bf3d8d1d3d4c55d0ac40c4bc994684?s=96&d=mm&r=g\",\"contentUrl\":\"https:\\\/\\\/secure.gravatar.com\\\/avatar\\\/109c326cf2be5c04f048c2c2a2b8b6ef44bf3d8d1d3d4c55d0ac40c4bc994684?s=96&d=mm&r=g\",\"caption\":\"Editor\"},\"url\":\"https:\\\/\\\/diarioellabrador.cl\\\/index.php\\\/author\\\/editor\\\/\"}]}<\/script>\n<!-- \/ Yoast SEO plugin. -->","yoast_head_json":{"title":"Libertad vigilada intensiva para sujeto que fue detenido portando municiones - Diario El Labrador","robots":{"index":"index","follow":"follow","max-snippet":"max-snippet:-1","max-image-preview":"max-image-preview:large","max-video-preview":"max-video-preview:-1"},"canonical":"https:\/\/diarioellabrador.cl\/index.php\/2026\/05\/02\/libertad-vigilada-intensiva-para-sujeto-que-fue-detenido-portando-municiones\/","og_locale":"es_ES","og_type":"article","og_title":"Libertad vigilada intensiva para sujeto que fue detenido portando municiones - Diario El Labrador","og_description":"En el Tribunal Oral en Lo Penal se realiz\u00f3 la audiencia de juicio donde el Ministerio P\u00fablico sostuvo que el d\u00eda 6 de mayo de 2024, a las 16:30 horas en la intersecci\u00f3n de calle El Maicillo con La Puntilla, en la comuna de Isla de Maipo, el imputado Freddy U.R. fue sorprendido por funcionarios Leer m\u00e1s","og_url":"https:\/\/diarioellabrador.cl\/index.php\/2026\/05\/02\/libertad-vigilada-intensiva-para-sujeto-que-fue-detenido-portando-municiones\/","og_site_name":"Diario El Labrador","article_publisher":"https:\/\/web.facebook.com\/profile.php?id=61576120840621","article_published_time":"2026-05-02T22:26:00+00:00","og_image":[{"width":740,"height":494,"url":"https:\/\/diarioellabrador.cl\/wp-content\/uploads\/2026\/05\/Libertad-vigilada-intensiva-para-sujeto-que-fue-detenido-portando-municiones.jpg","type":"image\/jpeg"}],"author":"Editor","twitter_card":"summary_large_image","twitter_creator":"@ElLabradorOf","twitter_site":"@ElLabradorOf","twitter_misc":{"Escrito por":"Editor","Tiempo de lectura":"2 minutos"},"schema":{"@context":"https:\/\/schema.org","@graph":[{"@type":"Article","@id":"https:\/\/diarioellabrador.cl\/index.php\/2026\/05\/02\/libertad-vigilada-intensiva-para-sujeto-que-fue-detenido-portando-municiones\/#article","isPartOf":{"@id":"https:\/\/diarioellabrador.cl\/index.php\/2026\/05\/02\/libertad-vigilada-intensiva-para-sujeto-que-fue-detenido-portando-municiones\/"},"author":{"name":"Editor","@id":"https:\/\/diarioellabrador.cl\/#\/schema\/person\/bc25ff80b4563f9c7f4bd7855df01685"},"headline":"Libertad vigilada intensiva para sujeto que fue detenido portando municiones","datePublished":"2026-05-02T22:26:00+00:00","mainEntityOfPage":{"@id":"https:\/\/diarioellabrador.cl\/index.php\/2026\/05\/02\/libertad-vigilada-intensiva-para-sujeto-que-fue-detenido-portando-municiones\/"},"wordCount":217,"commentCount":0,"publisher":{"@id":"https:\/\/diarioellabrador.cl\/#organization"},"image":{"@id":"https:\/\/diarioellabrador.cl\/index.php\/2026\/05\/02\/libertad-vigilada-intensiva-para-sujeto-que-fue-detenido-portando-municiones\/#primaryimage"},"thumbnailUrl":"https:\/\/diarioellabrador.cl\/wp-content\/uploads\/2026\/05\/Libertad-vigilada-intensiva-para-sujeto-que-fue-detenido-portando-municiones.jpg","articleSection":["Policial"],"inLanguage":"es","potentialAction":[{"@type":"CommentAction","name":"Comment","target":["https:\/\/diarioellabrador.cl\/index.php\/2026\/05\/02\/libertad-vigilada-intensiva-para-sujeto-que-fue-detenido-portando-municiones\/#respond"]}]},{"@type":"WebPage","@id":"https:\/\/diarioellabrador.cl\/index.php\/2026\/05\/02\/libertad-vigilada-intensiva-para-sujeto-que-fue-detenido-portando-municiones\/","url":"https:\/\/diarioellabrador.cl\/index.php\/2026\/05\/02\/libertad-vigilada-intensiva-para-sujeto-que-fue-detenido-portando-municiones\/","name":"Libertad vigilada intensiva para sujeto que fue detenido portando municiones - Diario El Labrador","isPartOf":{"@id":"https:\/\/diarioellabrador.cl\/#website"},"primaryImageOfPage":{"@id":"https:\/\/diarioellabrador.cl\/index.php\/2026\/05\/02\/libertad-vigilada-intensiva-para-sujeto-que-fue-detenido-portando-municiones\/#primaryimage"},"image":{"@id":"https:\/\/diarioellabrador.cl\/index.php\/2026\/05\/02\/libertad-vigilada-intensiva-para-sujeto-que-fue-detenido-portando-municiones\/#primaryimage"},"thumbnailUrl":"https:\/\/diarioellabrador.cl\/wp-content\/uploads\/2026\/05\/Libertad-vigilada-intensiva-para-sujeto-que-fue-detenido-portando-municiones.jpg","datePublished":"2026-05-02T22:26:00+00:00","breadcrumb":{"@id":"https:\/\/diarioellabrador.cl\/index.php\/2026\/05\/02\/libertad-vigilada-intensiva-para-sujeto-que-fue-detenido-portando-municiones\/#breadcrumb"},"inLanguage":"es","potentialAction":[{"@type":"ReadAction","target":["https:\/\/diarioellabrador.cl\/index.php\/2026\/05\/02\/libertad-vigilada-intensiva-para-sujeto-que-fue-detenido-portando-municiones\/"]}]},{"@type":"ImageObject","inLanguage":"es","@id":"https:\/\/diarioellabrador.cl\/index.php\/2026\/05\/02\/libertad-vigilada-intensiva-para-sujeto-que-fue-detenido-portando-municiones\/#primaryimage","url":"https:\/\/diarioellabrador.cl\/wp-content\/uploads\/2026\/05\/Libertad-vigilada-intensiva-para-sujeto-que-fue-detenido-portando-municiones.jpg","contentUrl":"https:\/\/diarioellabrador.cl\/wp-content\/uploads\/2026\/05\/Libertad-vigilada-intensiva-para-sujeto-que-fue-detenido-portando-municiones.jpg","width":740,"height":494},{"@type":"BreadcrumbList","@id":"https:\/\/diarioellabrador.cl\/index.php\/2026\/05\/02\/libertad-vigilada-intensiva-para-sujeto-que-fue-detenido-portando-municiones\/#breadcrumb","itemListElement":[{"@type":"ListItem","position":1,"name":"Portada","item":"https:\/\/diarioellabrador.cl\/"},{"@type":"ListItem","position":2,"name":"Libertad vigilada intensiva para sujeto que fue detenido portando municiones"}]},{"@type":"WebSite","@id":"https:\/\/diarioellabrador.cl\/#website","url":"https:\/\/diarioellabrador.cl\/","name":"Diario El Labrador","description":"Haciendo noticia desde 1921","publisher":{"@id":"https:\/\/diarioellabrador.cl\/#organization"},"potentialAction":[{"@type":"SearchAction","target":{"@type":"EntryPoint","urlTemplate":"https:\/\/diarioellabrador.cl\/?s={search_term_string}"},"query-input":{"@type":"PropertyValueSpecification","valueRequired":true,"valueName":"search_term_string"}}],"inLanguage":"es"},{"@type":"Organization","@id":"https:\/\/diarioellabrador.cl\/#organization","name":"Diario El Labrador","url":"https:\/\/diarioellabrador.cl\/","logo":{"@type":"ImageObject","inLanguage":"es","@id":"https:\/\/diarioellabrador.cl\/#\/schema\/logo\/image\/","url":"https:\/\/diarioellabrador.cl\/wp-content\/uploads\/2025\/02\/cropped-Logo-Icono.png","contentUrl":"https:\/\/diarioellabrador.cl\/wp-content\/uploads\/2025\/02\/cropped-Logo-Icono.png","width":512,"height":512,"caption":"Diario El Labrador"},"image":{"@id":"https:\/\/diarioellabrador.cl\/#\/schema\/logo\/image\/"},"sameAs":["https:\/\/web.facebook.com\/profile.php?id=61576120840621","https:\/\/x.com\/ElLabradorOf","https:\/\/www.instagram.com\/diarioellabradoroficial\/"]},{"@type":"Person","@id":"https:\/\/diarioellabrador.cl\/#\/schema\/person\/bc25ff80b4563f9c7f4bd7855df01685","name":"Editor","image":{"@type":"ImageObject","inLanguage":"es","@id":"https:\/\/secure.gravatar.com\/avatar\/109c326cf2be5c04f048c2c2a2b8b6ef44bf3d8d1d3d4c55d0ac40c4bc994684?s=96&d=mm&r=g","url":"https:\/\/secure.gravatar.com\/avatar\/109c326cf2be5c04f048c2c2a2b8b6ef44bf3d8d1d3d4c55d0ac40c4bc994684?s=96&d=mm&r=g","contentUrl":"https:\/\/secure.gravatar.com\/avatar\/109c326cf2be5c04f048c2c2a2b8b6ef44bf3d8d1d3d4c55d0ac40c4bc994684?s=96&d=mm&r=g","caption":"Editor"},"url":"https:\/\/diarioellabrador.cl\/index.php\/author\/editor\/"}]}},"_links":{"self":[{"href":"https:\/\/diarioellabrador.cl\/index.php\/wp-json\/wp\/v2\/posts\/18878","targetHints":{"allow":["GET"]}}],"collection":[{"href":"https:\/\/diarioellabrador.cl\/index.php\/wp-json\/wp\/v2\/posts"}],"about":[{"href":"https:\/\/diarioellabrador.cl\/index.php\/wp-json\/wp\/v2\/types\/post"}],"author":[{"embeddable":true,"href":"https:\/\/diarioellabrador.cl\/index.php\/wp-json\/wp\/v2\/users\/2"}],"replies":[{"embeddable":true,"href":"https:\/\/diarioellabrador.cl\/index.php\/wp-json\/wp\/v2\/comments?post=18878"}],"version-history":[{"count":1,"href":"https:\/\/diarioellabrador.cl\/index.php\/wp-json\/wp\/v2\/posts\/18878\/revisions"}],"predecessor-version":[{"id":18879,"href":"https:\/\/diarioellabrador.cl\/index.php\/wp-json\/wp\/v2\/posts\/18878\/revisions\/18879"}],"wp:featuredmedia":[{"embeddable":true,"href":"https:\/\/diarioellabrador.cl\/index.php\/wp-json\/wp\/v2\/media\/18831"}],"wp:attachment":[{"href":"https:\/\/diarioellabrador.cl\/index.php\/wp-json\/wp\/v2\/media?parent=18878"}],"wp:term":[{"taxonomy":"category","embeddable":true,"href":"https:\/\/diarioellabrador.cl\/index.php\/wp-json\/wp\/v2\/categories?post=18878"},{"taxonomy":"post_tag","embeddable":true,"href":"https:\/\/diarioellabrador.cl\/index.php\/wp-json\/wp\/v2\/tags?post=18878"}],"curies":[{"name":"wp","href":"https:\/\/api.w.org\/{rel}","templated":true}]}}