{"id":18876,"date":"2026-05-02T18:25:00","date_gmt":"2026-05-02T22:25:00","guid":{"rendered":"https:\/\/diarioellabrador.cl\/?p=18876"},"modified":"2026-05-02T16:26:21","modified_gmt":"2026-05-02T20:26:21","slug":"tres-anos-de-presidio-efectivo-para-mujer-imputada-por-microtrafico","status":"publish","type":"post","link":"https:\/\/diarioellabrador.cl\/index.php\/2026\/05\/02\/tres-anos-de-presidio-efectivo-para-mujer-imputada-por-microtrafico\/","title":{"rendered":"Tres a\u00f1os de presidio efectivo para mujer imputada por microtr\u00e1fico"},"content":{"rendered":"\n<p><strong><em>En el TOP de Melipilla se realiz\u00f3 el juicio oral en contra de imputada por microtr\u00e1fico de drogas y munici\u00f3n.<\/em><\/strong><\/p>\n\n\n\n<p>El ente persecutor expuso que el d\u00eda 11 de mayo de 2022 alrededor de las 15:40 horas, personal policial de BICRIM Melipilla, autorizados por resoluci\u00f3n de entrada, registro e incautaci\u00f3n emanada del Juzgado de Garant\u00eda de Melipilla ingresaron al inmueble ubicado en calle Caupolic\u00e1n.<\/p>\n\n\n\n<p>En el lugar se encontraron 7 dosis de coca\u00edna base, dentro de una juguera la cantidad de 23,81 gramos de coca\u00edna base, en un plato ubicado en el living del inmueble, la cantidad de 40,54 gramos peso bruto estimado de coca\u00edna base y la suma aproximada de $158.000 en efectivo de diferente denominaci\u00f3n, presuntamente producto de la venta de droga y, asimismo, 1 cartucho de escopeta calibre 12.<\/p>\n\n\n\n<p>La acusada en la audiencia declar\u00f3 que \u201cno es as\u00ed como lo est\u00e1 diciendo la polic\u00eda yo llegu\u00e9 a esta casa, yo no estaba cuando la estaban allanando. Yo ten\u00eda una cautelar en Caupolic\u00e1n que quebrant\u00e9 porque esa casa no estaba en condiciones para yo poder vivir con una guagua reci\u00e9n nacida. Resulta que en esa casa estaba con mi familia cuando llaman por tel\u00e9fono y me informan que est\u00e1n allanando la casa que anteriormente era mi domicilio\u201d.<\/p>\n\n\n\n<p>El Tribunal dictamin\u00f3 que se condena a Mar\u00eda H.C. a cumplir la pena de 3 a\u00f1os y un d\u00eda de presidio menor en su grado m\u00e1ximo, como autora de un delito consumado de tr\u00e1fico de peque\u00f1as cantidades de sustancias o drogas estupefacientes o psicotr\u00f3picas. Adem\u00e1s, a cumplir la pena de 541 d\u00edas de presidio menor en su grado medio, como autora de un delito consumado de tenencia ilegal de municiones, debiendo cumplir efectivamente las penas privativas de libertad impuestas.<\/p>\n","protected":false},"excerpt":{"rendered":"<p>En el TOP de Melipilla se realiz\u00f3 el juicio oral en contra de imputada por microtr\u00e1fico de drogas y munici\u00f3n. El ente persecutor expuso que el d\u00eda 11 de mayo de 2022 alrededor de las 15:40 horas, personal policial de BICRIM Melipilla, autorizados por resoluci\u00f3n de entrada, registro e incautaci\u00f3n emanada del Juzgado de Garant\u00eda<\/p>\n<div class=\"read-more-wrapper\"><a class=\"read-more\" href=\"https:\/\/diarioellabrador.cl\/index.php\/2026\/05\/02\/tres-anos-de-presidio-efectivo-para-mujer-imputada-por-microtrafico\/\" title=\"Leer m\u00e1s\"> <span class=\"button \">Leer m\u00e1s<\/span><\/a><\/div>\n","protected":false},"author":2,"featured_media":18833,"comment_status":"open","ping_status":"open","sticky":false,"template":"","format":"standard","meta":{"footnotes":""},"categories":[14,3],"tags":[],"class_list":["post-18876","post","type-post","status-publish","format-standard","has-post-thumbnail","hentry","category-destacados","category-policial"],"yoast_head":"<!-- This site is optimized with the Yoast SEO plugin v27.5 - https:\/\/yoast.com\/product\/yoast-seo-wordpress\/ -->\n<title>Tres a\u00f1os de presidio efectivo para mujer imputada por microtr\u00e1fico - Diario El Labrador<\/title>\n<meta name=\"robots\" content=\"index, follow, max-snippet:-1, max-image-preview:large, max-video-preview:-1\" \/>\n<link rel=\"canonical\" href=\"https:\/\/diarioellabrador.cl\/index.php\/2026\/05\/02\/tres-anos-de-presidio-efectivo-para-mujer-imputada-por-microtrafico\/\" \/>\n<meta property=\"og:locale\" content=\"es_ES\" \/>\n<meta property=\"og:type\" content=\"article\" \/>\n<meta property=\"og:title\" content=\"Tres a\u00f1os de presidio efectivo para mujer imputada por microtr\u00e1fico - Diario El Labrador\" \/>\n<meta property=\"og:description\" content=\"En el TOP de Melipilla se realiz\u00f3 el juicio oral en contra de imputada por microtr\u00e1fico de drogas y munici\u00f3n. El ente persecutor expuso que el d\u00eda 11 de mayo de 2022 alrededor de las 15:40 horas, personal policial de BICRIM Melipilla, autorizados por resoluci\u00f3n de entrada, registro e incautaci\u00f3n emanada del Juzgado de Garant\u00eda Leer m\u00e1s\" \/>\n<meta property=\"og:url\" content=\"https:\/\/diarioellabrador.cl\/index.php\/2026\/05\/02\/tres-anos-de-presidio-efectivo-para-mujer-imputada-por-microtrafico\/\" \/>\n<meta property=\"og:site_name\" content=\"Diario El Labrador\" \/>\n<meta property=\"article:publisher\" content=\"https:\/\/web.facebook.com\/profile.php?id=61576120840621\" \/>\n<meta property=\"article:published_time\" content=\"2026-05-02T22:25:00+00:00\" \/>\n<meta property=\"og:image\" content=\"https:\/\/diarioellabrador.cl\/wp-content\/uploads\/2026\/05\/Tres-anos-de-presidio-efectivo-para-mujer-imputada-por-microtrafico.jpg\" \/>\n\t<meta property=\"og:image:width\" content=\"750\" \/>\n\t<meta property=\"og:image:height\" content=\"400\" \/>\n\t<meta property=\"og:image:type\" content=\"image\/jpeg\" \/>\n<meta name=\"author\" content=\"Editor\" \/>\n<meta name=\"twitter:card\" content=\"summary_large_image\" \/>\n<meta name=\"twitter:creator\" content=\"@ElLabradorOf\" \/>\n<meta name=\"twitter:site\" content=\"@ElLabradorOf\" \/>\n<meta name=\"twitter:label1\" content=\"Escrito por\" \/>\n\t<meta name=\"twitter:data1\" content=\"Editor\" \/>\n\t<meta name=\"twitter:label2\" content=\"Tiempo de lectura\" \/>\n\t<meta name=\"twitter:data2\" content=\"2 minutos\" \/>\n<script type=\"application\/ld+json\" class=\"yoast-schema-graph\">{\"@context\":\"https:\\\/\\\/schema.org\",\"@graph\":[{\"@type\":\"Article\",\"@id\":\"https:\\\/\\\/diarioellabrador.cl\\\/index.php\\\/2026\\\/05\\\/02\\\/tres-anos-de-presidio-efectivo-para-mujer-imputada-por-microtrafico\\\/#article\",\"isPartOf\":{\"@id\":\"https:\\\/\\\/diarioellabrador.cl\\\/index.php\\\/2026\\\/05\\\/02\\\/tres-anos-de-presidio-efectivo-para-mujer-imputada-por-microtrafico\\\/\"},\"author\":{\"name\":\"Editor\",\"@id\":\"https:\\\/\\\/diarioellabrador.cl\\\/#\\\/schema\\\/person\\\/bc25ff80b4563f9c7f4bd7855df01685\"},\"headline\":\"Tres a\u00f1os de presidio efectivo para mujer imputada por microtr\u00e1fico\",\"datePublished\":\"2026-05-02T22:25:00+00:00\",\"mainEntityOfPage\":{\"@id\":\"https:\\\/\\\/diarioellabrador.cl\\\/index.php\\\/2026\\\/05\\\/02\\\/tres-anos-de-presidio-efectivo-para-mujer-imputada-por-microtrafico\\\/\"},\"wordCount\":317,\"commentCount\":0,\"publisher\":{\"@id\":\"https:\\\/\\\/diarioellabrador.cl\\\/#organization\"},\"image\":{\"@id\":\"https:\\\/\\\/diarioellabrador.cl\\\/index.php\\\/2026\\\/05\\\/02\\\/tres-anos-de-presidio-efectivo-para-mujer-imputada-por-microtrafico\\\/#primaryimage\"},\"thumbnailUrl\":\"https:\\\/\\\/diarioellabrador.cl\\\/wp-content\\\/uploads\\\/2026\\\/05\\\/Tres-anos-de-presidio-efectivo-para-mujer-imputada-por-microtrafico.jpg\",\"articleSection\":[\"Destacados\",\"Policial\"],\"inLanguage\":\"es\",\"potentialAction\":[{\"@type\":\"CommentAction\",\"name\":\"Comment\",\"target\":[\"https:\\\/\\\/diarioellabrador.cl\\\/index.php\\\/2026\\\/05\\\/02\\\/tres-anos-de-presidio-efectivo-para-mujer-imputada-por-microtrafico\\\/#respond\"]}]},{\"@type\":\"WebPage\",\"@id\":\"https:\\\/\\\/diarioellabrador.cl\\\/index.php\\\/2026\\\/05\\\/02\\\/tres-anos-de-presidio-efectivo-para-mujer-imputada-por-microtrafico\\\/\",\"url\":\"https:\\\/\\\/diarioellabrador.cl\\\/index.php\\\/2026\\\/05\\\/02\\\/tres-anos-de-presidio-efectivo-para-mujer-imputada-por-microtrafico\\\/\",\"name\":\"Tres a\u00f1os de presidio efectivo para mujer imputada por microtr\u00e1fico - Diario El Labrador\",\"isPartOf\":{\"@id\":\"https:\\\/\\\/diarioellabrador.cl\\\/#website\"},\"primaryImageOfPage\":{\"@id\":\"https:\\\/\\\/diarioellabrador.cl\\\/index.php\\\/2026\\\/05\\\/02\\\/tres-anos-de-presidio-efectivo-para-mujer-imputada-por-microtrafico\\\/#primaryimage\"},\"image\":{\"@id\":\"https:\\\/\\\/diarioellabrador.cl\\\/index.php\\\/2026\\\/05\\\/02\\\/tres-anos-de-presidio-efectivo-para-mujer-imputada-por-microtrafico\\\/#primaryimage\"},\"thumbnailUrl\":\"https:\\\/\\\/diarioellabrador.cl\\\/wp-content\\\/uploads\\\/2026\\\/05\\\/Tres-anos-de-presidio-efectivo-para-mujer-imputada-por-microtrafico.jpg\",\"datePublished\":\"2026-05-02T22:25:00+00:00\",\"breadcrumb\":{\"@id\":\"https:\\\/\\\/diarioellabrador.cl\\\/index.php\\\/2026\\\/05\\\/02\\\/tres-anos-de-presidio-efectivo-para-mujer-imputada-por-microtrafico\\\/#breadcrumb\"},\"inLanguage\":\"es\",\"potentialAction\":[{\"@type\":\"ReadAction\",\"target\":[\"https:\\\/\\\/diarioellabrador.cl\\\/index.php\\\/2026\\\/05\\\/02\\\/tres-anos-de-presidio-efectivo-para-mujer-imputada-por-microtrafico\\\/\"]}]},{\"@type\":\"ImageObject\",\"inLanguage\":\"es\",\"@id\":\"https:\\\/\\\/diarioellabrador.cl\\\/index.php\\\/2026\\\/05\\\/02\\\/tres-anos-de-presidio-efectivo-para-mujer-imputada-por-microtrafico\\\/#primaryimage\",\"url\":\"https:\\\/\\\/diarioellabrador.cl\\\/wp-content\\\/uploads\\\/2026\\\/05\\\/Tres-anos-de-presidio-efectivo-para-mujer-imputada-por-microtrafico.jpg\",\"contentUrl\":\"https:\\\/\\\/diarioellabrador.cl\\\/wp-content\\\/uploads\\\/2026\\\/05\\\/Tres-anos-de-presidio-efectivo-para-mujer-imputada-por-microtrafico.jpg\",\"width\":750,\"height\":400},{\"@type\":\"BreadcrumbList\",\"@id\":\"https:\\\/\\\/diarioellabrador.cl\\\/index.php\\\/2026\\\/05\\\/02\\\/tres-anos-de-presidio-efectivo-para-mujer-imputada-por-microtrafico\\\/#breadcrumb\",\"itemListElement\":[{\"@type\":\"ListItem\",\"position\":1,\"name\":\"Portada\",\"item\":\"https:\\\/\\\/diarioellabrador.cl\\\/\"},{\"@type\":\"ListItem\",\"position\":2,\"name\":\"Tres a\u00f1os de presidio efectivo para mujer imputada por microtr\u00e1fico\"}]},{\"@type\":\"WebSite\",\"@id\":\"https:\\\/\\\/diarioellabrador.cl\\\/#website\",\"url\":\"https:\\\/\\\/diarioellabrador.cl\\\/\",\"name\":\"Diario El Labrador\",\"description\":\"Haciendo noticia desde 1921\",\"publisher\":{\"@id\":\"https:\\\/\\\/diarioellabrador.cl\\\/#organization\"},\"potentialAction\":[{\"@type\":\"SearchAction\",\"target\":{\"@type\":\"EntryPoint\",\"urlTemplate\":\"https:\\\/\\\/diarioellabrador.cl\\\/?s={search_term_string}\"},\"query-input\":{\"@type\":\"PropertyValueSpecification\",\"valueRequired\":true,\"valueName\":\"search_term_string\"}}],\"inLanguage\":\"es\"},{\"@type\":\"Organization\",\"@id\":\"https:\\\/\\\/diarioellabrador.cl\\\/#organization\",\"name\":\"Diario El Labrador\",\"url\":\"https:\\\/\\\/diarioellabrador.cl\\\/\",\"logo\":{\"@type\":\"ImageObject\",\"inLanguage\":\"es\",\"@id\":\"https:\\\/\\\/diarioellabrador.cl\\\/#\\\/schema\\\/logo\\\/image\\\/\",\"url\":\"https:\\\/\\\/diarioellabrador.cl\\\/wp-content\\\/uploads\\\/2025\\\/02\\\/cropped-Logo-Icono.png\",\"contentUrl\":\"https:\\\/\\\/diarioellabrador.cl\\\/wp-content\\\/uploads\\\/2025\\\/02\\\/cropped-Logo-Icono.png\",\"width\":512,\"height\":512,\"caption\":\"Diario El Labrador\"},\"image\":{\"@id\":\"https:\\\/\\\/diarioellabrador.cl\\\/#\\\/schema\\\/logo\\\/image\\\/\"},\"sameAs\":[\"https:\\\/\\\/web.facebook.com\\\/profile.php?id=61576120840621\",\"https:\\\/\\\/x.com\\\/ElLabradorOf\",\"https:\\\/\\\/www.instagram.com\\\/diarioellabradoroficial\\\/\"]},{\"@type\":\"Person\",\"@id\":\"https:\\\/\\\/diarioellabrador.cl\\\/#\\\/schema\\\/person\\\/bc25ff80b4563f9c7f4bd7855df01685\",\"name\":\"Editor\",\"image\":{\"@type\":\"ImageObject\",\"inLanguage\":\"es\",\"@id\":\"https:\\\/\\\/secure.gravatar.com\\\/avatar\\\/109c326cf2be5c04f048c2c2a2b8b6ef44bf3d8d1d3d4c55d0ac40c4bc994684?s=96&d=mm&r=g\",\"url\":\"https:\\\/\\\/secure.gravatar.com\\\/avatar\\\/109c326cf2be5c04f048c2c2a2b8b6ef44bf3d8d1d3d4c55d0ac40c4bc994684?s=96&d=mm&r=g\",\"contentUrl\":\"https:\\\/\\\/secure.gravatar.com\\\/avatar\\\/109c326cf2be5c04f048c2c2a2b8b6ef44bf3d8d1d3d4c55d0ac40c4bc994684?s=96&d=mm&r=g\",\"caption\":\"Editor\"},\"url\":\"https:\\\/\\\/diarioellabrador.cl\\\/index.php\\\/author\\\/editor\\\/\"}]}<\/script>\n<!-- \/ Yoast SEO plugin. -->","yoast_head_json":{"title":"Tres a\u00f1os de presidio efectivo para mujer imputada por microtr\u00e1fico - Diario El Labrador","robots":{"index":"index","follow":"follow","max-snippet":"max-snippet:-1","max-image-preview":"max-image-preview:large","max-video-preview":"max-video-preview:-1"},"canonical":"https:\/\/diarioellabrador.cl\/index.php\/2026\/05\/02\/tres-anos-de-presidio-efectivo-para-mujer-imputada-por-microtrafico\/","og_locale":"es_ES","og_type":"article","og_title":"Tres a\u00f1os de presidio efectivo para mujer imputada por microtr\u00e1fico - Diario El Labrador","og_description":"En el TOP de Melipilla se realiz\u00f3 el juicio oral en contra de imputada por microtr\u00e1fico de drogas y munici\u00f3n. El ente persecutor expuso que el d\u00eda 11 de mayo de 2022 alrededor de las 15:40 horas, personal policial de BICRIM Melipilla, autorizados por resoluci\u00f3n de entrada, registro e incautaci\u00f3n emanada del Juzgado de Garant\u00eda Leer m\u00e1s","og_url":"https:\/\/diarioellabrador.cl\/index.php\/2026\/05\/02\/tres-anos-de-presidio-efectivo-para-mujer-imputada-por-microtrafico\/","og_site_name":"Diario El Labrador","article_publisher":"https:\/\/web.facebook.com\/profile.php?id=61576120840621","article_published_time":"2026-05-02T22:25:00+00:00","og_image":[{"width":750,"height":400,"url":"https:\/\/diarioellabrador.cl\/wp-content\/uploads\/2026\/05\/Tres-anos-de-presidio-efectivo-para-mujer-imputada-por-microtrafico.jpg","type":"image\/jpeg"}],"author":"Editor","twitter_card":"summary_large_image","twitter_creator":"@ElLabradorOf","twitter_site":"@ElLabradorOf","twitter_misc":{"Escrito por":"Editor","Tiempo de lectura":"2 minutos"},"schema":{"@context":"https:\/\/schema.org","@graph":[{"@type":"Article","@id":"https:\/\/diarioellabrador.cl\/index.php\/2026\/05\/02\/tres-anos-de-presidio-efectivo-para-mujer-imputada-por-microtrafico\/#article","isPartOf":{"@id":"https:\/\/diarioellabrador.cl\/index.php\/2026\/05\/02\/tres-anos-de-presidio-efectivo-para-mujer-imputada-por-microtrafico\/"},"author":{"name":"Editor","@id":"https:\/\/diarioellabrador.cl\/#\/schema\/person\/bc25ff80b4563f9c7f4bd7855df01685"},"headline":"Tres a\u00f1os de presidio efectivo para mujer imputada por microtr\u00e1fico","datePublished":"2026-05-02T22:25:00+00:00","mainEntityOfPage":{"@id":"https:\/\/diarioellabrador.cl\/index.php\/2026\/05\/02\/tres-anos-de-presidio-efectivo-para-mujer-imputada-por-microtrafico\/"},"wordCount":317,"commentCount":0,"publisher":{"@id":"https:\/\/diarioellabrador.cl\/#organization"},"image":{"@id":"https:\/\/diarioellabrador.cl\/index.php\/2026\/05\/02\/tres-anos-de-presidio-efectivo-para-mujer-imputada-por-microtrafico\/#primaryimage"},"thumbnailUrl":"https:\/\/diarioellabrador.cl\/wp-content\/uploads\/2026\/05\/Tres-anos-de-presidio-efectivo-para-mujer-imputada-por-microtrafico.jpg","articleSection":["Destacados","Policial"],"inLanguage":"es","potentialAction":[{"@type":"CommentAction","name":"Comment","target":["https:\/\/diarioellabrador.cl\/index.php\/2026\/05\/02\/tres-anos-de-presidio-efectivo-para-mujer-imputada-por-microtrafico\/#respond"]}]},{"@type":"WebPage","@id":"https:\/\/diarioellabrador.cl\/index.php\/2026\/05\/02\/tres-anos-de-presidio-efectivo-para-mujer-imputada-por-microtrafico\/","url":"https:\/\/diarioellabrador.cl\/index.php\/2026\/05\/02\/tres-anos-de-presidio-efectivo-para-mujer-imputada-por-microtrafico\/","name":"Tres a\u00f1os de presidio efectivo para mujer imputada por microtr\u00e1fico - Diario El Labrador","isPartOf":{"@id":"https:\/\/diarioellabrador.cl\/#website"},"primaryImageOfPage":{"@id":"https:\/\/diarioellabrador.cl\/index.php\/2026\/05\/02\/tres-anos-de-presidio-efectivo-para-mujer-imputada-por-microtrafico\/#primaryimage"},"image":{"@id":"https:\/\/diarioellabrador.cl\/index.php\/2026\/05\/02\/tres-anos-de-presidio-efectivo-para-mujer-imputada-por-microtrafico\/#primaryimage"},"thumbnailUrl":"https:\/\/diarioellabrador.cl\/wp-content\/uploads\/2026\/05\/Tres-anos-de-presidio-efectivo-para-mujer-imputada-por-microtrafico.jpg","datePublished":"2026-05-02T22:25:00+00:00","breadcrumb":{"@id":"https:\/\/diarioellabrador.cl\/index.php\/2026\/05\/02\/tres-anos-de-presidio-efectivo-para-mujer-imputada-por-microtrafico\/#breadcrumb"},"inLanguage":"es","potentialAction":[{"@type":"ReadAction","target":["https:\/\/diarioellabrador.cl\/index.php\/2026\/05\/02\/tres-anos-de-presidio-efectivo-para-mujer-imputada-por-microtrafico\/"]}]},{"@type":"ImageObject","inLanguage":"es","@id":"https:\/\/diarioellabrador.cl\/index.php\/2026\/05\/02\/tres-anos-de-presidio-efectivo-para-mujer-imputada-por-microtrafico\/#primaryimage","url":"https:\/\/diarioellabrador.cl\/wp-content\/uploads\/2026\/05\/Tres-anos-de-presidio-efectivo-para-mujer-imputada-por-microtrafico.jpg","contentUrl":"https:\/\/diarioellabrador.cl\/wp-content\/uploads\/2026\/05\/Tres-anos-de-presidio-efectivo-para-mujer-imputada-por-microtrafico.jpg","width":750,"height":400},{"@type":"BreadcrumbList","@id":"https:\/\/diarioellabrador.cl\/index.php\/2026\/05\/02\/tres-anos-de-presidio-efectivo-para-mujer-imputada-por-microtrafico\/#breadcrumb","itemListElement":[{"@type":"ListItem","position":1,"name":"Portada","item":"https:\/\/diarioellabrador.cl\/"},{"@type":"ListItem","position":2,"name":"Tres a\u00f1os de presidio efectivo para mujer imputada por microtr\u00e1fico"}]},{"@type":"WebSite","@id":"https:\/\/diarioellabrador.cl\/#website","url":"https:\/\/diarioellabrador.cl\/","name":"Diario El Labrador","description":"Haciendo noticia desde 1921","publisher":{"@id":"https:\/\/diarioellabrador.cl\/#organization"},"potentialAction":[{"@type":"SearchAction","target":{"@type":"EntryPoint","urlTemplate":"https:\/\/diarioellabrador.cl\/?s={search_term_string}"},"query-input":{"@type":"PropertyValueSpecification","valueRequired":true,"valueName":"search_term_string"}}],"inLanguage":"es"},{"@type":"Organization","@id":"https:\/\/diarioellabrador.cl\/#organization","name":"Diario El Labrador","url":"https:\/\/diarioellabrador.cl\/","logo":{"@type":"ImageObject","inLanguage":"es","@id":"https:\/\/diarioellabrador.cl\/#\/schema\/logo\/image\/","url":"https:\/\/diarioellabrador.cl\/wp-content\/uploads\/2025\/02\/cropped-Logo-Icono.png","contentUrl":"https:\/\/diarioellabrador.cl\/wp-content\/uploads\/2025\/02\/cropped-Logo-Icono.png","width":512,"height":512,"caption":"Diario El Labrador"},"image":{"@id":"https:\/\/diarioellabrador.cl\/#\/schema\/logo\/image\/"},"sameAs":["https:\/\/web.facebook.com\/profile.php?id=61576120840621","https:\/\/x.com\/ElLabradorOf","https:\/\/www.instagram.com\/diarioellabradoroficial\/"]},{"@type":"Person","@id":"https:\/\/diarioellabrador.cl\/#\/schema\/person\/bc25ff80b4563f9c7f4bd7855df01685","name":"Editor","image":{"@type":"ImageObject","inLanguage":"es","@id":"https:\/\/secure.gravatar.com\/avatar\/109c326cf2be5c04f048c2c2a2b8b6ef44bf3d8d1d3d4c55d0ac40c4bc994684?s=96&d=mm&r=g","url":"https:\/\/secure.gravatar.com\/avatar\/109c326cf2be5c04f048c2c2a2b8b6ef44bf3d8d1d3d4c55d0ac40c4bc994684?s=96&d=mm&r=g","contentUrl":"https:\/\/secure.gravatar.com\/avatar\/109c326cf2be5c04f048c2c2a2b8b6ef44bf3d8d1d3d4c55d0ac40c4bc994684?s=96&d=mm&r=g","caption":"Editor"},"url":"https:\/\/diarioellabrador.cl\/index.php\/author\/editor\/"}]}},"_links":{"self":[{"href":"https:\/\/diarioellabrador.cl\/index.php\/wp-json\/wp\/v2\/posts\/18876","targetHints":{"allow":["GET"]}}],"collection":[{"href":"https:\/\/diarioellabrador.cl\/index.php\/wp-json\/wp\/v2\/posts"}],"about":[{"href":"https:\/\/diarioellabrador.cl\/index.php\/wp-json\/wp\/v2\/types\/post"}],"author":[{"embeddable":true,"href":"https:\/\/diarioellabrador.cl\/index.php\/wp-json\/wp\/v2\/users\/2"}],"replies":[{"embeddable":true,"href":"https:\/\/diarioellabrador.cl\/index.php\/wp-json\/wp\/v2\/comments?post=18876"}],"version-history":[{"count":1,"href":"https:\/\/diarioellabrador.cl\/index.php\/wp-json\/wp\/v2\/posts\/18876\/revisions"}],"predecessor-version":[{"id":18877,"href":"https:\/\/diarioellabrador.cl\/index.php\/wp-json\/wp\/v2\/posts\/18876\/revisions\/18877"}],"wp:featuredmedia":[{"embeddable":true,"href":"https:\/\/diarioellabrador.cl\/index.php\/wp-json\/wp\/v2\/media\/18833"}],"wp:attachment":[{"href":"https:\/\/diarioellabrador.cl\/index.php\/wp-json\/wp\/v2\/media?parent=18876"}],"wp:term":[{"taxonomy":"category","embeddable":true,"href":"https:\/\/diarioellabrador.cl\/index.php\/wp-json\/wp\/v2\/categories?post=18876"},{"taxonomy":"post_tag","embeddable":true,"href":"https:\/\/diarioellabrador.cl\/index.php\/wp-json\/wp\/v2\/tags?post=18876"}],"curies":[{"name":"wp","href":"https:\/\/api.w.org\/{rel}","templated":true}]}}