{"id":18874,"date":"2026-05-02T18:23:00","date_gmt":"2026-05-02T22:23:00","guid":{"rendered":"https:\/\/diarioellabrador.cl\/?p=18874"},"modified":"2026-05-02T16:23:52","modified_gmt":"2026-05-02T20:23:52","slug":"iv-seminario-sobre-roberto-hernandez-revive-de-nuevo-en-2026-su-tradicional-jornada-de-reflexion-cultural","status":"publish","type":"post","link":"https:\/\/diarioellabrador.cl\/index.php\/2026\/05\/02\/iv-seminario-sobre-roberto-hernandez-revive-de-nuevo-en-2026-su-tradicional-jornada-de-reflexion-cultural\/","title":{"rendered":"IV Seminario sobre Roberto Hern\u00e1ndez revive de nuevo en 2026 su tradicional jornada de reflexi\u00f3n cultural"},"content":{"rendered":"\n<p>El pr\u00f3ximo&nbsp;13 de mayo de 2026, entre las&nbsp;10:00 y las 18:00 horas, se realizar\u00e1 en Vi\u00f1a del Mar,&nbsp;<a href=\"https:\/\/www.google.com\/maps\/search\/Traslavi%C3%B1a+365,+Vi%C3%B1a+del+Mar?entry=gmail&amp;source=g\" target=\"_blank\" rel=\"noreferrer noopener\">Traslavi\u00f1a 365, <\/a>&nbsp;el&nbsp;<em>IV Seminario Roberto Hern\u00e1ndez Cornejo: Periodismo, Historia y Patrimonio<\/em>, organizado por la Fundaci\u00f3n Roberto Hern\u00e1ndez Cornejo, el Instituto de Historia y la Escuela de Periodismo de la Pontificia Universidad Cat\u00f3lica de Valpara\u00edso.<\/p>\n\n\n\n<p>La actividad, es de car\u00e1cter gratuito y abierta a todo p\u00fablico sin inscripci\u00f3n previa. En ella, se busca consolidar un espacio de di\u00e1logo interdisciplinario en torno a la memoria cultural, reuniendo a investigadoras, investigadores, acad\u00e9micos y profesionales cuyas reflexiones se articulan desde la historia, el patrimonio y la palabra p\u00fablica.<\/p>\n\n\n\n<p>El seminario ser\u00e1 abierto por&nbsp;Horacio Hern\u00e1ndez Anguita, presidente de la Fundaci\u00f3n Roberto Hern\u00e1ndez C., junto a las palabras de bienvenida de&nbsp;Ricardo Iglesias Segura, director del Instituto de Historia PUCV, y&nbsp;Claudio El\u00f3rtegui G\u00f3mez, director de la Escuela de Periodismo PUCV.<\/p>\n\n\n\n<p><strong>Programa<\/strong><\/p>\n\n\n\n<p>La jornada se organiza en tres mesas tem\u00e1ticas.<\/p>\n\n\n\n<p>La primera mesa, dedicada a la&nbsp;Historia, estar\u00e1 moderada por&nbsp;Makarena Urbina&nbsp;y se articular\u00e1 en torno a diversas miradas sobre Valpara\u00edso como espacio cultural e intelectual. Participar\u00e1n&nbsp;Amparo Fontaine Correa, con una investigaci\u00f3n sobre m\u00fasica y patrimonio entre Valpara\u00edso y el Museo de la M\u00fasica de Par\u00eds;&nbsp;Daniela Bustamante Canales, candidata a doctorado, quien abordar\u00e1 las redes e innovaciones del primer observatorio astron\u00f3mico de Chile en el Valpara\u00edso del siglo XIX; y&nbsp;Luis Alegr\u00eda Licuime, investigador del Servicio Nacional del Patrimonio Cultural, con una ponencia sobre la presencia de Valpara\u00edso en la Exposici\u00f3n del Coloniaje de 1873.<\/p>\n\n\n\n<p>La mesa de&nbsp;Patrimonio, moderada por&nbsp;Andrea Hermans Z\u00fa\u00f1iga, re\u00fane investigaciones cuyo eje principal son los archivos y acervos museales como fuentes de conocimiento. Expondr\u00e1n&nbsp;Thal\u00eda Valdenegro Huirc\u00e1n, sobre pr\u00e1cticas y desaf\u00edos en el Archivo Myriam Waisberg;&nbsp;Leslie Az\u00f3car Poblete, recientemente egresada de mag\u00edster, con una investigaci\u00f3n sobre el retrato de Gabriela Mistral realizado por Nina Anguita; y&nbsp;Alejandra Didier P\u00e9rez, quien presentar\u00e1 un estudio sobre prostituci\u00f3n y control social a trav\u00e9s de los archivos municipales de Quillota entre 1900 y 1930.<\/p>\n\n\n\n<p>La mesa de&nbsp;Periodismo, moderada por&nbsp;Claudio El\u00f3rtegui G\u00f3mez, se centrar\u00e1 en el eje de la palabra como construcci\u00f3n de la memoria cultural, reuniendo a&nbsp;Patricia Stambuk Mayorga, Premio Nacional de Periodismo, con una ponencia sobre patrimonio oral;&nbsp;Mar\u00eda Teresa C\u00e1rdenas Maturana, especialista en literatura y periodismo cultural, quien abordar\u00e1 la construcci\u00f3n de un relato nacional; y&nbsp;Jonathan Pizarro Hurtado, estudiante de mag\u00edster, con una reflexi\u00f3n sobre Roberto Hern\u00e1ndez Cornejo, comunicaci\u00f3n p\u00fablica y educaci\u00f3n.<\/p>\n\n\n\n<p><strong>Presentaci\u00f3n de libro \u201cEl tintero\u201d y \u00e9nfasis del encuentro<\/strong><\/p>\n\n\n\n<p>Entre las mesas de Patrimonio y Periodiamo, se realizar\u00e1 la presentaci\u00f3n del libro&nbsp;<em>El tintero prodigioso de Don Roberto<\/em>, obra colectiva de la Fundaci\u00f3n Roberto Hern\u00e1ndez Cornejo y la Universidad de Tarapac\u00e1, a cargo de la historiadora&nbsp;Ximena Urbina Carrasco, profesora titular del Instituto de Historia PUCV y secretaria de la Academia Chilena de la Historia.<\/p>\n\n\n\n<p>Uno de los \u00e9nfasis de esta cuarta versi\u00f3n ha sido fortalecer la participaci\u00f3n de j\u00f3venes investigadores y tesistas de postgrado, incorporando activamente a quienes se encuentran desarrollando investigaciones de mag\u00edster y doctorado. En esa misma l\u00ednea, a partir de 2027 el seminario contar\u00e1 con un espacio especialmente reservado para estudiantes, con el objetivo de consolidar esta instancia como una plataforma de difusi\u00f3n acad\u00e9mica para nuevas generaciones.<\/p>\n\n\n\n<p>El cierre de la jornada estar\u00e1 a cargo nuevamente de Horacio Hern\u00e1ndez Anguita, seguido de un \u00e1gape de despedida.<\/p>\n\n\n\n<p>Con esta cuarta edici\u00f3n, el Seminario Roberto Hern\u00e1ndez Cornejo contin\u00faa proyect\u00e1ndose como una instancia de encuentro entre disciplinas, generaciones y formas de pensar el patrimonio cultural, manteniendo vivo el legado intelectual de Roberto Hern\u00e1ndez, un hijo de Melipilla y ciudadano adoptivo de Valpara\u00edso, descubriendo cada vez m\u00e1s su compromiso con la historia, el periodismo y la memoria colectiva.<\/p>\n","protected":false},"excerpt":{"rendered":"<p>El pr\u00f3ximo&nbsp;13 de mayo de 2026, entre las&nbsp;10:00 y las 18:00 horas, se realizar\u00e1 en Vi\u00f1a del Mar,&nbsp;Traslavi\u00f1a 365, &nbsp;el&nbsp;IV Seminario Roberto Hern\u00e1ndez Cornejo: Periodismo, Historia y Patrimonio, organizado por la Fundaci\u00f3n Roberto Hern\u00e1ndez Cornejo, el Instituto de Historia y la Escuela de Periodismo de la Pontificia Universidad Cat\u00f3lica de Valpara\u00edso. La actividad, es de<\/p>\n<div class=\"read-more-wrapper\"><a class=\"read-more\" href=\"https:\/\/diarioellabrador.cl\/index.php\/2026\/05\/02\/iv-seminario-sobre-roberto-hernandez-revive-de-nuevo-en-2026-su-tradicional-jornada-de-reflexion-cultural\/\" title=\"Leer m\u00e1s\"> <span class=\"button \">Leer m\u00e1s<\/span><\/a><\/div>\n","protected":false},"author":2,"featured_media":18839,"comment_status":"open","ping_status":"open","sticky":false,"template":"","format":"standard","meta":{"footnotes":""},"categories":[7],"tags":[],"class_list":["post-18874","post","type-post","status-publish","format-standard","has-post-thumbnail","hentry","category-cultura"],"yoast_head":"<!-- This site is optimized with the Yoast SEO plugin v27.5 - https:\/\/yoast.com\/product\/yoast-seo-wordpress\/ -->\n<title>IV Seminario sobre Roberto Hern\u00e1ndez revive de nuevo en 2026 su tradicional jornada de reflexi\u00f3n cultural - Diario El Labrador<\/title>\n<meta name=\"robots\" content=\"index, follow, max-snippet:-1, max-image-preview:large, max-video-preview:-1\" \/>\n<link rel=\"canonical\" href=\"https:\/\/diarioellabrador.cl\/index.php\/2026\/05\/02\/iv-seminario-sobre-roberto-hernandez-revive-de-nuevo-en-2026-su-tradicional-jornada-de-reflexion-cultural\/\" \/>\n<meta property=\"og:locale\" content=\"es_ES\" \/>\n<meta property=\"og:type\" content=\"article\" \/>\n<meta property=\"og:title\" content=\"IV Seminario sobre Roberto Hern\u00e1ndez revive de nuevo en 2026 su tradicional jornada de reflexi\u00f3n cultural - Diario El Labrador\" \/>\n<meta property=\"og:description\" content=\"El pr\u00f3ximo&nbsp;13 de mayo de 2026, entre las&nbsp;10:00 y las 18:00 horas, se realizar\u00e1 en Vi\u00f1a del Mar,&nbsp;Traslavi\u00f1a 365, &nbsp;el&nbsp;IV Seminario Roberto Hern\u00e1ndez Cornejo: Periodismo, Historia y Patrimonio, organizado por la Fundaci\u00f3n Roberto Hern\u00e1ndez Cornejo, el Instituto de Historia y la Escuela de Periodismo de la Pontificia Universidad Cat\u00f3lica de Valpara\u00edso. La actividad, es de Leer m\u00e1s\" \/>\n<meta property=\"og:url\" content=\"https:\/\/diarioellabrador.cl\/index.php\/2026\/05\/02\/iv-seminario-sobre-roberto-hernandez-revive-de-nuevo-en-2026-su-tradicional-jornada-de-reflexion-cultural\/\" \/>\n<meta property=\"og:site_name\" content=\"Diario El Labrador\" \/>\n<meta property=\"article:publisher\" content=\"https:\/\/web.facebook.com\/profile.php?id=61576120840621\" \/>\n<meta property=\"article:published_time\" content=\"2026-05-02T22:23:00+00:00\" \/>\n<meta property=\"og:image\" content=\"https:\/\/diarioellabrador.cl\/wp-content\/uploads\/2026\/05\/foto_0000000120160111123731.jpg\" \/>\n\t<meta property=\"og:image:width\" content=\"487\" \/>\n\t<meta property=\"og:image:height\" content=\"506\" \/>\n\t<meta property=\"og:image:type\" content=\"image\/jpeg\" \/>\n<meta name=\"author\" content=\"Editor\" \/>\n<meta name=\"twitter:card\" content=\"summary_large_image\" \/>\n<meta name=\"twitter:creator\" content=\"@ElLabradorOf\" \/>\n<meta name=\"twitter:site\" content=\"@ElLabradorOf\" \/>\n<meta name=\"twitter:label1\" content=\"Escrito por\" \/>\n\t<meta name=\"twitter:data1\" content=\"Editor\" \/>\n\t<meta name=\"twitter:label2\" content=\"Tiempo de lectura\" \/>\n\t<meta name=\"twitter:data2\" content=\"4 minutos\" \/>\n<script type=\"application\/ld+json\" class=\"yoast-schema-graph\">{\"@context\":\"https:\\\/\\\/schema.org\",\"@graph\":[{\"@type\":\"Article\",\"@id\":\"https:\\\/\\\/diarioellabrador.cl\\\/index.php\\\/2026\\\/05\\\/02\\\/iv-seminario-sobre-roberto-hernandez-revive-de-nuevo-en-2026-su-tradicional-jornada-de-reflexion-cultural\\\/#article\",\"isPartOf\":{\"@id\":\"https:\\\/\\\/diarioellabrador.cl\\\/index.php\\\/2026\\\/05\\\/02\\\/iv-seminario-sobre-roberto-hernandez-revive-de-nuevo-en-2026-su-tradicional-jornada-de-reflexion-cultural\\\/\"},\"author\":{\"name\":\"Editor\",\"@id\":\"https:\\\/\\\/diarioellabrador.cl\\\/#\\\/schema\\\/person\\\/bc25ff80b4563f9c7f4bd7855df01685\"},\"headline\":\"IV Seminario sobre Roberto Hern\u00e1ndez revive de nuevo en 2026 su tradicional jornada de reflexi\u00f3n cultural\",\"datePublished\":\"2026-05-02T22:23:00+00:00\",\"mainEntityOfPage\":{\"@id\":\"https:\\\/\\\/diarioellabrador.cl\\\/index.php\\\/2026\\\/05\\\/02\\\/iv-seminario-sobre-roberto-hernandez-revive-de-nuevo-en-2026-su-tradicional-jornada-de-reflexion-cultural\\\/\"},\"wordCount\":728,\"commentCount\":0,\"publisher\":{\"@id\":\"https:\\\/\\\/diarioellabrador.cl\\\/#organization\"},\"image\":{\"@id\":\"https:\\\/\\\/diarioellabrador.cl\\\/index.php\\\/2026\\\/05\\\/02\\\/iv-seminario-sobre-roberto-hernandez-revive-de-nuevo-en-2026-su-tradicional-jornada-de-reflexion-cultural\\\/#primaryimage\"},\"thumbnailUrl\":\"https:\\\/\\\/diarioellabrador.cl\\\/wp-content\\\/uploads\\\/2026\\\/05\\\/foto_0000000120160111123731.jpg\",\"articleSection\":[\"Cultura\"],\"inLanguage\":\"es\",\"potentialAction\":[{\"@type\":\"CommentAction\",\"name\":\"Comment\",\"target\":[\"https:\\\/\\\/diarioellabrador.cl\\\/index.php\\\/2026\\\/05\\\/02\\\/iv-seminario-sobre-roberto-hernandez-revive-de-nuevo-en-2026-su-tradicional-jornada-de-reflexion-cultural\\\/#respond\"]}]},{\"@type\":\"WebPage\",\"@id\":\"https:\\\/\\\/diarioellabrador.cl\\\/index.php\\\/2026\\\/05\\\/02\\\/iv-seminario-sobre-roberto-hernandez-revive-de-nuevo-en-2026-su-tradicional-jornada-de-reflexion-cultural\\\/\",\"url\":\"https:\\\/\\\/diarioellabrador.cl\\\/index.php\\\/2026\\\/05\\\/02\\\/iv-seminario-sobre-roberto-hernandez-revive-de-nuevo-en-2026-su-tradicional-jornada-de-reflexion-cultural\\\/\",\"name\":\"IV Seminario sobre Roberto Hern\u00e1ndez revive de nuevo en 2026 su tradicional jornada de reflexi\u00f3n cultural - Diario El Labrador\",\"isPartOf\":{\"@id\":\"https:\\\/\\\/diarioellabrador.cl\\\/#website\"},\"primaryImageOfPage\":{\"@id\":\"https:\\\/\\\/diarioellabrador.cl\\\/index.php\\\/2026\\\/05\\\/02\\\/iv-seminario-sobre-roberto-hernandez-revive-de-nuevo-en-2026-su-tradicional-jornada-de-reflexion-cultural\\\/#primaryimage\"},\"image\":{\"@id\":\"https:\\\/\\\/diarioellabrador.cl\\\/index.php\\\/2026\\\/05\\\/02\\\/iv-seminario-sobre-roberto-hernandez-revive-de-nuevo-en-2026-su-tradicional-jornada-de-reflexion-cultural\\\/#primaryimage\"},\"thumbnailUrl\":\"https:\\\/\\\/diarioellabrador.cl\\\/wp-content\\\/uploads\\\/2026\\\/05\\\/foto_0000000120160111123731.jpg\",\"datePublished\":\"2026-05-02T22:23:00+00:00\",\"breadcrumb\":{\"@id\":\"https:\\\/\\\/diarioellabrador.cl\\\/index.php\\\/2026\\\/05\\\/02\\\/iv-seminario-sobre-roberto-hernandez-revive-de-nuevo-en-2026-su-tradicional-jornada-de-reflexion-cultural\\\/#breadcrumb\"},\"inLanguage\":\"es\",\"potentialAction\":[{\"@type\":\"ReadAction\",\"target\":[\"https:\\\/\\\/diarioellabrador.cl\\\/index.php\\\/2026\\\/05\\\/02\\\/iv-seminario-sobre-roberto-hernandez-revive-de-nuevo-en-2026-su-tradicional-jornada-de-reflexion-cultural\\\/\"]}]},{\"@type\":\"ImageObject\",\"inLanguage\":\"es\",\"@id\":\"https:\\\/\\\/diarioellabrador.cl\\\/index.php\\\/2026\\\/05\\\/02\\\/iv-seminario-sobre-roberto-hernandez-revive-de-nuevo-en-2026-su-tradicional-jornada-de-reflexion-cultural\\\/#primaryimage\",\"url\":\"https:\\\/\\\/diarioellabrador.cl\\\/wp-content\\\/uploads\\\/2026\\\/05\\\/foto_0000000120160111123731.jpg\",\"contentUrl\":\"https:\\\/\\\/diarioellabrador.cl\\\/wp-content\\\/uploads\\\/2026\\\/05\\\/foto_0000000120160111123731.jpg\",\"width\":487,\"height\":506},{\"@type\":\"BreadcrumbList\",\"@id\":\"https:\\\/\\\/diarioellabrador.cl\\\/index.php\\\/2026\\\/05\\\/02\\\/iv-seminario-sobre-roberto-hernandez-revive-de-nuevo-en-2026-su-tradicional-jornada-de-reflexion-cultural\\\/#breadcrumb\",\"itemListElement\":[{\"@type\":\"ListItem\",\"position\":1,\"name\":\"Portada\",\"item\":\"https:\\\/\\\/diarioellabrador.cl\\\/\"},{\"@type\":\"ListItem\",\"position\":2,\"name\":\"IV Seminario sobre Roberto Hern\u00e1ndez revive de nuevo en 2026 su tradicional jornada de reflexi\u00f3n cultural\"}]},{\"@type\":\"WebSite\",\"@id\":\"https:\\\/\\\/diarioellabrador.cl\\\/#website\",\"url\":\"https:\\\/\\\/diarioellabrador.cl\\\/\",\"name\":\"Diario El Labrador\",\"description\":\"Haciendo noticia desde 1921\",\"publisher\":{\"@id\":\"https:\\\/\\\/diarioellabrador.cl\\\/#organization\"},\"potentialAction\":[{\"@type\":\"SearchAction\",\"target\":{\"@type\":\"EntryPoint\",\"urlTemplate\":\"https:\\\/\\\/diarioellabrador.cl\\\/?s={search_term_string}\"},\"query-input\":{\"@type\":\"PropertyValueSpecification\",\"valueRequired\":true,\"valueName\":\"search_term_string\"}}],\"inLanguage\":\"es\"},{\"@type\":\"Organization\",\"@id\":\"https:\\\/\\\/diarioellabrador.cl\\\/#organization\",\"name\":\"Diario El Labrador\",\"url\":\"https:\\\/\\\/diarioellabrador.cl\\\/\",\"logo\":{\"@type\":\"ImageObject\",\"inLanguage\":\"es\",\"@id\":\"https:\\\/\\\/diarioellabrador.cl\\\/#\\\/schema\\\/logo\\\/image\\\/\",\"url\":\"https:\\\/\\\/diarioellabrador.cl\\\/wp-content\\\/uploads\\\/2025\\\/02\\\/cropped-Logo-Icono.png\",\"contentUrl\":\"https:\\\/\\\/diarioellabrador.cl\\\/wp-content\\\/uploads\\\/2025\\\/02\\\/cropped-Logo-Icono.png\",\"width\":512,\"height\":512,\"caption\":\"Diario El Labrador\"},\"image\":{\"@id\":\"https:\\\/\\\/diarioellabrador.cl\\\/#\\\/schema\\\/logo\\\/image\\\/\"},\"sameAs\":[\"https:\\\/\\\/web.facebook.com\\\/profile.php?id=61576120840621\",\"https:\\\/\\\/x.com\\\/ElLabradorOf\",\"https:\\\/\\\/www.instagram.com\\\/diarioellabradoroficial\\\/\"]},{\"@type\":\"Person\",\"@id\":\"https:\\\/\\\/diarioellabrador.cl\\\/#\\\/schema\\\/person\\\/bc25ff80b4563f9c7f4bd7855df01685\",\"name\":\"Editor\",\"image\":{\"@type\":\"ImageObject\",\"inLanguage\":\"es\",\"@id\":\"https:\\\/\\\/secure.gravatar.com\\\/avatar\\\/109c326cf2be5c04f048c2c2a2b8b6ef44bf3d8d1d3d4c55d0ac40c4bc994684?s=96&d=mm&r=g\",\"url\":\"https:\\\/\\\/secure.gravatar.com\\\/avatar\\\/109c326cf2be5c04f048c2c2a2b8b6ef44bf3d8d1d3d4c55d0ac40c4bc994684?s=96&d=mm&r=g\",\"contentUrl\":\"https:\\\/\\\/secure.gravatar.com\\\/avatar\\\/109c326cf2be5c04f048c2c2a2b8b6ef44bf3d8d1d3d4c55d0ac40c4bc994684?s=96&d=mm&r=g\",\"caption\":\"Editor\"},\"url\":\"https:\\\/\\\/diarioellabrador.cl\\\/index.php\\\/author\\\/editor\\\/\"}]}<\/script>\n<!-- \/ Yoast SEO plugin. -->","yoast_head_json":{"title":"IV Seminario sobre Roberto Hern\u00e1ndez revive de nuevo en 2026 su tradicional jornada de reflexi\u00f3n cultural - Diario El Labrador","robots":{"index":"index","follow":"follow","max-snippet":"max-snippet:-1","max-image-preview":"max-image-preview:large","max-video-preview":"max-video-preview:-1"},"canonical":"https:\/\/diarioellabrador.cl\/index.php\/2026\/05\/02\/iv-seminario-sobre-roberto-hernandez-revive-de-nuevo-en-2026-su-tradicional-jornada-de-reflexion-cultural\/","og_locale":"es_ES","og_type":"article","og_title":"IV Seminario sobre Roberto Hern\u00e1ndez revive de nuevo en 2026 su tradicional jornada de reflexi\u00f3n cultural - Diario El Labrador","og_description":"El pr\u00f3ximo&nbsp;13 de mayo de 2026, entre las&nbsp;10:00 y las 18:00 horas, se realizar\u00e1 en Vi\u00f1a del Mar,&nbsp;Traslavi\u00f1a 365, &nbsp;el&nbsp;IV Seminario Roberto Hern\u00e1ndez Cornejo: Periodismo, Historia y Patrimonio, organizado por la Fundaci\u00f3n Roberto Hern\u00e1ndez Cornejo, el Instituto de Historia y la Escuela de Periodismo de la Pontificia Universidad Cat\u00f3lica de Valpara\u00edso. La actividad, es de Leer m\u00e1s","og_url":"https:\/\/diarioellabrador.cl\/index.php\/2026\/05\/02\/iv-seminario-sobre-roberto-hernandez-revive-de-nuevo-en-2026-su-tradicional-jornada-de-reflexion-cultural\/","og_site_name":"Diario El Labrador","article_publisher":"https:\/\/web.facebook.com\/profile.php?id=61576120840621","article_published_time":"2026-05-02T22:23:00+00:00","og_image":[{"width":487,"height":506,"url":"https:\/\/diarioellabrador.cl\/wp-content\/uploads\/2026\/05\/foto_0000000120160111123731.jpg","type":"image\/jpeg"}],"author":"Editor","twitter_card":"summary_large_image","twitter_creator":"@ElLabradorOf","twitter_site":"@ElLabradorOf","twitter_misc":{"Escrito por":"Editor","Tiempo de lectura":"4 minutos"},"schema":{"@context":"https:\/\/schema.org","@graph":[{"@type":"Article","@id":"https:\/\/diarioellabrador.cl\/index.php\/2026\/05\/02\/iv-seminario-sobre-roberto-hernandez-revive-de-nuevo-en-2026-su-tradicional-jornada-de-reflexion-cultural\/#article","isPartOf":{"@id":"https:\/\/diarioellabrador.cl\/index.php\/2026\/05\/02\/iv-seminario-sobre-roberto-hernandez-revive-de-nuevo-en-2026-su-tradicional-jornada-de-reflexion-cultural\/"},"author":{"name":"Editor","@id":"https:\/\/diarioellabrador.cl\/#\/schema\/person\/bc25ff80b4563f9c7f4bd7855df01685"},"headline":"IV Seminario sobre Roberto Hern\u00e1ndez revive de nuevo en 2026 su tradicional jornada de reflexi\u00f3n cultural","datePublished":"2026-05-02T22:23:00+00:00","mainEntityOfPage":{"@id":"https:\/\/diarioellabrador.cl\/index.php\/2026\/05\/02\/iv-seminario-sobre-roberto-hernandez-revive-de-nuevo-en-2026-su-tradicional-jornada-de-reflexion-cultural\/"},"wordCount":728,"commentCount":0,"publisher":{"@id":"https:\/\/diarioellabrador.cl\/#organization"},"image":{"@id":"https:\/\/diarioellabrador.cl\/index.php\/2026\/05\/02\/iv-seminario-sobre-roberto-hernandez-revive-de-nuevo-en-2026-su-tradicional-jornada-de-reflexion-cultural\/#primaryimage"},"thumbnailUrl":"https:\/\/diarioellabrador.cl\/wp-content\/uploads\/2026\/05\/foto_0000000120160111123731.jpg","articleSection":["Cultura"],"inLanguage":"es","potentialAction":[{"@type":"CommentAction","name":"Comment","target":["https:\/\/diarioellabrador.cl\/index.php\/2026\/05\/02\/iv-seminario-sobre-roberto-hernandez-revive-de-nuevo-en-2026-su-tradicional-jornada-de-reflexion-cultural\/#respond"]}]},{"@type":"WebPage","@id":"https:\/\/diarioellabrador.cl\/index.php\/2026\/05\/02\/iv-seminario-sobre-roberto-hernandez-revive-de-nuevo-en-2026-su-tradicional-jornada-de-reflexion-cultural\/","url":"https:\/\/diarioellabrador.cl\/index.php\/2026\/05\/02\/iv-seminario-sobre-roberto-hernandez-revive-de-nuevo-en-2026-su-tradicional-jornada-de-reflexion-cultural\/","name":"IV Seminario sobre Roberto Hern\u00e1ndez revive de nuevo en 2026 su tradicional jornada de reflexi\u00f3n cultural - Diario El Labrador","isPartOf":{"@id":"https:\/\/diarioellabrador.cl\/#website"},"primaryImageOfPage":{"@id":"https:\/\/diarioellabrador.cl\/index.php\/2026\/05\/02\/iv-seminario-sobre-roberto-hernandez-revive-de-nuevo-en-2026-su-tradicional-jornada-de-reflexion-cultural\/#primaryimage"},"image":{"@id":"https:\/\/diarioellabrador.cl\/index.php\/2026\/05\/02\/iv-seminario-sobre-roberto-hernandez-revive-de-nuevo-en-2026-su-tradicional-jornada-de-reflexion-cultural\/#primaryimage"},"thumbnailUrl":"https:\/\/diarioellabrador.cl\/wp-content\/uploads\/2026\/05\/foto_0000000120160111123731.jpg","datePublished":"2026-05-02T22:23:00+00:00","breadcrumb":{"@id":"https:\/\/diarioellabrador.cl\/index.php\/2026\/05\/02\/iv-seminario-sobre-roberto-hernandez-revive-de-nuevo-en-2026-su-tradicional-jornada-de-reflexion-cultural\/#breadcrumb"},"inLanguage":"es","potentialAction":[{"@type":"ReadAction","target":["https:\/\/diarioellabrador.cl\/index.php\/2026\/05\/02\/iv-seminario-sobre-roberto-hernandez-revive-de-nuevo-en-2026-su-tradicional-jornada-de-reflexion-cultural\/"]}]},{"@type":"ImageObject","inLanguage":"es","@id":"https:\/\/diarioellabrador.cl\/index.php\/2026\/05\/02\/iv-seminario-sobre-roberto-hernandez-revive-de-nuevo-en-2026-su-tradicional-jornada-de-reflexion-cultural\/#primaryimage","url":"https:\/\/diarioellabrador.cl\/wp-content\/uploads\/2026\/05\/foto_0000000120160111123731.jpg","contentUrl":"https:\/\/diarioellabrador.cl\/wp-content\/uploads\/2026\/05\/foto_0000000120160111123731.jpg","width":487,"height":506},{"@type":"BreadcrumbList","@id":"https:\/\/diarioellabrador.cl\/index.php\/2026\/05\/02\/iv-seminario-sobre-roberto-hernandez-revive-de-nuevo-en-2026-su-tradicional-jornada-de-reflexion-cultural\/#breadcrumb","itemListElement":[{"@type":"ListItem","position":1,"name":"Portada","item":"https:\/\/diarioellabrador.cl\/"},{"@type":"ListItem","position":2,"name":"IV Seminario sobre Roberto Hern\u00e1ndez revive de nuevo en 2026 su tradicional jornada de reflexi\u00f3n cultural"}]},{"@type":"WebSite","@id":"https:\/\/diarioellabrador.cl\/#website","url":"https:\/\/diarioellabrador.cl\/","name":"Diario El Labrador","description":"Haciendo noticia desde 1921","publisher":{"@id":"https:\/\/diarioellabrador.cl\/#organization"},"potentialAction":[{"@type":"SearchAction","target":{"@type":"EntryPoint","urlTemplate":"https:\/\/diarioellabrador.cl\/?s={search_term_string}"},"query-input":{"@type":"PropertyValueSpecification","valueRequired":true,"valueName":"search_term_string"}}],"inLanguage":"es"},{"@type":"Organization","@id":"https:\/\/diarioellabrador.cl\/#organization","name":"Diario El Labrador","url":"https:\/\/diarioellabrador.cl\/","logo":{"@type":"ImageObject","inLanguage":"es","@id":"https:\/\/diarioellabrador.cl\/#\/schema\/logo\/image\/","url":"https:\/\/diarioellabrador.cl\/wp-content\/uploads\/2025\/02\/cropped-Logo-Icono.png","contentUrl":"https:\/\/diarioellabrador.cl\/wp-content\/uploads\/2025\/02\/cropped-Logo-Icono.png","width":512,"height":512,"caption":"Diario El Labrador"},"image":{"@id":"https:\/\/diarioellabrador.cl\/#\/schema\/logo\/image\/"},"sameAs":["https:\/\/web.facebook.com\/profile.php?id=61576120840621","https:\/\/x.com\/ElLabradorOf","https:\/\/www.instagram.com\/diarioellabradoroficial\/"]},{"@type":"Person","@id":"https:\/\/diarioellabrador.cl\/#\/schema\/person\/bc25ff80b4563f9c7f4bd7855df01685","name":"Editor","image":{"@type":"ImageObject","inLanguage":"es","@id":"https:\/\/secure.gravatar.com\/avatar\/109c326cf2be5c04f048c2c2a2b8b6ef44bf3d8d1d3d4c55d0ac40c4bc994684?s=96&d=mm&r=g","url":"https:\/\/secure.gravatar.com\/avatar\/109c326cf2be5c04f048c2c2a2b8b6ef44bf3d8d1d3d4c55d0ac40c4bc994684?s=96&d=mm&r=g","contentUrl":"https:\/\/secure.gravatar.com\/avatar\/109c326cf2be5c04f048c2c2a2b8b6ef44bf3d8d1d3d4c55d0ac40c4bc994684?s=96&d=mm&r=g","caption":"Editor"},"url":"https:\/\/diarioellabrador.cl\/index.php\/author\/editor\/"}]}},"_links":{"self":[{"href":"https:\/\/diarioellabrador.cl\/index.php\/wp-json\/wp\/v2\/posts\/18874","targetHints":{"allow":["GET"]}}],"collection":[{"href":"https:\/\/diarioellabrador.cl\/index.php\/wp-json\/wp\/v2\/posts"}],"about":[{"href":"https:\/\/diarioellabrador.cl\/index.php\/wp-json\/wp\/v2\/types\/post"}],"author":[{"embeddable":true,"href":"https:\/\/diarioellabrador.cl\/index.php\/wp-json\/wp\/v2\/users\/2"}],"replies":[{"embeddable":true,"href":"https:\/\/diarioellabrador.cl\/index.php\/wp-json\/wp\/v2\/comments?post=18874"}],"version-history":[{"count":1,"href":"https:\/\/diarioellabrador.cl\/index.php\/wp-json\/wp\/v2\/posts\/18874\/revisions"}],"predecessor-version":[{"id":18875,"href":"https:\/\/diarioellabrador.cl\/index.php\/wp-json\/wp\/v2\/posts\/18874\/revisions\/18875"}],"wp:featuredmedia":[{"embeddable":true,"href":"https:\/\/diarioellabrador.cl\/index.php\/wp-json\/wp\/v2\/media\/18839"}],"wp:attachment":[{"href":"https:\/\/diarioellabrador.cl\/index.php\/wp-json\/wp\/v2\/media?parent=18874"}],"wp:term":[{"taxonomy":"category","embeddable":true,"href":"https:\/\/diarioellabrador.cl\/index.php\/wp-json\/wp\/v2\/categories?post=18874"},{"taxonomy":"post_tag","embeddable":true,"href":"https:\/\/diarioellabrador.cl\/index.php\/wp-json\/wp\/v2\/tags?post=18874"}],"curies":[{"name":"wp","href":"https:\/\/api.w.org\/{rel}","templated":true}]}}