{"id":18872,"date":"2026-05-02T18:20:00","date_gmt":"2026-05-02T22:20:00","guid":{"rendered":"https:\/\/diarioellabrador.cl\/?p=18872"},"modified":"2026-05-02T23:10:15","modified_gmt":"2026-05-03T03:10:15","slug":"heraldica-24","status":"publish","type":"post","link":"https:\/\/diarioellabrador.cl\/index.php\/2026\/05\/02\/heraldica-24\/","title":{"rendered":"Her\u00e1ldica, una ciencia del arte y la identidad (Parte XXIV)\u00a0\u00a0\u00a0\u00a0\u00a0\u00a0"},"content":{"rendered":"<div class=\"wp-block-image\">\n<figure class=\"alignleft size-thumbnail\"><img loading=\"lazy\" decoding=\"async\" width=\"150\" height=\"150\" src=\"https:\/\/diarioellabrador.cl\/wp-content\/uploads\/2025\/10\/as1-150x150.jpg\" alt=\"\" class=\"wp-image-10412\" srcset=\"https:\/\/diarioellabrador.cl\/wp-content\/uploads\/2025\/10\/as1-150x150.jpg 150w, https:\/\/diarioellabrador.cl\/wp-content\/uploads\/2025\/10\/as1-95x95.jpg 95w, https:\/\/diarioellabrador.cl\/wp-content\/uploads\/2025\/10\/as1-140x140.jpg 140w\" sizes=\"auto, (max-width: 150px) 100vw, 150px\" \/><\/figure>\n<\/div>\n\n\n<p><br><br><br>Por: Sergio Hashiguchi Mena<br><em>Profesor, Cal\u00edgrafo y Heraldista desde 1972<\/em><\/p>\n\n\n\n<p>En la publicaci\u00f3n anterior definimos los lambrequines, tenantes y soportes, hoy definiremos los restantes elementos externos de los blasones:<\/p>\n\n\n\n<p><strong>Manto<\/strong>: Tela forrada de armi\u00f1o que cubre el escudo por detr\u00e1s, t\u00edpico de soberanos y altos nobles.<\/p>\n\n\n\n<p><strong>Collares<\/strong>: \u00d3rdenes militares o de caballer\u00eda que rodean el escudo.<\/p>\n\n\n\n<p><strong>Divisas o Lema<\/strong>: Cintas con lemas o gritos de guerra, generalmente ubicadas en la parte inferior o superior del conjunto.<\/p>\n\n\n\n<p><strong>Terraza (Dentro del escudo), Z\u00f3calo (Fuera del Escudo)<\/strong>: Elemento sobre el que descansan los soportes y el escudo, frecuentemente representado como un terreno, colina (Terraza) o plataforma decorada (Z\u00f3calo).<\/p>\n\n\n\n<figure class=\"wp-block-image size-full\"><img loading=\"lazy\" decoding=\"async\" width=\"661\" height=\"579\" src=\"https:\/\/diarioellabrador.cl\/wp-content\/uploads\/2026\/05\/Captura-de-pantalla-2026-05-02-161230.png\" alt=\"\" class=\"wp-image-18857\" srcset=\"https:\/\/diarioellabrador.cl\/wp-content\/uploads\/2026\/05\/Captura-de-pantalla-2026-05-02-161230.png 661w, https:\/\/diarioellabrador.cl\/wp-content\/uploads\/2026\/05\/Captura-de-pantalla-2026-05-02-161230-300x263.png 300w, https:\/\/diarioellabrador.cl\/wp-content\/uploads\/2026\/05\/Captura-de-pantalla-2026-05-02-161230-600x526.png 600w, https:\/\/diarioellabrador.cl\/wp-content\/uploads\/2026\/05\/Captura-de-pantalla-2026-05-02-161230-400x350.png 400w\" sizes=\"auto, (max-width: 661px) 100vw, 661px\" \/><\/figure>\n\n\n\n<p><strong>A<\/strong><strong>pellido de la semana<\/strong><\/p>\n\n\n\n<p><strong>F<\/strong><strong>uenzalida<\/strong> (Algunos Fuenzalida, destacados)<\/p>\n\n\n\n<p>&nbsp;Abel Fuenzalida Abarca<\/p>\n\n\n\n<p>Fue un poeta y cantor popular chileno. Naci\u00f3 en 1916 en la localidad de Longovilo, comuna de San Pedro, provincia de Melipilla, Regi\u00f3n Metropolitana, y escribi\u00f3 prol\u00edficamente sobre la vida sencilla del campo, y la naturaleza, con lucidez y humor.<\/p>\n\n\n\n<p>\u00c9l fue Contador de profesi\u00f3n, pero semanalmente publicaba una columna en el peri\u00f3dico el Labrador escrita en d\u00e9cimas, coloc\u00e1ndose diferentes y divertidos nombres, como; \u201cEl Halc\u00f3n de Longovilo\u201d, \u201cEl Cul\u00e9n de los Culenes\u201d, \u201cEl tapaculo del Bajo\u201d, etc.<\/p>\n\n\n\n<p>Compendi\u00f3 sus publicaciones en varios libros, que hoy son un tesoro del verso popular.<\/p>\n\n\n\n<p>La cuarteta que aqu\u00ed presentamos es fragmento<\/p>\n\n\n\n<p><strong><em>Mientras unos siembran guerras<\/em><\/strong><\/p>\n\n\n\n<p><strong><em>y otros odios y desdichas<\/em><\/strong><\/p>\n\n\n\n<p><strong><em>yo con pan tabaco y chicha<\/em><\/strong><\/p>\n\n\n\n<p><strong><em>vivo labrando la tierra<\/em><\/strong>.<\/p>\n\n\n\n<p><strong>Otra en que retrata a Melipilla<\/strong><\/p>\n\n\n\n<p><strong><em>De<\/em><\/strong> <strong><em>las 7 maravillas \/ que en el mundo Dios pusiera<\/em><\/strong><\/p>\n\n\n\n<p><strong><em>No hay reniuna por la astilla \/ que se compare al clamor<\/em><\/strong><\/p>\n\n\n\n<p><strong><em>del Maipo que es&nbsp; trovador \/ con un p\u00edfano de plata<\/em><\/strong><\/p>\n\n\n\n<p><strong><em>cantando una serenata \/ danzando de flor en flor.&nbsp;<\/em><\/strong><\/p>\n\n\n\n<figure class=\"wp-block-image size-full\"><img loading=\"lazy\" decoding=\"async\" width=\"380\" height=\"312\" src=\"https:\/\/diarioellabrador.cl\/wp-content\/uploads\/2026\/05\/Captura-de-pantalla-2026-05-02-161241.png\" alt=\"\" class=\"wp-image-18858\" srcset=\"https:\/\/diarioellabrador.cl\/wp-content\/uploads\/2026\/05\/Captura-de-pantalla-2026-05-02-161241.png 380w, https:\/\/diarioellabrador.cl\/wp-content\/uploads\/2026\/05\/Captura-de-pantalla-2026-05-02-161241-300x246.png 300w, https:\/\/diarioellabrador.cl\/wp-content\/uploads\/2026\/05\/Captura-de-pantalla-2026-05-02-161241-120x100.png 120w\" sizes=\"auto, (max-width: 380px) 100vw, 380px\" \/><\/figure>\n\n\n\n<p>Sus armas:<\/p>\n\n\n\n<p>En campo de gules (rojo) seis bezantes de plata (monedas), puestas en dos palos.<\/p>\n\n\n\n<p>Es un apellido de origen espa\u00f1ol espec\u00edficamente de la localidad de Fuensalida, ubicada en la provincia de Toledo, Castilla-La Mancha.<\/p>\n\n\n\n<p>El linaje se estableci\u00f3 fuertemente en Chile a trav\u00e9s de don Andr\u00e9s de Ayala, un militar espa\u00f1ol oriundo de Fuensalida (Toledo) que lleg\u00f3 al pa\u00eds durante la \u00e9poca de la conquista. Con el tiempo, sus descendientes adoptaron el nombre de su pueblo natal como apellido familiar, una pr\u00e1ctica com\u00fan en la \u00e9poca.<\/p>\n\n\n\n<p><\/p>\n","protected":false},"excerpt":{"rendered":"<p>Por: Sergio Hashiguchi MenaProfesor, Cal\u00edgrafo y Heraldista desde 1972 En la publicaci\u00f3n anterior definimos los lambrequines, tenantes y soportes, hoy definiremos los restantes elementos externos de los blasones: Manto: Tela forrada de armi\u00f1o que cubre el escudo por detr\u00e1s, t\u00edpico de soberanos y altos nobles. Collares: \u00d3rdenes militares o de caballer\u00eda que rodean el escudo.<\/p>\n<div class=\"read-more-wrapper\"><a class=\"read-more\" href=\"https:\/\/diarioellabrador.cl\/index.php\/2026\/05\/02\/heraldica-24\/\" title=\"Leer m\u00e1s\"> <span class=\"button \">Leer m\u00e1s<\/span><\/a><\/div>\n","protected":false},"author":2,"featured_media":18911,"comment_status":"open","ping_status":"open","sticky":false,"template":"","format":"standard","meta":{"footnotes":""},"categories":[7],"tags":[],"class_list":["post-18872","post","type-post","status-publish","format-standard","has-post-thumbnail","hentry","category-cultura"],"yoast_head":"<!-- This site is optimized with the Yoast SEO plugin v27.5 - https:\/\/yoast.com\/product\/yoast-seo-wordpress\/ -->\n<title>Her\u00e1ldica, una ciencia del arte y la identidad (Parte XXIV)\u00a0\u00a0\u00a0\u00a0\u00a0\u00a0 - Diario El Labrador<\/title>\n<meta name=\"robots\" content=\"index, follow, max-snippet:-1, max-image-preview:large, max-video-preview:-1\" \/>\n<link rel=\"canonical\" href=\"https:\/\/diarioellabrador.cl\/index.php\/2026\/05\/02\/heraldica-24\/\" \/>\n<meta property=\"og:locale\" content=\"es_ES\" \/>\n<meta property=\"og:type\" content=\"article\" \/>\n<meta property=\"og:title\" content=\"Her\u00e1ldica, una ciencia del arte y la identidad (Parte XXIV)\u00a0\u00a0\u00a0\u00a0\u00a0\u00a0 - Diario El Labrador\" \/>\n<meta property=\"og:description\" content=\"Por: Sergio Hashiguchi MenaProfesor, Cal\u00edgrafo y Heraldista desde 1972 En la publicaci\u00f3n anterior definimos los lambrequines, tenantes y soportes, hoy definiremos los restantes elementos externos de los blasones: Manto: Tela forrada de armi\u00f1o que cubre el escudo por detr\u00e1s, t\u00edpico de soberanos y altos nobles. Collares: \u00d3rdenes militares o de caballer\u00eda que rodean el escudo. Leer m\u00e1s\" \/>\n<meta property=\"og:url\" content=\"https:\/\/diarioellabrador.cl\/index.php\/2026\/05\/02\/heraldica-24\/\" \/>\n<meta property=\"og:site_name\" content=\"Diario El Labrador\" \/>\n<meta property=\"article:publisher\" content=\"https:\/\/web.facebook.com\/profile.php?id=61576120840621\" \/>\n<meta property=\"article:published_time\" content=\"2026-05-02T22:20:00+00:00\" \/>\n<meta property=\"article:modified_time\" content=\"2026-05-03T03:10:15+00:00\" \/>\n<meta property=\"og:image\" content=\"https:\/\/diarioellabrador.cl\/wp-content\/uploads\/2026\/05\/ChatGPT-Image-2-may-2026-11_09_24-p.m-1024x692.png\" \/>\n\t<meta property=\"og:image:width\" content=\"1024\" \/>\n\t<meta property=\"og:image:height\" content=\"692\" \/>\n\t<meta property=\"og:image:type\" content=\"image\/png\" \/>\n<meta name=\"author\" content=\"Editor\" \/>\n<meta name=\"twitter:card\" content=\"summary_large_image\" \/>\n<meta name=\"twitter:creator\" content=\"@ElLabradorOf\" \/>\n<meta name=\"twitter:site\" content=\"@ElLabradorOf\" \/>\n<meta name=\"twitter:label1\" content=\"Escrito por\" \/>\n\t<meta name=\"twitter:data1\" content=\"Editor\" \/>\n\t<meta name=\"twitter:label2\" content=\"Tiempo de lectura\" \/>\n\t<meta name=\"twitter:data2\" content=\"3 minutos\" \/>\n<script type=\"application\/ld+json\" class=\"yoast-schema-graph\">{\"@context\":\"https:\\\/\\\/schema.org\",\"@graph\":[{\"@type\":\"Article\",\"@id\":\"https:\\\/\\\/diarioellabrador.cl\\\/index.php\\\/2026\\\/05\\\/02\\\/heraldica-24\\\/#article\",\"isPartOf\":{\"@id\":\"https:\\\/\\\/diarioellabrador.cl\\\/index.php\\\/2026\\\/05\\\/02\\\/heraldica-24\\\/\"},\"author\":{\"name\":\"Editor\",\"@id\":\"https:\\\/\\\/diarioellabrador.cl\\\/#\\\/schema\\\/person\\\/bc25ff80b4563f9c7f4bd7855df01685\"},\"headline\":\"Her\u00e1ldica, una ciencia del arte y la identidad (Parte XXIV)\u00a0\u00a0\u00a0\u00a0\u00a0\u00a0\",\"datePublished\":\"2026-05-02T22:20:00+00:00\",\"dateModified\":\"2026-05-03T03:10:15+00:00\",\"mainEntityOfPage\":{\"@id\":\"https:\\\/\\\/diarioellabrador.cl\\\/index.php\\\/2026\\\/05\\\/02\\\/heraldica-24\\\/\"},\"wordCount\":405,\"commentCount\":0,\"publisher\":{\"@id\":\"https:\\\/\\\/diarioellabrador.cl\\\/#organization\"},\"image\":{\"@id\":\"https:\\\/\\\/diarioellabrador.cl\\\/index.php\\\/2026\\\/05\\\/02\\\/heraldica-24\\\/#primaryimage\"},\"thumbnailUrl\":\"https:\\\/\\\/diarioellabrador.cl\\\/wp-content\\\/uploads\\\/2026\\\/05\\\/ChatGPT-Image-2-may-2026-11_09_24-p.m.png\",\"articleSection\":[\"Cultura\"],\"inLanguage\":\"es\",\"potentialAction\":[{\"@type\":\"CommentAction\",\"name\":\"Comment\",\"target\":[\"https:\\\/\\\/diarioellabrador.cl\\\/index.php\\\/2026\\\/05\\\/02\\\/heraldica-24\\\/#respond\"]}]},{\"@type\":\"WebPage\",\"@id\":\"https:\\\/\\\/diarioellabrador.cl\\\/index.php\\\/2026\\\/05\\\/02\\\/heraldica-24\\\/\",\"url\":\"https:\\\/\\\/diarioellabrador.cl\\\/index.php\\\/2026\\\/05\\\/02\\\/heraldica-24\\\/\",\"name\":\"Her\u00e1ldica, una ciencia del arte y la identidad (Parte XXIV)\u00a0\u00a0\u00a0\u00a0\u00a0\u00a0 - Diario El Labrador\",\"isPartOf\":{\"@id\":\"https:\\\/\\\/diarioellabrador.cl\\\/#website\"},\"primaryImageOfPage\":{\"@id\":\"https:\\\/\\\/diarioellabrador.cl\\\/index.php\\\/2026\\\/05\\\/02\\\/heraldica-24\\\/#primaryimage\"},\"image\":{\"@id\":\"https:\\\/\\\/diarioellabrador.cl\\\/index.php\\\/2026\\\/05\\\/02\\\/heraldica-24\\\/#primaryimage\"},\"thumbnailUrl\":\"https:\\\/\\\/diarioellabrador.cl\\\/wp-content\\\/uploads\\\/2026\\\/05\\\/ChatGPT-Image-2-may-2026-11_09_24-p.m.png\",\"datePublished\":\"2026-05-02T22:20:00+00:00\",\"dateModified\":\"2026-05-03T03:10:15+00:00\",\"breadcrumb\":{\"@id\":\"https:\\\/\\\/diarioellabrador.cl\\\/index.php\\\/2026\\\/05\\\/02\\\/heraldica-24\\\/#breadcrumb\"},\"inLanguage\":\"es\",\"potentialAction\":[{\"@type\":\"ReadAction\",\"target\":[\"https:\\\/\\\/diarioellabrador.cl\\\/index.php\\\/2026\\\/05\\\/02\\\/heraldica-24\\\/\"]}]},{\"@type\":\"ImageObject\",\"inLanguage\":\"es\",\"@id\":\"https:\\\/\\\/diarioellabrador.cl\\\/index.php\\\/2026\\\/05\\\/02\\\/heraldica-24\\\/#primaryimage\",\"url\":\"https:\\\/\\\/diarioellabrador.cl\\\/wp-content\\\/uploads\\\/2026\\\/05\\\/ChatGPT-Image-2-may-2026-11_09_24-p.m.png\",\"contentUrl\":\"https:\\\/\\\/diarioellabrador.cl\\\/wp-content\\\/uploads\\\/2026\\\/05\\\/ChatGPT-Image-2-may-2026-11_09_24-p.m.png\",\"width\":1526,\"height\":1031},{\"@type\":\"BreadcrumbList\",\"@id\":\"https:\\\/\\\/diarioellabrador.cl\\\/index.php\\\/2026\\\/05\\\/02\\\/heraldica-24\\\/#breadcrumb\",\"itemListElement\":[{\"@type\":\"ListItem\",\"position\":1,\"name\":\"Portada\",\"item\":\"https:\\\/\\\/diarioellabrador.cl\\\/\"},{\"@type\":\"ListItem\",\"position\":2,\"name\":\"Her\u00e1ldica, una ciencia del arte y la identidad (Parte XXIV)\u00a0\u00a0\u00a0\u00a0\u00a0\u00a0\"}]},{\"@type\":\"WebSite\",\"@id\":\"https:\\\/\\\/diarioellabrador.cl\\\/#website\",\"url\":\"https:\\\/\\\/diarioellabrador.cl\\\/\",\"name\":\"Diario El Labrador\",\"description\":\"Haciendo noticia desde 1921\",\"publisher\":{\"@id\":\"https:\\\/\\\/diarioellabrador.cl\\\/#organization\"},\"potentialAction\":[{\"@type\":\"SearchAction\",\"target\":{\"@type\":\"EntryPoint\",\"urlTemplate\":\"https:\\\/\\\/diarioellabrador.cl\\\/?s={search_term_string}\"},\"query-input\":{\"@type\":\"PropertyValueSpecification\",\"valueRequired\":true,\"valueName\":\"search_term_string\"}}],\"inLanguage\":\"es\"},{\"@type\":\"Organization\",\"@id\":\"https:\\\/\\\/diarioellabrador.cl\\\/#organization\",\"name\":\"Diario El Labrador\",\"url\":\"https:\\\/\\\/diarioellabrador.cl\\\/\",\"logo\":{\"@type\":\"ImageObject\",\"inLanguage\":\"es\",\"@id\":\"https:\\\/\\\/diarioellabrador.cl\\\/#\\\/schema\\\/logo\\\/image\\\/\",\"url\":\"https:\\\/\\\/diarioellabrador.cl\\\/wp-content\\\/uploads\\\/2025\\\/02\\\/cropped-Logo-Icono.png\",\"contentUrl\":\"https:\\\/\\\/diarioellabrador.cl\\\/wp-content\\\/uploads\\\/2025\\\/02\\\/cropped-Logo-Icono.png\",\"width\":512,\"height\":512,\"caption\":\"Diario El Labrador\"},\"image\":{\"@id\":\"https:\\\/\\\/diarioellabrador.cl\\\/#\\\/schema\\\/logo\\\/image\\\/\"},\"sameAs\":[\"https:\\\/\\\/web.facebook.com\\\/profile.php?id=61576120840621\",\"https:\\\/\\\/x.com\\\/ElLabradorOf\",\"https:\\\/\\\/www.instagram.com\\\/diarioellabradoroficial\\\/\"]},{\"@type\":\"Person\",\"@id\":\"https:\\\/\\\/diarioellabrador.cl\\\/#\\\/schema\\\/person\\\/bc25ff80b4563f9c7f4bd7855df01685\",\"name\":\"Editor\",\"image\":{\"@type\":\"ImageObject\",\"inLanguage\":\"es\",\"@id\":\"https:\\\/\\\/secure.gravatar.com\\\/avatar\\\/109c326cf2be5c04f048c2c2a2b8b6ef44bf3d8d1d3d4c55d0ac40c4bc994684?s=96&d=mm&r=g\",\"url\":\"https:\\\/\\\/secure.gravatar.com\\\/avatar\\\/109c326cf2be5c04f048c2c2a2b8b6ef44bf3d8d1d3d4c55d0ac40c4bc994684?s=96&d=mm&r=g\",\"contentUrl\":\"https:\\\/\\\/secure.gravatar.com\\\/avatar\\\/109c326cf2be5c04f048c2c2a2b8b6ef44bf3d8d1d3d4c55d0ac40c4bc994684?s=96&d=mm&r=g\",\"caption\":\"Editor\"},\"url\":\"https:\\\/\\\/diarioellabrador.cl\\\/index.php\\\/author\\\/editor\\\/\"}]}<\/script>\n<!-- \/ Yoast SEO plugin. -->","yoast_head_json":{"title":"Her\u00e1ldica, una ciencia del arte y la identidad (Parte XXIV)\u00a0\u00a0\u00a0\u00a0\u00a0\u00a0 - Diario El Labrador","robots":{"index":"index","follow":"follow","max-snippet":"max-snippet:-1","max-image-preview":"max-image-preview:large","max-video-preview":"max-video-preview:-1"},"canonical":"https:\/\/diarioellabrador.cl\/index.php\/2026\/05\/02\/heraldica-24\/","og_locale":"es_ES","og_type":"article","og_title":"Her\u00e1ldica, una ciencia del arte y la identidad (Parte XXIV)\u00a0\u00a0\u00a0\u00a0\u00a0\u00a0 - Diario El Labrador","og_description":"Por: Sergio Hashiguchi MenaProfesor, Cal\u00edgrafo y Heraldista desde 1972 En la publicaci\u00f3n anterior definimos los lambrequines, tenantes y soportes, hoy definiremos los restantes elementos externos de los blasones: Manto: Tela forrada de armi\u00f1o que cubre el escudo por detr\u00e1s, t\u00edpico de soberanos y altos nobles. Collares: \u00d3rdenes militares o de caballer\u00eda que rodean el escudo. Leer m\u00e1s","og_url":"https:\/\/diarioellabrador.cl\/index.php\/2026\/05\/02\/heraldica-24\/","og_site_name":"Diario El Labrador","article_publisher":"https:\/\/web.facebook.com\/profile.php?id=61576120840621","article_published_time":"2026-05-02T22:20:00+00:00","article_modified_time":"2026-05-03T03:10:15+00:00","og_image":[{"width":1024,"height":692,"url":"https:\/\/diarioellabrador.cl\/wp-content\/uploads\/2026\/05\/ChatGPT-Image-2-may-2026-11_09_24-p.m-1024x692.png","type":"image\/png"}],"author":"Editor","twitter_card":"summary_large_image","twitter_creator":"@ElLabradorOf","twitter_site":"@ElLabradorOf","twitter_misc":{"Escrito por":"Editor","Tiempo de lectura":"3 minutos"},"schema":{"@context":"https:\/\/schema.org","@graph":[{"@type":"Article","@id":"https:\/\/diarioellabrador.cl\/index.php\/2026\/05\/02\/heraldica-24\/#article","isPartOf":{"@id":"https:\/\/diarioellabrador.cl\/index.php\/2026\/05\/02\/heraldica-24\/"},"author":{"name":"Editor","@id":"https:\/\/diarioellabrador.cl\/#\/schema\/person\/bc25ff80b4563f9c7f4bd7855df01685"},"headline":"Her\u00e1ldica, una ciencia del arte y la identidad (Parte XXIV)\u00a0\u00a0\u00a0\u00a0\u00a0\u00a0","datePublished":"2026-05-02T22:20:00+00:00","dateModified":"2026-05-03T03:10:15+00:00","mainEntityOfPage":{"@id":"https:\/\/diarioellabrador.cl\/index.php\/2026\/05\/02\/heraldica-24\/"},"wordCount":405,"commentCount":0,"publisher":{"@id":"https:\/\/diarioellabrador.cl\/#organization"},"image":{"@id":"https:\/\/diarioellabrador.cl\/index.php\/2026\/05\/02\/heraldica-24\/#primaryimage"},"thumbnailUrl":"https:\/\/diarioellabrador.cl\/wp-content\/uploads\/2026\/05\/ChatGPT-Image-2-may-2026-11_09_24-p.m.png","articleSection":["Cultura"],"inLanguage":"es","potentialAction":[{"@type":"CommentAction","name":"Comment","target":["https:\/\/diarioellabrador.cl\/index.php\/2026\/05\/02\/heraldica-24\/#respond"]}]},{"@type":"WebPage","@id":"https:\/\/diarioellabrador.cl\/index.php\/2026\/05\/02\/heraldica-24\/","url":"https:\/\/diarioellabrador.cl\/index.php\/2026\/05\/02\/heraldica-24\/","name":"Her\u00e1ldica, una ciencia del arte y la identidad (Parte XXIV)\u00a0\u00a0\u00a0\u00a0\u00a0\u00a0 - Diario El Labrador","isPartOf":{"@id":"https:\/\/diarioellabrador.cl\/#website"},"primaryImageOfPage":{"@id":"https:\/\/diarioellabrador.cl\/index.php\/2026\/05\/02\/heraldica-24\/#primaryimage"},"image":{"@id":"https:\/\/diarioellabrador.cl\/index.php\/2026\/05\/02\/heraldica-24\/#primaryimage"},"thumbnailUrl":"https:\/\/diarioellabrador.cl\/wp-content\/uploads\/2026\/05\/ChatGPT-Image-2-may-2026-11_09_24-p.m.png","datePublished":"2026-05-02T22:20:00+00:00","dateModified":"2026-05-03T03:10:15+00:00","breadcrumb":{"@id":"https:\/\/diarioellabrador.cl\/index.php\/2026\/05\/02\/heraldica-24\/#breadcrumb"},"inLanguage":"es","potentialAction":[{"@type":"ReadAction","target":["https:\/\/diarioellabrador.cl\/index.php\/2026\/05\/02\/heraldica-24\/"]}]},{"@type":"ImageObject","inLanguage":"es","@id":"https:\/\/diarioellabrador.cl\/index.php\/2026\/05\/02\/heraldica-24\/#primaryimage","url":"https:\/\/diarioellabrador.cl\/wp-content\/uploads\/2026\/05\/ChatGPT-Image-2-may-2026-11_09_24-p.m.png","contentUrl":"https:\/\/diarioellabrador.cl\/wp-content\/uploads\/2026\/05\/ChatGPT-Image-2-may-2026-11_09_24-p.m.png","width":1526,"height":1031},{"@type":"BreadcrumbList","@id":"https:\/\/diarioellabrador.cl\/index.php\/2026\/05\/02\/heraldica-24\/#breadcrumb","itemListElement":[{"@type":"ListItem","position":1,"name":"Portada","item":"https:\/\/diarioellabrador.cl\/"},{"@type":"ListItem","position":2,"name":"Her\u00e1ldica, una ciencia del arte y la identidad (Parte XXIV)\u00a0\u00a0\u00a0\u00a0\u00a0\u00a0"}]},{"@type":"WebSite","@id":"https:\/\/diarioellabrador.cl\/#website","url":"https:\/\/diarioellabrador.cl\/","name":"Diario El Labrador","description":"Haciendo noticia desde 1921","publisher":{"@id":"https:\/\/diarioellabrador.cl\/#organization"},"potentialAction":[{"@type":"SearchAction","target":{"@type":"EntryPoint","urlTemplate":"https:\/\/diarioellabrador.cl\/?s={search_term_string}"},"query-input":{"@type":"PropertyValueSpecification","valueRequired":true,"valueName":"search_term_string"}}],"inLanguage":"es"},{"@type":"Organization","@id":"https:\/\/diarioellabrador.cl\/#organization","name":"Diario El Labrador","url":"https:\/\/diarioellabrador.cl\/","logo":{"@type":"ImageObject","inLanguage":"es","@id":"https:\/\/diarioellabrador.cl\/#\/schema\/logo\/image\/","url":"https:\/\/diarioellabrador.cl\/wp-content\/uploads\/2025\/02\/cropped-Logo-Icono.png","contentUrl":"https:\/\/diarioellabrador.cl\/wp-content\/uploads\/2025\/02\/cropped-Logo-Icono.png","width":512,"height":512,"caption":"Diario El Labrador"},"image":{"@id":"https:\/\/diarioellabrador.cl\/#\/schema\/logo\/image\/"},"sameAs":["https:\/\/web.facebook.com\/profile.php?id=61576120840621","https:\/\/x.com\/ElLabradorOf","https:\/\/www.instagram.com\/diarioellabradoroficial\/"]},{"@type":"Person","@id":"https:\/\/diarioellabrador.cl\/#\/schema\/person\/bc25ff80b4563f9c7f4bd7855df01685","name":"Editor","image":{"@type":"ImageObject","inLanguage":"es","@id":"https:\/\/secure.gravatar.com\/avatar\/109c326cf2be5c04f048c2c2a2b8b6ef44bf3d8d1d3d4c55d0ac40c4bc994684?s=96&d=mm&r=g","url":"https:\/\/secure.gravatar.com\/avatar\/109c326cf2be5c04f048c2c2a2b8b6ef44bf3d8d1d3d4c55d0ac40c4bc994684?s=96&d=mm&r=g","contentUrl":"https:\/\/secure.gravatar.com\/avatar\/109c326cf2be5c04f048c2c2a2b8b6ef44bf3d8d1d3d4c55d0ac40c4bc994684?s=96&d=mm&r=g","caption":"Editor"},"url":"https:\/\/diarioellabrador.cl\/index.php\/author\/editor\/"}]}},"_links":{"self":[{"href":"https:\/\/diarioellabrador.cl\/index.php\/wp-json\/wp\/v2\/posts\/18872","targetHints":{"allow":["GET"]}}],"collection":[{"href":"https:\/\/diarioellabrador.cl\/index.php\/wp-json\/wp\/v2\/posts"}],"about":[{"href":"https:\/\/diarioellabrador.cl\/index.php\/wp-json\/wp\/v2\/types\/post"}],"author":[{"embeddable":true,"href":"https:\/\/diarioellabrador.cl\/index.php\/wp-json\/wp\/v2\/users\/2"}],"replies":[{"embeddable":true,"href":"https:\/\/diarioellabrador.cl\/index.php\/wp-json\/wp\/v2\/comments?post=18872"}],"version-history":[{"count":4,"href":"https:\/\/diarioellabrador.cl\/index.php\/wp-json\/wp\/v2\/posts\/18872\/revisions"}],"predecessor-version":[{"id":18914,"href":"https:\/\/diarioellabrador.cl\/index.php\/wp-json\/wp\/v2\/posts\/18872\/revisions\/18914"}],"wp:featuredmedia":[{"embeddable":true,"href":"https:\/\/diarioellabrador.cl\/index.php\/wp-json\/wp\/v2\/media\/18911"}],"wp:attachment":[{"href":"https:\/\/diarioellabrador.cl\/index.php\/wp-json\/wp\/v2\/media?parent=18872"}],"wp:term":[{"taxonomy":"category","embeddable":true,"href":"https:\/\/diarioellabrador.cl\/index.php\/wp-json\/wp\/v2\/categories?post=18872"},{"taxonomy":"post_tag","embeddable":true,"href":"https:\/\/diarioellabrador.cl\/index.php\/wp-json\/wp\/v2\/tags?post=18872"}],"curies":[{"name":"wp","href":"https:\/\/api.w.org\/{rel}","templated":true}]}}