{"id":18870,"date":"2026-05-02T18:20:00","date_gmt":"2026-05-02T22:20:00","guid":{"rendered":"https:\/\/diarioellabrador.cl\/?p=18870"},"modified":"2026-05-02T16:20:37","modified_gmt":"2026-05-02T20:20:37","slug":"carimallin-dejo-bien-adelantada-la-pega-con-doblete-en-el-club-quintero","status":"publish","type":"post","link":"https:\/\/diarioellabrador.cl\/index.php\/2026\/05\/02\/carimallin-dejo-bien-adelantada-la-pega-con-doblete-en-el-club-quintero\/","title":{"rendered":"Carimall\u00edn dej\u00f3 bien adelantada la pega con doblete en el Club Quintero"},"content":{"rendered":"\n<p><strong>Autor: <\/strong><a href=\"https:\/\/www.caballoyrodeo.cl\/portal_rodeo\/site\/artic\/20240223\/pags\/20240223201658.html\">H\u00e9ctor Uribe Delgado<\/a><\/p>\n\n\n\n<p>El <strong>Criadero Carimall\u00edn, con Pedro Juan Espinoza y Arturo R\u00edos<\/strong>, volvi\u00f3 a mostrar su eficacia en las quinchas para dejar bien adelantada la tarea en sus tres colleras luego de lograr un doblete en el <strong>Rodeo del Club Quintero<\/strong> (Asociaci\u00f3n Quillota).<\/p>\n\n\n\n<p>Los destacados <strong>ganaron con 26 puntos buenos en Revuelto y Refr\u00e1n, y adem\u00e1s fueron segundos en Revoltosa y Amante, con 25<\/strong>, algo que fue valorado por Espinoza en di\u00e1logo con <strong>Caballoyrodeo.cl<\/strong><\/p>\n\n\n\n<p>\u00abEstuvo bonito. <strong>Era el primer rodeo de la asociaci\u00f3n que corr\u00edamos all\u00e1, as\u00ed que, estuvo bonito. Nos ganamos el Champion en el Refr\u00e1n y el Revuelto, que es un potro nuevo, primera temporada que se corre firme as\u00ed es que muy bien. Y fuimos segundos en las yeguas, la Revoltosa y la Amante,<\/strong> as\u00ed es que que feliz y adem\u00e1s me toc\u00f3 de nuevo all\u00e1 en Quillota, las tierras donde naci\u00f3 corraleramente, como se dice\u00bb, coment\u00f3.<\/p>\n\n\n\n<p>Y este doblete sirve de mucho, dado que todas las colleras ya tienen buena parte del camino recorrido con mira a lograr el primer gran objetivo de la temporada.<\/p>\n\n\n\n<p><strong>\u00abEl Refr\u00e1n con el Revuelto quedan con 7 puntos y requisito; las yeguas est\u00e1n con 8 sin requisito; y los caballos, el Listo Nom\u00e1s con el Relincho, est\u00e1n con 9 con requisito\u00bb, coment\u00f3.<\/strong><\/p>\n\n\n\n<p>\u00abGracias a Dios est\u00e1 bien avanzadita la pega, as\u00ed que feliz de andar bien, de que est\u00e9 bien la temporada\u00bb, a\u00f1adi\u00f3 Espinoza, quien agradeci\u00f3 el cari\u00f1o que le mostraron por Quillota y se mostr\u00f3 optimista de cara al fin de semana donde competir\u00e1n en el Rodeo Interasociaciones de Maipo Norte.<\/p>\n\n\n\n<p>\u00abVamos a sacar las tres colleras a ver qu\u00e9 pasa. Como est\u00e1 cerquita de la casa&#8230; as\u00ed que ah\u00ed vamos a ver qu\u00e9 pasa\u00bb, expres\u00f3.<\/p>\n\n\n\n<p><strong>Terceros fueron Jorge Oliva y Felipe N\u00fa\u00f1ez, en Los Conejos Trasnochada y Lo Miranda Quintrala, con 24.<\/strong><\/p>\n\n\n\n<p>Corrieron el cuarto toro el Criadero Totoralillo, con Antonio Apablaza y Sebasti\u00e1n Valeria, en Jarana y Fiesta Linda, con 17; Juan Echeverr\u00eda y Miguel Arnau, en Huilquio Campesino y O\u00f1a Adela Ma\u00f1\u00edo, con 16; y Jos\u00e9 Grossi y Antonio Reinoso, en Las Ca\u00f1itas Farolito y Re\u00f1eco Viento Sur, con 15.<\/p>\n","protected":false},"excerpt":{"rendered":"<p>Autor: H\u00e9ctor Uribe Delgado El Criadero Carimall\u00edn, con Pedro Juan Espinoza y Arturo R\u00edos, volvi\u00f3 a mostrar su eficacia en las quinchas para dejar bien adelantada la tarea en sus tres colleras luego de lograr un doblete en el Rodeo del Club Quintero (Asociaci\u00f3n Quillota). Los destacados ganaron con 26 puntos buenos en Revuelto y<\/p>\n<div class=\"read-more-wrapper\"><a class=\"read-more\" href=\"https:\/\/diarioellabrador.cl\/index.php\/2026\/05\/02\/carimallin-dejo-bien-adelantada-la-pega-con-doblete-en-el-club-quintero\/\" title=\"Leer m\u00e1s\"> <span class=\"button \">Leer m\u00e1s<\/span><\/a><\/div>\n","protected":false},"author":2,"featured_media":18850,"comment_status":"open","ping_status":"open","sticky":false,"template":"","format":"standard","meta":{"footnotes":""},"categories":[5],"tags":[],"class_list":["post-18870","post","type-post","status-publish","format-standard","has-post-thumbnail","hentry","category-rodeo"],"yoast_head":"<!-- This site is optimized with the Yoast SEO plugin v27.5 - https:\/\/yoast.com\/product\/yoast-seo-wordpress\/ -->\n<title>Carimall\u00edn dej\u00f3 bien adelantada la pega con doblete en el Club Quintero - Diario El Labrador<\/title>\n<meta name=\"robots\" content=\"index, follow, max-snippet:-1, max-image-preview:large, max-video-preview:-1\" \/>\n<link rel=\"canonical\" href=\"https:\/\/diarioellabrador.cl\/index.php\/2026\/05\/02\/carimallin-dejo-bien-adelantada-la-pega-con-doblete-en-el-club-quintero\/\" \/>\n<meta property=\"og:locale\" content=\"es_ES\" \/>\n<meta property=\"og:type\" content=\"article\" \/>\n<meta property=\"og:title\" content=\"Carimall\u00edn dej\u00f3 bien adelantada la pega con doblete en el Club Quintero - Diario El Labrador\" \/>\n<meta property=\"og:description\" content=\"Autor: H\u00e9ctor Uribe Delgado El Criadero Carimall\u00edn, con Pedro Juan Espinoza y Arturo R\u00edos, volvi\u00f3 a mostrar su eficacia en las quinchas para dejar bien adelantada la tarea en sus tres colleras luego de lograr un doblete en el Rodeo del Club Quintero (Asociaci\u00f3n Quillota). Los destacados ganaron con 26 puntos buenos en Revuelto y Leer m\u00e1s\" \/>\n<meta property=\"og:url\" content=\"https:\/\/diarioellabrador.cl\/index.php\/2026\/05\/02\/carimallin-dejo-bien-adelantada-la-pega-con-doblete-en-el-club-quintero\/\" \/>\n<meta property=\"og:site_name\" content=\"Diario El Labrador\" \/>\n<meta property=\"article:publisher\" content=\"https:\/\/web.facebook.com\/profile.php?id=61576120840621\" \/>\n<meta property=\"article:published_time\" content=\"2026-05-02T22:20:00+00:00\" \/>\n<meta property=\"og:image\" content=\"https:\/\/diarioellabrador.cl\/wp-content\/uploads\/2026\/05\/Carimallin-dejo-bien-adelantada-la-pega-con-doblete-en-el-Club-Quintero.jpg\" \/>\n\t<meta property=\"og:image:width\" content=\"700\" \/>\n\t<meta property=\"og:image:height\" content=\"400\" \/>\n\t<meta property=\"og:image:type\" content=\"image\/jpeg\" \/>\n<meta name=\"author\" content=\"Editor\" \/>\n<meta name=\"twitter:card\" content=\"summary_large_image\" \/>\n<meta name=\"twitter:creator\" content=\"@ElLabradorOf\" \/>\n<meta name=\"twitter:site\" content=\"@ElLabradorOf\" \/>\n<meta name=\"twitter:label1\" content=\"Escrito por\" \/>\n\t<meta name=\"twitter:data1\" content=\"Editor\" \/>\n\t<meta name=\"twitter:label2\" content=\"Tiempo de lectura\" \/>\n\t<meta name=\"twitter:data2\" content=\"2 minutos\" \/>\n<script type=\"application\/ld+json\" class=\"yoast-schema-graph\">{\"@context\":\"https:\\\/\\\/schema.org\",\"@graph\":[{\"@type\":\"Article\",\"@id\":\"https:\\\/\\\/diarioellabrador.cl\\\/index.php\\\/2026\\\/05\\\/02\\\/carimallin-dejo-bien-adelantada-la-pega-con-doblete-en-el-club-quintero\\\/#article\",\"isPartOf\":{\"@id\":\"https:\\\/\\\/diarioellabrador.cl\\\/index.php\\\/2026\\\/05\\\/02\\\/carimallin-dejo-bien-adelantada-la-pega-con-doblete-en-el-club-quintero\\\/\"},\"author\":{\"name\":\"Editor\",\"@id\":\"https:\\\/\\\/diarioellabrador.cl\\\/#\\\/schema\\\/person\\\/bc25ff80b4563f9c7f4bd7855df01685\"},\"headline\":\"Carimall\u00edn dej\u00f3 bien adelantada la pega con doblete en el Club Quintero\",\"datePublished\":\"2026-05-02T22:20:00+00:00\",\"mainEntityOfPage\":{\"@id\":\"https:\\\/\\\/diarioellabrador.cl\\\/index.php\\\/2026\\\/05\\\/02\\\/carimallin-dejo-bien-adelantada-la-pega-con-doblete-en-el-club-quintero\\\/\"},\"wordCount\":386,\"commentCount\":0,\"publisher\":{\"@id\":\"https:\\\/\\\/diarioellabrador.cl\\\/#organization\"},\"image\":{\"@id\":\"https:\\\/\\\/diarioellabrador.cl\\\/index.php\\\/2026\\\/05\\\/02\\\/carimallin-dejo-bien-adelantada-la-pega-con-doblete-en-el-club-quintero\\\/#primaryimage\"},\"thumbnailUrl\":\"https:\\\/\\\/diarioellabrador.cl\\\/wp-content\\\/uploads\\\/2026\\\/05\\\/Carimallin-dejo-bien-adelantada-la-pega-con-doblete-en-el-Club-Quintero.jpg\",\"articleSection\":[\"Rodeo\"],\"inLanguage\":\"es\",\"potentialAction\":[{\"@type\":\"CommentAction\",\"name\":\"Comment\",\"target\":[\"https:\\\/\\\/diarioellabrador.cl\\\/index.php\\\/2026\\\/05\\\/02\\\/carimallin-dejo-bien-adelantada-la-pega-con-doblete-en-el-club-quintero\\\/#respond\"]}]},{\"@type\":\"WebPage\",\"@id\":\"https:\\\/\\\/diarioellabrador.cl\\\/index.php\\\/2026\\\/05\\\/02\\\/carimallin-dejo-bien-adelantada-la-pega-con-doblete-en-el-club-quintero\\\/\",\"url\":\"https:\\\/\\\/diarioellabrador.cl\\\/index.php\\\/2026\\\/05\\\/02\\\/carimallin-dejo-bien-adelantada-la-pega-con-doblete-en-el-club-quintero\\\/\",\"name\":\"Carimall\u00edn dej\u00f3 bien adelantada la pega con doblete en el Club Quintero - Diario El Labrador\",\"isPartOf\":{\"@id\":\"https:\\\/\\\/diarioellabrador.cl\\\/#website\"},\"primaryImageOfPage\":{\"@id\":\"https:\\\/\\\/diarioellabrador.cl\\\/index.php\\\/2026\\\/05\\\/02\\\/carimallin-dejo-bien-adelantada-la-pega-con-doblete-en-el-club-quintero\\\/#primaryimage\"},\"image\":{\"@id\":\"https:\\\/\\\/diarioellabrador.cl\\\/index.php\\\/2026\\\/05\\\/02\\\/carimallin-dejo-bien-adelantada-la-pega-con-doblete-en-el-club-quintero\\\/#primaryimage\"},\"thumbnailUrl\":\"https:\\\/\\\/diarioellabrador.cl\\\/wp-content\\\/uploads\\\/2026\\\/05\\\/Carimallin-dejo-bien-adelantada-la-pega-con-doblete-en-el-Club-Quintero.jpg\",\"datePublished\":\"2026-05-02T22:20:00+00:00\",\"breadcrumb\":{\"@id\":\"https:\\\/\\\/diarioellabrador.cl\\\/index.php\\\/2026\\\/05\\\/02\\\/carimallin-dejo-bien-adelantada-la-pega-con-doblete-en-el-club-quintero\\\/#breadcrumb\"},\"inLanguage\":\"es\",\"potentialAction\":[{\"@type\":\"ReadAction\",\"target\":[\"https:\\\/\\\/diarioellabrador.cl\\\/index.php\\\/2026\\\/05\\\/02\\\/carimallin-dejo-bien-adelantada-la-pega-con-doblete-en-el-club-quintero\\\/\"]}]},{\"@type\":\"ImageObject\",\"inLanguage\":\"es\",\"@id\":\"https:\\\/\\\/diarioellabrador.cl\\\/index.php\\\/2026\\\/05\\\/02\\\/carimallin-dejo-bien-adelantada-la-pega-con-doblete-en-el-club-quintero\\\/#primaryimage\",\"url\":\"https:\\\/\\\/diarioellabrador.cl\\\/wp-content\\\/uploads\\\/2026\\\/05\\\/Carimallin-dejo-bien-adelantada-la-pega-con-doblete-en-el-Club-Quintero.jpg\",\"contentUrl\":\"https:\\\/\\\/diarioellabrador.cl\\\/wp-content\\\/uploads\\\/2026\\\/05\\\/Carimallin-dejo-bien-adelantada-la-pega-con-doblete-en-el-Club-Quintero.jpg\",\"width\":700,\"height\":400},{\"@type\":\"BreadcrumbList\",\"@id\":\"https:\\\/\\\/diarioellabrador.cl\\\/index.php\\\/2026\\\/05\\\/02\\\/carimallin-dejo-bien-adelantada-la-pega-con-doblete-en-el-club-quintero\\\/#breadcrumb\",\"itemListElement\":[{\"@type\":\"ListItem\",\"position\":1,\"name\":\"Portada\",\"item\":\"https:\\\/\\\/diarioellabrador.cl\\\/\"},{\"@type\":\"ListItem\",\"position\":2,\"name\":\"Carimall\u00edn dej\u00f3 bien adelantada la pega con doblete en el Club Quintero\"}]},{\"@type\":\"WebSite\",\"@id\":\"https:\\\/\\\/diarioellabrador.cl\\\/#website\",\"url\":\"https:\\\/\\\/diarioellabrador.cl\\\/\",\"name\":\"Diario El Labrador\",\"description\":\"Haciendo noticia desde 1921\",\"publisher\":{\"@id\":\"https:\\\/\\\/diarioellabrador.cl\\\/#organization\"},\"potentialAction\":[{\"@type\":\"SearchAction\",\"target\":{\"@type\":\"EntryPoint\",\"urlTemplate\":\"https:\\\/\\\/diarioellabrador.cl\\\/?s={search_term_string}\"},\"query-input\":{\"@type\":\"PropertyValueSpecification\",\"valueRequired\":true,\"valueName\":\"search_term_string\"}}],\"inLanguage\":\"es\"},{\"@type\":\"Organization\",\"@id\":\"https:\\\/\\\/diarioellabrador.cl\\\/#organization\",\"name\":\"Diario El Labrador\",\"url\":\"https:\\\/\\\/diarioellabrador.cl\\\/\",\"logo\":{\"@type\":\"ImageObject\",\"inLanguage\":\"es\",\"@id\":\"https:\\\/\\\/diarioellabrador.cl\\\/#\\\/schema\\\/logo\\\/image\\\/\",\"url\":\"https:\\\/\\\/diarioellabrador.cl\\\/wp-content\\\/uploads\\\/2025\\\/02\\\/cropped-Logo-Icono.png\",\"contentUrl\":\"https:\\\/\\\/diarioellabrador.cl\\\/wp-content\\\/uploads\\\/2025\\\/02\\\/cropped-Logo-Icono.png\",\"width\":512,\"height\":512,\"caption\":\"Diario El Labrador\"},\"image\":{\"@id\":\"https:\\\/\\\/diarioellabrador.cl\\\/#\\\/schema\\\/logo\\\/image\\\/\"},\"sameAs\":[\"https:\\\/\\\/web.facebook.com\\\/profile.php?id=61576120840621\",\"https:\\\/\\\/x.com\\\/ElLabradorOf\",\"https:\\\/\\\/www.instagram.com\\\/diarioellabradoroficial\\\/\"]},{\"@type\":\"Person\",\"@id\":\"https:\\\/\\\/diarioellabrador.cl\\\/#\\\/schema\\\/person\\\/bc25ff80b4563f9c7f4bd7855df01685\",\"name\":\"Editor\",\"image\":{\"@type\":\"ImageObject\",\"inLanguage\":\"es\",\"@id\":\"https:\\\/\\\/secure.gravatar.com\\\/avatar\\\/109c326cf2be5c04f048c2c2a2b8b6ef44bf3d8d1d3d4c55d0ac40c4bc994684?s=96&d=mm&r=g\",\"url\":\"https:\\\/\\\/secure.gravatar.com\\\/avatar\\\/109c326cf2be5c04f048c2c2a2b8b6ef44bf3d8d1d3d4c55d0ac40c4bc994684?s=96&d=mm&r=g\",\"contentUrl\":\"https:\\\/\\\/secure.gravatar.com\\\/avatar\\\/109c326cf2be5c04f048c2c2a2b8b6ef44bf3d8d1d3d4c55d0ac40c4bc994684?s=96&d=mm&r=g\",\"caption\":\"Editor\"},\"url\":\"https:\\\/\\\/diarioellabrador.cl\\\/index.php\\\/author\\\/editor\\\/\"}]}<\/script>\n<!-- \/ Yoast SEO plugin. -->","yoast_head_json":{"title":"Carimall\u00edn dej\u00f3 bien adelantada la pega con doblete en el Club Quintero - Diario El Labrador","robots":{"index":"index","follow":"follow","max-snippet":"max-snippet:-1","max-image-preview":"max-image-preview:large","max-video-preview":"max-video-preview:-1"},"canonical":"https:\/\/diarioellabrador.cl\/index.php\/2026\/05\/02\/carimallin-dejo-bien-adelantada-la-pega-con-doblete-en-el-club-quintero\/","og_locale":"es_ES","og_type":"article","og_title":"Carimall\u00edn dej\u00f3 bien adelantada la pega con doblete en el Club Quintero - Diario El Labrador","og_description":"Autor: H\u00e9ctor Uribe Delgado El Criadero Carimall\u00edn, con Pedro Juan Espinoza y Arturo R\u00edos, volvi\u00f3 a mostrar su eficacia en las quinchas para dejar bien adelantada la tarea en sus tres colleras luego de lograr un doblete en el Rodeo del Club Quintero (Asociaci\u00f3n Quillota). Los destacados ganaron con 26 puntos buenos en Revuelto y Leer m\u00e1s","og_url":"https:\/\/diarioellabrador.cl\/index.php\/2026\/05\/02\/carimallin-dejo-bien-adelantada-la-pega-con-doblete-en-el-club-quintero\/","og_site_name":"Diario El Labrador","article_publisher":"https:\/\/web.facebook.com\/profile.php?id=61576120840621","article_published_time":"2026-05-02T22:20:00+00:00","og_image":[{"width":700,"height":400,"url":"https:\/\/diarioellabrador.cl\/wp-content\/uploads\/2026\/05\/Carimallin-dejo-bien-adelantada-la-pega-con-doblete-en-el-Club-Quintero.jpg","type":"image\/jpeg"}],"author":"Editor","twitter_card":"summary_large_image","twitter_creator":"@ElLabradorOf","twitter_site":"@ElLabradorOf","twitter_misc":{"Escrito por":"Editor","Tiempo de lectura":"2 minutos"},"schema":{"@context":"https:\/\/schema.org","@graph":[{"@type":"Article","@id":"https:\/\/diarioellabrador.cl\/index.php\/2026\/05\/02\/carimallin-dejo-bien-adelantada-la-pega-con-doblete-en-el-club-quintero\/#article","isPartOf":{"@id":"https:\/\/diarioellabrador.cl\/index.php\/2026\/05\/02\/carimallin-dejo-bien-adelantada-la-pega-con-doblete-en-el-club-quintero\/"},"author":{"name":"Editor","@id":"https:\/\/diarioellabrador.cl\/#\/schema\/person\/bc25ff80b4563f9c7f4bd7855df01685"},"headline":"Carimall\u00edn dej\u00f3 bien adelantada la pega con doblete en el Club Quintero","datePublished":"2026-05-02T22:20:00+00:00","mainEntityOfPage":{"@id":"https:\/\/diarioellabrador.cl\/index.php\/2026\/05\/02\/carimallin-dejo-bien-adelantada-la-pega-con-doblete-en-el-club-quintero\/"},"wordCount":386,"commentCount":0,"publisher":{"@id":"https:\/\/diarioellabrador.cl\/#organization"},"image":{"@id":"https:\/\/diarioellabrador.cl\/index.php\/2026\/05\/02\/carimallin-dejo-bien-adelantada-la-pega-con-doblete-en-el-club-quintero\/#primaryimage"},"thumbnailUrl":"https:\/\/diarioellabrador.cl\/wp-content\/uploads\/2026\/05\/Carimallin-dejo-bien-adelantada-la-pega-con-doblete-en-el-Club-Quintero.jpg","articleSection":["Rodeo"],"inLanguage":"es","potentialAction":[{"@type":"CommentAction","name":"Comment","target":["https:\/\/diarioellabrador.cl\/index.php\/2026\/05\/02\/carimallin-dejo-bien-adelantada-la-pega-con-doblete-en-el-club-quintero\/#respond"]}]},{"@type":"WebPage","@id":"https:\/\/diarioellabrador.cl\/index.php\/2026\/05\/02\/carimallin-dejo-bien-adelantada-la-pega-con-doblete-en-el-club-quintero\/","url":"https:\/\/diarioellabrador.cl\/index.php\/2026\/05\/02\/carimallin-dejo-bien-adelantada-la-pega-con-doblete-en-el-club-quintero\/","name":"Carimall\u00edn dej\u00f3 bien adelantada la pega con doblete en el Club Quintero - Diario El Labrador","isPartOf":{"@id":"https:\/\/diarioellabrador.cl\/#website"},"primaryImageOfPage":{"@id":"https:\/\/diarioellabrador.cl\/index.php\/2026\/05\/02\/carimallin-dejo-bien-adelantada-la-pega-con-doblete-en-el-club-quintero\/#primaryimage"},"image":{"@id":"https:\/\/diarioellabrador.cl\/index.php\/2026\/05\/02\/carimallin-dejo-bien-adelantada-la-pega-con-doblete-en-el-club-quintero\/#primaryimage"},"thumbnailUrl":"https:\/\/diarioellabrador.cl\/wp-content\/uploads\/2026\/05\/Carimallin-dejo-bien-adelantada-la-pega-con-doblete-en-el-Club-Quintero.jpg","datePublished":"2026-05-02T22:20:00+00:00","breadcrumb":{"@id":"https:\/\/diarioellabrador.cl\/index.php\/2026\/05\/02\/carimallin-dejo-bien-adelantada-la-pega-con-doblete-en-el-club-quintero\/#breadcrumb"},"inLanguage":"es","potentialAction":[{"@type":"ReadAction","target":["https:\/\/diarioellabrador.cl\/index.php\/2026\/05\/02\/carimallin-dejo-bien-adelantada-la-pega-con-doblete-en-el-club-quintero\/"]}]},{"@type":"ImageObject","inLanguage":"es","@id":"https:\/\/diarioellabrador.cl\/index.php\/2026\/05\/02\/carimallin-dejo-bien-adelantada-la-pega-con-doblete-en-el-club-quintero\/#primaryimage","url":"https:\/\/diarioellabrador.cl\/wp-content\/uploads\/2026\/05\/Carimallin-dejo-bien-adelantada-la-pega-con-doblete-en-el-Club-Quintero.jpg","contentUrl":"https:\/\/diarioellabrador.cl\/wp-content\/uploads\/2026\/05\/Carimallin-dejo-bien-adelantada-la-pega-con-doblete-en-el-Club-Quintero.jpg","width":700,"height":400},{"@type":"BreadcrumbList","@id":"https:\/\/diarioellabrador.cl\/index.php\/2026\/05\/02\/carimallin-dejo-bien-adelantada-la-pega-con-doblete-en-el-club-quintero\/#breadcrumb","itemListElement":[{"@type":"ListItem","position":1,"name":"Portada","item":"https:\/\/diarioellabrador.cl\/"},{"@type":"ListItem","position":2,"name":"Carimall\u00edn dej\u00f3 bien adelantada la pega con doblete en el Club Quintero"}]},{"@type":"WebSite","@id":"https:\/\/diarioellabrador.cl\/#website","url":"https:\/\/diarioellabrador.cl\/","name":"Diario El Labrador","description":"Haciendo noticia desde 1921","publisher":{"@id":"https:\/\/diarioellabrador.cl\/#organization"},"potentialAction":[{"@type":"SearchAction","target":{"@type":"EntryPoint","urlTemplate":"https:\/\/diarioellabrador.cl\/?s={search_term_string}"},"query-input":{"@type":"PropertyValueSpecification","valueRequired":true,"valueName":"search_term_string"}}],"inLanguage":"es"},{"@type":"Organization","@id":"https:\/\/diarioellabrador.cl\/#organization","name":"Diario El Labrador","url":"https:\/\/diarioellabrador.cl\/","logo":{"@type":"ImageObject","inLanguage":"es","@id":"https:\/\/diarioellabrador.cl\/#\/schema\/logo\/image\/","url":"https:\/\/diarioellabrador.cl\/wp-content\/uploads\/2025\/02\/cropped-Logo-Icono.png","contentUrl":"https:\/\/diarioellabrador.cl\/wp-content\/uploads\/2025\/02\/cropped-Logo-Icono.png","width":512,"height":512,"caption":"Diario El Labrador"},"image":{"@id":"https:\/\/diarioellabrador.cl\/#\/schema\/logo\/image\/"},"sameAs":["https:\/\/web.facebook.com\/profile.php?id=61576120840621","https:\/\/x.com\/ElLabradorOf","https:\/\/www.instagram.com\/diarioellabradoroficial\/"]},{"@type":"Person","@id":"https:\/\/diarioellabrador.cl\/#\/schema\/person\/bc25ff80b4563f9c7f4bd7855df01685","name":"Editor","image":{"@type":"ImageObject","inLanguage":"es","@id":"https:\/\/secure.gravatar.com\/avatar\/109c326cf2be5c04f048c2c2a2b8b6ef44bf3d8d1d3d4c55d0ac40c4bc994684?s=96&d=mm&r=g","url":"https:\/\/secure.gravatar.com\/avatar\/109c326cf2be5c04f048c2c2a2b8b6ef44bf3d8d1d3d4c55d0ac40c4bc994684?s=96&d=mm&r=g","contentUrl":"https:\/\/secure.gravatar.com\/avatar\/109c326cf2be5c04f048c2c2a2b8b6ef44bf3d8d1d3d4c55d0ac40c4bc994684?s=96&d=mm&r=g","caption":"Editor"},"url":"https:\/\/diarioellabrador.cl\/index.php\/author\/editor\/"}]}},"_links":{"self":[{"href":"https:\/\/diarioellabrador.cl\/index.php\/wp-json\/wp\/v2\/posts\/18870","targetHints":{"allow":["GET"]}}],"collection":[{"href":"https:\/\/diarioellabrador.cl\/index.php\/wp-json\/wp\/v2\/posts"}],"about":[{"href":"https:\/\/diarioellabrador.cl\/index.php\/wp-json\/wp\/v2\/types\/post"}],"author":[{"embeddable":true,"href":"https:\/\/diarioellabrador.cl\/index.php\/wp-json\/wp\/v2\/users\/2"}],"replies":[{"embeddable":true,"href":"https:\/\/diarioellabrador.cl\/index.php\/wp-json\/wp\/v2\/comments?post=18870"}],"version-history":[{"count":1,"href":"https:\/\/diarioellabrador.cl\/index.php\/wp-json\/wp\/v2\/posts\/18870\/revisions"}],"predecessor-version":[{"id":18871,"href":"https:\/\/diarioellabrador.cl\/index.php\/wp-json\/wp\/v2\/posts\/18870\/revisions\/18871"}],"wp:featuredmedia":[{"embeddable":true,"href":"https:\/\/diarioellabrador.cl\/index.php\/wp-json\/wp\/v2\/media\/18850"}],"wp:attachment":[{"href":"https:\/\/diarioellabrador.cl\/index.php\/wp-json\/wp\/v2\/media?parent=18870"}],"wp:term":[{"taxonomy":"category","embeddable":true,"href":"https:\/\/diarioellabrador.cl\/index.php\/wp-json\/wp\/v2\/categories?post=18870"},{"taxonomy":"post_tag","embeddable":true,"href":"https:\/\/diarioellabrador.cl\/index.php\/wp-json\/wp\/v2\/tags?post=18870"}],"curies":[{"name":"wp","href":"https:\/\/api.w.org\/{rel}","templated":true}]}}