{"id":18868,"date":"2026-05-02T18:19:00","date_gmt":"2026-05-02T22:19:00","guid":{"rendered":"https:\/\/diarioellabrador.cl\/?p=18868"},"modified":"2026-05-02T16:20:03","modified_gmt":"2026-05-02T20:20:03","slug":"entre-cuecas-y-camaraderia-se-realizo-la-bienvenida-del-nacional-de-rodeo-femenino","status":"publish","type":"post","link":"https:\/\/diarioellabrador.cl\/index.php\/2026\/05\/02\/entre-cuecas-y-camaraderia-se-realizo-la-bienvenida-del-nacional-de-rodeo-femenino\/","title":{"rendered":"Entre cuecas y camarader\u00eda se realiz\u00f3 la bienvenida del Nacional de Rodeo Femenino"},"content":{"rendered":"\n<p><strong>Autor: <\/strong><a href=\"https:\/\/www.caballoyrodeo.cl\/portal_rodeo\/site\/artic\/20240223\/pags\/20240223201413.html\">Alejandro Alegr\u00eda Torres<\/a><\/p>\n\n\n\n<p>El viernes 1 de mayo se realiz\u00f3 la <strong>Ceremonia de Bienvenida<\/strong> del <strong>XIV Campeonato Nacional de Rodeo Femenino <\/strong>en la <strong>Medialuna de San Vicente de Tagua-Tagua<\/strong>, jornada en donde se lucieron excelentes parejas cuequeras y en la cual las integrantes de las 51 colleras participantes del evento, sus familiares y amigos pudieron compartir con camarader\u00eda y mucha alegr\u00eda.<\/p>\n\n\n\n<p>La actividad cont\u00f3 con la presencia del alcalde de San Vicente, <strong>Guido Carre\u00f1o<\/strong>, y de los concejales <strong>Gladys Monserrat Esparza<\/strong>, <strong>Mar\u00eda Ignacia Castro <\/strong>y <strong>Paricio Lobos<\/strong>, adem\u00e1s del encargado de organizaci\u00f3n comunitaria de la comuna, Mart\u00edn Orellana. Adem\u00e1s, del delegado del certamen, el m\u00faltiple campe\u00f3n nacional de Movimiento a la Rienda, <strong>Luis Eduardo Cort\u00e9s.<\/strong><\/p>\n\n\n\n<p>La ceremonia estuvo marcada por la participaci\u00f3n de varias parejas cuequeras de extraordinario nivel. Estuvieron presentes Matilda Far\u00edas P\u00e9rez y Mart\u00edn Moya Hern\u00e1ndez, actuales campeones nacionales del tradicional certamen \u00abInfante de La Camelia\u00bb; Victoria D\u00edaz Acevedo y Felipe Mej\u00edas Jara, campeones de la categor\u00eda infantil de la Asociaci\u00f3n El Libertador del Campeonato de Cueca Huasa de Ferochi; Monserrat Cavieres Rojas y Daniel Ibarra C\u00e1rdenas, actuales campeones nacionales \u00abJ\u00f3venes del Bicentenario\u00bb; Araceli Adasme Tamayo y Leonardo Tudela Chac\u00f3n, actuales campeones regionales del campeonato nacional de Arica; y Paz Soto Nilo con Joaqu\u00edn Salinas Troncoso, campeones nacionales de la categor\u00eda juvenil de Ferochi 2026.<\/p>\n\n\n\n<p>El alcalde <strong>Guido Carre\u00f1o<\/strong> expres\u00f3 su alegr\u00eda por albergar nuevamente este importante evento: \u00abEs segunda Final ac\u00e1 en nuestra comuna. Nosotros siempre queremos que las tradiciones se respeten y cuiden, porque somos una zona huasa. As\u00ed que todas las mujeres bienvenidas a nuestra comuna milenaria\u00bb.<\/p>\n\n\n\n<p>En tanto<strong>, Roman\u00e9 Soto<\/strong>, presidenta de la Agrupaci\u00f3n Nacional de Mujeres del Rodeo Chileno, dijo: \u00abEsta es la fiesta que tenemos nosotras las mujeres. Creo que hay mucha m\u00e1s gente que el a\u00f1o pasado, tuvimos a la Carmencita Vald\u00e9s y campeones de cueca, hay mucha familia. Creo que esta ceremonia es un bonito apronte de lo que ser\u00e1 nuestra final\u00bb.<\/p>\n\n\n\n<p>Por su parte, <strong>Andrea Castagnoli,<\/strong> secretaria de la agrupaci\u00f3n, tambi\u00e9n cont\u00f3 sus expectativas para el evento: \u00abEstamos s\u00faper contentas, repetimos San Vicente de Tagua-Tagua porque el apoyo de la municipalidad y del club local ha sido excepcional. Ten\u00edamos la &#8216;sand\u00eda calada&#8217; del a\u00f1o pasado, sab\u00edamos los puntos que ten\u00edamos que mejorar, sobre todo el tema del ganado y otros detalles. Se ve todo muy bonito, hay harta concurrencia, vienen 50 colleras m\u00e1s las actuales campeonas, as\u00ed que espero que sea un bonito espect\u00e1culo\u00bb.<\/p>\n","protected":false},"excerpt":{"rendered":"<p>Autor: Alejandro Alegr\u00eda Torres El viernes 1 de mayo se realiz\u00f3 la Ceremonia de Bienvenida del XIV Campeonato Nacional de Rodeo Femenino en la Medialuna de San Vicente de Tagua-Tagua, jornada en donde se lucieron excelentes parejas cuequeras y en la cual las integrantes de las 51 colleras participantes del evento, sus familiares y amigos<\/p>\n<div class=\"read-more-wrapper\"><a class=\"read-more\" href=\"https:\/\/diarioellabrador.cl\/index.php\/2026\/05\/02\/entre-cuecas-y-camaraderia-se-realizo-la-bienvenida-del-nacional-de-rodeo-femenino\/\" title=\"Leer m\u00e1s\"> <span class=\"button \">Leer m\u00e1s<\/span><\/a><\/div>\n","protected":false},"author":2,"featured_media":18848,"comment_status":"open","ping_status":"open","sticky":false,"template":"","format":"standard","meta":{"footnotes":""},"categories":[5],"tags":[],"class_list":["post-18868","post","type-post","status-publish","format-standard","has-post-thumbnail","hentry","category-rodeo"],"yoast_head":"<!-- This site is optimized with the Yoast SEO plugin v27.5 - https:\/\/yoast.com\/product\/yoast-seo-wordpress\/ -->\n<title>Entre cuecas y camarader\u00eda se realiz\u00f3 la bienvenida del Nacional de Rodeo Femenino - Diario El Labrador<\/title>\n<meta name=\"robots\" content=\"index, follow, max-snippet:-1, max-image-preview:large, max-video-preview:-1\" \/>\n<link rel=\"canonical\" href=\"https:\/\/diarioellabrador.cl\/index.php\/2026\/05\/02\/entre-cuecas-y-camaraderia-se-realizo-la-bienvenida-del-nacional-de-rodeo-femenino\/\" \/>\n<meta property=\"og:locale\" content=\"es_ES\" \/>\n<meta property=\"og:type\" content=\"article\" \/>\n<meta property=\"og:title\" content=\"Entre cuecas y camarader\u00eda se realiz\u00f3 la bienvenida del Nacional de Rodeo Femenino - Diario El Labrador\" \/>\n<meta property=\"og:description\" content=\"Autor: Alejandro Alegr\u00eda Torres El viernes 1 de mayo se realiz\u00f3 la Ceremonia de Bienvenida del XIV Campeonato Nacional de Rodeo Femenino en la Medialuna de San Vicente de Tagua-Tagua, jornada en donde se lucieron excelentes parejas cuequeras y en la cual las integrantes de las 51 colleras participantes del evento, sus familiares y amigos Leer m\u00e1s\" \/>\n<meta property=\"og:url\" content=\"https:\/\/diarioellabrador.cl\/index.php\/2026\/05\/02\/entre-cuecas-y-camaraderia-se-realizo-la-bienvenida-del-nacional-de-rodeo-femenino\/\" \/>\n<meta property=\"og:site_name\" content=\"Diario El Labrador\" \/>\n<meta property=\"article:publisher\" content=\"https:\/\/web.facebook.com\/profile.php?id=61576120840621\" \/>\n<meta property=\"article:published_time\" content=\"2026-05-02T22:19:00+00:00\" \/>\n<meta property=\"og:image\" content=\"https:\/\/diarioellabrador.cl\/wp-content\/uploads\/2026\/05\/Entre-cuecas-y-camaraderia-se-realizo-la-bienvenida-del-Nacional-de-Rodeo-Femenino.jpg\" \/>\n\t<meta property=\"og:image:width\" content=\"750\" \/>\n\t<meta property=\"og:image:height\" content=\"389\" \/>\n\t<meta property=\"og:image:type\" content=\"image\/jpeg\" \/>\n<meta name=\"author\" content=\"Editor\" \/>\n<meta name=\"twitter:card\" content=\"summary_large_image\" \/>\n<meta name=\"twitter:creator\" content=\"@ElLabradorOf\" \/>\n<meta name=\"twitter:site\" content=\"@ElLabradorOf\" \/>\n<meta name=\"twitter:label1\" content=\"Escrito por\" \/>\n\t<meta name=\"twitter:data1\" content=\"Editor\" \/>\n\t<meta name=\"twitter:label2\" content=\"Tiempo de lectura\" \/>\n\t<meta name=\"twitter:data2\" content=\"3 minutos\" \/>\n<script type=\"application\/ld+json\" class=\"yoast-schema-graph\">{\"@context\":\"https:\\\/\\\/schema.org\",\"@graph\":[{\"@type\":\"Article\",\"@id\":\"https:\\\/\\\/diarioellabrador.cl\\\/index.php\\\/2026\\\/05\\\/02\\\/entre-cuecas-y-camaraderia-se-realizo-la-bienvenida-del-nacional-de-rodeo-femenino\\\/#article\",\"isPartOf\":{\"@id\":\"https:\\\/\\\/diarioellabrador.cl\\\/index.php\\\/2026\\\/05\\\/02\\\/entre-cuecas-y-camaraderia-se-realizo-la-bienvenida-del-nacional-de-rodeo-femenino\\\/\"},\"author\":{\"name\":\"Editor\",\"@id\":\"https:\\\/\\\/diarioellabrador.cl\\\/#\\\/schema\\\/person\\\/bc25ff80b4563f9c7f4bd7855df01685\"},\"headline\":\"Entre cuecas y camarader\u00eda se realiz\u00f3 la bienvenida del Nacional de Rodeo Femenino\",\"datePublished\":\"2026-05-02T22:19:00+00:00\",\"mainEntityOfPage\":{\"@id\":\"https:\\\/\\\/diarioellabrador.cl\\\/index.php\\\/2026\\\/05\\\/02\\\/entre-cuecas-y-camaraderia-se-realizo-la-bienvenida-del-nacional-de-rodeo-femenino\\\/\"},\"wordCount\":458,\"commentCount\":0,\"publisher\":{\"@id\":\"https:\\\/\\\/diarioellabrador.cl\\\/#organization\"},\"image\":{\"@id\":\"https:\\\/\\\/diarioellabrador.cl\\\/index.php\\\/2026\\\/05\\\/02\\\/entre-cuecas-y-camaraderia-se-realizo-la-bienvenida-del-nacional-de-rodeo-femenino\\\/#primaryimage\"},\"thumbnailUrl\":\"https:\\\/\\\/diarioellabrador.cl\\\/wp-content\\\/uploads\\\/2026\\\/05\\\/Entre-cuecas-y-camaraderia-se-realizo-la-bienvenida-del-Nacional-de-Rodeo-Femenino.jpg\",\"articleSection\":[\"Rodeo\"],\"inLanguage\":\"es\",\"potentialAction\":[{\"@type\":\"CommentAction\",\"name\":\"Comment\",\"target\":[\"https:\\\/\\\/diarioellabrador.cl\\\/index.php\\\/2026\\\/05\\\/02\\\/entre-cuecas-y-camaraderia-se-realizo-la-bienvenida-del-nacional-de-rodeo-femenino\\\/#respond\"]}]},{\"@type\":\"WebPage\",\"@id\":\"https:\\\/\\\/diarioellabrador.cl\\\/index.php\\\/2026\\\/05\\\/02\\\/entre-cuecas-y-camaraderia-se-realizo-la-bienvenida-del-nacional-de-rodeo-femenino\\\/\",\"url\":\"https:\\\/\\\/diarioellabrador.cl\\\/index.php\\\/2026\\\/05\\\/02\\\/entre-cuecas-y-camaraderia-se-realizo-la-bienvenida-del-nacional-de-rodeo-femenino\\\/\",\"name\":\"Entre cuecas y camarader\u00eda se realiz\u00f3 la bienvenida del Nacional de Rodeo Femenino - Diario El Labrador\",\"isPartOf\":{\"@id\":\"https:\\\/\\\/diarioellabrador.cl\\\/#website\"},\"primaryImageOfPage\":{\"@id\":\"https:\\\/\\\/diarioellabrador.cl\\\/index.php\\\/2026\\\/05\\\/02\\\/entre-cuecas-y-camaraderia-se-realizo-la-bienvenida-del-nacional-de-rodeo-femenino\\\/#primaryimage\"},\"image\":{\"@id\":\"https:\\\/\\\/diarioellabrador.cl\\\/index.php\\\/2026\\\/05\\\/02\\\/entre-cuecas-y-camaraderia-se-realizo-la-bienvenida-del-nacional-de-rodeo-femenino\\\/#primaryimage\"},\"thumbnailUrl\":\"https:\\\/\\\/diarioellabrador.cl\\\/wp-content\\\/uploads\\\/2026\\\/05\\\/Entre-cuecas-y-camaraderia-se-realizo-la-bienvenida-del-Nacional-de-Rodeo-Femenino.jpg\",\"datePublished\":\"2026-05-02T22:19:00+00:00\",\"breadcrumb\":{\"@id\":\"https:\\\/\\\/diarioellabrador.cl\\\/index.php\\\/2026\\\/05\\\/02\\\/entre-cuecas-y-camaraderia-se-realizo-la-bienvenida-del-nacional-de-rodeo-femenino\\\/#breadcrumb\"},\"inLanguage\":\"es\",\"potentialAction\":[{\"@type\":\"ReadAction\",\"target\":[\"https:\\\/\\\/diarioellabrador.cl\\\/index.php\\\/2026\\\/05\\\/02\\\/entre-cuecas-y-camaraderia-se-realizo-la-bienvenida-del-nacional-de-rodeo-femenino\\\/\"]}]},{\"@type\":\"ImageObject\",\"inLanguage\":\"es\",\"@id\":\"https:\\\/\\\/diarioellabrador.cl\\\/index.php\\\/2026\\\/05\\\/02\\\/entre-cuecas-y-camaraderia-se-realizo-la-bienvenida-del-nacional-de-rodeo-femenino\\\/#primaryimage\",\"url\":\"https:\\\/\\\/diarioellabrador.cl\\\/wp-content\\\/uploads\\\/2026\\\/05\\\/Entre-cuecas-y-camaraderia-se-realizo-la-bienvenida-del-Nacional-de-Rodeo-Femenino.jpg\",\"contentUrl\":\"https:\\\/\\\/diarioellabrador.cl\\\/wp-content\\\/uploads\\\/2026\\\/05\\\/Entre-cuecas-y-camaraderia-se-realizo-la-bienvenida-del-Nacional-de-Rodeo-Femenino.jpg\",\"width\":750,\"height\":389},{\"@type\":\"BreadcrumbList\",\"@id\":\"https:\\\/\\\/diarioellabrador.cl\\\/index.php\\\/2026\\\/05\\\/02\\\/entre-cuecas-y-camaraderia-se-realizo-la-bienvenida-del-nacional-de-rodeo-femenino\\\/#breadcrumb\",\"itemListElement\":[{\"@type\":\"ListItem\",\"position\":1,\"name\":\"Portada\",\"item\":\"https:\\\/\\\/diarioellabrador.cl\\\/\"},{\"@type\":\"ListItem\",\"position\":2,\"name\":\"Entre cuecas y camarader\u00eda se realiz\u00f3 la bienvenida del Nacional de Rodeo Femenino\"}]},{\"@type\":\"WebSite\",\"@id\":\"https:\\\/\\\/diarioellabrador.cl\\\/#website\",\"url\":\"https:\\\/\\\/diarioellabrador.cl\\\/\",\"name\":\"Diario El Labrador\",\"description\":\"Haciendo noticia desde 1921\",\"publisher\":{\"@id\":\"https:\\\/\\\/diarioellabrador.cl\\\/#organization\"},\"potentialAction\":[{\"@type\":\"SearchAction\",\"target\":{\"@type\":\"EntryPoint\",\"urlTemplate\":\"https:\\\/\\\/diarioellabrador.cl\\\/?s={search_term_string}\"},\"query-input\":{\"@type\":\"PropertyValueSpecification\",\"valueRequired\":true,\"valueName\":\"search_term_string\"}}],\"inLanguage\":\"es\"},{\"@type\":\"Organization\",\"@id\":\"https:\\\/\\\/diarioellabrador.cl\\\/#organization\",\"name\":\"Diario El Labrador\",\"url\":\"https:\\\/\\\/diarioellabrador.cl\\\/\",\"logo\":{\"@type\":\"ImageObject\",\"inLanguage\":\"es\",\"@id\":\"https:\\\/\\\/diarioellabrador.cl\\\/#\\\/schema\\\/logo\\\/image\\\/\",\"url\":\"https:\\\/\\\/diarioellabrador.cl\\\/wp-content\\\/uploads\\\/2025\\\/02\\\/cropped-Logo-Icono.png\",\"contentUrl\":\"https:\\\/\\\/diarioellabrador.cl\\\/wp-content\\\/uploads\\\/2025\\\/02\\\/cropped-Logo-Icono.png\",\"width\":512,\"height\":512,\"caption\":\"Diario El Labrador\"},\"image\":{\"@id\":\"https:\\\/\\\/diarioellabrador.cl\\\/#\\\/schema\\\/logo\\\/image\\\/\"},\"sameAs\":[\"https:\\\/\\\/web.facebook.com\\\/profile.php?id=61576120840621\",\"https:\\\/\\\/x.com\\\/ElLabradorOf\",\"https:\\\/\\\/www.instagram.com\\\/diarioellabradoroficial\\\/\"]},{\"@type\":\"Person\",\"@id\":\"https:\\\/\\\/diarioellabrador.cl\\\/#\\\/schema\\\/person\\\/bc25ff80b4563f9c7f4bd7855df01685\",\"name\":\"Editor\",\"image\":{\"@type\":\"ImageObject\",\"inLanguage\":\"es\",\"@id\":\"https:\\\/\\\/secure.gravatar.com\\\/avatar\\\/109c326cf2be5c04f048c2c2a2b8b6ef44bf3d8d1d3d4c55d0ac40c4bc994684?s=96&d=mm&r=g\",\"url\":\"https:\\\/\\\/secure.gravatar.com\\\/avatar\\\/109c326cf2be5c04f048c2c2a2b8b6ef44bf3d8d1d3d4c55d0ac40c4bc994684?s=96&d=mm&r=g\",\"contentUrl\":\"https:\\\/\\\/secure.gravatar.com\\\/avatar\\\/109c326cf2be5c04f048c2c2a2b8b6ef44bf3d8d1d3d4c55d0ac40c4bc994684?s=96&d=mm&r=g\",\"caption\":\"Editor\"},\"url\":\"https:\\\/\\\/diarioellabrador.cl\\\/index.php\\\/author\\\/editor\\\/\"}]}<\/script>\n<!-- \/ Yoast SEO plugin. -->","yoast_head_json":{"title":"Entre cuecas y camarader\u00eda se realiz\u00f3 la bienvenida del Nacional de Rodeo Femenino - Diario El Labrador","robots":{"index":"index","follow":"follow","max-snippet":"max-snippet:-1","max-image-preview":"max-image-preview:large","max-video-preview":"max-video-preview:-1"},"canonical":"https:\/\/diarioellabrador.cl\/index.php\/2026\/05\/02\/entre-cuecas-y-camaraderia-se-realizo-la-bienvenida-del-nacional-de-rodeo-femenino\/","og_locale":"es_ES","og_type":"article","og_title":"Entre cuecas y camarader\u00eda se realiz\u00f3 la bienvenida del Nacional de Rodeo Femenino - Diario El Labrador","og_description":"Autor: Alejandro Alegr\u00eda Torres El viernes 1 de mayo se realiz\u00f3 la Ceremonia de Bienvenida del XIV Campeonato Nacional de Rodeo Femenino en la Medialuna de San Vicente de Tagua-Tagua, jornada en donde se lucieron excelentes parejas cuequeras y en la cual las integrantes de las 51 colleras participantes del evento, sus familiares y amigos Leer m\u00e1s","og_url":"https:\/\/diarioellabrador.cl\/index.php\/2026\/05\/02\/entre-cuecas-y-camaraderia-se-realizo-la-bienvenida-del-nacional-de-rodeo-femenino\/","og_site_name":"Diario El Labrador","article_publisher":"https:\/\/web.facebook.com\/profile.php?id=61576120840621","article_published_time":"2026-05-02T22:19:00+00:00","og_image":[{"width":750,"height":389,"url":"https:\/\/diarioellabrador.cl\/wp-content\/uploads\/2026\/05\/Entre-cuecas-y-camaraderia-se-realizo-la-bienvenida-del-Nacional-de-Rodeo-Femenino.jpg","type":"image\/jpeg"}],"author":"Editor","twitter_card":"summary_large_image","twitter_creator":"@ElLabradorOf","twitter_site":"@ElLabradorOf","twitter_misc":{"Escrito por":"Editor","Tiempo de lectura":"3 minutos"},"schema":{"@context":"https:\/\/schema.org","@graph":[{"@type":"Article","@id":"https:\/\/diarioellabrador.cl\/index.php\/2026\/05\/02\/entre-cuecas-y-camaraderia-se-realizo-la-bienvenida-del-nacional-de-rodeo-femenino\/#article","isPartOf":{"@id":"https:\/\/diarioellabrador.cl\/index.php\/2026\/05\/02\/entre-cuecas-y-camaraderia-se-realizo-la-bienvenida-del-nacional-de-rodeo-femenino\/"},"author":{"name":"Editor","@id":"https:\/\/diarioellabrador.cl\/#\/schema\/person\/bc25ff80b4563f9c7f4bd7855df01685"},"headline":"Entre cuecas y camarader\u00eda se realiz\u00f3 la bienvenida del Nacional de Rodeo Femenino","datePublished":"2026-05-02T22:19:00+00:00","mainEntityOfPage":{"@id":"https:\/\/diarioellabrador.cl\/index.php\/2026\/05\/02\/entre-cuecas-y-camaraderia-se-realizo-la-bienvenida-del-nacional-de-rodeo-femenino\/"},"wordCount":458,"commentCount":0,"publisher":{"@id":"https:\/\/diarioellabrador.cl\/#organization"},"image":{"@id":"https:\/\/diarioellabrador.cl\/index.php\/2026\/05\/02\/entre-cuecas-y-camaraderia-se-realizo-la-bienvenida-del-nacional-de-rodeo-femenino\/#primaryimage"},"thumbnailUrl":"https:\/\/diarioellabrador.cl\/wp-content\/uploads\/2026\/05\/Entre-cuecas-y-camaraderia-se-realizo-la-bienvenida-del-Nacional-de-Rodeo-Femenino.jpg","articleSection":["Rodeo"],"inLanguage":"es","potentialAction":[{"@type":"CommentAction","name":"Comment","target":["https:\/\/diarioellabrador.cl\/index.php\/2026\/05\/02\/entre-cuecas-y-camaraderia-se-realizo-la-bienvenida-del-nacional-de-rodeo-femenino\/#respond"]}]},{"@type":"WebPage","@id":"https:\/\/diarioellabrador.cl\/index.php\/2026\/05\/02\/entre-cuecas-y-camaraderia-se-realizo-la-bienvenida-del-nacional-de-rodeo-femenino\/","url":"https:\/\/diarioellabrador.cl\/index.php\/2026\/05\/02\/entre-cuecas-y-camaraderia-se-realizo-la-bienvenida-del-nacional-de-rodeo-femenino\/","name":"Entre cuecas y camarader\u00eda se realiz\u00f3 la bienvenida del Nacional de Rodeo Femenino - Diario El Labrador","isPartOf":{"@id":"https:\/\/diarioellabrador.cl\/#website"},"primaryImageOfPage":{"@id":"https:\/\/diarioellabrador.cl\/index.php\/2026\/05\/02\/entre-cuecas-y-camaraderia-se-realizo-la-bienvenida-del-nacional-de-rodeo-femenino\/#primaryimage"},"image":{"@id":"https:\/\/diarioellabrador.cl\/index.php\/2026\/05\/02\/entre-cuecas-y-camaraderia-se-realizo-la-bienvenida-del-nacional-de-rodeo-femenino\/#primaryimage"},"thumbnailUrl":"https:\/\/diarioellabrador.cl\/wp-content\/uploads\/2026\/05\/Entre-cuecas-y-camaraderia-se-realizo-la-bienvenida-del-Nacional-de-Rodeo-Femenino.jpg","datePublished":"2026-05-02T22:19:00+00:00","breadcrumb":{"@id":"https:\/\/diarioellabrador.cl\/index.php\/2026\/05\/02\/entre-cuecas-y-camaraderia-se-realizo-la-bienvenida-del-nacional-de-rodeo-femenino\/#breadcrumb"},"inLanguage":"es","potentialAction":[{"@type":"ReadAction","target":["https:\/\/diarioellabrador.cl\/index.php\/2026\/05\/02\/entre-cuecas-y-camaraderia-se-realizo-la-bienvenida-del-nacional-de-rodeo-femenino\/"]}]},{"@type":"ImageObject","inLanguage":"es","@id":"https:\/\/diarioellabrador.cl\/index.php\/2026\/05\/02\/entre-cuecas-y-camaraderia-se-realizo-la-bienvenida-del-nacional-de-rodeo-femenino\/#primaryimage","url":"https:\/\/diarioellabrador.cl\/wp-content\/uploads\/2026\/05\/Entre-cuecas-y-camaraderia-se-realizo-la-bienvenida-del-Nacional-de-Rodeo-Femenino.jpg","contentUrl":"https:\/\/diarioellabrador.cl\/wp-content\/uploads\/2026\/05\/Entre-cuecas-y-camaraderia-se-realizo-la-bienvenida-del-Nacional-de-Rodeo-Femenino.jpg","width":750,"height":389},{"@type":"BreadcrumbList","@id":"https:\/\/diarioellabrador.cl\/index.php\/2026\/05\/02\/entre-cuecas-y-camaraderia-se-realizo-la-bienvenida-del-nacional-de-rodeo-femenino\/#breadcrumb","itemListElement":[{"@type":"ListItem","position":1,"name":"Portada","item":"https:\/\/diarioellabrador.cl\/"},{"@type":"ListItem","position":2,"name":"Entre cuecas y camarader\u00eda se realiz\u00f3 la bienvenida del Nacional de Rodeo Femenino"}]},{"@type":"WebSite","@id":"https:\/\/diarioellabrador.cl\/#website","url":"https:\/\/diarioellabrador.cl\/","name":"Diario El Labrador","description":"Haciendo noticia desde 1921","publisher":{"@id":"https:\/\/diarioellabrador.cl\/#organization"},"potentialAction":[{"@type":"SearchAction","target":{"@type":"EntryPoint","urlTemplate":"https:\/\/diarioellabrador.cl\/?s={search_term_string}"},"query-input":{"@type":"PropertyValueSpecification","valueRequired":true,"valueName":"search_term_string"}}],"inLanguage":"es"},{"@type":"Organization","@id":"https:\/\/diarioellabrador.cl\/#organization","name":"Diario El Labrador","url":"https:\/\/diarioellabrador.cl\/","logo":{"@type":"ImageObject","inLanguage":"es","@id":"https:\/\/diarioellabrador.cl\/#\/schema\/logo\/image\/","url":"https:\/\/diarioellabrador.cl\/wp-content\/uploads\/2025\/02\/cropped-Logo-Icono.png","contentUrl":"https:\/\/diarioellabrador.cl\/wp-content\/uploads\/2025\/02\/cropped-Logo-Icono.png","width":512,"height":512,"caption":"Diario El Labrador"},"image":{"@id":"https:\/\/diarioellabrador.cl\/#\/schema\/logo\/image\/"},"sameAs":["https:\/\/web.facebook.com\/profile.php?id=61576120840621","https:\/\/x.com\/ElLabradorOf","https:\/\/www.instagram.com\/diarioellabradoroficial\/"]},{"@type":"Person","@id":"https:\/\/diarioellabrador.cl\/#\/schema\/person\/bc25ff80b4563f9c7f4bd7855df01685","name":"Editor","image":{"@type":"ImageObject","inLanguage":"es","@id":"https:\/\/secure.gravatar.com\/avatar\/109c326cf2be5c04f048c2c2a2b8b6ef44bf3d8d1d3d4c55d0ac40c4bc994684?s=96&d=mm&r=g","url":"https:\/\/secure.gravatar.com\/avatar\/109c326cf2be5c04f048c2c2a2b8b6ef44bf3d8d1d3d4c55d0ac40c4bc994684?s=96&d=mm&r=g","contentUrl":"https:\/\/secure.gravatar.com\/avatar\/109c326cf2be5c04f048c2c2a2b8b6ef44bf3d8d1d3d4c55d0ac40c4bc994684?s=96&d=mm&r=g","caption":"Editor"},"url":"https:\/\/diarioellabrador.cl\/index.php\/author\/editor\/"}]}},"_links":{"self":[{"href":"https:\/\/diarioellabrador.cl\/index.php\/wp-json\/wp\/v2\/posts\/18868","targetHints":{"allow":["GET"]}}],"collection":[{"href":"https:\/\/diarioellabrador.cl\/index.php\/wp-json\/wp\/v2\/posts"}],"about":[{"href":"https:\/\/diarioellabrador.cl\/index.php\/wp-json\/wp\/v2\/types\/post"}],"author":[{"embeddable":true,"href":"https:\/\/diarioellabrador.cl\/index.php\/wp-json\/wp\/v2\/users\/2"}],"replies":[{"embeddable":true,"href":"https:\/\/diarioellabrador.cl\/index.php\/wp-json\/wp\/v2\/comments?post=18868"}],"version-history":[{"count":1,"href":"https:\/\/diarioellabrador.cl\/index.php\/wp-json\/wp\/v2\/posts\/18868\/revisions"}],"predecessor-version":[{"id":18869,"href":"https:\/\/diarioellabrador.cl\/index.php\/wp-json\/wp\/v2\/posts\/18868\/revisions\/18869"}],"wp:featuredmedia":[{"embeddable":true,"href":"https:\/\/diarioellabrador.cl\/index.php\/wp-json\/wp\/v2\/media\/18848"}],"wp:attachment":[{"href":"https:\/\/diarioellabrador.cl\/index.php\/wp-json\/wp\/v2\/media?parent=18868"}],"wp:term":[{"taxonomy":"category","embeddable":true,"href":"https:\/\/diarioellabrador.cl\/index.php\/wp-json\/wp\/v2\/categories?post=18868"},{"taxonomy":"post_tag","embeddable":true,"href":"https:\/\/diarioellabrador.cl\/index.php\/wp-json\/wp\/v2\/tags?post=18868"}],"curies":[{"name":"wp","href":"https:\/\/api.w.org\/{rel}","templated":true}]}}