{"id":18866,"date":"2026-05-02T18:19:00","date_gmt":"2026-05-02T22:19:00","guid":{"rendered":"https:\/\/diarioellabrador.cl\/?p=18866"},"modified":"2026-05-02T16:19:28","modified_gmt":"2026-05-02T20:19:28","slug":"claudio-aravena-nuestra-federacion-goza-de-una-estructura-financiera-sana","status":"publish","type":"post","link":"https:\/\/diarioellabrador.cl\/index.php\/2026\/05\/02\/claudio-aravena-nuestra-federacion-goza-de-una-estructura-financiera-sana\/","title":{"rendered":"Claudio Aravena: \u00abNuestra Federaci\u00f3n goza de una estructura financiera sana\u00bb"},"content":{"rendered":"\n<p><strong>Autor: <\/strong><a href=\"https:\/\/www.caballoyrodeo.cl\/portal_rodeo\/site\/artic\/20240223\/pags\/20240223201413.html\">Alejandro Alegr\u00eda Torres<\/a><\/p>\n\n\n\n<p><strong>Claudio Aravena Flores<\/strong>, director tesorero de la <strong>Federaci\u00f3n del Rodeo Chileno<\/strong>, coment\u00f3 la exposici\u00f3n que realiz\u00f3 este jueves en la Asamblea de Socios, en donde present\u00f3 el <strong>Balance Financiero de 2025<\/strong>, en el cual se mostr\u00f3 los n\u00fameros positivos que tiene la entidad, y que fue aprobado por unanimidad por los presidentes de asociaci\u00f3n.<\/p>\n\n\n\n<p>Claudio Aravena dijo a <strong>Caballoyrodeo.cl <\/strong>que \u00abnuestra Federaci\u00f3n goza de una estructura financieramente sana, porque nuestro activo se financia con recursos que son propios. Nuestros pasivos, que son las deudas, son m\u00ednimos. M\u00e1s de la mitad de nuestros activos est\u00e1n en nuestras propiedades y en nuestro equipo. Del activo corriente, m\u00e1s de la mitad es activo biol\u00f3gico, que corresponde a los novillos que tiene la Federaci\u00f3n. La poquita deuda que tenemos, si quisi\u00e9ramos, la podr\u00edamos pagar inmediatamente con el disponible que tenemos en efectivo\u00bb.<\/p>\n\n\n\n<p>\u00abHemos logrado mantener equilibradas todas nuestras cuentas. Esto no es un resultado solo de la gesti\u00f3n de este directorio, sino que es algo que viene desde directorios pasados. Lo \u00fanico que hemos hecho nosotros es mantener esa estructura financiera sana, para que nos permite proyectarnos a mediano y largo plazo\u00bb, agreg\u00f3.<\/p>\n\n\n\n<p>Aravena profundiz\u00f3 en el balance, diciendo: \u00abLos estados financieros fueron aprobados por unanimidad. Todos concordaron en que hab\u00eda tranquilidad con respecto al uso de los recursos y a la administraci\u00f3n de estos por parte del directorio, as\u00ed que fueron muy bien recibidos. Hemos consolidado el buen desempe\u00f1o con las platas de la Federaci\u00f3n, para que todos los socios puedan estar tranquilos de que sus recursos est\u00e1n siendo bien administrados\u00bb.<\/p>\n\n\n\n<p>Finalmente, tambi\u00e9n coment\u00f3 la elecci\u00f3n de <strong>Ram\u00f3n Gallegos Riff<\/strong> (presidente de la Asociaci\u00f3n Atacama), <strong>Hern\u00e1n Mascar\u00f3 Garc\u00e9s<\/strong> (Asociaci\u00f3n Valle Santa Cruz) y <strong>Jes\u00fas Rodr\u00edguez Sober\u00f3n<\/strong> (Asociaci\u00f3n R\u00edo Caut\u00edn) como integrantes de la Comisi\u00f3n Electoral 2026.<\/p>\n\n\n\n<p>\u00abEn una sesi\u00f3n extraordinaria se eligi\u00f3 a la comisi\u00f3n electoral para llevar a cabo el proceso de elecciones para el 17 de julio, cuando se realice el Consultivo. En esa instancia se tiene que renovar parte del directorio y el Tribunal Supremo de manera completa\u00bb, cerr\u00f3.<\/p>\n","protected":false},"excerpt":{"rendered":"<p>Autor: Alejandro Alegr\u00eda Torres Claudio Aravena Flores, director tesorero de la Federaci\u00f3n del Rodeo Chileno, coment\u00f3 la exposici\u00f3n que realiz\u00f3 este jueves en la Asamblea de Socios, en donde present\u00f3 el Balance Financiero de 2025, en el cual se mostr\u00f3 los n\u00fameros positivos que tiene la entidad, y que fue aprobado por unanimidad por los<\/p>\n<div class=\"read-more-wrapper\"><a class=\"read-more\" href=\"https:\/\/diarioellabrador.cl\/index.php\/2026\/05\/02\/claudio-aravena-nuestra-federacion-goza-de-una-estructura-financiera-sana\/\" title=\"Leer m\u00e1s\"> <span class=\"button \">Leer m\u00e1s<\/span><\/a><\/div>\n","protected":false},"author":2,"featured_media":18849,"comment_status":"open","ping_status":"open","sticky":false,"template":"","format":"standard","meta":{"footnotes":""},"categories":[5],"tags":[],"class_list":["post-18866","post","type-post","status-publish","format-standard","has-post-thumbnail","hentry","category-rodeo"],"yoast_head":"<!-- This site is optimized with the Yoast SEO plugin v27.5 - https:\/\/yoast.com\/product\/yoast-seo-wordpress\/ -->\n<title>Claudio Aravena: &quot;Nuestra Federaci\u00f3n goza de una estructura financiera sana&quot; - Diario El Labrador<\/title>\n<meta name=\"robots\" content=\"index, follow, max-snippet:-1, max-image-preview:large, max-video-preview:-1\" \/>\n<link rel=\"canonical\" href=\"https:\/\/diarioellabrador.cl\/index.php\/2026\/05\/02\/claudio-aravena-nuestra-federacion-goza-de-una-estructura-financiera-sana\/\" \/>\n<meta property=\"og:locale\" content=\"es_ES\" \/>\n<meta property=\"og:type\" content=\"article\" \/>\n<meta property=\"og:title\" content=\"Claudio Aravena: &quot;Nuestra Federaci\u00f3n goza de una estructura financiera sana&quot; - Diario El Labrador\" \/>\n<meta property=\"og:description\" content=\"Autor: Alejandro Alegr\u00eda Torres Claudio Aravena Flores, director tesorero de la Federaci\u00f3n del Rodeo Chileno, coment\u00f3 la exposici\u00f3n que realiz\u00f3 este jueves en la Asamblea de Socios, en donde present\u00f3 el Balance Financiero de 2025, en el cual se mostr\u00f3 los n\u00fameros positivos que tiene la entidad, y que fue aprobado por unanimidad por los Leer m\u00e1s\" \/>\n<meta property=\"og:url\" content=\"https:\/\/diarioellabrador.cl\/index.php\/2026\/05\/02\/claudio-aravena-nuestra-federacion-goza-de-una-estructura-financiera-sana\/\" \/>\n<meta property=\"og:site_name\" content=\"Diario El Labrador\" \/>\n<meta property=\"article:publisher\" content=\"https:\/\/web.facebook.com\/profile.php?id=61576120840621\" \/>\n<meta property=\"article:published_time\" content=\"2026-05-02T22:19:00+00:00\" \/>\n<meta property=\"og:image\" content=\"https:\/\/diarioellabrador.cl\/wp-content\/uploads\/2026\/05\/Claudio-Aravena-Nuestra-Federacion-goza-de-una-estructura-financiera-sana.jpg\" \/>\n\t<meta property=\"og:image:width\" content=\"750\" \/>\n\t<meta property=\"og:image:height\" content=\"389\" \/>\n\t<meta property=\"og:image:type\" content=\"image\/jpeg\" \/>\n<meta name=\"author\" content=\"Editor\" \/>\n<meta name=\"twitter:card\" content=\"summary_large_image\" \/>\n<meta name=\"twitter:creator\" content=\"@ElLabradorOf\" \/>\n<meta name=\"twitter:site\" content=\"@ElLabradorOf\" \/>\n<meta name=\"twitter:label1\" content=\"Escrito por\" \/>\n\t<meta name=\"twitter:data1\" content=\"Editor\" \/>\n\t<meta name=\"twitter:label2\" content=\"Tiempo de lectura\" \/>\n\t<meta name=\"twitter:data2\" content=\"2 minutos\" \/>\n<script type=\"application\/ld+json\" class=\"yoast-schema-graph\">{\"@context\":\"https:\\\/\\\/schema.org\",\"@graph\":[{\"@type\":\"Article\",\"@id\":\"https:\\\/\\\/diarioellabrador.cl\\\/index.php\\\/2026\\\/05\\\/02\\\/claudio-aravena-nuestra-federacion-goza-de-una-estructura-financiera-sana\\\/#article\",\"isPartOf\":{\"@id\":\"https:\\\/\\\/diarioellabrador.cl\\\/index.php\\\/2026\\\/05\\\/02\\\/claudio-aravena-nuestra-federacion-goza-de-una-estructura-financiera-sana\\\/\"},\"author\":{\"name\":\"Editor\",\"@id\":\"https:\\\/\\\/diarioellabrador.cl\\\/#\\\/schema\\\/person\\\/bc25ff80b4563f9c7f4bd7855df01685\"},\"headline\":\"Claudio Aravena: \u00abNuestra Federaci\u00f3n goza de una estructura financiera sana\u00bb\",\"datePublished\":\"2026-05-02T22:19:00+00:00\",\"mainEntityOfPage\":{\"@id\":\"https:\\\/\\\/diarioellabrador.cl\\\/index.php\\\/2026\\\/05\\\/02\\\/claudio-aravena-nuestra-federacion-goza-de-una-estructura-financiera-sana\\\/\"},\"wordCount\":388,\"commentCount\":0,\"publisher\":{\"@id\":\"https:\\\/\\\/diarioellabrador.cl\\\/#organization\"},\"image\":{\"@id\":\"https:\\\/\\\/diarioellabrador.cl\\\/index.php\\\/2026\\\/05\\\/02\\\/claudio-aravena-nuestra-federacion-goza-de-una-estructura-financiera-sana\\\/#primaryimage\"},\"thumbnailUrl\":\"https:\\\/\\\/diarioellabrador.cl\\\/wp-content\\\/uploads\\\/2026\\\/05\\\/Claudio-Aravena-Nuestra-Federacion-goza-de-una-estructura-financiera-sana.jpg\",\"articleSection\":[\"Rodeo\"],\"inLanguage\":\"es\",\"potentialAction\":[{\"@type\":\"CommentAction\",\"name\":\"Comment\",\"target\":[\"https:\\\/\\\/diarioellabrador.cl\\\/index.php\\\/2026\\\/05\\\/02\\\/claudio-aravena-nuestra-federacion-goza-de-una-estructura-financiera-sana\\\/#respond\"]}]},{\"@type\":\"WebPage\",\"@id\":\"https:\\\/\\\/diarioellabrador.cl\\\/index.php\\\/2026\\\/05\\\/02\\\/claudio-aravena-nuestra-federacion-goza-de-una-estructura-financiera-sana\\\/\",\"url\":\"https:\\\/\\\/diarioellabrador.cl\\\/index.php\\\/2026\\\/05\\\/02\\\/claudio-aravena-nuestra-federacion-goza-de-una-estructura-financiera-sana\\\/\",\"name\":\"Claudio Aravena: \\\"Nuestra Federaci\u00f3n goza de una estructura financiera sana\\\" - Diario El Labrador\",\"isPartOf\":{\"@id\":\"https:\\\/\\\/diarioellabrador.cl\\\/#website\"},\"primaryImageOfPage\":{\"@id\":\"https:\\\/\\\/diarioellabrador.cl\\\/index.php\\\/2026\\\/05\\\/02\\\/claudio-aravena-nuestra-federacion-goza-de-una-estructura-financiera-sana\\\/#primaryimage\"},\"image\":{\"@id\":\"https:\\\/\\\/diarioellabrador.cl\\\/index.php\\\/2026\\\/05\\\/02\\\/claudio-aravena-nuestra-federacion-goza-de-una-estructura-financiera-sana\\\/#primaryimage\"},\"thumbnailUrl\":\"https:\\\/\\\/diarioellabrador.cl\\\/wp-content\\\/uploads\\\/2026\\\/05\\\/Claudio-Aravena-Nuestra-Federacion-goza-de-una-estructura-financiera-sana.jpg\",\"datePublished\":\"2026-05-02T22:19:00+00:00\",\"breadcrumb\":{\"@id\":\"https:\\\/\\\/diarioellabrador.cl\\\/index.php\\\/2026\\\/05\\\/02\\\/claudio-aravena-nuestra-federacion-goza-de-una-estructura-financiera-sana\\\/#breadcrumb\"},\"inLanguage\":\"es\",\"potentialAction\":[{\"@type\":\"ReadAction\",\"target\":[\"https:\\\/\\\/diarioellabrador.cl\\\/index.php\\\/2026\\\/05\\\/02\\\/claudio-aravena-nuestra-federacion-goza-de-una-estructura-financiera-sana\\\/\"]}]},{\"@type\":\"ImageObject\",\"inLanguage\":\"es\",\"@id\":\"https:\\\/\\\/diarioellabrador.cl\\\/index.php\\\/2026\\\/05\\\/02\\\/claudio-aravena-nuestra-federacion-goza-de-una-estructura-financiera-sana\\\/#primaryimage\",\"url\":\"https:\\\/\\\/diarioellabrador.cl\\\/wp-content\\\/uploads\\\/2026\\\/05\\\/Claudio-Aravena-Nuestra-Federacion-goza-de-una-estructura-financiera-sana.jpg\",\"contentUrl\":\"https:\\\/\\\/diarioellabrador.cl\\\/wp-content\\\/uploads\\\/2026\\\/05\\\/Claudio-Aravena-Nuestra-Federacion-goza-de-una-estructura-financiera-sana.jpg\",\"width\":750,\"height\":389},{\"@type\":\"BreadcrumbList\",\"@id\":\"https:\\\/\\\/diarioellabrador.cl\\\/index.php\\\/2026\\\/05\\\/02\\\/claudio-aravena-nuestra-federacion-goza-de-una-estructura-financiera-sana\\\/#breadcrumb\",\"itemListElement\":[{\"@type\":\"ListItem\",\"position\":1,\"name\":\"Portada\",\"item\":\"https:\\\/\\\/diarioellabrador.cl\\\/\"},{\"@type\":\"ListItem\",\"position\":2,\"name\":\"Claudio Aravena: \u00abNuestra Federaci\u00f3n goza de una estructura financiera sana\u00bb\"}]},{\"@type\":\"WebSite\",\"@id\":\"https:\\\/\\\/diarioellabrador.cl\\\/#website\",\"url\":\"https:\\\/\\\/diarioellabrador.cl\\\/\",\"name\":\"Diario El Labrador\",\"description\":\"Haciendo noticia desde 1921\",\"publisher\":{\"@id\":\"https:\\\/\\\/diarioellabrador.cl\\\/#organization\"},\"potentialAction\":[{\"@type\":\"SearchAction\",\"target\":{\"@type\":\"EntryPoint\",\"urlTemplate\":\"https:\\\/\\\/diarioellabrador.cl\\\/?s={search_term_string}\"},\"query-input\":{\"@type\":\"PropertyValueSpecification\",\"valueRequired\":true,\"valueName\":\"search_term_string\"}}],\"inLanguage\":\"es\"},{\"@type\":\"Organization\",\"@id\":\"https:\\\/\\\/diarioellabrador.cl\\\/#organization\",\"name\":\"Diario El Labrador\",\"url\":\"https:\\\/\\\/diarioellabrador.cl\\\/\",\"logo\":{\"@type\":\"ImageObject\",\"inLanguage\":\"es\",\"@id\":\"https:\\\/\\\/diarioellabrador.cl\\\/#\\\/schema\\\/logo\\\/image\\\/\",\"url\":\"https:\\\/\\\/diarioellabrador.cl\\\/wp-content\\\/uploads\\\/2025\\\/02\\\/cropped-Logo-Icono.png\",\"contentUrl\":\"https:\\\/\\\/diarioellabrador.cl\\\/wp-content\\\/uploads\\\/2025\\\/02\\\/cropped-Logo-Icono.png\",\"width\":512,\"height\":512,\"caption\":\"Diario El Labrador\"},\"image\":{\"@id\":\"https:\\\/\\\/diarioellabrador.cl\\\/#\\\/schema\\\/logo\\\/image\\\/\"},\"sameAs\":[\"https:\\\/\\\/web.facebook.com\\\/profile.php?id=61576120840621\",\"https:\\\/\\\/x.com\\\/ElLabradorOf\",\"https:\\\/\\\/www.instagram.com\\\/diarioellabradoroficial\\\/\"]},{\"@type\":\"Person\",\"@id\":\"https:\\\/\\\/diarioellabrador.cl\\\/#\\\/schema\\\/person\\\/bc25ff80b4563f9c7f4bd7855df01685\",\"name\":\"Editor\",\"image\":{\"@type\":\"ImageObject\",\"inLanguage\":\"es\",\"@id\":\"https:\\\/\\\/secure.gravatar.com\\\/avatar\\\/109c326cf2be5c04f048c2c2a2b8b6ef44bf3d8d1d3d4c55d0ac40c4bc994684?s=96&d=mm&r=g\",\"url\":\"https:\\\/\\\/secure.gravatar.com\\\/avatar\\\/109c326cf2be5c04f048c2c2a2b8b6ef44bf3d8d1d3d4c55d0ac40c4bc994684?s=96&d=mm&r=g\",\"contentUrl\":\"https:\\\/\\\/secure.gravatar.com\\\/avatar\\\/109c326cf2be5c04f048c2c2a2b8b6ef44bf3d8d1d3d4c55d0ac40c4bc994684?s=96&d=mm&r=g\",\"caption\":\"Editor\"},\"url\":\"https:\\\/\\\/diarioellabrador.cl\\\/index.php\\\/author\\\/editor\\\/\"}]}<\/script>\n<!-- \/ Yoast SEO plugin. -->","yoast_head_json":{"title":"Claudio Aravena: \"Nuestra Federaci\u00f3n goza de una estructura financiera sana\" - Diario El Labrador","robots":{"index":"index","follow":"follow","max-snippet":"max-snippet:-1","max-image-preview":"max-image-preview:large","max-video-preview":"max-video-preview:-1"},"canonical":"https:\/\/diarioellabrador.cl\/index.php\/2026\/05\/02\/claudio-aravena-nuestra-federacion-goza-de-una-estructura-financiera-sana\/","og_locale":"es_ES","og_type":"article","og_title":"Claudio Aravena: \"Nuestra Federaci\u00f3n goza de una estructura financiera sana\" - Diario El Labrador","og_description":"Autor: Alejandro Alegr\u00eda Torres Claudio Aravena Flores, director tesorero de la Federaci\u00f3n del Rodeo Chileno, coment\u00f3 la exposici\u00f3n que realiz\u00f3 este jueves en la Asamblea de Socios, en donde present\u00f3 el Balance Financiero de 2025, en el cual se mostr\u00f3 los n\u00fameros positivos que tiene la entidad, y que fue aprobado por unanimidad por los Leer m\u00e1s","og_url":"https:\/\/diarioellabrador.cl\/index.php\/2026\/05\/02\/claudio-aravena-nuestra-federacion-goza-de-una-estructura-financiera-sana\/","og_site_name":"Diario El Labrador","article_publisher":"https:\/\/web.facebook.com\/profile.php?id=61576120840621","article_published_time":"2026-05-02T22:19:00+00:00","og_image":[{"width":750,"height":389,"url":"https:\/\/diarioellabrador.cl\/wp-content\/uploads\/2026\/05\/Claudio-Aravena-Nuestra-Federacion-goza-de-una-estructura-financiera-sana.jpg","type":"image\/jpeg"}],"author":"Editor","twitter_card":"summary_large_image","twitter_creator":"@ElLabradorOf","twitter_site":"@ElLabradorOf","twitter_misc":{"Escrito por":"Editor","Tiempo de lectura":"2 minutos"},"schema":{"@context":"https:\/\/schema.org","@graph":[{"@type":"Article","@id":"https:\/\/diarioellabrador.cl\/index.php\/2026\/05\/02\/claudio-aravena-nuestra-federacion-goza-de-una-estructura-financiera-sana\/#article","isPartOf":{"@id":"https:\/\/diarioellabrador.cl\/index.php\/2026\/05\/02\/claudio-aravena-nuestra-federacion-goza-de-una-estructura-financiera-sana\/"},"author":{"name":"Editor","@id":"https:\/\/diarioellabrador.cl\/#\/schema\/person\/bc25ff80b4563f9c7f4bd7855df01685"},"headline":"Claudio Aravena: \u00abNuestra Federaci\u00f3n goza de una estructura financiera sana\u00bb","datePublished":"2026-05-02T22:19:00+00:00","mainEntityOfPage":{"@id":"https:\/\/diarioellabrador.cl\/index.php\/2026\/05\/02\/claudio-aravena-nuestra-federacion-goza-de-una-estructura-financiera-sana\/"},"wordCount":388,"commentCount":0,"publisher":{"@id":"https:\/\/diarioellabrador.cl\/#organization"},"image":{"@id":"https:\/\/diarioellabrador.cl\/index.php\/2026\/05\/02\/claudio-aravena-nuestra-federacion-goza-de-una-estructura-financiera-sana\/#primaryimage"},"thumbnailUrl":"https:\/\/diarioellabrador.cl\/wp-content\/uploads\/2026\/05\/Claudio-Aravena-Nuestra-Federacion-goza-de-una-estructura-financiera-sana.jpg","articleSection":["Rodeo"],"inLanguage":"es","potentialAction":[{"@type":"CommentAction","name":"Comment","target":["https:\/\/diarioellabrador.cl\/index.php\/2026\/05\/02\/claudio-aravena-nuestra-federacion-goza-de-una-estructura-financiera-sana\/#respond"]}]},{"@type":"WebPage","@id":"https:\/\/diarioellabrador.cl\/index.php\/2026\/05\/02\/claudio-aravena-nuestra-federacion-goza-de-una-estructura-financiera-sana\/","url":"https:\/\/diarioellabrador.cl\/index.php\/2026\/05\/02\/claudio-aravena-nuestra-federacion-goza-de-una-estructura-financiera-sana\/","name":"Claudio Aravena: \"Nuestra Federaci\u00f3n goza de una estructura financiera sana\" - Diario El Labrador","isPartOf":{"@id":"https:\/\/diarioellabrador.cl\/#website"},"primaryImageOfPage":{"@id":"https:\/\/diarioellabrador.cl\/index.php\/2026\/05\/02\/claudio-aravena-nuestra-federacion-goza-de-una-estructura-financiera-sana\/#primaryimage"},"image":{"@id":"https:\/\/diarioellabrador.cl\/index.php\/2026\/05\/02\/claudio-aravena-nuestra-federacion-goza-de-una-estructura-financiera-sana\/#primaryimage"},"thumbnailUrl":"https:\/\/diarioellabrador.cl\/wp-content\/uploads\/2026\/05\/Claudio-Aravena-Nuestra-Federacion-goza-de-una-estructura-financiera-sana.jpg","datePublished":"2026-05-02T22:19:00+00:00","breadcrumb":{"@id":"https:\/\/diarioellabrador.cl\/index.php\/2026\/05\/02\/claudio-aravena-nuestra-federacion-goza-de-una-estructura-financiera-sana\/#breadcrumb"},"inLanguage":"es","potentialAction":[{"@type":"ReadAction","target":["https:\/\/diarioellabrador.cl\/index.php\/2026\/05\/02\/claudio-aravena-nuestra-federacion-goza-de-una-estructura-financiera-sana\/"]}]},{"@type":"ImageObject","inLanguage":"es","@id":"https:\/\/diarioellabrador.cl\/index.php\/2026\/05\/02\/claudio-aravena-nuestra-federacion-goza-de-una-estructura-financiera-sana\/#primaryimage","url":"https:\/\/diarioellabrador.cl\/wp-content\/uploads\/2026\/05\/Claudio-Aravena-Nuestra-Federacion-goza-de-una-estructura-financiera-sana.jpg","contentUrl":"https:\/\/diarioellabrador.cl\/wp-content\/uploads\/2026\/05\/Claudio-Aravena-Nuestra-Federacion-goza-de-una-estructura-financiera-sana.jpg","width":750,"height":389},{"@type":"BreadcrumbList","@id":"https:\/\/diarioellabrador.cl\/index.php\/2026\/05\/02\/claudio-aravena-nuestra-federacion-goza-de-una-estructura-financiera-sana\/#breadcrumb","itemListElement":[{"@type":"ListItem","position":1,"name":"Portada","item":"https:\/\/diarioellabrador.cl\/"},{"@type":"ListItem","position":2,"name":"Claudio Aravena: \u00abNuestra Federaci\u00f3n goza de una estructura financiera sana\u00bb"}]},{"@type":"WebSite","@id":"https:\/\/diarioellabrador.cl\/#website","url":"https:\/\/diarioellabrador.cl\/","name":"Diario El Labrador","description":"Haciendo noticia desde 1921","publisher":{"@id":"https:\/\/diarioellabrador.cl\/#organization"},"potentialAction":[{"@type":"SearchAction","target":{"@type":"EntryPoint","urlTemplate":"https:\/\/diarioellabrador.cl\/?s={search_term_string}"},"query-input":{"@type":"PropertyValueSpecification","valueRequired":true,"valueName":"search_term_string"}}],"inLanguage":"es"},{"@type":"Organization","@id":"https:\/\/diarioellabrador.cl\/#organization","name":"Diario El Labrador","url":"https:\/\/diarioellabrador.cl\/","logo":{"@type":"ImageObject","inLanguage":"es","@id":"https:\/\/diarioellabrador.cl\/#\/schema\/logo\/image\/","url":"https:\/\/diarioellabrador.cl\/wp-content\/uploads\/2025\/02\/cropped-Logo-Icono.png","contentUrl":"https:\/\/diarioellabrador.cl\/wp-content\/uploads\/2025\/02\/cropped-Logo-Icono.png","width":512,"height":512,"caption":"Diario El Labrador"},"image":{"@id":"https:\/\/diarioellabrador.cl\/#\/schema\/logo\/image\/"},"sameAs":["https:\/\/web.facebook.com\/profile.php?id=61576120840621","https:\/\/x.com\/ElLabradorOf","https:\/\/www.instagram.com\/diarioellabradoroficial\/"]},{"@type":"Person","@id":"https:\/\/diarioellabrador.cl\/#\/schema\/person\/bc25ff80b4563f9c7f4bd7855df01685","name":"Editor","image":{"@type":"ImageObject","inLanguage":"es","@id":"https:\/\/secure.gravatar.com\/avatar\/109c326cf2be5c04f048c2c2a2b8b6ef44bf3d8d1d3d4c55d0ac40c4bc994684?s=96&d=mm&r=g","url":"https:\/\/secure.gravatar.com\/avatar\/109c326cf2be5c04f048c2c2a2b8b6ef44bf3d8d1d3d4c55d0ac40c4bc994684?s=96&d=mm&r=g","contentUrl":"https:\/\/secure.gravatar.com\/avatar\/109c326cf2be5c04f048c2c2a2b8b6ef44bf3d8d1d3d4c55d0ac40c4bc994684?s=96&d=mm&r=g","caption":"Editor"},"url":"https:\/\/diarioellabrador.cl\/index.php\/author\/editor\/"}]}},"_links":{"self":[{"href":"https:\/\/diarioellabrador.cl\/index.php\/wp-json\/wp\/v2\/posts\/18866","targetHints":{"allow":["GET"]}}],"collection":[{"href":"https:\/\/diarioellabrador.cl\/index.php\/wp-json\/wp\/v2\/posts"}],"about":[{"href":"https:\/\/diarioellabrador.cl\/index.php\/wp-json\/wp\/v2\/types\/post"}],"author":[{"embeddable":true,"href":"https:\/\/diarioellabrador.cl\/index.php\/wp-json\/wp\/v2\/users\/2"}],"replies":[{"embeddable":true,"href":"https:\/\/diarioellabrador.cl\/index.php\/wp-json\/wp\/v2\/comments?post=18866"}],"version-history":[{"count":1,"href":"https:\/\/diarioellabrador.cl\/index.php\/wp-json\/wp\/v2\/posts\/18866\/revisions"}],"predecessor-version":[{"id":18867,"href":"https:\/\/diarioellabrador.cl\/index.php\/wp-json\/wp\/v2\/posts\/18866\/revisions\/18867"}],"wp:featuredmedia":[{"embeddable":true,"href":"https:\/\/diarioellabrador.cl\/index.php\/wp-json\/wp\/v2\/media\/18849"}],"wp:attachment":[{"href":"https:\/\/diarioellabrador.cl\/index.php\/wp-json\/wp\/v2\/media?parent=18866"}],"wp:term":[{"taxonomy":"category","embeddable":true,"href":"https:\/\/diarioellabrador.cl\/index.php\/wp-json\/wp\/v2\/categories?post=18866"},{"taxonomy":"post_tag","embeddable":true,"href":"https:\/\/diarioellabrador.cl\/index.php\/wp-json\/wp\/v2\/tags?post=18866"}],"curies":[{"name":"wp","href":"https:\/\/api.w.org\/{rel}","templated":true}]}}