{"id":18862,"date":"2026-05-02T18:17:00","date_gmt":"2026-05-02T22:17:00","guid":{"rendered":"https:\/\/diarioellabrador.cl\/?p=18862"},"modified":"2026-05-02T16:17:27","modified_gmt":"2026-05-02T20:17:27","slug":"conmebol-destaco-a-dos-futbolistas-chilenos-tras-semana-de-libertadores-y-sudamericana","status":"publish","type":"post","link":"https:\/\/diarioellabrador.cl\/index.php\/2026\/05\/02\/conmebol-destaco-a-dos-futbolistas-chilenos-tras-semana-de-libertadores-y-sudamericana\/","title":{"rendered":"Conmebol destac\u00f3 a dos futbolistas chilenos tras semana de Libertadores y Sudamericana"},"content":{"rendered":"\n<p><strong>Conmebol<\/strong> destac\u00f3 a dos futbolistas chilenos en su once ideal de la semana, con uno en el de Copa Libertadores y otro en Copa Sudamericana: <strong>Clemente Montes y Sebasti\u00e1n P\u00e9rez<\/strong>.<\/p>\n\n\n\n<p>El delantero de Universidad Cat\u00f3lica fue clave en la victoria sobre Barcelona SC en Ecuador, <strong>donde aport\u00f3 una asistencia y un gol en el triunfo 1-2 de \u2018La Franja\u2019<\/strong>.<\/p>\n\n\n\n<p>Por lo anterior, y pese a jugar como atacante, Montes apareci\u00f3 como uno de los cuatro mejores volantes de la semana en Copa Libertadores.<\/p>\n\n\n\n<p>La oncena la conforman el portero Alexis Mart\u00edn Arias (Cerro Porte\u00f1o); los defensas Mateo Mend\u00eda (Platense), Fabricio Bruno (Cruzeiro) y Ca\u00edn Fara (Universitario).<\/p>\n\n\n\n<p>En mediocampo figuran Robson Matheus (Bol\u00edvar), Sebasti\u00e1n Guzm\u00e1n (Tolima), Jesse Lingard (Corinthians) y Clemente Montes; y en delantera destacan \u00c1ngel Di Mar\u00eda (Rosario Central), Alex Arce (Independiente Rivadavia) y Carlos Gonz\u00e1lez (Independiente del Valle).<\/p>\n\n\n\n<h2 class=\"wp-block-heading\">Conmebol destac\u00f3 a \u2018Zanahoria\u2019 P\u00e9rez<\/h2>\n\n\n\n<p>En el once idea de Copa Sudamericana, <strong>el mejor arquero fue el nacional Sebasti\u00e1n P\u00e9rez (Palestino)<\/strong>.<\/p>\n\n\n\n<p><strong>El portero destac\u00f3 por contener tres veces un penal a Carlos Vin\u00edcius en el empate 0-0 con Gremio<\/strong>, por lo que no hubo dudas en su elecci\u00f3n para el equipo de la semana.<\/p>\n\n\n\n<p>Al \u2018Zanahoria\u2019 lo acompa\u00f1an en defensa Juan Randazzo (Deportivo Riestra), Lucas Mart\u00ednez Quarta (River Plate) y Alex Telles (Botafogo); y en mediocampo Neri Bandiera (Cienciano), Adson (Vasco da Gama), Mat\u00edas Miranda (Macar\u00e1) y <strong>Mart\u00edn Sarrafiore, figura de O\u2019Higgins de Rancagua<\/strong>. La delantera, en tanto, la conforman Edson Tortolero (Carabobo), Ignacio Russo (Tigre) y Fernando Mimbacas (Juventud).<\/p>\n","protected":false},"excerpt":{"rendered":"<p>Conmebol destac\u00f3 a dos futbolistas chilenos en su once ideal de la semana, con uno en el de Copa Libertadores y otro en Copa Sudamericana: Clemente Montes y Sebasti\u00e1n P\u00e9rez. El delantero de Universidad Cat\u00f3lica fue clave en la victoria sobre Barcelona SC en Ecuador, donde aport\u00f3 una asistencia y un gol en el triunfo<\/p>\n<div class=\"read-more-wrapper\"><a class=\"read-more\" href=\"https:\/\/diarioellabrador.cl\/index.php\/2026\/05\/02\/conmebol-destaco-a-dos-futbolistas-chilenos-tras-semana-de-libertadores-y-sudamericana\/\" title=\"Leer m\u00e1s\"> <span class=\"button \">Leer m\u00e1s<\/span><\/a><\/div>\n","protected":false},"author":2,"featured_media":18851,"comment_status":"open","ping_status":"open","sticky":false,"template":"","format":"standard","meta":{"footnotes":""},"categories":[4],"tags":[],"class_list":["post-18862","post","type-post","status-publish","format-standard","has-post-thumbnail","hentry","category-deportes"],"yoast_head":"<!-- This site is optimized with the Yoast SEO plugin v27.5 - https:\/\/yoast.com\/product\/yoast-seo-wordpress\/ -->\n<title>Conmebol destac\u00f3 a dos futbolistas chilenos tras semana de Libertadores y Sudamericana - Diario El Labrador<\/title>\n<meta name=\"robots\" content=\"index, follow, max-snippet:-1, max-image-preview:large, max-video-preview:-1\" \/>\n<link rel=\"canonical\" href=\"https:\/\/diarioellabrador.cl\/index.php\/2026\/05\/02\/conmebol-destaco-a-dos-futbolistas-chilenos-tras-semana-de-libertadores-y-sudamericana\/\" \/>\n<meta property=\"og:locale\" content=\"es_ES\" \/>\n<meta property=\"og:type\" content=\"article\" \/>\n<meta property=\"og:title\" content=\"Conmebol destac\u00f3 a dos futbolistas chilenos tras semana de Libertadores y Sudamericana - Diario El Labrador\" \/>\n<meta property=\"og:description\" content=\"Conmebol destac\u00f3 a dos futbolistas chilenos en su once ideal de la semana, con uno en el de Copa Libertadores y otro en Copa Sudamericana: Clemente Montes y Sebasti\u00e1n P\u00e9rez. El delantero de Universidad Cat\u00f3lica fue clave en la victoria sobre Barcelona SC en Ecuador, donde aport\u00f3 una asistencia y un gol en el triunfo Leer m\u00e1s\" \/>\n<meta property=\"og:url\" content=\"https:\/\/diarioellabrador.cl\/index.php\/2026\/05\/02\/conmebol-destaco-a-dos-futbolistas-chilenos-tras-semana-de-libertadores-y-sudamericana\/\" \/>\n<meta property=\"og:site_name\" content=\"Diario El Labrador\" \/>\n<meta property=\"article:publisher\" content=\"https:\/\/web.facebook.com\/profile.php?id=61576120840621\" \/>\n<meta property=\"article:published_time\" content=\"2026-05-02T22:17:00+00:00\" \/>\n<meta property=\"og:image\" content=\"https:\/\/diarioellabrador.cl\/wp-content\/uploads\/2026\/05\/Conmebol-destaco-a-dos-futbolistas-chilenos-tras-semana-de-Libertadores-y-Sudamericana.jpg\" \/>\n\t<meta property=\"og:image:width\" content=\"680\" \/>\n\t<meta property=\"og:image:height\" content=\"680\" \/>\n\t<meta property=\"og:image:type\" content=\"image\/jpeg\" \/>\n<meta name=\"author\" content=\"Editor\" \/>\n<meta name=\"twitter:card\" content=\"summary_large_image\" \/>\n<meta name=\"twitter:creator\" content=\"@ElLabradorOf\" \/>\n<meta name=\"twitter:site\" content=\"@ElLabradorOf\" \/>\n<meta name=\"twitter:label1\" content=\"Escrito por\" \/>\n\t<meta name=\"twitter:data1\" content=\"Editor\" \/>\n\t<meta name=\"twitter:label2\" content=\"Tiempo de lectura\" \/>\n\t<meta name=\"twitter:data2\" content=\"2 minutos\" \/>\n<script type=\"application\/ld+json\" class=\"yoast-schema-graph\">{\"@context\":\"https:\\\/\\\/schema.org\",\"@graph\":[{\"@type\":\"Article\",\"@id\":\"https:\\\/\\\/diarioellabrador.cl\\\/index.php\\\/2026\\\/05\\\/02\\\/conmebol-destaco-a-dos-futbolistas-chilenos-tras-semana-de-libertadores-y-sudamericana\\\/#article\",\"isPartOf\":{\"@id\":\"https:\\\/\\\/diarioellabrador.cl\\\/index.php\\\/2026\\\/05\\\/02\\\/conmebol-destaco-a-dos-futbolistas-chilenos-tras-semana-de-libertadores-y-sudamericana\\\/\"},\"author\":{\"name\":\"Editor\",\"@id\":\"https:\\\/\\\/diarioellabrador.cl\\\/#\\\/schema\\\/person\\\/bc25ff80b4563f9c7f4bd7855df01685\"},\"headline\":\"Conmebol destac\u00f3 a dos futbolistas chilenos tras semana de Libertadores y Sudamericana\",\"datePublished\":\"2026-05-02T22:17:00+00:00\",\"mainEntityOfPage\":{\"@id\":\"https:\\\/\\\/diarioellabrador.cl\\\/index.php\\\/2026\\\/05\\\/02\\\/conmebol-destaco-a-dos-futbolistas-chilenos-tras-semana-de-libertadores-y-sudamericana\\\/\"},\"wordCount\":284,\"commentCount\":0,\"publisher\":{\"@id\":\"https:\\\/\\\/diarioellabrador.cl\\\/#organization\"},\"image\":{\"@id\":\"https:\\\/\\\/diarioellabrador.cl\\\/index.php\\\/2026\\\/05\\\/02\\\/conmebol-destaco-a-dos-futbolistas-chilenos-tras-semana-de-libertadores-y-sudamericana\\\/#primaryimage\"},\"thumbnailUrl\":\"https:\\\/\\\/diarioellabrador.cl\\\/wp-content\\\/uploads\\\/2026\\\/05\\\/Conmebol-destaco-a-dos-futbolistas-chilenos-tras-semana-de-Libertadores-y-Sudamericana.jpg\",\"articleSection\":[\"Deportes\"],\"inLanguage\":\"es\",\"potentialAction\":[{\"@type\":\"CommentAction\",\"name\":\"Comment\",\"target\":[\"https:\\\/\\\/diarioellabrador.cl\\\/index.php\\\/2026\\\/05\\\/02\\\/conmebol-destaco-a-dos-futbolistas-chilenos-tras-semana-de-libertadores-y-sudamericana\\\/#respond\"]}]},{\"@type\":\"WebPage\",\"@id\":\"https:\\\/\\\/diarioellabrador.cl\\\/index.php\\\/2026\\\/05\\\/02\\\/conmebol-destaco-a-dos-futbolistas-chilenos-tras-semana-de-libertadores-y-sudamericana\\\/\",\"url\":\"https:\\\/\\\/diarioellabrador.cl\\\/index.php\\\/2026\\\/05\\\/02\\\/conmebol-destaco-a-dos-futbolistas-chilenos-tras-semana-de-libertadores-y-sudamericana\\\/\",\"name\":\"Conmebol destac\u00f3 a dos futbolistas chilenos tras semana de Libertadores y Sudamericana - Diario El Labrador\",\"isPartOf\":{\"@id\":\"https:\\\/\\\/diarioellabrador.cl\\\/#website\"},\"primaryImageOfPage\":{\"@id\":\"https:\\\/\\\/diarioellabrador.cl\\\/index.php\\\/2026\\\/05\\\/02\\\/conmebol-destaco-a-dos-futbolistas-chilenos-tras-semana-de-libertadores-y-sudamericana\\\/#primaryimage\"},\"image\":{\"@id\":\"https:\\\/\\\/diarioellabrador.cl\\\/index.php\\\/2026\\\/05\\\/02\\\/conmebol-destaco-a-dos-futbolistas-chilenos-tras-semana-de-libertadores-y-sudamericana\\\/#primaryimage\"},\"thumbnailUrl\":\"https:\\\/\\\/diarioellabrador.cl\\\/wp-content\\\/uploads\\\/2026\\\/05\\\/Conmebol-destaco-a-dos-futbolistas-chilenos-tras-semana-de-Libertadores-y-Sudamericana.jpg\",\"datePublished\":\"2026-05-02T22:17:00+00:00\",\"breadcrumb\":{\"@id\":\"https:\\\/\\\/diarioellabrador.cl\\\/index.php\\\/2026\\\/05\\\/02\\\/conmebol-destaco-a-dos-futbolistas-chilenos-tras-semana-de-libertadores-y-sudamericana\\\/#breadcrumb\"},\"inLanguage\":\"es\",\"potentialAction\":[{\"@type\":\"ReadAction\",\"target\":[\"https:\\\/\\\/diarioellabrador.cl\\\/index.php\\\/2026\\\/05\\\/02\\\/conmebol-destaco-a-dos-futbolistas-chilenos-tras-semana-de-libertadores-y-sudamericana\\\/\"]}]},{\"@type\":\"ImageObject\",\"inLanguage\":\"es\",\"@id\":\"https:\\\/\\\/diarioellabrador.cl\\\/index.php\\\/2026\\\/05\\\/02\\\/conmebol-destaco-a-dos-futbolistas-chilenos-tras-semana-de-libertadores-y-sudamericana\\\/#primaryimage\",\"url\":\"https:\\\/\\\/diarioellabrador.cl\\\/wp-content\\\/uploads\\\/2026\\\/05\\\/Conmebol-destaco-a-dos-futbolistas-chilenos-tras-semana-de-Libertadores-y-Sudamericana.jpg\",\"contentUrl\":\"https:\\\/\\\/diarioellabrador.cl\\\/wp-content\\\/uploads\\\/2026\\\/05\\\/Conmebol-destaco-a-dos-futbolistas-chilenos-tras-semana-de-Libertadores-y-Sudamericana.jpg\",\"width\":680,\"height\":680},{\"@type\":\"BreadcrumbList\",\"@id\":\"https:\\\/\\\/diarioellabrador.cl\\\/index.php\\\/2026\\\/05\\\/02\\\/conmebol-destaco-a-dos-futbolistas-chilenos-tras-semana-de-libertadores-y-sudamericana\\\/#breadcrumb\",\"itemListElement\":[{\"@type\":\"ListItem\",\"position\":1,\"name\":\"Portada\",\"item\":\"https:\\\/\\\/diarioellabrador.cl\\\/\"},{\"@type\":\"ListItem\",\"position\":2,\"name\":\"Conmebol destac\u00f3 a dos futbolistas chilenos tras semana de Libertadores y Sudamericana\"}]},{\"@type\":\"WebSite\",\"@id\":\"https:\\\/\\\/diarioellabrador.cl\\\/#website\",\"url\":\"https:\\\/\\\/diarioellabrador.cl\\\/\",\"name\":\"Diario El Labrador\",\"description\":\"Haciendo noticia desde 1921\",\"publisher\":{\"@id\":\"https:\\\/\\\/diarioellabrador.cl\\\/#organization\"},\"potentialAction\":[{\"@type\":\"SearchAction\",\"target\":{\"@type\":\"EntryPoint\",\"urlTemplate\":\"https:\\\/\\\/diarioellabrador.cl\\\/?s={search_term_string}\"},\"query-input\":{\"@type\":\"PropertyValueSpecification\",\"valueRequired\":true,\"valueName\":\"search_term_string\"}}],\"inLanguage\":\"es\"},{\"@type\":\"Organization\",\"@id\":\"https:\\\/\\\/diarioellabrador.cl\\\/#organization\",\"name\":\"Diario El Labrador\",\"url\":\"https:\\\/\\\/diarioellabrador.cl\\\/\",\"logo\":{\"@type\":\"ImageObject\",\"inLanguage\":\"es\",\"@id\":\"https:\\\/\\\/diarioellabrador.cl\\\/#\\\/schema\\\/logo\\\/image\\\/\",\"url\":\"https:\\\/\\\/diarioellabrador.cl\\\/wp-content\\\/uploads\\\/2025\\\/02\\\/cropped-Logo-Icono.png\",\"contentUrl\":\"https:\\\/\\\/diarioellabrador.cl\\\/wp-content\\\/uploads\\\/2025\\\/02\\\/cropped-Logo-Icono.png\",\"width\":512,\"height\":512,\"caption\":\"Diario El Labrador\"},\"image\":{\"@id\":\"https:\\\/\\\/diarioellabrador.cl\\\/#\\\/schema\\\/logo\\\/image\\\/\"},\"sameAs\":[\"https:\\\/\\\/web.facebook.com\\\/profile.php?id=61576120840621\",\"https:\\\/\\\/x.com\\\/ElLabradorOf\",\"https:\\\/\\\/www.instagram.com\\\/diarioellabradoroficial\\\/\"]},{\"@type\":\"Person\",\"@id\":\"https:\\\/\\\/diarioellabrador.cl\\\/#\\\/schema\\\/person\\\/bc25ff80b4563f9c7f4bd7855df01685\",\"name\":\"Editor\",\"image\":{\"@type\":\"ImageObject\",\"inLanguage\":\"es\",\"@id\":\"https:\\\/\\\/secure.gravatar.com\\\/avatar\\\/109c326cf2be5c04f048c2c2a2b8b6ef44bf3d8d1d3d4c55d0ac40c4bc994684?s=96&d=mm&r=g\",\"url\":\"https:\\\/\\\/secure.gravatar.com\\\/avatar\\\/109c326cf2be5c04f048c2c2a2b8b6ef44bf3d8d1d3d4c55d0ac40c4bc994684?s=96&d=mm&r=g\",\"contentUrl\":\"https:\\\/\\\/secure.gravatar.com\\\/avatar\\\/109c326cf2be5c04f048c2c2a2b8b6ef44bf3d8d1d3d4c55d0ac40c4bc994684?s=96&d=mm&r=g\",\"caption\":\"Editor\"},\"url\":\"https:\\\/\\\/diarioellabrador.cl\\\/index.php\\\/author\\\/editor\\\/\"}]}<\/script>\n<!-- \/ Yoast SEO plugin. -->","yoast_head_json":{"title":"Conmebol destac\u00f3 a dos futbolistas chilenos tras semana de Libertadores y Sudamericana - Diario El Labrador","robots":{"index":"index","follow":"follow","max-snippet":"max-snippet:-1","max-image-preview":"max-image-preview:large","max-video-preview":"max-video-preview:-1"},"canonical":"https:\/\/diarioellabrador.cl\/index.php\/2026\/05\/02\/conmebol-destaco-a-dos-futbolistas-chilenos-tras-semana-de-libertadores-y-sudamericana\/","og_locale":"es_ES","og_type":"article","og_title":"Conmebol destac\u00f3 a dos futbolistas chilenos tras semana de Libertadores y Sudamericana - Diario El Labrador","og_description":"Conmebol destac\u00f3 a dos futbolistas chilenos en su once ideal de la semana, con uno en el de Copa Libertadores y otro en Copa Sudamericana: Clemente Montes y Sebasti\u00e1n P\u00e9rez. El delantero de Universidad Cat\u00f3lica fue clave en la victoria sobre Barcelona SC en Ecuador, donde aport\u00f3 una asistencia y un gol en el triunfo Leer m\u00e1s","og_url":"https:\/\/diarioellabrador.cl\/index.php\/2026\/05\/02\/conmebol-destaco-a-dos-futbolistas-chilenos-tras-semana-de-libertadores-y-sudamericana\/","og_site_name":"Diario El Labrador","article_publisher":"https:\/\/web.facebook.com\/profile.php?id=61576120840621","article_published_time":"2026-05-02T22:17:00+00:00","og_image":[{"width":680,"height":680,"url":"https:\/\/diarioellabrador.cl\/wp-content\/uploads\/2026\/05\/Conmebol-destaco-a-dos-futbolistas-chilenos-tras-semana-de-Libertadores-y-Sudamericana.jpg","type":"image\/jpeg"}],"author":"Editor","twitter_card":"summary_large_image","twitter_creator":"@ElLabradorOf","twitter_site":"@ElLabradorOf","twitter_misc":{"Escrito por":"Editor","Tiempo de lectura":"2 minutos"},"schema":{"@context":"https:\/\/schema.org","@graph":[{"@type":"Article","@id":"https:\/\/diarioellabrador.cl\/index.php\/2026\/05\/02\/conmebol-destaco-a-dos-futbolistas-chilenos-tras-semana-de-libertadores-y-sudamericana\/#article","isPartOf":{"@id":"https:\/\/diarioellabrador.cl\/index.php\/2026\/05\/02\/conmebol-destaco-a-dos-futbolistas-chilenos-tras-semana-de-libertadores-y-sudamericana\/"},"author":{"name":"Editor","@id":"https:\/\/diarioellabrador.cl\/#\/schema\/person\/bc25ff80b4563f9c7f4bd7855df01685"},"headline":"Conmebol destac\u00f3 a dos futbolistas chilenos tras semana de Libertadores y Sudamericana","datePublished":"2026-05-02T22:17:00+00:00","mainEntityOfPage":{"@id":"https:\/\/diarioellabrador.cl\/index.php\/2026\/05\/02\/conmebol-destaco-a-dos-futbolistas-chilenos-tras-semana-de-libertadores-y-sudamericana\/"},"wordCount":284,"commentCount":0,"publisher":{"@id":"https:\/\/diarioellabrador.cl\/#organization"},"image":{"@id":"https:\/\/diarioellabrador.cl\/index.php\/2026\/05\/02\/conmebol-destaco-a-dos-futbolistas-chilenos-tras-semana-de-libertadores-y-sudamericana\/#primaryimage"},"thumbnailUrl":"https:\/\/diarioellabrador.cl\/wp-content\/uploads\/2026\/05\/Conmebol-destaco-a-dos-futbolistas-chilenos-tras-semana-de-Libertadores-y-Sudamericana.jpg","articleSection":["Deportes"],"inLanguage":"es","potentialAction":[{"@type":"CommentAction","name":"Comment","target":["https:\/\/diarioellabrador.cl\/index.php\/2026\/05\/02\/conmebol-destaco-a-dos-futbolistas-chilenos-tras-semana-de-libertadores-y-sudamericana\/#respond"]}]},{"@type":"WebPage","@id":"https:\/\/diarioellabrador.cl\/index.php\/2026\/05\/02\/conmebol-destaco-a-dos-futbolistas-chilenos-tras-semana-de-libertadores-y-sudamericana\/","url":"https:\/\/diarioellabrador.cl\/index.php\/2026\/05\/02\/conmebol-destaco-a-dos-futbolistas-chilenos-tras-semana-de-libertadores-y-sudamericana\/","name":"Conmebol destac\u00f3 a dos futbolistas chilenos tras semana de Libertadores y Sudamericana - Diario El Labrador","isPartOf":{"@id":"https:\/\/diarioellabrador.cl\/#website"},"primaryImageOfPage":{"@id":"https:\/\/diarioellabrador.cl\/index.php\/2026\/05\/02\/conmebol-destaco-a-dos-futbolistas-chilenos-tras-semana-de-libertadores-y-sudamericana\/#primaryimage"},"image":{"@id":"https:\/\/diarioellabrador.cl\/index.php\/2026\/05\/02\/conmebol-destaco-a-dos-futbolistas-chilenos-tras-semana-de-libertadores-y-sudamericana\/#primaryimage"},"thumbnailUrl":"https:\/\/diarioellabrador.cl\/wp-content\/uploads\/2026\/05\/Conmebol-destaco-a-dos-futbolistas-chilenos-tras-semana-de-Libertadores-y-Sudamericana.jpg","datePublished":"2026-05-02T22:17:00+00:00","breadcrumb":{"@id":"https:\/\/diarioellabrador.cl\/index.php\/2026\/05\/02\/conmebol-destaco-a-dos-futbolistas-chilenos-tras-semana-de-libertadores-y-sudamericana\/#breadcrumb"},"inLanguage":"es","potentialAction":[{"@type":"ReadAction","target":["https:\/\/diarioellabrador.cl\/index.php\/2026\/05\/02\/conmebol-destaco-a-dos-futbolistas-chilenos-tras-semana-de-libertadores-y-sudamericana\/"]}]},{"@type":"ImageObject","inLanguage":"es","@id":"https:\/\/diarioellabrador.cl\/index.php\/2026\/05\/02\/conmebol-destaco-a-dos-futbolistas-chilenos-tras-semana-de-libertadores-y-sudamericana\/#primaryimage","url":"https:\/\/diarioellabrador.cl\/wp-content\/uploads\/2026\/05\/Conmebol-destaco-a-dos-futbolistas-chilenos-tras-semana-de-Libertadores-y-Sudamericana.jpg","contentUrl":"https:\/\/diarioellabrador.cl\/wp-content\/uploads\/2026\/05\/Conmebol-destaco-a-dos-futbolistas-chilenos-tras-semana-de-Libertadores-y-Sudamericana.jpg","width":680,"height":680},{"@type":"BreadcrumbList","@id":"https:\/\/diarioellabrador.cl\/index.php\/2026\/05\/02\/conmebol-destaco-a-dos-futbolistas-chilenos-tras-semana-de-libertadores-y-sudamericana\/#breadcrumb","itemListElement":[{"@type":"ListItem","position":1,"name":"Portada","item":"https:\/\/diarioellabrador.cl\/"},{"@type":"ListItem","position":2,"name":"Conmebol destac\u00f3 a dos futbolistas chilenos tras semana de Libertadores y Sudamericana"}]},{"@type":"WebSite","@id":"https:\/\/diarioellabrador.cl\/#website","url":"https:\/\/diarioellabrador.cl\/","name":"Diario El Labrador","description":"Haciendo noticia desde 1921","publisher":{"@id":"https:\/\/diarioellabrador.cl\/#organization"},"potentialAction":[{"@type":"SearchAction","target":{"@type":"EntryPoint","urlTemplate":"https:\/\/diarioellabrador.cl\/?s={search_term_string}"},"query-input":{"@type":"PropertyValueSpecification","valueRequired":true,"valueName":"search_term_string"}}],"inLanguage":"es"},{"@type":"Organization","@id":"https:\/\/diarioellabrador.cl\/#organization","name":"Diario El Labrador","url":"https:\/\/diarioellabrador.cl\/","logo":{"@type":"ImageObject","inLanguage":"es","@id":"https:\/\/diarioellabrador.cl\/#\/schema\/logo\/image\/","url":"https:\/\/diarioellabrador.cl\/wp-content\/uploads\/2025\/02\/cropped-Logo-Icono.png","contentUrl":"https:\/\/diarioellabrador.cl\/wp-content\/uploads\/2025\/02\/cropped-Logo-Icono.png","width":512,"height":512,"caption":"Diario El Labrador"},"image":{"@id":"https:\/\/diarioellabrador.cl\/#\/schema\/logo\/image\/"},"sameAs":["https:\/\/web.facebook.com\/profile.php?id=61576120840621","https:\/\/x.com\/ElLabradorOf","https:\/\/www.instagram.com\/diarioellabradoroficial\/"]},{"@type":"Person","@id":"https:\/\/diarioellabrador.cl\/#\/schema\/person\/bc25ff80b4563f9c7f4bd7855df01685","name":"Editor","image":{"@type":"ImageObject","inLanguage":"es","@id":"https:\/\/secure.gravatar.com\/avatar\/109c326cf2be5c04f048c2c2a2b8b6ef44bf3d8d1d3d4c55d0ac40c4bc994684?s=96&d=mm&r=g","url":"https:\/\/secure.gravatar.com\/avatar\/109c326cf2be5c04f048c2c2a2b8b6ef44bf3d8d1d3d4c55d0ac40c4bc994684?s=96&d=mm&r=g","contentUrl":"https:\/\/secure.gravatar.com\/avatar\/109c326cf2be5c04f048c2c2a2b8b6ef44bf3d8d1d3d4c55d0ac40c4bc994684?s=96&d=mm&r=g","caption":"Editor"},"url":"https:\/\/diarioellabrador.cl\/index.php\/author\/editor\/"}]}},"_links":{"self":[{"href":"https:\/\/diarioellabrador.cl\/index.php\/wp-json\/wp\/v2\/posts\/18862","targetHints":{"allow":["GET"]}}],"collection":[{"href":"https:\/\/diarioellabrador.cl\/index.php\/wp-json\/wp\/v2\/posts"}],"about":[{"href":"https:\/\/diarioellabrador.cl\/index.php\/wp-json\/wp\/v2\/types\/post"}],"author":[{"embeddable":true,"href":"https:\/\/diarioellabrador.cl\/index.php\/wp-json\/wp\/v2\/users\/2"}],"replies":[{"embeddable":true,"href":"https:\/\/diarioellabrador.cl\/index.php\/wp-json\/wp\/v2\/comments?post=18862"}],"version-history":[{"count":1,"href":"https:\/\/diarioellabrador.cl\/index.php\/wp-json\/wp\/v2\/posts\/18862\/revisions"}],"predecessor-version":[{"id":18863,"href":"https:\/\/diarioellabrador.cl\/index.php\/wp-json\/wp\/v2\/posts\/18862\/revisions\/18863"}],"wp:featuredmedia":[{"embeddable":true,"href":"https:\/\/diarioellabrador.cl\/index.php\/wp-json\/wp\/v2\/media\/18851"}],"wp:attachment":[{"href":"https:\/\/diarioellabrador.cl\/index.php\/wp-json\/wp\/v2\/media?parent=18862"}],"wp:term":[{"taxonomy":"category","embeddable":true,"href":"https:\/\/diarioellabrador.cl\/index.php\/wp-json\/wp\/v2\/categories?post=18862"},{"taxonomy":"post_tag","embeddable":true,"href":"https:\/\/diarioellabrador.cl\/index.php\/wp-json\/wp\/v2\/tags?post=18862"}],"curies":[{"name":"wp","href":"https:\/\/api.w.org\/{rel}","templated":true}]}}