{"id":18828,"date":"2026-05-02T18:13:00","date_gmt":"2026-05-02T22:13:00","guid":{"rendered":"https:\/\/diarioellabrador.cl\/?p=18828"},"modified":"2026-05-02T23:05:12","modified_gmt":"2026-05-03T03:05:12","slug":"tiempos-dificiles","status":"publish","type":"post","link":"https:\/\/diarioellabrador.cl\/index.php\/2026\/05\/02\/tiempos-dificiles\/","title":{"rendered":"Tiempos dif\u00edciles"},"content":{"rendered":"<div class=\"wp-block-image\">\n<figure class=\"alignleft size-thumbnail\"><img loading=\"lazy\" decoding=\"async\" width=\"150\" height=\"150\" src=\"https:\/\/diarioellabrador.cl\/wp-content\/uploads\/2025\/07\/348428900_1619729781827598_5488219646893788893_n-150x150.jpg\" alt=\"\" class=\"wp-image-5065\" srcset=\"https:\/\/diarioellabrador.cl\/wp-content\/uploads\/2025\/07\/348428900_1619729781827598_5488219646893788893_n-150x150.jpg 150w, https:\/\/diarioellabrador.cl\/wp-content\/uploads\/2025\/07\/348428900_1619729781827598_5488219646893788893_n-300x300.jpg 300w, https:\/\/diarioellabrador.cl\/wp-content\/uploads\/2025\/07\/348428900_1619729781827598_5488219646893788893_n-95x95.jpg 95w, https:\/\/diarioellabrador.cl\/wp-content\/uploads\/2025\/07\/348428900_1619729781827598_5488219646893788893_n-140x140.jpg 140w, https:\/\/diarioellabrador.cl\/wp-content\/uploads\/2025\/07\/348428900_1619729781827598_5488219646893788893_n-400x400.jpg 400w, https:\/\/diarioellabrador.cl\/wp-content\/uploads\/2025\/07\/348428900_1619729781827598_5488219646893788893_n.jpg 535w\" sizes=\"auto, (max-width: 150px) 100vw, 150px\" \/><\/figure>\n<\/div>\n\n\n<p><br><br><br><br>Por Nelson Retamales Tirado<\/p>\n\n\n\n<br>\n<br>\n\n\n\n<p>Las expectativas que hubo para llevar a J. A. Kast a La Moneda, para ser francos, se han cumplido parcialmente y, si uno busca explicaciones, desde luego que, primero, debe&nbsp; hurgarse en la situaci\u00f3n mundial producida por el conflicto&nbsp; norteamericano con Ir\u00e1n que alter\u00f3 toda planificaci\u00f3n y oblig\u00f3 a que, entre otras muchas medidas posibles, se enfrentara el aumento del precio del petr\u00f3leo, con alzas en los precios internos que, de paso, presionan el costo de la vida, con serios aprietes en la comunidad.<\/p>\n\n\n\n<p>\u00bfPudo haberse hecho algo distinto? Por supuesto, muchas otras cuestiones, incluso la m\u00e1s f\u00e1cil y propia de los pa\u00edses de corte totalitario -tambi\u00e9n tercermundistas- que nos les interesa el futuro del pa\u00eds -ni siquiera el de los suyos-, que se dedican a vivir s\u00f3lo el presente y manipular hasta el extremo las arcas fiscales para enriquecimiento propio -y el proporcional empobrecimiento del pueblo-, como es recurrir al endeudamiento externo, cuya mayor alza en Chile, se vio reflejada en el \u00faltimo per\u00edodo, llevando al pa\u00eds a una deuda de 260 mil millones de d\u00f3lares, una cifra estratosf\u00e9rica para la econom\u00eda nacional y que nos obliga a pagar este a\u00f1o 2026, m\u00e1s de 4.800 millones de d\u00f3lares, s\u00f3lo por intereses. Incluso se dice que, para dejar algunas \u201cmonedas\u201d al actual gobierno, se endeudaron.<\/p>\n\n\n\n<p>Otro elemento a considerar es, sin duda, la herencia recibida del anterior gobierno, que oblig\u00f3 al ex ministro de Hacienda, Mario Marcel, a dejar el cargo antes de terminar el per\u00edodo, por que sab\u00eda la real situaci\u00f3n de la caja fiscal.<\/p>\n\n\n\n<p>Pero no podemos caer en la misma posici\u00f3n de quienes poco o nada creen en la democracia como sistema de gobierno y que, como el avestruz, esconden la cabeza bajo tierra. Hay que reconocer que, el hecho de que varios nombramientos hayan debido deshacerse en el corto tiempo, revela que el equipo encomendado por el entonces presidente electo, no fue prolijo en elegir a quienes deb\u00edan ocupar cargos importancia y abri\u00f3 flancos innecesarios que permitieron el ataque opositor y rest\u00f3 prestancia y solidez a un grupo de personas altamente preparadas, a trav\u00e9s de lo que, en el tenis, se conoce como errores no forzados.<\/p>\n\n\n\n<p>Pero las ganas, el conocimiento y la decisi\u00f3n est\u00e1n, de modo que, el intento del gobierno a trav\u00e9s del Plan de Reconstrucci\u00f3n, pese a la oposici\u00f3n de los m\u00e1s radicales y al pesimismo de alguno cercanos, pareciera dar\u00e1 frutos y al menos, estar\u00e1n los votos para discutir el proyecto y eso debiera permitir socializarlo convenientemente y explicar debidamente c\u00f3mo, algunos aspectos que parecen extra\u00f1os -como bajar el impuesto a las empresas de 27 a 23%- van a permitir el aumento de plazas de empleo y, obviamente, la reactivaci\u00f3n econ\u00f3mica, especialmente, a trav\u00e9s de la reducci\u00f3n del desempleo que debiera producir lo que, en econom\u00eda, se denomina c\u00edrculo virtuoso y que genera una cadena de consecuencias positivas teniendo como&nbsp; base, la reinversi\u00f3n del menor monto pagado en impuesto, sin contar con la repatriaci\u00f3n espont\u00e1nea de dineros que empresarios chilenos prefirieron invertir en pa\u00edses impositivamente m\u00e1s amables.<\/p>\n","protected":false},"excerpt":{"rendered":"<p>Por Nelson Retamales Tirado Las expectativas que hubo para llevar a J. A. Kast a La Moneda, para ser francos, se han cumplido parcialmente y, si uno busca explicaciones, desde luego que, primero, debe&nbsp; hurgarse en la situaci\u00f3n mundial producida por el conflicto&nbsp; norteamericano con Ir\u00e1n que alter\u00f3 toda planificaci\u00f3n y oblig\u00f3 a que, entre<\/p>\n<div class=\"read-more-wrapper\"><a class=\"read-more\" href=\"https:\/\/diarioellabrador.cl\/index.php\/2026\/05\/02\/tiempos-dificiles\/\" title=\"Leer m\u00e1s\"> <span class=\"button \">Leer m\u00e1s<\/span><\/a><\/div>\n","protected":false},"author":2,"featured_media":18908,"comment_status":"open","ping_status":"open","sticky":false,"template":"","format":"standard","meta":{"footnotes":""},"categories":[9],"tags":[],"class_list":["post-18828","post","type-post","status-publish","format-standard","has-post-thumbnail","hentry","category-opinion"],"yoast_head":"<!-- This site is optimized with the Yoast SEO plugin v27.5 - https:\/\/yoast.com\/product\/yoast-seo-wordpress\/ -->\n<title>Tiempos dif\u00edciles - Diario El Labrador<\/title>\n<meta name=\"robots\" content=\"index, follow, max-snippet:-1, max-image-preview:large, max-video-preview:-1\" \/>\n<link rel=\"canonical\" href=\"https:\/\/diarioellabrador.cl\/index.php\/2026\/05\/02\/tiempos-dificiles\/\" \/>\n<meta property=\"og:locale\" content=\"es_ES\" \/>\n<meta property=\"og:type\" content=\"article\" \/>\n<meta property=\"og:title\" content=\"Tiempos dif\u00edciles - Diario El Labrador\" \/>\n<meta property=\"og:description\" content=\"Por Nelson Retamales Tirado Las expectativas que hubo para llevar a J. A. Kast a La Moneda, para ser francos, se han cumplido parcialmente y, si uno busca explicaciones, desde luego que, primero, debe&nbsp; hurgarse en la situaci\u00f3n mundial producida por el conflicto&nbsp; norteamericano con Ir\u00e1n que alter\u00f3 toda planificaci\u00f3n y oblig\u00f3 a que, entre Leer m\u00e1s\" \/>\n<meta property=\"og:url\" content=\"https:\/\/diarioellabrador.cl\/index.php\/2026\/05\/02\/tiempos-dificiles\/\" \/>\n<meta property=\"og:site_name\" content=\"Diario El Labrador\" \/>\n<meta property=\"article:publisher\" content=\"https:\/\/web.facebook.com\/profile.php?id=61576120840621\" \/>\n<meta property=\"article:published_time\" content=\"2026-05-02T22:13:00+00:00\" \/>\n<meta property=\"article:modified_time\" content=\"2026-05-03T03:05:12+00:00\" \/>\n<meta property=\"og:image\" content=\"https:\/\/diarioellabrador.cl\/wp-content\/uploads\/2026\/05\/ChatGPT-Image-2-may-2026-11_03_20-p.m-1024x713.png\" \/>\n\t<meta property=\"og:image:width\" content=\"1024\" \/>\n\t<meta property=\"og:image:height\" content=\"713\" \/>\n\t<meta property=\"og:image:type\" content=\"image\/png\" \/>\n<meta name=\"author\" content=\"Editor\" \/>\n<meta name=\"twitter:card\" content=\"summary_large_image\" \/>\n<meta name=\"twitter:creator\" content=\"@ElLabradorOf\" \/>\n<meta name=\"twitter:site\" content=\"@ElLabradorOf\" \/>\n<meta name=\"twitter:label1\" content=\"Escrito por\" \/>\n\t<meta name=\"twitter:data1\" content=\"Editor\" \/>\n\t<meta name=\"twitter:label2\" content=\"Tiempo de lectura\" \/>\n\t<meta name=\"twitter:data2\" content=\"3 minutos\" \/>\n<script type=\"application\/ld+json\" class=\"yoast-schema-graph\">{\"@context\":\"https:\\\/\\\/schema.org\",\"@graph\":[{\"@type\":\"Article\",\"@id\":\"https:\\\/\\\/diarioellabrador.cl\\\/index.php\\\/2026\\\/05\\\/02\\\/tiempos-dificiles\\\/#article\",\"isPartOf\":{\"@id\":\"https:\\\/\\\/diarioellabrador.cl\\\/index.php\\\/2026\\\/05\\\/02\\\/tiempos-dificiles\\\/\"},\"author\":{\"name\":\"Editor\",\"@id\":\"https:\\\/\\\/diarioellabrador.cl\\\/#\\\/schema\\\/person\\\/bc25ff80b4563f9c7f4bd7855df01685\"},\"headline\":\"Tiempos dif\u00edciles\",\"datePublished\":\"2026-05-02T22:13:00+00:00\",\"dateModified\":\"2026-05-03T03:05:12+00:00\",\"mainEntityOfPage\":{\"@id\":\"https:\\\/\\\/diarioellabrador.cl\\\/index.php\\\/2026\\\/05\\\/02\\\/tiempos-dificiles\\\/\"},\"wordCount\":556,\"commentCount\":0,\"publisher\":{\"@id\":\"https:\\\/\\\/diarioellabrador.cl\\\/#organization\"},\"image\":{\"@id\":\"https:\\\/\\\/diarioellabrador.cl\\\/index.php\\\/2026\\\/05\\\/02\\\/tiempos-dificiles\\\/#primaryimage\"},\"thumbnailUrl\":\"https:\\\/\\\/diarioellabrador.cl\\\/wp-content\\\/uploads\\\/2026\\\/05\\\/ChatGPT-Image-2-may-2026-11_03_20-p.m.png\",\"articleSection\":[\"Opini\u00f3n\"],\"inLanguage\":\"es\",\"potentialAction\":[{\"@type\":\"CommentAction\",\"name\":\"Comment\",\"target\":[\"https:\\\/\\\/diarioellabrador.cl\\\/index.php\\\/2026\\\/05\\\/02\\\/tiempos-dificiles\\\/#respond\"]}]},{\"@type\":\"WebPage\",\"@id\":\"https:\\\/\\\/diarioellabrador.cl\\\/index.php\\\/2026\\\/05\\\/02\\\/tiempos-dificiles\\\/\",\"url\":\"https:\\\/\\\/diarioellabrador.cl\\\/index.php\\\/2026\\\/05\\\/02\\\/tiempos-dificiles\\\/\",\"name\":\"Tiempos dif\u00edciles - Diario El Labrador\",\"isPartOf\":{\"@id\":\"https:\\\/\\\/diarioellabrador.cl\\\/#website\"},\"primaryImageOfPage\":{\"@id\":\"https:\\\/\\\/diarioellabrador.cl\\\/index.php\\\/2026\\\/05\\\/02\\\/tiempos-dificiles\\\/#primaryimage\"},\"image\":{\"@id\":\"https:\\\/\\\/diarioellabrador.cl\\\/index.php\\\/2026\\\/05\\\/02\\\/tiempos-dificiles\\\/#primaryimage\"},\"thumbnailUrl\":\"https:\\\/\\\/diarioellabrador.cl\\\/wp-content\\\/uploads\\\/2026\\\/05\\\/ChatGPT-Image-2-may-2026-11_03_20-p.m.png\",\"datePublished\":\"2026-05-02T22:13:00+00:00\",\"dateModified\":\"2026-05-03T03:05:12+00:00\",\"breadcrumb\":{\"@id\":\"https:\\\/\\\/diarioellabrador.cl\\\/index.php\\\/2026\\\/05\\\/02\\\/tiempos-dificiles\\\/#breadcrumb\"},\"inLanguage\":\"es\",\"potentialAction\":[{\"@type\":\"ReadAction\",\"target\":[\"https:\\\/\\\/diarioellabrador.cl\\\/index.php\\\/2026\\\/05\\\/02\\\/tiempos-dificiles\\\/\"]}]},{\"@type\":\"ImageObject\",\"inLanguage\":\"es\",\"@id\":\"https:\\\/\\\/diarioellabrador.cl\\\/index.php\\\/2026\\\/05\\\/02\\\/tiempos-dificiles\\\/#primaryimage\",\"url\":\"https:\\\/\\\/diarioellabrador.cl\\\/wp-content\\\/uploads\\\/2026\\\/05\\\/ChatGPT-Image-2-may-2026-11_03_20-p.m.png\",\"contentUrl\":\"https:\\\/\\\/diarioellabrador.cl\\\/wp-content\\\/uploads\\\/2026\\\/05\\\/ChatGPT-Image-2-may-2026-11_03_20-p.m.png\",\"width\":1503,\"height\":1047},{\"@type\":\"BreadcrumbList\",\"@id\":\"https:\\\/\\\/diarioellabrador.cl\\\/index.php\\\/2026\\\/05\\\/02\\\/tiempos-dificiles\\\/#breadcrumb\",\"itemListElement\":[{\"@type\":\"ListItem\",\"position\":1,\"name\":\"Portada\",\"item\":\"https:\\\/\\\/diarioellabrador.cl\\\/\"},{\"@type\":\"ListItem\",\"position\":2,\"name\":\"Tiempos dif\u00edciles\"}]},{\"@type\":\"WebSite\",\"@id\":\"https:\\\/\\\/diarioellabrador.cl\\\/#website\",\"url\":\"https:\\\/\\\/diarioellabrador.cl\\\/\",\"name\":\"Diario El Labrador\",\"description\":\"Haciendo noticia desde 1921\",\"publisher\":{\"@id\":\"https:\\\/\\\/diarioellabrador.cl\\\/#organization\"},\"potentialAction\":[{\"@type\":\"SearchAction\",\"target\":{\"@type\":\"EntryPoint\",\"urlTemplate\":\"https:\\\/\\\/diarioellabrador.cl\\\/?s={search_term_string}\"},\"query-input\":{\"@type\":\"PropertyValueSpecification\",\"valueRequired\":true,\"valueName\":\"search_term_string\"}}],\"inLanguage\":\"es\"},{\"@type\":\"Organization\",\"@id\":\"https:\\\/\\\/diarioellabrador.cl\\\/#organization\",\"name\":\"Diario El Labrador\",\"url\":\"https:\\\/\\\/diarioellabrador.cl\\\/\",\"logo\":{\"@type\":\"ImageObject\",\"inLanguage\":\"es\",\"@id\":\"https:\\\/\\\/diarioellabrador.cl\\\/#\\\/schema\\\/logo\\\/image\\\/\",\"url\":\"https:\\\/\\\/diarioellabrador.cl\\\/wp-content\\\/uploads\\\/2025\\\/02\\\/cropped-Logo-Icono.png\",\"contentUrl\":\"https:\\\/\\\/diarioellabrador.cl\\\/wp-content\\\/uploads\\\/2025\\\/02\\\/cropped-Logo-Icono.png\",\"width\":512,\"height\":512,\"caption\":\"Diario El Labrador\"},\"image\":{\"@id\":\"https:\\\/\\\/diarioellabrador.cl\\\/#\\\/schema\\\/logo\\\/image\\\/\"},\"sameAs\":[\"https:\\\/\\\/web.facebook.com\\\/profile.php?id=61576120840621\",\"https:\\\/\\\/x.com\\\/ElLabradorOf\",\"https:\\\/\\\/www.instagram.com\\\/diarioellabradoroficial\\\/\"]},{\"@type\":\"Person\",\"@id\":\"https:\\\/\\\/diarioellabrador.cl\\\/#\\\/schema\\\/person\\\/bc25ff80b4563f9c7f4bd7855df01685\",\"name\":\"Editor\",\"image\":{\"@type\":\"ImageObject\",\"inLanguage\":\"es\",\"@id\":\"https:\\\/\\\/secure.gravatar.com\\\/avatar\\\/109c326cf2be5c04f048c2c2a2b8b6ef44bf3d8d1d3d4c55d0ac40c4bc994684?s=96&d=mm&r=g\",\"url\":\"https:\\\/\\\/secure.gravatar.com\\\/avatar\\\/109c326cf2be5c04f048c2c2a2b8b6ef44bf3d8d1d3d4c55d0ac40c4bc994684?s=96&d=mm&r=g\",\"contentUrl\":\"https:\\\/\\\/secure.gravatar.com\\\/avatar\\\/109c326cf2be5c04f048c2c2a2b8b6ef44bf3d8d1d3d4c55d0ac40c4bc994684?s=96&d=mm&r=g\",\"caption\":\"Editor\"},\"url\":\"https:\\\/\\\/diarioellabrador.cl\\\/index.php\\\/author\\\/editor\\\/\"}]}<\/script>\n<!-- \/ Yoast SEO plugin. -->","yoast_head_json":{"title":"Tiempos dif\u00edciles - Diario El Labrador","robots":{"index":"index","follow":"follow","max-snippet":"max-snippet:-1","max-image-preview":"max-image-preview:large","max-video-preview":"max-video-preview:-1"},"canonical":"https:\/\/diarioellabrador.cl\/index.php\/2026\/05\/02\/tiempos-dificiles\/","og_locale":"es_ES","og_type":"article","og_title":"Tiempos dif\u00edciles - Diario El Labrador","og_description":"Por Nelson Retamales Tirado Las expectativas que hubo para llevar a J. A. Kast a La Moneda, para ser francos, se han cumplido parcialmente y, si uno busca explicaciones, desde luego que, primero, debe&nbsp; hurgarse en la situaci\u00f3n mundial producida por el conflicto&nbsp; norteamericano con Ir\u00e1n que alter\u00f3 toda planificaci\u00f3n y oblig\u00f3 a que, entre Leer m\u00e1s","og_url":"https:\/\/diarioellabrador.cl\/index.php\/2026\/05\/02\/tiempos-dificiles\/","og_site_name":"Diario El Labrador","article_publisher":"https:\/\/web.facebook.com\/profile.php?id=61576120840621","article_published_time":"2026-05-02T22:13:00+00:00","article_modified_time":"2026-05-03T03:05:12+00:00","og_image":[{"width":1024,"height":713,"url":"https:\/\/diarioellabrador.cl\/wp-content\/uploads\/2026\/05\/ChatGPT-Image-2-may-2026-11_03_20-p.m-1024x713.png","type":"image\/png"}],"author":"Editor","twitter_card":"summary_large_image","twitter_creator":"@ElLabradorOf","twitter_site":"@ElLabradorOf","twitter_misc":{"Escrito por":"Editor","Tiempo de lectura":"3 minutos"},"schema":{"@context":"https:\/\/schema.org","@graph":[{"@type":"Article","@id":"https:\/\/diarioellabrador.cl\/index.php\/2026\/05\/02\/tiempos-dificiles\/#article","isPartOf":{"@id":"https:\/\/diarioellabrador.cl\/index.php\/2026\/05\/02\/tiempos-dificiles\/"},"author":{"name":"Editor","@id":"https:\/\/diarioellabrador.cl\/#\/schema\/person\/bc25ff80b4563f9c7f4bd7855df01685"},"headline":"Tiempos dif\u00edciles","datePublished":"2026-05-02T22:13:00+00:00","dateModified":"2026-05-03T03:05:12+00:00","mainEntityOfPage":{"@id":"https:\/\/diarioellabrador.cl\/index.php\/2026\/05\/02\/tiempos-dificiles\/"},"wordCount":556,"commentCount":0,"publisher":{"@id":"https:\/\/diarioellabrador.cl\/#organization"},"image":{"@id":"https:\/\/diarioellabrador.cl\/index.php\/2026\/05\/02\/tiempos-dificiles\/#primaryimage"},"thumbnailUrl":"https:\/\/diarioellabrador.cl\/wp-content\/uploads\/2026\/05\/ChatGPT-Image-2-may-2026-11_03_20-p.m.png","articleSection":["Opini\u00f3n"],"inLanguage":"es","potentialAction":[{"@type":"CommentAction","name":"Comment","target":["https:\/\/diarioellabrador.cl\/index.php\/2026\/05\/02\/tiempos-dificiles\/#respond"]}]},{"@type":"WebPage","@id":"https:\/\/diarioellabrador.cl\/index.php\/2026\/05\/02\/tiempos-dificiles\/","url":"https:\/\/diarioellabrador.cl\/index.php\/2026\/05\/02\/tiempos-dificiles\/","name":"Tiempos dif\u00edciles - Diario El Labrador","isPartOf":{"@id":"https:\/\/diarioellabrador.cl\/#website"},"primaryImageOfPage":{"@id":"https:\/\/diarioellabrador.cl\/index.php\/2026\/05\/02\/tiempos-dificiles\/#primaryimage"},"image":{"@id":"https:\/\/diarioellabrador.cl\/index.php\/2026\/05\/02\/tiempos-dificiles\/#primaryimage"},"thumbnailUrl":"https:\/\/diarioellabrador.cl\/wp-content\/uploads\/2026\/05\/ChatGPT-Image-2-may-2026-11_03_20-p.m.png","datePublished":"2026-05-02T22:13:00+00:00","dateModified":"2026-05-03T03:05:12+00:00","breadcrumb":{"@id":"https:\/\/diarioellabrador.cl\/index.php\/2026\/05\/02\/tiempos-dificiles\/#breadcrumb"},"inLanguage":"es","potentialAction":[{"@type":"ReadAction","target":["https:\/\/diarioellabrador.cl\/index.php\/2026\/05\/02\/tiempos-dificiles\/"]}]},{"@type":"ImageObject","inLanguage":"es","@id":"https:\/\/diarioellabrador.cl\/index.php\/2026\/05\/02\/tiempos-dificiles\/#primaryimage","url":"https:\/\/diarioellabrador.cl\/wp-content\/uploads\/2026\/05\/ChatGPT-Image-2-may-2026-11_03_20-p.m.png","contentUrl":"https:\/\/diarioellabrador.cl\/wp-content\/uploads\/2026\/05\/ChatGPT-Image-2-may-2026-11_03_20-p.m.png","width":1503,"height":1047},{"@type":"BreadcrumbList","@id":"https:\/\/diarioellabrador.cl\/index.php\/2026\/05\/02\/tiempos-dificiles\/#breadcrumb","itemListElement":[{"@type":"ListItem","position":1,"name":"Portada","item":"https:\/\/diarioellabrador.cl\/"},{"@type":"ListItem","position":2,"name":"Tiempos dif\u00edciles"}]},{"@type":"WebSite","@id":"https:\/\/diarioellabrador.cl\/#website","url":"https:\/\/diarioellabrador.cl\/","name":"Diario El Labrador","description":"Haciendo noticia desde 1921","publisher":{"@id":"https:\/\/diarioellabrador.cl\/#organization"},"potentialAction":[{"@type":"SearchAction","target":{"@type":"EntryPoint","urlTemplate":"https:\/\/diarioellabrador.cl\/?s={search_term_string}"},"query-input":{"@type":"PropertyValueSpecification","valueRequired":true,"valueName":"search_term_string"}}],"inLanguage":"es"},{"@type":"Organization","@id":"https:\/\/diarioellabrador.cl\/#organization","name":"Diario El Labrador","url":"https:\/\/diarioellabrador.cl\/","logo":{"@type":"ImageObject","inLanguage":"es","@id":"https:\/\/diarioellabrador.cl\/#\/schema\/logo\/image\/","url":"https:\/\/diarioellabrador.cl\/wp-content\/uploads\/2025\/02\/cropped-Logo-Icono.png","contentUrl":"https:\/\/diarioellabrador.cl\/wp-content\/uploads\/2025\/02\/cropped-Logo-Icono.png","width":512,"height":512,"caption":"Diario El Labrador"},"image":{"@id":"https:\/\/diarioellabrador.cl\/#\/schema\/logo\/image\/"},"sameAs":["https:\/\/web.facebook.com\/profile.php?id=61576120840621","https:\/\/x.com\/ElLabradorOf","https:\/\/www.instagram.com\/diarioellabradoroficial\/"]},{"@type":"Person","@id":"https:\/\/diarioellabrador.cl\/#\/schema\/person\/bc25ff80b4563f9c7f4bd7855df01685","name":"Editor","image":{"@type":"ImageObject","inLanguage":"es","@id":"https:\/\/secure.gravatar.com\/avatar\/109c326cf2be5c04f048c2c2a2b8b6ef44bf3d8d1d3d4c55d0ac40c4bc994684?s=96&d=mm&r=g","url":"https:\/\/secure.gravatar.com\/avatar\/109c326cf2be5c04f048c2c2a2b8b6ef44bf3d8d1d3d4c55d0ac40c4bc994684?s=96&d=mm&r=g","contentUrl":"https:\/\/secure.gravatar.com\/avatar\/109c326cf2be5c04f048c2c2a2b8b6ef44bf3d8d1d3d4c55d0ac40c4bc994684?s=96&d=mm&r=g","caption":"Editor"},"url":"https:\/\/diarioellabrador.cl\/index.php\/author\/editor\/"}]}},"_links":{"self":[{"href":"https:\/\/diarioellabrador.cl\/index.php\/wp-json\/wp\/v2\/posts\/18828","targetHints":{"allow":["GET"]}}],"collection":[{"href":"https:\/\/diarioellabrador.cl\/index.php\/wp-json\/wp\/v2\/posts"}],"about":[{"href":"https:\/\/diarioellabrador.cl\/index.php\/wp-json\/wp\/v2\/types\/post"}],"author":[{"embeddable":true,"href":"https:\/\/diarioellabrador.cl\/index.php\/wp-json\/wp\/v2\/users\/2"}],"replies":[{"embeddable":true,"href":"https:\/\/diarioellabrador.cl\/index.php\/wp-json\/wp\/v2\/comments?post=18828"}],"version-history":[{"count":2,"href":"https:\/\/diarioellabrador.cl\/index.php\/wp-json\/wp\/v2\/posts\/18828\/revisions"}],"predecessor-version":[{"id":18909,"href":"https:\/\/diarioellabrador.cl\/index.php\/wp-json\/wp\/v2\/posts\/18828\/revisions\/18909"}],"wp:featuredmedia":[{"embeddable":true,"href":"https:\/\/diarioellabrador.cl\/index.php\/wp-json\/wp\/v2\/media\/18908"}],"wp:attachment":[{"href":"https:\/\/diarioellabrador.cl\/index.php\/wp-json\/wp\/v2\/media?parent=18828"}],"wp:term":[{"taxonomy":"category","embeddable":true,"href":"https:\/\/diarioellabrador.cl\/index.php\/wp-json\/wp\/v2\/categories?post=18828"},{"taxonomy":"post_tag","embeddable":true,"href":"https:\/\/diarioellabrador.cl\/index.php\/wp-json\/wp\/v2\/tags?post=18828"}],"curies":[{"name":"wp","href":"https:\/\/api.w.org\/{rel}","templated":true}]}}