{"id":18807,"date":"2026-04-30T20:01:19","date_gmt":"2026-05-01T00:01:19","guid":{"rendered":"https:\/\/diarioellabrador.cl\/?p=18807"},"modified":"2026-04-30T20:01:20","modified_gmt":"2026-05-01T00:01:20","slug":"indignacion-generalizada-por-caso-de-maltrato-animal-en-maria-pinto","status":"publish","type":"post","link":"https:\/\/diarioellabrador.cl\/index.php\/2026\/04\/30\/indignacion-generalizada-por-caso-de-maltrato-animal-en-maria-pinto\/","title":{"rendered":"Indignaci\u00f3n generalizada por caso de maltrato animal en Mar\u00eda Pinto"},"content":{"rendered":"\n<p>Por Carlos Silva S<\/p>\n\n\n\n<p>Fue el martes por la noche que las im\u00e1genes captadas por una c\u00e1mara de seguridad de la localidad de El Bosque, en la comuna de Mar\u00eda Pinto, mostraban la agresi\u00f3n por parte de un hombre adulto en contra de un peque\u00f1o gato.<\/p>\n\n\n\n<p>La escena daba cuenta c\u00f3mo el responsable, acompa\u00f1ado de un adulto mayor, se estacion\u00f3 en las cercan\u00edas de un almac\u00e9n del lugar, sac\u00f3 el felino de su maletero, y comenz\u00f3 a propinarle golpes con uno de sus pies, para luego, volver a ingresarlo al veh\u00edculo.<\/p>\n\n\n\n<p>Fue una vecina del lugar que denunci\u00f3 los hechos a Carabineros de la Tenencia de Mar\u00eda Pinto, instante en el video ya era compartido en diferentes plataformas digitales a nivel nacional, generando revuelo e indignaci\u00f3n, especialmente en agrupaciones animalistas.<\/p>\n\n\n\n<p>El mi\u00e9rcoles por la ma\u00f1ana, el sujeto se entreg\u00f3 a Carabineros, quedando a disposici\u00f3n de la Secci\u00f3n de Investigaci\u00f3n Policial (SIP) para su formalizaci\u00f3n.<\/p>\n\n\n\n<p>En tanto, desde la municipalidad de Mar\u00eda Pinto, la alcaldesa Jessica Mualim anunci\u00f3 que interpondr\u00e1n una querella por este caso que calific\u00f3 como \u201cimpactante\u201d.<\/p>\n","protected":false},"excerpt":{"rendered":"<p>Por Carlos Silva S Fue el martes por la noche que las im\u00e1genes captadas por una c\u00e1mara de seguridad de la localidad de El Bosque, en la comuna de Mar\u00eda Pinto, mostraban la agresi\u00f3n por parte de un hombre adulto en contra de un peque\u00f1o gato. La escena daba cuenta c\u00f3mo el responsable, acompa\u00f1ado de<\/p>\n<div class=\"read-more-wrapper\"><a class=\"read-more\" href=\"https:\/\/diarioellabrador.cl\/index.php\/2026\/04\/30\/indignacion-generalizada-por-caso-de-maltrato-animal-en-maria-pinto\/\" title=\"Leer m\u00e1s\"> <span class=\"button \">Leer m\u00e1s<\/span><\/a><\/div>\n","protected":false},"author":2,"featured_media":18760,"comment_status":"open","ping_status":"open","sticky":false,"template":"","format":"standard","meta":{"footnotes":""},"categories":[3],"tags":[],"class_list":["post-18807","post","type-post","status-publish","format-standard","has-post-thumbnail","hentry","category-policial"],"yoast_head":"<!-- This site is optimized with the Yoast SEO plugin v27.5 - https:\/\/yoast.com\/product\/yoast-seo-wordpress\/ -->\n<title>Indignaci\u00f3n generalizada por caso de maltrato animal en Mar\u00eda Pinto - Diario El Labrador<\/title>\n<meta name=\"robots\" content=\"index, follow, max-snippet:-1, max-image-preview:large, max-video-preview:-1\" \/>\n<link rel=\"canonical\" href=\"https:\/\/diarioellabrador.cl\/index.php\/2026\/04\/30\/indignacion-generalizada-por-caso-de-maltrato-animal-en-maria-pinto\/\" \/>\n<meta property=\"og:locale\" content=\"es_ES\" \/>\n<meta property=\"og:type\" content=\"article\" \/>\n<meta property=\"og:title\" content=\"Indignaci\u00f3n generalizada por caso de maltrato animal en Mar\u00eda Pinto - Diario El Labrador\" \/>\n<meta property=\"og:description\" content=\"Por Carlos Silva S Fue el martes por la noche que las im\u00e1genes captadas por una c\u00e1mara de seguridad de la localidad de El Bosque, en la comuna de Mar\u00eda Pinto, mostraban la agresi\u00f3n por parte de un hombre adulto en contra de un peque\u00f1o gato. La escena daba cuenta c\u00f3mo el responsable, acompa\u00f1ado de Leer m\u00e1s\" \/>\n<meta property=\"og:url\" content=\"https:\/\/diarioellabrador.cl\/index.php\/2026\/04\/30\/indignacion-generalizada-por-caso-de-maltrato-animal-en-maria-pinto\/\" \/>\n<meta property=\"og:site_name\" content=\"Diario El Labrador\" \/>\n<meta property=\"article:publisher\" content=\"https:\/\/web.facebook.com\/profile.php?id=61576120840621\" \/>\n<meta property=\"article:published_time\" content=\"2026-05-01T00:01:19+00:00\" \/>\n<meta property=\"article:modified_time\" content=\"2026-05-01T00:01:20+00:00\" \/>\n<meta property=\"og:image\" content=\"https:\/\/diarioellabrador.cl\/wp-content\/uploads\/2026\/04\/Indignacion-generalizada-por-caso-de-maltrato-animal-en-Maria-Pinto.jpg\" \/>\n\t<meta property=\"og:image:width\" content=\"1080\" \/>\n\t<meta property=\"og:image:height\" content=\"476\" \/>\n\t<meta property=\"og:image:type\" content=\"image\/jpeg\" \/>\n<meta name=\"author\" content=\"Editor\" \/>\n<meta name=\"twitter:card\" content=\"summary_large_image\" \/>\n<meta name=\"twitter:creator\" content=\"@ElLabradorOf\" \/>\n<meta name=\"twitter:site\" content=\"@ElLabradorOf\" \/>\n<meta name=\"twitter:label1\" content=\"Escrito por\" \/>\n\t<meta name=\"twitter:data1\" content=\"Editor\" \/>\n\t<meta name=\"twitter:label2\" content=\"Tiempo de lectura\" \/>\n\t<meta name=\"twitter:data2\" content=\"2 minutos\" \/>\n<script type=\"application\/ld+json\" class=\"yoast-schema-graph\">{\"@context\":\"https:\\\/\\\/schema.org\",\"@graph\":[{\"@type\":\"Article\",\"@id\":\"https:\\\/\\\/diarioellabrador.cl\\\/index.php\\\/2026\\\/04\\\/30\\\/indignacion-generalizada-por-caso-de-maltrato-animal-en-maria-pinto\\\/#article\",\"isPartOf\":{\"@id\":\"https:\\\/\\\/diarioellabrador.cl\\\/index.php\\\/2026\\\/04\\\/30\\\/indignacion-generalizada-por-caso-de-maltrato-animal-en-maria-pinto\\\/\"},\"author\":{\"name\":\"Editor\",\"@id\":\"https:\\\/\\\/diarioellabrador.cl\\\/#\\\/schema\\\/person\\\/bc25ff80b4563f9c7f4bd7855df01685\"},\"headline\":\"Indignaci\u00f3n generalizada por caso de maltrato animal en Mar\u00eda Pinto\",\"datePublished\":\"2026-05-01T00:01:19+00:00\",\"dateModified\":\"2026-05-01T00:01:20+00:00\",\"mainEntityOfPage\":{\"@id\":\"https:\\\/\\\/diarioellabrador.cl\\\/index.php\\\/2026\\\/04\\\/30\\\/indignacion-generalizada-por-caso-de-maltrato-animal-en-maria-pinto\\\/\"},\"wordCount\":210,\"commentCount\":0,\"publisher\":{\"@id\":\"https:\\\/\\\/diarioellabrador.cl\\\/#organization\"},\"image\":{\"@id\":\"https:\\\/\\\/diarioellabrador.cl\\\/index.php\\\/2026\\\/04\\\/30\\\/indignacion-generalizada-por-caso-de-maltrato-animal-en-maria-pinto\\\/#primaryimage\"},\"thumbnailUrl\":\"https:\\\/\\\/diarioellabrador.cl\\\/wp-content\\\/uploads\\\/2026\\\/04\\\/Indignacion-generalizada-por-caso-de-maltrato-animal-en-Maria-Pinto.jpg\",\"articleSection\":[\"Policial\"],\"inLanguage\":\"es\",\"potentialAction\":[{\"@type\":\"CommentAction\",\"name\":\"Comment\",\"target\":[\"https:\\\/\\\/diarioellabrador.cl\\\/index.php\\\/2026\\\/04\\\/30\\\/indignacion-generalizada-por-caso-de-maltrato-animal-en-maria-pinto\\\/#respond\"]}]},{\"@type\":\"WebPage\",\"@id\":\"https:\\\/\\\/diarioellabrador.cl\\\/index.php\\\/2026\\\/04\\\/30\\\/indignacion-generalizada-por-caso-de-maltrato-animal-en-maria-pinto\\\/\",\"url\":\"https:\\\/\\\/diarioellabrador.cl\\\/index.php\\\/2026\\\/04\\\/30\\\/indignacion-generalizada-por-caso-de-maltrato-animal-en-maria-pinto\\\/\",\"name\":\"Indignaci\u00f3n generalizada por caso de maltrato animal en Mar\u00eda Pinto - Diario El Labrador\",\"isPartOf\":{\"@id\":\"https:\\\/\\\/diarioellabrador.cl\\\/#website\"},\"primaryImageOfPage\":{\"@id\":\"https:\\\/\\\/diarioellabrador.cl\\\/index.php\\\/2026\\\/04\\\/30\\\/indignacion-generalizada-por-caso-de-maltrato-animal-en-maria-pinto\\\/#primaryimage\"},\"image\":{\"@id\":\"https:\\\/\\\/diarioellabrador.cl\\\/index.php\\\/2026\\\/04\\\/30\\\/indignacion-generalizada-por-caso-de-maltrato-animal-en-maria-pinto\\\/#primaryimage\"},\"thumbnailUrl\":\"https:\\\/\\\/diarioellabrador.cl\\\/wp-content\\\/uploads\\\/2026\\\/04\\\/Indignacion-generalizada-por-caso-de-maltrato-animal-en-Maria-Pinto.jpg\",\"datePublished\":\"2026-05-01T00:01:19+00:00\",\"dateModified\":\"2026-05-01T00:01:20+00:00\",\"breadcrumb\":{\"@id\":\"https:\\\/\\\/diarioellabrador.cl\\\/index.php\\\/2026\\\/04\\\/30\\\/indignacion-generalizada-por-caso-de-maltrato-animal-en-maria-pinto\\\/#breadcrumb\"},\"inLanguage\":\"es\",\"potentialAction\":[{\"@type\":\"ReadAction\",\"target\":[\"https:\\\/\\\/diarioellabrador.cl\\\/index.php\\\/2026\\\/04\\\/30\\\/indignacion-generalizada-por-caso-de-maltrato-animal-en-maria-pinto\\\/\"]}]},{\"@type\":\"ImageObject\",\"inLanguage\":\"es\",\"@id\":\"https:\\\/\\\/diarioellabrador.cl\\\/index.php\\\/2026\\\/04\\\/30\\\/indignacion-generalizada-por-caso-de-maltrato-animal-en-maria-pinto\\\/#primaryimage\",\"url\":\"https:\\\/\\\/diarioellabrador.cl\\\/wp-content\\\/uploads\\\/2026\\\/04\\\/Indignacion-generalizada-por-caso-de-maltrato-animal-en-Maria-Pinto.jpg\",\"contentUrl\":\"https:\\\/\\\/diarioellabrador.cl\\\/wp-content\\\/uploads\\\/2026\\\/04\\\/Indignacion-generalizada-por-caso-de-maltrato-animal-en-Maria-Pinto.jpg\",\"width\":1080,\"height\":476},{\"@type\":\"BreadcrumbList\",\"@id\":\"https:\\\/\\\/diarioellabrador.cl\\\/index.php\\\/2026\\\/04\\\/30\\\/indignacion-generalizada-por-caso-de-maltrato-animal-en-maria-pinto\\\/#breadcrumb\",\"itemListElement\":[{\"@type\":\"ListItem\",\"position\":1,\"name\":\"Portada\",\"item\":\"https:\\\/\\\/diarioellabrador.cl\\\/\"},{\"@type\":\"ListItem\",\"position\":2,\"name\":\"Indignaci\u00f3n generalizada por caso de maltrato animal en Mar\u00eda Pinto\"}]},{\"@type\":\"WebSite\",\"@id\":\"https:\\\/\\\/diarioellabrador.cl\\\/#website\",\"url\":\"https:\\\/\\\/diarioellabrador.cl\\\/\",\"name\":\"Diario El Labrador\",\"description\":\"Haciendo noticia desde 1921\",\"publisher\":{\"@id\":\"https:\\\/\\\/diarioellabrador.cl\\\/#organization\"},\"potentialAction\":[{\"@type\":\"SearchAction\",\"target\":{\"@type\":\"EntryPoint\",\"urlTemplate\":\"https:\\\/\\\/diarioellabrador.cl\\\/?s={search_term_string}\"},\"query-input\":{\"@type\":\"PropertyValueSpecification\",\"valueRequired\":true,\"valueName\":\"search_term_string\"}}],\"inLanguage\":\"es\"},{\"@type\":\"Organization\",\"@id\":\"https:\\\/\\\/diarioellabrador.cl\\\/#organization\",\"name\":\"Diario El Labrador\",\"url\":\"https:\\\/\\\/diarioellabrador.cl\\\/\",\"logo\":{\"@type\":\"ImageObject\",\"inLanguage\":\"es\",\"@id\":\"https:\\\/\\\/diarioellabrador.cl\\\/#\\\/schema\\\/logo\\\/image\\\/\",\"url\":\"https:\\\/\\\/diarioellabrador.cl\\\/wp-content\\\/uploads\\\/2025\\\/02\\\/cropped-Logo-Icono.png\",\"contentUrl\":\"https:\\\/\\\/diarioellabrador.cl\\\/wp-content\\\/uploads\\\/2025\\\/02\\\/cropped-Logo-Icono.png\",\"width\":512,\"height\":512,\"caption\":\"Diario El Labrador\"},\"image\":{\"@id\":\"https:\\\/\\\/diarioellabrador.cl\\\/#\\\/schema\\\/logo\\\/image\\\/\"},\"sameAs\":[\"https:\\\/\\\/web.facebook.com\\\/profile.php?id=61576120840621\",\"https:\\\/\\\/x.com\\\/ElLabradorOf\",\"https:\\\/\\\/www.instagram.com\\\/diarioellabradoroficial\\\/\"]},{\"@type\":\"Person\",\"@id\":\"https:\\\/\\\/diarioellabrador.cl\\\/#\\\/schema\\\/person\\\/bc25ff80b4563f9c7f4bd7855df01685\",\"name\":\"Editor\",\"image\":{\"@type\":\"ImageObject\",\"inLanguage\":\"es\",\"@id\":\"https:\\\/\\\/secure.gravatar.com\\\/avatar\\\/109c326cf2be5c04f048c2c2a2b8b6ef44bf3d8d1d3d4c55d0ac40c4bc994684?s=96&d=mm&r=g\",\"url\":\"https:\\\/\\\/secure.gravatar.com\\\/avatar\\\/109c326cf2be5c04f048c2c2a2b8b6ef44bf3d8d1d3d4c55d0ac40c4bc994684?s=96&d=mm&r=g\",\"contentUrl\":\"https:\\\/\\\/secure.gravatar.com\\\/avatar\\\/109c326cf2be5c04f048c2c2a2b8b6ef44bf3d8d1d3d4c55d0ac40c4bc994684?s=96&d=mm&r=g\",\"caption\":\"Editor\"},\"url\":\"https:\\\/\\\/diarioellabrador.cl\\\/index.php\\\/author\\\/editor\\\/\"}]}<\/script>\n<!-- \/ Yoast SEO plugin. -->","yoast_head_json":{"title":"Indignaci\u00f3n generalizada por caso de maltrato animal en Mar\u00eda Pinto - Diario El Labrador","robots":{"index":"index","follow":"follow","max-snippet":"max-snippet:-1","max-image-preview":"max-image-preview:large","max-video-preview":"max-video-preview:-1"},"canonical":"https:\/\/diarioellabrador.cl\/index.php\/2026\/04\/30\/indignacion-generalizada-por-caso-de-maltrato-animal-en-maria-pinto\/","og_locale":"es_ES","og_type":"article","og_title":"Indignaci\u00f3n generalizada por caso de maltrato animal en Mar\u00eda Pinto - Diario El Labrador","og_description":"Por Carlos Silva S Fue el martes por la noche que las im\u00e1genes captadas por una c\u00e1mara de seguridad de la localidad de El Bosque, en la comuna de Mar\u00eda Pinto, mostraban la agresi\u00f3n por parte de un hombre adulto en contra de un peque\u00f1o gato. La escena daba cuenta c\u00f3mo el responsable, acompa\u00f1ado de Leer m\u00e1s","og_url":"https:\/\/diarioellabrador.cl\/index.php\/2026\/04\/30\/indignacion-generalizada-por-caso-de-maltrato-animal-en-maria-pinto\/","og_site_name":"Diario El Labrador","article_publisher":"https:\/\/web.facebook.com\/profile.php?id=61576120840621","article_published_time":"2026-05-01T00:01:19+00:00","article_modified_time":"2026-05-01T00:01:20+00:00","og_image":[{"width":1080,"height":476,"url":"https:\/\/diarioellabrador.cl\/wp-content\/uploads\/2026\/04\/Indignacion-generalizada-por-caso-de-maltrato-animal-en-Maria-Pinto.jpg","type":"image\/jpeg"}],"author":"Editor","twitter_card":"summary_large_image","twitter_creator":"@ElLabradorOf","twitter_site":"@ElLabradorOf","twitter_misc":{"Escrito por":"Editor","Tiempo de lectura":"2 minutos"},"schema":{"@context":"https:\/\/schema.org","@graph":[{"@type":"Article","@id":"https:\/\/diarioellabrador.cl\/index.php\/2026\/04\/30\/indignacion-generalizada-por-caso-de-maltrato-animal-en-maria-pinto\/#article","isPartOf":{"@id":"https:\/\/diarioellabrador.cl\/index.php\/2026\/04\/30\/indignacion-generalizada-por-caso-de-maltrato-animal-en-maria-pinto\/"},"author":{"name":"Editor","@id":"https:\/\/diarioellabrador.cl\/#\/schema\/person\/bc25ff80b4563f9c7f4bd7855df01685"},"headline":"Indignaci\u00f3n generalizada por caso de maltrato animal en Mar\u00eda Pinto","datePublished":"2026-05-01T00:01:19+00:00","dateModified":"2026-05-01T00:01:20+00:00","mainEntityOfPage":{"@id":"https:\/\/diarioellabrador.cl\/index.php\/2026\/04\/30\/indignacion-generalizada-por-caso-de-maltrato-animal-en-maria-pinto\/"},"wordCount":210,"commentCount":0,"publisher":{"@id":"https:\/\/diarioellabrador.cl\/#organization"},"image":{"@id":"https:\/\/diarioellabrador.cl\/index.php\/2026\/04\/30\/indignacion-generalizada-por-caso-de-maltrato-animal-en-maria-pinto\/#primaryimage"},"thumbnailUrl":"https:\/\/diarioellabrador.cl\/wp-content\/uploads\/2026\/04\/Indignacion-generalizada-por-caso-de-maltrato-animal-en-Maria-Pinto.jpg","articleSection":["Policial"],"inLanguage":"es","potentialAction":[{"@type":"CommentAction","name":"Comment","target":["https:\/\/diarioellabrador.cl\/index.php\/2026\/04\/30\/indignacion-generalizada-por-caso-de-maltrato-animal-en-maria-pinto\/#respond"]}]},{"@type":"WebPage","@id":"https:\/\/diarioellabrador.cl\/index.php\/2026\/04\/30\/indignacion-generalizada-por-caso-de-maltrato-animal-en-maria-pinto\/","url":"https:\/\/diarioellabrador.cl\/index.php\/2026\/04\/30\/indignacion-generalizada-por-caso-de-maltrato-animal-en-maria-pinto\/","name":"Indignaci\u00f3n generalizada por caso de maltrato animal en Mar\u00eda Pinto - Diario El Labrador","isPartOf":{"@id":"https:\/\/diarioellabrador.cl\/#website"},"primaryImageOfPage":{"@id":"https:\/\/diarioellabrador.cl\/index.php\/2026\/04\/30\/indignacion-generalizada-por-caso-de-maltrato-animal-en-maria-pinto\/#primaryimage"},"image":{"@id":"https:\/\/diarioellabrador.cl\/index.php\/2026\/04\/30\/indignacion-generalizada-por-caso-de-maltrato-animal-en-maria-pinto\/#primaryimage"},"thumbnailUrl":"https:\/\/diarioellabrador.cl\/wp-content\/uploads\/2026\/04\/Indignacion-generalizada-por-caso-de-maltrato-animal-en-Maria-Pinto.jpg","datePublished":"2026-05-01T00:01:19+00:00","dateModified":"2026-05-01T00:01:20+00:00","breadcrumb":{"@id":"https:\/\/diarioellabrador.cl\/index.php\/2026\/04\/30\/indignacion-generalizada-por-caso-de-maltrato-animal-en-maria-pinto\/#breadcrumb"},"inLanguage":"es","potentialAction":[{"@type":"ReadAction","target":["https:\/\/diarioellabrador.cl\/index.php\/2026\/04\/30\/indignacion-generalizada-por-caso-de-maltrato-animal-en-maria-pinto\/"]}]},{"@type":"ImageObject","inLanguage":"es","@id":"https:\/\/diarioellabrador.cl\/index.php\/2026\/04\/30\/indignacion-generalizada-por-caso-de-maltrato-animal-en-maria-pinto\/#primaryimage","url":"https:\/\/diarioellabrador.cl\/wp-content\/uploads\/2026\/04\/Indignacion-generalizada-por-caso-de-maltrato-animal-en-Maria-Pinto.jpg","contentUrl":"https:\/\/diarioellabrador.cl\/wp-content\/uploads\/2026\/04\/Indignacion-generalizada-por-caso-de-maltrato-animal-en-Maria-Pinto.jpg","width":1080,"height":476},{"@type":"BreadcrumbList","@id":"https:\/\/diarioellabrador.cl\/index.php\/2026\/04\/30\/indignacion-generalizada-por-caso-de-maltrato-animal-en-maria-pinto\/#breadcrumb","itemListElement":[{"@type":"ListItem","position":1,"name":"Portada","item":"https:\/\/diarioellabrador.cl\/"},{"@type":"ListItem","position":2,"name":"Indignaci\u00f3n generalizada por caso de maltrato animal en Mar\u00eda Pinto"}]},{"@type":"WebSite","@id":"https:\/\/diarioellabrador.cl\/#website","url":"https:\/\/diarioellabrador.cl\/","name":"Diario El Labrador","description":"Haciendo noticia desde 1921","publisher":{"@id":"https:\/\/diarioellabrador.cl\/#organization"},"potentialAction":[{"@type":"SearchAction","target":{"@type":"EntryPoint","urlTemplate":"https:\/\/diarioellabrador.cl\/?s={search_term_string}"},"query-input":{"@type":"PropertyValueSpecification","valueRequired":true,"valueName":"search_term_string"}}],"inLanguage":"es"},{"@type":"Organization","@id":"https:\/\/diarioellabrador.cl\/#organization","name":"Diario El Labrador","url":"https:\/\/diarioellabrador.cl\/","logo":{"@type":"ImageObject","inLanguage":"es","@id":"https:\/\/diarioellabrador.cl\/#\/schema\/logo\/image\/","url":"https:\/\/diarioellabrador.cl\/wp-content\/uploads\/2025\/02\/cropped-Logo-Icono.png","contentUrl":"https:\/\/diarioellabrador.cl\/wp-content\/uploads\/2025\/02\/cropped-Logo-Icono.png","width":512,"height":512,"caption":"Diario El Labrador"},"image":{"@id":"https:\/\/diarioellabrador.cl\/#\/schema\/logo\/image\/"},"sameAs":["https:\/\/web.facebook.com\/profile.php?id=61576120840621","https:\/\/x.com\/ElLabradorOf","https:\/\/www.instagram.com\/diarioellabradoroficial\/"]},{"@type":"Person","@id":"https:\/\/diarioellabrador.cl\/#\/schema\/person\/bc25ff80b4563f9c7f4bd7855df01685","name":"Editor","image":{"@type":"ImageObject","inLanguage":"es","@id":"https:\/\/secure.gravatar.com\/avatar\/109c326cf2be5c04f048c2c2a2b8b6ef44bf3d8d1d3d4c55d0ac40c4bc994684?s=96&d=mm&r=g","url":"https:\/\/secure.gravatar.com\/avatar\/109c326cf2be5c04f048c2c2a2b8b6ef44bf3d8d1d3d4c55d0ac40c4bc994684?s=96&d=mm&r=g","contentUrl":"https:\/\/secure.gravatar.com\/avatar\/109c326cf2be5c04f048c2c2a2b8b6ef44bf3d8d1d3d4c55d0ac40c4bc994684?s=96&d=mm&r=g","caption":"Editor"},"url":"https:\/\/diarioellabrador.cl\/index.php\/author\/editor\/"}]}},"_links":{"self":[{"href":"https:\/\/diarioellabrador.cl\/index.php\/wp-json\/wp\/v2\/posts\/18807","targetHints":{"allow":["GET"]}}],"collection":[{"href":"https:\/\/diarioellabrador.cl\/index.php\/wp-json\/wp\/v2\/posts"}],"about":[{"href":"https:\/\/diarioellabrador.cl\/index.php\/wp-json\/wp\/v2\/types\/post"}],"author":[{"embeddable":true,"href":"https:\/\/diarioellabrador.cl\/index.php\/wp-json\/wp\/v2\/users\/2"}],"replies":[{"embeddable":true,"href":"https:\/\/diarioellabrador.cl\/index.php\/wp-json\/wp\/v2\/comments?post=18807"}],"version-history":[{"count":1,"href":"https:\/\/diarioellabrador.cl\/index.php\/wp-json\/wp\/v2\/posts\/18807\/revisions"}],"predecessor-version":[{"id":18808,"href":"https:\/\/diarioellabrador.cl\/index.php\/wp-json\/wp\/v2\/posts\/18807\/revisions\/18808"}],"wp:featuredmedia":[{"embeddable":true,"href":"https:\/\/diarioellabrador.cl\/index.php\/wp-json\/wp\/v2\/media\/18760"}],"wp:attachment":[{"href":"https:\/\/diarioellabrador.cl\/index.php\/wp-json\/wp\/v2\/media?parent=18807"}],"wp:term":[{"taxonomy":"category","embeddable":true,"href":"https:\/\/diarioellabrador.cl\/index.php\/wp-json\/wp\/v2\/categories?post=18807"},{"taxonomy":"post_tag","embeddable":true,"href":"https:\/\/diarioellabrador.cl\/index.php\/wp-json\/wp\/v2\/tags?post=18807"}],"curies":[{"name":"wp","href":"https:\/\/api.w.org\/{rel}","templated":true}]}}