{"id":18805,"date":"2026-04-30T20:00:50","date_gmt":"2026-05-01T00:00:50","guid":{"rendered":"https:\/\/diarioellabrador.cl\/?p=18805"},"modified":"2026-04-30T20:00:52","modified_gmt":"2026-05-01T00:00:52","slug":"con-historica-inversion-para-alhue-alcaldesa-marcela-chamorro-macias-presento-cuenta-publica-2025","status":"publish","type":"post","link":"https:\/\/diarioellabrador.cl\/index.php\/2026\/04\/30\/con-historica-inversion-para-alhue-alcaldesa-marcela-chamorro-macias-presento-cuenta-publica-2025\/","title":{"rendered":"Con Hist\u00f3rica inversi\u00f3n para Alhu\u00e9, Alcaldesa Marcela Chamorro Mac\u00edas present\u00f3 Cuenta P\u00fablica 2025"},"content":{"rendered":"\n<p>La gesti\u00f3n avanza, y los resultados est\u00e1n a la vista. En una significativa ceremonia, la Ilustre Municipalidad de Alhu\u00e9 llev\u00f3 a cabo la presentaci\u00f3n de la Cuenta P\u00fablica 2025, instancia encabezada por la Alcaldesa Marcela Chamorro Mac\u00edas.<\/p>\n\n\n\n<p>La jornada cont\u00f3 con la presencia de los concejales Manuel Gonz\u00e1lez, Alex Riquelme, Nancy Cerda, Fidel Valenzuela, Leonel Acevedo y Mat\u00edas Valenzuela, adem\u00e1s del delegado presidencial provincial de Melipilla, Gast\u00f3n Libuy, y la consejera regional, Cristina Soto, junto a dirigentes sociales, autoridades y vecinos de la comuna.<\/p>\n\n\n\n<p>Durante la presentaci\u00f3n, se dio a conocer en detalle la gesti\u00f3n municipal correspondiente al a\u00f1o 2025, destacando importantes avances en \u00e1reas como infraestructura, salud, educaci\u00f3n, seguridad, deporte y desarrollo comunitario, reafirmando el compromiso de seguir construyendo un mejor futuro para todas y todos.<\/p>\n\n\n\n<p>Asimismo, se presentaron las iniciativas y proyectos que marcar\u00e1n el desarrollo de la comuna durante este a\u00f1o, consolidando una hist\u00f3rica inversi\u00f3n que supera los $19 mil millones, entre obras ejecutadas e iniciativas proyectadas para Alhu\u00e9.<\/p>\n\n\n\n<p>Una cifra que refleja el trabajo serio, responsable y comprometido de la administraci\u00f3n liderada por la Alcaldesa Marcela Chamorro Mac\u00edas, junto al Honorable Concejo Municipal, siempre enfocados en mejorar la calidad de vida de cada habitante de la comuna.<\/p>\n","protected":false},"excerpt":{"rendered":"<p>La gesti\u00f3n avanza, y los resultados est\u00e1n a la vista. En una significativa ceremonia, la Ilustre Municipalidad de Alhu\u00e9 llev\u00f3 a cabo la presentaci\u00f3n de la Cuenta P\u00fablica 2025, instancia encabezada por la Alcaldesa Marcela Chamorro Mac\u00edas. La jornada cont\u00f3 con la presencia de los concejales Manuel Gonz\u00e1lez, Alex Riquelme, Nancy Cerda, Fidel Valenzuela, Leonel<\/p>\n<div class=\"read-more-wrapper\"><a class=\"read-more\" href=\"https:\/\/diarioellabrador.cl\/index.php\/2026\/04\/30\/con-historica-inversion-para-alhue-alcaldesa-marcela-chamorro-macias-presento-cuenta-publica-2025\/\" title=\"Leer m\u00e1s\"> <span class=\"button \">Leer m\u00e1s<\/span><\/a><\/div>\n","protected":false},"author":2,"featured_media":18756,"comment_status":"open","ping_status":"open","sticky":false,"template":"","format":"standard","meta":{"footnotes":""},"categories":[1],"tags":[],"class_list":["post-18805","post","type-post","status-publish","format-standard","has-post-thumbnail","hentry","category-cronica"],"yoast_head":"<!-- This site is optimized with the Yoast SEO plugin v27.5 - https:\/\/yoast.com\/product\/yoast-seo-wordpress\/ -->\n<title>Con Hist\u00f3rica inversi\u00f3n para Alhu\u00e9, Alcaldesa Marcela Chamorro Mac\u00edas present\u00f3 Cuenta P\u00fablica 2025 - Diario El Labrador<\/title>\n<meta name=\"robots\" content=\"index, follow, max-snippet:-1, max-image-preview:large, max-video-preview:-1\" \/>\n<link rel=\"canonical\" href=\"https:\/\/diarioellabrador.cl\/index.php\/2026\/04\/30\/con-historica-inversion-para-alhue-alcaldesa-marcela-chamorro-macias-presento-cuenta-publica-2025\/\" \/>\n<meta property=\"og:locale\" content=\"es_ES\" \/>\n<meta property=\"og:type\" content=\"article\" \/>\n<meta property=\"og:title\" content=\"Con Hist\u00f3rica inversi\u00f3n para Alhu\u00e9, Alcaldesa Marcela Chamorro Mac\u00edas present\u00f3 Cuenta P\u00fablica 2025 - Diario El Labrador\" \/>\n<meta property=\"og:description\" content=\"La gesti\u00f3n avanza, y los resultados est\u00e1n a la vista. En una significativa ceremonia, la Ilustre Municipalidad de Alhu\u00e9 llev\u00f3 a cabo la presentaci\u00f3n de la Cuenta P\u00fablica 2025, instancia encabezada por la Alcaldesa Marcela Chamorro Mac\u00edas. La jornada cont\u00f3 con la presencia de los concejales Manuel Gonz\u00e1lez, Alex Riquelme, Nancy Cerda, Fidel Valenzuela, Leonel Leer m\u00e1s\" \/>\n<meta property=\"og:url\" content=\"https:\/\/diarioellabrador.cl\/index.php\/2026\/04\/30\/con-historica-inversion-para-alhue-alcaldesa-marcela-chamorro-macias-presento-cuenta-publica-2025\/\" \/>\n<meta property=\"og:site_name\" content=\"Diario El Labrador\" \/>\n<meta property=\"article:publisher\" content=\"https:\/\/web.facebook.com\/profile.php?id=61576120840621\" \/>\n<meta property=\"article:published_time\" content=\"2026-05-01T00:00:50+00:00\" \/>\n<meta property=\"article:modified_time\" content=\"2026-05-01T00:00:52+00:00\" \/>\n<meta property=\"og:image\" content=\"https:\/\/diarioellabrador.cl\/wp-content\/uploads\/2026\/04\/Con-Historica-inversion-para-Alhue-Alcaldesa-Marcela-Chamorro-Macias-presento-Cuenta-Publica-2025.jpg\" \/>\n\t<meta property=\"og:image:width\" content=\"2560\" \/>\n\t<meta property=\"og:image:height\" content=\"1708\" \/>\n\t<meta property=\"og:image:type\" content=\"image\/jpeg\" \/>\n<meta name=\"author\" content=\"Editor\" \/>\n<meta name=\"twitter:card\" content=\"summary_large_image\" \/>\n<meta name=\"twitter:creator\" content=\"@ElLabradorOf\" \/>\n<meta name=\"twitter:site\" content=\"@ElLabradorOf\" \/>\n<meta name=\"twitter:label1\" content=\"Escrito por\" \/>\n\t<meta name=\"twitter:data1\" content=\"Editor\" \/>\n\t<meta name=\"twitter:label2\" content=\"Tiempo de lectura\" \/>\n\t<meta name=\"twitter:data2\" content=\"2 minutos\" \/>\n<script type=\"application\/ld+json\" class=\"yoast-schema-graph\">{\"@context\":\"https:\\\/\\\/schema.org\",\"@graph\":[{\"@type\":\"Article\",\"@id\":\"https:\\\/\\\/diarioellabrador.cl\\\/index.php\\\/2026\\\/04\\\/30\\\/con-historica-inversion-para-alhue-alcaldesa-marcela-chamorro-macias-presento-cuenta-publica-2025\\\/#article\",\"isPartOf\":{\"@id\":\"https:\\\/\\\/diarioellabrador.cl\\\/index.php\\\/2026\\\/04\\\/30\\\/con-historica-inversion-para-alhue-alcaldesa-marcela-chamorro-macias-presento-cuenta-publica-2025\\\/\"},\"author\":{\"name\":\"Editor\",\"@id\":\"https:\\\/\\\/diarioellabrador.cl\\\/#\\\/schema\\\/person\\\/bc25ff80b4563f9c7f4bd7855df01685\"},\"headline\":\"Con Hist\u00f3rica inversi\u00f3n para Alhu\u00e9, Alcaldesa Marcela Chamorro Mac\u00edas present\u00f3 Cuenta P\u00fablica 2025\",\"datePublished\":\"2026-05-01T00:00:50+00:00\",\"dateModified\":\"2026-05-01T00:00:52+00:00\",\"mainEntityOfPage\":{\"@id\":\"https:\\\/\\\/diarioellabrador.cl\\\/index.php\\\/2026\\\/04\\\/30\\\/con-historica-inversion-para-alhue-alcaldesa-marcela-chamorro-macias-presento-cuenta-publica-2025\\\/\"},\"wordCount\":233,\"commentCount\":0,\"publisher\":{\"@id\":\"https:\\\/\\\/diarioellabrador.cl\\\/#organization\"},\"image\":{\"@id\":\"https:\\\/\\\/diarioellabrador.cl\\\/index.php\\\/2026\\\/04\\\/30\\\/con-historica-inversion-para-alhue-alcaldesa-marcela-chamorro-macias-presento-cuenta-publica-2025\\\/#primaryimage\"},\"thumbnailUrl\":\"https:\\\/\\\/diarioellabrador.cl\\\/wp-content\\\/uploads\\\/2026\\\/04\\\/Con-Historica-inversion-para-Alhue-Alcaldesa-Marcela-Chamorro-Macias-presento-Cuenta-Publica-2025.jpg\",\"articleSection\":[\"Cr\u00f3nica\"],\"inLanguage\":\"es\",\"potentialAction\":[{\"@type\":\"CommentAction\",\"name\":\"Comment\",\"target\":[\"https:\\\/\\\/diarioellabrador.cl\\\/index.php\\\/2026\\\/04\\\/30\\\/con-historica-inversion-para-alhue-alcaldesa-marcela-chamorro-macias-presento-cuenta-publica-2025\\\/#respond\"]}]},{\"@type\":\"WebPage\",\"@id\":\"https:\\\/\\\/diarioellabrador.cl\\\/index.php\\\/2026\\\/04\\\/30\\\/con-historica-inversion-para-alhue-alcaldesa-marcela-chamorro-macias-presento-cuenta-publica-2025\\\/\",\"url\":\"https:\\\/\\\/diarioellabrador.cl\\\/index.php\\\/2026\\\/04\\\/30\\\/con-historica-inversion-para-alhue-alcaldesa-marcela-chamorro-macias-presento-cuenta-publica-2025\\\/\",\"name\":\"Con Hist\u00f3rica inversi\u00f3n para Alhu\u00e9, Alcaldesa Marcela Chamorro Mac\u00edas present\u00f3 Cuenta P\u00fablica 2025 - Diario El Labrador\",\"isPartOf\":{\"@id\":\"https:\\\/\\\/diarioellabrador.cl\\\/#website\"},\"primaryImageOfPage\":{\"@id\":\"https:\\\/\\\/diarioellabrador.cl\\\/index.php\\\/2026\\\/04\\\/30\\\/con-historica-inversion-para-alhue-alcaldesa-marcela-chamorro-macias-presento-cuenta-publica-2025\\\/#primaryimage\"},\"image\":{\"@id\":\"https:\\\/\\\/diarioellabrador.cl\\\/index.php\\\/2026\\\/04\\\/30\\\/con-historica-inversion-para-alhue-alcaldesa-marcela-chamorro-macias-presento-cuenta-publica-2025\\\/#primaryimage\"},\"thumbnailUrl\":\"https:\\\/\\\/diarioellabrador.cl\\\/wp-content\\\/uploads\\\/2026\\\/04\\\/Con-Historica-inversion-para-Alhue-Alcaldesa-Marcela-Chamorro-Macias-presento-Cuenta-Publica-2025.jpg\",\"datePublished\":\"2026-05-01T00:00:50+00:00\",\"dateModified\":\"2026-05-01T00:00:52+00:00\",\"breadcrumb\":{\"@id\":\"https:\\\/\\\/diarioellabrador.cl\\\/index.php\\\/2026\\\/04\\\/30\\\/con-historica-inversion-para-alhue-alcaldesa-marcela-chamorro-macias-presento-cuenta-publica-2025\\\/#breadcrumb\"},\"inLanguage\":\"es\",\"potentialAction\":[{\"@type\":\"ReadAction\",\"target\":[\"https:\\\/\\\/diarioellabrador.cl\\\/index.php\\\/2026\\\/04\\\/30\\\/con-historica-inversion-para-alhue-alcaldesa-marcela-chamorro-macias-presento-cuenta-publica-2025\\\/\"]}]},{\"@type\":\"ImageObject\",\"inLanguage\":\"es\",\"@id\":\"https:\\\/\\\/diarioellabrador.cl\\\/index.php\\\/2026\\\/04\\\/30\\\/con-historica-inversion-para-alhue-alcaldesa-marcela-chamorro-macias-presento-cuenta-publica-2025\\\/#primaryimage\",\"url\":\"https:\\\/\\\/diarioellabrador.cl\\\/wp-content\\\/uploads\\\/2026\\\/04\\\/Con-Historica-inversion-para-Alhue-Alcaldesa-Marcela-Chamorro-Macias-presento-Cuenta-Publica-2025.jpg\",\"contentUrl\":\"https:\\\/\\\/diarioellabrador.cl\\\/wp-content\\\/uploads\\\/2026\\\/04\\\/Con-Historica-inversion-para-Alhue-Alcaldesa-Marcela-Chamorro-Macias-presento-Cuenta-Publica-2025.jpg\",\"width\":2560,\"height\":1708},{\"@type\":\"BreadcrumbList\",\"@id\":\"https:\\\/\\\/diarioellabrador.cl\\\/index.php\\\/2026\\\/04\\\/30\\\/con-historica-inversion-para-alhue-alcaldesa-marcela-chamorro-macias-presento-cuenta-publica-2025\\\/#breadcrumb\",\"itemListElement\":[{\"@type\":\"ListItem\",\"position\":1,\"name\":\"Portada\",\"item\":\"https:\\\/\\\/diarioellabrador.cl\\\/\"},{\"@type\":\"ListItem\",\"position\":2,\"name\":\"Con Hist\u00f3rica inversi\u00f3n para Alhu\u00e9, Alcaldesa Marcela Chamorro Mac\u00edas present\u00f3 Cuenta P\u00fablica 2025\"}]},{\"@type\":\"WebSite\",\"@id\":\"https:\\\/\\\/diarioellabrador.cl\\\/#website\",\"url\":\"https:\\\/\\\/diarioellabrador.cl\\\/\",\"name\":\"Diario El Labrador\",\"description\":\"Haciendo noticia desde 1921\",\"publisher\":{\"@id\":\"https:\\\/\\\/diarioellabrador.cl\\\/#organization\"},\"potentialAction\":[{\"@type\":\"SearchAction\",\"target\":{\"@type\":\"EntryPoint\",\"urlTemplate\":\"https:\\\/\\\/diarioellabrador.cl\\\/?s={search_term_string}\"},\"query-input\":{\"@type\":\"PropertyValueSpecification\",\"valueRequired\":true,\"valueName\":\"search_term_string\"}}],\"inLanguage\":\"es\"},{\"@type\":\"Organization\",\"@id\":\"https:\\\/\\\/diarioellabrador.cl\\\/#organization\",\"name\":\"Diario El Labrador\",\"url\":\"https:\\\/\\\/diarioellabrador.cl\\\/\",\"logo\":{\"@type\":\"ImageObject\",\"inLanguage\":\"es\",\"@id\":\"https:\\\/\\\/diarioellabrador.cl\\\/#\\\/schema\\\/logo\\\/image\\\/\",\"url\":\"https:\\\/\\\/diarioellabrador.cl\\\/wp-content\\\/uploads\\\/2025\\\/02\\\/cropped-Logo-Icono.png\",\"contentUrl\":\"https:\\\/\\\/diarioellabrador.cl\\\/wp-content\\\/uploads\\\/2025\\\/02\\\/cropped-Logo-Icono.png\",\"width\":512,\"height\":512,\"caption\":\"Diario El Labrador\"},\"image\":{\"@id\":\"https:\\\/\\\/diarioellabrador.cl\\\/#\\\/schema\\\/logo\\\/image\\\/\"},\"sameAs\":[\"https:\\\/\\\/web.facebook.com\\\/profile.php?id=61576120840621\",\"https:\\\/\\\/x.com\\\/ElLabradorOf\",\"https:\\\/\\\/www.instagram.com\\\/diarioellabradoroficial\\\/\"]},{\"@type\":\"Person\",\"@id\":\"https:\\\/\\\/diarioellabrador.cl\\\/#\\\/schema\\\/person\\\/bc25ff80b4563f9c7f4bd7855df01685\",\"name\":\"Editor\",\"image\":{\"@type\":\"ImageObject\",\"inLanguage\":\"es\",\"@id\":\"https:\\\/\\\/secure.gravatar.com\\\/avatar\\\/109c326cf2be5c04f048c2c2a2b8b6ef44bf3d8d1d3d4c55d0ac40c4bc994684?s=96&d=mm&r=g\",\"url\":\"https:\\\/\\\/secure.gravatar.com\\\/avatar\\\/109c326cf2be5c04f048c2c2a2b8b6ef44bf3d8d1d3d4c55d0ac40c4bc994684?s=96&d=mm&r=g\",\"contentUrl\":\"https:\\\/\\\/secure.gravatar.com\\\/avatar\\\/109c326cf2be5c04f048c2c2a2b8b6ef44bf3d8d1d3d4c55d0ac40c4bc994684?s=96&d=mm&r=g\",\"caption\":\"Editor\"},\"url\":\"https:\\\/\\\/diarioellabrador.cl\\\/index.php\\\/author\\\/editor\\\/\"}]}<\/script>\n<!-- \/ Yoast SEO plugin. -->","yoast_head_json":{"title":"Con Hist\u00f3rica inversi\u00f3n para Alhu\u00e9, Alcaldesa Marcela Chamorro Mac\u00edas present\u00f3 Cuenta P\u00fablica 2025 - Diario El Labrador","robots":{"index":"index","follow":"follow","max-snippet":"max-snippet:-1","max-image-preview":"max-image-preview:large","max-video-preview":"max-video-preview:-1"},"canonical":"https:\/\/diarioellabrador.cl\/index.php\/2026\/04\/30\/con-historica-inversion-para-alhue-alcaldesa-marcela-chamorro-macias-presento-cuenta-publica-2025\/","og_locale":"es_ES","og_type":"article","og_title":"Con Hist\u00f3rica inversi\u00f3n para Alhu\u00e9, Alcaldesa Marcela Chamorro Mac\u00edas present\u00f3 Cuenta P\u00fablica 2025 - Diario El Labrador","og_description":"La gesti\u00f3n avanza, y los resultados est\u00e1n a la vista. En una significativa ceremonia, la Ilustre Municipalidad de Alhu\u00e9 llev\u00f3 a cabo la presentaci\u00f3n de la Cuenta P\u00fablica 2025, instancia encabezada por la Alcaldesa Marcela Chamorro Mac\u00edas. La jornada cont\u00f3 con la presencia de los concejales Manuel Gonz\u00e1lez, Alex Riquelme, Nancy Cerda, Fidel Valenzuela, Leonel Leer m\u00e1s","og_url":"https:\/\/diarioellabrador.cl\/index.php\/2026\/04\/30\/con-historica-inversion-para-alhue-alcaldesa-marcela-chamorro-macias-presento-cuenta-publica-2025\/","og_site_name":"Diario El Labrador","article_publisher":"https:\/\/web.facebook.com\/profile.php?id=61576120840621","article_published_time":"2026-05-01T00:00:50+00:00","article_modified_time":"2026-05-01T00:00:52+00:00","og_image":[{"width":2560,"height":1708,"url":"https:\/\/diarioellabrador.cl\/wp-content\/uploads\/2026\/04\/Con-Historica-inversion-para-Alhue-Alcaldesa-Marcela-Chamorro-Macias-presento-Cuenta-Publica-2025.jpg","type":"image\/jpeg"}],"author":"Editor","twitter_card":"summary_large_image","twitter_creator":"@ElLabradorOf","twitter_site":"@ElLabradorOf","twitter_misc":{"Escrito por":"Editor","Tiempo de lectura":"2 minutos"},"schema":{"@context":"https:\/\/schema.org","@graph":[{"@type":"Article","@id":"https:\/\/diarioellabrador.cl\/index.php\/2026\/04\/30\/con-historica-inversion-para-alhue-alcaldesa-marcela-chamorro-macias-presento-cuenta-publica-2025\/#article","isPartOf":{"@id":"https:\/\/diarioellabrador.cl\/index.php\/2026\/04\/30\/con-historica-inversion-para-alhue-alcaldesa-marcela-chamorro-macias-presento-cuenta-publica-2025\/"},"author":{"name":"Editor","@id":"https:\/\/diarioellabrador.cl\/#\/schema\/person\/bc25ff80b4563f9c7f4bd7855df01685"},"headline":"Con Hist\u00f3rica inversi\u00f3n para Alhu\u00e9, Alcaldesa Marcela Chamorro Mac\u00edas present\u00f3 Cuenta P\u00fablica 2025","datePublished":"2026-05-01T00:00:50+00:00","dateModified":"2026-05-01T00:00:52+00:00","mainEntityOfPage":{"@id":"https:\/\/diarioellabrador.cl\/index.php\/2026\/04\/30\/con-historica-inversion-para-alhue-alcaldesa-marcela-chamorro-macias-presento-cuenta-publica-2025\/"},"wordCount":233,"commentCount":0,"publisher":{"@id":"https:\/\/diarioellabrador.cl\/#organization"},"image":{"@id":"https:\/\/diarioellabrador.cl\/index.php\/2026\/04\/30\/con-historica-inversion-para-alhue-alcaldesa-marcela-chamorro-macias-presento-cuenta-publica-2025\/#primaryimage"},"thumbnailUrl":"https:\/\/diarioellabrador.cl\/wp-content\/uploads\/2026\/04\/Con-Historica-inversion-para-Alhue-Alcaldesa-Marcela-Chamorro-Macias-presento-Cuenta-Publica-2025.jpg","articleSection":["Cr\u00f3nica"],"inLanguage":"es","potentialAction":[{"@type":"CommentAction","name":"Comment","target":["https:\/\/diarioellabrador.cl\/index.php\/2026\/04\/30\/con-historica-inversion-para-alhue-alcaldesa-marcela-chamorro-macias-presento-cuenta-publica-2025\/#respond"]}]},{"@type":"WebPage","@id":"https:\/\/diarioellabrador.cl\/index.php\/2026\/04\/30\/con-historica-inversion-para-alhue-alcaldesa-marcela-chamorro-macias-presento-cuenta-publica-2025\/","url":"https:\/\/diarioellabrador.cl\/index.php\/2026\/04\/30\/con-historica-inversion-para-alhue-alcaldesa-marcela-chamorro-macias-presento-cuenta-publica-2025\/","name":"Con Hist\u00f3rica inversi\u00f3n para Alhu\u00e9, Alcaldesa Marcela Chamorro Mac\u00edas present\u00f3 Cuenta P\u00fablica 2025 - Diario El Labrador","isPartOf":{"@id":"https:\/\/diarioellabrador.cl\/#website"},"primaryImageOfPage":{"@id":"https:\/\/diarioellabrador.cl\/index.php\/2026\/04\/30\/con-historica-inversion-para-alhue-alcaldesa-marcela-chamorro-macias-presento-cuenta-publica-2025\/#primaryimage"},"image":{"@id":"https:\/\/diarioellabrador.cl\/index.php\/2026\/04\/30\/con-historica-inversion-para-alhue-alcaldesa-marcela-chamorro-macias-presento-cuenta-publica-2025\/#primaryimage"},"thumbnailUrl":"https:\/\/diarioellabrador.cl\/wp-content\/uploads\/2026\/04\/Con-Historica-inversion-para-Alhue-Alcaldesa-Marcela-Chamorro-Macias-presento-Cuenta-Publica-2025.jpg","datePublished":"2026-05-01T00:00:50+00:00","dateModified":"2026-05-01T00:00:52+00:00","breadcrumb":{"@id":"https:\/\/diarioellabrador.cl\/index.php\/2026\/04\/30\/con-historica-inversion-para-alhue-alcaldesa-marcela-chamorro-macias-presento-cuenta-publica-2025\/#breadcrumb"},"inLanguage":"es","potentialAction":[{"@type":"ReadAction","target":["https:\/\/diarioellabrador.cl\/index.php\/2026\/04\/30\/con-historica-inversion-para-alhue-alcaldesa-marcela-chamorro-macias-presento-cuenta-publica-2025\/"]}]},{"@type":"ImageObject","inLanguage":"es","@id":"https:\/\/diarioellabrador.cl\/index.php\/2026\/04\/30\/con-historica-inversion-para-alhue-alcaldesa-marcela-chamorro-macias-presento-cuenta-publica-2025\/#primaryimage","url":"https:\/\/diarioellabrador.cl\/wp-content\/uploads\/2026\/04\/Con-Historica-inversion-para-Alhue-Alcaldesa-Marcela-Chamorro-Macias-presento-Cuenta-Publica-2025.jpg","contentUrl":"https:\/\/diarioellabrador.cl\/wp-content\/uploads\/2026\/04\/Con-Historica-inversion-para-Alhue-Alcaldesa-Marcela-Chamorro-Macias-presento-Cuenta-Publica-2025.jpg","width":2560,"height":1708},{"@type":"BreadcrumbList","@id":"https:\/\/diarioellabrador.cl\/index.php\/2026\/04\/30\/con-historica-inversion-para-alhue-alcaldesa-marcela-chamorro-macias-presento-cuenta-publica-2025\/#breadcrumb","itemListElement":[{"@type":"ListItem","position":1,"name":"Portada","item":"https:\/\/diarioellabrador.cl\/"},{"@type":"ListItem","position":2,"name":"Con Hist\u00f3rica inversi\u00f3n para Alhu\u00e9, Alcaldesa Marcela Chamorro Mac\u00edas present\u00f3 Cuenta P\u00fablica 2025"}]},{"@type":"WebSite","@id":"https:\/\/diarioellabrador.cl\/#website","url":"https:\/\/diarioellabrador.cl\/","name":"Diario El Labrador","description":"Haciendo noticia desde 1921","publisher":{"@id":"https:\/\/diarioellabrador.cl\/#organization"},"potentialAction":[{"@type":"SearchAction","target":{"@type":"EntryPoint","urlTemplate":"https:\/\/diarioellabrador.cl\/?s={search_term_string}"},"query-input":{"@type":"PropertyValueSpecification","valueRequired":true,"valueName":"search_term_string"}}],"inLanguage":"es"},{"@type":"Organization","@id":"https:\/\/diarioellabrador.cl\/#organization","name":"Diario El Labrador","url":"https:\/\/diarioellabrador.cl\/","logo":{"@type":"ImageObject","inLanguage":"es","@id":"https:\/\/diarioellabrador.cl\/#\/schema\/logo\/image\/","url":"https:\/\/diarioellabrador.cl\/wp-content\/uploads\/2025\/02\/cropped-Logo-Icono.png","contentUrl":"https:\/\/diarioellabrador.cl\/wp-content\/uploads\/2025\/02\/cropped-Logo-Icono.png","width":512,"height":512,"caption":"Diario El Labrador"},"image":{"@id":"https:\/\/diarioellabrador.cl\/#\/schema\/logo\/image\/"},"sameAs":["https:\/\/web.facebook.com\/profile.php?id=61576120840621","https:\/\/x.com\/ElLabradorOf","https:\/\/www.instagram.com\/diarioellabradoroficial\/"]},{"@type":"Person","@id":"https:\/\/diarioellabrador.cl\/#\/schema\/person\/bc25ff80b4563f9c7f4bd7855df01685","name":"Editor","image":{"@type":"ImageObject","inLanguage":"es","@id":"https:\/\/secure.gravatar.com\/avatar\/109c326cf2be5c04f048c2c2a2b8b6ef44bf3d8d1d3d4c55d0ac40c4bc994684?s=96&d=mm&r=g","url":"https:\/\/secure.gravatar.com\/avatar\/109c326cf2be5c04f048c2c2a2b8b6ef44bf3d8d1d3d4c55d0ac40c4bc994684?s=96&d=mm&r=g","contentUrl":"https:\/\/secure.gravatar.com\/avatar\/109c326cf2be5c04f048c2c2a2b8b6ef44bf3d8d1d3d4c55d0ac40c4bc994684?s=96&d=mm&r=g","caption":"Editor"},"url":"https:\/\/diarioellabrador.cl\/index.php\/author\/editor\/"}]}},"_links":{"self":[{"href":"https:\/\/diarioellabrador.cl\/index.php\/wp-json\/wp\/v2\/posts\/18805","targetHints":{"allow":["GET"]}}],"collection":[{"href":"https:\/\/diarioellabrador.cl\/index.php\/wp-json\/wp\/v2\/posts"}],"about":[{"href":"https:\/\/diarioellabrador.cl\/index.php\/wp-json\/wp\/v2\/types\/post"}],"author":[{"embeddable":true,"href":"https:\/\/diarioellabrador.cl\/index.php\/wp-json\/wp\/v2\/users\/2"}],"replies":[{"embeddable":true,"href":"https:\/\/diarioellabrador.cl\/index.php\/wp-json\/wp\/v2\/comments?post=18805"}],"version-history":[{"count":1,"href":"https:\/\/diarioellabrador.cl\/index.php\/wp-json\/wp\/v2\/posts\/18805\/revisions"}],"predecessor-version":[{"id":18806,"href":"https:\/\/diarioellabrador.cl\/index.php\/wp-json\/wp\/v2\/posts\/18805\/revisions\/18806"}],"wp:featuredmedia":[{"embeddable":true,"href":"https:\/\/diarioellabrador.cl\/index.php\/wp-json\/wp\/v2\/media\/18756"}],"wp:attachment":[{"href":"https:\/\/diarioellabrador.cl\/index.php\/wp-json\/wp\/v2\/media?parent=18805"}],"wp:term":[{"taxonomy":"category","embeddable":true,"href":"https:\/\/diarioellabrador.cl\/index.php\/wp-json\/wp\/v2\/categories?post=18805"},{"taxonomy":"post_tag","embeddable":true,"href":"https:\/\/diarioellabrador.cl\/index.php\/wp-json\/wp\/v2\/tags?post=18805"}],"curies":[{"name":"wp","href":"https:\/\/api.w.org\/{rel}","templated":true}]}}