{"id":18803,"date":"2026-04-30T20:00:08","date_gmt":"2026-05-01T00:00:08","guid":{"rendered":"https:\/\/diarioellabrador.cl\/?p=18803"},"modified":"2026-04-30T20:00:10","modified_gmt":"2026-05-01T00:00:10","slug":"peaje-a-luca-incluido-comenzaron-medidas-en-carreteras-para-dejar-santiago-este-fin-de-semana-largo","status":"publish","type":"post","link":"https:\/\/diarioellabrador.cl\/index.php\/2026\/04\/30\/peaje-a-luca-incluido-comenzaron-medidas-en-carreteras-para-dejar-santiago-este-fin-de-semana-largo\/","title":{"rendered":"\u00abPeaje a Luca\u00bb incluido: comenzaron medidas en carreteras para dejar Santiago este fin de semana largo"},"content":{"rendered":"\n<p>Este jueves comenzaron las medidas en las carreteras que conectan la regi\u00f3n Metropolitana con otras zonas del pa\u00eds, a prop\u00f3sito de un nuevo fin de semana largo por el feriado del 1 de mayo. Se espera que salgan 414 mil veh\u00edculos y, para ello, se implementaron beneficios como el <strong>\u201cPeaje a Luca\u201d.<\/strong><\/p>\n\n\n\n<p>Se espera que el mayor flujo de veh\u00edculos para la salida se d\u00e9 <strong>entre las 19:00 y las 22:00 de este 30 de abril<\/strong>; y entre <strong>las 10:00 y las 13:00 del 1 de mayo.<\/strong><\/p>\n\n\n\n<p>En tanto, para el retorno se espera el peak<strong> entre las 14:00 y las 19:00 del domingo 3.<\/strong><\/p>\n\n\n\n<p>Entre las medidas, se encuentra el \u201cPeaje a Luca\u201d en <strong>la Ruta 5 y la Ruta 68<\/strong>, m\u00e1s rebaja del 50% en el peaje de camiones.<\/p>\n\n\n\n<h2 class=\"wp-block-heading\">Mira las medidas para la salida de Santiago<\/h2>\n\n\n\n<p>Este jueves de 7:00 a 13:00, y el viernes de 7:00 a 10:00, habr\u00e1 \u201cPeaje a Luca\u201d en <strong>los peajes de Lo Prado y Zapata de la Ruta 68<\/strong>, solo en sentido hacia la costa.<\/p>\n\n\n\n<p>La medida se replicar\u00e1 en <strong>el peaje Nueva Angostura de la Ruta 5 Sur y Las Vegas de la Ruta 5 Norte<\/strong>, en ambos sentidos.<\/p>\n\n\n\n<p>Para los camiones, en tanto, se determin\u00f3 rebaja de un 50% en el peaje de camiones durante la madrugada, en los mismos peajes mencionados anteriormente; y la <strong>restricci\u00f3n de la circulaci\u00f3n<\/strong> de este tipo de veh\u00edculos durante algunas horas del d\u00eda.<\/p>\n\n\n\n<h2 class=\"wp-block-heading\">Medidas para el regreso a Santiago<\/h2>\n\n\n\n<p>Para volver a la capital, <strong>habr\u00e1 \u201cPeaje a Luca\u201d el domingo 3 de mayo<\/strong> entre 7:00 y 13:00.<\/p>\n\n\n\n<p>Este aplicar\u00e1<strong> en los peajes Lo Prado y Zapata de la Ruta 68<\/strong>, solo en direcci\u00f3n a Santiago; y para<strong> los peajes Nueva Angostura de la Ruta 5 Sur, y Las Vegas de la Ruta 5 Norte<\/strong>, en ambos sentidos.<\/p>\n\n\n\n<p>Adem\u00e1s, <strong>habr\u00e1 rebaja de 50% en el peaje de camiones<\/strong> entre las 0:00 y las 7:00 del domingo en los peajes Lo Prado y Zapata de la Ruta 68, solo en direcci\u00f3n a Santiago; y en el peaje Nueva Angostura de la Ruta 5 Sur, en ambos sentidos.<\/p>\n\n\n\n<p>Junto con ello, <strong>habr\u00e1 restricci\u00f3n del paso de camiones<\/strong> en algunos tramos de la Ruta 68 y en la Ruta 5 Norte, en direcci\u00f3n a Santiago.<\/p>\n","protected":false},"excerpt":{"rendered":"<p>Este jueves comenzaron las medidas en las carreteras que conectan la regi\u00f3n Metropolitana con otras zonas del pa\u00eds, a prop\u00f3sito de un nuevo fin de semana largo por el feriado del 1 de mayo. Se espera que salgan 414 mil veh\u00edculos y, para ello, se implementaron beneficios como el \u201cPeaje a Luca\u201d. Se espera que<\/p>\n<div class=\"read-more-wrapper\"><a class=\"read-more\" href=\"https:\/\/diarioellabrador.cl\/index.php\/2026\/04\/30\/peaje-a-luca-incluido-comenzaron-medidas-en-carreteras-para-dejar-santiago-este-fin-de-semana-largo\/\" title=\"Leer m\u00e1s\"> <span class=\"button \">Leer m\u00e1s<\/span><\/a><\/div>\n","protected":false},"author":2,"featured_media":18752,"comment_status":"open","ping_status":"open","sticky":false,"template":"","format":"standard","meta":{"footnotes":""},"categories":[1],"tags":[],"class_list":["post-18803","post","type-post","status-publish","format-standard","has-post-thumbnail","hentry","category-cronica"],"yoast_head":"<!-- This site is optimized with the Yoast SEO plugin v27.5 - https:\/\/yoast.com\/product\/yoast-seo-wordpress\/ -->\n<title>&quot;Peaje a Luca&quot; incluido: comenzaron medidas en carreteras para dejar Santiago este fin de semana largo - Diario El Labrador<\/title>\n<meta name=\"robots\" content=\"index, follow, max-snippet:-1, max-image-preview:large, max-video-preview:-1\" \/>\n<link rel=\"canonical\" href=\"https:\/\/diarioellabrador.cl\/index.php\/2026\/04\/30\/peaje-a-luca-incluido-comenzaron-medidas-en-carreteras-para-dejar-santiago-este-fin-de-semana-largo\/\" \/>\n<meta property=\"og:locale\" content=\"es_ES\" \/>\n<meta property=\"og:type\" content=\"article\" \/>\n<meta property=\"og:title\" content=\"&quot;Peaje a Luca&quot; incluido: comenzaron medidas en carreteras para dejar Santiago este fin de semana largo - Diario El Labrador\" \/>\n<meta property=\"og:description\" content=\"Este jueves comenzaron las medidas en las carreteras que conectan la regi\u00f3n Metropolitana con otras zonas del pa\u00eds, a prop\u00f3sito de un nuevo fin de semana largo por el feriado del 1 de mayo. Se espera que salgan 414 mil veh\u00edculos y, para ello, se implementaron beneficios como el \u201cPeaje a Luca\u201d. Se espera que Leer m\u00e1s\" \/>\n<meta property=\"og:url\" content=\"https:\/\/diarioellabrador.cl\/index.php\/2026\/04\/30\/peaje-a-luca-incluido-comenzaron-medidas-en-carreteras-para-dejar-santiago-este-fin-de-semana-largo\/\" \/>\n<meta property=\"og:site_name\" content=\"Diario El Labrador\" \/>\n<meta property=\"article:publisher\" content=\"https:\/\/web.facebook.com\/profile.php?id=61576120840621\" \/>\n<meta property=\"article:published_time\" content=\"2026-05-01T00:00:08+00:00\" \/>\n<meta property=\"article:modified_time\" content=\"2026-05-01T00:00:10+00:00\" \/>\n<meta property=\"og:image\" content=\"https:\/\/diarioellabrador.cl\/wp-content\/uploads\/2026\/04\/Peaje-a-Luca-incluido-comenzaron-medidas-en-carreteras-para-dejar-Santiago-este-fin-de-semana-largo.jpg\" \/>\n\t<meta property=\"og:image:width\" content=\"1200\" \/>\n\t<meta property=\"og:image:height\" content=\"675\" \/>\n\t<meta property=\"og:image:type\" content=\"image\/jpeg\" \/>\n<meta name=\"author\" content=\"Editor\" \/>\n<meta name=\"twitter:card\" content=\"summary_large_image\" \/>\n<meta name=\"twitter:creator\" content=\"@ElLabradorOf\" \/>\n<meta name=\"twitter:site\" content=\"@ElLabradorOf\" \/>\n<meta name=\"twitter:label1\" content=\"Escrito por\" \/>\n\t<meta name=\"twitter:data1\" content=\"Editor\" \/>\n\t<meta name=\"twitter:label2\" content=\"Tiempo de lectura\" \/>\n\t<meta name=\"twitter:data2\" content=\"2 minutos\" \/>\n<script type=\"application\/ld+json\" class=\"yoast-schema-graph\">{\"@context\":\"https:\\\/\\\/schema.org\",\"@graph\":[{\"@type\":\"Article\",\"@id\":\"https:\\\/\\\/diarioellabrador.cl\\\/index.php\\\/2026\\\/04\\\/30\\\/peaje-a-luca-incluido-comenzaron-medidas-en-carreteras-para-dejar-santiago-este-fin-de-semana-largo\\\/#article\",\"isPartOf\":{\"@id\":\"https:\\\/\\\/diarioellabrador.cl\\\/index.php\\\/2026\\\/04\\\/30\\\/peaje-a-luca-incluido-comenzaron-medidas-en-carreteras-para-dejar-santiago-este-fin-de-semana-largo\\\/\"},\"author\":{\"name\":\"Editor\",\"@id\":\"https:\\\/\\\/diarioellabrador.cl\\\/#\\\/schema\\\/person\\\/bc25ff80b4563f9c7f4bd7855df01685\"},\"headline\":\"\u00abPeaje a Luca\u00bb incluido: comenzaron medidas en carreteras para dejar Santiago este fin de semana largo\",\"datePublished\":\"2026-05-01T00:00:08+00:00\",\"dateModified\":\"2026-05-01T00:00:10+00:00\",\"mainEntityOfPage\":{\"@id\":\"https:\\\/\\\/diarioellabrador.cl\\\/index.php\\\/2026\\\/04\\\/30\\\/peaje-a-luca-incluido-comenzaron-medidas-en-carreteras-para-dejar-santiago-este-fin-de-semana-largo\\\/\"},\"wordCount\":374,\"commentCount\":0,\"publisher\":{\"@id\":\"https:\\\/\\\/diarioellabrador.cl\\\/#organization\"},\"image\":{\"@id\":\"https:\\\/\\\/diarioellabrador.cl\\\/index.php\\\/2026\\\/04\\\/30\\\/peaje-a-luca-incluido-comenzaron-medidas-en-carreteras-para-dejar-santiago-este-fin-de-semana-largo\\\/#primaryimage\"},\"thumbnailUrl\":\"https:\\\/\\\/diarioellabrador.cl\\\/wp-content\\\/uploads\\\/2026\\\/04\\\/Peaje-a-Luca-incluido-comenzaron-medidas-en-carreteras-para-dejar-Santiago-este-fin-de-semana-largo.jpg\",\"articleSection\":[\"Cr\u00f3nica\"],\"inLanguage\":\"es\",\"potentialAction\":[{\"@type\":\"CommentAction\",\"name\":\"Comment\",\"target\":[\"https:\\\/\\\/diarioellabrador.cl\\\/index.php\\\/2026\\\/04\\\/30\\\/peaje-a-luca-incluido-comenzaron-medidas-en-carreteras-para-dejar-santiago-este-fin-de-semana-largo\\\/#respond\"]}]},{\"@type\":\"WebPage\",\"@id\":\"https:\\\/\\\/diarioellabrador.cl\\\/index.php\\\/2026\\\/04\\\/30\\\/peaje-a-luca-incluido-comenzaron-medidas-en-carreteras-para-dejar-santiago-este-fin-de-semana-largo\\\/\",\"url\":\"https:\\\/\\\/diarioellabrador.cl\\\/index.php\\\/2026\\\/04\\\/30\\\/peaje-a-luca-incluido-comenzaron-medidas-en-carreteras-para-dejar-santiago-este-fin-de-semana-largo\\\/\",\"name\":\"\\\"Peaje a Luca\\\" incluido: comenzaron medidas en carreteras para dejar Santiago este fin de semana largo - Diario El Labrador\",\"isPartOf\":{\"@id\":\"https:\\\/\\\/diarioellabrador.cl\\\/#website\"},\"primaryImageOfPage\":{\"@id\":\"https:\\\/\\\/diarioellabrador.cl\\\/index.php\\\/2026\\\/04\\\/30\\\/peaje-a-luca-incluido-comenzaron-medidas-en-carreteras-para-dejar-santiago-este-fin-de-semana-largo\\\/#primaryimage\"},\"image\":{\"@id\":\"https:\\\/\\\/diarioellabrador.cl\\\/index.php\\\/2026\\\/04\\\/30\\\/peaje-a-luca-incluido-comenzaron-medidas-en-carreteras-para-dejar-santiago-este-fin-de-semana-largo\\\/#primaryimage\"},\"thumbnailUrl\":\"https:\\\/\\\/diarioellabrador.cl\\\/wp-content\\\/uploads\\\/2026\\\/04\\\/Peaje-a-Luca-incluido-comenzaron-medidas-en-carreteras-para-dejar-Santiago-este-fin-de-semana-largo.jpg\",\"datePublished\":\"2026-05-01T00:00:08+00:00\",\"dateModified\":\"2026-05-01T00:00:10+00:00\",\"breadcrumb\":{\"@id\":\"https:\\\/\\\/diarioellabrador.cl\\\/index.php\\\/2026\\\/04\\\/30\\\/peaje-a-luca-incluido-comenzaron-medidas-en-carreteras-para-dejar-santiago-este-fin-de-semana-largo\\\/#breadcrumb\"},\"inLanguage\":\"es\",\"potentialAction\":[{\"@type\":\"ReadAction\",\"target\":[\"https:\\\/\\\/diarioellabrador.cl\\\/index.php\\\/2026\\\/04\\\/30\\\/peaje-a-luca-incluido-comenzaron-medidas-en-carreteras-para-dejar-santiago-este-fin-de-semana-largo\\\/\"]}]},{\"@type\":\"ImageObject\",\"inLanguage\":\"es\",\"@id\":\"https:\\\/\\\/diarioellabrador.cl\\\/index.php\\\/2026\\\/04\\\/30\\\/peaje-a-luca-incluido-comenzaron-medidas-en-carreteras-para-dejar-santiago-este-fin-de-semana-largo\\\/#primaryimage\",\"url\":\"https:\\\/\\\/diarioellabrador.cl\\\/wp-content\\\/uploads\\\/2026\\\/04\\\/Peaje-a-Luca-incluido-comenzaron-medidas-en-carreteras-para-dejar-Santiago-este-fin-de-semana-largo.jpg\",\"contentUrl\":\"https:\\\/\\\/diarioellabrador.cl\\\/wp-content\\\/uploads\\\/2026\\\/04\\\/Peaje-a-Luca-incluido-comenzaron-medidas-en-carreteras-para-dejar-Santiago-este-fin-de-semana-largo.jpg\",\"width\":1200,\"height\":675},{\"@type\":\"BreadcrumbList\",\"@id\":\"https:\\\/\\\/diarioellabrador.cl\\\/index.php\\\/2026\\\/04\\\/30\\\/peaje-a-luca-incluido-comenzaron-medidas-en-carreteras-para-dejar-santiago-este-fin-de-semana-largo\\\/#breadcrumb\",\"itemListElement\":[{\"@type\":\"ListItem\",\"position\":1,\"name\":\"Portada\",\"item\":\"https:\\\/\\\/diarioellabrador.cl\\\/\"},{\"@type\":\"ListItem\",\"position\":2,\"name\":\"\u00abPeaje a Luca\u00bb incluido: comenzaron medidas en carreteras para dejar Santiago este fin de semana largo\"}]},{\"@type\":\"WebSite\",\"@id\":\"https:\\\/\\\/diarioellabrador.cl\\\/#website\",\"url\":\"https:\\\/\\\/diarioellabrador.cl\\\/\",\"name\":\"Diario El Labrador\",\"description\":\"Haciendo noticia desde 1921\",\"publisher\":{\"@id\":\"https:\\\/\\\/diarioellabrador.cl\\\/#organization\"},\"potentialAction\":[{\"@type\":\"SearchAction\",\"target\":{\"@type\":\"EntryPoint\",\"urlTemplate\":\"https:\\\/\\\/diarioellabrador.cl\\\/?s={search_term_string}\"},\"query-input\":{\"@type\":\"PropertyValueSpecification\",\"valueRequired\":true,\"valueName\":\"search_term_string\"}}],\"inLanguage\":\"es\"},{\"@type\":\"Organization\",\"@id\":\"https:\\\/\\\/diarioellabrador.cl\\\/#organization\",\"name\":\"Diario El Labrador\",\"url\":\"https:\\\/\\\/diarioellabrador.cl\\\/\",\"logo\":{\"@type\":\"ImageObject\",\"inLanguage\":\"es\",\"@id\":\"https:\\\/\\\/diarioellabrador.cl\\\/#\\\/schema\\\/logo\\\/image\\\/\",\"url\":\"https:\\\/\\\/diarioellabrador.cl\\\/wp-content\\\/uploads\\\/2025\\\/02\\\/cropped-Logo-Icono.png\",\"contentUrl\":\"https:\\\/\\\/diarioellabrador.cl\\\/wp-content\\\/uploads\\\/2025\\\/02\\\/cropped-Logo-Icono.png\",\"width\":512,\"height\":512,\"caption\":\"Diario El Labrador\"},\"image\":{\"@id\":\"https:\\\/\\\/diarioellabrador.cl\\\/#\\\/schema\\\/logo\\\/image\\\/\"},\"sameAs\":[\"https:\\\/\\\/web.facebook.com\\\/profile.php?id=61576120840621\",\"https:\\\/\\\/x.com\\\/ElLabradorOf\",\"https:\\\/\\\/www.instagram.com\\\/diarioellabradoroficial\\\/\"]},{\"@type\":\"Person\",\"@id\":\"https:\\\/\\\/diarioellabrador.cl\\\/#\\\/schema\\\/person\\\/bc25ff80b4563f9c7f4bd7855df01685\",\"name\":\"Editor\",\"image\":{\"@type\":\"ImageObject\",\"inLanguage\":\"es\",\"@id\":\"https:\\\/\\\/secure.gravatar.com\\\/avatar\\\/109c326cf2be5c04f048c2c2a2b8b6ef44bf3d8d1d3d4c55d0ac40c4bc994684?s=96&d=mm&r=g\",\"url\":\"https:\\\/\\\/secure.gravatar.com\\\/avatar\\\/109c326cf2be5c04f048c2c2a2b8b6ef44bf3d8d1d3d4c55d0ac40c4bc994684?s=96&d=mm&r=g\",\"contentUrl\":\"https:\\\/\\\/secure.gravatar.com\\\/avatar\\\/109c326cf2be5c04f048c2c2a2b8b6ef44bf3d8d1d3d4c55d0ac40c4bc994684?s=96&d=mm&r=g\",\"caption\":\"Editor\"},\"url\":\"https:\\\/\\\/diarioellabrador.cl\\\/index.php\\\/author\\\/editor\\\/\"}]}<\/script>\n<!-- \/ Yoast SEO plugin. -->","yoast_head_json":{"title":"\"Peaje a Luca\" incluido: comenzaron medidas en carreteras para dejar Santiago este fin de semana largo - Diario El Labrador","robots":{"index":"index","follow":"follow","max-snippet":"max-snippet:-1","max-image-preview":"max-image-preview:large","max-video-preview":"max-video-preview:-1"},"canonical":"https:\/\/diarioellabrador.cl\/index.php\/2026\/04\/30\/peaje-a-luca-incluido-comenzaron-medidas-en-carreteras-para-dejar-santiago-este-fin-de-semana-largo\/","og_locale":"es_ES","og_type":"article","og_title":"\"Peaje a Luca\" incluido: comenzaron medidas en carreteras para dejar Santiago este fin de semana largo - Diario El Labrador","og_description":"Este jueves comenzaron las medidas en las carreteras que conectan la regi\u00f3n Metropolitana con otras zonas del pa\u00eds, a prop\u00f3sito de un nuevo fin de semana largo por el feriado del 1 de mayo. Se espera que salgan 414 mil veh\u00edculos y, para ello, se implementaron beneficios como el \u201cPeaje a Luca\u201d. Se espera que Leer m\u00e1s","og_url":"https:\/\/diarioellabrador.cl\/index.php\/2026\/04\/30\/peaje-a-luca-incluido-comenzaron-medidas-en-carreteras-para-dejar-santiago-este-fin-de-semana-largo\/","og_site_name":"Diario El Labrador","article_publisher":"https:\/\/web.facebook.com\/profile.php?id=61576120840621","article_published_time":"2026-05-01T00:00:08+00:00","article_modified_time":"2026-05-01T00:00:10+00:00","og_image":[{"width":1200,"height":675,"url":"https:\/\/diarioellabrador.cl\/wp-content\/uploads\/2026\/04\/Peaje-a-Luca-incluido-comenzaron-medidas-en-carreteras-para-dejar-Santiago-este-fin-de-semana-largo.jpg","type":"image\/jpeg"}],"author":"Editor","twitter_card":"summary_large_image","twitter_creator":"@ElLabradorOf","twitter_site":"@ElLabradorOf","twitter_misc":{"Escrito por":"Editor","Tiempo de lectura":"2 minutos"},"schema":{"@context":"https:\/\/schema.org","@graph":[{"@type":"Article","@id":"https:\/\/diarioellabrador.cl\/index.php\/2026\/04\/30\/peaje-a-luca-incluido-comenzaron-medidas-en-carreteras-para-dejar-santiago-este-fin-de-semana-largo\/#article","isPartOf":{"@id":"https:\/\/diarioellabrador.cl\/index.php\/2026\/04\/30\/peaje-a-luca-incluido-comenzaron-medidas-en-carreteras-para-dejar-santiago-este-fin-de-semana-largo\/"},"author":{"name":"Editor","@id":"https:\/\/diarioellabrador.cl\/#\/schema\/person\/bc25ff80b4563f9c7f4bd7855df01685"},"headline":"\u00abPeaje a Luca\u00bb incluido: comenzaron medidas en carreteras para dejar Santiago este fin de semana largo","datePublished":"2026-05-01T00:00:08+00:00","dateModified":"2026-05-01T00:00:10+00:00","mainEntityOfPage":{"@id":"https:\/\/diarioellabrador.cl\/index.php\/2026\/04\/30\/peaje-a-luca-incluido-comenzaron-medidas-en-carreteras-para-dejar-santiago-este-fin-de-semana-largo\/"},"wordCount":374,"commentCount":0,"publisher":{"@id":"https:\/\/diarioellabrador.cl\/#organization"},"image":{"@id":"https:\/\/diarioellabrador.cl\/index.php\/2026\/04\/30\/peaje-a-luca-incluido-comenzaron-medidas-en-carreteras-para-dejar-santiago-este-fin-de-semana-largo\/#primaryimage"},"thumbnailUrl":"https:\/\/diarioellabrador.cl\/wp-content\/uploads\/2026\/04\/Peaje-a-Luca-incluido-comenzaron-medidas-en-carreteras-para-dejar-Santiago-este-fin-de-semana-largo.jpg","articleSection":["Cr\u00f3nica"],"inLanguage":"es","potentialAction":[{"@type":"CommentAction","name":"Comment","target":["https:\/\/diarioellabrador.cl\/index.php\/2026\/04\/30\/peaje-a-luca-incluido-comenzaron-medidas-en-carreteras-para-dejar-santiago-este-fin-de-semana-largo\/#respond"]}]},{"@type":"WebPage","@id":"https:\/\/diarioellabrador.cl\/index.php\/2026\/04\/30\/peaje-a-luca-incluido-comenzaron-medidas-en-carreteras-para-dejar-santiago-este-fin-de-semana-largo\/","url":"https:\/\/diarioellabrador.cl\/index.php\/2026\/04\/30\/peaje-a-luca-incluido-comenzaron-medidas-en-carreteras-para-dejar-santiago-este-fin-de-semana-largo\/","name":"\"Peaje a Luca\" incluido: comenzaron medidas en carreteras para dejar Santiago este fin de semana largo - Diario El Labrador","isPartOf":{"@id":"https:\/\/diarioellabrador.cl\/#website"},"primaryImageOfPage":{"@id":"https:\/\/diarioellabrador.cl\/index.php\/2026\/04\/30\/peaje-a-luca-incluido-comenzaron-medidas-en-carreteras-para-dejar-santiago-este-fin-de-semana-largo\/#primaryimage"},"image":{"@id":"https:\/\/diarioellabrador.cl\/index.php\/2026\/04\/30\/peaje-a-luca-incluido-comenzaron-medidas-en-carreteras-para-dejar-santiago-este-fin-de-semana-largo\/#primaryimage"},"thumbnailUrl":"https:\/\/diarioellabrador.cl\/wp-content\/uploads\/2026\/04\/Peaje-a-Luca-incluido-comenzaron-medidas-en-carreteras-para-dejar-Santiago-este-fin-de-semana-largo.jpg","datePublished":"2026-05-01T00:00:08+00:00","dateModified":"2026-05-01T00:00:10+00:00","breadcrumb":{"@id":"https:\/\/diarioellabrador.cl\/index.php\/2026\/04\/30\/peaje-a-luca-incluido-comenzaron-medidas-en-carreteras-para-dejar-santiago-este-fin-de-semana-largo\/#breadcrumb"},"inLanguage":"es","potentialAction":[{"@type":"ReadAction","target":["https:\/\/diarioellabrador.cl\/index.php\/2026\/04\/30\/peaje-a-luca-incluido-comenzaron-medidas-en-carreteras-para-dejar-santiago-este-fin-de-semana-largo\/"]}]},{"@type":"ImageObject","inLanguage":"es","@id":"https:\/\/diarioellabrador.cl\/index.php\/2026\/04\/30\/peaje-a-luca-incluido-comenzaron-medidas-en-carreteras-para-dejar-santiago-este-fin-de-semana-largo\/#primaryimage","url":"https:\/\/diarioellabrador.cl\/wp-content\/uploads\/2026\/04\/Peaje-a-Luca-incluido-comenzaron-medidas-en-carreteras-para-dejar-Santiago-este-fin-de-semana-largo.jpg","contentUrl":"https:\/\/diarioellabrador.cl\/wp-content\/uploads\/2026\/04\/Peaje-a-Luca-incluido-comenzaron-medidas-en-carreteras-para-dejar-Santiago-este-fin-de-semana-largo.jpg","width":1200,"height":675},{"@type":"BreadcrumbList","@id":"https:\/\/diarioellabrador.cl\/index.php\/2026\/04\/30\/peaje-a-luca-incluido-comenzaron-medidas-en-carreteras-para-dejar-santiago-este-fin-de-semana-largo\/#breadcrumb","itemListElement":[{"@type":"ListItem","position":1,"name":"Portada","item":"https:\/\/diarioellabrador.cl\/"},{"@type":"ListItem","position":2,"name":"\u00abPeaje a Luca\u00bb incluido: comenzaron medidas en carreteras para dejar Santiago este fin de semana largo"}]},{"@type":"WebSite","@id":"https:\/\/diarioellabrador.cl\/#website","url":"https:\/\/diarioellabrador.cl\/","name":"Diario El Labrador","description":"Haciendo noticia desde 1921","publisher":{"@id":"https:\/\/diarioellabrador.cl\/#organization"},"potentialAction":[{"@type":"SearchAction","target":{"@type":"EntryPoint","urlTemplate":"https:\/\/diarioellabrador.cl\/?s={search_term_string}"},"query-input":{"@type":"PropertyValueSpecification","valueRequired":true,"valueName":"search_term_string"}}],"inLanguage":"es"},{"@type":"Organization","@id":"https:\/\/diarioellabrador.cl\/#organization","name":"Diario El Labrador","url":"https:\/\/diarioellabrador.cl\/","logo":{"@type":"ImageObject","inLanguage":"es","@id":"https:\/\/diarioellabrador.cl\/#\/schema\/logo\/image\/","url":"https:\/\/diarioellabrador.cl\/wp-content\/uploads\/2025\/02\/cropped-Logo-Icono.png","contentUrl":"https:\/\/diarioellabrador.cl\/wp-content\/uploads\/2025\/02\/cropped-Logo-Icono.png","width":512,"height":512,"caption":"Diario El Labrador"},"image":{"@id":"https:\/\/diarioellabrador.cl\/#\/schema\/logo\/image\/"},"sameAs":["https:\/\/web.facebook.com\/profile.php?id=61576120840621","https:\/\/x.com\/ElLabradorOf","https:\/\/www.instagram.com\/diarioellabradoroficial\/"]},{"@type":"Person","@id":"https:\/\/diarioellabrador.cl\/#\/schema\/person\/bc25ff80b4563f9c7f4bd7855df01685","name":"Editor","image":{"@type":"ImageObject","inLanguage":"es","@id":"https:\/\/secure.gravatar.com\/avatar\/109c326cf2be5c04f048c2c2a2b8b6ef44bf3d8d1d3d4c55d0ac40c4bc994684?s=96&d=mm&r=g","url":"https:\/\/secure.gravatar.com\/avatar\/109c326cf2be5c04f048c2c2a2b8b6ef44bf3d8d1d3d4c55d0ac40c4bc994684?s=96&d=mm&r=g","contentUrl":"https:\/\/secure.gravatar.com\/avatar\/109c326cf2be5c04f048c2c2a2b8b6ef44bf3d8d1d3d4c55d0ac40c4bc994684?s=96&d=mm&r=g","caption":"Editor"},"url":"https:\/\/diarioellabrador.cl\/index.php\/author\/editor\/"}]}},"_links":{"self":[{"href":"https:\/\/diarioellabrador.cl\/index.php\/wp-json\/wp\/v2\/posts\/18803","targetHints":{"allow":["GET"]}}],"collection":[{"href":"https:\/\/diarioellabrador.cl\/index.php\/wp-json\/wp\/v2\/posts"}],"about":[{"href":"https:\/\/diarioellabrador.cl\/index.php\/wp-json\/wp\/v2\/types\/post"}],"author":[{"embeddable":true,"href":"https:\/\/diarioellabrador.cl\/index.php\/wp-json\/wp\/v2\/users\/2"}],"replies":[{"embeddable":true,"href":"https:\/\/diarioellabrador.cl\/index.php\/wp-json\/wp\/v2\/comments?post=18803"}],"version-history":[{"count":1,"href":"https:\/\/diarioellabrador.cl\/index.php\/wp-json\/wp\/v2\/posts\/18803\/revisions"}],"predecessor-version":[{"id":18804,"href":"https:\/\/diarioellabrador.cl\/index.php\/wp-json\/wp\/v2\/posts\/18803\/revisions\/18804"}],"wp:featuredmedia":[{"embeddable":true,"href":"https:\/\/diarioellabrador.cl\/index.php\/wp-json\/wp\/v2\/media\/18752"}],"wp:attachment":[{"href":"https:\/\/diarioellabrador.cl\/index.php\/wp-json\/wp\/v2\/media?parent=18803"}],"wp:term":[{"taxonomy":"category","embeddable":true,"href":"https:\/\/diarioellabrador.cl\/index.php\/wp-json\/wp\/v2\/categories?post=18803"},{"taxonomy":"post_tag","embeddable":true,"href":"https:\/\/diarioellabrador.cl\/index.php\/wp-json\/wp\/v2\/tags?post=18803"}],"curies":[{"name":"wp","href":"https:\/\/api.w.org\/{rel}","templated":true}]}}