{"id":18799,"date":"2026-04-30T19:58:58","date_gmt":"2026-04-30T23:58:58","guid":{"rendered":"https:\/\/diarioellabrador.cl\/?p=18799"},"modified":"2026-04-30T19:59:02","modified_gmt":"2026-04-30T23:59:02","slug":"corporacion-de-asistencia-judicial-realiza-charla-y-asesoria-en-pensiones-de-alimentos-y-posesion-efectiva","status":"publish","type":"post","link":"https:\/\/diarioellabrador.cl\/index.php\/2026\/04\/30\/corporacion-de-asistencia-judicial-realiza-charla-y-asesoria-en-pensiones-de-alimentos-y-posesion-efectiva\/","title":{"rendered":"Corporaci\u00f3n de Asistencia Judicial realiza charla y asesor\u00eda en pensiones de alimentos y posesi\u00f3n efectiva"},"content":{"rendered":"\n<ul class=\"wp-block-list\">\n<li><strong>M\u00e1s de 20 personas participaron en jornada realizada el pasado fin de semana, que incluy\u00f3 atenci\u00f3n personalizada en cada uno de los casos.<\/strong><\/li>\n<\/ul>\n\n\n\n<p>En dependencias de Delegaci\u00f3n Provincial de Melipilla se realiz\u00f3 una jornada especial de capacitaci\u00f3n y asesor\u00eda jur\u00eddica en materia de pensiones de alimentos, tr\u00e1mites de causas familiares y posesi\u00f3n efectiva, actividad organizada en conjunto con la Corporaci\u00f3n de Asistencia Judicial (CAJ).<\/p>\n\n\n\n<p>La instancia cont\u00f3 con la asesor\u00eda de la abogada jefe de la Corporaci\u00f3n de Asistencia Judicial, Viviana Maul\u00e9n, y de Adriana Valdivia, abogada de la l\u00ednea civil de la CAJ, quienes iniciaron la jornada de atenci\u00f3n con una charla informativa sobre responsabilidad parental y pago efectivo de pensiones de alimentos, en el marco de la Ley 21.484, adem\u00e1s de abordar los aspectos relevantes relacionados con los procesos de posesi\u00f3n efectiva, explicando requisitos y etapas, adem\u00e1s de los servicios que presta la instituci\u00f3n.<\/p>\n\n\n\n<p>Posteriormente, se llev\u00f3 a cabo atenci\u00f3n personalizada, donde las abogadas revisaron caso a caso, entregando orientaci\u00f3n directa y apoyo en la realizaci\u00f3n de tr\u00e1mites, lo que permiti\u00f3 resolver situaciones particulares de los asistentes, actividad que cont\u00f3 con la participaci\u00f3n de m\u00e1s de 20 personas, quienes valoraron la instancia por la posibilidad de acceder a asesor\u00eda especializada de manera cercana y gratuita.<\/p>\n\n\n\n<p>Viviana Maul\u00e9n, abogada jefe de la Corporaci\u00f3n de Asistencia Judicial de Melipilla, destac\u00f3 el trabajo colaborativo con Delegaci\u00f3n Provincial para acercar el servicio a la comunidad, facilitando el acceso a informaci\u00f3n y apoyo en materias de alta relevancia para las familias. \u201cFue un operativo que ten\u00eda por objeto informar a los vecinos de la Provincia de Melipilla respecto a los servicios que presta nuestra Corporaci\u00f3n de Asistencia Judicial respecto de nuestras l\u00edneas de orientaci\u00f3n y formaci\u00f3n, soluci\u00f3n colaborativa de conflictos, patrocinio judicial, prevenci\u00f3n y promoci\u00f3n de derechos\u201d. &nbsp;<\/p>\n\n\n\n<p>En ese sentido, a\u00f1adi\u00f3 que \u201cse inform\u00f3 espec\u00edficamente respecto de c\u00f3mo conseguir una pensi\u00f3n de alimentos, desde el principio del procedimiento hasta el fin del mismo, el cumplimiento de la pensi\u00f3n de alimentos, y todas las opciones que nos entrega el abanico legal reformado con la Ley Papito Coraz\u00f3n, para obtener el pago \u00edntegro de la pensi\u00f3n de alimentos con el procedimiento especial y extraordinario que se instaur\u00f3. Paralelamente, tambi\u00e9n se abord\u00f3 respecto de las herencias, posesiones efectivas testadas e intestadas, para que la comunidad est\u00e9 informada al respecto\u201d, valorando positivamente la jornada.<\/p>\n","protected":false},"excerpt":{"rendered":"<p>En dependencias de Delegaci\u00f3n Provincial de Melipilla se realiz\u00f3 una jornada especial de capacitaci\u00f3n y asesor\u00eda jur\u00eddica en materia de pensiones de alimentos, tr\u00e1mites de causas familiares y posesi\u00f3n efectiva, actividad organizada en conjunto con la Corporaci\u00f3n de Asistencia Judicial (CAJ). La instancia cont\u00f3 con la asesor\u00eda de la abogada jefe de la Corporaci\u00f3n de<\/p>\n<div class=\"read-more-wrapper\"><a class=\"read-more\" href=\"https:\/\/diarioellabrador.cl\/index.php\/2026\/04\/30\/corporacion-de-asistencia-judicial-realiza-charla-y-asesoria-en-pensiones-de-alimentos-y-posesion-efectiva\/\" title=\"Leer m\u00e1s\"> <span class=\"button \">Leer m\u00e1s<\/span><\/a><\/div>\n","protected":false},"author":2,"featured_media":18753,"comment_status":"open","ping_status":"open","sticky":false,"template":"","format":"standard","meta":{"footnotes":""},"categories":[1],"tags":[],"class_list":["post-18799","post","type-post","status-publish","format-standard","has-post-thumbnail","hentry","category-cronica"],"yoast_head":"<!-- This site is optimized with the Yoast SEO plugin v27.5 - https:\/\/yoast.com\/product\/yoast-seo-wordpress\/ -->\n<title>Corporaci\u00f3n de Asistencia Judicial realiza charla y asesor\u00eda en pensiones de alimentos y posesi\u00f3n efectiva - Diario El Labrador<\/title>\n<meta name=\"robots\" content=\"index, follow, max-snippet:-1, max-image-preview:large, max-video-preview:-1\" \/>\n<link rel=\"canonical\" href=\"https:\/\/diarioellabrador.cl\/index.php\/2026\/04\/30\/corporacion-de-asistencia-judicial-realiza-charla-y-asesoria-en-pensiones-de-alimentos-y-posesion-efectiva\/\" \/>\n<meta property=\"og:locale\" content=\"es_ES\" \/>\n<meta property=\"og:type\" content=\"article\" \/>\n<meta property=\"og:title\" content=\"Corporaci\u00f3n de Asistencia Judicial realiza charla y asesor\u00eda en pensiones de alimentos y posesi\u00f3n efectiva - Diario El Labrador\" \/>\n<meta property=\"og:description\" content=\"En dependencias de Delegaci\u00f3n Provincial de Melipilla se realiz\u00f3 una jornada especial de capacitaci\u00f3n y asesor\u00eda jur\u00eddica en materia de pensiones de alimentos, tr\u00e1mites de causas familiares y posesi\u00f3n efectiva, actividad organizada en conjunto con la Corporaci\u00f3n de Asistencia Judicial (CAJ). La instancia cont\u00f3 con la asesor\u00eda de la abogada jefe de la Corporaci\u00f3n de Leer m\u00e1s\" \/>\n<meta property=\"og:url\" content=\"https:\/\/diarioellabrador.cl\/index.php\/2026\/04\/30\/corporacion-de-asistencia-judicial-realiza-charla-y-asesoria-en-pensiones-de-alimentos-y-posesion-efectiva\/\" \/>\n<meta property=\"og:site_name\" content=\"Diario El Labrador\" \/>\n<meta property=\"article:publisher\" content=\"https:\/\/web.facebook.com\/profile.php?id=61576120840621\" \/>\n<meta property=\"article:published_time\" content=\"2026-04-30T23:58:58+00:00\" \/>\n<meta property=\"article:modified_time\" content=\"2026-04-30T23:59:02+00:00\" \/>\n<meta property=\"og:image\" content=\"https:\/\/diarioellabrador.cl\/wp-content\/uploads\/2026\/04\/Corporacion-de-Asistencia-Judicial-realiza-charla-y-asesoria-en-pensiones-de-alimentos-y-posesion-efectiva--scaled.jpeg\" \/>\n\t<meta property=\"og:image:width\" content=\"2560\" \/>\n\t<meta property=\"og:image:height\" content=\"1920\" \/>\n\t<meta property=\"og:image:type\" content=\"image\/jpeg\" \/>\n<meta name=\"author\" content=\"Editor\" \/>\n<meta name=\"twitter:card\" content=\"summary_large_image\" \/>\n<meta name=\"twitter:creator\" content=\"@ElLabradorOf\" \/>\n<meta name=\"twitter:site\" content=\"@ElLabradorOf\" \/>\n<meta name=\"twitter:label1\" content=\"Escrito por\" \/>\n\t<meta name=\"twitter:data1\" content=\"Editor\" \/>\n\t<meta name=\"twitter:label2\" content=\"Tiempo de lectura\" \/>\n\t<meta name=\"twitter:data2\" content=\"2 minutos\" \/>\n<script type=\"application\/ld+json\" class=\"yoast-schema-graph\">{\"@context\":\"https:\\\/\\\/schema.org\",\"@graph\":[{\"@type\":\"Article\",\"@id\":\"https:\\\/\\\/diarioellabrador.cl\\\/index.php\\\/2026\\\/04\\\/30\\\/corporacion-de-asistencia-judicial-realiza-charla-y-asesoria-en-pensiones-de-alimentos-y-posesion-efectiva\\\/#article\",\"isPartOf\":{\"@id\":\"https:\\\/\\\/diarioellabrador.cl\\\/index.php\\\/2026\\\/04\\\/30\\\/corporacion-de-asistencia-judicial-realiza-charla-y-asesoria-en-pensiones-de-alimentos-y-posesion-efectiva\\\/\"},\"author\":{\"name\":\"Editor\",\"@id\":\"https:\\\/\\\/diarioellabrador.cl\\\/#\\\/schema\\\/person\\\/bc25ff80b4563f9c7f4bd7855df01685\"},\"headline\":\"Corporaci\u00f3n de Asistencia Judicial realiza charla y asesor\u00eda en pensiones de alimentos y posesi\u00f3n efectiva\",\"datePublished\":\"2026-04-30T23:58:58+00:00\",\"dateModified\":\"2026-04-30T23:59:02+00:00\",\"mainEntityOfPage\":{\"@id\":\"https:\\\/\\\/diarioellabrador.cl\\\/index.php\\\/2026\\\/04\\\/30\\\/corporacion-de-asistencia-judicial-realiza-charla-y-asesoria-en-pensiones-de-alimentos-y-posesion-efectiva\\\/\"},\"wordCount\":448,\"commentCount\":0,\"publisher\":{\"@id\":\"https:\\\/\\\/diarioellabrador.cl\\\/#organization\"},\"image\":{\"@id\":\"https:\\\/\\\/diarioellabrador.cl\\\/index.php\\\/2026\\\/04\\\/30\\\/corporacion-de-asistencia-judicial-realiza-charla-y-asesoria-en-pensiones-de-alimentos-y-posesion-efectiva\\\/#primaryimage\"},\"thumbnailUrl\":\"https:\\\/\\\/diarioellabrador.cl\\\/wp-content\\\/uploads\\\/2026\\\/04\\\/Corporacion-de-Asistencia-Judicial-realiza-charla-y-asesoria-en-pensiones-de-alimentos-y-posesion-efectiva--scaled.jpeg\",\"articleSection\":[\"Cr\u00f3nica\"],\"inLanguage\":\"es\",\"potentialAction\":[{\"@type\":\"CommentAction\",\"name\":\"Comment\",\"target\":[\"https:\\\/\\\/diarioellabrador.cl\\\/index.php\\\/2026\\\/04\\\/30\\\/corporacion-de-asistencia-judicial-realiza-charla-y-asesoria-en-pensiones-de-alimentos-y-posesion-efectiva\\\/#respond\"]}]},{\"@type\":\"WebPage\",\"@id\":\"https:\\\/\\\/diarioellabrador.cl\\\/index.php\\\/2026\\\/04\\\/30\\\/corporacion-de-asistencia-judicial-realiza-charla-y-asesoria-en-pensiones-de-alimentos-y-posesion-efectiva\\\/\",\"url\":\"https:\\\/\\\/diarioellabrador.cl\\\/index.php\\\/2026\\\/04\\\/30\\\/corporacion-de-asistencia-judicial-realiza-charla-y-asesoria-en-pensiones-de-alimentos-y-posesion-efectiva\\\/\",\"name\":\"Corporaci\u00f3n de Asistencia Judicial realiza charla y asesor\u00eda en pensiones de alimentos y posesi\u00f3n efectiva - Diario El Labrador\",\"isPartOf\":{\"@id\":\"https:\\\/\\\/diarioellabrador.cl\\\/#website\"},\"primaryImageOfPage\":{\"@id\":\"https:\\\/\\\/diarioellabrador.cl\\\/index.php\\\/2026\\\/04\\\/30\\\/corporacion-de-asistencia-judicial-realiza-charla-y-asesoria-en-pensiones-de-alimentos-y-posesion-efectiva\\\/#primaryimage\"},\"image\":{\"@id\":\"https:\\\/\\\/diarioellabrador.cl\\\/index.php\\\/2026\\\/04\\\/30\\\/corporacion-de-asistencia-judicial-realiza-charla-y-asesoria-en-pensiones-de-alimentos-y-posesion-efectiva\\\/#primaryimage\"},\"thumbnailUrl\":\"https:\\\/\\\/diarioellabrador.cl\\\/wp-content\\\/uploads\\\/2026\\\/04\\\/Corporacion-de-Asistencia-Judicial-realiza-charla-y-asesoria-en-pensiones-de-alimentos-y-posesion-efectiva--scaled.jpeg\",\"datePublished\":\"2026-04-30T23:58:58+00:00\",\"dateModified\":\"2026-04-30T23:59:02+00:00\",\"breadcrumb\":{\"@id\":\"https:\\\/\\\/diarioellabrador.cl\\\/index.php\\\/2026\\\/04\\\/30\\\/corporacion-de-asistencia-judicial-realiza-charla-y-asesoria-en-pensiones-de-alimentos-y-posesion-efectiva\\\/#breadcrumb\"},\"inLanguage\":\"es\",\"potentialAction\":[{\"@type\":\"ReadAction\",\"target\":[\"https:\\\/\\\/diarioellabrador.cl\\\/index.php\\\/2026\\\/04\\\/30\\\/corporacion-de-asistencia-judicial-realiza-charla-y-asesoria-en-pensiones-de-alimentos-y-posesion-efectiva\\\/\"]}]},{\"@type\":\"ImageObject\",\"inLanguage\":\"es\",\"@id\":\"https:\\\/\\\/diarioellabrador.cl\\\/index.php\\\/2026\\\/04\\\/30\\\/corporacion-de-asistencia-judicial-realiza-charla-y-asesoria-en-pensiones-de-alimentos-y-posesion-efectiva\\\/#primaryimage\",\"url\":\"https:\\\/\\\/diarioellabrador.cl\\\/wp-content\\\/uploads\\\/2026\\\/04\\\/Corporacion-de-Asistencia-Judicial-realiza-charla-y-asesoria-en-pensiones-de-alimentos-y-posesion-efectiva--scaled.jpeg\",\"contentUrl\":\"https:\\\/\\\/diarioellabrador.cl\\\/wp-content\\\/uploads\\\/2026\\\/04\\\/Corporacion-de-Asistencia-Judicial-realiza-charla-y-asesoria-en-pensiones-de-alimentos-y-posesion-efectiva--scaled.jpeg\",\"width\":2560,\"height\":1920},{\"@type\":\"BreadcrumbList\",\"@id\":\"https:\\\/\\\/diarioellabrador.cl\\\/index.php\\\/2026\\\/04\\\/30\\\/corporacion-de-asistencia-judicial-realiza-charla-y-asesoria-en-pensiones-de-alimentos-y-posesion-efectiva\\\/#breadcrumb\",\"itemListElement\":[{\"@type\":\"ListItem\",\"position\":1,\"name\":\"Portada\",\"item\":\"https:\\\/\\\/diarioellabrador.cl\\\/\"},{\"@type\":\"ListItem\",\"position\":2,\"name\":\"Corporaci\u00f3n de Asistencia Judicial realiza charla y asesor\u00eda en pensiones de alimentos y posesi\u00f3n efectiva\"}]},{\"@type\":\"WebSite\",\"@id\":\"https:\\\/\\\/diarioellabrador.cl\\\/#website\",\"url\":\"https:\\\/\\\/diarioellabrador.cl\\\/\",\"name\":\"Diario El Labrador\",\"description\":\"Haciendo noticia desde 1921\",\"publisher\":{\"@id\":\"https:\\\/\\\/diarioellabrador.cl\\\/#organization\"},\"potentialAction\":[{\"@type\":\"SearchAction\",\"target\":{\"@type\":\"EntryPoint\",\"urlTemplate\":\"https:\\\/\\\/diarioellabrador.cl\\\/?s={search_term_string}\"},\"query-input\":{\"@type\":\"PropertyValueSpecification\",\"valueRequired\":true,\"valueName\":\"search_term_string\"}}],\"inLanguage\":\"es\"},{\"@type\":\"Organization\",\"@id\":\"https:\\\/\\\/diarioellabrador.cl\\\/#organization\",\"name\":\"Diario El Labrador\",\"url\":\"https:\\\/\\\/diarioellabrador.cl\\\/\",\"logo\":{\"@type\":\"ImageObject\",\"inLanguage\":\"es\",\"@id\":\"https:\\\/\\\/diarioellabrador.cl\\\/#\\\/schema\\\/logo\\\/image\\\/\",\"url\":\"https:\\\/\\\/diarioellabrador.cl\\\/wp-content\\\/uploads\\\/2025\\\/02\\\/cropped-Logo-Icono.png\",\"contentUrl\":\"https:\\\/\\\/diarioellabrador.cl\\\/wp-content\\\/uploads\\\/2025\\\/02\\\/cropped-Logo-Icono.png\",\"width\":512,\"height\":512,\"caption\":\"Diario El Labrador\"},\"image\":{\"@id\":\"https:\\\/\\\/diarioellabrador.cl\\\/#\\\/schema\\\/logo\\\/image\\\/\"},\"sameAs\":[\"https:\\\/\\\/web.facebook.com\\\/profile.php?id=61576120840621\",\"https:\\\/\\\/x.com\\\/ElLabradorOf\",\"https:\\\/\\\/www.instagram.com\\\/diarioellabradoroficial\\\/\"]},{\"@type\":\"Person\",\"@id\":\"https:\\\/\\\/diarioellabrador.cl\\\/#\\\/schema\\\/person\\\/bc25ff80b4563f9c7f4bd7855df01685\",\"name\":\"Editor\",\"image\":{\"@type\":\"ImageObject\",\"inLanguage\":\"es\",\"@id\":\"https:\\\/\\\/secure.gravatar.com\\\/avatar\\\/109c326cf2be5c04f048c2c2a2b8b6ef44bf3d8d1d3d4c55d0ac40c4bc994684?s=96&d=mm&r=g\",\"url\":\"https:\\\/\\\/secure.gravatar.com\\\/avatar\\\/109c326cf2be5c04f048c2c2a2b8b6ef44bf3d8d1d3d4c55d0ac40c4bc994684?s=96&d=mm&r=g\",\"contentUrl\":\"https:\\\/\\\/secure.gravatar.com\\\/avatar\\\/109c326cf2be5c04f048c2c2a2b8b6ef44bf3d8d1d3d4c55d0ac40c4bc994684?s=96&d=mm&r=g\",\"caption\":\"Editor\"},\"url\":\"https:\\\/\\\/diarioellabrador.cl\\\/index.php\\\/author\\\/editor\\\/\"}]}<\/script>\n<!-- \/ Yoast SEO plugin. -->","yoast_head_json":{"title":"Corporaci\u00f3n de Asistencia Judicial realiza charla y asesor\u00eda en pensiones de alimentos y posesi\u00f3n efectiva - Diario El Labrador","robots":{"index":"index","follow":"follow","max-snippet":"max-snippet:-1","max-image-preview":"max-image-preview:large","max-video-preview":"max-video-preview:-1"},"canonical":"https:\/\/diarioellabrador.cl\/index.php\/2026\/04\/30\/corporacion-de-asistencia-judicial-realiza-charla-y-asesoria-en-pensiones-de-alimentos-y-posesion-efectiva\/","og_locale":"es_ES","og_type":"article","og_title":"Corporaci\u00f3n de Asistencia Judicial realiza charla y asesor\u00eda en pensiones de alimentos y posesi\u00f3n efectiva - Diario El Labrador","og_description":"En dependencias de Delegaci\u00f3n Provincial de Melipilla se realiz\u00f3 una jornada especial de capacitaci\u00f3n y asesor\u00eda jur\u00eddica en materia de pensiones de alimentos, tr\u00e1mites de causas familiares y posesi\u00f3n efectiva, actividad organizada en conjunto con la Corporaci\u00f3n de Asistencia Judicial (CAJ). La instancia cont\u00f3 con la asesor\u00eda de la abogada jefe de la Corporaci\u00f3n de Leer m\u00e1s","og_url":"https:\/\/diarioellabrador.cl\/index.php\/2026\/04\/30\/corporacion-de-asistencia-judicial-realiza-charla-y-asesoria-en-pensiones-de-alimentos-y-posesion-efectiva\/","og_site_name":"Diario El Labrador","article_publisher":"https:\/\/web.facebook.com\/profile.php?id=61576120840621","article_published_time":"2026-04-30T23:58:58+00:00","article_modified_time":"2026-04-30T23:59:02+00:00","og_image":[{"width":2560,"height":1920,"url":"https:\/\/diarioellabrador.cl\/wp-content\/uploads\/2026\/04\/Corporacion-de-Asistencia-Judicial-realiza-charla-y-asesoria-en-pensiones-de-alimentos-y-posesion-efectiva--scaled.jpeg","type":"image\/jpeg"}],"author":"Editor","twitter_card":"summary_large_image","twitter_creator":"@ElLabradorOf","twitter_site":"@ElLabradorOf","twitter_misc":{"Escrito por":"Editor","Tiempo de lectura":"2 minutos"},"schema":{"@context":"https:\/\/schema.org","@graph":[{"@type":"Article","@id":"https:\/\/diarioellabrador.cl\/index.php\/2026\/04\/30\/corporacion-de-asistencia-judicial-realiza-charla-y-asesoria-en-pensiones-de-alimentos-y-posesion-efectiva\/#article","isPartOf":{"@id":"https:\/\/diarioellabrador.cl\/index.php\/2026\/04\/30\/corporacion-de-asistencia-judicial-realiza-charla-y-asesoria-en-pensiones-de-alimentos-y-posesion-efectiva\/"},"author":{"name":"Editor","@id":"https:\/\/diarioellabrador.cl\/#\/schema\/person\/bc25ff80b4563f9c7f4bd7855df01685"},"headline":"Corporaci\u00f3n de Asistencia Judicial realiza charla y asesor\u00eda en pensiones de alimentos y posesi\u00f3n efectiva","datePublished":"2026-04-30T23:58:58+00:00","dateModified":"2026-04-30T23:59:02+00:00","mainEntityOfPage":{"@id":"https:\/\/diarioellabrador.cl\/index.php\/2026\/04\/30\/corporacion-de-asistencia-judicial-realiza-charla-y-asesoria-en-pensiones-de-alimentos-y-posesion-efectiva\/"},"wordCount":448,"commentCount":0,"publisher":{"@id":"https:\/\/diarioellabrador.cl\/#organization"},"image":{"@id":"https:\/\/diarioellabrador.cl\/index.php\/2026\/04\/30\/corporacion-de-asistencia-judicial-realiza-charla-y-asesoria-en-pensiones-de-alimentos-y-posesion-efectiva\/#primaryimage"},"thumbnailUrl":"https:\/\/diarioellabrador.cl\/wp-content\/uploads\/2026\/04\/Corporacion-de-Asistencia-Judicial-realiza-charla-y-asesoria-en-pensiones-de-alimentos-y-posesion-efectiva--scaled.jpeg","articleSection":["Cr\u00f3nica"],"inLanguage":"es","potentialAction":[{"@type":"CommentAction","name":"Comment","target":["https:\/\/diarioellabrador.cl\/index.php\/2026\/04\/30\/corporacion-de-asistencia-judicial-realiza-charla-y-asesoria-en-pensiones-de-alimentos-y-posesion-efectiva\/#respond"]}]},{"@type":"WebPage","@id":"https:\/\/diarioellabrador.cl\/index.php\/2026\/04\/30\/corporacion-de-asistencia-judicial-realiza-charla-y-asesoria-en-pensiones-de-alimentos-y-posesion-efectiva\/","url":"https:\/\/diarioellabrador.cl\/index.php\/2026\/04\/30\/corporacion-de-asistencia-judicial-realiza-charla-y-asesoria-en-pensiones-de-alimentos-y-posesion-efectiva\/","name":"Corporaci\u00f3n de Asistencia Judicial realiza charla y asesor\u00eda en pensiones de alimentos y posesi\u00f3n efectiva - Diario El Labrador","isPartOf":{"@id":"https:\/\/diarioellabrador.cl\/#website"},"primaryImageOfPage":{"@id":"https:\/\/diarioellabrador.cl\/index.php\/2026\/04\/30\/corporacion-de-asistencia-judicial-realiza-charla-y-asesoria-en-pensiones-de-alimentos-y-posesion-efectiva\/#primaryimage"},"image":{"@id":"https:\/\/diarioellabrador.cl\/index.php\/2026\/04\/30\/corporacion-de-asistencia-judicial-realiza-charla-y-asesoria-en-pensiones-de-alimentos-y-posesion-efectiva\/#primaryimage"},"thumbnailUrl":"https:\/\/diarioellabrador.cl\/wp-content\/uploads\/2026\/04\/Corporacion-de-Asistencia-Judicial-realiza-charla-y-asesoria-en-pensiones-de-alimentos-y-posesion-efectiva--scaled.jpeg","datePublished":"2026-04-30T23:58:58+00:00","dateModified":"2026-04-30T23:59:02+00:00","breadcrumb":{"@id":"https:\/\/diarioellabrador.cl\/index.php\/2026\/04\/30\/corporacion-de-asistencia-judicial-realiza-charla-y-asesoria-en-pensiones-de-alimentos-y-posesion-efectiva\/#breadcrumb"},"inLanguage":"es","potentialAction":[{"@type":"ReadAction","target":["https:\/\/diarioellabrador.cl\/index.php\/2026\/04\/30\/corporacion-de-asistencia-judicial-realiza-charla-y-asesoria-en-pensiones-de-alimentos-y-posesion-efectiva\/"]}]},{"@type":"ImageObject","inLanguage":"es","@id":"https:\/\/diarioellabrador.cl\/index.php\/2026\/04\/30\/corporacion-de-asistencia-judicial-realiza-charla-y-asesoria-en-pensiones-de-alimentos-y-posesion-efectiva\/#primaryimage","url":"https:\/\/diarioellabrador.cl\/wp-content\/uploads\/2026\/04\/Corporacion-de-Asistencia-Judicial-realiza-charla-y-asesoria-en-pensiones-de-alimentos-y-posesion-efectiva--scaled.jpeg","contentUrl":"https:\/\/diarioellabrador.cl\/wp-content\/uploads\/2026\/04\/Corporacion-de-Asistencia-Judicial-realiza-charla-y-asesoria-en-pensiones-de-alimentos-y-posesion-efectiva--scaled.jpeg","width":2560,"height":1920},{"@type":"BreadcrumbList","@id":"https:\/\/diarioellabrador.cl\/index.php\/2026\/04\/30\/corporacion-de-asistencia-judicial-realiza-charla-y-asesoria-en-pensiones-de-alimentos-y-posesion-efectiva\/#breadcrumb","itemListElement":[{"@type":"ListItem","position":1,"name":"Portada","item":"https:\/\/diarioellabrador.cl\/"},{"@type":"ListItem","position":2,"name":"Corporaci\u00f3n de Asistencia Judicial realiza charla y asesor\u00eda en pensiones de alimentos y posesi\u00f3n efectiva"}]},{"@type":"WebSite","@id":"https:\/\/diarioellabrador.cl\/#website","url":"https:\/\/diarioellabrador.cl\/","name":"Diario El Labrador","description":"Haciendo noticia desde 1921","publisher":{"@id":"https:\/\/diarioellabrador.cl\/#organization"},"potentialAction":[{"@type":"SearchAction","target":{"@type":"EntryPoint","urlTemplate":"https:\/\/diarioellabrador.cl\/?s={search_term_string}"},"query-input":{"@type":"PropertyValueSpecification","valueRequired":true,"valueName":"search_term_string"}}],"inLanguage":"es"},{"@type":"Organization","@id":"https:\/\/diarioellabrador.cl\/#organization","name":"Diario El Labrador","url":"https:\/\/diarioellabrador.cl\/","logo":{"@type":"ImageObject","inLanguage":"es","@id":"https:\/\/diarioellabrador.cl\/#\/schema\/logo\/image\/","url":"https:\/\/diarioellabrador.cl\/wp-content\/uploads\/2025\/02\/cropped-Logo-Icono.png","contentUrl":"https:\/\/diarioellabrador.cl\/wp-content\/uploads\/2025\/02\/cropped-Logo-Icono.png","width":512,"height":512,"caption":"Diario El Labrador"},"image":{"@id":"https:\/\/diarioellabrador.cl\/#\/schema\/logo\/image\/"},"sameAs":["https:\/\/web.facebook.com\/profile.php?id=61576120840621","https:\/\/x.com\/ElLabradorOf","https:\/\/www.instagram.com\/diarioellabradoroficial\/"]},{"@type":"Person","@id":"https:\/\/diarioellabrador.cl\/#\/schema\/person\/bc25ff80b4563f9c7f4bd7855df01685","name":"Editor","image":{"@type":"ImageObject","inLanguage":"es","@id":"https:\/\/secure.gravatar.com\/avatar\/109c326cf2be5c04f048c2c2a2b8b6ef44bf3d8d1d3d4c55d0ac40c4bc994684?s=96&d=mm&r=g","url":"https:\/\/secure.gravatar.com\/avatar\/109c326cf2be5c04f048c2c2a2b8b6ef44bf3d8d1d3d4c55d0ac40c4bc994684?s=96&d=mm&r=g","contentUrl":"https:\/\/secure.gravatar.com\/avatar\/109c326cf2be5c04f048c2c2a2b8b6ef44bf3d8d1d3d4c55d0ac40c4bc994684?s=96&d=mm&r=g","caption":"Editor"},"url":"https:\/\/diarioellabrador.cl\/index.php\/author\/editor\/"}]}},"_links":{"self":[{"href":"https:\/\/diarioellabrador.cl\/index.php\/wp-json\/wp\/v2\/posts\/18799","targetHints":{"allow":["GET"]}}],"collection":[{"href":"https:\/\/diarioellabrador.cl\/index.php\/wp-json\/wp\/v2\/posts"}],"about":[{"href":"https:\/\/diarioellabrador.cl\/index.php\/wp-json\/wp\/v2\/types\/post"}],"author":[{"embeddable":true,"href":"https:\/\/diarioellabrador.cl\/index.php\/wp-json\/wp\/v2\/users\/2"}],"replies":[{"embeddable":true,"href":"https:\/\/diarioellabrador.cl\/index.php\/wp-json\/wp\/v2\/comments?post=18799"}],"version-history":[{"count":1,"href":"https:\/\/diarioellabrador.cl\/index.php\/wp-json\/wp\/v2\/posts\/18799\/revisions"}],"predecessor-version":[{"id":18800,"href":"https:\/\/diarioellabrador.cl\/index.php\/wp-json\/wp\/v2\/posts\/18799\/revisions\/18800"}],"wp:featuredmedia":[{"embeddable":true,"href":"https:\/\/diarioellabrador.cl\/index.php\/wp-json\/wp\/v2\/media\/18753"}],"wp:attachment":[{"href":"https:\/\/diarioellabrador.cl\/index.php\/wp-json\/wp\/v2\/media?parent=18799"}],"wp:term":[{"taxonomy":"category","embeddable":true,"href":"https:\/\/diarioellabrador.cl\/index.php\/wp-json\/wp\/v2\/categories?post=18799"},{"taxonomy":"post_tag","embeddable":true,"href":"https:\/\/diarioellabrador.cl\/index.php\/wp-json\/wp\/v2\/tags?post=18799"}],"curies":[{"name":"wp","href":"https:\/\/api.w.org\/{rel}","templated":true}]}}