{"id":18795,"date":"2026-04-30T19:57:16","date_gmt":"2026-04-30T23:57:16","guid":{"rendered":"https:\/\/diarioellabrador.cl\/?p=18795"},"modified":"2026-04-30T19:57:18","modified_gmt":"2026-04-30T23:57:18","slug":"ministro-de-transportes-confirma-que-no-habra-buses-de-2-piso-en-sistema-red","status":"publish","type":"post","link":"https:\/\/diarioellabrador.cl\/index.php\/2026\/04\/30\/ministro-de-transportes-confirma-que-no-habra-buses-de-2-piso-en-sistema-red\/","title":{"rendered":"Ministro de Transportes confirma que no habr\u00e1 buses de 2 piso en sistema RED"},"content":{"rendered":"\n<p>Por Johnny Ahumada Sep\u00falveda<\/p>\n\n\n\n<p>Louis de Grange, Ministro de Transportes, asegur\u00f3 que no continuar\u00e1n con la adquisici\u00f3n de buses de dos pisos en el sistema RED e insisti\u00f3 que no se est\u00e1 reduciendo la frecuencia de los servicios.<\/p>\n\n\n\n<p>La autoridad abord\u00f3 estos cambios en el marco de recorte presupuestario del 3% que debe aplicar el ministerio.<\/p>\n\n\n\n<p>De Grange destac\u00f3 que, durante el horario nocturno, se reemplazaron los buses articulados (conocidos como \u201corugas\u201d) por buses convencionales de 12 metros. Seg\u00fan explic\u00f3 este ajuste \u201cno afecta la calidad de servicio, pero s\u00ed reduce los costos\u201d.<\/p>\n\n\n\n<p>Es por eso, que el ministro enfatiz\u00f3 que no existe una disminuci\u00f3n en la oferta del transporte.<\/p>\n\n\n\n<p>\u201cNo se est\u00e1 bajando la frecuencia. Se est\u00e1 reemplazando uno m\u00e1s caro por uno m\u00e1s barato porque son muy poquitos los pasajeros \u201c, puntualiz\u00f3 en di\u00e1logo con Radio Duna.<\/p>\n\n\n\n<p>Esto quiere decir que se confirma que no comprar\u00e1n m\u00e1s buses de dos pisos en el sistema RED.<\/p>\n\n\n\n<p>Al ser consultado por si el registro de los buses articulados es suficiente para alcanzar el recorte del 3%, De Grange respondi\u00f3 negativamente y se\u00f1al\u00f3 otros puntos que se consideran en la cartera.<\/p>\n\n\n\n<p>Tras la decisi\u00f3n, la autoridad de Gobierno explic\u00f3 que dichos veh\u00edculos representan muchas dificultades operacionales. \u201cNo pueden andar por todas las calles, tienen recorridos muy acotados, son much\u00edsimo m\u00e1s caros, no existen los repuestos, hay que mandarlos a comprar desde China \u201c.<\/p>\n\n\n\n<p>\u201cLos buses de dos pisos son m\u00e1s lentos que los otros porque pasan m\u00e1s tiempo para cada parada, porque las personas tienen que subir al segundo piso y eso es m\u00e1s lento\u201d se\u00f1al\u00f3 De Grange.<\/p>\n\n\n\n<p>Es por eso, el ministro de Transportes afirm\u00f3 que el ministerio cuenta con la capacidad de optimizar la operaci\u00f3n mediante el uso de buses m\u00e1s peque\u00f1os durante las noches, descartando continuar con la compra de buses de dos pisos. A esto se le sum\u00f3 otro aspecto que ha planteado anteriormente: la ampliaci\u00f3n del tama\u00f1o de los taxis colectivos.<\/p>\n","protected":false},"excerpt":{"rendered":"<p>Por Johnny Ahumada Sep\u00falveda Louis de Grange, Ministro de Transportes, asegur\u00f3 que no continuar\u00e1n con la adquisici\u00f3n de buses de dos pisos en el sistema RED e insisti\u00f3 que no se est\u00e1 reduciendo la frecuencia de los servicios. La autoridad abord\u00f3 estos cambios en el marco de recorte presupuestario del 3% que debe aplicar el<\/p>\n<div class=\"read-more-wrapper\"><a class=\"read-more\" href=\"https:\/\/diarioellabrador.cl\/index.php\/2026\/04\/30\/ministro-de-transportes-confirma-que-no-habra-buses-de-2-piso-en-sistema-red\/\" title=\"Leer m\u00e1s\"> <span class=\"button \">Leer m\u00e1s<\/span><\/a><\/div>\n","protected":false},"author":2,"featured_media":18755,"comment_status":"open","ping_status":"open","sticky":false,"template":"","format":"standard","meta":{"footnotes":""},"categories":[1],"tags":[],"class_list":["post-18795","post","type-post","status-publish","format-standard","has-post-thumbnail","hentry","category-cronica"],"yoast_head":"<!-- This site is optimized with the Yoast SEO plugin v27.5 - https:\/\/yoast.com\/product\/yoast-seo-wordpress\/ -->\n<title>Ministro de Transportes confirma que no habr\u00e1 buses de 2 piso en sistema RED - Diario El Labrador<\/title>\n<meta name=\"robots\" content=\"index, follow, max-snippet:-1, max-image-preview:large, max-video-preview:-1\" \/>\n<link rel=\"canonical\" href=\"https:\/\/diarioellabrador.cl\/index.php\/2026\/04\/30\/ministro-de-transportes-confirma-que-no-habra-buses-de-2-piso-en-sistema-red\/\" \/>\n<meta property=\"og:locale\" content=\"es_ES\" \/>\n<meta property=\"og:type\" content=\"article\" \/>\n<meta property=\"og:title\" content=\"Ministro de Transportes confirma que no habr\u00e1 buses de 2 piso en sistema RED - Diario El Labrador\" \/>\n<meta property=\"og:description\" content=\"Por Johnny Ahumada Sep\u00falveda Louis de Grange, Ministro de Transportes, asegur\u00f3 que no continuar\u00e1n con la adquisici\u00f3n de buses de dos pisos en el sistema RED e insisti\u00f3 que no se est\u00e1 reduciendo la frecuencia de los servicios. La autoridad abord\u00f3 estos cambios en el marco de recorte presupuestario del 3% que debe aplicar el Leer m\u00e1s\" \/>\n<meta property=\"og:url\" content=\"https:\/\/diarioellabrador.cl\/index.php\/2026\/04\/30\/ministro-de-transportes-confirma-que-no-habra-buses-de-2-piso-en-sistema-red\/\" \/>\n<meta property=\"og:site_name\" content=\"Diario El Labrador\" \/>\n<meta property=\"article:publisher\" content=\"https:\/\/web.facebook.com\/profile.php?id=61576120840621\" \/>\n<meta property=\"article:published_time\" content=\"2026-04-30T23:57:16+00:00\" \/>\n<meta property=\"article:modified_time\" content=\"2026-04-30T23:57:18+00:00\" \/>\n<meta property=\"og:image\" content=\"https:\/\/diarioellabrador.cl\/wp-content\/uploads\/2026\/04\/Ministro-de-Transportes-confirma-que-no-habra-buses-de-2-piso-en-sistema-RED.jpg\" \/>\n\t<meta property=\"og:image:width\" content=\"1140\" \/>\n\t<meta property=\"og:image:height\" content=\"530\" \/>\n\t<meta property=\"og:image:type\" content=\"image\/jpeg\" \/>\n<meta name=\"author\" content=\"Editor\" \/>\n<meta name=\"twitter:card\" content=\"summary_large_image\" \/>\n<meta name=\"twitter:creator\" content=\"@ElLabradorOf\" \/>\n<meta name=\"twitter:site\" content=\"@ElLabradorOf\" \/>\n<meta name=\"twitter:label1\" content=\"Escrito por\" \/>\n\t<meta name=\"twitter:data1\" content=\"Editor\" \/>\n\t<meta name=\"twitter:label2\" content=\"Tiempo de lectura\" \/>\n\t<meta name=\"twitter:data2\" content=\"2 minutos\" \/>\n<script type=\"application\/ld+json\" class=\"yoast-schema-graph\">{\"@context\":\"https:\\\/\\\/schema.org\",\"@graph\":[{\"@type\":\"Article\",\"@id\":\"https:\\\/\\\/diarioellabrador.cl\\\/index.php\\\/2026\\\/04\\\/30\\\/ministro-de-transportes-confirma-que-no-habra-buses-de-2-piso-en-sistema-red\\\/#article\",\"isPartOf\":{\"@id\":\"https:\\\/\\\/diarioellabrador.cl\\\/index.php\\\/2026\\\/04\\\/30\\\/ministro-de-transportes-confirma-que-no-habra-buses-de-2-piso-en-sistema-red\\\/\"},\"author\":{\"name\":\"Editor\",\"@id\":\"https:\\\/\\\/diarioellabrador.cl\\\/#\\\/schema\\\/person\\\/bc25ff80b4563f9c7f4bd7855df01685\"},\"headline\":\"Ministro de Transportes confirma que no habr\u00e1 buses de 2 piso en sistema RED\",\"datePublished\":\"2026-04-30T23:57:16+00:00\",\"dateModified\":\"2026-04-30T23:57:18+00:00\",\"mainEntityOfPage\":{\"@id\":\"https:\\\/\\\/diarioellabrador.cl\\\/index.php\\\/2026\\\/04\\\/30\\\/ministro-de-transportes-confirma-que-no-habra-buses-de-2-piso-en-sistema-red\\\/\"},\"wordCount\":357,\"commentCount\":0,\"publisher\":{\"@id\":\"https:\\\/\\\/diarioellabrador.cl\\\/#organization\"},\"image\":{\"@id\":\"https:\\\/\\\/diarioellabrador.cl\\\/index.php\\\/2026\\\/04\\\/30\\\/ministro-de-transportes-confirma-que-no-habra-buses-de-2-piso-en-sistema-red\\\/#primaryimage\"},\"thumbnailUrl\":\"https:\\\/\\\/diarioellabrador.cl\\\/wp-content\\\/uploads\\\/2026\\\/04\\\/Ministro-de-Transportes-confirma-que-no-habra-buses-de-2-piso-en-sistema-RED.jpg\",\"articleSection\":[\"Cr\u00f3nica\"],\"inLanguage\":\"es\",\"potentialAction\":[{\"@type\":\"CommentAction\",\"name\":\"Comment\",\"target\":[\"https:\\\/\\\/diarioellabrador.cl\\\/index.php\\\/2026\\\/04\\\/30\\\/ministro-de-transportes-confirma-que-no-habra-buses-de-2-piso-en-sistema-red\\\/#respond\"]}]},{\"@type\":\"WebPage\",\"@id\":\"https:\\\/\\\/diarioellabrador.cl\\\/index.php\\\/2026\\\/04\\\/30\\\/ministro-de-transportes-confirma-que-no-habra-buses-de-2-piso-en-sistema-red\\\/\",\"url\":\"https:\\\/\\\/diarioellabrador.cl\\\/index.php\\\/2026\\\/04\\\/30\\\/ministro-de-transportes-confirma-que-no-habra-buses-de-2-piso-en-sistema-red\\\/\",\"name\":\"Ministro de Transportes confirma que no habr\u00e1 buses de 2 piso en sistema RED - Diario El Labrador\",\"isPartOf\":{\"@id\":\"https:\\\/\\\/diarioellabrador.cl\\\/#website\"},\"primaryImageOfPage\":{\"@id\":\"https:\\\/\\\/diarioellabrador.cl\\\/index.php\\\/2026\\\/04\\\/30\\\/ministro-de-transportes-confirma-que-no-habra-buses-de-2-piso-en-sistema-red\\\/#primaryimage\"},\"image\":{\"@id\":\"https:\\\/\\\/diarioellabrador.cl\\\/index.php\\\/2026\\\/04\\\/30\\\/ministro-de-transportes-confirma-que-no-habra-buses-de-2-piso-en-sistema-red\\\/#primaryimage\"},\"thumbnailUrl\":\"https:\\\/\\\/diarioellabrador.cl\\\/wp-content\\\/uploads\\\/2026\\\/04\\\/Ministro-de-Transportes-confirma-que-no-habra-buses-de-2-piso-en-sistema-RED.jpg\",\"datePublished\":\"2026-04-30T23:57:16+00:00\",\"dateModified\":\"2026-04-30T23:57:18+00:00\",\"breadcrumb\":{\"@id\":\"https:\\\/\\\/diarioellabrador.cl\\\/index.php\\\/2026\\\/04\\\/30\\\/ministro-de-transportes-confirma-que-no-habra-buses-de-2-piso-en-sistema-red\\\/#breadcrumb\"},\"inLanguage\":\"es\",\"potentialAction\":[{\"@type\":\"ReadAction\",\"target\":[\"https:\\\/\\\/diarioellabrador.cl\\\/index.php\\\/2026\\\/04\\\/30\\\/ministro-de-transportes-confirma-que-no-habra-buses-de-2-piso-en-sistema-red\\\/\"]}]},{\"@type\":\"ImageObject\",\"inLanguage\":\"es\",\"@id\":\"https:\\\/\\\/diarioellabrador.cl\\\/index.php\\\/2026\\\/04\\\/30\\\/ministro-de-transportes-confirma-que-no-habra-buses-de-2-piso-en-sistema-red\\\/#primaryimage\",\"url\":\"https:\\\/\\\/diarioellabrador.cl\\\/wp-content\\\/uploads\\\/2026\\\/04\\\/Ministro-de-Transportes-confirma-que-no-habra-buses-de-2-piso-en-sistema-RED.jpg\",\"contentUrl\":\"https:\\\/\\\/diarioellabrador.cl\\\/wp-content\\\/uploads\\\/2026\\\/04\\\/Ministro-de-Transportes-confirma-que-no-habra-buses-de-2-piso-en-sistema-RED.jpg\",\"width\":1140,\"height\":530},{\"@type\":\"BreadcrumbList\",\"@id\":\"https:\\\/\\\/diarioellabrador.cl\\\/index.php\\\/2026\\\/04\\\/30\\\/ministro-de-transportes-confirma-que-no-habra-buses-de-2-piso-en-sistema-red\\\/#breadcrumb\",\"itemListElement\":[{\"@type\":\"ListItem\",\"position\":1,\"name\":\"Portada\",\"item\":\"https:\\\/\\\/diarioellabrador.cl\\\/\"},{\"@type\":\"ListItem\",\"position\":2,\"name\":\"Ministro de Transportes confirma que no habr\u00e1 buses de 2 piso en sistema RED\"}]},{\"@type\":\"WebSite\",\"@id\":\"https:\\\/\\\/diarioellabrador.cl\\\/#website\",\"url\":\"https:\\\/\\\/diarioellabrador.cl\\\/\",\"name\":\"Diario El Labrador\",\"description\":\"Haciendo noticia desde 1921\",\"publisher\":{\"@id\":\"https:\\\/\\\/diarioellabrador.cl\\\/#organization\"},\"potentialAction\":[{\"@type\":\"SearchAction\",\"target\":{\"@type\":\"EntryPoint\",\"urlTemplate\":\"https:\\\/\\\/diarioellabrador.cl\\\/?s={search_term_string}\"},\"query-input\":{\"@type\":\"PropertyValueSpecification\",\"valueRequired\":true,\"valueName\":\"search_term_string\"}}],\"inLanguage\":\"es\"},{\"@type\":\"Organization\",\"@id\":\"https:\\\/\\\/diarioellabrador.cl\\\/#organization\",\"name\":\"Diario El Labrador\",\"url\":\"https:\\\/\\\/diarioellabrador.cl\\\/\",\"logo\":{\"@type\":\"ImageObject\",\"inLanguage\":\"es\",\"@id\":\"https:\\\/\\\/diarioellabrador.cl\\\/#\\\/schema\\\/logo\\\/image\\\/\",\"url\":\"https:\\\/\\\/diarioellabrador.cl\\\/wp-content\\\/uploads\\\/2025\\\/02\\\/cropped-Logo-Icono.png\",\"contentUrl\":\"https:\\\/\\\/diarioellabrador.cl\\\/wp-content\\\/uploads\\\/2025\\\/02\\\/cropped-Logo-Icono.png\",\"width\":512,\"height\":512,\"caption\":\"Diario El Labrador\"},\"image\":{\"@id\":\"https:\\\/\\\/diarioellabrador.cl\\\/#\\\/schema\\\/logo\\\/image\\\/\"},\"sameAs\":[\"https:\\\/\\\/web.facebook.com\\\/profile.php?id=61576120840621\",\"https:\\\/\\\/x.com\\\/ElLabradorOf\",\"https:\\\/\\\/www.instagram.com\\\/diarioellabradoroficial\\\/\"]},{\"@type\":\"Person\",\"@id\":\"https:\\\/\\\/diarioellabrador.cl\\\/#\\\/schema\\\/person\\\/bc25ff80b4563f9c7f4bd7855df01685\",\"name\":\"Editor\",\"image\":{\"@type\":\"ImageObject\",\"inLanguage\":\"es\",\"@id\":\"https:\\\/\\\/secure.gravatar.com\\\/avatar\\\/109c326cf2be5c04f048c2c2a2b8b6ef44bf3d8d1d3d4c55d0ac40c4bc994684?s=96&d=mm&r=g\",\"url\":\"https:\\\/\\\/secure.gravatar.com\\\/avatar\\\/109c326cf2be5c04f048c2c2a2b8b6ef44bf3d8d1d3d4c55d0ac40c4bc994684?s=96&d=mm&r=g\",\"contentUrl\":\"https:\\\/\\\/secure.gravatar.com\\\/avatar\\\/109c326cf2be5c04f048c2c2a2b8b6ef44bf3d8d1d3d4c55d0ac40c4bc994684?s=96&d=mm&r=g\",\"caption\":\"Editor\"},\"url\":\"https:\\\/\\\/diarioellabrador.cl\\\/index.php\\\/author\\\/editor\\\/\"}]}<\/script>\n<!-- \/ Yoast SEO plugin. -->","yoast_head_json":{"title":"Ministro de Transportes confirma que no habr\u00e1 buses de 2 piso en sistema RED - Diario El Labrador","robots":{"index":"index","follow":"follow","max-snippet":"max-snippet:-1","max-image-preview":"max-image-preview:large","max-video-preview":"max-video-preview:-1"},"canonical":"https:\/\/diarioellabrador.cl\/index.php\/2026\/04\/30\/ministro-de-transportes-confirma-que-no-habra-buses-de-2-piso-en-sistema-red\/","og_locale":"es_ES","og_type":"article","og_title":"Ministro de Transportes confirma que no habr\u00e1 buses de 2 piso en sistema RED - Diario El Labrador","og_description":"Por Johnny Ahumada Sep\u00falveda Louis de Grange, Ministro de Transportes, asegur\u00f3 que no continuar\u00e1n con la adquisici\u00f3n de buses de dos pisos en el sistema RED e insisti\u00f3 que no se est\u00e1 reduciendo la frecuencia de los servicios. La autoridad abord\u00f3 estos cambios en el marco de recorte presupuestario del 3% que debe aplicar el Leer m\u00e1s","og_url":"https:\/\/diarioellabrador.cl\/index.php\/2026\/04\/30\/ministro-de-transportes-confirma-que-no-habra-buses-de-2-piso-en-sistema-red\/","og_site_name":"Diario El Labrador","article_publisher":"https:\/\/web.facebook.com\/profile.php?id=61576120840621","article_published_time":"2026-04-30T23:57:16+00:00","article_modified_time":"2026-04-30T23:57:18+00:00","og_image":[{"width":1140,"height":530,"url":"https:\/\/diarioellabrador.cl\/wp-content\/uploads\/2026\/04\/Ministro-de-Transportes-confirma-que-no-habra-buses-de-2-piso-en-sistema-RED.jpg","type":"image\/jpeg"}],"author":"Editor","twitter_card":"summary_large_image","twitter_creator":"@ElLabradorOf","twitter_site":"@ElLabradorOf","twitter_misc":{"Escrito por":"Editor","Tiempo de lectura":"2 minutos"},"schema":{"@context":"https:\/\/schema.org","@graph":[{"@type":"Article","@id":"https:\/\/diarioellabrador.cl\/index.php\/2026\/04\/30\/ministro-de-transportes-confirma-que-no-habra-buses-de-2-piso-en-sistema-red\/#article","isPartOf":{"@id":"https:\/\/diarioellabrador.cl\/index.php\/2026\/04\/30\/ministro-de-transportes-confirma-que-no-habra-buses-de-2-piso-en-sistema-red\/"},"author":{"name":"Editor","@id":"https:\/\/diarioellabrador.cl\/#\/schema\/person\/bc25ff80b4563f9c7f4bd7855df01685"},"headline":"Ministro de Transportes confirma que no habr\u00e1 buses de 2 piso en sistema RED","datePublished":"2026-04-30T23:57:16+00:00","dateModified":"2026-04-30T23:57:18+00:00","mainEntityOfPage":{"@id":"https:\/\/diarioellabrador.cl\/index.php\/2026\/04\/30\/ministro-de-transportes-confirma-que-no-habra-buses-de-2-piso-en-sistema-red\/"},"wordCount":357,"commentCount":0,"publisher":{"@id":"https:\/\/diarioellabrador.cl\/#organization"},"image":{"@id":"https:\/\/diarioellabrador.cl\/index.php\/2026\/04\/30\/ministro-de-transportes-confirma-que-no-habra-buses-de-2-piso-en-sistema-red\/#primaryimage"},"thumbnailUrl":"https:\/\/diarioellabrador.cl\/wp-content\/uploads\/2026\/04\/Ministro-de-Transportes-confirma-que-no-habra-buses-de-2-piso-en-sistema-RED.jpg","articleSection":["Cr\u00f3nica"],"inLanguage":"es","potentialAction":[{"@type":"CommentAction","name":"Comment","target":["https:\/\/diarioellabrador.cl\/index.php\/2026\/04\/30\/ministro-de-transportes-confirma-que-no-habra-buses-de-2-piso-en-sistema-red\/#respond"]}]},{"@type":"WebPage","@id":"https:\/\/diarioellabrador.cl\/index.php\/2026\/04\/30\/ministro-de-transportes-confirma-que-no-habra-buses-de-2-piso-en-sistema-red\/","url":"https:\/\/diarioellabrador.cl\/index.php\/2026\/04\/30\/ministro-de-transportes-confirma-que-no-habra-buses-de-2-piso-en-sistema-red\/","name":"Ministro de Transportes confirma que no habr\u00e1 buses de 2 piso en sistema RED - Diario El Labrador","isPartOf":{"@id":"https:\/\/diarioellabrador.cl\/#website"},"primaryImageOfPage":{"@id":"https:\/\/diarioellabrador.cl\/index.php\/2026\/04\/30\/ministro-de-transportes-confirma-que-no-habra-buses-de-2-piso-en-sistema-red\/#primaryimage"},"image":{"@id":"https:\/\/diarioellabrador.cl\/index.php\/2026\/04\/30\/ministro-de-transportes-confirma-que-no-habra-buses-de-2-piso-en-sistema-red\/#primaryimage"},"thumbnailUrl":"https:\/\/diarioellabrador.cl\/wp-content\/uploads\/2026\/04\/Ministro-de-Transportes-confirma-que-no-habra-buses-de-2-piso-en-sistema-RED.jpg","datePublished":"2026-04-30T23:57:16+00:00","dateModified":"2026-04-30T23:57:18+00:00","breadcrumb":{"@id":"https:\/\/diarioellabrador.cl\/index.php\/2026\/04\/30\/ministro-de-transportes-confirma-que-no-habra-buses-de-2-piso-en-sistema-red\/#breadcrumb"},"inLanguage":"es","potentialAction":[{"@type":"ReadAction","target":["https:\/\/diarioellabrador.cl\/index.php\/2026\/04\/30\/ministro-de-transportes-confirma-que-no-habra-buses-de-2-piso-en-sistema-red\/"]}]},{"@type":"ImageObject","inLanguage":"es","@id":"https:\/\/diarioellabrador.cl\/index.php\/2026\/04\/30\/ministro-de-transportes-confirma-que-no-habra-buses-de-2-piso-en-sistema-red\/#primaryimage","url":"https:\/\/diarioellabrador.cl\/wp-content\/uploads\/2026\/04\/Ministro-de-Transportes-confirma-que-no-habra-buses-de-2-piso-en-sistema-RED.jpg","contentUrl":"https:\/\/diarioellabrador.cl\/wp-content\/uploads\/2026\/04\/Ministro-de-Transportes-confirma-que-no-habra-buses-de-2-piso-en-sistema-RED.jpg","width":1140,"height":530},{"@type":"BreadcrumbList","@id":"https:\/\/diarioellabrador.cl\/index.php\/2026\/04\/30\/ministro-de-transportes-confirma-que-no-habra-buses-de-2-piso-en-sistema-red\/#breadcrumb","itemListElement":[{"@type":"ListItem","position":1,"name":"Portada","item":"https:\/\/diarioellabrador.cl\/"},{"@type":"ListItem","position":2,"name":"Ministro de Transportes confirma que no habr\u00e1 buses de 2 piso en sistema RED"}]},{"@type":"WebSite","@id":"https:\/\/diarioellabrador.cl\/#website","url":"https:\/\/diarioellabrador.cl\/","name":"Diario El Labrador","description":"Haciendo noticia desde 1921","publisher":{"@id":"https:\/\/diarioellabrador.cl\/#organization"},"potentialAction":[{"@type":"SearchAction","target":{"@type":"EntryPoint","urlTemplate":"https:\/\/diarioellabrador.cl\/?s={search_term_string}"},"query-input":{"@type":"PropertyValueSpecification","valueRequired":true,"valueName":"search_term_string"}}],"inLanguage":"es"},{"@type":"Organization","@id":"https:\/\/diarioellabrador.cl\/#organization","name":"Diario El Labrador","url":"https:\/\/diarioellabrador.cl\/","logo":{"@type":"ImageObject","inLanguage":"es","@id":"https:\/\/diarioellabrador.cl\/#\/schema\/logo\/image\/","url":"https:\/\/diarioellabrador.cl\/wp-content\/uploads\/2025\/02\/cropped-Logo-Icono.png","contentUrl":"https:\/\/diarioellabrador.cl\/wp-content\/uploads\/2025\/02\/cropped-Logo-Icono.png","width":512,"height":512,"caption":"Diario El Labrador"},"image":{"@id":"https:\/\/diarioellabrador.cl\/#\/schema\/logo\/image\/"},"sameAs":["https:\/\/web.facebook.com\/profile.php?id=61576120840621","https:\/\/x.com\/ElLabradorOf","https:\/\/www.instagram.com\/diarioellabradoroficial\/"]},{"@type":"Person","@id":"https:\/\/diarioellabrador.cl\/#\/schema\/person\/bc25ff80b4563f9c7f4bd7855df01685","name":"Editor","image":{"@type":"ImageObject","inLanguage":"es","@id":"https:\/\/secure.gravatar.com\/avatar\/109c326cf2be5c04f048c2c2a2b8b6ef44bf3d8d1d3d4c55d0ac40c4bc994684?s=96&d=mm&r=g","url":"https:\/\/secure.gravatar.com\/avatar\/109c326cf2be5c04f048c2c2a2b8b6ef44bf3d8d1d3d4c55d0ac40c4bc994684?s=96&d=mm&r=g","contentUrl":"https:\/\/secure.gravatar.com\/avatar\/109c326cf2be5c04f048c2c2a2b8b6ef44bf3d8d1d3d4c55d0ac40c4bc994684?s=96&d=mm&r=g","caption":"Editor"},"url":"https:\/\/diarioellabrador.cl\/index.php\/author\/editor\/"}]}},"_links":{"self":[{"href":"https:\/\/diarioellabrador.cl\/index.php\/wp-json\/wp\/v2\/posts\/18795","targetHints":{"allow":["GET"]}}],"collection":[{"href":"https:\/\/diarioellabrador.cl\/index.php\/wp-json\/wp\/v2\/posts"}],"about":[{"href":"https:\/\/diarioellabrador.cl\/index.php\/wp-json\/wp\/v2\/types\/post"}],"author":[{"embeddable":true,"href":"https:\/\/diarioellabrador.cl\/index.php\/wp-json\/wp\/v2\/users\/2"}],"replies":[{"embeddable":true,"href":"https:\/\/diarioellabrador.cl\/index.php\/wp-json\/wp\/v2\/comments?post=18795"}],"version-history":[{"count":1,"href":"https:\/\/diarioellabrador.cl\/index.php\/wp-json\/wp\/v2\/posts\/18795\/revisions"}],"predecessor-version":[{"id":18796,"href":"https:\/\/diarioellabrador.cl\/index.php\/wp-json\/wp\/v2\/posts\/18795\/revisions\/18796"}],"wp:featuredmedia":[{"embeddable":true,"href":"https:\/\/diarioellabrador.cl\/index.php\/wp-json\/wp\/v2\/media\/18755"}],"wp:attachment":[{"href":"https:\/\/diarioellabrador.cl\/index.php\/wp-json\/wp\/v2\/media?parent=18795"}],"wp:term":[{"taxonomy":"category","embeddable":true,"href":"https:\/\/diarioellabrador.cl\/index.php\/wp-json\/wp\/v2\/categories?post=18795"},{"taxonomy":"post_tag","embeddable":true,"href":"https:\/\/diarioellabrador.cl\/index.php\/wp-json\/wp\/v2\/tags?post=18795"}],"curies":[{"name":"wp","href":"https:\/\/api.w.org\/{rel}","templated":true}]}}