{"id":18791,"date":"2026-04-30T19:55:41","date_gmt":"2026-04-30T23:55:41","guid":{"rendered":"https:\/\/diarioellabrador.cl\/?p=18791"},"modified":"2026-04-30T19:55:43","modified_gmt":"2026-04-30T23:55:43","slug":"detienen-a-hombre-de-nacionalidad-colombiana-portando-una-replica-de-arma-uzi-en-el-sector-poniente-de-melipilla","status":"publish","type":"post","link":"https:\/\/diarioellabrador.cl\/index.php\/2026\/04\/30\/detienen-a-hombre-de-nacionalidad-colombiana-portando-una-replica-de-arma-uzi-en-el-sector-poniente-de-melipilla\/","title":{"rendered":"Detienen a hombre de nacionalidad colombiana portando una r\u00e9plica de arma Uzi en el sector poniente de Melipilla"},"content":{"rendered":"\n<p>Un procedimiento policial permiti\u00f3 la detenci\u00f3n de un sujeto que habr\u00eda amenazado a una persona con un arma de fuego en la comuna de Melipilla.<\/p>\n\n\n\n<p>El hecho ocurri\u00f3 cerca de las 11:00 horas en avenida Carlos Avil\u00e9s en las inmediaciones del pasaje Gabriela Mistral, cuando personal motorizado de la 24\u00aa Comisar\u00eda lleg\u00f3 hasta un domicilio tras una denuncia por amenazas. En el lugar, Carabineros detuvo al individuo, identificado como M.P.R. de 32 a\u00f1os, de nacionalidad colombiana, con antecedentes penales.<\/p>\n\n\n\n<p>Al revisar sus pertenencias, los funcionarios encontraron un arma de fogueo adaptada para el disparo, una r\u00e9plica tipo UZI, adem\u00e1s de droga, dinero en efectivo y elementos utilizados para la dosificaci\u00f3n. El detenido fue puesto a disposici\u00f3n de la justicia y pasar\u00e1 a control de detenci\u00f3n en la jornada de d\u00eda viernes.<\/p>\n","protected":false},"excerpt":{"rendered":"<p>Un procedimiento policial permiti\u00f3 la detenci\u00f3n de un sujeto que habr\u00eda amenazado a una persona con un arma de fuego en la comuna de Melipilla. El hecho ocurri\u00f3 cerca de las 11:00 horas en avenida Carlos Avil\u00e9s en las inmediaciones del pasaje Gabriela Mistral, cuando personal motorizado de la 24\u00aa Comisar\u00eda lleg\u00f3 hasta un domicilio<\/p>\n<div class=\"read-more-wrapper\"><a class=\"read-more\" href=\"https:\/\/diarioellabrador.cl\/index.php\/2026\/04\/30\/detienen-a-hombre-de-nacionalidad-colombiana-portando-una-replica-de-arma-uzi-en-el-sector-poniente-de-melipilla\/\" title=\"Leer m\u00e1s\"> <span class=\"button \">Leer m\u00e1s<\/span><\/a><\/div>\n","protected":false},"author":2,"featured_media":18762,"comment_status":"open","ping_status":"open","sticky":false,"template":"","format":"standard","meta":{"footnotes":""},"categories":[3],"tags":[],"class_list":["post-18791","post","type-post","status-publish","format-standard","has-post-thumbnail","hentry","category-policial"],"yoast_head":"<!-- This site is optimized with the Yoast SEO plugin v27.5 - https:\/\/yoast.com\/product\/yoast-seo-wordpress\/ -->\n<title>Detienen a hombre de nacionalidad colombiana portando una r\u00e9plica de arma Uzi en el sector poniente de Melipilla - Diario El Labrador<\/title>\n<meta name=\"robots\" content=\"index, follow, max-snippet:-1, max-image-preview:large, max-video-preview:-1\" \/>\n<link rel=\"canonical\" href=\"https:\/\/diarioellabrador.cl\/index.php\/2026\/04\/30\/detienen-a-hombre-de-nacionalidad-colombiana-portando-una-replica-de-arma-uzi-en-el-sector-poniente-de-melipilla\/\" \/>\n<meta property=\"og:locale\" content=\"es_ES\" \/>\n<meta property=\"og:type\" content=\"article\" \/>\n<meta property=\"og:title\" content=\"Detienen a hombre de nacionalidad colombiana portando una r\u00e9plica de arma Uzi en el sector poniente de Melipilla - Diario El Labrador\" \/>\n<meta property=\"og:description\" content=\"Un procedimiento policial permiti\u00f3 la detenci\u00f3n de un sujeto que habr\u00eda amenazado a una persona con un arma de fuego en la comuna de Melipilla. El hecho ocurri\u00f3 cerca de las 11:00 horas en avenida Carlos Avil\u00e9s en las inmediaciones del pasaje Gabriela Mistral, cuando personal motorizado de la 24\u00aa Comisar\u00eda lleg\u00f3 hasta un domicilio Leer m\u00e1s\" \/>\n<meta property=\"og:url\" content=\"https:\/\/diarioellabrador.cl\/index.php\/2026\/04\/30\/detienen-a-hombre-de-nacionalidad-colombiana-portando-una-replica-de-arma-uzi-en-el-sector-poniente-de-melipilla\/\" \/>\n<meta property=\"og:site_name\" content=\"Diario El Labrador\" \/>\n<meta property=\"article:publisher\" content=\"https:\/\/web.facebook.com\/profile.php?id=61576120840621\" \/>\n<meta property=\"article:published_time\" content=\"2026-04-30T23:55:41+00:00\" \/>\n<meta property=\"article:modified_time\" content=\"2026-04-30T23:55:43+00:00\" \/>\n<meta property=\"og:image\" content=\"https:\/\/diarioellabrador.cl\/wp-content\/uploads\/2026\/04\/Detienen-a-hombre-de-nacionalidad-colombiana-portando-una-replica-de-arma-Uzi-en-el-sector-poniente-de-Melipilla-2-1024x768.png\" \/>\n\t<meta property=\"og:image:width\" content=\"1024\" \/>\n\t<meta property=\"og:image:height\" content=\"768\" \/>\n\t<meta property=\"og:image:type\" content=\"image\/png\" \/>\n<meta name=\"author\" content=\"Editor\" \/>\n<meta name=\"twitter:card\" content=\"summary_large_image\" \/>\n<meta name=\"twitter:creator\" content=\"@ElLabradorOf\" \/>\n<meta name=\"twitter:site\" content=\"@ElLabradorOf\" \/>\n<meta name=\"twitter:label1\" content=\"Escrito por\" \/>\n\t<meta name=\"twitter:data1\" content=\"Editor\" \/>\n\t<meta name=\"twitter:label2\" content=\"Tiempo de lectura\" \/>\n\t<meta name=\"twitter:data2\" content=\"1 minuto\" \/>\n<script type=\"application\/ld+json\" class=\"yoast-schema-graph\">{\"@context\":\"https:\\\/\\\/schema.org\",\"@graph\":[{\"@type\":\"Article\",\"@id\":\"https:\\\/\\\/diarioellabrador.cl\\\/index.php\\\/2026\\\/04\\\/30\\\/detienen-a-hombre-de-nacionalidad-colombiana-portando-una-replica-de-arma-uzi-en-el-sector-poniente-de-melipilla\\\/#article\",\"isPartOf\":{\"@id\":\"https:\\\/\\\/diarioellabrador.cl\\\/index.php\\\/2026\\\/04\\\/30\\\/detienen-a-hombre-de-nacionalidad-colombiana-portando-una-replica-de-arma-uzi-en-el-sector-poniente-de-melipilla\\\/\"},\"author\":{\"name\":\"Editor\",\"@id\":\"https:\\\/\\\/diarioellabrador.cl\\\/#\\\/schema\\\/person\\\/bc25ff80b4563f9c7f4bd7855df01685\"},\"headline\":\"Detienen a hombre de nacionalidad colombiana portando una r\u00e9plica de arma Uzi en el sector poniente de Melipilla\",\"datePublished\":\"2026-04-30T23:55:41+00:00\",\"dateModified\":\"2026-04-30T23:55:43+00:00\",\"mainEntityOfPage\":{\"@id\":\"https:\\\/\\\/diarioellabrador.cl\\\/index.php\\\/2026\\\/04\\\/30\\\/detienen-a-hombre-de-nacionalidad-colombiana-portando-una-replica-de-arma-uzi-en-el-sector-poniente-de-melipilla\\\/\"},\"wordCount\":160,\"commentCount\":0,\"publisher\":{\"@id\":\"https:\\\/\\\/diarioellabrador.cl\\\/#organization\"},\"image\":{\"@id\":\"https:\\\/\\\/diarioellabrador.cl\\\/index.php\\\/2026\\\/04\\\/30\\\/detienen-a-hombre-de-nacionalidad-colombiana-portando-una-replica-de-arma-uzi-en-el-sector-poniente-de-melipilla\\\/#primaryimage\"},\"thumbnailUrl\":\"https:\\\/\\\/diarioellabrador.cl\\\/wp-content\\\/uploads\\\/2026\\\/04\\\/Detienen-a-hombre-de-nacionalidad-colombiana-portando-una-replica-de-arma-Uzi-en-el-sector-poniente-de-Melipilla-2.png\",\"articleSection\":[\"Policial\"],\"inLanguage\":\"es\",\"potentialAction\":[{\"@type\":\"CommentAction\",\"name\":\"Comment\",\"target\":[\"https:\\\/\\\/diarioellabrador.cl\\\/index.php\\\/2026\\\/04\\\/30\\\/detienen-a-hombre-de-nacionalidad-colombiana-portando-una-replica-de-arma-uzi-en-el-sector-poniente-de-melipilla\\\/#respond\"]}]},{\"@type\":\"WebPage\",\"@id\":\"https:\\\/\\\/diarioellabrador.cl\\\/index.php\\\/2026\\\/04\\\/30\\\/detienen-a-hombre-de-nacionalidad-colombiana-portando-una-replica-de-arma-uzi-en-el-sector-poniente-de-melipilla\\\/\",\"url\":\"https:\\\/\\\/diarioellabrador.cl\\\/index.php\\\/2026\\\/04\\\/30\\\/detienen-a-hombre-de-nacionalidad-colombiana-portando-una-replica-de-arma-uzi-en-el-sector-poniente-de-melipilla\\\/\",\"name\":\"Detienen a hombre de nacionalidad colombiana portando una r\u00e9plica de arma Uzi en el sector poniente de Melipilla - Diario El Labrador\",\"isPartOf\":{\"@id\":\"https:\\\/\\\/diarioellabrador.cl\\\/#website\"},\"primaryImageOfPage\":{\"@id\":\"https:\\\/\\\/diarioellabrador.cl\\\/index.php\\\/2026\\\/04\\\/30\\\/detienen-a-hombre-de-nacionalidad-colombiana-portando-una-replica-de-arma-uzi-en-el-sector-poniente-de-melipilla\\\/#primaryimage\"},\"image\":{\"@id\":\"https:\\\/\\\/diarioellabrador.cl\\\/index.php\\\/2026\\\/04\\\/30\\\/detienen-a-hombre-de-nacionalidad-colombiana-portando-una-replica-de-arma-uzi-en-el-sector-poniente-de-melipilla\\\/#primaryimage\"},\"thumbnailUrl\":\"https:\\\/\\\/diarioellabrador.cl\\\/wp-content\\\/uploads\\\/2026\\\/04\\\/Detienen-a-hombre-de-nacionalidad-colombiana-portando-una-replica-de-arma-Uzi-en-el-sector-poniente-de-Melipilla-2.png\",\"datePublished\":\"2026-04-30T23:55:41+00:00\",\"dateModified\":\"2026-04-30T23:55:43+00:00\",\"breadcrumb\":{\"@id\":\"https:\\\/\\\/diarioellabrador.cl\\\/index.php\\\/2026\\\/04\\\/30\\\/detienen-a-hombre-de-nacionalidad-colombiana-portando-una-replica-de-arma-uzi-en-el-sector-poniente-de-melipilla\\\/#breadcrumb\"},\"inLanguage\":\"es\",\"potentialAction\":[{\"@type\":\"ReadAction\",\"target\":[\"https:\\\/\\\/diarioellabrador.cl\\\/index.php\\\/2026\\\/04\\\/30\\\/detienen-a-hombre-de-nacionalidad-colombiana-portando-una-replica-de-arma-uzi-en-el-sector-poniente-de-melipilla\\\/\"]}]},{\"@type\":\"ImageObject\",\"inLanguage\":\"es\",\"@id\":\"https:\\\/\\\/diarioellabrador.cl\\\/index.php\\\/2026\\\/04\\\/30\\\/detienen-a-hombre-de-nacionalidad-colombiana-portando-una-replica-de-arma-uzi-en-el-sector-poniente-de-melipilla\\\/#primaryimage\",\"url\":\"https:\\\/\\\/diarioellabrador.cl\\\/wp-content\\\/uploads\\\/2026\\\/04\\\/Detienen-a-hombre-de-nacionalidad-colombiana-portando-una-replica-de-arma-Uzi-en-el-sector-poniente-de-Melipilla-2.png\",\"contentUrl\":\"https:\\\/\\\/diarioellabrador.cl\\\/wp-content\\\/uploads\\\/2026\\\/04\\\/Detienen-a-hombre-de-nacionalidad-colombiana-portando-una-replica-de-arma-Uzi-en-el-sector-poniente-de-Melipilla-2.png\",\"width\":1600,\"height\":1200},{\"@type\":\"BreadcrumbList\",\"@id\":\"https:\\\/\\\/diarioellabrador.cl\\\/index.php\\\/2026\\\/04\\\/30\\\/detienen-a-hombre-de-nacionalidad-colombiana-portando-una-replica-de-arma-uzi-en-el-sector-poniente-de-melipilla\\\/#breadcrumb\",\"itemListElement\":[{\"@type\":\"ListItem\",\"position\":1,\"name\":\"Portada\",\"item\":\"https:\\\/\\\/diarioellabrador.cl\\\/\"},{\"@type\":\"ListItem\",\"position\":2,\"name\":\"Detienen a hombre de nacionalidad colombiana portando una r\u00e9plica de arma Uzi en el sector poniente de Melipilla\"}]},{\"@type\":\"WebSite\",\"@id\":\"https:\\\/\\\/diarioellabrador.cl\\\/#website\",\"url\":\"https:\\\/\\\/diarioellabrador.cl\\\/\",\"name\":\"Diario El Labrador\",\"description\":\"Haciendo noticia desde 1921\",\"publisher\":{\"@id\":\"https:\\\/\\\/diarioellabrador.cl\\\/#organization\"},\"potentialAction\":[{\"@type\":\"SearchAction\",\"target\":{\"@type\":\"EntryPoint\",\"urlTemplate\":\"https:\\\/\\\/diarioellabrador.cl\\\/?s={search_term_string}\"},\"query-input\":{\"@type\":\"PropertyValueSpecification\",\"valueRequired\":true,\"valueName\":\"search_term_string\"}}],\"inLanguage\":\"es\"},{\"@type\":\"Organization\",\"@id\":\"https:\\\/\\\/diarioellabrador.cl\\\/#organization\",\"name\":\"Diario El Labrador\",\"url\":\"https:\\\/\\\/diarioellabrador.cl\\\/\",\"logo\":{\"@type\":\"ImageObject\",\"inLanguage\":\"es\",\"@id\":\"https:\\\/\\\/diarioellabrador.cl\\\/#\\\/schema\\\/logo\\\/image\\\/\",\"url\":\"https:\\\/\\\/diarioellabrador.cl\\\/wp-content\\\/uploads\\\/2025\\\/02\\\/cropped-Logo-Icono.png\",\"contentUrl\":\"https:\\\/\\\/diarioellabrador.cl\\\/wp-content\\\/uploads\\\/2025\\\/02\\\/cropped-Logo-Icono.png\",\"width\":512,\"height\":512,\"caption\":\"Diario El Labrador\"},\"image\":{\"@id\":\"https:\\\/\\\/diarioellabrador.cl\\\/#\\\/schema\\\/logo\\\/image\\\/\"},\"sameAs\":[\"https:\\\/\\\/web.facebook.com\\\/profile.php?id=61576120840621\",\"https:\\\/\\\/x.com\\\/ElLabradorOf\",\"https:\\\/\\\/www.instagram.com\\\/diarioellabradoroficial\\\/\"]},{\"@type\":\"Person\",\"@id\":\"https:\\\/\\\/diarioellabrador.cl\\\/#\\\/schema\\\/person\\\/bc25ff80b4563f9c7f4bd7855df01685\",\"name\":\"Editor\",\"image\":{\"@type\":\"ImageObject\",\"inLanguage\":\"es\",\"@id\":\"https:\\\/\\\/secure.gravatar.com\\\/avatar\\\/109c326cf2be5c04f048c2c2a2b8b6ef44bf3d8d1d3d4c55d0ac40c4bc994684?s=96&d=mm&r=g\",\"url\":\"https:\\\/\\\/secure.gravatar.com\\\/avatar\\\/109c326cf2be5c04f048c2c2a2b8b6ef44bf3d8d1d3d4c55d0ac40c4bc994684?s=96&d=mm&r=g\",\"contentUrl\":\"https:\\\/\\\/secure.gravatar.com\\\/avatar\\\/109c326cf2be5c04f048c2c2a2b8b6ef44bf3d8d1d3d4c55d0ac40c4bc994684?s=96&d=mm&r=g\",\"caption\":\"Editor\"},\"url\":\"https:\\\/\\\/diarioellabrador.cl\\\/index.php\\\/author\\\/editor\\\/\"}]}<\/script>\n<!-- \/ Yoast SEO plugin. -->","yoast_head_json":{"title":"Detienen a hombre de nacionalidad colombiana portando una r\u00e9plica de arma Uzi en el sector poniente de Melipilla - Diario El Labrador","robots":{"index":"index","follow":"follow","max-snippet":"max-snippet:-1","max-image-preview":"max-image-preview:large","max-video-preview":"max-video-preview:-1"},"canonical":"https:\/\/diarioellabrador.cl\/index.php\/2026\/04\/30\/detienen-a-hombre-de-nacionalidad-colombiana-portando-una-replica-de-arma-uzi-en-el-sector-poniente-de-melipilla\/","og_locale":"es_ES","og_type":"article","og_title":"Detienen a hombre de nacionalidad colombiana portando una r\u00e9plica de arma Uzi en el sector poniente de Melipilla - Diario El Labrador","og_description":"Un procedimiento policial permiti\u00f3 la detenci\u00f3n de un sujeto que habr\u00eda amenazado a una persona con un arma de fuego en la comuna de Melipilla. El hecho ocurri\u00f3 cerca de las 11:00 horas en avenida Carlos Avil\u00e9s en las inmediaciones del pasaje Gabriela Mistral, cuando personal motorizado de la 24\u00aa Comisar\u00eda lleg\u00f3 hasta un domicilio Leer m\u00e1s","og_url":"https:\/\/diarioellabrador.cl\/index.php\/2026\/04\/30\/detienen-a-hombre-de-nacionalidad-colombiana-portando-una-replica-de-arma-uzi-en-el-sector-poniente-de-melipilla\/","og_site_name":"Diario El Labrador","article_publisher":"https:\/\/web.facebook.com\/profile.php?id=61576120840621","article_published_time":"2026-04-30T23:55:41+00:00","article_modified_time":"2026-04-30T23:55:43+00:00","og_image":[{"width":1024,"height":768,"url":"https:\/\/diarioellabrador.cl\/wp-content\/uploads\/2026\/04\/Detienen-a-hombre-de-nacionalidad-colombiana-portando-una-replica-de-arma-Uzi-en-el-sector-poniente-de-Melipilla-2-1024x768.png","type":"image\/png"}],"author":"Editor","twitter_card":"summary_large_image","twitter_creator":"@ElLabradorOf","twitter_site":"@ElLabradorOf","twitter_misc":{"Escrito por":"Editor","Tiempo de lectura":"1 minuto"},"schema":{"@context":"https:\/\/schema.org","@graph":[{"@type":"Article","@id":"https:\/\/diarioellabrador.cl\/index.php\/2026\/04\/30\/detienen-a-hombre-de-nacionalidad-colombiana-portando-una-replica-de-arma-uzi-en-el-sector-poniente-de-melipilla\/#article","isPartOf":{"@id":"https:\/\/diarioellabrador.cl\/index.php\/2026\/04\/30\/detienen-a-hombre-de-nacionalidad-colombiana-portando-una-replica-de-arma-uzi-en-el-sector-poniente-de-melipilla\/"},"author":{"name":"Editor","@id":"https:\/\/diarioellabrador.cl\/#\/schema\/person\/bc25ff80b4563f9c7f4bd7855df01685"},"headline":"Detienen a hombre de nacionalidad colombiana portando una r\u00e9plica de arma Uzi en el sector poniente de Melipilla","datePublished":"2026-04-30T23:55:41+00:00","dateModified":"2026-04-30T23:55:43+00:00","mainEntityOfPage":{"@id":"https:\/\/diarioellabrador.cl\/index.php\/2026\/04\/30\/detienen-a-hombre-de-nacionalidad-colombiana-portando-una-replica-de-arma-uzi-en-el-sector-poniente-de-melipilla\/"},"wordCount":160,"commentCount":0,"publisher":{"@id":"https:\/\/diarioellabrador.cl\/#organization"},"image":{"@id":"https:\/\/diarioellabrador.cl\/index.php\/2026\/04\/30\/detienen-a-hombre-de-nacionalidad-colombiana-portando-una-replica-de-arma-uzi-en-el-sector-poniente-de-melipilla\/#primaryimage"},"thumbnailUrl":"https:\/\/diarioellabrador.cl\/wp-content\/uploads\/2026\/04\/Detienen-a-hombre-de-nacionalidad-colombiana-portando-una-replica-de-arma-Uzi-en-el-sector-poniente-de-Melipilla-2.png","articleSection":["Policial"],"inLanguage":"es","potentialAction":[{"@type":"CommentAction","name":"Comment","target":["https:\/\/diarioellabrador.cl\/index.php\/2026\/04\/30\/detienen-a-hombre-de-nacionalidad-colombiana-portando-una-replica-de-arma-uzi-en-el-sector-poniente-de-melipilla\/#respond"]}]},{"@type":"WebPage","@id":"https:\/\/diarioellabrador.cl\/index.php\/2026\/04\/30\/detienen-a-hombre-de-nacionalidad-colombiana-portando-una-replica-de-arma-uzi-en-el-sector-poniente-de-melipilla\/","url":"https:\/\/diarioellabrador.cl\/index.php\/2026\/04\/30\/detienen-a-hombre-de-nacionalidad-colombiana-portando-una-replica-de-arma-uzi-en-el-sector-poniente-de-melipilla\/","name":"Detienen a hombre de nacionalidad colombiana portando una r\u00e9plica de arma Uzi en el sector poniente de Melipilla - Diario El Labrador","isPartOf":{"@id":"https:\/\/diarioellabrador.cl\/#website"},"primaryImageOfPage":{"@id":"https:\/\/diarioellabrador.cl\/index.php\/2026\/04\/30\/detienen-a-hombre-de-nacionalidad-colombiana-portando-una-replica-de-arma-uzi-en-el-sector-poniente-de-melipilla\/#primaryimage"},"image":{"@id":"https:\/\/diarioellabrador.cl\/index.php\/2026\/04\/30\/detienen-a-hombre-de-nacionalidad-colombiana-portando-una-replica-de-arma-uzi-en-el-sector-poniente-de-melipilla\/#primaryimage"},"thumbnailUrl":"https:\/\/diarioellabrador.cl\/wp-content\/uploads\/2026\/04\/Detienen-a-hombre-de-nacionalidad-colombiana-portando-una-replica-de-arma-Uzi-en-el-sector-poniente-de-Melipilla-2.png","datePublished":"2026-04-30T23:55:41+00:00","dateModified":"2026-04-30T23:55:43+00:00","breadcrumb":{"@id":"https:\/\/diarioellabrador.cl\/index.php\/2026\/04\/30\/detienen-a-hombre-de-nacionalidad-colombiana-portando-una-replica-de-arma-uzi-en-el-sector-poniente-de-melipilla\/#breadcrumb"},"inLanguage":"es","potentialAction":[{"@type":"ReadAction","target":["https:\/\/diarioellabrador.cl\/index.php\/2026\/04\/30\/detienen-a-hombre-de-nacionalidad-colombiana-portando-una-replica-de-arma-uzi-en-el-sector-poniente-de-melipilla\/"]}]},{"@type":"ImageObject","inLanguage":"es","@id":"https:\/\/diarioellabrador.cl\/index.php\/2026\/04\/30\/detienen-a-hombre-de-nacionalidad-colombiana-portando-una-replica-de-arma-uzi-en-el-sector-poniente-de-melipilla\/#primaryimage","url":"https:\/\/diarioellabrador.cl\/wp-content\/uploads\/2026\/04\/Detienen-a-hombre-de-nacionalidad-colombiana-portando-una-replica-de-arma-Uzi-en-el-sector-poniente-de-Melipilla-2.png","contentUrl":"https:\/\/diarioellabrador.cl\/wp-content\/uploads\/2026\/04\/Detienen-a-hombre-de-nacionalidad-colombiana-portando-una-replica-de-arma-Uzi-en-el-sector-poniente-de-Melipilla-2.png","width":1600,"height":1200},{"@type":"BreadcrumbList","@id":"https:\/\/diarioellabrador.cl\/index.php\/2026\/04\/30\/detienen-a-hombre-de-nacionalidad-colombiana-portando-una-replica-de-arma-uzi-en-el-sector-poniente-de-melipilla\/#breadcrumb","itemListElement":[{"@type":"ListItem","position":1,"name":"Portada","item":"https:\/\/diarioellabrador.cl\/"},{"@type":"ListItem","position":2,"name":"Detienen a hombre de nacionalidad colombiana portando una r\u00e9plica de arma Uzi en el sector poniente de Melipilla"}]},{"@type":"WebSite","@id":"https:\/\/diarioellabrador.cl\/#website","url":"https:\/\/diarioellabrador.cl\/","name":"Diario El Labrador","description":"Haciendo noticia desde 1921","publisher":{"@id":"https:\/\/diarioellabrador.cl\/#organization"},"potentialAction":[{"@type":"SearchAction","target":{"@type":"EntryPoint","urlTemplate":"https:\/\/diarioellabrador.cl\/?s={search_term_string}"},"query-input":{"@type":"PropertyValueSpecification","valueRequired":true,"valueName":"search_term_string"}}],"inLanguage":"es"},{"@type":"Organization","@id":"https:\/\/diarioellabrador.cl\/#organization","name":"Diario El Labrador","url":"https:\/\/diarioellabrador.cl\/","logo":{"@type":"ImageObject","inLanguage":"es","@id":"https:\/\/diarioellabrador.cl\/#\/schema\/logo\/image\/","url":"https:\/\/diarioellabrador.cl\/wp-content\/uploads\/2025\/02\/cropped-Logo-Icono.png","contentUrl":"https:\/\/diarioellabrador.cl\/wp-content\/uploads\/2025\/02\/cropped-Logo-Icono.png","width":512,"height":512,"caption":"Diario El Labrador"},"image":{"@id":"https:\/\/diarioellabrador.cl\/#\/schema\/logo\/image\/"},"sameAs":["https:\/\/web.facebook.com\/profile.php?id=61576120840621","https:\/\/x.com\/ElLabradorOf","https:\/\/www.instagram.com\/diarioellabradoroficial\/"]},{"@type":"Person","@id":"https:\/\/diarioellabrador.cl\/#\/schema\/person\/bc25ff80b4563f9c7f4bd7855df01685","name":"Editor","image":{"@type":"ImageObject","inLanguage":"es","@id":"https:\/\/secure.gravatar.com\/avatar\/109c326cf2be5c04f048c2c2a2b8b6ef44bf3d8d1d3d4c55d0ac40c4bc994684?s=96&d=mm&r=g","url":"https:\/\/secure.gravatar.com\/avatar\/109c326cf2be5c04f048c2c2a2b8b6ef44bf3d8d1d3d4c55d0ac40c4bc994684?s=96&d=mm&r=g","contentUrl":"https:\/\/secure.gravatar.com\/avatar\/109c326cf2be5c04f048c2c2a2b8b6ef44bf3d8d1d3d4c55d0ac40c4bc994684?s=96&d=mm&r=g","caption":"Editor"},"url":"https:\/\/diarioellabrador.cl\/index.php\/author\/editor\/"}]}},"_links":{"self":[{"href":"https:\/\/diarioellabrador.cl\/index.php\/wp-json\/wp\/v2\/posts\/18791","targetHints":{"allow":["GET"]}}],"collection":[{"href":"https:\/\/diarioellabrador.cl\/index.php\/wp-json\/wp\/v2\/posts"}],"about":[{"href":"https:\/\/diarioellabrador.cl\/index.php\/wp-json\/wp\/v2\/types\/post"}],"author":[{"embeddable":true,"href":"https:\/\/diarioellabrador.cl\/index.php\/wp-json\/wp\/v2\/users\/2"}],"replies":[{"embeddable":true,"href":"https:\/\/diarioellabrador.cl\/index.php\/wp-json\/wp\/v2\/comments?post=18791"}],"version-history":[{"count":1,"href":"https:\/\/diarioellabrador.cl\/index.php\/wp-json\/wp\/v2\/posts\/18791\/revisions"}],"predecessor-version":[{"id":18792,"href":"https:\/\/diarioellabrador.cl\/index.php\/wp-json\/wp\/v2\/posts\/18791\/revisions\/18792"}],"wp:featuredmedia":[{"embeddable":true,"href":"https:\/\/diarioellabrador.cl\/index.php\/wp-json\/wp\/v2\/media\/18762"}],"wp:attachment":[{"href":"https:\/\/diarioellabrador.cl\/index.php\/wp-json\/wp\/v2\/media?parent=18791"}],"wp:term":[{"taxonomy":"category","embeddable":true,"href":"https:\/\/diarioellabrador.cl\/index.php\/wp-json\/wp\/v2\/categories?post=18791"},{"taxonomy":"post_tag","embeddable":true,"href":"https:\/\/diarioellabrador.cl\/index.php\/wp-json\/wp\/v2\/tags?post=18791"}],"curies":[{"name":"wp","href":"https:\/\/api.w.org\/{rel}","templated":true}]}}