{"id":18787,"date":"2026-04-30T19:51:00","date_gmt":"2026-04-30T23:51:00","guid":{"rendered":"https:\/\/diarioellabrador.cl\/?p=18787"},"modified":"2026-04-30T19:54:04","modified_gmt":"2026-04-30T23:54:04","slug":"mujer-murio-atropellada-al-intentar-cruzar-la-ruta-78-por-un-paso-no-habilitado","status":"publish","type":"post","link":"https:\/\/diarioellabrador.cl\/index.php\/2026\/04\/30\/mujer-murio-atropellada-al-intentar-cruzar-la-ruta-78-por-un-paso-no-habilitado\/","title":{"rendered":"Mujer muri\u00f3 atropellada al intentar cruzar la Ruta 78 por un paso no habilitado"},"content":{"rendered":"\n<p>Una mujer muri\u00f3 la noche del mi\u00e9rcoles en la comuna de Talagante luego de cruzar por un paso no habilitado en la Ruta 78.<\/p>\n\n\n\n<p>Seg\u00fan informaci\u00f3n policial, el siniestro ocurri\u00f3 a las 21:50 horas en el kil\u00f3metro 39.700 de la Ruta 78 en direcci\u00f3n a Santiago donde la v\u00edctima de 41 a\u00f1os en situaci\u00f3n de calle perdi\u00f3 la vida. All\u00ed, personal de Carabineros indic\u00f3 que minutos antes la mujer intent\u00f3 cruzar la carretera por un paso no habilitado siendo impactada por un veh\u00edculo.<\/p>\n\n\n\n<p>El conductor, un hombre de 39 a\u00f1os sin antecedentes policiales y con la documentaci\u00f3n personal y del veh\u00edculo al d\u00eda, qued\u00f3 apercibido por la justicia. Hasta el lugar lleg\u00f3 personal de la SIAT para efectuar los peritajes de rigor y remitir los antecedentes al Ministerio P\u00fablico.<\/p>\n","protected":false},"excerpt":{"rendered":"<p>Una mujer muri\u00f3 la noche del mi\u00e9rcoles en la comuna de Talagante luego de cruzar por un paso no habilitado en la Ruta 78. Seg\u00fan informaci\u00f3n policial, el siniestro ocurri\u00f3 a las 21:50 horas en el kil\u00f3metro 39.700 de la Ruta 78 en direcci\u00f3n a Santiago donde la v\u00edctima de 41 a\u00f1os en situaci\u00f3n de<\/p>\n<div class=\"read-more-wrapper\"><a class=\"read-more\" href=\"https:\/\/diarioellabrador.cl\/index.php\/2026\/04\/30\/mujer-murio-atropellada-al-intentar-cruzar-la-ruta-78-por-un-paso-no-habilitado\/\" title=\"Leer m\u00e1s\"> <span class=\"button \">Leer m\u00e1s<\/span><\/a><\/div>\n","protected":false},"author":2,"featured_media":18764,"comment_status":"open","ping_status":"open","sticky":false,"template":"","format":"standard","meta":{"footnotes":""},"categories":[14,3],"tags":[],"class_list":["post-18787","post","type-post","status-publish","format-standard","has-post-thumbnail","hentry","category-destacados","category-policial"],"yoast_head":"<!-- This site is optimized with the Yoast SEO plugin v27.5 - https:\/\/yoast.com\/product\/yoast-seo-wordpress\/ -->\n<title>Mujer muri\u00f3 atropellada al intentar cruzar la Ruta 78 por un paso no habilitado - Diario El Labrador<\/title>\n<meta name=\"robots\" content=\"index, follow, max-snippet:-1, max-image-preview:large, max-video-preview:-1\" \/>\n<link rel=\"canonical\" href=\"https:\/\/diarioellabrador.cl\/index.php\/2026\/04\/30\/mujer-murio-atropellada-al-intentar-cruzar-la-ruta-78-por-un-paso-no-habilitado\/\" \/>\n<meta property=\"og:locale\" content=\"es_ES\" \/>\n<meta property=\"og:type\" content=\"article\" \/>\n<meta property=\"og:title\" content=\"Mujer muri\u00f3 atropellada al intentar cruzar la Ruta 78 por un paso no habilitado - Diario El Labrador\" \/>\n<meta property=\"og:description\" content=\"Una mujer muri\u00f3 la noche del mi\u00e9rcoles en la comuna de Talagante luego de cruzar por un paso no habilitado en la Ruta 78. Seg\u00fan informaci\u00f3n policial, el siniestro ocurri\u00f3 a las 21:50 horas en el kil\u00f3metro 39.700 de la Ruta 78 en direcci\u00f3n a Santiago donde la v\u00edctima de 41 a\u00f1os en situaci\u00f3n de Leer m\u00e1s\" \/>\n<meta property=\"og:url\" content=\"https:\/\/diarioellabrador.cl\/index.php\/2026\/04\/30\/mujer-murio-atropellada-al-intentar-cruzar-la-ruta-78-por-un-paso-no-habilitado\/\" \/>\n<meta property=\"og:site_name\" content=\"Diario El Labrador\" \/>\n<meta property=\"article:publisher\" content=\"https:\/\/web.facebook.com\/profile.php?id=61576120840621\" \/>\n<meta property=\"article:published_time\" content=\"2026-04-30T23:51:00+00:00\" \/>\n<meta property=\"article:modified_time\" content=\"2026-04-30T23:54:04+00:00\" \/>\n<meta property=\"og:image\" content=\"https:\/\/diarioellabrador.cl\/wp-content\/uploads\/2026\/04\/Mujer-murio-atropellada-al-intentar-cruzar-la-Ruta-78-por-un-paso-no-habilitado.jpg\" \/>\n\t<meta property=\"og:image:width\" content=\"1200\" \/>\n\t<meta property=\"og:image:height\" content=\"633\" \/>\n\t<meta property=\"og:image:type\" content=\"image\/jpeg\" \/>\n<meta name=\"author\" content=\"Editor\" \/>\n<meta name=\"twitter:card\" content=\"summary_large_image\" \/>\n<meta name=\"twitter:creator\" content=\"@ElLabradorOf\" \/>\n<meta name=\"twitter:site\" content=\"@ElLabradorOf\" \/>\n<meta name=\"twitter:label1\" content=\"Escrito por\" \/>\n\t<meta name=\"twitter:data1\" content=\"Editor\" \/>\n\t<meta name=\"twitter:label2\" content=\"Tiempo de lectura\" \/>\n\t<meta name=\"twitter:data2\" content=\"1 minuto\" \/>\n<script type=\"application\/ld+json\" class=\"yoast-schema-graph\">{\"@context\":\"https:\\\/\\\/schema.org\",\"@graph\":[{\"@type\":\"Article\",\"@id\":\"https:\\\/\\\/diarioellabrador.cl\\\/index.php\\\/2026\\\/04\\\/30\\\/mujer-murio-atropellada-al-intentar-cruzar-la-ruta-78-por-un-paso-no-habilitado\\\/#article\",\"isPartOf\":{\"@id\":\"https:\\\/\\\/diarioellabrador.cl\\\/index.php\\\/2026\\\/04\\\/30\\\/mujer-murio-atropellada-al-intentar-cruzar-la-ruta-78-por-un-paso-no-habilitado\\\/\"},\"author\":{\"name\":\"Editor\",\"@id\":\"https:\\\/\\\/diarioellabrador.cl\\\/#\\\/schema\\\/person\\\/bc25ff80b4563f9c7f4bd7855df01685\"},\"headline\":\"Mujer muri\u00f3 atropellada al intentar cruzar la Ruta 78 por un paso no habilitado\",\"datePublished\":\"2026-04-30T23:51:00+00:00\",\"dateModified\":\"2026-04-30T23:54:04+00:00\",\"mainEntityOfPage\":{\"@id\":\"https:\\\/\\\/diarioellabrador.cl\\\/index.php\\\/2026\\\/04\\\/30\\\/mujer-murio-atropellada-al-intentar-cruzar-la-ruta-78-por-un-paso-no-habilitado\\\/\"},\"wordCount\":150,\"commentCount\":0,\"publisher\":{\"@id\":\"https:\\\/\\\/diarioellabrador.cl\\\/#organization\"},\"image\":{\"@id\":\"https:\\\/\\\/diarioellabrador.cl\\\/index.php\\\/2026\\\/04\\\/30\\\/mujer-murio-atropellada-al-intentar-cruzar-la-ruta-78-por-un-paso-no-habilitado\\\/#primaryimage\"},\"thumbnailUrl\":\"https:\\\/\\\/diarioellabrador.cl\\\/wp-content\\\/uploads\\\/2026\\\/04\\\/Mujer-murio-atropellada-al-intentar-cruzar-la-Ruta-78-por-un-paso-no-habilitado.jpg\",\"articleSection\":[\"Destacados\",\"Policial\"],\"inLanguage\":\"es\",\"potentialAction\":[{\"@type\":\"CommentAction\",\"name\":\"Comment\",\"target\":[\"https:\\\/\\\/diarioellabrador.cl\\\/index.php\\\/2026\\\/04\\\/30\\\/mujer-murio-atropellada-al-intentar-cruzar-la-ruta-78-por-un-paso-no-habilitado\\\/#respond\"]}]},{\"@type\":\"WebPage\",\"@id\":\"https:\\\/\\\/diarioellabrador.cl\\\/index.php\\\/2026\\\/04\\\/30\\\/mujer-murio-atropellada-al-intentar-cruzar-la-ruta-78-por-un-paso-no-habilitado\\\/\",\"url\":\"https:\\\/\\\/diarioellabrador.cl\\\/index.php\\\/2026\\\/04\\\/30\\\/mujer-murio-atropellada-al-intentar-cruzar-la-ruta-78-por-un-paso-no-habilitado\\\/\",\"name\":\"Mujer muri\u00f3 atropellada al intentar cruzar la Ruta 78 por un paso no habilitado - Diario El Labrador\",\"isPartOf\":{\"@id\":\"https:\\\/\\\/diarioellabrador.cl\\\/#website\"},\"primaryImageOfPage\":{\"@id\":\"https:\\\/\\\/diarioellabrador.cl\\\/index.php\\\/2026\\\/04\\\/30\\\/mujer-murio-atropellada-al-intentar-cruzar-la-ruta-78-por-un-paso-no-habilitado\\\/#primaryimage\"},\"image\":{\"@id\":\"https:\\\/\\\/diarioellabrador.cl\\\/index.php\\\/2026\\\/04\\\/30\\\/mujer-murio-atropellada-al-intentar-cruzar-la-ruta-78-por-un-paso-no-habilitado\\\/#primaryimage\"},\"thumbnailUrl\":\"https:\\\/\\\/diarioellabrador.cl\\\/wp-content\\\/uploads\\\/2026\\\/04\\\/Mujer-murio-atropellada-al-intentar-cruzar-la-Ruta-78-por-un-paso-no-habilitado.jpg\",\"datePublished\":\"2026-04-30T23:51:00+00:00\",\"dateModified\":\"2026-04-30T23:54:04+00:00\",\"breadcrumb\":{\"@id\":\"https:\\\/\\\/diarioellabrador.cl\\\/index.php\\\/2026\\\/04\\\/30\\\/mujer-murio-atropellada-al-intentar-cruzar-la-ruta-78-por-un-paso-no-habilitado\\\/#breadcrumb\"},\"inLanguage\":\"es\",\"potentialAction\":[{\"@type\":\"ReadAction\",\"target\":[\"https:\\\/\\\/diarioellabrador.cl\\\/index.php\\\/2026\\\/04\\\/30\\\/mujer-murio-atropellada-al-intentar-cruzar-la-ruta-78-por-un-paso-no-habilitado\\\/\"]}]},{\"@type\":\"ImageObject\",\"inLanguage\":\"es\",\"@id\":\"https:\\\/\\\/diarioellabrador.cl\\\/index.php\\\/2026\\\/04\\\/30\\\/mujer-murio-atropellada-al-intentar-cruzar-la-ruta-78-por-un-paso-no-habilitado\\\/#primaryimage\",\"url\":\"https:\\\/\\\/diarioellabrador.cl\\\/wp-content\\\/uploads\\\/2026\\\/04\\\/Mujer-murio-atropellada-al-intentar-cruzar-la-Ruta-78-por-un-paso-no-habilitado.jpg\",\"contentUrl\":\"https:\\\/\\\/diarioellabrador.cl\\\/wp-content\\\/uploads\\\/2026\\\/04\\\/Mujer-murio-atropellada-al-intentar-cruzar-la-Ruta-78-por-un-paso-no-habilitado.jpg\",\"width\":1200,\"height\":633},{\"@type\":\"BreadcrumbList\",\"@id\":\"https:\\\/\\\/diarioellabrador.cl\\\/index.php\\\/2026\\\/04\\\/30\\\/mujer-murio-atropellada-al-intentar-cruzar-la-ruta-78-por-un-paso-no-habilitado\\\/#breadcrumb\",\"itemListElement\":[{\"@type\":\"ListItem\",\"position\":1,\"name\":\"Portada\",\"item\":\"https:\\\/\\\/diarioellabrador.cl\\\/\"},{\"@type\":\"ListItem\",\"position\":2,\"name\":\"Mujer muri\u00f3 atropellada al intentar cruzar la Ruta 78 por un paso no habilitado\"}]},{\"@type\":\"WebSite\",\"@id\":\"https:\\\/\\\/diarioellabrador.cl\\\/#website\",\"url\":\"https:\\\/\\\/diarioellabrador.cl\\\/\",\"name\":\"Diario El Labrador\",\"description\":\"Haciendo noticia desde 1921\",\"publisher\":{\"@id\":\"https:\\\/\\\/diarioellabrador.cl\\\/#organization\"},\"potentialAction\":[{\"@type\":\"SearchAction\",\"target\":{\"@type\":\"EntryPoint\",\"urlTemplate\":\"https:\\\/\\\/diarioellabrador.cl\\\/?s={search_term_string}\"},\"query-input\":{\"@type\":\"PropertyValueSpecification\",\"valueRequired\":true,\"valueName\":\"search_term_string\"}}],\"inLanguage\":\"es\"},{\"@type\":\"Organization\",\"@id\":\"https:\\\/\\\/diarioellabrador.cl\\\/#organization\",\"name\":\"Diario El Labrador\",\"url\":\"https:\\\/\\\/diarioellabrador.cl\\\/\",\"logo\":{\"@type\":\"ImageObject\",\"inLanguage\":\"es\",\"@id\":\"https:\\\/\\\/diarioellabrador.cl\\\/#\\\/schema\\\/logo\\\/image\\\/\",\"url\":\"https:\\\/\\\/diarioellabrador.cl\\\/wp-content\\\/uploads\\\/2025\\\/02\\\/cropped-Logo-Icono.png\",\"contentUrl\":\"https:\\\/\\\/diarioellabrador.cl\\\/wp-content\\\/uploads\\\/2025\\\/02\\\/cropped-Logo-Icono.png\",\"width\":512,\"height\":512,\"caption\":\"Diario El Labrador\"},\"image\":{\"@id\":\"https:\\\/\\\/diarioellabrador.cl\\\/#\\\/schema\\\/logo\\\/image\\\/\"},\"sameAs\":[\"https:\\\/\\\/web.facebook.com\\\/profile.php?id=61576120840621\",\"https:\\\/\\\/x.com\\\/ElLabradorOf\",\"https:\\\/\\\/www.instagram.com\\\/diarioellabradoroficial\\\/\"]},{\"@type\":\"Person\",\"@id\":\"https:\\\/\\\/diarioellabrador.cl\\\/#\\\/schema\\\/person\\\/bc25ff80b4563f9c7f4bd7855df01685\",\"name\":\"Editor\",\"image\":{\"@type\":\"ImageObject\",\"inLanguage\":\"es\",\"@id\":\"https:\\\/\\\/secure.gravatar.com\\\/avatar\\\/109c326cf2be5c04f048c2c2a2b8b6ef44bf3d8d1d3d4c55d0ac40c4bc994684?s=96&d=mm&r=g\",\"url\":\"https:\\\/\\\/secure.gravatar.com\\\/avatar\\\/109c326cf2be5c04f048c2c2a2b8b6ef44bf3d8d1d3d4c55d0ac40c4bc994684?s=96&d=mm&r=g\",\"contentUrl\":\"https:\\\/\\\/secure.gravatar.com\\\/avatar\\\/109c326cf2be5c04f048c2c2a2b8b6ef44bf3d8d1d3d4c55d0ac40c4bc994684?s=96&d=mm&r=g\",\"caption\":\"Editor\"},\"url\":\"https:\\\/\\\/diarioellabrador.cl\\\/index.php\\\/author\\\/editor\\\/\"}]}<\/script>\n<!-- \/ Yoast SEO plugin. -->","yoast_head_json":{"title":"Mujer muri\u00f3 atropellada al intentar cruzar la Ruta 78 por un paso no habilitado - Diario El Labrador","robots":{"index":"index","follow":"follow","max-snippet":"max-snippet:-1","max-image-preview":"max-image-preview:large","max-video-preview":"max-video-preview:-1"},"canonical":"https:\/\/diarioellabrador.cl\/index.php\/2026\/04\/30\/mujer-murio-atropellada-al-intentar-cruzar-la-ruta-78-por-un-paso-no-habilitado\/","og_locale":"es_ES","og_type":"article","og_title":"Mujer muri\u00f3 atropellada al intentar cruzar la Ruta 78 por un paso no habilitado - Diario El Labrador","og_description":"Una mujer muri\u00f3 la noche del mi\u00e9rcoles en la comuna de Talagante luego de cruzar por un paso no habilitado en la Ruta 78. Seg\u00fan informaci\u00f3n policial, el siniestro ocurri\u00f3 a las 21:50 horas en el kil\u00f3metro 39.700 de la Ruta 78 en direcci\u00f3n a Santiago donde la v\u00edctima de 41 a\u00f1os en situaci\u00f3n de Leer m\u00e1s","og_url":"https:\/\/diarioellabrador.cl\/index.php\/2026\/04\/30\/mujer-murio-atropellada-al-intentar-cruzar-la-ruta-78-por-un-paso-no-habilitado\/","og_site_name":"Diario El Labrador","article_publisher":"https:\/\/web.facebook.com\/profile.php?id=61576120840621","article_published_time":"2026-04-30T23:51:00+00:00","article_modified_time":"2026-04-30T23:54:04+00:00","og_image":[{"width":1200,"height":633,"url":"https:\/\/diarioellabrador.cl\/wp-content\/uploads\/2026\/04\/Mujer-murio-atropellada-al-intentar-cruzar-la-Ruta-78-por-un-paso-no-habilitado.jpg","type":"image\/jpeg"}],"author":"Editor","twitter_card":"summary_large_image","twitter_creator":"@ElLabradorOf","twitter_site":"@ElLabradorOf","twitter_misc":{"Escrito por":"Editor","Tiempo de lectura":"1 minuto"},"schema":{"@context":"https:\/\/schema.org","@graph":[{"@type":"Article","@id":"https:\/\/diarioellabrador.cl\/index.php\/2026\/04\/30\/mujer-murio-atropellada-al-intentar-cruzar-la-ruta-78-por-un-paso-no-habilitado\/#article","isPartOf":{"@id":"https:\/\/diarioellabrador.cl\/index.php\/2026\/04\/30\/mujer-murio-atropellada-al-intentar-cruzar-la-ruta-78-por-un-paso-no-habilitado\/"},"author":{"name":"Editor","@id":"https:\/\/diarioellabrador.cl\/#\/schema\/person\/bc25ff80b4563f9c7f4bd7855df01685"},"headline":"Mujer muri\u00f3 atropellada al intentar cruzar la Ruta 78 por un paso no habilitado","datePublished":"2026-04-30T23:51:00+00:00","dateModified":"2026-04-30T23:54:04+00:00","mainEntityOfPage":{"@id":"https:\/\/diarioellabrador.cl\/index.php\/2026\/04\/30\/mujer-murio-atropellada-al-intentar-cruzar-la-ruta-78-por-un-paso-no-habilitado\/"},"wordCount":150,"commentCount":0,"publisher":{"@id":"https:\/\/diarioellabrador.cl\/#organization"},"image":{"@id":"https:\/\/diarioellabrador.cl\/index.php\/2026\/04\/30\/mujer-murio-atropellada-al-intentar-cruzar-la-ruta-78-por-un-paso-no-habilitado\/#primaryimage"},"thumbnailUrl":"https:\/\/diarioellabrador.cl\/wp-content\/uploads\/2026\/04\/Mujer-murio-atropellada-al-intentar-cruzar-la-Ruta-78-por-un-paso-no-habilitado.jpg","articleSection":["Destacados","Policial"],"inLanguage":"es","potentialAction":[{"@type":"CommentAction","name":"Comment","target":["https:\/\/diarioellabrador.cl\/index.php\/2026\/04\/30\/mujer-murio-atropellada-al-intentar-cruzar-la-ruta-78-por-un-paso-no-habilitado\/#respond"]}]},{"@type":"WebPage","@id":"https:\/\/diarioellabrador.cl\/index.php\/2026\/04\/30\/mujer-murio-atropellada-al-intentar-cruzar-la-ruta-78-por-un-paso-no-habilitado\/","url":"https:\/\/diarioellabrador.cl\/index.php\/2026\/04\/30\/mujer-murio-atropellada-al-intentar-cruzar-la-ruta-78-por-un-paso-no-habilitado\/","name":"Mujer muri\u00f3 atropellada al intentar cruzar la Ruta 78 por un paso no habilitado - Diario El Labrador","isPartOf":{"@id":"https:\/\/diarioellabrador.cl\/#website"},"primaryImageOfPage":{"@id":"https:\/\/diarioellabrador.cl\/index.php\/2026\/04\/30\/mujer-murio-atropellada-al-intentar-cruzar-la-ruta-78-por-un-paso-no-habilitado\/#primaryimage"},"image":{"@id":"https:\/\/diarioellabrador.cl\/index.php\/2026\/04\/30\/mujer-murio-atropellada-al-intentar-cruzar-la-ruta-78-por-un-paso-no-habilitado\/#primaryimage"},"thumbnailUrl":"https:\/\/diarioellabrador.cl\/wp-content\/uploads\/2026\/04\/Mujer-murio-atropellada-al-intentar-cruzar-la-Ruta-78-por-un-paso-no-habilitado.jpg","datePublished":"2026-04-30T23:51:00+00:00","dateModified":"2026-04-30T23:54:04+00:00","breadcrumb":{"@id":"https:\/\/diarioellabrador.cl\/index.php\/2026\/04\/30\/mujer-murio-atropellada-al-intentar-cruzar-la-ruta-78-por-un-paso-no-habilitado\/#breadcrumb"},"inLanguage":"es","potentialAction":[{"@type":"ReadAction","target":["https:\/\/diarioellabrador.cl\/index.php\/2026\/04\/30\/mujer-murio-atropellada-al-intentar-cruzar-la-ruta-78-por-un-paso-no-habilitado\/"]}]},{"@type":"ImageObject","inLanguage":"es","@id":"https:\/\/diarioellabrador.cl\/index.php\/2026\/04\/30\/mujer-murio-atropellada-al-intentar-cruzar-la-ruta-78-por-un-paso-no-habilitado\/#primaryimage","url":"https:\/\/diarioellabrador.cl\/wp-content\/uploads\/2026\/04\/Mujer-murio-atropellada-al-intentar-cruzar-la-Ruta-78-por-un-paso-no-habilitado.jpg","contentUrl":"https:\/\/diarioellabrador.cl\/wp-content\/uploads\/2026\/04\/Mujer-murio-atropellada-al-intentar-cruzar-la-Ruta-78-por-un-paso-no-habilitado.jpg","width":1200,"height":633},{"@type":"BreadcrumbList","@id":"https:\/\/diarioellabrador.cl\/index.php\/2026\/04\/30\/mujer-murio-atropellada-al-intentar-cruzar-la-ruta-78-por-un-paso-no-habilitado\/#breadcrumb","itemListElement":[{"@type":"ListItem","position":1,"name":"Portada","item":"https:\/\/diarioellabrador.cl\/"},{"@type":"ListItem","position":2,"name":"Mujer muri\u00f3 atropellada al intentar cruzar la Ruta 78 por un paso no habilitado"}]},{"@type":"WebSite","@id":"https:\/\/diarioellabrador.cl\/#website","url":"https:\/\/diarioellabrador.cl\/","name":"Diario El Labrador","description":"Haciendo noticia desde 1921","publisher":{"@id":"https:\/\/diarioellabrador.cl\/#organization"},"potentialAction":[{"@type":"SearchAction","target":{"@type":"EntryPoint","urlTemplate":"https:\/\/diarioellabrador.cl\/?s={search_term_string}"},"query-input":{"@type":"PropertyValueSpecification","valueRequired":true,"valueName":"search_term_string"}}],"inLanguage":"es"},{"@type":"Organization","@id":"https:\/\/diarioellabrador.cl\/#organization","name":"Diario El Labrador","url":"https:\/\/diarioellabrador.cl\/","logo":{"@type":"ImageObject","inLanguage":"es","@id":"https:\/\/diarioellabrador.cl\/#\/schema\/logo\/image\/","url":"https:\/\/diarioellabrador.cl\/wp-content\/uploads\/2025\/02\/cropped-Logo-Icono.png","contentUrl":"https:\/\/diarioellabrador.cl\/wp-content\/uploads\/2025\/02\/cropped-Logo-Icono.png","width":512,"height":512,"caption":"Diario El Labrador"},"image":{"@id":"https:\/\/diarioellabrador.cl\/#\/schema\/logo\/image\/"},"sameAs":["https:\/\/web.facebook.com\/profile.php?id=61576120840621","https:\/\/x.com\/ElLabradorOf","https:\/\/www.instagram.com\/diarioellabradoroficial\/"]},{"@type":"Person","@id":"https:\/\/diarioellabrador.cl\/#\/schema\/person\/bc25ff80b4563f9c7f4bd7855df01685","name":"Editor","image":{"@type":"ImageObject","inLanguage":"es","@id":"https:\/\/secure.gravatar.com\/avatar\/109c326cf2be5c04f048c2c2a2b8b6ef44bf3d8d1d3d4c55d0ac40c4bc994684?s=96&d=mm&r=g","url":"https:\/\/secure.gravatar.com\/avatar\/109c326cf2be5c04f048c2c2a2b8b6ef44bf3d8d1d3d4c55d0ac40c4bc994684?s=96&d=mm&r=g","contentUrl":"https:\/\/secure.gravatar.com\/avatar\/109c326cf2be5c04f048c2c2a2b8b6ef44bf3d8d1d3d4c55d0ac40c4bc994684?s=96&d=mm&r=g","caption":"Editor"},"url":"https:\/\/diarioellabrador.cl\/index.php\/author\/editor\/"}]}},"_links":{"self":[{"href":"https:\/\/diarioellabrador.cl\/index.php\/wp-json\/wp\/v2\/posts\/18787","targetHints":{"allow":["GET"]}}],"collection":[{"href":"https:\/\/diarioellabrador.cl\/index.php\/wp-json\/wp\/v2\/posts"}],"about":[{"href":"https:\/\/diarioellabrador.cl\/index.php\/wp-json\/wp\/v2\/types\/post"}],"author":[{"embeddable":true,"href":"https:\/\/diarioellabrador.cl\/index.php\/wp-json\/wp\/v2\/users\/2"}],"replies":[{"embeddable":true,"href":"https:\/\/diarioellabrador.cl\/index.php\/wp-json\/wp\/v2\/comments?post=18787"}],"version-history":[{"count":1,"href":"https:\/\/diarioellabrador.cl\/index.php\/wp-json\/wp\/v2\/posts\/18787\/revisions"}],"predecessor-version":[{"id":18788,"href":"https:\/\/diarioellabrador.cl\/index.php\/wp-json\/wp\/v2\/posts\/18787\/revisions\/18788"}],"wp:featuredmedia":[{"embeddable":true,"href":"https:\/\/diarioellabrador.cl\/index.php\/wp-json\/wp\/v2\/media\/18764"}],"wp:attachment":[{"href":"https:\/\/diarioellabrador.cl\/index.php\/wp-json\/wp\/v2\/media?parent=18787"}],"wp:term":[{"taxonomy":"category","embeddable":true,"href":"https:\/\/diarioellabrador.cl\/index.php\/wp-json\/wp\/v2\/categories?post=18787"},{"taxonomy":"post_tag","embeddable":true,"href":"https:\/\/diarioellabrador.cl\/index.php\/wp-json\/wp\/v2\/tags?post=18787"}],"curies":[{"name":"wp","href":"https:\/\/api.w.org\/{rel}","templated":true}]}}