{"id":18785,"date":"2026-04-30T19:53:14","date_gmt":"2026-04-30T23:53:14","guid":{"rendered":"https:\/\/diarioellabrador.cl\/?p=18785"},"modified":"2026-04-30T19:53:15","modified_gmt":"2026-04-30T23:53:15","slug":"entregan-sentencia-para-imputado-por-tener-71-plantas-de-cannabis-sativa-marihuana-y-clorhidrato-de-cocaina","status":"publish","type":"post","link":"https:\/\/diarioellabrador.cl\/index.php\/2026\/04\/30\/entregan-sentencia-para-imputado-por-tener-71-plantas-de-cannabis-sativa-marihuana-y-clorhidrato-de-cocaina\/","title":{"rendered":"Entregan sentencia para imputado por tener 71 plantas de cannabis sativa, marihuana y clorhidrato de coca\u00edna"},"content":{"rendered":"\n<p>En el Tribunal de Garant\u00eda de Melipilla se llev\u00f3 a cabo el procedimiento abreviado donde la Fiscal\u00eda sostuvo que el d\u00eda 20 de junio del a\u00f1o 2025, siendo aproximadamente las 16:56 horas, personal policial ingresa al domicilio ubicado en el Callej\u00f3n Los Nogales de la comuna de Melipilla, lugar donde el acusado Pablo V.L. manten\u00eda 71 plantas de cannabis sativa.<\/p>\n\n\n\n<p>Tambi\u00e9n manten\u00eda en su habitaci\u00f3n marihuana elaborada tipo cogollo con un peso de 184 gramos, una bolsa de nylon transparente, contenedora de marihuana en proceso de secado, con un peso de 152 gramos, una bolsa de nylon transparente, contenedora de una sustancia polvorienta, correspondiente a clorhidrato de coca\u00edna con un peso bruto de 100 gramos, adem\u00e1s mantenida tres cartuchos de escopeta.<\/p>\n\n\n\n<p>El magistrado dictamin\u00f3 que se condena a Pablo V.L. a la pena de tres a\u00f1os y un d\u00eda de presidio menor en su grado m\u00e1ximo, por su responsabilidad en calidad de autor de un delito consumado de tr\u00e1fico il\u00edcito de drogas y a la pena de sesenta y un d\u00edas de presidio menor en su grado m\u00ednimo, por su responsabilidad en calidad de autor de un delito consumado de tenencia ilegal de municiones.<\/p>\n\n\n\n<p>Reuniendo el sentenciado los requisitos establecidos en la Ley, se convierte la pena corporal impuesta por la pena sustitutiva de libertad vigilada intensiva por el t\u00e9rmino de ambas condenas. Para estos efectos deber\u00e1 presentarse a dicha instituci\u00f3n el d\u00eda 04 de mayo del a\u00f1o en curso, al centro de Reinserci\u00f3n Social Santiago Occidente de Gendarmer\u00eda de Chile.<\/p>\n","protected":false},"excerpt":{"rendered":"<p>En el Tribunal de Garant\u00eda de Melipilla se llev\u00f3 a cabo el procedimiento abreviado donde la Fiscal\u00eda sostuvo que el d\u00eda 20 de junio del a\u00f1o 2025, siendo aproximadamente las 16:56 horas, personal policial ingresa al domicilio ubicado en el Callej\u00f3n Los Nogales de la comuna de Melipilla, lugar donde el acusado Pablo V.L. manten\u00eda<\/p>\n<div class=\"read-more-wrapper\"><a class=\"read-more\" href=\"https:\/\/diarioellabrador.cl\/index.php\/2026\/04\/30\/entregan-sentencia-para-imputado-por-tener-71-plantas-de-cannabis-sativa-marihuana-y-clorhidrato-de-cocaina\/\" title=\"Leer m\u00e1s\"> <span class=\"button \">Leer m\u00e1s<\/span><\/a><\/div>\n","protected":false},"author":2,"featured_media":18763,"comment_status":"open","ping_status":"open","sticky":false,"template":"","format":"standard","meta":{"footnotes":""},"categories":[3],"tags":[],"class_list":["post-18785","post","type-post","status-publish","format-standard","has-post-thumbnail","hentry","category-policial"],"yoast_head":"<!-- This site is optimized with the Yoast SEO plugin v27.5 - https:\/\/yoast.com\/product\/yoast-seo-wordpress\/ -->\n<title>Entregan sentencia para imputado por tener 71 plantas de cannabis sativa, marihuana y clorhidrato de coca\u00edna - Diario El Labrador<\/title>\n<meta name=\"robots\" content=\"index, follow, max-snippet:-1, max-image-preview:large, max-video-preview:-1\" \/>\n<link rel=\"canonical\" href=\"https:\/\/diarioellabrador.cl\/index.php\/2026\/04\/30\/entregan-sentencia-para-imputado-por-tener-71-plantas-de-cannabis-sativa-marihuana-y-clorhidrato-de-cocaina\/\" \/>\n<meta property=\"og:locale\" content=\"es_ES\" \/>\n<meta property=\"og:type\" content=\"article\" \/>\n<meta property=\"og:title\" content=\"Entregan sentencia para imputado por tener 71 plantas de cannabis sativa, marihuana y clorhidrato de coca\u00edna - Diario El Labrador\" \/>\n<meta property=\"og:description\" content=\"En el Tribunal de Garant\u00eda de Melipilla se llev\u00f3 a cabo el procedimiento abreviado donde la Fiscal\u00eda sostuvo que el d\u00eda 20 de junio del a\u00f1o 2025, siendo aproximadamente las 16:56 horas, personal policial ingresa al domicilio ubicado en el Callej\u00f3n Los Nogales de la comuna de Melipilla, lugar donde el acusado Pablo V.L. manten\u00eda Leer m\u00e1s\" \/>\n<meta property=\"og:url\" content=\"https:\/\/diarioellabrador.cl\/index.php\/2026\/04\/30\/entregan-sentencia-para-imputado-por-tener-71-plantas-de-cannabis-sativa-marihuana-y-clorhidrato-de-cocaina\/\" \/>\n<meta property=\"og:site_name\" content=\"Diario El Labrador\" \/>\n<meta property=\"article:publisher\" content=\"https:\/\/web.facebook.com\/profile.php?id=61576120840621\" \/>\n<meta property=\"article:published_time\" content=\"2026-04-30T23:53:14+00:00\" \/>\n<meta property=\"article:modified_time\" content=\"2026-04-30T23:53:15+00:00\" \/>\n<meta property=\"og:image\" content=\"https:\/\/diarioellabrador.cl\/wp-content\/uploads\/2026\/04\/Entregan-sentencia-para-imputado-por-tener-71-plantas-de-cannabis-sativa-marihuana-y-clorhidrato-de-cocaina.jpg\" \/>\n\t<meta property=\"og:image:width\" content=\"901\" \/>\n\t<meta property=\"og:image:height\" content=\"600\" \/>\n\t<meta property=\"og:image:type\" content=\"image\/jpeg\" \/>\n<meta name=\"author\" content=\"Editor\" \/>\n<meta name=\"twitter:card\" content=\"summary_large_image\" \/>\n<meta name=\"twitter:creator\" content=\"@ElLabradorOf\" \/>\n<meta name=\"twitter:site\" content=\"@ElLabradorOf\" \/>\n<meta name=\"twitter:label1\" content=\"Escrito por\" \/>\n\t<meta name=\"twitter:data1\" content=\"Editor\" \/>\n\t<meta name=\"twitter:label2\" content=\"Tiempo de lectura\" \/>\n\t<meta name=\"twitter:data2\" content=\"2 minutos\" \/>\n<script type=\"application\/ld+json\" class=\"yoast-schema-graph\">{\"@context\":\"https:\\\/\\\/schema.org\",\"@graph\":[{\"@type\":\"Article\",\"@id\":\"https:\\\/\\\/diarioellabrador.cl\\\/index.php\\\/2026\\\/04\\\/30\\\/entregan-sentencia-para-imputado-por-tener-71-plantas-de-cannabis-sativa-marihuana-y-clorhidrato-de-cocaina\\\/#article\",\"isPartOf\":{\"@id\":\"https:\\\/\\\/diarioellabrador.cl\\\/index.php\\\/2026\\\/04\\\/30\\\/entregan-sentencia-para-imputado-por-tener-71-plantas-de-cannabis-sativa-marihuana-y-clorhidrato-de-cocaina\\\/\"},\"author\":{\"name\":\"Editor\",\"@id\":\"https:\\\/\\\/diarioellabrador.cl\\\/#\\\/schema\\\/person\\\/bc25ff80b4563f9c7f4bd7855df01685\"},\"headline\":\"Entregan sentencia para imputado por tener 71 plantas de cannabis sativa, marihuana y clorhidrato de coca\u00edna\",\"datePublished\":\"2026-04-30T23:53:14+00:00\",\"dateModified\":\"2026-04-30T23:53:15+00:00\",\"mainEntityOfPage\":{\"@id\":\"https:\\\/\\\/diarioellabrador.cl\\\/index.php\\\/2026\\\/04\\\/30\\\/entregan-sentencia-para-imputado-por-tener-71-plantas-de-cannabis-sativa-marihuana-y-clorhidrato-de-cocaina\\\/\"},\"wordCount\":285,\"commentCount\":0,\"publisher\":{\"@id\":\"https:\\\/\\\/diarioellabrador.cl\\\/#organization\"},\"image\":{\"@id\":\"https:\\\/\\\/diarioellabrador.cl\\\/index.php\\\/2026\\\/04\\\/30\\\/entregan-sentencia-para-imputado-por-tener-71-plantas-de-cannabis-sativa-marihuana-y-clorhidrato-de-cocaina\\\/#primaryimage\"},\"thumbnailUrl\":\"https:\\\/\\\/diarioellabrador.cl\\\/wp-content\\\/uploads\\\/2026\\\/04\\\/Entregan-sentencia-para-imputado-por-tener-71-plantas-de-cannabis-sativa-marihuana-y-clorhidrato-de-cocaina.jpg\",\"articleSection\":[\"Policial\"],\"inLanguage\":\"es\",\"potentialAction\":[{\"@type\":\"CommentAction\",\"name\":\"Comment\",\"target\":[\"https:\\\/\\\/diarioellabrador.cl\\\/index.php\\\/2026\\\/04\\\/30\\\/entregan-sentencia-para-imputado-por-tener-71-plantas-de-cannabis-sativa-marihuana-y-clorhidrato-de-cocaina\\\/#respond\"]}]},{\"@type\":\"WebPage\",\"@id\":\"https:\\\/\\\/diarioellabrador.cl\\\/index.php\\\/2026\\\/04\\\/30\\\/entregan-sentencia-para-imputado-por-tener-71-plantas-de-cannabis-sativa-marihuana-y-clorhidrato-de-cocaina\\\/\",\"url\":\"https:\\\/\\\/diarioellabrador.cl\\\/index.php\\\/2026\\\/04\\\/30\\\/entregan-sentencia-para-imputado-por-tener-71-plantas-de-cannabis-sativa-marihuana-y-clorhidrato-de-cocaina\\\/\",\"name\":\"Entregan sentencia para imputado por tener 71 plantas de cannabis sativa, marihuana y clorhidrato de coca\u00edna - Diario El Labrador\",\"isPartOf\":{\"@id\":\"https:\\\/\\\/diarioellabrador.cl\\\/#website\"},\"primaryImageOfPage\":{\"@id\":\"https:\\\/\\\/diarioellabrador.cl\\\/index.php\\\/2026\\\/04\\\/30\\\/entregan-sentencia-para-imputado-por-tener-71-plantas-de-cannabis-sativa-marihuana-y-clorhidrato-de-cocaina\\\/#primaryimage\"},\"image\":{\"@id\":\"https:\\\/\\\/diarioellabrador.cl\\\/index.php\\\/2026\\\/04\\\/30\\\/entregan-sentencia-para-imputado-por-tener-71-plantas-de-cannabis-sativa-marihuana-y-clorhidrato-de-cocaina\\\/#primaryimage\"},\"thumbnailUrl\":\"https:\\\/\\\/diarioellabrador.cl\\\/wp-content\\\/uploads\\\/2026\\\/04\\\/Entregan-sentencia-para-imputado-por-tener-71-plantas-de-cannabis-sativa-marihuana-y-clorhidrato-de-cocaina.jpg\",\"datePublished\":\"2026-04-30T23:53:14+00:00\",\"dateModified\":\"2026-04-30T23:53:15+00:00\",\"breadcrumb\":{\"@id\":\"https:\\\/\\\/diarioellabrador.cl\\\/index.php\\\/2026\\\/04\\\/30\\\/entregan-sentencia-para-imputado-por-tener-71-plantas-de-cannabis-sativa-marihuana-y-clorhidrato-de-cocaina\\\/#breadcrumb\"},\"inLanguage\":\"es\",\"potentialAction\":[{\"@type\":\"ReadAction\",\"target\":[\"https:\\\/\\\/diarioellabrador.cl\\\/index.php\\\/2026\\\/04\\\/30\\\/entregan-sentencia-para-imputado-por-tener-71-plantas-de-cannabis-sativa-marihuana-y-clorhidrato-de-cocaina\\\/\"]}]},{\"@type\":\"ImageObject\",\"inLanguage\":\"es\",\"@id\":\"https:\\\/\\\/diarioellabrador.cl\\\/index.php\\\/2026\\\/04\\\/30\\\/entregan-sentencia-para-imputado-por-tener-71-plantas-de-cannabis-sativa-marihuana-y-clorhidrato-de-cocaina\\\/#primaryimage\",\"url\":\"https:\\\/\\\/diarioellabrador.cl\\\/wp-content\\\/uploads\\\/2026\\\/04\\\/Entregan-sentencia-para-imputado-por-tener-71-plantas-de-cannabis-sativa-marihuana-y-clorhidrato-de-cocaina.jpg\",\"contentUrl\":\"https:\\\/\\\/diarioellabrador.cl\\\/wp-content\\\/uploads\\\/2026\\\/04\\\/Entregan-sentencia-para-imputado-por-tener-71-plantas-de-cannabis-sativa-marihuana-y-clorhidrato-de-cocaina.jpg\",\"width\":901,\"height\":600},{\"@type\":\"BreadcrumbList\",\"@id\":\"https:\\\/\\\/diarioellabrador.cl\\\/index.php\\\/2026\\\/04\\\/30\\\/entregan-sentencia-para-imputado-por-tener-71-plantas-de-cannabis-sativa-marihuana-y-clorhidrato-de-cocaina\\\/#breadcrumb\",\"itemListElement\":[{\"@type\":\"ListItem\",\"position\":1,\"name\":\"Portada\",\"item\":\"https:\\\/\\\/diarioellabrador.cl\\\/\"},{\"@type\":\"ListItem\",\"position\":2,\"name\":\"Entregan sentencia para imputado por tener 71 plantas de cannabis sativa, marihuana y clorhidrato de coca\u00edna\"}]},{\"@type\":\"WebSite\",\"@id\":\"https:\\\/\\\/diarioellabrador.cl\\\/#website\",\"url\":\"https:\\\/\\\/diarioellabrador.cl\\\/\",\"name\":\"Diario El Labrador\",\"description\":\"Haciendo noticia desde 1921\",\"publisher\":{\"@id\":\"https:\\\/\\\/diarioellabrador.cl\\\/#organization\"},\"potentialAction\":[{\"@type\":\"SearchAction\",\"target\":{\"@type\":\"EntryPoint\",\"urlTemplate\":\"https:\\\/\\\/diarioellabrador.cl\\\/?s={search_term_string}\"},\"query-input\":{\"@type\":\"PropertyValueSpecification\",\"valueRequired\":true,\"valueName\":\"search_term_string\"}}],\"inLanguage\":\"es\"},{\"@type\":\"Organization\",\"@id\":\"https:\\\/\\\/diarioellabrador.cl\\\/#organization\",\"name\":\"Diario El Labrador\",\"url\":\"https:\\\/\\\/diarioellabrador.cl\\\/\",\"logo\":{\"@type\":\"ImageObject\",\"inLanguage\":\"es\",\"@id\":\"https:\\\/\\\/diarioellabrador.cl\\\/#\\\/schema\\\/logo\\\/image\\\/\",\"url\":\"https:\\\/\\\/diarioellabrador.cl\\\/wp-content\\\/uploads\\\/2025\\\/02\\\/cropped-Logo-Icono.png\",\"contentUrl\":\"https:\\\/\\\/diarioellabrador.cl\\\/wp-content\\\/uploads\\\/2025\\\/02\\\/cropped-Logo-Icono.png\",\"width\":512,\"height\":512,\"caption\":\"Diario El Labrador\"},\"image\":{\"@id\":\"https:\\\/\\\/diarioellabrador.cl\\\/#\\\/schema\\\/logo\\\/image\\\/\"},\"sameAs\":[\"https:\\\/\\\/web.facebook.com\\\/profile.php?id=61576120840621\",\"https:\\\/\\\/x.com\\\/ElLabradorOf\",\"https:\\\/\\\/www.instagram.com\\\/diarioellabradoroficial\\\/\"]},{\"@type\":\"Person\",\"@id\":\"https:\\\/\\\/diarioellabrador.cl\\\/#\\\/schema\\\/person\\\/bc25ff80b4563f9c7f4bd7855df01685\",\"name\":\"Editor\",\"image\":{\"@type\":\"ImageObject\",\"inLanguage\":\"es\",\"@id\":\"https:\\\/\\\/secure.gravatar.com\\\/avatar\\\/109c326cf2be5c04f048c2c2a2b8b6ef44bf3d8d1d3d4c55d0ac40c4bc994684?s=96&d=mm&r=g\",\"url\":\"https:\\\/\\\/secure.gravatar.com\\\/avatar\\\/109c326cf2be5c04f048c2c2a2b8b6ef44bf3d8d1d3d4c55d0ac40c4bc994684?s=96&d=mm&r=g\",\"contentUrl\":\"https:\\\/\\\/secure.gravatar.com\\\/avatar\\\/109c326cf2be5c04f048c2c2a2b8b6ef44bf3d8d1d3d4c55d0ac40c4bc994684?s=96&d=mm&r=g\",\"caption\":\"Editor\"},\"url\":\"https:\\\/\\\/diarioellabrador.cl\\\/index.php\\\/author\\\/editor\\\/\"}]}<\/script>\n<!-- \/ Yoast SEO plugin. -->","yoast_head_json":{"title":"Entregan sentencia para imputado por tener 71 plantas de cannabis sativa, marihuana y clorhidrato de coca\u00edna - Diario El Labrador","robots":{"index":"index","follow":"follow","max-snippet":"max-snippet:-1","max-image-preview":"max-image-preview:large","max-video-preview":"max-video-preview:-1"},"canonical":"https:\/\/diarioellabrador.cl\/index.php\/2026\/04\/30\/entregan-sentencia-para-imputado-por-tener-71-plantas-de-cannabis-sativa-marihuana-y-clorhidrato-de-cocaina\/","og_locale":"es_ES","og_type":"article","og_title":"Entregan sentencia para imputado por tener 71 plantas de cannabis sativa, marihuana y clorhidrato de coca\u00edna - Diario El Labrador","og_description":"En el Tribunal de Garant\u00eda de Melipilla se llev\u00f3 a cabo el procedimiento abreviado donde la Fiscal\u00eda sostuvo que el d\u00eda 20 de junio del a\u00f1o 2025, siendo aproximadamente las 16:56 horas, personal policial ingresa al domicilio ubicado en el Callej\u00f3n Los Nogales de la comuna de Melipilla, lugar donde el acusado Pablo V.L. manten\u00eda Leer m\u00e1s","og_url":"https:\/\/diarioellabrador.cl\/index.php\/2026\/04\/30\/entregan-sentencia-para-imputado-por-tener-71-plantas-de-cannabis-sativa-marihuana-y-clorhidrato-de-cocaina\/","og_site_name":"Diario El Labrador","article_publisher":"https:\/\/web.facebook.com\/profile.php?id=61576120840621","article_published_time":"2026-04-30T23:53:14+00:00","article_modified_time":"2026-04-30T23:53:15+00:00","og_image":[{"width":901,"height":600,"url":"https:\/\/diarioellabrador.cl\/wp-content\/uploads\/2026\/04\/Entregan-sentencia-para-imputado-por-tener-71-plantas-de-cannabis-sativa-marihuana-y-clorhidrato-de-cocaina.jpg","type":"image\/jpeg"}],"author":"Editor","twitter_card":"summary_large_image","twitter_creator":"@ElLabradorOf","twitter_site":"@ElLabradorOf","twitter_misc":{"Escrito por":"Editor","Tiempo de lectura":"2 minutos"},"schema":{"@context":"https:\/\/schema.org","@graph":[{"@type":"Article","@id":"https:\/\/diarioellabrador.cl\/index.php\/2026\/04\/30\/entregan-sentencia-para-imputado-por-tener-71-plantas-de-cannabis-sativa-marihuana-y-clorhidrato-de-cocaina\/#article","isPartOf":{"@id":"https:\/\/diarioellabrador.cl\/index.php\/2026\/04\/30\/entregan-sentencia-para-imputado-por-tener-71-plantas-de-cannabis-sativa-marihuana-y-clorhidrato-de-cocaina\/"},"author":{"name":"Editor","@id":"https:\/\/diarioellabrador.cl\/#\/schema\/person\/bc25ff80b4563f9c7f4bd7855df01685"},"headline":"Entregan sentencia para imputado por tener 71 plantas de cannabis sativa, marihuana y clorhidrato de coca\u00edna","datePublished":"2026-04-30T23:53:14+00:00","dateModified":"2026-04-30T23:53:15+00:00","mainEntityOfPage":{"@id":"https:\/\/diarioellabrador.cl\/index.php\/2026\/04\/30\/entregan-sentencia-para-imputado-por-tener-71-plantas-de-cannabis-sativa-marihuana-y-clorhidrato-de-cocaina\/"},"wordCount":285,"commentCount":0,"publisher":{"@id":"https:\/\/diarioellabrador.cl\/#organization"},"image":{"@id":"https:\/\/diarioellabrador.cl\/index.php\/2026\/04\/30\/entregan-sentencia-para-imputado-por-tener-71-plantas-de-cannabis-sativa-marihuana-y-clorhidrato-de-cocaina\/#primaryimage"},"thumbnailUrl":"https:\/\/diarioellabrador.cl\/wp-content\/uploads\/2026\/04\/Entregan-sentencia-para-imputado-por-tener-71-plantas-de-cannabis-sativa-marihuana-y-clorhidrato-de-cocaina.jpg","articleSection":["Policial"],"inLanguage":"es","potentialAction":[{"@type":"CommentAction","name":"Comment","target":["https:\/\/diarioellabrador.cl\/index.php\/2026\/04\/30\/entregan-sentencia-para-imputado-por-tener-71-plantas-de-cannabis-sativa-marihuana-y-clorhidrato-de-cocaina\/#respond"]}]},{"@type":"WebPage","@id":"https:\/\/diarioellabrador.cl\/index.php\/2026\/04\/30\/entregan-sentencia-para-imputado-por-tener-71-plantas-de-cannabis-sativa-marihuana-y-clorhidrato-de-cocaina\/","url":"https:\/\/diarioellabrador.cl\/index.php\/2026\/04\/30\/entregan-sentencia-para-imputado-por-tener-71-plantas-de-cannabis-sativa-marihuana-y-clorhidrato-de-cocaina\/","name":"Entregan sentencia para imputado por tener 71 plantas de cannabis sativa, marihuana y clorhidrato de coca\u00edna - Diario El Labrador","isPartOf":{"@id":"https:\/\/diarioellabrador.cl\/#website"},"primaryImageOfPage":{"@id":"https:\/\/diarioellabrador.cl\/index.php\/2026\/04\/30\/entregan-sentencia-para-imputado-por-tener-71-plantas-de-cannabis-sativa-marihuana-y-clorhidrato-de-cocaina\/#primaryimage"},"image":{"@id":"https:\/\/diarioellabrador.cl\/index.php\/2026\/04\/30\/entregan-sentencia-para-imputado-por-tener-71-plantas-de-cannabis-sativa-marihuana-y-clorhidrato-de-cocaina\/#primaryimage"},"thumbnailUrl":"https:\/\/diarioellabrador.cl\/wp-content\/uploads\/2026\/04\/Entregan-sentencia-para-imputado-por-tener-71-plantas-de-cannabis-sativa-marihuana-y-clorhidrato-de-cocaina.jpg","datePublished":"2026-04-30T23:53:14+00:00","dateModified":"2026-04-30T23:53:15+00:00","breadcrumb":{"@id":"https:\/\/diarioellabrador.cl\/index.php\/2026\/04\/30\/entregan-sentencia-para-imputado-por-tener-71-plantas-de-cannabis-sativa-marihuana-y-clorhidrato-de-cocaina\/#breadcrumb"},"inLanguage":"es","potentialAction":[{"@type":"ReadAction","target":["https:\/\/diarioellabrador.cl\/index.php\/2026\/04\/30\/entregan-sentencia-para-imputado-por-tener-71-plantas-de-cannabis-sativa-marihuana-y-clorhidrato-de-cocaina\/"]}]},{"@type":"ImageObject","inLanguage":"es","@id":"https:\/\/diarioellabrador.cl\/index.php\/2026\/04\/30\/entregan-sentencia-para-imputado-por-tener-71-plantas-de-cannabis-sativa-marihuana-y-clorhidrato-de-cocaina\/#primaryimage","url":"https:\/\/diarioellabrador.cl\/wp-content\/uploads\/2026\/04\/Entregan-sentencia-para-imputado-por-tener-71-plantas-de-cannabis-sativa-marihuana-y-clorhidrato-de-cocaina.jpg","contentUrl":"https:\/\/diarioellabrador.cl\/wp-content\/uploads\/2026\/04\/Entregan-sentencia-para-imputado-por-tener-71-plantas-de-cannabis-sativa-marihuana-y-clorhidrato-de-cocaina.jpg","width":901,"height":600},{"@type":"BreadcrumbList","@id":"https:\/\/diarioellabrador.cl\/index.php\/2026\/04\/30\/entregan-sentencia-para-imputado-por-tener-71-plantas-de-cannabis-sativa-marihuana-y-clorhidrato-de-cocaina\/#breadcrumb","itemListElement":[{"@type":"ListItem","position":1,"name":"Portada","item":"https:\/\/diarioellabrador.cl\/"},{"@type":"ListItem","position":2,"name":"Entregan sentencia para imputado por tener 71 plantas de cannabis sativa, marihuana y clorhidrato de coca\u00edna"}]},{"@type":"WebSite","@id":"https:\/\/diarioellabrador.cl\/#website","url":"https:\/\/diarioellabrador.cl\/","name":"Diario El Labrador","description":"Haciendo noticia desde 1921","publisher":{"@id":"https:\/\/diarioellabrador.cl\/#organization"},"potentialAction":[{"@type":"SearchAction","target":{"@type":"EntryPoint","urlTemplate":"https:\/\/diarioellabrador.cl\/?s={search_term_string}"},"query-input":{"@type":"PropertyValueSpecification","valueRequired":true,"valueName":"search_term_string"}}],"inLanguage":"es"},{"@type":"Organization","@id":"https:\/\/diarioellabrador.cl\/#organization","name":"Diario El Labrador","url":"https:\/\/diarioellabrador.cl\/","logo":{"@type":"ImageObject","inLanguage":"es","@id":"https:\/\/diarioellabrador.cl\/#\/schema\/logo\/image\/","url":"https:\/\/diarioellabrador.cl\/wp-content\/uploads\/2025\/02\/cropped-Logo-Icono.png","contentUrl":"https:\/\/diarioellabrador.cl\/wp-content\/uploads\/2025\/02\/cropped-Logo-Icono.png","width":512,"height":512,"caption":"Diario El Labrador"},"image":{"@id":"https:\/\/diarioellabrador.cl\/#\/schema\/logo\/image\/"},"sameAs":["https:\/\/web.facebook.com\/profile.php?id=61576120840621","https:\/\/x.com\/ElLabradorOf","https:\/\/www.instagram.com\/diarioellabradoroficial\/"]},{"@type":"Person","@id":"https:\/\/diarioellabrador.cl\/#\/schema\/person\/bc25ff80b4563f9c7f4bd7855df01685","name":"Editor","image":{"@type":"ImageObject","inLanguage":"es","@id":"https:\/\/secure.gravatar.com\/avatar\/109c326cf2be5c04f048c2c2a2b8b6ef44bf3d8d1d3d4c55d0ac40c4bc994684?s=96&d=mm&r=g","url":"https:\/\/secure.gravatar.com\/avatar\/109c326cf2be5c04f048c2c2a2b8b6ef44bf3d8d1d3d4c55d0ac40c4bc994684?s=96&d=mm&r=g","contentUrl":"https:\/\/secure.gravatar.com\/avatar\/109c326cf2be5c04f048c2c2a2b8b6ef44bf3d8d1d3d4c55d0ac40c4bc994684?s=96&d=mm&r=g","caption":"Editor"},"url":"https:\/\/diarioellabrador.cl\/index.php\/author\/editor\/"}]}},"_links":{"self":[{"href":"https:\/\/diarioellabrador.cl\/index.php\/wp-json\/wp\/v2\/posts\/18785","targetHints":{"allow":["GET"]}}],"collection":[{"href":"https:\/\/diarioellabrador.cl\/index.php\/wp-json\/wp\/v2\/posts"}],"about":[{"href":"https:\/\/diarioellabrador.cl\/index.php\/wp-json\/wp\/v2\/types\/post"}],"author":[{"embeddable":true,"href":"https:\/\/diarioellabrador.cl\/index.php\/wp-json\/wp\/v2\/users\/2"}],"replies":[{"embeddable":true,"href":"https:\/\/diarioellabrador.cl\/index.php\/wp-json\/wp\/v2\/comments?post=18785"}],"version-history":[{"count":1,"href":"https:\/\/diarioellabrador.cl\/index.php\/wp-json\/wp\/v2\/posts\/18785\/revisions"}],"predecessor-version":[{"id":18786,"href":"https:\/\/diarioellabrador.cl\/index.php\/wp-json\/wp\/v2\/posts\/18785\/revisions\/18786"}],"wp:featuredmedia":[{"embeddable":true,"href":"https:\/\/diarioellabrador.cl\/index.php\/wp-json\/wp\/v2\/media\/18763"}],"wp:attachment":[{"href":"https:\/\/diarioellabrador.cl\/index.php\/wp-json\/wp\/v2\/media?parent=18785"}],"wp:term":[{"taxonomy":"category","embeddable":true,"href":"https:\/\/diarioellabrador.cl\/index.php\/wp-json\/wp\/v2\/categories?post=18785"},{"taxonomy":"post_tag","embeddable":true,"href":"https:\/\/diarioellabrador.cl\/index.php\/wp-json\/wp\/v2\/tags?post=18785"}],"curies":[{"name":"wp","href":"https:\/\/api.w.org\/{rel}","templated":true}]}}