{"id":18783,"date":"2026-04-30T19:52:30","date_gmt":"2026-04-30T23:52:30","guid":{"rendered":"https:\/\/diarioellabrador.cl\/?p=18783"},"modified":"2026-04-30T19:52:32","modified_gmt":"2026-04-30T23:52:32","slug":"vuelve-la-lluvia-se-pronostican-hasta-41-mm-en-la-region-metropolitana","status":"publish","type":"post","link":"https:\/\/diarioellabrador.cl\/index.php\/2026\/04\/30\/vuelve-la-lluvia-se-pronostican-hasta-41-mm-en-la-region-metropolitana\/","title":{"rendered":"Vuelve la lluvia: Se pronostican hasta 41 mm en la regi\u00f3n Metropolitana"},"content":{"rendered":"\n<p><strong><em>Un pron\u00f3stico del tiempo anticipa intensas precipitaciones para la pr\u00f3xima semana en la capital. Revisa ac\u00e1 todos los detalles.<\/em><\/strong><\/p>\n\n\n\n<p>Hace varias semanas que los term\u00f3metros han registrado un <a href=\"https:\/\/www.adnradio.cl\/2026\/04\/24\/hasta-3c-santiago-se-prepara-para-las-mananas-mas-frias-del-ano-y-estos-seran-los-sectores-mas-afectados\/\" target=\"_blank\" rel=\"noreferrer noopener\">descenso en las temperaturas<\/a> en la zona central de Chile. Ahora, pron\u00f3sticos del tiempo <strong>anticipan la llegada de nuevas lluvias<\/strong> a la <a href=\"https:\/\/www.adnradio.cl\/2026\/04\/30\/por-hasta-15-horas-aguas-andinas-anuncia-cortes-de-agua-en-santiago-este-jueves-30-de-abril-en-5-comunas\/\" target=\"_blank\" rel=\"noreferrer noopener\">regi\u00f3n Metropolitana<\/a>.<\/p>\n\n\n\n<p>De hecho, se espera que solamente en un d\u00eda se registren intensas <strong>precipitaciones de hasta 41 mm en Santiago.<\/strong><\/p>\n\n\n\n<p>El Instituto Meteorol\u00f3gico de Noruega, mediante la plataforma <a href=\"https:\/\/www.yr.no\/nb\/v%C3%A6rvarsel\/daglig-tabell\/2-3871336\/Chile\/Santiago%20Metropolitan\/Provincia%20de%20Santiago\/Santiago%20de%20Chile\" target=\"_blank\" rel=\"noreferrer noopener\">Yr.no<\/a>, pronostica lluvia intensa para <strong>el pr\u00f3ximo jueves 7 de mayo<\/strong> en la regi\u00f3n Metropolitana.<\/p>\n\n\n\n<h2 class=\"wp-block-heading\"><em>\u00bfEn qu\u00e9 horario caer\u00e1 el grueso de las precipitaciones?<\/em><\/h2>\n\n\n\n<p>De acuerdo al pron\u00f3stico, el grueso de la lluvia se concentrar\u00e1 <strong>entre la madrugada y la ma\u00f1ana<\/strong> del pr\u00f3ximo jueves 7 de mayo.<\/p>\n\n\n\n<p>Precisamente <strong>entre las 02:00 horas y las 08:00 horas<\/strong> de dicha jornada se anticipa la ca\u00edda de <strong>20 mm<\/strong> de precipitaciones y una temperatura de 14\u00b0C.<\/p>\n\n\n\n<p>Posteriormente, seguir\u00eda la lluvia intensa en la capital ya que <strong>entre las 08:00 y las 14:00 horas<\/strong> se esperan otros 20 mm, adem\u00e1s de un leve descenso en las temperaturas.<\/p>\n\n\n\n<p>Luego, <strong>desde las 14:00 horas en adelante la lluvia comenzar\u00e1 a debilitarse<\/strong> y solamente caer\u00edan cerca de 1,3 mm durante el resto del d\u00eda jueves.<\/p>\n","protected":false},"excerpt":{"rendered":"<p>Un pron\u00f3stico del tiempo anticipa intensas precipitaciones para la pr\u00f3xima semana en la capital. Revisa ac\u00e1 todos los detalles. Hace varias semanas que los term\u00f3metros han registrado un descenso en las temperaturas en la zona central de Chile. Ahora, pron\u00f3sticos del tiempo anticipan la llegada de nuevas lluvias a la regi\u00f3n Metropolitana. De hecho, se<\/p>\n<div class=\"read-more-wrapper\"><a class=\"read-more\" href=\"https:\/\/diarioellabrador.cl\/index.php\/2026\/04\/30\/vuelve-la-lluvia-se-pronostican-hasta-41-mm-en-la-region-metropolitana\/\" title=\"Leer m\u00e1s\"> <span class=\"button \">Leer m\u00e1s<\/span><\/a><\/div>\n","protected":false},"author":2,"featured_media":18757,"comment_status":"open","ping_status":"open","sticky":false,"template":"","format":"standard","meta":{"footnotes":""},"categories":[1],"tags":[],"class_list":["post-18783","post","type-post","status-publish","format-standard","has-post-thumbnail","hentry","category-cronica"],"yoast_head":"<!-- This site is optimized with the Yoast SEO plugin v27.5 - https:\/\/yoast.com\/product\/yoast-seo-wordpress\/ -->\n<title>Vuelve la lluvia: Se pronostican hasta 41 mm en la regi\u00f3n Metropolitana - Diario El Labrador<\/title>\n<meta name=\"robots\" content=\"index, follow, max-snippet:-1, max-image-preview:large, max-video-preview:-1\" \/>\n<link rel=\"canonical\" href=\"https:\/\/diarioellabrador.cl\/index.php\/2026\/04\/30\/vuelve-la-lluvia-se-pronostican-hasta-41-mm-en-la-region-metropolitana\/\" \/>\n<meta property=\"og:locale\" content=\"es_ES\" \/>\n<meta property=\"og:type\" content=\"article\" \/>\n<meta property=\"og:title\" content=\"Vuelve la lluvia: Se pronostican hasta 41 mm en la regi\u00f3n Metropolitana - Diario El Labrador\" \/>\n<meta property=\"og:description\" content=\"Un pron\u00f3stico del tiempo anticipa intensas precipitaciones para la pr\u00f3xima semana en la capital. Revisa ac\u00e1 todos los detalles. Hace varias semanas que los term\u00f3metros han registrado un descenso en las temperaturas en la zona central de Chile. Ahora, pron\u00f3sticos del tiempo anticipan la llegada de nuevas lluvias a la regi\u00f3n Metropolitana. De hecho, se Leer m\u00e1s\" \/>\n<meta property=\"og:url\" content=\"https:\/\/diarioellabrador.cl\/index.php\/2026\/04\/30\/vuelve-la-lluvia-se-pronostican-hasta-41-mm-en-la-region-metropolitana\/\" \/>\n<meta property=\"og:site_name\" content=\"Diario El Labrador\" \/>\n<meta property=\"article:publisher\" content=\"https:\/\/web.facebook.com\/profile.php?id=61576120840621\" \/>\n<meta property=\"article:published_time\" content=\"2026-04-30T23:52:30+00:00\" \/>\n<meta property=\"article:modified_time\" content=\"2026-04-30T23:52:32+00:00\" \/>\n<meta property=\"og:image\" content=\"https:\/\/diarioellabrador.cl\/wp-content\/uploads\/2026\/04\/Vuelve-la-lluvia-Se-pronostican-hasta-41-mm-en-la-region-Metropolitana.jpg\" \/>\n\t<meta property=\"og:image:width\" content=\"768\" \/>\n\t<meta property=\"og:image:height\" content=\"576\" \/>\n\t<meta property=\"og:image:type\" content=\"image\/jpeg\" \/>\n<meta name=\"author\" content=\"Editor\" \/>\n<meta name=\"twitter:card\" content=\"summary_large_image\" \/>\n<meta name=\"twitter:creator\" content=\"@ElLabradorOf\" \/>\n<meta name=\"twitter:site\" content=\"@ElLabradorOf\" \/>\n<meta name=\"twitter:label1\" content=\"Escrito por\" \/>\n\t<meta name=\"twitter:data1\" content=\"Editor\" \/>\n\t<meta name=\"twitter:label2\" content=\"Tiempo de lectura\" \/>\n\t<meta name=\"twitter:data2\" content=\"2 minutos\" \/>\n<script type=\"application\/ld+json\" class=\"yoast-schema-graph\">{\"@context\":\"https:\\\/\\\/schema.org\",\"@graph\":[{\"@type\":\"Article\",\"@id\":\"https:\\\/\\\/diarioellabrador.cl\\\/index.php\\\/2026\\\/04\\\/30\\\/vuelve-la-lluvia-se-pronostican-hasta-41-mm-en-la-region-metropolitana\\\/#article\",\"isPartOf\":{\"@id\":\"https:\\\/\\\/diarioellabrador.cl\\\/index.php\\\/2026\\\/04\\\/30\\\/vuelve-la-lluvia-se-pronostican-hasta-41-mm-en-la-region-metropolitana\\\/\"},\"author\":{\"name\":\"Editor\",\"@id\":\"https:\\\/\\\/diarioellabrador.cl\\\/#\\\/schema\\\/person\\\/bc25ff80b4563f9c7f4bd7855df01685\"},\"headline\":\"Vuelve la lluvia: Se pronostican hasta 41 mm en la regi\u00f3n Metropolitana\",\"datePublished\":\"2026-04-30T23:52:30+00:00\",\"dateModified\":\"2026-04-30T23:52:32+00:00\",\"mainEntityOfPage\":{\"@id\":\"https:\\\/\\\/diarioellabrador.cl\\\/index.php\\\/2026\\\/04\\\/30\\\/vuelve-la-lluvia-se-pronostican-hasta-41-mm-en-la-region-metropolitana\\\/\"},\"wordCount\":226,\"commentCount\":0,\"publisher\":{\"@id\":\"https:\\\/\\\/diarioellabrador.cl\\\/#organization\"},\"image\":{\"@id\":\"https:\\\/\\\/diarioellabrador.cl\\\/index.php\\\/2026\\\/04\\\/30\\\/vuelve-la-lluvia-se-pronostican-hasta-41-mm-en-la-region-metropolitana\\\/#primaryimage\"},\"thumbnailUrl\":\"https:\\\/\\\/diarioellabrador.cl\\\/wp-content\\\/uploads\\\/2026\\\/04\\\/Vuelve-la-lluvia-Se-pronostican-hasta-41-mm-en-la-region-Metropolitana.jpg\",\"articleSection\":[\"Cr\u00f3nica\"],\"inLanguage\":\"es\",\"potentialAction\":[{\"@type\":\"CommentAction\",\"name\":\"Comment\",\"target\":[\"https:\\\/\\\/diarioellabrador.cl\\\/index.php\\\/2026\\\/04\\\/30\\\/vuelve-la-lluvia-se-pronostican-hasta-41-mm-en-la-region-metropolitana\\\/#respond\"]}]},{\"@type\":\"WebPage\",\"@id\":\"https:\\\/\\\/diarioellabrador.cl\\\/index.php\\\/2026\\\/04\\\/30\\\/vuelve-la-lluvia-se-pronostican-hasta-41-mm-en-la-region-metropolitana\\\/\",\"url\":\"https:\\\/\\\/diarioellabrador.cl\\\/index.php\\\/2026\\\/04\\\/30\\\/vuelve-la-lluvia-se-pronostican-hasta-41-mm-en-la-region-metropolitana\\\/\",\"name\":\"Vuelve la lluvia: Se pronostican hasta 41 mm en la regi\u00f3n Metropolitana - Diario El Labrador\",\"isPartOf\":{\"@id\":\"https:\\\/\\\/diarioellabrador.cl\\\/#website\"},\"primaryImageOfPage\":{\"@id\":\"https:\\\/\\\/diarioellabrador.cl\\\/index.php\\\/2026\\\/04\\\/30\\\/vuelve-la-lluvia-se-pronostican-hasta-41-mm-en-la-region-metropolitana\\\/#primaryimage\"},\"image\":{\"@id\":\"https:\\\/\\\/diarioellabrador.cl\\\/index.php\\\/2026\\\/04\\\/30\\\/vuelve-la-lluvia-se-pronostican-hasta-41-mm-en-la-region-metropolitana\\\/#primaryimage\"},\"thumbnailUrl\":\"https:\\\/\\\/diarioellabrador.cl\\\/wp-content\\\/uploads\\\/2026\\\/04\\\/Vuelve-la-lluvia-Se-pronostican-hasta-41-mm-en-la-region-Metropolitana.jpg\",\"datePublished\":\"2026-04-30T23:52:30+00:00\",\"dateModified\":\"2026-04-30T23:52:32+00:00\",\"breadcrumb\":{\"@id\":\"https:\\\/\\\/diarioellabrador.cl\\\/index.php\\\/2026\\\/04\\\/30\\\/vuelve-la-lluvia-se-pronostican-hasta-41-mm-en-la-region-metropolitana\\\/#breadcrumb\"},\"inLanguage\":\"es\",\"potentialAction\":[{\"@type\":\"ReadAction\",\"target\":[\"https:\\\/\\\/diarioellabrador.cl\\\/index.php\\\/2026\\\/04\\\/30\\\/vuelve-la-lluvia-se-pronostican-hasta-41-mm-en-la-region-metropolitana\\\/\"]}]},{\"@type\":\"ImageObject\",\"inLanguage\":\"es\",\"@id\":\"https:\\\/\\\/diarioellabrador.cl\\\/index.php\\\/2026\\\/04\\\/30\\\/vuelve-la-lluvia-se-pronostican-hasta-41-mm-en-la-region-metropolitana\\\/#primaryimage\",\"url\":\"https:\\\/\\\/diarioellabrador.cl\\\/wp-content\\\/uploads\\\/2026\\\/04\\\/Vuelve-la-lluvia-Se-pronostican-hasta-41-mm-en-la-region-Metropolitana.jpg\",\"contentUrl\":\"https:\\\/\\\/diarioellabrador.cl\\\/wp-content\\\/uploads\\\/2026\\\/04\\\/Vuelve-la-lluvia-Se-pronostican-hasta-41-mm-en-la-region-Metropolitana.jpg\",\"width\":768,\"height\":576},{\"@type\":\"BreadcrumbList\",\"@id\":\"https:\\\/\\\/diarioellabrador.cl\\\/index.php\\\/2026\\\/04\\\/30\\\/vuelve-la-lluvia-se-pronostican-hasta-41-mm-en-la-region-metropolitana\\\/#breadcrumb\",\"itemListElement\":[{\"@type\":\"ListItem\",\"position\":1,\"name\":\"Portada\",\"item\":\"https:\\\/\\\/diarioellabrador.cl\\\/\"},{\"@type\":\"ListItem\",\"position\":2,\"name\":\"Vuelve la lluvia: Se pronostican hasta 41 mm en la regi\u00f3n Metropolitana\"}]},{\"@type\":\"WebSite\",\"@id\":\"https:\\\/\\\/diarioellabrador.cl\\\/#website\",\"url\":\"https:\\\/\\\/diarioellabrador.cl\\\/\",\"name\":\"Diario El Labrador\",\"description\":\"Haciendo noticia desde 1921\",\"publisher\":{\"@id\":\"https:\\\/\\\/diarioellabrador.cl\\\/#organization\"},\"potentialAction\":[{\"@type\":\"SearchAction\",\"target\":{\"@type\":\"EntryPoint\",\"urlTemplate\":\"https:\\\/\\\/diarioellabrador.cl\\\/?s={search_term_string}\"},\"query-input\":{\"@type\":\"PropertyValueSpecification\",\"valueRequired\":true,\"valueName\":\"search_term_string\"}}],\"inLanguage\":\"es\"},{\"@type\":\"Organization\",\"@id\":\"https:\\\/\\\/diarioellabrador.cl\\\/#organization\",\"name\":\"Diario El Labrador\",\"url\":\"https:\\\/\\\/diarioellabrador.cl\\\/\",\"logo\":{\"@type\":\"ImageObject\",\"inLanguage\":\"es\",\"@id\":\"https:\\\/\\\/diarioellabrador.cl\\\/#\\\/schema\\\/logo\\\/image\\\/\",\"url\":\"https:\\\/\\\/diarioellabrador.cl\\\/wp-content\\\/uploads\\\/2025\\\/02\\\/cropped-Logo-Icono.png\",\"contentUrl\":\"https:\\\/\\\/diarioellabrador.cl\\\/wp-content\\\/uploads\\\/2025\\\/02\\\/cropped-Logo-Icono.png\",\"width\":512,\"height\":512,\"caption\":\"Diario El Labrador\"},\"image\":{\"@id\":\"https:\\\/\\\/diarioellabrador.cl\\\/#\\\/schema\\\/logo\\\/image\\\/\"},\"sameAs\":[\"https:\\\/\\\/web.facebook.com\\\/profile.php?id=61576120840621\",\"https:\\\/\\\/x.com\\\/ElLabradorOf\",\"https:\\\/\\\/www.instagram.com\\\/diarioellabradoroficial\\\/\"]},{\"@type\":\"Person\",\"@id\":\"https:\\\/\\\/diarioellabrador.cl\\\/#\\\/schema\\\/person\\\/bc25ff80b4563f9c7f4bd7855df01685\",\"name\":\"Editor\",\"image\":{\"@type\":\"ImageObject\",\"inLanguage\":\"es\",\"@id\":\"https:\\\/\\\/secure.gravatar.com\\\/avatar\\\/109c326cf2be5c04f048c2c2a2b8b6ef44bf3d8d1d3d4c55d0ac40c4bc994684?s=96&d=mm&r=g\",\"url\":\"https:\\\/\\\/secure.gravatar.com\\\/avatar\\\/109c326cf2be5c04f048c2c2a2b8b6ef44bf3d8d1d3d4c55d0ac40c4bc994684?s=96&d=mm&r=g\",\"contentUrl\":\"https:\\\/\\\/secure.gravatar.com\\\/avatar\\\/109c326cf2be5c04f048c2c2a2b8b6ef44bf3d8d1d3d4c55d0ac40c4bc994684?s=96&d=mm&r=g\",\"caption\":\"Editor\"},\"url\":\"https:\\\/\\\/diarioellabrador.cl\\\/index.php\\\/author\\\/editor\\\/\"}]}<\/script>\n<!-- \/ Yoast SEO plugin. -->","yoast_head_json":{"title":"Vuelve la lluvia: Se pronostican hasta 41 mm en la regi\u00f3n Metropolitana - Diario El Labrador","robots":{"index":"index","follow":"follow","max-snippet":"max-snippet:-1","max-image-preview":"max-image-preview:large","max-video-preview":"max-video-preview:-1"},"canonical":"https:\/\/diarioellabrador.cl\/index.php\/2026\/04\/30\/vuelve-la-lluvia-se-pronostican-hasta-41-mm-en-la-region-metropolitana\/","og_locale":"es_ES","og_type":"article","og_title":"Vuelve la lluvia: Se pronostican hasta 41 mm en la regi\u00f3n Metropolitana - Diario El Labrador","og_description":"Un pron\u00f3stico del tiempo anticipa intensas precipitaciones para la pr\u00f3xima semana en la capital. Revisa ac\u00e1 todos los detalles. Hace varias semanas que los term\u00f3metros han registrado un descenso en las temperaturas en la zona central de Chile. Ahora, pron\u00f3sticos del tiempo anticipan la llegada de nuevas lluvias a la regi\u00f3n Metropolitana. De hecho, se Leer m\u00e1s","og_url":"https:\/\/diarioellabrador.cl\/index.php\/2026\/04\/30\/vuelve-la-lluvia-se-pronostican-hasta-41-mm-en-la-region-metropolitana\/","og_site_name":"Diario El Labrador","article_publisher":"https:\/\/web.facebook.com\/profile.php?id=61576120840621","article_published_time":"2026-04-30T23:52:30+00:00","article_modified_time":"2026-04-30T23:52:32+00:00","og_image":[{"width":768,"height":576,"url":"https:\/\/diarioellabrador.cl\/wp-content\/uploads\/2026\/04\/Vuelve-la-lluvia-Se-pronostican-hasta-41-mm-en-la-region-Metropolitana.jpg","type":"image\/jpeg"}],"author":"Editor","twitter_card":"summary_large_image","twitter_creator":"@ElLabradorOf","twitter_site":"@ElLabradorOf","twitter_misc":{"Escrito por":"Editor","Tiempo de lectura":"2 minutos"},"schema":{"@context":"https:\/\/schema.org","@graph":[{"@type":"Article","@id":"https:\/\/diarioellabrador.cl\/index.php\/2026\/04\/30\/vuelve-la-lluvia-se-pronostican-hasta-41-mm-en-la-region-metropolitana\/#article","isPartOf":{"@id":"https:\/\/diarioellabrador.cl\/index.php\/2026\/04\/30\/vuelve-la-lluvia-se-pronostican-hasta-41-mm-en-la-region-metropolitana\/"},"author":{"name":"Editor","@id":"https:\/\/diarioellabrador.cl\/#\/schema\/person\/bc25ff80b4563f9c7f4bd7855df01685"},"headline":"Vuelve la lluvia: Se pronostican hasta 41 mm en la regi\u00f3n Metropolitana","datePublished":"2026-04-30T23:52:30+00:00","dateModified":"2026-04-30T23:52:32+00:00","mainEntityOfPage":{"@id":"https:\/\/diarioellabrador.cl\/index.php\/2026\/04\/30\/vuelve-la-lluvia-se-pronostican-hasta-41-mm-en-la-region-metropolitana\/"},"wordCount":226,"commentCount":0,"publisher":{"@id":"https:\/\/diarioellabrador.cl\/#organization"},"image":{"@id":"https:\/\/diarioellabrador.cl\/index.php\/2026\/04\/30\/vuelve-la-lluvia-se-pronostican-hasta-41-mm-en-la-region-metropolitana\/#primaryimage"},"thumbnailUrl":"https:\/\/diarioellabrador.cl\/wp-content\/uploads\/2026\/04\/Vuelve-la-lluvia-Se-pronostican-hasta-41-mm-en-la-region-Metropolitana.jpg","articleSection":["Cr\u00f3nica"],"inLanguage":"es","potentialAction":[{"@type":"CommentAction","name":"Comment","target":["https:\/\/diarioellabrador.cl\/index.php\/2026\/04\/30\/vuelve-la-lluvia-se-pronostican-hasta-41-mm-en-la-region-metropolitana\/#respond"]}]},{"@type":"WebPage","@id":"https:\/\/diarioellabrador.cl\/index.php\/2026\/04\/30\/vuelve-la-lluvia-se-pronostican-hasta-41-mm-en-la-region-metropolitana\/","url":"https:\/\/diarioellabrador.cl\/index.php\/2026\/04\/30\/vuelve-la-lluvia-se-pronostican-hasta-41-mm-en-la-region-metropolitana\/","name":"Vuelve la lluvia: Se pronostican hasta 41 mm en la regi\u00f3n Metropolitana - Diario El Labrador","isPartOf":{"@id":"https:\/\/diarioellabrador.cl\/#website"},"primaryImageOfPage":{"@id":"https:\/\/diarioellabrador.cl\/index.php\/2026\/04\/30\/vuelve-la-lluvia-se-pronostican-hasta-41-mm-en-la-region-metropolitana\/#primaryimage"},"image":{"@id":"https:\/\/diarioellabrador.cl\/index.php\/2026\/04\/30\/vuelve-la-lluvia-se-pronostican-hasta-41-mm-en-la-region-metropolitana\/#primaryimage"},"thumbnailUrl":"https:\/\/diarioellabrador.cl\/wp-content\/uploads\/2026\/04\/Vuelve-la-lluvia-Se-pronostican-hasta-41-mm-en-la-region-Metropolitana.jpg","datePublished":"2026-04-30T23:52:30+00:00","dateModified":"2026-04-30T23:52:32+00:00","breadcrumb":{"@id":"https:\/\/diarioellabrador.cl\/index.php\/2026\/04\/30\/vuelve-la-lluvia-se-pronostican-hasta-41-mm-en-la-region-metropolitana\/#breadcrumb"},"inLanguage":"es","potentialAction":[{"@type":"ReadAction","target":["https:\/\/diarioellabrador.cl\/index.php\/2026\/04\/30\/vuelve-la-lluvia-se-pronostican-hasta-41-mm-en-la-region-metropolitana\/"]}]},{"@type":"ImageObject","inLanguage":"es","@id":"https:\/\/diarioellabrador.cl\/index.php\/2026\/04\/30\/vuelve-la-lluvia-se-pronostican-hasta-41-mm-en-la-region-metropolitana\/#primaryimage","url":"https:\/\/diarioellabrador.cl\/wp-content\/uploads\/2026\/04\/Vuelve-la-lluvia-Se-pronostican-hasta-41-mm-en-la-region-Metropolitana.jpg","contentUrl":"https:\/\/diarioellabrador.cl\/wp-content\/uploads\/2026\/04\/Vuelve-la-lluvia-Se-pronostican-hasta-41-mm-en-la-region-Metropolitana.jpg","width":768,"height":576},{"@type":"BreadcrumbList","@id":"https:\/\/diarioellabrador.cl\/index.php\/2026\/04\/30\/vuelve-la-lluvia-se-pronostican-hasta-41-mm-en-la-region-metropolitana\/#breadcrumb","itemListElement":[{"@type":"ListItem","position":1,"name":"Portada","item":"https:\/\/diarioellabrador.cl\/"},{"@type":"ListItem","position":2,"name":"Vuelve la lluvia: Se pronostican hasta 41 mm en la regi\u00f3n Metropolitana"}]},{"@type":"WebSite","@id":"https:\/\/diarioellabrador.cl\/#website","url":"https:\/\/diarioellabrador.cl\/","name":"Diario El Labrador","description":"Haciendo noticia desde 1921","publisher":{"@id":"https:\/\/diarioellabrador.cl\/#organization"},"potentialAction":[{"@type":"SearchAction","target":{"@type":"EntryPoint","urlTemplate":"https:\/\/diarioellabrador.cl\/?s={search_term_string}"},"query-input":{"@type":"PropertyValueSpecification","valueRequired":true,"valueName":"search_term_string"}}],"inLanguage":"es"},{"@type":"Organization","@id":"https:\/\/diarioellabrador.cl\/#organization","name":"Diario El Labrador","url":"https:\/\/diarioellabrador.cl\/","logo":{"@type":"ImageObject","inLanguage":"es","@id":"https:\/\/diarioellabrador.cl\/#\/schema\/logo\/image\/","url":"https:\/\/diarioellabrador.cl\/wp-content\/uploads\/2025\/02\/cropped-Logo-Icono.png","contentUrl":"https:\/\/diarioellabrador.cl\/wp-content\/uploads\/2025\/02\/cropped-Logo-Icono.png","width":512,"height":512,"caption":"Diario El Labrador"},"image":{"@id":"https:\/\/diarioellabrador.cl\/#\/schema\/logo\/image\/"},"sameAs":["https:\/\/web.facebook.com\/profile.php?id=61576120840621","https:\/\/x.com\/ElLabradorOf","https:\/\/www.instagram.com\/diarioellabradoroficial\/"]},{"@type":"Person","@id":"https:\/\/diarioellabrador.cl\/#\/schema\/person\/bc25ff80b4563f9c7f4bd7855df01685","name":"Editor","image":{"@type":"ImageObject","inLanguage":"es","@id":"https:\/\/secure.gravatar.com\/avatar\/109c326cf2be5c04f048c2c2a2b8b6ef44bf3d8d1d3d4c55d0ac40c4bc994684?s=96&d=mm&r=g","url":"https:\/\/secure.gravatar.com\/avatar\/109c326cf2be5c04f048c2c2a2b8b6ef44bf3d8d1d3d4c55d0ac40c4bc994684?s=96&d=mm&r=g","contentUrl":"https:\/\/secure.gravatar.com\/avatar\/109c326cf2be5c04f048c2c2a2b8b6ef44bf3d8d1d3d4c55d0ac40c4bc994684?s=96&d=mm&r=g","caption":"Editor"},"url":"https:\/\/diarioellabrador.cl\/index.php\/author\/editor\/"}]}},"_links":{"self":[{"href":"https:\/\/diarioellabrador.cl\/index.php\/wp-json\/wp\/v2\/posts\/18783","targetHints":{"allow":["GET"]}}],"collection":[{"href":"https:\/\/diarioellabrador.cl\/index.php\/wp-json\/wp\/v2\/posts"}],"about":[{"href":"https:\/\/diarioellabrador.cl\/index.php\/wp-json\/wp\/v2\/types\/post"}],"author":[{"embeddable":true,"href":"https:\/\/diarioellabrador.cl\/index.php\/wp-json\/wp\/v2\/users\/2"}],"replies":[{"embeddable":true,"href":"https:\/\/diarioellabrador.cl\/index.php\/wp-json\/wp\/v2\/comments?post=18783"}],"version-history":[{"count":1,"href":"https:\/\/diarioellabrador.cl\/index.php\/wp-json\/wp\/v2\/posts\/18783\/revisions"}],"predecessor-version":[{"id":18784,"href":"https:\/\/diarioellabrador.cl\/index.php\/wp-json\/wp\/v2\/posts\/18783\/revisions\/18784"}],"wp:featuredmedia":[{"embeddable":true,"href":"https:\/\/diarioellabrador.cl\/index.php\/wp-json\/wp\/v2\/media\/18757"}],"wp:attachment":[{"href":"https:\/\/diarioellabrador.cl\/index.php\/wp-json\/wp\/v2\/media?parent=18783"}],"wp:term":[{"taxonomy":"category","embeddable":true,"href":"https:\/\/diarioellabrador.cl\/index.php\/wp-json\/wp\/v2\/categories?post=18783"},{"taxonomy":"post_tag","embeddable":true,"href":"https:\/\/diarioellabrador.cl\/index.php\/wp-json\/wp\/v2\/tags?post=18783"}],"curies":[{"name":"wp","href":"https:\/\/api.w.org\/{rel}","templated":true}]}}