{"id":18781,"date":"2026-04-30T19:51:42","date_gmt":"2026-04-30T23:51:42","guid":{"rendered":"https:\/\/diarioellabrador.cl\/?p=18781"},"modified":"2026-04-30T19:51:44","modified_gmt":"2026-04-30T23:51:44","slug":"escuadra-amazonas-de-viejo-maipo-tuvo-lucidas-presentaciones-en-talagante","status":"publish","type":"post","link":"https:\/\/diarioellabrador.cl\/index.php\/2026\/04\/30\/escuadra-amazonas-de-viejo-maipo-tuvo-lucidas-presentaciones-en-talagante\/","title":{"rendered":"Escuadra Amazonas de Viejo Maipo tuvo lucidas presentaciones en Talagante"},"content":{"rendered":"\n<p><strong>Autor: <\/strong><a href=\"https:\/\/www.caballoyrodeo.cl\/portal_rodeo\/site\/artic\/20240205\/pags\/20240205103254.html\">H\u00e9ctor Parraguirre Jara<\/a><\/p>\n\n\n\n<p><strong>La Escuadra Ecuestre Amazonas de Viejo Maipo<\/strong> realiz\u00f3 una destacada participaci\u00f3n en la <strong>Fiesta Criolla de Talagante<\/strong>, donde tuvo brill\u00f3 con sus presentaciones, que incluyen diferentes muestras de la funcionalidad del Caballo Chileno.<\/p>\n\n\n\n<p><strong>Antonia Osorio<\/strong>, presidenta de la Escuadra Amazonas de Viejo Maipo, relat\u00f3 que \u00abfuimos invitadas por la Municipalidad de Talagante a ser parte del primer evento criollo que ten\u00edan en la comuna, as\u00ed que estuvimos dos jornadas, s\u00e1bado y domingo\u00bb.<\/p>\n\n\n\n<p>Con respecto al contenido de su espect\u00e1culo, cont\u00f3 que \u00abuna de las cosas que destacamos son las banderas chilenas. Hacemos una coreograf\u00eda con banderas donde mostramos la bandera de la Patria Vieja, la de la Reconquista y la actual que es la Estrella Solitaria\u00bb.<\/p>\n\n\n\n<p>\u00abLuego hacemos una peque\u00f1a demostraci\u00f3n de barrilete, de lado, porque la escuadra monta a lo amazona. Tuvimos una demostraci\u00f3n de rienda con un integrante de Entre Campos que nos acompa\u00f1\u00f3, que es el actual campe\u00f3n escolar Ferochi de rienda, <strong>Santiago Fern\u00e1ndez<\/strong>, y una de nuestras amazonas, que es bicampeona de rienda Ferocam, nos hizo la demostraci\u00f3n sin bocado, demostrando la mansedumbre del caballo chileno\u00bb, continu\u00f3.<\/p>\n\n\n\n<p>\u00abTuvimos cueca a la bandera, le rendimos homenaje a la bandera y tuvimos tambi\u00e9n cueca a caballo y nuestras coreograf\u00edas en la que buscamos cruces, vueltas. En realidad, la mayor\u00eda va como con la funcionalidad del caballo chileno\u00bb, complet\u00f3.<\/p>\n\n\n\n<p>Las integrantes de Amazonas de Viejo Maipo tambi\u00e9n entregaron los Cuentos del Caballo Chileno de la Federaci\u00f3n de Criadores a los ni\u00f1os presentes.<\/p>\n\n\n\n<p>\u00abHacemos un trabajo conjunto con la Federaci\u00f3n de Criadores, con <strong>Andrea Castagnoli<\/strong>, que es la directora encargada de las Escuadras Ecuestre. Ella con anterioridad nos facilit\u00f3 hartos cuentos y los hemos estado entregando en cada presentaci\u00f3n que nosotros estamos realizando. El marco de p\u00fablico esta vez fue mucho, as\u00ed que entregamos todo lo que ten\u00edamos\u00bb, coment\u00f3 Osorio.<\/p>\n\n\n\n<p>Y sobre lo pr\u00f3ximo para la agrupaci\u00f3n, su presidenta indic\u00f3 que \u00abnosotros como escuadra ahora ya nos vamos a empezar a preparar con nuevas coreograf\u00edas, pensando en septiembre. Hemos tenido hartas ofertas, todav\u00eda no nos decidimos por cu\u00e1l aceptar, porque en nuestra comuna se hacen hartas ceremonias simb\u00f3licas. Ah\u00ed estamos viendo, el a\u00f1o pasado participamos de la Semana de la Chilenidad, pero es un evento en que hay que estar todos los d\u00edas, entonces tenemos que evaluar si vamos a participar all\u00e1 esta vez o en cosas m\u00e1s comunales, que es lo que nos han estado llamando. Y estamos con hartas ganas tambi\u00e9n de ver lo que est\u00e1 planteando la Federaci\u00f3n de Criadores, que son las competencias de escuadras\u00bb.<\/p>\n","protected":false},"excerpt":{"rendered":"<p>Autor: H\u00e9ctor Parraguirre Jara La Escuadra Ecuestre Amazonas de Viejo Maipo realiz\u00f3 una destacada participaci\u00f3n en la Fiesta Criolla de Talagante, donde tuvo brill\u00f3 con sus presentaciones, que incluyen diferentes muestras de la funcionalidad del Caballo Chileno. Antonia Osorio, presidenta de la Escuadra Amazonas de Viejo Maipo, relat\u00f3 que \u00abfuimos invitadas por la Municipalidad de<\/p>\n<div class=\"read-more-wrapper\"><a class=\"read-more\" href=\"https:\/\/diarioellabrador.cl\/index.php\/2026\/04\/30\/escuadra-amazonas-de-viejo-maipo-tuvo-lucidas-presentaciones-en-talagante\/\" title=\"Leer m\u00e1s\"> <span class=\"button \">Leer m\u00e1s<\/span><\/a><\/div>\n","protected":false},"author":2,"featured_media":18749,"comment_status":"open","ping_status":"open","sticky":false,"template":"","format":"standard","meta":{"footnotes":""},"categories":[5],"tags":[],"class_list":["post-18781","post","type-post","status-publish","format-standard","has-post-thumbnail","hentry","category-rodeo"],"yoast_head":"<!-- This site is optimized with the Yoast SEO plugin v27.5 - https:\/\/yoast.com\/product\/yoast-seo-wordpress\/ -->\n<title>Escuadra Amazonas de Viejo Maipo tuvo lucidas presentaciones en Talagante - Diario El Labrador<\/title>\n<meta name=\"robots\" content=\"index, follow, max-snippet:-1, max-image-preview:large, max-video-preview:-1\" \/>\n<link rel=\"canonical\" href=\"https:\/\/diarioellabrador.cl\/index.php\/2026\/04\/30\/escuadra-amazonas-de-viejo-maipo-tuvo-lucidas-presentaciones-en-talagante\/\" \/>\n<meta property=\"og:locale\" content=\"es_ES\" \/>\n<meta property=\"og:type\" content=\"article\" \/>\n<meta property=\"og:title\" content=\"Escuadra Amazonas de Viejo Maipo tuvo lucidas presentaciones en Talagante - Diario El Labrador\" \/>\n<meta property=\"og:description\" content=\"Autor: H\u00e9ctor Parraguirre Jara La Escuadra Ecuestre Amazonas de Viejo Maipo realiz\u00f3 una destacada participaci\u00f3n en la Fiesta Criolla de Talagante, donde tuvo brill\u00f3 con sus presentaciones, que incluyen diferentes muestras de la funcionalidad del Caballo Chileno. Antonia Osorio, presidenta de la Escuadra Amazonas de Viejo Maipo, relat\u00f3 que \u00abfuimos invitadas por la Municipalidad de Leer m\u00e1s\" \/>\n<meta property=\"og:url\" content=\"https:\/\/diarioellabrador.cl\/index.php\/2026\/04\/30\/escuadra-amazonas-de-viejo-maipo-tuvo-lucidas-presentaciones-en-talagante\/\" \/>\n<meta property=\"og:site_name\" content=\"Diario El Labrador\" \/>\n<meta property=\"article:publisher\" content=\"https:\/\/web.facebook.com\/profile.php?id=61576120840621\" \/>\n<meta property=\"article:published_time\" content=\"2026-04-30T23:51:42+00:00\" \/>\n<meta property=\"article:modified_time\" content=\"2026-04-30T23:51:44+00:00\" \/>\n<meta property=\"og:image\" content=\"https:\/\/diarioellabrador.cl\/wp-content\/uploads\/2026\/04\/Escuadra-Amazonas-de-Viejo-Maipo-tuvo-lucidas-presentaciones-en-Talagante1.jpg\" \/>\n\t<meta property=\"og:image:width\" content=\"600\" \/>\n\t<meta property=\"og:image:height\" content=\"356\" \/>\n\t<meta property=\"og:image:type\" content=\"image\/jpeg\" \/>\n<meta name=\"author\" content=\"Editor\" \/>\n<meta name=\"twitter:card\" content=\"summary_large_image\" \/>\n<meta name=\"twitter:creator\" content=\"@ElLabradorOf\" \/>\n<meta name=\"twitter:site\" content=\"@ElLabradorOf\" \/>\n<meta name=\"twitter:label1\" content=\"Escrito por\" \/>\n\t<meta name=\"twitter:data1\" content=\"Editor\" \/>\n\t<meta name=\"twitter:label2\" content=\"Tiempo de lectura\" \/>\n\t<meta name=\"twitter:data2\" content=\"3 minutos\" \/>\n<script type=\"application\/ld+json\" class=\"yoast-schema-graph\">{\"@context\":\"https:\\\/\\\/schema.org\",\"@graph\":[{\"@type\":\"Article\",\"@id\":\"https:\\\/\\\/diarioellabrador.cl\\\/index.php\\\/2026\\\/04\\\/30\\\/escuadra-amazonas-de-viejo-maipo-tuvo-lucidas-presentaciones-en-talagante\\\/#article\",\"isPartOf\":{\"@id\":\"https:\\\/\\\/diarioellabrador.cl\\\/index.php\\\/2026\\\/04\\\/30\\\/escuadra-amazonas-de-viejo-maipo-tuvo-lucidas-presentaciones-en-talagante\\\/\"},\"author\":{\"name\":\"Editor\",\"@id\":\"https:\\\/\\\/diarioellabrador.cl\\\/#\\\/schema\\\/person\\\/bc25ff80b4563f9c7f4bd7855df01685\"},\"headline\":\"Escuadra Amazonas de Viejo Maipo tuvo lucidas presentaciones en Talagante\",\"datePublished\":\"2026-04-30T23:51:42+00:00\",\"dateModified\":\"2026-04-30T23:51:44+00:00\",\"mainEntityOfPage\":{\"@id\":\"https:\\\/\\\/diarioellabrador.cl\\\/index.php\\\/2026\\\/04\\\/30\\\/escuadra-amazonas-de-viejo-maipo-tuvo-lucidas-presentaciones-en-talagante\\\/\"},\"wordCount\":466,\"commentCount\":0,\"publisher\":{\"@id\":\"https:\\\/\\\/diarioellabrador.cl\\\/#organization\"},\"image\":{\"@id\":\"https:\\\/\\\/diarioellabrador.cl\\\/index.php\\\/2026\\\/04\\\/30\\\/escuadra-amazonas-de-viejo-maipo-tuvo-lucidas-presentaciones-en-talagante\\\/#primaryimage\"},\"thumbnailUrl\":\"https:\\\/\\\/diarioellabrador.cl\\\/wp-content\\\/uploads\\\/2026\\\/04\\\/Escuadra-Amazonas-de-Viejo-Maipo-tuvo-lucidas-presentaciones-en-Talagante1.jpg\",\"articleSection\":[\"Rodeo\"],\"inLanguage\":\"es\",\"potentialAction\":[{\"@type\":\"CommentAction\",\"name\":\"Comment\",\"target\":[\"https:\\\/\\\/diarioellabrador.cl\\\/index.php\\\/2026\\\/04\\\/30\\\/escuadra-amazonas-de-viejo-maipo-tuvo-lucidas-presentaciones-en-talagante\\\/#respond\"]}]},{\"@type\":\"WebPage\",\"@id\":\"https:\\\/\\\/diarioellabrador.cl\\\/index.php\\\/2026\\\/04\\\/30\\\/escuadra-amazonas-de-viejo-maipo-tuvo-lucidas-presentaciones-en-talagante\\\/\",\"url\":\"https:\\\/\\\/diarioellabrador.cl\\\/index.php\\\/2026\\\/04\\\/30\\\/escuadra-amazonas-de-viejo-maipo-tuvo-lucidas-presentaciones-en-talagante\\\/\",\"name\":\"Escuadra Amazonas de Viejo Maipo tuvo lucidas presentaciones en Talagante - Diario El Labrador\",\"isPartOf\":{\"@id\":\"https:\\\/\\\/diarioellabrador.cl\\\/#website\"},\"primaryImageOfPage\":{\"@id\":\"https:\\\/\\\/diarioellabrador.cl\\\/index.php\\\/2026\\\/04\\\/30\\\/escuadra-amazonas-de-viejo-maipo-tuvo-lucidas-presentaciones-en-talagante\\\/#primaryimage\"},\"image\":{\"@id\":\"https:\\\/\\\/diarioellabrador.cl\\\/index.php\\\/2026\\\/04\\\/30\\\/escuadra-amazonas-de-viejo-maipo-tuvo-lucidas-presentaciones-en-talagante\\\/#primaryimage\"},\"thumbnailUrl\":\"https:\\\/\\\/diarioellabrador.cl\\\/wp-content\\\/uploads\\\/2026\\\/04\\\/Escuadra-Amazonas-de-Viejo-Maipo-tuvo-lucidas-presentaciones-en-Talagante1.jpg\",\"datePublished\":\"2026-04-30T23:51:42+00:00\",\"dateModified\":\"2026-04-30T23:51:44+00:00\",\"breadcrumb\":{\"@id\":\"https:\\\/\\\/diarioellabrador.cl\\\/index.php\\\/2026\\\/04\\\/30\\\/escuadra-amazonas-de-viejo-maipo-tuvo-lucidas-presentaciones-en-talagante\\\/#breadcrumb\"},\"inLanguage\":\"es\",\"potentialAction\":[{\"@type\":\"ReadAction\",\"target\":[\"https:\\\/\\\/diarioellabrador.cl\\\/index.php\\\/2026\\\/04\\\/30\\\/escuadra-amazonas-de-viejo-maipo-tuvo-lucidas-presentaciones-en-talagante\\\/\"]}]},{\"@type\":\"ImageObject\",\"inLanguage\":\"es\",\"@id\":\"https:\\\/\\\/diarioellabrador.cl\\\/index.php\\\/2026\\\/04\\\/30\\\/escuadra-amazonas-de-viejo-maipo-tuvo-lucidas-presentaciones-en-talagante\\\/#primaryimage\",\"url\":\"https:\\\/\\\/diarioellabrador.cl\\\/wp-content\\\/uploads\\\/2026\\\/04\\\/Escuadra-Amazonas-de-Viejo-Maipo-tuvo-lucidas-presentaciones-en-Talagante1.jpg\",\"contentUrl\":\"https:\\\/\\\/diarioellabrador.cl\\\/wp-content\\\/uploads\\\/2026\\\/04\\\/Escuadra-Amazonas-de-Viejo-Maipo-tuvo-lucidas-presentaciones-en-Talagante1.jpg\",\"width\":600,\"height\":356},{\"@type\":\"BreadcrumbList\",\"@id\":\"https:\\\/\\\/diarioellabrador.cl\\\/index.php\\\/2026\\\/04\\\/30\\\/escuadra-amazonas-de-viejo-maipo-tuvo-lucidas-presentaciones-en-talagante\\\/#breadcrumb\",\"itemListElement\":[{\"@type\":\"ListItem\",\"position\":1,\"name\":\"Portada\",\"item\":\"https:\\\/\\\/diarioellabrador.cl\\\/\"},{\"@type\":\"ListItem\",\"position\":2,\"name\":\"Escuadra Amazonas de Viejo Maipo tuvo lucidas presentaciones en Talagante\"}]},{\"@type\":\"WebSite\",\"@id\":\"https:\\\/\\\/diarioellabrador.cl\\\/#website\",\"url\":\"https:\\\/\\\/diarioellabrador.cl\\\/\",\"name\":\"Diario El Labrador\",\"description\":\"Haciendo noticia desde 1921\",\"publisher\":{\"@id\":\"https:\\\/\\\/diarioellabrador.cl\\\/#organization\"},\"potentialAction\":[{\"@type\":\"SearchAction\",\"target\":{\"@type\":\"EntryPoint\",\"urlTemplate\":\"https:\\\/\\\/diarioellabrador.cl\\\/?s={search_term_string}\"},\"query-input\":{\"@type\":\"PropertyValueSpecification\",\"valueRequired\":true,\"valueName\":\"search_term_string\"}}],\"inLanguage\":\"es\"},{\"@type\":\"Organization\",\"@id\":\"https:\\\/\\\/diarioellabrador.cl\\\/#organization\",\"name\":\"Diario El Labrador\",\"url\":\"https:\\\/\\\/diarioellabrador.cl\\\/\",\"logo\":{\"@type\":\"ImageObject\",\"inLanguage\":\"es\",\"@id\":\"https:\\\/\\\/diarioellabrador.cl\\\/#\\\/schema\\\/logo\\\/image\\\/\",\"url\":\"https:\\\/\\\/diarioellabrador.cl\\\/wp-content\\\/uploads\\\/2025\\\/02\\\/cropped-Logo-Icono.png\",\"contentUrl\":\"https:\\\/\\\/diarioellabrador.cl\\\/wp-content\\\/uploads\\\/2025\\\/02\\\/cropped-Logo-Icono.png\",\"width\":512,\"height\":512,\"caption\":\"Diario El Labrador\"},\"image\":{\"@id\":\"https:\\\/\\\/diarioellabrador.cl\\\/#\\\/schema\\\/logo\\\/image\\\/\"},\"sameAs\":[\"https:\\\/\\\/web.facebook.com\\\/profile.php?id=61576120840621\",\"https:\\\/\\\/x.com\\\/ElLabradorOf\",\"https:\\\/\\\/www.instagram.com\\\/diarioellabradoroficial\\\/\"]},{\"@type\":\"Person\",\"@id\":\"https:\\\/\\\/diarioellabrador.cl\\\/#\\\/schema\\\/person\\\/bc25ff80b4563f9c7f4bd7855df01685\",\"name\":\"Editor\",\"image\":{\"@type\":\"ImageObject\",\"inLanguage\":\"es\",\"@id\":\"https:\\\/\\\/secure.gravatar.com\\\/avatar\\\/109c326cf2be5c04f048c2c2a2b8b6ef44bf3d8d1d3d4c55d0ac40c4bc994684?s=96&d=mm&r=g\",\"url\":\"https:\\\/\\\/secure.gravatar.com\\\/avatar\\\/109c326cf2be5c04f048c2c2a2b8b6ef44bf3d8d1d3d4c55d0ac40c4bc994684?s=96&d=mm&r=g\",\"contentUrl\":\"https:\\\/\\\/secure.gravatar.com\\\/avatar\\\/109c326cf2be5c04f048c2c2a2b8b6ef44bf3d8d1d3d4c55d0ac40c4bc994684?s=96&d=mm&r=g\",\"caption\":\"Editor\"},\"url\":\"https:\\\/\\\/diarioellabrador.cl\\\/index.php\\\/author\\\/editor\\\/\"}]}<\/script>\n<!-- \/ Yoast SEO plugin. -->","yoast_head_json":{"title":"Escuadra Amazonas de Viejo Maipo tuvo lucidas presentaciones en Talagante - Diario El Labrador","robots":{"index":"index","follow":"follow","max-snippet":"max-snippet:-1","max-image-preview":"max-image-preview:large","max-video-preview":"max-video-preview:-1"},"canonical":"https:\/\/diarioellabrador.cl\/index.php\/2026\/04\/30\/escuadra-amazonas-de-viejo-maipo-tuvo-lucidas-presentaciones-en-talagante\/","og_locale":"es_ES","og_type":"article","og_title":"Escuadra Amazonas de Viejo Maipo tuvo lucidas presentaciones en Talagante - Diario El Labrador","og_description":"Autor: H\u00e9ctor Parraguirre Jara La Escuadra Ecuestre Amazonas de Viejo Maipo realiz\u00f3 una destacada participaci\u00f3n en la Fiesta Criolla de Talagante, donde tuvo brill\u00f3 con sus presentaciones, que incluyen diferentes muestras de la funcionalidad del Caballo Chileno. Antonia Osorio, presidenta de la Escuadra Amazonas de Viejo Maipo, relat\u00f3 que \u00abfuimos invitadas por la Municipalidad de Leer m\u00e1s","og_url":"https:\/\/diarioellabrador.cl\/index.php\/2026\/04\/30\/escuadra-amazonas-de-viejo-maipo-tuvo-lucidas-presentaciones-en-talagante\/","og_site_name":"Diario El Labrador","article_publisher":"https:\/\/web.facebook.com\/profile.php?id=61576120840621","article_published_time":"2026-04-30T23:51:42+00:00","article_modified_time":"2026-04-30T23:51:44+00:00","og_image":[{"width":600,"height":356,"url":"https:\/\/diarioellabrador.cl\/wp-content\/uploads\/2026\/04\/Escuadra-Amazonas-de-Viejo-Maipo-tuvo-lucidas-presentaciones-en-Talagante1.jpg","type":"image\/jpeg"}],"author":"Editor","twitter_card":"summary_large_image","twitter_creator":"@ElLabradorOf","twitter_site":"@ElLabradorOf","twitter_misc":{"Escrito por":"Editor","Tiempo de lectura":"3 minutos"},"schema":{"@context":"https:\/\/schema.org","@graph":[{"@type":"Article","@id":"https:\/\/diarioellabrador.cl\/index.php\/2026\/04\/30\/escuadra-amazonas-de-viejo-maipo-tuvo-lucidas-presentaciones-en-talagante\/#article","isPartOf":{"@id":"https:\/\/diarioellabrador.cl\/index.php\/2026\/04\/30\/escuadra-amazonas-de-viejo-maipo-tuvo-lucidas-presentaciones-en-talagante\/"},"author":{"name":"Editor","@id":"https:\/\/diarioellabrador.cl\/#\/schema\/person\/bc25ff80b4563f9c7f4bd7855df01685"},"headline":"Escuadra Amazonas de Viejo Maipo tuvo lucidas presentaciones en Talagante","datePublished":"2026-04-30T23:51:42+00:00","dateModified":"2026-04-30T23:51:44+00:00","mainEntityOfPage":{"@id":"https:\/\/diarioellabrador.cl\/index.php\/2026\/04\/30\/escuadra-amazonas-de-viejo-maipo-tuvo-lucidas-presentaciones-en-talagante\/"},"wordCount":466,"commentCount":0,"publisher":{"@id":"https:\/\/diarioellabrador.cl\/#organization"},"image":{"@id":"https:\/\/diarioellabrador.cl\/index.php\/2026\/04\/30\/escuadra-amazonas-de-viejo-maipo-tuvo-lucidas-presentaciones-en-talagante\/#primaryimage"},"thumbnailUrl":"https:\/\/diarioellabrador.cl\/wp-content\/uploads\/2026\/04\/Escuadra-Amazonas-de-Viejo-Maipo-tuvo-lucidas-presentaciones-en-Talagante1.jpg","articleSection":["Rodeo"],"inLanguage":"es","potentialAction":[{"@type":"CommentAction","name":"Comment","target":["https:\/\/diarioellabrador.cl\/index.php\/2026\/04\/30\/escuadra-amazonas-de-viejo-maipo-tuvo-lucidas-presentaciones-en-talagante\/#respond"]}]},{"@type":"WebPage","@id":"https:\/\/diarioellabrador.cl\/index.php\/2026\/04\/30\/escuadra-amazonas-de-viejo-maipo-tuvo-lucidas-presentaciones-en-talagante\/","url":"https:\/\/diarioellabrador.cl\/index.php\/2026\/04\/30\/escuadra-amazonas-de-viejo-maipo-tuvo-lucidas-presentaciones-en-talagante\/","name":"Escuadra Amazonas de Viejo Maipo tuvo lucidas presentaciones en Talagante - Diario El Labrador","isPartOf":{"@id":"https:\/\/diarioellabrador.cl\/#website"},"primaryImageOfPage":{"@id":"https:\/\/diarioellabrador.cl\/index.php\/2026\/04\/30\/escuadra-amazonas-de-viejo-maipo-tuvo-lucidas-presentaciones-en-talagante\/#primaryimage"},"image":{"@id":"https:\/\/diarioellabrador.cl\/index.php\/2026\/04\/30\/escuadra-amazonas-de-viejo-maipo-tuvo-lucidas-presentaciones-en-talagante\/#primaryimage"},"thumbnailUrl":"https:\/\/diarioellabrador.cl\/wp-content\/uploads\/2026\/04\/Escuadra-Amazonas-de-Viejo-Maipo-tuvo-lucidas-presentaciones-en-Talagante1.jpg","datePublished":"2026-04-30T23:51:42+00:00","dateModified":"2026-04-30T23:51:44+00:00","breadcrumb":{"@id":"https:\/\/diarioellabrador.cl\/index.php\/2026\/04\/30\/escuadra-amazonas-de-viejo-maipo-tuvo-lucidas-presentaciones-en-talagante\/#breadcrumb"},"inLanguage":"es","potentialAction":[{"@type":"ReadAction","target":["https:\/\/diarioellabrador.cl\/index.php\/2026\/04\/30\/escuadra-amazonas-de-viejo-maipo-tuvo-lucidas-presentaciones-en-talagante\/"]}]},{"@type":"ImageObject","inLanguage":"es","@id":"https:\/\/diarioellabrador.cl\/index.php\/2026\/04\/30\/escuadra-amazonas-de-viejo-maipo-tuvo-lucidas-presentaciones-en-talagante\/#primaryimage","url":"https:\/\/diarioellabrador.cl\/wp-content\/uploads\/2026\/04\/Escuadra-Amazonas-de-Viejo-Maipo-tuvo-lucidas-presentaciones-en-Talagante1.jpg","contentUrl":"https:\/\/diarioellabrador.cl\/wp-content\/uploads\/2026\/04\/Escuadra-Amazonas-de-Viejo-Maipo-tuvo-lucidas-presentaciones-en-Talagante1.jpg","width":600,"height":356},{"@type":"BreadcrumbList","@id":"https:\/\/diarioellabrador.cl\/index.php\/2026\/04\/30\/escuadra-amazonas-de-viejo-maipo-tuvo-lucidas-presentaciones-en-talagante\/#breadcrumb","itemListElement":[{"@type":"ListItem","position":1,"name":"Portada","item":"https:\/\/diarioellabrador.cl\/"},{"@type":"ListItem","position":2,"name":"Escuadra Amazonas de Viejo Maipo tuvo lucidas presentaciones en Talagante"}]},{"@type":"WebSite","@id":"https:\/\/diarioellabrador.cl\/#website","url":"https:\/\/diarioellabrador.cl\/","name":"Diario El Labrador","description":"Haciendo noticia desde 1921","publisher":{"@id":"https:\/\/diarioellabrador.cl\/#organization"},"potentialAction":[{"@type":"SearchAction","target":{"@type":"EntryPoint","urlTemplate":"https:\/\/diarioellabrador.cl\/?s={search_term_string}"},"query-input":{"@type":"PropertyValueSpecification","valueRequired":true,"valueName":"search_term_string"}}],"inLanguage":"es"},{"@type":"Organization","@id":"https:\/\/diarioellabrador.cl\/#organization","name":"Diario El Labrador","url":"https:\/\/diarioellabrador.cl\/","logo":{"@type":"ImageObject","inLanguage":"es","@id":"https:\/\/diarioellabrador.cl\/#\/schema\/logo\/image\/","url":"https:\/\/diarioellabrador.cl\/wp-content\/uploads\/2025\/02\/cropped-Logo-Icono.png","contentUrl":"https:\/\/diarioellabrador.cl\/wp-content\/uploads\/2025\/02\/cropped-Logo-Icono.png","width":512,"height":512,"caption":"Diario El Labrador"},"image":{"@id":"https:\/\/diarioellabrador.cl\/#\/schema\/logo\/image\/"},"sameAs":["https:\/\/web.facebook.com\/profile.php?id=61576120840621","https:\/\/x.com\/ElLabradorOf","https:\/\/www.instagram.com\/diarioellabradoroficial\/"]},{"@type":"Person","@id":"https:\/\/diarioellabrador.cl\/#\/schema\/person\/bc25ff80b4563f9c7f4bd7855df01685","name":"Editor","image":{"@type":"ImageObject","inLanguage":"es","@id":"https:\/\/secure.gravatar.com\/avatar\/109c326cf2be5c04f048c2c2a2b8b6ef44bf3d8d1d3d4c55d0ac40c4bc994684?s=96&d=mm&r=g","url":"https:\/\/secure.gravatar.com\/avatar\/109c326cf2be5c04f048c2c2a2b8b6ef44bf3d8d1d3d4c55d0ac40c4bc994684?s=96&d=mm&r=g","contentUrl":"https:\/\/secure.gravatar.com\/avatar\/109c326cf2be5c04f048c2c2a2b8b6ef44bf3d8d1d3d4c55d0ac40c4bc994684?s=96&d=mm&r=g","caption":"Editor"},"url":"https:\/\/diarioellabrador.cl\/index.php\/author\/editor\/"}]}},"_links":{"self":[{"href":"https:\/\/diarioellabrador.cl\/index.php\/wp-json\/wp\/v2\/posts\/18781","targetHints":{"allow":["GET"]}}],"collection":[{"href":"https:\/\/diarioellabrador.cl\/index.php\/wp-json\/wp\/v2\/posts"}],"about":[{"href":"https:\/\/diarioellabrador.cl\/index.php\/wp-json\/wp\/v2\/types\/post"}],"author":[{"embeddable":true,"href":"https:\/\/diarioellabrador.cl\/index.php\/wp-json\/wp\/v2\/users\/2"}],"replies":[{"embeddable":true,"href":"https:\/\/diarioellabrador.cl\/index.php\/wp-json\/wp\/v2\/comments?post=18781"}],"version-history":[{"count":1,"href":"https:\/\/diarioellabrador.cl\/index.php\/wp-json\/wp\/v2\/posts\/18781\/revisions"}],"predecessor-version":[{"id":18782,"href":"https:\/\/diarioellabrador.cl\/index.php\/wp-json\/wp\/v2\/posts\/18781\/revisions\/18782"}],"wp:featuredmedia":[{"embeddable":true,"href":"https:\/\/diarioellabrador.cl\/index.php\/wp-json\/wp\/v2\/media\/18749"}],"wp:attachment":[{"href":"https:\/\/diarioellabrador.cl\/index.php\/wp-json\/wp\/v2\/media?parent=18781"}],"wp:term":[{"taxonomy":"category","embeddable":true,"href":"https:\/\/diarioellabrador.cl\/index.php\/wp-json\/wp\/v2\/categories?post=18781"},{"taxonomy":"post_tag","embeddable":true,"href":"https:\/\/diarioellabrador.cl\/index.php\/wp-json\/wp\/v2\/tags?post=18781"}],"curies":[{"name":"wp","href":"https:\/\/api.w.org\/{rel}","templated":true}]}}