{"id":18779,"date":"2026-04-30T19:51:06","date_gmt":"2026-04-30T23:51:06","guid":{"rendered":"https:\/\/diarioellabrador.cl\/?p=18779"},"modified":"2026-04-30T19:51:08","modified_gmt":"2026-04-30T23:51:08","slug":"catalina-olguin-y-camila-espinoza-vuelven-a-la-final-femenina-con-el-desafio-de-defender-el-titulo","status":"publish","type":"post","link":"https:\/\/diarioellabrador.cl\/index.php\/2026\/04\/30\/catalina-olguin-y-camila-espinoza-vuelven-a-la-final-femenina-con-el-desafio-de-defender-el-titulo\/","title":{"rendered":"Catalina Olgu\u00edn y Camila Espinoza vuelven a la Final Femenina con el desaf\u00edo de defender el t\u00edtulo"},"content":{"rendered":"\n<p><strong>Autor: <\/strong>Fernanda Silva<\/p>\n\n\n\n<p>Hace un a\u00f1o dieron la sorpresa y se quedaron con el lugar m\u00e1s alto de la <strong>Final Nacional de Rodeo Femenino<\/strong>. Hoy, <strong>Catalina Olgu\u00edn y Camila Espinoza<\/strong> regresan al ruedo nuevamente, pero esta vez con una misi\u00f3n diferente: defender la corona.&nbsp;<\/p>\n\n\n\n<p>En 2025, la collera de las asociaciones Talagante Sur Poniente y Paine se impuso en la Serie de Campeonas montando a <strong>Mi Buen Amigo Connotado y B\u00e9lgica Armonioso<\/strong>, alcanzando <strong>19 puntos buenos (6+3+2+8)<\/strong> en una definici\u00f3n que se resolvi\u00f3 en los \u00faltimos toros.&nbsp;<\/p>\n\n\n\n<p>Detr\u00e1s de ellas quedaron <strong>Paola Lembach y Marjorie Hermosilla<\/strong> con <strong>18 puntos<\/strong>, mientras que el tercer lugar fue para <strong>Josefina Jorquera y Constanza Ureta<\/strong> con <strong>17<\/strong>, en un campeonato bastante competitivo.&nbsp;<\/p>\n\n\n\n<p>En un di\u00e1logo con CaballoyRodeo.cl, las actuales campeonas revivieron el d\u00eda que cumplieron un sue\u00f1o: \u00abEstaba muy emocionada y muy muy orgullosa, ya que no lo esper\u00e1bamos\u00bb, record\u00f3 <strong>Camila Espinoza<\/strong>.<\/p>\n\n\n\n<p>\u00ab<strong>Para m\u00ed personalmente fue un sue\u00f1o cumplido<\/strong> y ahora hemos disfrutado nuestro momento durante todo el a\u00f1o\u00bb, agreg\u00f3.<\/p>\n\n\n\n<p>Por su lado, Catalina record\u00f3 el \u00faltimo animal de la serie: \u00abCorrimos tranquilas, siempre sumando. En el cuarto toro est\u00e1bamos en suspenso cuando corr\u00eda la collera de Marjorie\u00bb.<\/p>\n\n\n\n<p>\u00abUna vez que ya para adelante no hicieron la atajada\u2026 <strong>ah\u00ed super feliz, no la pod\u00edamos creer, fue algo super inesperado<\/strong>\u00ab, coment\u00f3.<\/p>\n\n\n\n<p>El impacto del triunfo se extendi\u00f3 m\u00e1s all\u00e1 de la medialuna. Durante el a\u00f1o, ambas han vivido el reconocimiento del mundo corralero: \u00abHa sido muy lindo. Hemos disfrutado mucho este tiempo, nos invitan a distintos lados y ahora nos identifican como las campeonas\u00bb, coment\u00f3 Espinoza.&nbsp;<\/p>\n\n\n\n<p>Hoy, el escenario es distinto para ambas jinetes, que vuelven a la medialuna con la responsabilidad de defender el t\u00edtulo: \u00abSe siente distinto, porque <strong>hay m\u00e1s presi\u00f3n y est\u00e1n todos los ojos puestos en una<\/strong>\u00ab, reconoci\u00f3 Catalina Olgu\u00edn, quien agreg\u00f3 que, pese a eso, intentan mantener la misma forma de enfrentar la competencia.<\/p>\n\n\n\n<p>En esa l\u00ednea, Camila Espinoza coincidi\u00f3 en que el contexto cambia: \u00abNo es lo mismo que el a\u00f1o pasado. <strong>Ahora una quiere hacerlo bien, mostrarse bien, entonces hay harta m\u00e1s presi\u00f3n detr\u00e1s<\/strong>\u00ab.<\/p>\n\n\n\n<p>Para esta nueva final, la collera campeona regresar\u00e1 junto a otra dupla, con el objetivo de competir y, si se da, instalarse nuevamente en el podio. Sin embargo, el enfoque sigue siendo claro.<\/p>\n\n\n\n<p>\u00abVamos tranquilas, la idea es disfrutar y que sea lo que Dios quiera. <strong>Si se vuelve a dar, felices, y si no, nos quedamos con lo vivido<\/strong>\u00ab, sostuvo Olgu\u00edn.<\/p>\n\n\n\n<p>Espinoza, en tanto, destac\u00f3 el trabajo previo: \u00abNos hemos preparado harto. <strong>Queremos hacer las cosas bien, correr ordenadas y mostrar bien los caballos<\/strong>\u00ab.<\/p>\n\n\n\n<p>De esta manera, Olgu\u00edn y Espinoza enfrentar\u00e1n una nueva Final Nacional de Rodeo Femenino con la experiencia de haber alcanzado el t\u00edtulo y el desaf\u00edo de volver a estar entre las mejores.<\/p>\n","protected":false},"excerpt":{"rendered":"<p>Autor: Fernanda Silva Hace un a\u00f1o dieron la sorpresa y se quedaron con el lugar m\u00e1s alto de la Final Nacional de Rodeo Femenino. Hoy, Catalina Olgu\u00edn y Camila Espinoza regresan al ruedo nuevamente, pero esta vez con una misi\u00f3n diferente: defender la corona.&nbsp; En 2025, la collera de las asociaciones Talagante Sur Poniente y<\/p>\n<div class=\"read-more-wrapper\"><a class=\"read-more\" href=\"https:\/\/diarioellabrador.cl\/index.php\/2026\/04\/30\/catalina-olguin-y-camila-espinoza-vuelven-a-la-final-femenina-con-el-desafio-de-defender-el-titulo\/\" title=\"Leer m\u00e1s\"> <span class=\"button \">Leer m\u00e1s<\/span><\/a><\/div>\n","protected":false},"author":2,"featured_media":18750,"comment_status":"open","ping_status":"open","sticky":false,"template":"","format":"standard","meta":{"footnotes":""},"categories":[5],"tags":[],"class_list":["post-18779","post","type-post","status-publish","format-standard","has-post-thumbnail","hentry","category-rodeo"],"yoast_head":"<!-- This site is optimized with the Yoast SEO plugin v27.5 - https:\/\/yoast.com\/product\/yoast-seo-wordpress\/ -->\n<title>Catalina Olgu\u00edn y Camila Espinoza vuelven a la Final Femenina con el desaf\u00edo de defender el t\u00edtulo - Diario El Labrador<\/title>\n<meta name=\"robots\" content=\"index, follow, max-snippet:-1, max-image-preview:large, max-video-preview:-1\" \/>\n<link rel=\"canonical\" href=\"https:\/\/diarioellabrador.cl\/index.php\/2026\/04\/30\/catalina-olguin-y-camila-espinoza-vuelven-a-la-final-femenina-con-el-desafio-de-defender-el-titulo\/\" \/>\n<meta property=\"og:locale\" content=\"es_ES\" \/>\n<meta property=\"og:type\" content=\"article\" \/>\n<meta property=\"og:title\" content=\"Catalina Olgu\u00edn y Camila Espinoza vuelven a la Final Femenina con el desaf\u00edo de defender el t\u00edtulo - Diario El Labrador\" \/>\n<meta property=\"og:description\" content=\"Autor: Fernanda Silva Hace un a\u00f1o dieron la sorpresa y se quedaron con el lugar m\u00e1s alto de la Final Nacional de Rodeo Femenino. Hoy, Catalina Olgu\u00edn y Camila Espinoza regresan al ruedo nuevamente, pero esta vez con una misi\u00f3n diferente: defender la corona.&nbsp; En 2025, la collera de las asociaciones Talagante Sur Poniente y Leer m\u00e1s\" \/>\n<meta property=\"og:url\" content=\"https:\/\/diarioellabrador.cl\/index.php\/2026\/04\/30\/catalina-olguin-y-camila-espinoza-vuelven-a-la-final-femenina-con-el-desafio-de-defender-el-titulo\/\" \/>\n<meta property=\"og:site_name\" content=\"Diario El Labrador\" \/>\n<meta property=\"article:publisher\" content=\"https:\/\/web.facebook.com\/profile.php?id=61576120840621\" \/>\n<meta property=\"article:published_time\" content=\"2026-04-30T23:51:06+00:00\" \/>\n<meta property=\"article:modified_time\" content=\"2026-04-30T23:51:08+00:00\" \/>\n<meta property=\"og:image\" content=\"https:\/\/diarioellabrador.cl\/wp-content\/uploads\/2026\/04\/Catalina-Olguin-y-Camila-Espinoza-vuelven-a-la-Final-Femenina-con-el-desafio-de-defender-el-titulo.jpg\" \/>\n\t<meta property=\"og:image:width\" content=\"750\" \/>\n\t<meta property=\"og:image:height\" content=\"389\" \/>\n\t<meta property=\"og:image:type\" content=\"image\/jpeg\" \/>\n<meta name=\"author\" content=\"Editor\" \/>\n<meta name=\"twitter:card\" content=\"summary_large_image\" \/>\n<meta name=\"twitter:creator\" content=\"@ElLabradorOf\" \/>\n<meta name=\"twitter:site\" content=\"@ElLabradorOf\" \/>\n<meta name=\"twitter:label1\" content=\"Escrito por\" \/>\n\t<meta name=\"twitter:data1\" content=\"Editor\" \/>\n\t<meta name=\"twitter:label2\" content=\"Tiempo de lectura\" \/>\n\t<meta name=\"twitter:data2\" content=\"3 minutos\" \/>\n<script type=\"application\/ld+json\" class=\"yoast-schema-graph\">{\"@context\":\"https:\\\/\\\/schema.org\",\"@graph\":[{\"@type\":\"Article\",\"@id\":\"https:\\\/\\\/diarioellabrador.cl\\\/index.php\\\/2026\\\/04\\\/30\\\/catalina-olguin-y-camila-espinoza-vuelven-a-la-final-femenina-con-el-desafio-de-defender-el-titulo\\\/#article\",\"isPartOf\":{\"@id\":\"https:\\\/\\\/diarioellabrador.cl\\\/index.php\\\/2026\\\/04\\\/30\\\/catalina-olguin-y-camila-espinoza-vuelven-a-la-final-femenina-con-el-desafio-de-defender-el-titulo\\\/\"},\"author\":{\"name\":\"Editor\",\"@id\":\"https:\\\/\\\/diarioellabrador.cl\\\/#\\\/schema\\\/person\\\/bc25ff80b4563f9c7f4bd7855df01685\"},\"headline\":\"Catalina Olgu\u00edn y Camila Espinoza vuelven a la Final Femenina con el desaf\u00edo de defender el t\u00edtulo\",\"datePublished\":\"2026-04-30T23:51:06+00:00\",\"dateModified\":\"2026-04-30T23:51:08+00:00\",\"mainEntityOfPage\":{\"@id\":\"https:\\\/\\\/diarioellabrador.cl\\\/index.php\\\/2026\\\/04\\\/30\\\/catalina-olguin-y-camila-espinoza-vuelven-a-la-final-femenina-con-el-desafio-de-defender-el-titulo\\\/\"},\"wordCount\":516,\"commentCount\":0,\"publisher\":{\"@id\":\"https:\\\/\\\/diarioellabrador.cl\\\/#organization\"},\"image\":{\"@id\":\"https:\\\/\\\/diarioellabrador.cl\\\/index.php\\\/2026\\\/04\\\/30\\\/catalina-olguin-y-camila-espinoza-vuelven-a-la-final-femenina-con-el-desafio-de-defender-el-titulo\\\/#primaryimage\"},\"thumbnailUrl\":\"https:\\\/\\\/diarioellabrador.cl\\\/wp-content\\\/uploads\\\/2026\\\/04\\\/Catalina-Olguin-y-Camila-Espinoza-vuelven-a-la-Final-Femenina-con-el-desafio-de-defender-el-titulo.jpg\",\"articleSection\":[\"Rodeo\"],\"inLanguage\":\"es\",\"potentialAction\":[{\"@type\":\"CommentAction\",\"name\":\"Comment\",\"target\":[\"https:\\\/\\\/diarioellabrador.cl\\\/index.php\\\/2026\\\/04\\\/30\\\/catalina-olguin-y-camila-espinoza-vuelven-a-la-final-femenina-con-el-desafio-de-defender-el-titulo\\\/#respond\"]}]},{\"@type\":\"WebPage\",\"@id\":\"https:\\\/\\\/diarioellabrador.cl\\\/index.php\\\/2026\\\/04\\\/30\\\/catalina-olguin-y-camila-espinoza-vuelven-a-la-final-femenina-con-el-desafio-de-defender-el-titulo\\\/\",\"url\":\"https:\\\/\\\/diarioellabrador.cl\\\/index.php\\\/2026\\\/04\\\/30\\\/catalina-olguin-y-camila-espinoza-vuelven-a-la-final-femenina-con-el-desafio-de-defender-el-titulo\\\/\",\"name\":\"Catalina Olgu\u00edn y Camila Espinoza vuelven a la Final Femenina con el desaf\u00edo de defender el t\u00edtulo - Diario El Labrador\",\"isPartOf\":{\"@id\":\"https:\\\/\\\/diarioellabrador.cl\\\/#website\"},\"primaryImageOfPage\":{\"@id\":\"https:\\\/\\\/diarioellabrador.cl\\\/index.php\\\/2026\\\/04\\\/30\\\/catalina-olguin-y-camila-espinoza-vuelven-a-la-final-femenina-con-el-desafio-de-defender-el-titulo\\\/#primaryimage\"},\"image\":{\"@id\":\"https:\\\/\\\/diarioellabrador.cl\\\/index.php\\\/2026\\\/04\\\/30\\\/catalina-olguin-y-camila-espinoza-vuelven-a-la-final-femenina-con-el-desafio-de-defender-el-titulo\\\/#primaryimage\"},\"thumbnailUrl\":\"https:\\\/\\\/diarioellabrador.cl\\\/wp-content\\\/uploads\\\/2026\\\/04\\\/Catalina-Olguin-y-Camila-Espinoza-vuelven-a-la-Final-Femenina-con-el-desafio-de-defender-el-titulo.jpg\",\"datePublished\":\"2026-04-30T23:51:06+00:00\",\"dateModified\":\"2026-04-30T23:51:08+00:00\",\"breadcrumb\":{\"@id\":\"https:\\\/\\\/diarioellabrador.cl\\\/index.php\\\/2026\\\/04\\\/30\\\/catalina-olguin-y-camila-espinoza-vuelven-a-la-final-femenina-con-el-desafio-de-defender-el-titulo\\\/#breadcrumb\"},\"inLanguage\":\"es\",\"potentialAction\":[{\"@type\":\"ReadAction\",\"target\":[\"https:\\\/\\\/diarioellabrador.cl\\\/index.php\\\/2026\\\/04\\\/30\\\/catalina-olguin-y-camila-espinoza-vuelven-a-la-final-femenina-con-el-desafio-de-defender-el-titulo\\\/\"]}]},{\"@type\":\"ImageObject\",\"inLanguage\":\"es\",\"@id\":\"https:\\\/\\\/diarioellabrador.cl\\\/index.php\\\/2026\\\/04\\\/30\\\/catalina-olguin-y-camila-espinoza-vuelven-a-la-final-femenina-con-el-desafio-de-defender-el-titulo\\\/#primaryimage\",\"url\":\"https:\\\/\\\/diarioellabrador.cl\\\/wp-content\\\/uploads\\\/2026\\\/04\\\/Catalina-Olguin-y-Camila-Espinoza-vuelven-a-la-Final-Femenina-con-el-desafio-de-defender-el-titulo.jpg\",\"contentUrl\":\"https:\\\/\\\/diarioellabrador.cl\\\/wp-content\\\/uploads\\\/2026\\\/04\\\/Catalina-Olguin-y-Camila-Espinoza-vuelven-a-la-Final-Femenina-con-el-desafio-de-defender-el-titulo.jpg\",\"width\":750,\"height\":389},{\"@type\":\"BreadcrumbList\",\"@id\":\"https:\\\/\\\/diarioellabrador.cl\\\/index.php\\\/2026\\\/04\\\/30\\\/catalina-olguin-y-camila-espinoza-vuelven-a-la-final-femenina-con-el-desafio-de-defender-el-titulo\\\/#breadcrumb\",\"itemListElement\":[{\"@type\":\"ListItem\",\"position\":1,\"name\":\"Portada\",\"item\":\"https:\\\/\\\/diarioellabrador.cl\\\/\"},{\"@type\":\"ListItem\",\"position\":2,\"name\":\"Catalina Olgu\u00edn y Camila Espinoza vuelven a la Final Femenina con el desaf\u00edo de defender el t\u00edtulo\"}]},{\"@type\":\"WebSite\",\"@id\":\"https:\\\/\\\/diarioellabrador.cl\\\/#website\",\"url\":\"https:\\\/\\\/diarioellabrador.cl\\\/\",\"name\":\"Diario El Labrador\",\"description\":\"Haciendo noticia desde 1921\",\"publisher\":{\"@id\":\"https:\\\/\\\/diarioellabrador.cl\\\/#organization\"},\"potentialAction\":[{\"@type\":\"SearchAction\",\"target\":{\"@type\":\"EntryPoint\",\"urlTemplate\":\"https:\\\/\\\/diarioellabrador.cl\\\/?s={search_term_string}\"},\"query-input\":{\"@type\":\"PropertyValueSpecification\",\"valueRequired\":true,\"valueName\":\"search_term_string\"}}],\"inLanguage\":\"es\"},{\"@type\":\"Organization\",\"@id\":\"https:\\\/\\\/diarioellabrador.cl\\\/#organization\",\"name\":\"Diario El Labrador\",\"url\":\"https:\\\/\\\/diarioellabrador.cl\\\/\",\"logo\":{\"@type\":\"ImageObject\",\"inLanguage\":\"es\",\"@id\":\"https:\\\/\\\/diarioellabrador.cl\\\/#\\\/schema\\\/logo\\\/image\\\/\",\"url\":\"https:\\\/\\\/diarioellabrador.cl\\\/wp-content\\\/uploads\\\/2025\\\/02\\\/cropped-Logo-Icono.png\",\"contentUrl\":\"https:\\\/\\\/diarioellabrador.cl\\\/wp-content\\\/uploads\\\/2025\\\/02\\\/cropped-Logo-Icono.png\",\"width\":512,\"height\":512,\"caption\":\"Diario El Labrador\"},\"image\":{\"@id\":\"https:\\\/\\\/diarioellabrador.cl\\\/#\\\/schema\\\/logo\\\/image\\\/\"},\"sameAs\":[\"https:\\\/\\\/web.facebook.com\\\/profile.php?id=61576120840621\",\"https:\\\/\\\/x.com\\\/ElLabradorOf\",\"https:\\\/\\\/www.instagram.com\\\/diarioellabradoroficial\\\/\"]},{\"@type\":\"Person\",\"@id\":\"https:\\\/\\\/diarioellabrador.cl\\\/#\\\/schema\\\/person\\\/bc25ff80b4563f9c7f4bd7855df01685\",\"name\":\"Editor\",\"image\":{\"@type\":\"ImageObject\",\"inLanguage\":\"es\",\"@id\":\"https:\\\/\\\/secure.gravatar.com\\\/avatar\\\/109c326cf2be5c04f048c2c2a2b8b6ef44bf3d8d1d3d4c55d0ac40c4bc994684?s=96&d=mm&r=g\",\"url\":\"https:\\\/\\\/secure.gravatar.com\\\/avatar\\\/109c326cf2be5c04f048c2c2a2b8b6ef44bf3d8d1d3d4c55d0ac40c4bc994684?s=96&d=mm&r=g\",\"contentUrl\":\"https:\\\/\\\/secure.gravatar.com\\\/avatar\\\/109c326cf2be5c04f048c2c2a2b8b6ef44bf3d8d1d3d4c55d0ac40c4bc994684?s=96&d=mm&r=g\",\"caption\":\"Editor\"},\"url\":\"https:\\\/\\\/diarioellabrador.cl\\\/index.php\\\/author\\\/editor\\\/\"}]}<\/script>\n<!-- \/ Yoast SEO plugin. -->","yoast_head_json":{"title":"Catalina Olgu\u00edn y Camila Espinoza vuelven a la Final Femenina con el desaf\u00edo de defender el t\u00edtulo - Diario El Labrador","robots":{"index":"index","follow":"follow","max-snippet":"max-snippet:-1","max-image-preview":"max-image-preview:large","max-video-preview":"max-video-preview:-1"},"canonical":"https:\/\/diarioellabrador.cl\/index.php\/2026\/04\/30\/catalina-olguin-y-camila-espinoza-vuelven-a-la-final-femenina-con-el-desafio-de-defender-el-titulo\/","og_locale":"es_ES","og_type":"article","og_title":"Catalina Olgu\u00edn y Camila Espinoza vuelven a la Final Femenina con el desaf\u00edo de defender el t\u00edtulo - Diario El Labrador","og_description":"Autor: Fernanda Silva Hace un a\u00f1o dieron la sorpresa y se quedaron con el lugar m\u00e1s alto de la Final Nacional de Rodeo Femenino. Hoy, Catalina Olgu\u00edn y Camila Espinoza regresan al ruedo nuevamente, pero esta vez con una misi\u00f3n diferente: defender la corona.&nbsp; En 2025, la collera de las asociaciones Talagante Sur Poniente y Leer m\u00e1s","og_url":"https:\/\/diarioellabrador.cl\/index.php\/2026\/04\/30\/catalina-olguin-y-camila-espinoza-vuelven-a-la-final-femenina-con-el-desafio-de-defender-el-titulo\/","og_site_name":"Diario El Labrador","article_publisher":"https:\/\/web.facebook.com\/profile.php?id=61576120840621","article_published_time":"2026-04-30T23:51:06+00:00","article_modified_time":"2026-04-30T23:51:08+00:00","og_image":[{"width":750,"height":389,"url":"https:\/\/diarioellabrador.cl\/wp-content\/uploads\/2026\/04\/Catalina-Olguin-y-Camila-Espinoza-vuelven-a-la-Final-Femenina-con-el-desafio-de-defender-el-titulo.jpg","type":"image\/jpeg"}],"author":"Editor","twitter_card":"summary_large_image","twitter_creator":"@ElLabradorOf","twitter_site":"@ElLabradorOf","twitter_misc":{"Escrito por":"Editor","Tiempo de lectura":"3 minutos"},"schema":{"@context":"https:\/\/schema.org","@graph":[{"@type":"Article","@id":"https:\/\/diarioellabrador.cl\/index.php\/2026\/04\/30\/catalina-olguin-y-camila-espinoza-vuelven-a-la-final-femenina-con-el-desafio-de-defender-el-titulo\/#article","isPartOf":{"@id":"https:\/\/diarioellabrador.cl\/index.php\/2026\/04\/30\/catalina-olguin-y-camila-espinoza-vuelven-a-la-final-femenina-con-el-desafio-de-defender-el-titulo\/"},"author":{"name":"Editor","@id":"https:\/\/diarioellabrador.cl\/#\/schema\/person\/bc25ff80b4563f9c7f4bd7855df01685"},"headline":"Catalina Olgu\u00edn y Camila Espinoza vuelven a la Final Femenina con el desaf\u00edo de defender el t\u00edtulo","datePublished":"2026-04-30T23:51:06+00:00","dateModified":"2026-04-30T23:51:08+00:00","mainEntityOfPage":{"@id":"https:\/\/diarioellabrador.cl\/index.php\/2026\/04\/30\/catalina-olguin-y-camila-espinoza-vuelven-a-la-final-femenina-con-el-desafio-de-defender-el-titulo\/"},"wordCount":516,"commentCount":0,"publisher":{"@id":"https:\/\/diarioellabrador.cl\/#organization"},"image":{"@id":"https:\/\/diarioellabrador.cl\/index.php\/2026\/04\/30\/catalina-olguin-y-camila-espinoza-vuelven-a-la-final-femenina-con-el-desafio-de-defender-el-titulo\/#primaryimage"},"thumbnailUrl":"https:\/\/diarioellabrador.cl\/wp-content\/uploads\/2026\/04\/Catalina-Olguin-y-Camila-Espinoza-vuelven-a-la-Final-Femenina-con-el-desafio-de-defender-el-titulo.jpg","articleSection":["Rodeo"],"inLanguage":"es","potentialAction":[{"@type":"CommentAction","name":"Comment","target":["https:\/\/diarioellabrador.cl\/index.php\/2026\/04\/30\/catalina-olguin-y-camila-espinoza-vuelven-a-la-final-femenina-con-el-desafio-de-defender-el-titulo\/#respond"]}]},{"@type":"WebPage","@id":"https:\/\/diarioellabrador.cl\/index.php\/2026\/04\/30\/catalina-olguin-y-camila-espinoza-vuelven-a-la-final-femenina-con-el-desafio-de-defender-el-titulo\/","url":"https:\/\/diarioellabrador.cl\/index.php\/2026\/04\/30\/catalina-olguin-y-camila-espinoza-vuelven-a-la-final-femenina-con-el-desafio-de-defender-el-titulo\/","name":"Catalina Olgu\u00edn y Camila Espinoza vuelven a la Final Femenina con el desaf\u00edo de defender el t\u00edtulo - Diario El Labrador","isPartOf":{"@id":"https:\/\/diarioellabrador.cl\/#website"},"primaryImageOfPage":{"@id":"https:\/\/diarioellabrador.cl\/index.php\/2026\/04\/30\/catalina-olguin-y-camila-espinoza-vuelven-a-la-final-femenina-con-el-desafio-de-defender-el-titulo\/#primaryimage"},"image":{"@id":"https:\/\/diarioellabrador.cl\/index.php\/2026\/04\/30\/catalina-olguin-y-camila-espinoza-vuelven-a-la-final-femenina-con-el-desafio-de-defender-el-titulo\/#primaryimage"},"thumbnailUrl":"https:\/\/diarioellabrador.cl\/wp-content\/uploads\/2026\/04\/Catalina-Olguin-y-Camila-Espinoza-vuelven-a-la-Final-Femenina-con-el-desafio-de-defender-el-titulo.jpg","datePublished":"2026-04-30T23:51:06+00:00","dateModified":"2026-04-30T23:51:08+00:00","breadcrumb":{"@id":"https:\/\/diarioellabrador.cl\/index.php\/2026\/04\/30\/catalina-olguin-y-camila-espinoza-vuelven-a-la-final-femenina-con-el-desafio-de-defender-el-titulo\/#breadcrumb"},"inLanguage":"es","potentialAction":[{"@type":"ReadAction","target":["https:\/\/diarioellabrador.cl\/index.php\/2026\/04\/30\/catalina-olguin-y-camila-espinoza-vuelven-a-la-final-femenina-con-el-desafio-de-defender-el-titulo\/"]}]},{"@type":"ImageObject","inLanguage":"es","@id":"https:\/\/diarioellabrador.cl\/index.php\/2026\/04\/30\/catalina-olguin-y-camila-espinoza-vuelven-a-la-final-femenina-con-el-desafio-de-defender-el-titulo\/#primaryimage","url":"https:\/\/diarioellabrador.cl\/wp-content\/uploads\/2026\/04\/Catalina-Olguin-y-Camila-Espinoza-vuelven-a-la-Final-Femenina-con-el-desafio-de-defender-el-titulo.jpg","contentUrl":"https:\/\/diarioellabrador.cl\/wp-content\/uploads\/2026\/04\/Catalina-Olguin-y-Camila-Espinoza-vuelven-a-la-Final-Femenina-con-el-desafio-de-defender-el-titulo.jpg","width":750,"height":389},{"@type":"BreadcrumbList","@id":"https:\/\/diarioellabrador.cl\/index.php\/2026\/04\/30\/catalina-olguin-y-camila-espinoza-vuelven-a-la-final-femenina-con-el-desafio-de-defender-el-titulo\/#breadcrumb","itemListElement":[{"@type":"ListItem","position":1,"name":"Portada","item":"https:\/\/diarioellabrador.cl\/"},{"@type":"ListItem","position":2,"name":"Catalina Olgu\u00edn y Camila Espinoza vuelven a la Final Femenina con el desaf\u00edo de defender el t\u00edtulo"}]},{"@type":"WebSite","@id":"https:\/\/diarioellabrador.cl\/#website","url":"https:\/\/diarioellabrador.cl\/","name":"Diario El Labrador","description":"Haciendo noticia desde 1921","publisher":{"@id":"https:\/\/diarioellabrador.cl\/#organization"},"potentialAction":[{"@type":"SearchAction","target":{"@type":"EntryPoint","urlTemplate":"https:\/\/diarioellabrador.cl\/?s={search_term_string}"},"query-input":{"@type":"PropertyValueSpecification","valueRequired":true,"valueName":"search_term_string"}}],"inLanguage":"es"},{"@type":"Organization","@id":"https:\/\/diarioellabrador.cl\/#organization","name":"Diario El Labrador","url":"https:\/\/diarioellabrador.cl\/","logo":{"@type":"ImageObject","inLanguage":"es","@id":"https:\/\/diarioellabrador.cl\/#\/schema\/logo\/image\/","url":"https:\/\/diarioellabrador.cl\/wp-content\/uploads\/2025\/02\/cropped-Logo-Icono.png","contentUrl":"https:\/\/diarioellabrador.cl\/wp-content\/uploads\/2025\/02\/cropped-Logo-Icono.png","width":512,"height":512,"caption":"Diario El Labrador"},"image":{"@id":"https:\/\/diarioellabrador.cl\/#\/schema\/logo\/image\/"},"sameAs":["https:\/\/web.facebook.com\/profile.php?id=61576120840621","https:\/\/x.com\/ElLabradorOf","https:\/\/www.instagram.com\/diarioellabradoroficial\/"]},{"@type":"Person","@id":"https:\/\/diarioellabrador.cl\/#\/schema\/person\/bc25ff80b4563f9c7f4bd7855df01685","name":"Editor","image":{"@type":"ImageObject","inLanguage":"es","@id":"https:\/\/secure.gravatar.com\/avatar\/109c326cf2be5c04f048c2c2a2b8b6ef44bf3d8d1d3d4c55d0ac40c4bc994684?s=96&d=mm&r=g","url":"https:\/\/secure.gravatar.com\/avatar\/109c326cf2be5c04f048c2c2a2b8b6ef44bf3d8d1d3d4c55d0ac40c4bc994684?s=96&d=mm&r=g","contentUrl":"https:\/\/secure.gravatar.com\/avatar\/109c326cf2be5c04f048c2c2a2b8b6ef44bf3d8d1d3d4c55d0ac40c4bc994684?s=96&d=mm&r=g","caption":"Editor"},"url":"https:\/\/diarioellabrador.cl\/index.php\/author\/editor\/"}]}},"_links":{"self":[{"href":"https:\/\/diarioellabrador.cl\/index.php\/wp-json\/wp\/v2\/posts\/18779","targetHints":{"allow":["GET"]}}],"collection":[{"href":"https:\/\/diarioellabrador.cl\/index.php\/wp-json\/wp\/v2\/posts"}],"about":[{"href":"https:\/\/diarioellabrador.cl\/index.php\/wp-json\/wp\/v2\/types\/post"}],"author":[{"embeddable":true,"href":"https:\/\/diarioellabrador.cl\/index.php\/wp-json\/wp\/v2\/users\/2"}],"replies":[{"embeddable":true,"href":"https:\/\/diarioellabrador.cl\/index.php\/wp-json\/wp\/v2\/comments?post=18779"}],"version-history":[{"count":1,"href":"https:\/\/diarioellabrador.cl\/index.php\/wp-json\/wp\/v2\/posts\/18779\/revisions"}],"predecessor-version":[{"id":18780,"href":"https:\/\/diarioellabrador.cl\/index.php\/wp-json\/wp\/v2\/posts\/18779\/revisions\/18780"}],"wp:featuredmedia":[{"embeddable":true,"href":"https:\/\/diarioellabrador.cl\/index.php\/wp-json\/wp\/v2\/media\/18750"}],"wp:attachment":[{"href":"https:\/\/diarioellabrador.cl\/index.php\/wp-json\/wp\/v2\/media?parent=18779"}],"wp:term":[{"taxonomy":"category","embeddable":true,"href":"https:\/\/diarioellabrador.cl\/index.php\/wp-json\/wp\/v2\/categories?post=18779"},{"taxonomy":"post_tag","embeddable":true,"href":"https:\/\/diarioellabrador.cl\/index.php\/wp-json\/wp\/v2\/tags?post=18779"}],"curies":[{"name":"wp","href":"https:\/\/api.w.org\/{rel}","templated":true}]}}