{"id":18775,"date":"2026-04-30T19:49:51","date_gmt":"2026-04-30T23:49:51","guid":{"rendered":"https:\/\/diarioellabrador.cl\/?p=18775"},"modified":"2026-04-30T19:49:53","modified_gmt":"2026-04-30T23:49:53","slug":"la-hazana-de-sebastian-zanahoria-perez-da-la-vuelta-al-mundo-una-escena-insolita","status":"publish","type":"post","link":"https:\/\/diarioellabrador.cl\/index.php\/2026\/04\/30\/la-hazana-de-sebastian-zanahoria-perez-da-la-vuelta-al-mundo-una-escena-insolita\/","title":{"rendered":"La haza\u00f1a de Sebasti\u00e1n \u2019Zanahoria\u2019 P\u00e9rez da la vuelta al mundo: \u00abUna escena ins\u00f3lita\u00bb"},"content":{"rendered":"\n<p><strong>Sebasti\u00e1n, el \u2018Zanahoria\u2019 P\u00e9rez<\/strong> dio la vuelta al mundo luego de <strong>tapar tres penales<\/strong> al delantero brasile\u00f1o de Gremio, Carlos Vinicius.<\/p>\n\n\n\n<p>La haza\u00f1a del portero chileno se registr\u00f3 la noche de este mi\u00e9rcoles, y sin duda que lo hecho por Zanahoria <strong>influy\u00f3 en el empate sin goles registrado en La Cisterna.<\/strong><\/p>\n\n\n\n<p>R\u00e1pidamente, lo realizado por el arquero de los \u00e1rabes comenz\u00f3 a viralizarse, pasando por medios de Am\u00e9rica, <strong>hasta llegar a los portales europeos.<\/strong><\/p>\n\n\n\n<p>El medio franc\u00e9s <a href=\"https:\/\/www.lequipe.fr\/Football\/Actualites\/La-soiree-cauchemardesque-de-l-ancien-monegasque-carlos-vinicius-qui-a-rate-trois-penalties-a-la-suite-en-copa-sudamericana\/1672045?utm_source=Social%20media&amp;utm_campaign=twitter&amp;utm_content=photo&amp;utm_medium=Social%20media\" target=\"_blank\" rel=\"noreferrer noopener\">L\u2019\u00c9quipe<\/a> relat\u00f3 as\u00ed lo ocurrido en Copa Sudamericana. \u201cCarlos Vinicius lo intent\u00f3 todo, en vano\u201d. El delantero de 31 a\u00f1os \u201ctuvo una noche tumultuosa el mi\u00e9rcoles, marcada por su triple fallo de penalti contra Palestino\u201d.<\/p>\n\n\n\n<p>Agregan que \u201cel portero rival, Sebasti\u00e1n P\u00e9rez, realiz\u00f3 tres atajadas, dos veces ayudado por los postes. <strong>Dos veces ilegales, porque estaba demasiado adelantado de su l\u00ednea<\/strong>, y luego la tercera vez legal\u201d.<\/p>\n\n\n\n<p>En Espa\u00f1a, <a href=\"https:\/\/www.sport.es\/es\/videos\/futbol-internacional\/20260430\/penal-surrealista-sebastian-perez-tres\/129699720.shtml\" target=\"_blank\" rel=\"noreferrer noopener\">Diario Sport<\/a> asegur\u00f3 que <strong>\u201cSebasti\u00e1n P\u00e9rez protagoniz\u00f3 una escena ins\u00f3lita en la Copa Sudamericana al detenerle tres veces seguidas el mismo penal a Carlos Vin\u00edcius en el Palestino-Gremio\u201d<\/strong>.<\/p>\n\n\n\n<p>La situaci\u00f3n tambi\u00e9n fue recogida por <a href=\"https:\/\/www.marca.com\/futbol\/america\/2026\/04\/30\/penaltis-vinicius-falla-tres-seis-minutos.html\" target=\"_blank\" rel=\"noreferrer noopener\">Marca<\/a>, que centr\u00f3 la historia en la fat\u00eddica noche del exdelantero de equipos como N\u00e1poles, M\u00f3naco, Benfica, Tottenham, PSV, Fulham y Galatasaray.<\/p>\n\n\n\n<p>\u201cCarlos Vinicius vivi\u00f3 ante Palestino (0-0) <strong>la peor noche de su carrera<\/strong>: el atacante de Gremio fall\u00f3 \u00a1tres veces! el mismo penalti en un margen de apenas seis minutos\u201d. Los de Madrid agregaron que el brasile\u00f1o repiti\u00f3 <strong>\u201cla pesadilla\u201d<\/strong> de Mart\u00edn Palermo, que en Copa Am\u00e9rica de 1999 pas\u00f3 por lo mismo ante Colombia.<\/p>\n\n\n\n<p>En Sudam\u00e9rica, UOL de Brasil, asegur\u00f3 que lo logrado por Sebasti\u00e1n P\u00e9rez fue \u201cuna jugada extra\u00f1a \u2014y muy desafortunada\u201d.<\/p>\n\n\n\n<p>Tambi\u00e9n en Brasil, Lance relat\u00f3 los intentos de Carlos Vinicius, asegurando que \u201cen los dos primeros penaltis, el portero Sebasti\u00e1n P\u00e9rez evit\u00f3 que Tricolor anotara. Sin embargo, el portero se adelant\u00f3 a la l\u00ednea de gol. En el tercer intento, el delantero resbal\u00f3 justo antes de disparar, perdiendo precisi\u00f3n. El remate fue d\u00e9bil y directo al portero\u201d.<\/p>\n\n\n\n<p>En Argentina tampoco quedaron ajenos a la haza\u00f1a de Zanahoria, asegurando que es de los <strong>\u201cepisodios m\u00e1s extraordinarios en la historia reciente del f\u00fatbol sudamericano: ataj\u00f3 tres penales consecutivos en el lapso de solo cinco minutos, una secuencia jam\u00e1s vista en el torneo y que transform\u00f3 la noche en el Estadio Municipal de La Cisterna en un hito dif\u00edcil de igualar\u201d<\/strong>.<\/p>\n","protected":false},"excerpt":{"rendered":"<p>Sebasti\u00e1n, el \u2018Zanahoria\u2019 P\u00e9rez dio la vuelta al mundo luego de tapar tres penales al delantero brasile\u00f1o de Gremio, Carlos Vinicius. La haza\u00f1a del portero chileno se registr\u00f3 la noche de este mi\u00e9rcoles, y sin duda que lo hecho por Zanahoria influy\u00f3 en el empate sin goles registrado en La Cisterna. R\u00e1pidamente, lo realizado por<\/p>\n<div class=\"read-more-wrapper\"><a class=\"read-more\" href=\"https:\/\/diarioellabrador.cl\/index.php\/2026\/04\/30\/la-hazana-de-sebastian-zanahoria-perez-da-la-vuelta-al-mundo-una-escena-insolita\/\" title=\"Leer m\u00e1s\"> <span class=\"button \">Leer m\u00e1s<\/span><\/a><\/div>\n","protected":false},"author":2,"featured_media":18747,"comment_status":"open","ping_status":"open","sticky":false,"template":"","format":"standard","meta":{"footnotes":""},"categories":[4],"tags":[],"class_list":["post-18775","post","type-post","status-publish","format-standard","has-post-thumbnail","hentry","category-deportes"],"yoast_head":"<!-- This site is optimized with the Yoast SEO plugin v27.5 - https:\/\/yoast.com\/product\/yoast-seo-wordpress\/ -->\n<title>La haza\u00f1a de Sebasti\u00e1n \u2019Zanahoria\u2019 P\u00e9rez da la vuelta al mundo: &quot;Una escena ins\u00f3lita&quot; - Diario El Labrador<\/title>\n<meta name=\"robots\" content=\"index, follow, max-snippet:-1, max-image-preview:large, max-video-preview:-1\" \/>\n<link rel=\"canonical\" href=\"https:\/\/diarioellabrador.cl\/index.php\/2026\/04\/30\/la-hazana-de-sebastian-zanahoria-perez-da-la-vuelta-al-mundo-una-escena-insolita\/\" \/>\n<meta property=\"og:locale\" content=\"es_ES\" \/>\n<meta property=\"og:type\" content=\"article\" \/>\n<meta property=\"og:title\" content=\"La haza\u00f1a de Sebasti\u00e1n \u2019Zanahoria\u2019 P\u00e9rez da la vuelta al mundo: &quot;Una escena ins\u00f3lita&quot; - Diario El Labrador\" \/>\n<meta property=\"og:description\" content=\"Sebasti\u00e1n, el \u2018Zanahoria\u2019 P\u00e9rez dio la vuelta al mundo luego de tapar tres penales al delantero brasile\u00f1o de Gremio, Carlos Vinicius. La haza\u00f1a del portero chileno se registr\u00f3 la noche de este mi\u00e9rcoles, y sin duda que lo hecho por Zanahoria influy\u00f3 en el empate sin goles registrado en La Cisterna. R\u00e1pidamente, lo realizado por Leer m\u00e1s\" \/>\n<meta property=\"og:url\" content=\"https:\/\/diarioellabrador.cl\/index.php\/2026\/04\/30\/la-hazana-de-sebastian-zanahoria-perez-da-la-vuelta-al-mundo-una-escena-insolita\/\" \/>\n<meta property=\"og:site_name\" content=\"Diario El Labrador\" \/>\n<meta property=\"article:publisher\" content=\"https:\/\/web.facebook.com\/profile.php?id=61576120840621\" \/>\n<meta property=\"article:published_time\" content=\"2026-04-30T23:49:51+00:00\" \/>\n<meta property=\"article:modified_time\" content=\"2026-04-30T23:49:53+00:00\" \/>\n<meta property=\"og:image\" content=\"https:\/\/diarioellabrador.cl\/wp-content\/uploads\/2026\/04\/La-hazana-de-Sebastian-Zanahoria-Perez-da-la-vuelta-al-mundo-Una-escena-insolita.jpg\" \/>\n\t<meta property=\"og:image:width\" content=\"1200\" \/>\n\t<meta property=\"og:image:height\" content=\"675\" \/>\n\t<meta property=\"og:image:type\" content=\"image\/jpeg\" \/>\n<meta name=\"author\" content=\"Editor\" \/>\n<meta name=\"twitter:card\" content=\"summary_large_image\" \/>\n<meta name=\"twitter:creator\" content=\"@ElLabradorOf\" \/>\n<meta name=\"twitter:site\" content=\"@ElLabradorOf\" \/>\n<meta name=\"twitter:label1\" content=\"Escrito por\" \/>\n\t<meta name=\"twitter:data1\" content=\"Editor\" \/>\n\t<meta name=\"twitter:label2\" content=\"Tiempo de lectura\" \/>\n\t<meta name=\"twitter:data2\" content=\"3 minutos\" \/>\n<script type=\"application\/ld+json\" class=\"yoast-schema-graph\">{\"@context\":\"https:\\\/\\\/schema.org\",\"@graph\":[{\"@type\":\"Article\",\"@id\":\"https:\\\/\\\/diarioellabrador.cl\\\/index.php\\\/2026\\\/04\\\/30\\\/la-hazana-de-sebastian-zanahoria-perez-da-la-vuelta-al-mundo-una-escena-insolita\\\/#article\",\"isPartOf\":{\"@id\":\"https:\\\/\\\/diarioellabrador.cl\\\/index.php\\\/2026\\\/04\\\/30\\\/la-hazana-de-sebastian-zanahoria-perez-da-la-vuelta-al-mundo-una-escena-insolita\\\/\"},\"author\":{\"name\":\"Editor\",\"@id\":\"https:\\\/\\\/diarioellabrador.cl\\\/#\\\/schema\\\/person\\\/bc25ff80b4563f9c7f4bd7855df01685\"},\"headline\":\"La haza\u00f1a de Sebasti\u00e1n \u2019Zanahoria\u2019 P\u00e9rez da la vuelta al mundo: \u00abUna escena ins\u00f3lita\u00bb\",\"datePublished\":\"2026-04-30T23:49:51+00:00\",\"dateModified\":\"2026-04-30T23:49:53+00:00\",\"mainEntityOfPage\":{\"@id\":\"https:\\\/\\\/diarioellabrador.cl\\\/index.php\\\/2026\\\/04\\\/30\\\/la-hazana-de-sebastian-zanahoria-perez-da-la-vuelta-al-mundo-una-escena-insolita\\\/\"},\"wordCount\":451,\"commentCount\":0,\"publisher\":{\"@id\":\"https:\\\/\\\/diarioellabrador.cl\\\/#organization\"},\"image\":{\"@id\":\"https:\\\/\\\/diarioellabrador.cl\\\/index.php\\\/2026\\\/04\\\/30\\\/la-hazana-de-sebastian-zanahoria-perez-da-la-vuelta-al-mundo-una-escena-insolita\\\/#primaryimage\"},\"thumbnailUrl\":\"https:\\\/\\\/diarioellabrador.cl\\\/wp-content\\\/uploads\\\/2026\\\/04\\\/La-hazana-de-Sebastian-Zanahoria-Perez-da-la-vuelta-al-mundo-Una-escena-insolita.jpg\",\"articleSection\":[\"Deportes\"],\"inLanguage\":\"es\",\"potentialAction\":[{\"@type\":\"CommentAction\",\"name\":\"Comment\",\"target\":[\"https:\\\/\\\/diarioellabrador.cl\\\/index.php\\\/2026\\\/04\\\/30\\\/la-hazana-de-sebastian-zanahoria-perez-da-la-vuelta-al-mundo-una-escena-insolita\\\/#respond\"]}]},{\"@type\":\"WebPage\",\"@id\":\"https:\\\/\\\/diarioellabrador.cl\\\/index.php\\\/2026\\\/04\\\/30\\\/la-hazana-de-sebastian-zanahoria-perez-da-la-vuelta-al-mundo-una-escena-insolita\\\/\",\"url\":\"https:\\\/\\\/diarioellabrador.cl\\\/index.php\\\/2026\\\/04\\\/30\\\/la-hazana-de-sebastian-zanahoria-perez-da-la-vuelta-al-mundo-una-escena-insolita\\\/\",\"name\":\"La haza\u00f1a de Sebasti\u00e1n \u2019Zanahoria\u2019 P\u00e9rez da la vuelta al mundo: \\\"Una escena ins\u00f3lita\\\" - Diario El Labrador\",\"isPartOf\":{\"@id\":\"https:\\\/\\\/diarioellabrador.cl\\\/#website\"},\"primaryImageOfPage\":{\"@id\":\"https:\\\/\\\/diarioellabrador.cl\\\/index.php\\\/2026\\\/04\\\/30\\\/la-hazana-de-sebastian-zanahoria-perez-da-la-vuelta-al-mundo-una-escena-insolita\\\/#primaryimage\"},\"image\":{\"@id\":\"https:\\\/\\\/diarioellabrador.cl\\\/index.php\\\/2026\\\/04\\\/30\\\/la-hazana-de-sebastian-zanahoria-perez-da-la-vuelta-al-mundo-una-escena-insolita\\\/#primaryimage\"},\"thumbnailUrl\":\"https:\\\/\\\/diarioellabrador.cl\\\/wp-content\\\/uploads\\\/2026\\\/04\\\/La-hazana-de-Sebastian-Zanahoria-Perez-da-la-vuelta-al-mundo-Una-escena-insolita.jpg\",\"datePublished\":\"2026-04-30T23:49:51+00:00\",\"dateModified\":\"2026-04-30T23:49:53+00:00\",\"breadcrumb\":{\"@id\":\"https:\\\/\\\/diarioellabrador.cl\\\/index.php\\\/2026\\\/04\\\/30\\\/la-hazana-de-sebastian-zanahoria-perez-da-la-vuelta-al-mundo-una-escena-insolita\\\/#breadcrumb\"},\"inLanguage\":\"es\",\"potentialAction\":[{\"@type\":\"ReadAction\",\"target\":[\"https:\\\/\\\/diarioellabrador.cl\\\/index.php\\\/2026\\\/04\\\/30\\\/la-hazana-de-sebastian-zanahoria-perez-da-la-vuelta-al-mundo-una-escena-insolita\\\/\"]}]},{\"@type\":\"ImageObject\",\"inLanguage\":\"es\",\"@id\":\"https:\\\/\\\/diarioellabrador.cl\\\/index.php\\\/2026\\\/04\\\/30\\\/la-hazana-de-sebastian-zanahoria-perez-da-la-vuelta-al-mundo-una-escena-insolita\\\/#primaryimage\",\"url\":\"https:\\\/\\\/diarioellabrador.cl\\\/wp-content\\\/uploads\\\/2026\\\/04\\\/La-hazana-de-Sebastian-Zanahoria-Perez-da-la-vuelta-al-mundo-Una-escena-insolita.jpg\",\"contentUrl\":\"https:\\\/\\\/diarioellabrador.cl\\\/wp-content\\\/uploads\\\/2026\\\/04\\\/La-hazana-de-Sebastian-Zanahoria-Perez-da-la-vuelta-al-mundo-Una-escena-insolita.jpg\",\"width\":1200,\"height\":675},{\"@type\":\"BreadcrumbList\",\"@id\":\"https:\\\/\\\/diarioellabrador.cl\\\/index.php\\\/2026\\\/04\\\/30\\\/la-hazana-de-sebastian-zanahoria-perez-da-la-vuelta-al-mundo-una-escena-insolita\\\/#breadcrumb\",\"itemListElement\":[{\"@type\":\"ListItem\",\"position\":1,\"name\":\"Portada\",\"item\":\"https:\\\/\\\/diarioellabrador.cl\\\/\"},{\"@type\":\"ListItem\",\"position\":2,\"name\":\"La haza\u00f1a de Sebasti\u00e1n \u2019Zanahoria\u2019 P\u00e9rez da la vuelta al mundo: \u00abUna escena ins\u00f3lita\u00bb\"}]},{\"@type\":\"WebSite\",\"@id\":\"https:\\\/\\\/diarioellabrador.cl\\\/#website\",\"url\":\"https:\\\/\\\/diarioellabrador.cl\\\/\",\"name\":\"Diario El Labrador\",\"description\":\"Haciendo noticia desde 1921\",\"publisher\":{\"@id\":\"https:\\\/\\\/diarioellabrador.cl\\\/#organization\"},\"potentialAction\":[{\"@type\":\"SearchAction\",\"target\":{\"@type\":\"EntryPoint\",\"urlTemplate\":\"https:\\\/\\\/diarioellabrador.cl\\\/?s={search_term_string}\"},\"query-input\":{\"@type\":\"PropertyValueSpecification\",\"valueRequired\":true,\"valueName\":\"search_term_string\"}}],\"inLanguage\":\"es\"},{\"@type\":\"Organization\",\"@id\":\"https:\\\/\\\/diarioellabrador.cl\\\/#organization\",\"name\":\"Diario El Labrador\",\"url\":\"https:\\\/\\\/diarioellabrador.cl\\\/\",\"logo\":{\"@type\":\"ImageObject\",\"inLanguage\":\"es\",\"@id\":\"https:\\\/\\\/diarioellabrador.cl\\\/#\\\/schema\\\/logo\\\/image\\\/\",\"url\":\"https:\\\/\\\/diarioellabrador.cl\\\/wp-content\\\/uploads\\\/2025\\\/02\\\/cropped-Logo-Icono.png\",\"contentUrl\":\"https:\\\/\\\/diarioellabrador.cl\\\/wp-content\\\/uploads\\\/2025\\\/02\\\/cropped-Logo-Icono.png\",\"width\":512,\"height\":512,\"caption\":\"Diario El Labrador\"},\"image\":{\"@id\":\"https:\\\/\\\/diarioellabrador.cl\\\/#\\\/schema\\\/logo\\\/image\\\/\"},\"sameAs\":[\"https:\\\/\\\/web.facebook.com\\\/profile.php?id=61576120840621\",\"https:\\\/\\\/x.com\\\/ElLabradorOf\",\"https:\\\/\\\/www.instagram.com\\\/diarioellabradoroficial\\\/\"]},{\"@type\":\"Person\",\"@id\":\"https:\\\/\\\/diarioellabrador.cl\\\/#\\\/schema\\\/person\\\/bc25ff80b4563f9c7f4bd7855df01685\",\"name\":\"Editor\",\"image\":{\"@type\":\"ImageObject\",\"inLanguage\":\"es\",\"@id\":\"https:\\\/\\\/secure.gravatar.com\\\/avatar\\\/109c326cf2be5c04f048c2c2a2b8b6ef44bf3d8d1d3d4c55d0ac40c4bc994684?s=96&d=mm&r=g\",\"url\":\"https:\\\/\\\/secure.gravatar.com\\\/avatar\\\/109c326cf2be5c04f048c2c2a2b8b6ef44bf3d8d1d3d4c55d0ac40c4bc994684?s=96&d=mm&r=g\",\"contentUrl\":\"https:\\\/\\\/secure.gravatar.com\\\/avatar\\\/109c326cf2be5c04f048c2c2a2b8b6ef44bf3d8d1d3d4c55d0ac40c4bc994684?s=96&d=mm&r=g\",\"caption\":\"Editor\"},\"url\":\"https:\\\/\\\/diarioellabrador.cl\\\/index.php\\\/author\\\/editor\\\/\"}]}<\/script>\n<!-- \/ Yoast SEO plugin. -->","yoast_head_json":{"title":"La haza\u00f1a de Sebasti\u00e1n \u2019Zanahoria\u2019 P\u00e9rez da la vuelta al mundo: \"Una escena ins\u00f3lita\" - Diario El Labrador","robots":{"index":"index","follow":"follow","max-snippet":"max-snippet:-1","max-image-preview":"max-image-preview:large","max-video-preview":"max-video-preview:-1"},"canonical":"https:\/\/diarioellabrador.cl\/index.php\/2026\/04\/30\/la-hazana-de-sebastian-zanahoria-perez-da-la-vuelta-al-mundo-una-escena-insolita\/","og_locale":"es_ES","og_type":"article","og_title":"La haza\u00f1a de Sebasti\u00e1n \u2019Zanahoria\u2019 P\u00e9rez da la vuelta al mundo: \"Una escena ins\u00f3lita\" - Diario El Labrador","og_description":"Sebasti\u00e1n, el \u2018Zanahoria\u2019 P\u00e9rez dio la vuelta al mundo luego de tapar tres penales al delantero brasile\u00f1o de Gremio, Carlos Vinicius. La haza\u00f1a del portero chileno se registr\u00f3 la noche de este mi\u00e9rcoles, y sin duda que lo hecho por Zanahoria influy\u00f3 en el empate sin goles registrado en La Cisterna. R\u00e1pidamente, lo realizado por Leer m\u00e1s","og_url":"https:\/\/diarioellabrador.cl\/index.php\/2026\/04\/30\/la-hazana-de-sebastian-zanahoria-perez-da-la-vuelta-al-mundo-una-escena-insolita\/","og_site_name":"Diario El Labrador","article_publisher":"https:\/\/web.facebook.com\/profile.php?id=61576120840621","article_published_time":"2026-04-30T23:49:51+00:00","article_modified_time":"2026-04-30T23:49:53+00:00","og_image":[{"width":1200,"height":675,"url":"https:\/\/diarioellabrador.cl\/wp-content\/uploads\/2026\/04\/La-hazana-de-Sebastian-Zanahoria-Perez-da-la-vuelta-al-mundo-Una-escena-insolita.jpg","type":"image\/jpeg"}],"author":"Editor","twitter_card":"summary_large_image","twitter_creator":"@ElLabradorOf","twitter_site":"@ElLabradorOf","twitter_misc":{"Escrito por":"Editor","Tiempo de lectura":"3 minutos"},"schema":{"@context":"https:\/\/schema.org","@graph":[{"@type":"Article","@id":"https:\/\/diarioellabrador.cl\/index.php\/2026\/04\/30\/la-hazana-de-sebastian-zanahoria-perez-da-la-vuelta-al-mundo-una-escena-insolita\/#article","isPartOf":{"@id":"https:\/\/diarioellabrador.cl\/index.php\/2026\/04\/30\/la-hazana-de-sebastian-zanahoria-perez-da-la-vuelta-al-mundo-una-escena-insolita\/"},"author":{"name":"Editor","@id":"https:\/\/diarioellabrador.cl\/#\/schema\/person\/bc25ff80b4563f9c7f4bd7855df01685"},"headline":"La haza\u00f1a de Sebasti\u00e1n \u2019Zanahoria\u2019 P\u00e9rez da la vuelta al mundo: \u00abUna escena ins\u00f3lita\u00bb","datePublished":"2026-04-30T23:49:51+00:00","dateModified":"2026-04-30T23:49:53+00:00","mainEntityOfPage":{"@id":"https:\/\/diarioellabrador.cl\/index.php\/2026\/04\/30\/la-hazana-de-sebastian-zanahoria-perez-da-la-vuelta-al-mundo-una-escena-insolita\/"},"wordCount":451,"commentCount":0,"publisher":{"@id":"https:\/\/diarioellabrador.cl\/#organization"},"image":{"@id":"https:\/\/diarioellabrador.cl\/index.php\/2026\/04\/30\/la-hazana-de-sebastian-zanahoria-perez-da-la-vuelta-al-mundo-una-escena-insolita\/#primaryimage"},"thumbnailUrl":"https:\/\/diarioellabrador.cl\/wp-content\/uploads\/2026\/04\/La-hazana-de-Sebastian-Zanahoria-Perez-da-la-vuelta-al-mundo-Una-escena-insolita.jpg","articleSection":["Deportes"],"inLanguage":"es","potentialAction":[{"@type":"CommentAction","name":"Comment","target":["https:\/\/diarioellabrador.cl\/index.php\/2026\/04\/30\/la-hazana-de-sebastian-zanahoria-perez-da-la-vuelta-al-mundo-una-escena-insolita\/#respond"]}]},{"@type":"WebPage","@id":"https:\/\/diarioellabrador.cl\/index.php\/2026\/04\/30\/la-hazana-de-sebastian-zanahoria-perez-da-la-vuelta-al-mundo-una-escena-insolita\/","url":"https:\/\/diarioellabrador.cl\/index.php\/2026\/04\/30\/la-hazana-de-sebastian-zanahoria-perez-da-la-vuelta-al-mundo-una-escena-insolita\/","name":"La haza\u00f1a de Sebasti\u00e1n \u2019Zanahoria\u2019 P\u00e9rez da la vuelta al mundo: \"Una escena ins\u00f3lita\" - Diario El Labrador","isPartOf":{"@id":"https:\/\/diarioellabrador.cl\/#website"},"primaryImageOfPage":{"@id":"https:\/\/diarioellabrador.cl\/index.php\/2026\/04\/30\/la-hazana-de-sebastian-zanahoria-perez-da-la-vuelta-al-mundo-una-escena-insolita\/#primaryimage"},"image":{"@id":"https:\/\/diarioellabrador.cl\/index.php\/2026\/04\/30\/la-hazana-de-sebastian-zanahoria-perez-da-la-vuelta-al-mundo-una-escena-insolita\/#primaryimage"},"thumbnailUrl":"https:\/\/diarioellabrador.cl\/wp-content\/uploads\/2026\/04\/La-hazana-de-Sebastian-Zanahoria-Perez-da-la-vuelta-al-mundo-Una-escena-insolita.jpg","datePublished":"2026-04-30T23:49:51+00:00","dateModified":"2026-04-30T23:49:53+00:00","breadcrumb":{"@id":"https:\/\/diarioellabrador.cl\/index.php\/2026\/04\/30\/la-hazana-de-sebastian-zanahoria-perez-da-la-vuelta-al-mundo-una-escena-insolita\/#breadcrumb"},"inLanguage":"es","potentialAction":[{"@type":"ReadAction","target":["https:\/\/diarioellabrador.cl\/index.php\/2026\/04\/30\/la-hazana-de-sebastian-zanahoria-perez-da-la-vuelta-al-mundo-una-escena-insolita\/"]}]},{"@type":"ImageObject","inLanguage":"es","@id":"https:\/\/diarioellabrador.cl\/index.php\/2026\/04\/30\/la-hazana-de-sebastian-zanahoria-perez-da-la-vuelta-al-mundo-una-escena-insolita\/#primaryimage","url":"https:\/\/diarioellabrador.cl\/wp-content\/uploads\/2026\/04\/La-hazana-de-Sebastian-Zanahoria-Perez-da-la-vuelta-al-mundo-Una-escena-insolita.jpg","contentUrl":"https:\/\/diarioellabrador.cl\/wp-content\/uploads\/2026\/04\/La-hazana-de-Sebastian-Zanahoria-Perez-da-la-vuelta-al-mundo-Una-escena-insolita.jpg","width":1200,"height":675},{"@type":"BreadcrumbList","@id":"https:\/\/diarioellabrador.cl\/index.php\/2026\/04\/30\/la-hazana-de-sebastian-zanahoria-perez-da-la-vuelta-al-mundo-una-escena-insolita\/#breadcrumb","itemListElement":[{"@type":"ListItem","position":1,"name":"Portada","item":"https:\/\/diarioellabrador.cl\/"},{"@type":"ListItem","position":2,"name":"La haza\u00f1a de Sebasti\u00e1n \u2019Zanahoria\u2019 P\u00e9rez da la vuelta al mundo: \u00abUna escena ins\u00f3lita\u00bb"}]},{"@type":"WebSite","@id":"https:\/\/diarioellabrador.cl\/#website","url":"https:\/\/diarioellabrador.cl\/","name":"Diario El Labrador","description":"Haciendo noticia desde 1921","publisher":{"@id":"https:\/\/diarioellabrador.cl\/#organization"},"potentialAction":[{"@type":"SearchAction","target":{"@type":"EntryPoint","urlTemplate":"https:\/\/diarioellabrador.cl\/?s={search_term_string}"},"query-input":{"@type":"PropertyValueSpecification","valueRequired":true,"valueName":"search_term_string"}}],"inLanguage":"es"},{"@type":"Organization","@id":"https:\/\/diarioellabrador.cl\/#organization","name":"Diario El Labrador","url":"https:\/\/diarioellabrador.cl\/","logo":{"@type":"ImageObject","inLanguage":"es","@id":"https:\/\/diarioellabrador.cl\/#\/schema\/logo\/image\/","url":"https:\/\/diarioellabrador.cl\/wp-content\/uploads\/2025\/02\/cropped-Logo-Icono.png","contentUrl":"https:\/\/diarioellabrador.cl\/wp-content\/uploads\/2025\/02\/cropped-Logo-Icono.png","width":512,"height":512,"caption":"Diario El Labrador"},"image":{"@id":"https:\/\/diarioellabrador.cl\/#\/schema\/logo\/image\/"},"sameAs":["https:\/\/web.facebook.com\/profile.php?id=61576120840621","https:\/\/x.com\/ElLabradorOf","https:\/\/www.instagram.com\/diarioellabradoroficial\/"]},{"@type":"Person","@id":"https:\/\/diarioellabrador.cl\/#\/schema\/person\/bc25ff80b4563f9c7f4bd7855df01685","name":"Editor","image":{"@type":"ImageObject","inLanguage":"es","@id":"https:\/\/secure.gravatar.com\/avatar\/109c326cf2be5c04f048c2c2a2b8b6ef44bf3d8d1d3d4c55d0ac40c4bc994684?s=96&d=mm&r=g","url":"https:\/\/secure.gravatar.com\/avatar\/109c326cf2be5c04f048c2c2a2b8b6ef44bf3d8d1d3d4c55d0ac40c4bc994684?s=96&d=mm&r=g","contentUrl":"https:\/\/secure.gravatar.com\/avatar\/109c326cf2be5c04f048c2c2a2b8b6ef44bf3d8d1d3d4c55d0ac40c4bc994684?s=96&d=mm&r=g","caption":"Editor"},"url":"https:\/\/diarioellabrador.cl\/index.php\/author\/editor\/"}]}},"_links":{"self":[{"href":"https:\/\/diarioellabrador.cl\/index.php\/wp-json\/wp\/v2\/posts\/18775","targetHints":{"allow":["GET"]}}],"collection":[{"href":"https:\/\/diarioellabrador.cl\/index.php\/wp-json\/wp\/v2\/posts"}],"about":[{"href":"https:\/\/diarioellabrador.cl\/index.php\/wp-json\/wp\/v2\/types\/post"}],"author":[{"embeddable":true,"href":"https:\/\/diarioellabrador.cl\/index.php\/wp-json\/wp\/v2\/users\/2"}],"replies":[{"embeddable":true,"href":"https:\/\/diarioellabrador.cl\/index.php\/wp-json\/wp\/v2\/comments?post=18775"}],"version-history":[{"count":1,"href":"https:\/\/diarioellabrador.cl\/index.php\/wp-json\/wp\/v2\/posts\/18775\/revisions"}],"predecessor-version":[{"id":18776,"href":"https:\/\/diarioellabrador.cl\/index.php\/wp-json\/wp\/v2\/posts\/18775\/revisions\/18776"}],"wp:featuredmedia":[{"embeddable":true,"href":"https:\/\/diarioellabrador.cl\/index.php\/wp-json\/wp\/v2\/media\/18747"}],"wp:attachment":[{"href":"https:\/\/diarioellabrador.cl\/index.php\/wp-json\/wp\/v2\/media?parent=18775"}],"wp:term":[{"taxonomy":"category","embeddable":true,"href":"https:\/\/diarioellabrador.cl\/index.php\/wp-json\/wp\/v2\/categories?post=18775"},{"taxonomy":"post_tag","embeddable":true,"href":"https:\/\/diarioellabrador.cl\/index.php\/wp-json\/wp\/v2\/tags?post=18775"}],"curies":[{"name":"wp","href":"https:\/\/api.w.org\/{rel}","templated":true}]}}