{"id":18773,"date":"2026-04-30T19:48:57","date_gmt":"2026-04-30T23:48:57","guid":{"rendered":"https:\/\/diarioellabrador.cl\/?p=18773"},"modified":"2026-04-30T19:49:00","modified_gmt":"2026-04-30T23:49:00","slug":"lorenzo-antillo-quiere-ser-presidente-de-anfp-se-necesita-un-gobierno-corporativo-de-emergencia","status":"publish","type":"post","link":"https:\/\/diarioellabrador.cl\/index.php\/2026\/04\/30\/lorenzo-antillo-quiere-ser-presidente-de-anfp-se-necesita-un-gobierno-corporativo-de-emergencia\/","title":{"rendered":"Lorenzo Antillo quiere ser presidente de ANFP: \u00abSe necesita un gobierno corporativo de emergencia\u00bb"},"content":{"rendered":"\n<p><strong>Lorenzo Antillo<\/strong>, reconocido expresidente del Audax Italiano, anunci\u00f3 oficialmente su deseo de convertirse en el pr\u00f3ximo timonel de la <a href=\"http:\/\/anfp.cl\" target=\"_blank\" rel=\"noreferrer noopener\">ANFP.<\/a><\/p>\n\n\n\n<p>Antillo, que perdi\u00f3 en el pasado con Pablo Milad por el mismo cargo, reapareci\u00f3 y confirm\u00f3 su candidatura para las elecciones de noviembre pr\u00f3ximo.<\/p>\n\n\n\n<p><strong>\u201cEsto nace desde el espiritu de poder contribuir a mejorar el f\u00fatbol chileno<\/strong>. Nace de querer implementar de la mejor manera lo que la nueva ley nos mandate y nos regule a trav\u00e9s del reglamento que tiene que salir\u201d, expres\u00f3 en di\u00e1logo con Radio ADN.<\/p>\n\n\n\n<p>\u201cNo es por un af\u00e1n personal ni de poder, como hemos visto que podr\u00eda estar ocurriendo y por eso el f\u00fatbol est\u00e1 como est\u00e1\u201d, agreg\u00f3.<\/p>\n\n\n\n<p>Antillo incluso revel\u00f3 que ya ha recibido algunos respaldos. \u201cMe he podido juntar con algunos clubes. <strong>Por respeto a ellos no voy a dar nombres, pero s\u00ed me han manifestado su apoyo<\/strong>. Creo que es un momento en donde ojal\u00e1 podamos dejar los egos de lado\u201d.<\/p>\n\n\n\n<p><strong>&nbsp;\u201cDesde noviembre en adelante, se necesita un gobierno corporativo de emergencia. <\/strong>Es ah\u00ed donde hay que buscar a las mejores personas para que puedan liderar esto. Necesitamos crear ese gobierno corporativo que realmente pueda llevar al f\u00fatbol a ser un producto de inter\u00e9s.<strong> No como lo tenemos hoy d\u00eda, que est\u00e1 devaluado y es muy dif\u00edcil jugar al f\u00fatbol<\/strong>. Priman otros intereses y eso no puede ser\u201d.<\/p>\n\n\n\n<p>Finalmente, sobre la separaci\u00f3n de la ANFP de la Federaci\u00f3n, Antillo expres\u00f3 que \u201cera algo que necesitabamos y deb\u00eda hacerse. Me parece que por eso diversas cosas debi\u00f3 haber sido promovido y liderado por la ANFP, cosa que no fue as\u00ed y tuvimos que esperar que nos mandataran desde el poder legislativo para poder hacerlo\u201d.<\/p>\n\n\n\n<p><strong>\u201cHay que hacer una ANFP que sea autosuficiente, que tenga un proyecto solvente<\/strong>, al igual que la Federaci\u00f3n, y creo que para eso se necesita gente capaz y que lo haga para que el f\u00fatbol se pueda beneficiar de este nuevo cambio y no sea al rev\u00e9s\u201d<\/p>\n","protected":false},"excerpt":{"rendered":"<p>Lorenzo Antillo, reconocido expresidente del Audax Italiano, anunci\u00f3 oficialmente su deseo de convertirse en el pr\u00f3ximo timonel de la ANFP. Antillo, que perdi\u00f3 en el pasado con Pablo Milad por el mismo cargo, reapareci\u00f3 y confirm\u00f3 su candidatura para las elecciones de noviembre pr\u00f3ximo. \u201cEsto nace desde el espiritu de poder contribuir a mejorar el<\/p>\n<div class=\"read-more-wrapper\"><a class=\"read-more\" href=\"https:\/\/diarioellabrador.cl\/index.php\/2026\/04\/30\/lorenzo-antillo-quiere-ser-presidente-de-anfp-se-necesita-un-gobierno-corporativo-de-emergencia\/\" title=\"Leer m\u00e1s\"> <span class=\"button \">Leer m\u00e1s<\/span><\/a><\/div>\n","protected":false},"author":2,"featured_media":18748,"comment_status":"open","ping_status":"open","sticky":false,"template":"","format":"standard","meta":{"footnotes":""},"categories":[4],"tags":[],"class_list":["post-18773","post","type-post","status-publish","format-standard","has-post-thumbnail","hentry","category-deportes"],"yoast_head":"<!-- This site is optimized with the Yoast SEO plugin v27.5 - https:\/\/yoast.com\/product\/yoast-seo-wordpress\/ -->\n<title>Lorenzo Antillo quiere ser presidente de ANFP: &quot;Se necesita un gobierno corporativo de emergencia&quot; - Diario El Labrador<\/title>\n<meta name=\"robots\" content=\"index, follow, max-snippet:-1, max-image-preview:large, max-video-preview:-1\" \/>\n<link rel=\"canonical\" href=\"https:\/\/diarioellabrador.cl\/index.php\/2026\/04\/30\/lorenzo-antillo-quiere-ser-presidente-de-anfp-se-necesita-un-gobierno-corporativo-de-emergencia\/\" \/>\n<meta property=\"og:locale\" content=\"es_ES\" \/>\n<meta property=\"og:type\" content=\"article\" \/>\n<meta property=\"og:title\" content=\"Lorenzo Antillo quiere ser presidente de ANFP: &quot;Se necesita un gobierno corporativo de emergencia&quot; - Diario El Labrador\" \/>\n<meta property=\"og:description\" content=\"Lorenzo Antillo, reconocido expresidente del Audax Italiano, anunci\u00f3 oficialmente su deseo de convertirse en el pr\u00f3ximo timonel de la ANFP. Antillo, que perdi\u00f3 en el pasado con Pablo Milad por el mismo cargo, reapareci\u00f3 y confirm\u00f3 su candidatura para las elecciones de noviembre pr\u00f3ximo. \u201cEsto nace desde el espiritu de poder contribuir a mejorar el Leer m\u00e1s\" \/>\n<meta property=\"og:url\" content=\"https:\/\/diarioellabrador.cl\/index.php\/2026\/04\/30\/lorenzo-antillo-quiere-ser-presidente-de-anfp-se-necesita-un-gobierno-corporativo-de-emergencia\/\" \/>\n<meta property=\"og:site_name\" content=\"Diario El Labrador\" \/>\n<meta property=\"article:publisher\" content=\"https:\/\/web.facebook.com\/profile.php?id=61576120840621\" \/>\n<meta property=\"article:published_time\" content=\"2026-04-30T23:48:57+00:00\" \/>\n<meta property=\"article:modified_time\" content=\"2026-04-30T23:49:00+00:00\" \/>\n<meta property=\"og:image\" content=\"https:\/\/diarioellabrador.cl\/wp-content\/uploads\/2026\/04\/Lorenzo-Antillo-quiere-ser-presidente-de-ANFP-Se-necesita-un-gobierno-corporativo-de-emergencia.jpg\" \/>\n\t<meta property=\"og:image:width\" content=\"740\" \/>\n\t<meta property=\"og:image:height\" content=\"416\" \/>\n\t<meta property=\"og:image:type\" content=\"image\/jpeg\" \/>\n<meta name=\"author\" content=\"Editor\" \/>\n<meta name=\"twitter:card\" content=\"summary_large_image\" \/>\n<meta name=\"twitter:creator\" content=\"@ElLabradorOf\" \/>\n<meta name=\"twitter:site\" content=\"@ElLabradorOf\" \/>\n<meta name=\"twitter:label1\" content=\"Escrito por\" \/>\n\t<meta name=\"twitter:data1\" content=\"Editor\" \/>\n\t<meta name=\"twitter:label2\" content=\"Tiempo de lectura\" \/>\n\t<meta name=\"twitter:data2\" content=\"2 minutos\" \/>\n<script type=\"application\/ld+json\" class=\"yoast-schema-graph\">{\"@context\":\"https:\\\/\\\/schema.org\",\"@graph\":[{\"@type\":\"Article\",\"@id\":\"https:\\\/\\\/diarioellabrador.cl\\\/index.php\\\/2026\\\/04\\\/30\\\/lorenzo-antillo-quiere-ser-presidente-de-anfp-se-necesita-un-gobierno-corporativo-de-emergencia\\\/#article\",\"isPartOf\":{\"@id\":\"https:\\\/\\\/diarioellabrador.cl\\\/index.php\\\/2026\\\/04\\\/30\\\/lorenzo-antillo-quiere-ser-presidente-de-anfp-se-necesita-un-gobierno-corporativo-de-emergencia\\\/\"},\"author\":{\"name\":\"Editor\",\"@id\":\"https:\\\/\\\/diarioellabrador.cl\\\/#\\\/schema\\\/person\\\/bc25ff80b4563f9c7f4bd7855df01685\"},\"headline\":\"Lorenzo Antillo quiere ser presidente de ANFP: \u00abSe necesita un gobierno corporativo de emergencia\u00bb\",\"datePublished\":\"2026-04-30T23:48:57+00:00\",\"dateModified\":\"2026-04-30T23:49:00+00:00\",\"mainEntityOfPage\":{\"@id\":\"https:\\\/\\\/diarioellabrador.cl\\\/index.php\\\/2026\\\/04\\\/30\\\/lorenzo-antillo-quiere-ser-presidente-de-anfp-se-necesita-un-gobierno-corporativo-de-emergencia\\\/\"},\"wordCount\":363,\"commentCount\":0,\"publisher\":{\"@id\":\"https:\\\/\\\/diarioellabrador.cl\\\/#organization\"},\"image\":{\"@id\":\"https:\\\/\\\/diarioellabrador.cl\\\/index.php\\\/2026\\\/04\\\/30\\\/lorenzo-antillo-quiere-ser-presidente-de-anfp-se-necesita-un-gobierno-corporativo-de-emergencia\\\/#primaryimage\"},\"thumbnailUrl\":\"https:\\\/\\\/diarioellabrador.cl\\\/wp-content\\\/uploads\\\/2026\\\/04\\\/Lorenzo-Antillo-quiere-ser-presidente-de-ANFP-Se-necesita-un-gobierno-corporativo-de-emergencia.jpg\",\"articleSection\":[\"Deportes\"],\"inLanguage\":\"es\",\"potentialAction\":[{\"@type\":\"CommentAction\",\"name\":\"Comment\",\"target\":[\"https:\\\/\\\/diarioellabrador.cl\\\/index.php\\\/2026\\\/04\\\/30\\\/lorenzo-antillo-quiere-ser-presidente-de-anfp-se-necesita-un-gobierno-corporativo-de-emergencia\\\/#respond\"]}]},{\"@type\":\"WebPage\",\"@id\":\"https:\\\/\\\/diarioellabrador.cl\\\/index.php\\\/2026\\\/04\\\/30\\\/lorenzo-antillo-quiere-ser-presidente-de-anfp-se-necesita-un-gobierno-corporativo-de-emergencia\\\/\",\"url\":\"https:\\\/\\\/diarioellabrador.cl\\\/index.php\\\/2026\\\/04\\\/30\\\/lorenzo-antillo-quiere-ser-presidente-de-anfp-se-necesita-un-gobierno-corporativo-de-emergencia\\\/\",\"name\":\"Lorenzo Antillo quiere ser presidente de ANFP: \\\"Se necesita un gobierno corporativo de emergencia\\\" - Diario El Labrador\",\"isPartOf\":{\"@id\":\"https:\\\/\\\/diarioellabrador.cl\\\/#website\"},\"primaryImageOfPage\":{\"@id\":\"https:\\\/\\\/diarioellabrador.cl\\\/index.php\\\/2026\\\/04\\\/30\\\/lorenzo-antillo-quiere-ser-presidente-de-anfp-se-necesita-un-gobierno-corporativo-de-emergencia\\\/#primaryimage\"},\"image\":{\"@id\":\"https:\\\/\\\/diarioellabrador.cl\\\/index.php\\\/2026\\\/04\\\/30\\\/lorenzo-antillo-quiere-ser-presidente-de-anfp-se-necesita-un-gobierno-corporativo-de-emergencia\\\/#primaryimage\"},\"thumbnailUrl\":\"https:\\\/\\\/diarioellabrador.cl\\\/wp-content\\\/uploads\\\/2026\\\/04\\\/Lorenzo-Antillo-quiere-ser-presidente-de-ANFP-Se-necesita-un-gobierno-corporativo-de-emergencia.jpg\",\"datePublished\":\"2026-04-30T23:48:57+00:00\",\"dateModified\":\"2026-04-30T23:49:00+00:00\",\"breadcrumb\":{\"@id\":\"https:\\\/\\\/diarioellabrador.cl\\\/index.php\\\/2026\\\/04\\\/30\\\/lorenzo-antillo-quiere-ser-presidente-de-anfp-se-necesita-un-gobierno-corporativo-de-emergencia\\\/#breadcrumb\"},\"inLanguage\":\"es\",\"potentialAction\":[{\"@type\":\"ReadAction\",\"target\":[\"https:\\\/\\\/diarioellabrador.cl\\\/index.php\\\/2026\\\/04\\\/30\\\/lorenzo-antillo-quiere-ser-presidente-de-anfp-se-necesita-un-gobierno-corporativo-de-emergencia\\\/\"]}]},{\"@type\":\"ImageObject\",\"inLanguage\":\"es\",\"@id\":\"https:\\\/\\\/diarioellabrador.cl\\\/index.php\\\/2026\\\/04\\\/30\\\/lorenzo-antillo-quiere-ser-presidente-de-anfp-se-necesita-un-gobierno-corporativo-de-emergencia\\\/#primaryimage\",\"url\":\"https:\\\/\\\/diarioellabrador.cl\\\/wp-content\\\/uploads\\\/2026\\\/04\\\/Lorenzo-Antillo-quiere-ser-presidente-de-ANFP-Se-necesita-un-gobierno-corporativo-de-emergencia.jpg\",\"contentUrl\":\"https:\\\/\\\/diarioellabrador.cl\\\/wp-content\\\/uploads\\\/2026\\\/04\\\/Lorenzo-Antillo-quiere-ser-presidente-de-ANFP-Se-necesita-un-gobierno-corporativo-de-emergencia.jpg\",\"width\":740,\"height\":416},{\"@type\":\"BreadcrumbList\",\"@id\":\"https:\\\/\\\/diarioellabrador.cl\\\/index.php\\\/2026\\\/04\\\/30\\\/lorenzo-antillo-quiere-ser-presidente-de-anfp-se-necesita-un-gobierno-corporativo-de-emergencia\\\/#breadcrumb\",\"itemListElement\":[{\"@type\":\"ListItem\",\"position\":1,\"name\":\"Portada\",\"item\":\"https:\\\/\\\/diarioellabrador.cl\\\/\"},{\"@type\":\"ListItem\",\"position\":2,\"name\":\"Lorenzo Antillo quiere ser presidente de ANFP: \u00abSe necesita un gobierno corporativo de emergencia\u00bb\"}]},{\"@type\":\"WebSite\",\"@id\":\"https:\\\/\\\/diarioellabrador.cl\\\/#website\",\"url\":\"https:\\\/\\\/diarioellabrador.cl\\\/\",\"name\":\"Diario El Labrador\",\"description\":\"Haciendo noticia desde 1921\",\"publisher\":{\"@id\":\"https:\\\/\\\/diarioellabrador.cl\\\/#organization\"},\"potentialAction\":[{\"@type\":\"SearchAction\",\"target\":{\"@type\":\"EntryPoint\",\"urlTemplate\":\"https:\\\/\\\/diarioellabrador.cl\\\/?s={search_term_string}\"},\"query-input\":{\"@type\":\"PropertyValueSpecification\",\"valueRequired\":true,\"valueName\":\"search_term_string\"}}],\"inLanguage\":\"es\"},{\"@type\":\"Organization\",\"@id\":\"https:\\\/\\\/diarioellabrador.cl\\\/#organization\",\"name\":\"Diario El Labrador\",\"url\":\"https:\\\/\\\/diarioellabrador.cl\\\/\",\"logo\":{\"@type\":\"ImageObject\",\"inLanguage\":\"es\",\"@id\":\"https:\\\/\\\/diarioellabrador.cl\\\/#\\\/schema\\\/logo\\\/image\\\/\",\"url\":\"https:\\\/\\\/diarioellabrador.cl\\\/wp-content\\\/uploads\\\/2025\\\/02\\\/cropped-Logo-Icono.png\",\"contentUrl\":\"https:\\\/\\\/diarioellabrador.cl\\\/wp-content\\\/uploads\\\/2025\\\/02\\\/cropped-Logo-Icono.png\",\"width\":512,\"height\":512,\"caption\":\"Diario El Labrador\"},\"image\":{\"@id\":\"https:\\\/\\\/diarioellabrador.cl\\\/#\\\/schema\\\/logo\\\/image\\\/\"},\"sameAs\":[\"https:\\\/\\\/web.facebook.com\\\/profile.php?id=61576120840621\",\"https:\\\/\\\/x.com\\\/ElLabradorOf\",\"https:\\\/\\\/www.instagram.com\\\/diarioellabradoroficial\\\/\"]},{\"@type\":\"Person\",\"@id\":\"https:\\\/\\\/diarioellabrador.cl\\\/#\\\/schema\\\/person\\\/bc25ff80b4563f9c7f4bd7855df01685\",\"name\":\"Editor\",\"image\":{\"@type\":\"ImageObject\",\"inLanguage\":\"es\",\"@id\":\"https:\\\/\\\/secure.gravatar.com\\\/avatar\\\/109c326cf2be5c04f048c2c2a2b8b6ef44bf3d8d1d3d4c55d0ac40c4bc994684?s=96&d=mm&r=g\",\"url\":\"https:\\\/\\\/secure.gravatar.com\\\/avatar\\\/109c326cf2be5c04f048c2c2a2b8b6ef44bf3d8d1d3d4c55d0ac40c4bc994684?s=96&d=mm&r=g\",\"contentUrl\":\"https:\\\/\\\/secure.gravatar.com\\\/avatar\\\/109c326cf2be5c04f048c2c2a2b8b6ef44bf3d8d1d3d4c55d0ac40c4bc994684?s=96&d=mm&r=g\",\"caption\":\"Editor\"},\"url\":\"https:\\\/\\\/diarioellabrador.cl\\\/index.php\\\/author\\\/editor\\\/\"}]}<\/script>\n<!-- \/ Yoast SEO plugin. -->","yoast_head_json":{"title":"Lorenzo Antillo quiere ser presidente de ANFP: \"Se necesita un gobierno corporativo de emergencia\" - Diario El Labrador","robots":{"index":"index","follow":"follow","max-snippet":"max-snippet:-1","max-image-preview":"max-image-preview:large","max-video-preview":"max-video-preview:-1"},"canonical":"https:\/\/diarioellabrador.cl\/index.php\/2026\/04\/30\/lorenzo-antillo-quiere-ser-presidente-de-anfp-se-necesita-un-gobierno-corporativo-de-emergencia\/","og_locale":"es_ES","og_type":"article","og_title":"Lorenzo Antillo quiere ser presidente de ANFP: \"Se necesita un gobierno corporativo de emergencia\" - Diario El Labrador","og_description":"Lorenzo Antillo, reconocido expresidente del Audax Italiano, anunci\u00f3 oficialmente su deseo de convertirse en el pr\u00f3ximo timonel de la ANFP. Antillo, que perdi\u00f3 en el pasado con Pablo Milad por el mismo cargo, reapareci\u00f3 y confirm\u00f3 su candidatura para las elecciones de noviembre pr\u00f3ximo. \u201cEsto nace desde el espiritu de poder contribuir a mejorar el Leer m\u00e1s","og_url":"https:\/\/diarioellabrador.cl\/index.php\/2026\/04\/30\/lorenzo-antillo-quiere-ser-presidente-de-anfp-se-necesita-un-gobierno-corporativo-de-emergencia\/","og_site_name":"Diario El Labrador","article_publisher":"https:\/\/web.facebook.com\/profile.php?id=61576120840621","article_published_time":"2026-04-30T23:48:57+00:00","article_modified_time":"2026-04-30T23:49:00+00:00","og_image":[{"width":740,"height":416,"url":"https:\/\/diarioellabrador.cl\/wp-content\/uploads\/2026\/04\/Lorenzo-Antillo-quiere-ser-presidente-de-ANFP-Se-necesita-un-gobierno-corporativo-de-emergencia.jpg","type":"image\/jpeg"}],"author":"Editor","twitter_card":"summary_large_image","twitter_creator":"@ElLabradorOf","twitter_site":"@ElLabradorOf","twitter_misc":{"Escrito por":"Editor","Tiempo de lectura":"2 minutos"},"schema":{"@context":"https:\/\/schema.org","@graph":[{"@type":"Article","@id":"https:\/\/diarioellabrador.cl\/index.php\/2026\/04\/30\/lorenzo-antillo-quiere-ser-presidente-de-anfp-se-necesita-un-gobierno-corporativo-de-emergencia\/#article","isPartOf":{"@id":"https:\/\/diarioellabrador.cl\/index.php\/2026\/04\/30\/lorenzo-antillo-quiere-ser-presidente-de-anfp-se-necesita-un-gobierno-corporativo-de-emergencia\/"},"author":{"name":"Editor","@id":"https:\/\/diarioellabrador.cl\/#\/schema\/person\/bc25ff80b4563f9c7f4bd7855df01685"},"headline":"Lorenzo Antillo quiere ser presidente de ANFP: \u00abSe necesita un gobierno corporativo de emergencia\u00bb","datePublished":"2026-04-30T23:48:57+00:00","dateModified":"2026-04-30T23:49:00+00:00","mainEntityOfPage":{"@id":"https:\/\/diarioellabrador.cl\/index.php\/2026\/04\/30\/lorenzo-antillo-quiere-ser-presidente-de-anfp-se-necesita-un-gobierno-corporativo-de-emergencia\/"},"wordCount":363,"commentCount":0,"publisher":{"@id":"https:\/\/diarioellabrador.cl\/#organization"},"image":{"@id":"https:\/\/diarioellabrador.cl\/index.php\/2026\/04\/30\/lorenzo-antillo-quiere-ser-presidente-de-anfp-se-necesita-un-gobierno-corporativo-de-emergencia\/#primaryimage"},"thumbnailUrl":"https:\/\/diarioellabrador.cl\/wp-content\/uploads\/2026\/04\/Lorenzo-Antillo-quiere-ser-presidente-de-ANFP-Se-necesita-un-gobierno-corporativo-de-emergencia.jpg","articleSection":["Deportes"],"inLanguage":"es","potentialAction":[{"@type":"CommentAction","name":"Comment","target":["https:\/\/diarioellabrador.cl\/index.php\/2026\/04\/30\/lorenzo-antillo-quiere-ser-presidente-de-anfp-se-necesita-un-gobierno-corporativo-de-emergencia\/#respond"]}]},{"@type":"WebPage","@id":"https:\/\/diarioellabrador.cl\/index.php\/2026\/04\/30\/lorenzo-antillo-quiere-ser-presidente-de-anfp-se-necesita-un-gobierno-corporativo-de-emergencia\/","url":"https:\/\/diarioellabrador.cl\/index.php\/2026\/04\/30\/lorenzo-antillo-quiere-ser-presidente-de-anfp-se-necesita-un-gobierno-corporativo-de-emergencia\/","name":"Lorenzo Antillo quiere ser presidente de ANFP: \"Se necesita un gobierno corporativo de emergencia\" - Diario El Labrador","isPartOf":{"@id":"https:\/\/diarioellabrador.cl\/#website"},"primaryImageOfPage":{"@id":"https:\/\/diarioellabrador.cl\/index.php\/2026\/04\/30\/lorenzo-antillo-quiere-ser-presidente-de-anfp-se-necesita-un-gobierno-corporativo-de-emergencia\/#primaryimage"},"image":{"@id":"https:\/\/diarioellabrador.cl\/index.php\/2026\/04\/30\/lorenzo-antillo-quiere-ser-presidente-de-anfp-se-necesita-un-gobierno-corporativo-de-emergencia\/#primaryimage"},"thumbnailUrl":"https:\/\/diarioellabrador.cl\/wp-content\/uploads\/2026\/04\/Lorenzo-Antillo-quiere-ser-presidente-de-ANFP-Se-necesita-un-gobierno-corporativo-de-emergencia.jpg","datePublished":"2026-04-30T23:48:57+00:00","dateModified":"2026-04-30T23:49:00+00:00","breadcrumb":{"@id":"https:\/\/diarioellabrador.cl\/index.php\/2026\/04\/30\/lorenzo-antillo-quiere-ser-presidente-de-anfp-se-necesita-un-gobierno-corporativo-de-emergencia\/#breadcrumb"},"inLanguage":"es","potentialAction":[{"@type":"ReadAction","target":["https:\/\/diarioellabrador.cl\/index.php\/2026\/04\/30\/lorenzo-antillo-quiere-ser-presidente-de-anfp-se-necesita-un-gobierno-corporativo-de-emergencia\/"]}]},{"@type":"ImageObject","inLanguage":"es","@id":"https:\/\/diarioellabrador.cl\/index.php\/2026\/04\/30\/lorenzo-antillo-quiere-ser-presidente-de-anfp-se-necesita-un-gobierno-corporativo-de-emergencia\/#primaryimage","url":"https:\/\/diarioellabrador.cl\/wp-content\/uploads\/2026\/04\/Lorenzo-Antillo-quiere-ser-presidente-de-ANFP-Se-necesita-un-gobierno-corporativo-de-emergencia.jpg","contentUrl":"https:\/\/diarioellabrador.cl\/wp-content\/uploads\/2026\/04\/Lorenzo-Antillo-quiere-ser-presidente-de-ANFP-Se-necesita-un-gobierno-corporativo-de-emergencia.jpg","width":740,"height":416},{"@type":"BreadcrumbList","@id":"https:\/\/diarioellabrador.cl\/index.php\/2026\/04\/30\/lorenzo-antillo-quiere-ser-presidente-de-anfp-se-necesita-un-gobierno-corporativo-de-emergencia\/#breadcrumb","itemListElement":[{"@type":"ListItem","position":1,"name":"Portada","item":"https:\/\/diarioellabrador.cl\/"},{"@type":"ListItem","position":2,"name":"Lorenzo Antillo quiere ser presidente de ANFP: \u00abSe necesita un gobierno corporativo de emergencia\u00bb"}]},{"@type":"WebSite","@id":"https:\/\/diarioellabrador.cl\/#website","url":"https:\/\/diarioellabrador.cl\/","name":"Diario El Labrador","description":"Haciendo noticia desde 1921","publisher":{"@id":"https:\/\/diarioellabrador.cl\/#organization"},"potentialAction":[{"@type":"SearchAction","target":{"@type":"EntryPoint","urlTemplate":"https:\/\/diarioellabrador.cl\/?s={search_term_string}"},"query-input":{"@type":"PropertyValueSpecification","valueRequired":true,"valueName":"search_term_string"}}],"inLanguage":"es"},{"@type":"Organization","@id":"https:\/\/diarioellabrador.cl\/#organization","name":"Diario El Labrador","url":"https:\/\/diarioellabrador.cl\/","logo":{"@type":"ImageObject","inLanguage":"es","@id":"https:\/\/diarioellabrador.cl\/#\/schema\/logo\/image\/","url":"https:\/\/diarioellabrador.cl\/wp-content\/uploads\/2025\/02\/cropped-Logo-Icono.png","contentUrl":"https:\/\/diarioellabrador.cl\/wp-content\/uploads\/2025\/02\/cropped-Logo-Icono.png","width":512,"height":512,"caption":"Diario El Labrador"},"image":{"@id":"https:\/\/diarioellabrador.cl\/#\/schema\/logo\/image\/"},"sameAs":["https:\/\/web.facebook.com\/profile.php?id=61576120840621","https:\/\/x.com\/ElLabradorOf","https:\/\/www.instagram.com\/diarioellabradoroficial\/"]},{"@type":"Person","@id":"https:\/\/diarioellabrador.cl\/#\/schema\/person\/bc25ff80b4563f9c7f4bd7855df01685","name":"Editor","image":{"@type":"ImageObject","inLanguage":"es","@id":"https:\/\/secure.gravatar.com\/avatar\/109c326cf2be5c04f048c2c2a2b8b6ef44bf3d8d1d3d4c55d0ac40c4bc994684?s=96&d=mm&r=g","url":"https:\/\/secure.gravatar.com\/avatar\/109c326cf2be5c04f048c2c2a2b8b6ef44bf3d8d1d3d4c55d0ac40c4bc994684?s=96&d=mm&r=g","contentUrl":"https:\/\/secure.gravatar.com\/avatar\/109c326cf2be5c04f048c2c2a2b8b6ef44bf3d8d1d3d4c55d0ac40c4bc994684?s=96&d=mm&r=g","caption":"Editor"},"url":"https:\/\/diarioellabrador.cl\/index.php\/author\/editor\/"}]}},"_links":{"self":[{"href":"https:\/\/diarioellabrador.cl\/index.php\/wp-json\/wp\/v2\/posts\/18773","targetHints":{"allow":["GET"]}}],"collection":[{"href":"https:\/\/diarioellabrador.cl\/index.php\/wp-json\/wp\/v2\/posts"}],"about":[{"href":"https:\/\/diarioellabrador.cl\/index.php\/wp-json\/wp\/v2\/types\/post"}],"author":[{"embeddable":true,"href":"https:\/\/diarioellabrador.cl\/index.php\/wp-json\/wp\/v2\/users\/2"}],"replies":[{"embeddable":true,"href":"https:\/\/diarioellabrador.cl\/index.php\/wp-json\/wp\/v2\/comments?post=18773"}],"version-history":[{"count":1,"href":"https:\/\/diarioellabrador.cl\/index.php\/wp-json\/wp\/v2\/posts\/18773\/revisions"}],"predecessor-version":[{"id":18774,"href":"https:\/\/diarioellabrador.cl\/index.php\/wp-json\/wp\/v2\/posts\/18773\/revisions\/18774"}],"wp:featuredmedia":[{"embeddable":true,"href":"https:\/\/diarioellabrador.cl\/index.php\/wp-json\/wp\/v2\/media\/18748"}],"wp:attachment":[{"href":"https:\/\/diarioellabrador.cl\/index.php\/wp-json\/wp\/v2\/media?parent=18773"}],"wp:term":[{"taxonomy":"category","embeddable":true,"href":"https:\/\/diarioellabrador.cl\/index.php\/wp-json\/wp\/v2\/categories?post=18773"},{"taxonomy":"post_tag","embeddable":true,"href":"https:\/\/diarioellabrador.cl\/index.php\/wp-json\/wp\/v2\/tags?post=18773"}],"curies":[{"name":"wp","href":"https:\/\/api.w.org\/{rel}","templated":true}]}}