{"id":18771,"date":"2026-04-30T19:48:23","date_gmt":"2026-04-30T23:48:23","guid":{"rendered":"https:\/\/diarioellabrador.cl\/?p=18771"},"modified":"2026-04-30T19:48:25","modified_gmt":"2026-04-30T23:48:25","slug":"los-trabajadores-en-el-ambito-deportivo","status":"publish","type":"post","link":"https:\/\/diarioellabrador.cl\/index.php\/2026\/04\/30\/los-trabajadores-en-el-ambito-deportivo\/","title":{"rendered":"LOS TRABAJADORES EN EL \u00c1MBITO DEPORTIVO"},"content":{"rendered":"\n<p>Hola, \u00bfc\u00f3mo est\u00e1n? Muchas veces cuando pensamos y hablamos sobre deporte, solemos centrarnos en deportistas, resultados y logros en las competencias. &nbsp;Sin embargo, pocas veces vemos que detr\u00e1s de cada entrenamiento, evento o instituci\u00f3n deportiva, existe un grupo de personas que llevan a cabo una labor importante y que muchas veces es poco visible, silenciosa y no reconocida: Los trabajadores.<\/p>\n\n\n\n<p>El \u00e1rea deportiva de cualquier instituci\u00f3n u organizaci\u00f3n est\u00e1 conformada por una amplia diversidad de personas. En ella participan entrenadores, preparadores f\u00edsicos, profesores de educaci\u00f3n f\u00edsica, kinesi\u00f3logos, masajistas, m\u00e9dicos, dirigentes, utileros, gestores deportivos, \u00e1rbitros, periodistas, encargados de log\u00edstica y personal de mantenimiento, entre otros.<\/p>\n\n\n\n<p>Cada uno, desde su especialidad, realiza aportes fundamentales que permiten el adecuado funcionamiento de la instituci\u00f3n, contribuyendo de manera coordinada al logro de sus objetivos deportivos y organizacionales.<\/p>\n\n\n\n<p>La gesti\u00f3n de estos trabajadores es un aspecto clave dentro de las organizaciones deportivas. Taylor, Doherty y McGraw (2008), destacan que la gesti\u00f3n de los trabajadores en el \u00e1mbito deportivo no es solo una funci\u00f3n administrativa, sino un componente estrat\u00e9gico que influye directamente en el \u00e9xito y la proyecci\u00f3n de las organizaciones deportivas.<\/p>\n\n\n\n<p>Por su parte, Cristina L\u00f3pez de Subijana en su libro Organizaci\u00f3n Deportiva (2023), nos dice que la contrataci\u00f3n del personal debe de seguir una serie de pasos. Por un lado, desde el \u00e1mbito legal, es necesario dominar la normativa laboral vigente y el convenio colectivo de las instalaciones deportivas. Por otro lado, en complementaci\u00f3n con el anterior, dice que es preciso conocer otros fundamentos relacionados con estos trabajadores, como son las competencias, funciones, certificaciones y profesiones reconocidas en el \u00e1mbito del deporte.<\/p>\n\n\n\n<p>Un estudio publicado en el a\u00f1o 2022, por la Revista Iberoamericana de Ciencias de la Actividad F\u00edsica y El Deporte, se\u00f1ala que uno de los pilares fundamentales en la calidad de los servicios deportivos, p\u00fablicos o privados, son los trabajadores. De hecho, dice que estudios llevados a cabo en los servicios deportivos resaltan la importancia que tienen los trabajadores en la satisfacci\u00f3n del usuario, incluso por encima de los recursos tangibles (instalaciones o evidencias f\u00edsicas).<\/p>\n\n\n\n<p>Tambi\u00e9n, indican que uno de los objetivos de las organizaciones puede ir encaminado a mejorar el grado de satisfacci\u00f3n de sus trabajadores, para as\u00ed conseguir una mayor involucraci\u00f3n laboral con los objetivos de la empresa, adem\u00e1s de obtener un incremento en su productividad y un clima laboral m\u00e1s favorable. Esta mejora, se\u00f1alan, va a repercutir directamente en la satisfacci\u00f3n del cliente y por consiguiente, en la calidad de servicio. De esta forma, conocer y analizar las variables que inciden en la satisfacci\u00f3n de los trabajadores profesionales y no profesionales, puede contribuir a mejorar la labor de estos en las organizaciones. Por ello, es necesario prestar atenci\u00f3n al papel del trabajador o profesional en un contexto de gesti\u00f3n de calidad, como estrategia que busca la excelencia en las organizaciones.<\/p>\n\n\n\n<p>Creo importante considerar que las malas condiciones laborales, jornadas extensas, inestabilidad laboral y falta de reconocimiento son situaciones que a\u00fan persisten en algunos contextos deportivos, por lo que se debe avanzar hacia una mayor regulaci\u00f3n y valoraci\u00f3n del trabajo en este sector.<\/p>\n\n\n\n<p>En definitiva, coincido con muchos autores y estudios, en que los trabajadores del deporte son el motor que permite que las ideas se transformen en acciones y que los proyectos se hagan realidad. Reconocer su labor y fortalecer su desarrollo es fundamental para el crecimiento del deporte en todas sus dimensiones. FELIZ D\u00cdA DEL TRABAJADOR.<\/p>\n\n\n\n<p>Pablo Jara Quinteros<\/p>\n\n\n\n<p>Profesor de Educaci\u00f3n F\u00edsica<\/p>\n\n\n\n<p>Magister en Gesti\u00f3n deportiva<\/p>\n\n\n\n<p>pablojaraquinteros@gmail.com<\/p>\n","protected":false},"excerpt":{"rendered":"<p>Hola, \u00bfc\u00f3mo est\u00e1n? Muchas veces cuando pensamos y hablamos sobre deporte, solemos centrarnos en deportistas, resultados y logros en las competencias. &nbsp;Sin embargo, pocas veces vemos que detr\u00e1s de cada entrenamiento, evento o instituci\u00f3n deportiva, existe un grupo de personas que llevan a cabo una labor importante y que muchas veces es poco visible, silenciosa<\/p>\n<div class=\"read-more-wrapper\"><a class=\"read-more\" href=\"https:\/\/diarioellabrador.cl\/index.php\/2026\/04\/30\/los-trabajadores-en-el-ambito-deportivo\/\" title=\"Leer m\u00e1s\"> <span class=\"button \">Leer m\u00e1s<\/span><\/a><\/div>\n","protected":false},"author":2,"featured_media":18767,"comment_status":"open","ping_status":"open","sticky":false,"template":"","format":"standard","meta":{"footnotes":""},"categories":[9],"tags":[],"class_list":["post-18771","post","type-post","status-publish","format-standard","has-post-thumbnail","hentry","category-opinion"],"yoast_head":"<!-- This site is optimized with the Yoast SEO plugin v27.5 - https:\/\/yoast.com\/product\/yoast-seo-wordpress\/ -->\n<title>LOS TRABAJADORES EN EL \u00c1MBITO DEPORTIVO - Diario El Labrador<\/title>\n<meta name=\"robots\" content=\"index, follow, max-snippet:-1, max-image-preview:large, max-video-preview:-1\" \/>\n<link rel=\"canonical\" href=\"https:\/\/diarioellabrador.cl\/index.php\/2026\/04\/30\/los-trabajadores-en-el-ambito-deportivo\/\" \/>\n<meta property=\"og:locale\" content=\"es_ES\" \/>\n<meta property=\"og:type\" content=\"article\" \/>\n<meta property=\"og:title\" content=\"LOS TRABAJADORES EN EL \u00c1MBITO DEPORTIVO - Diario El Labrador\" \/>\n<meta property=\"og:description\" content=\"Hola, \u00bfc\u00f3mo est\u00e1n? Muchas veces cuando pensamos y hablamos sobre deporte, solemos centrarnos en deportistas, resultados y logros en las competencias. &nbsp;Sin embargo, pocas veces vemos que detr\u00e1s de cada entrenamiento, evento o instituci\u00f3n deportiva, existe un grupo de personas que llevan a cabo una labor importante y que muchas veces es poco visible, silenciosa Leer m\u00e1s\" \/>\n<meta property=\"og:url\" content=\"https:\/\/diarioellabrador.cl\/index.php\/2026\/04\/30\/los-trabajadores-en-el-ambito-deportivo\/\" \/>\n<meta property=\"og:site_name\" content=\"Diario El Labrador\" \/>\n<meta property=\"article:publisher\" content=\"https:\/\/web.facebook.com\/profile.php?id=61576120840621\" \/>\n<meta property=\"article:published_time\" content=\"2026-04-30T23:48:23+00:00\" \/>\n<meta property=\"article:modified_time\" content=\"2026-04-30T23:48:25+00:00\" \/>\n<meta property=\"og:image\" content=\"https:\/\/diarioellabrador.cl\/wp-content\/uploads\/2026\/04\/42.-LOS-TRABAJADORES-EN-EL-AMBITO-DEPORTIVO.-1-de-mayo-de-2026.jpg\" \/>\n\t<meta property=\"og:image:width\" content=\"1080\" \/>\n\t<meta property=\"og:image:height\" content=\"1338\" \/>\n\t<meta property=\"og:image:type\" content=\"image\/jpeg\" \/>\n<meta name=\"author\" content=\"Editor\" \/>\n<meta name=\"twitter:card\" content=\"summary_large_image\" \/>\n<meta name=\"twitter:creator\" content=\"@ElLabradorOf\" \/>\n<meta name=\"twitter:site\" content=\"@ElLabradorOf\" \/>\n<meta name=\"twitter:label1\" content=\"Escrito por\" \/>\n\t<meta name=\"twitter:data1\" content=\"Editor\" \/>\n\t<meta name=\"twitter:label2\" content=\"Tiempo de lectura\" \/>\n\t<meta name=\"twitter:data2\" content=\"3 minutos\" \/>\n<script type=\"application\/ld+json\" class=\"yoast-schema-graph\">{\"@context\":\"https:\\\/\\\/schema.org\",\"@graph\":[{\"@type\":\"Article\",\"@id\":\"https:\\\/\\\/diarioellabrador.cl\\\/index.php\\\/2026\\\/04\\\/30\\\/los-trabajadores-en-el-ambito-deportivo\\\/#article\",\"isPartOf\":{\"@id\":\"https:\\\/\\\/diarioellabrador.cl\\\/index.php\\\/2026\\\/04\\\/30\\\/los-trabajadores-en-el-ambito-deportivo\\\/\"},\"author\":{\"name\":\"Editor\",\"@id\":\"https:\\\/\\\/diarioellabrador.cl\\\/#\\\/schema\\\/person\\\/bc25ff80b4563f9c7f4bd7855df01685\"},\"headline\":\"LOS TRABAJADORES EN EL \u00c1MBITO DEPORTIVO\",\"datePublished\":\"2026-04-30T23:48:23+00:00\",\"dateModified\":\"2026-04-30T23:48:25+00:00\",\"mainEntityOfPage\":{\"@id\":\"https:\\\/\\\/diarioellabrador.cl\\\/index.php\\\/2026\\\/04\\\/30\\\/los-trabajadores-en-el-ambito-deportivo\\\/\"},\"wordCount\":630,\"commentCount\":0,\"publisher\":{\"@id\":\"https:\\\/\\\/diarioellabrador.cl\\\/#organization\"},\"image\":{\"@id\":\"https:\\\/\\\/diarioellabrador.cl\\\/index.php\\\/2026\\\/04\\\/30\\\/los-trabajadores-en-el-ambito-deportivo\\\/#primaryimage\"},\"thumbnailUrl\":\"https:\\\/\\\/diarioellabrador.cl\\\/wp-content\\\/uploads\\\/2026\\\/04\\\/42.-LOS-TRABAJADORES-EN-EL-AMBITO-DEPORTIVO.-1-de-mayo-de-2026.jpg\",\"articleSection\":[\"Opini\u00f3n\"],\"inLanguage\":\"es\",\"potentialAction\":[{\"@type\":\"CommentAction\",\"name\":\"Comment\",\"target\":[\"https:\\\/\\\/diarioellabrador.cl\\\/index.php\\\/2026\\\/04\\\/30\\\/los-trabajadores-en-el-ambito-deportivo\\\/#respond\"]}]},{\"@type\":\"WebPage\",\"@id\":\"https:\\\/\\\/diarioellabrador.cl\\\/index.php\\\/2026\\\/04\\\/30\\\/los-trabajadores-en-el-ambito-deportivo\\\/\",\"url\":\"https:\\\/\\\/diarioellabrador.cl\\\/index.php\\\/2026\\\/04\\\/30\\\/los-trabajadores-en-el-ambito-deportivo\\\/\",\"name\":\"LOS TRABAJADORES EN EL \u00c1MBITO DEPORTIVO - Diario El Labrador\",\"isPartOf\":{\"@id\":\"https:\\\/\\\/diarioellabrador.cl\\\/#website\"},\"primaryImageOfPage\":{\"@id\":\"https:\\\/\\\/diarioellabrador.cl\\\/index.php\\\/2026\\\/04\\\/30\\\/los-trabajadores-en-el-ambito-deportivo\\\/#primaryimage\"},\"image\":{\"@id\":\"https:\\\/\\\/diarioellabrador.cl\\\/index.php\\\/2026\\\/04\\\/30\\\/los-trabajadores-en-el-ambito-deportivo\\\/#primaryimage\"},\"thumbnailUrl\":\"https:\\\/\\\/diarioellabrador.cl\\\/wp-content\\\/uploads\\\/2026\\\/04\\\/42.-LOS-TRABAJADORES-EN-EL-AMBITO-DEPORTIVO.-1-de-mayo-de-2026.jpg\",\"datePublished\":\"2026-04-30T23:48:23+00:00\",\"dateModified\":\"2026-04-30T23:48:25+00:00\",\"breadcrumb\":{\"@id\":\"https:\\\/\\\/diarioellabrador.cl\\\/index.php\\\/2026\\\/04\\\/30\\\/los-trabajadores-en-el-ambito-deportivo\\\/#breadcrumb\"},\"inLanguage\":\"es\",\"potentialAction\":[{\"@type\":\"ReadAction\",\"target\":[\"https:\\\/\\\/diarioellabrador.cl\\\/index.php\\\/2026\\\/04\\\/30\\\/los-trabajadores-en-el-ambito-deportivo\\\/\"]}]},{\"@type\":\"ImageObject\",\"inLanguage\":\"es\",\"@id\":\"https:\\\/\\\/diarioellabrador.cl\\\/index.php\\\/2026\\\/04\\\/30\\\/los-trabajadores-en-el-ambito-deportivo\\\/#primaryimage\",\"url\":\"https:\\\/\\\/diarioellabrador.cl\\\/wp-content\\\/uploads\\\/2026\\\/04\\\/42.-LOS-TRABAJADORES-EN-EL-AMBITO-DEPORTIVO.-1-de-mayo-de-2026.jpg\",\"contentUrl\":\"https:\\\/\\\/diarioellabrador.cl\\\/wp-content\\\/uploads\\\/2026\\\/04\\\/42.-LOS-TRABAJADORES-EN-EL-AMBITO-DEPORTIVO.-1-de-mayo-de-2026.jpg\",\"width\":1080,\"height\":1338},{\"@type\":\"BreadcrumbList\",\"@id\":\"https:\\\/\\\/diarioellabrador.cl\\\/index.php\\\/2026\\\/04\\\/30\\\/los-trabajadores-en-el-ambito-deportivo\\\/#breadcrumb\",\"itemListElement\":[{\"@type\":\"ListItem\",\"position\":1,\"name\":\"Portada\",\"item\":\"https:\\\/\\\/diarioellabrador.cl\\\/\"},{\"@type\":\"ListItem\",\"position\":2,\"name\":\"LOS TRABAJADORES EN EL \u00c1MBITO DEPORTIVO\"}]},{\"@type\":\"WebSite\",\"@id\":\"https:\\\/\\\/diarioellabrador.cl\\\/#website\",\"url\":\"https:\\\/\\\/diarioellabrador.cl\\\/\",\"name\":\"Diario El Labrador\",\"description\":\"Haciendo noticia desde 1921\",\"publisher\":{\"@id\":\"https:\\\/\\\/diarioellabrador.cl\\\/#organization\"},\"potentialAction\":[{\"@type\":\"SearchAction\",\"target\":{\"@type\":\"EntryPoint\",\"urlTemplate\":\"https:\\\/\\\/diarioellabrador.cl\\\/?s={search_term_string}\"},\"query-input\":{\"@type\":\"PropertyValueSpecification\",\"valueRequired\":true,\"valueName\":\"search_term_string\"}}],\"inLanguage\":\"es\"},{\"@type\":\"Organization\",\"@id\":\"https:\\\/\\\/diarioellabrador.cl\\\/#organization\",\"name\":\"Diario El Labrador\",\"url\":\"https:\\\/\\\/diarioellabrador.cl\\\/\",\"logo\":{\"@type\":\"ImageObject\",\"inLanguage\":\"es\",\"@id\":\"https:\\\/\\\/diarioellabrador.cl\\\/#\\\/schema\\\/logo\\\/image\\\/\",\"url\":\"https:\\\/\\\/diarioellabrador.cl\\\/wp-content\\\/uploads\\\/2025\\\/02\\\/cropped-Logo-Icono.png\",\"contentUrl\":\"https:\\\/\\\/diarioellabrador.cl\\\/wp-content\\\/uploads\\\/2025\\\/02\\\/cropped-Logo-Icono.png\",\"width\":512,\"height\":512,\"caption\":\"Diario El Labrador\"},\"image\":{\"@id\":\"https:\\\/\\\/diarioellabrador.cl\\\/#\\\/schema\\\/logo\\\/image\\\/\"},\"sameAs\":[\"https:\\\/\\\/web.facebook.com\\\/profile.php?id=61576120840621\",\"https:\\\/\\\/x.com\\\/ElLabradorOf\",\"https:\\\/\\\/www.instagram.com\\\/diarioellabradoroficial\\\/\"]},{\"@type\":\"Person\",\"@id\":\"https:\\\/\\\/diarioellabrador.cl\\\/#\\\/schema\\\/person\\\/bc25ff80b4563f9c7f4bd7855df01685\",\"name\":\"Editor\",\"image\":{\"@type\":\"ImageObject\",\"inLanguage\":\"es\",\"@id\":\"https:\\\/\\\/secure.gravatar.com\\\/avatar\\\/109c326cf2be5c04f048c2c2a2b8b6ef44bf3d8d1d3d4c55d0ac40c4bc994684?s=96&d=mm&r=g\",\"url\":\"https:\\\/\\\/secure.gravatar.com\\\/avatar\\\/109c326cf2be5c04f048c2c2a2b8b6ef44bf3d8d1d3d4c55d0ac40c4bc994684?s=96&d=mm&r=g\",\"contentUrl\":\"https:\\\/\\\/secure.gravatar.com\\\/avatar\\\/109c326cf2be5c04f048c2c2a2b8b6ef44bf3d8d1d3d4c55d0ac40c4bc994684?s=96&d=mm&r=g\",\"caption\":\"Editor\"},\"url\":\"https:\\\/\\\/diarioellabrador.cl\\\/index.php\\\/author\\\/editor\\\/\"}]}<\/script>\n<!-- \/ Yoast SEO plugin. -->","yoast_head_json":{"title":"LOS TRABAJADORES EN EL \u00c1MBITO DEPORTIVO - Diario El Labrador","robots":{"index":"index","follow":"follow","max-snippet":"max-snippet:-1","max-image-preview":"max-image-preview:large","max-video-preview":"max-video-preview:-1"},"canonical":"https:\/\/diarioellabrador.cl\/index.php\/2026\/04\/30\/los-trabajadores-en-el-ambito-deportivo\/","og_locale":"es_ES","og_type":"article","og_title":"LOS TRABAJADORES EN EL \u00c1MBITO DEPORTIVO - Diario El Labrador","og_description":"Hola, \u00bfc\u00f3mo est\u00e1n? Muchas veces cuando pensamos y hablamos sobre deporte, solemos centrarnos en deportistas, resultados y logros en las competencias. &nbsp;Sin embargo, pocas veces vemos que detr\u00e1s de cada entrenamiento, evento o instituci\u00f3n deportiva, existe un grupo de personas que llevan a cabo una labor importante y que muchas veces es poco visible, silenciosa Leer m\u00e1s","og_url":"https:\/\/diarioellabrador.cl\/index.php\/2026\/04\/30\/los-trabajadores-en-el-ambito-deportivo\/","og_site_name":"Diario El Labrador","article_publisher":"https:\/\/web.facebook.com\/profile.php?id=61576120840621","article_published_time":"2026-04-30T23:48:23+00:00","article_modified_time":"2026-04-30T23:48:25+00:00","og_image":[{"width":1080,"height":1338,"url":"https:\/\/diarioellabrador.cl\/wp-content\/uploads\/2026\/04\/42.-LOS-TRABAJADORES-EN-EL-AMBITO-DEPORTIVO.-1-de-mayo-de-2026.jpg","type":"image\/jpeg"}],"author":"Editor","twitter_card":"summary_large_image","twitter_creator":"@ElLabradorOf","twitter_site":"@ElLabradorOf","twitter_misc":{"Escrito por":"Editor","Tiempo de lectura":"3 minutos"},"schema":{"@context":"https:\/\/schema.org","@graph":[{"@type":"Article","@id":"https:\/\/diarioellabrador.cl\/index.php\/2026\/04\/30\/los-trabajadores-en-el-ambito-deportivo\/#article","isPartOf":{"@id":"https:\/\/diarioellabrador.cl\/index.php\/2026\/04\/30\/los-trabajadores-en-el-ambito-deportivo\/"},"author":{"name":"Editor","@id":"https:\/\/diarioellabrador.cl\/#\/schema\/person\/bc25ff80b4563f9c7f4bd7855df01685"},"headline":"LOS TRABAJADORES EN EL \u00c1MBITO DEPORTIVO","datePublished":"2026-04-30T23:48:23+00:00","dateModified":"2026-04-30T23:48:25+00:00","mainEntityOfPage":{"@id":"https:\/\/diarioellabrador.cl\/index.php\/2026\/04\/30\/los-trabajadores-en-el-ambito-deportivo\/"},"wordCount":630,"commentCount":0,"publisher":{"@id":"https:\/\/diarioellabrador.cl\/#organization"},"image":{"@id":"https:\/\/diarioellabrador.cl\/index.php\/2026\/04\/30\/los-trabajadores-en-el-ambito-deportivo\/#primaryimage"},"thumbnailUrl":"https:\/\/diarioellabrador.cl\/wp-content\/uploads\/2026\/04\/42.-LOS-TRABAJADORES-EN-EL-AMBITO-DEPORTIVO.-1-de-mayo-de-2026.jpg","articleSection":["Opini\u00f3n"],"inLanguage":"es","potentialAction":[{"@type":"CommentAction","name":"Comment","target":["https:\/\/diarioellabrador.cl\/index.php\/2026\/04\/30\/los-trabajadores-en-el-ambito-deportivo\/#respond"]}]},{"@type":"WebPage","@id":"https:\/\/diarioellabrador.cl\/index.php\/2026\/04\/30\/los-trabajadores-en-el-ambito-deportivo\/","url":"https:\/\/diarioellabrador.cl\/index.php\/2026\/04\/30\/los-trabajadores-en-el-ambito-deportivo\/","name":"LOS TRABAJADORES EN EL \u00c1MBITO DEPORTIVO - Diario El Labrador","isPartOf":{"@id":"https:\/\/diarioellabrador.cl\/#website"},"primaryImageOfPage":{"@id":"https:\/\/diarioellabrador.cl\/index.php\/2026\/04\/30\/los-trabajadores-en-el-ambito-deportivo\/#primaryimage"},"image":{"@id":"https:\/\/diarioellabrador.cl\/index.php\/2026\/04\/30\/los-trabajadores-en-el-ambito-deportivo\/#primaryimage"},"thumbnailUrl":"https:\/\/diarioellabrador.cl\/wp-content\/uploads\/2026\/04\/42.-LOS-TRABAJADORES-EN-EL-AMBITO-DEPORTIVO.-1-de-mayo-de-2026.jpg","datePublished":"2026-04-30T23:48:23+00:00","dateModified":"2026-04-30T23:48:25+00:00","breadcrumb":{"@id":"https:\/\/diarioellabrador.cl\/index.php\/2026\/04\/30\/los-trabajadores-en-el-ambito-deportivo\/#breadcrumb"},"inLanguage":"es","potentialAction":[{"@type":"ReadAction","target":["https:\/\/diarioellabrador.cl\/index.php\/2026\/04\/30\/los-trabajadores-en-el-ambito-deportivo\/"]}]},{"@type":"ImageObject","inLanguage":"es","@id":"https:\/\/diarioellabrador.cl\/index.php\/2026\/04\/30\/los-trabajadores-en-el-ambito-deportivo\/#primaryimage","url":"https:\/\/diarioellabrador.cl\/wp-content\/uploads\/2026\/04\/42.-LOS-TRABAJADORES-EN-EL-AMBITO-DEPORTIVO.-1-de-mayo-de-2026.jpg","contentUrl":"https:\/\/diarioellabrador.cl\/wp-content\/uploads\/2026\/04\/42.-LOS-TRABAJADORES-EN-EL-AMBITO-DEPORTIVO.-1-de-mayo-de-2026.jpg","width":1080,"height":1338},{"@type":"BreadcrumbList","@id":"https:\/\/diarioellabrador.cl\/index.php\/2026\/04\/30\/los-trabajadores-en-el-ambito-deportivo\/#breadcrumb","itemListElement":[{"@type":"ListItem","position":1,"name":"Portada","item":"https:\/\/diarioellabrador.cl\/"},{"@type":"ListItem","position":2,"name":"LOS TRABAJADORES EN EL \u00c1MBITO DEPORTIVO"}]},{"@type":"WebSite","@id":"https:\/\/diarioellabrador.cl\/#website","url":"https:\/\/diarioellabrador.cl\/","name":"Diario El Labrador","description":"Haciendo noticia desde 1921","publisher":{"@id":"https:\/\/diarioellabrador.cl\/#organization"},"potentialAction":[{"@type":"SearchAction","target":{"@type":"EntryPoint","urlTemplate":"https:\/\/diarioellabrador.cl\/?s={search_term_string}"},"query-input":{"@type":"PropertyValueSpecification","valueRequired":true,"valueName":"search_term_string"}}],"inLanguage":"es"},{"@type":"Organization","@id":"https:\/\/diarioellabrador.cl\/#organization","name":"Diario El Labrador","url":"https:\/\/diarioellabrador.cl\/","logo":{"@type":"ImageObject","inLanguage":"es","@id":"https:\/\/diarioellabrador.cl\/#\/schema\/logo\/image\/","url":"https:\/\/diarioellabrador.cl\/wp-content\/uploads\/2025\/02\/cropped-Logo-Icono.png","contentUrl":"https:\/\/diarioellabrador.cl\/wp-content\/uploads\/2025\/02\/cropped-Logo-Icono.png","width":512,"height":512,"caption":"Diario El Labrador"},"image":{"@id":"https:\/\/diarioellabrador.cl\/#\/schema\/logo\/image\/"},"sameAs":["https:\/\/web.facebook.com\/profile.php?id=61576120840621","https:\/\/x.com\/ElLabradorOf","https:\/\/www.instagram.com\/diarioellabradoroficial\/"]},{"@type":"Person","@id":"https:\/\/diarioellabrador.cl\/#\/schema\/person\/bc25ff80b4563f9c7f4bd7855df01685","name":"Editor","image":{"@type":"ImageObject","inLanguage":"es","@id":"https:\/\/secure.gravatar.com\/avatar\/109c326cf2be5c04f048c2c2a2b8b6ef44bf3d8d1d3d4c55d0ac40c4bc994684?s=96&d=mm&r=g","url":"https:\/\/secure.gravatar.com\/avatar\/109c326cf2be5c04f048c2c2a2b8b6ef44bf3d8d1d3d4c55d0ac40c4bc994684?s=96&d=mm&r=g","contentUrl":"https:\/\/secure.gravatar.com\/avatar\/109c326cf2be5c04f048c2c2a2b8b6ef44bf3d8d1d3d4c55d0ac40c4bc994684?s=96&d=mm&r=g","caption":"Editor"},"url":"https:\/\/diarioellabrador.cl\/index.php\/author\/editor\/"}]}},"_links":{"self":[{"href":"https:\/\/diarioellabrador.cl\/index.php\/wp-json\/wp\/v2\/posts\/18771","targetHints":{"allow":["GET"]}}],"collection":[{"href":"https:\/\/diarioellabrador.cl\/index.php\/wp-json\/wp\/v2\/posts"}],"about":[{"href":"https:\/\/diarioellabrador.cl\/index.php\/wp-json\/wp\/v2\/types\/post"}],"author":[{"embeddable":true,"href":"https:\/\/diarioellabrador.cl\/index.php\/wp-json\/wp\/v2\/users\/2"}],"replies":[{"embeddable":true,"href":"https:\/\/diarioellabrador.cl\/index.php\/wp-json\/wp\/v2\/comments?post=18771"}],"version-history":[{"count":1,"href":"https:\/\/diarioellabrador.cl\/index.php\/wp-json\/wp\/v2\/posts\/18771\/revisions"}],"predecessor-version":[{"id":18772,"href":"https:\/\/diarioellabrador.cl\/index.php\/wp-json\/wp\/v2\/posts\/18771\/revisions\/18772"}],"wp:featuredmedia":[{"embeddable":true,"href":"https:\/\/diarioellabrador.cl\/index.php\/wp-json\/wp\/v2\/media\/18767"}],"wp:attachment":[{"href":"https:\/\/diarioellabrador.cl\/index.php\/wp-json\/wp\/v2\/media?parent=18771"}],"wp:term":[{"taxonomy":"category","embeddable":true,"href":"https:\/\/diarioellabrador.cl\/index.php\/wp-json\/wp\/v2\/categories?post=18771"},{"taxonomy":"post_tag","embeddable":true,"href":"https:\/\/diarioellabrador.cl\/index.php\/wp-json\/wp\/v2\/tags?post=18771"}],"curies":[{"name":"wp","href":"https:\/\/api.w.org\/{rel}","templated":true}]}}