{"id":18769,"date":"2026-04-30T19:47:46","date_gmt":"2026-04-30T23:47:46","guid":{"rendered":"https:\/\/diarioellabrador.cl\/?p=18769"},"modified":"2026-04-30T19:47:48","modified_gmt":"2026-04-30T23:47:48","slug":"antes-que-se-enfrie-todo-volvamos-a-la-mesa","status":"publish","type":"post","link":"https:\/\/diarioellabrador.cl\/index.php\/2026\/04\/30\/antes-que-se-enfrie-todo-volvamos-a-la-mesa\/","title":{"rendered":"\u201cAntes que se enfr\u00ede todo\u2026 volvamos a la mesa\u201d"},"content":{"rendered":"\n<p>La mirada de la Orientaci\u00f3n Familiar en Chile sobre los v\u00ednculos que nos sostienen<\/p>\n\n\n\n<p>En medio de la prisa diaria y las pantallas que nunca descansan, hemos ido perdiendo ese peque\u00f1o ritual donde la vida se ordena y los v\u00ednculos vuelven a encontrarse: sentarnos juntos a la mesa.<\/p>\n\n\n\n<p>Para muchas familias, la mesa fue alguna vez un verdadero punto de encuentro. El lugar donde alguien preguntaba \u201c\u00bfc\u00f3mo te fue hoy?\u201d y, aunque la respuesta fuera breve, abr\u00eda una puerta. Ah\u00ed se compart\u00edan no solo alimentos, sino tambi\u00e9n preocupaciones, risas, silencios c\u00f3modos y tambi\u00e9n diferencias que ense\u00f1aban a convivir. Era un espacio donde cada persona ten\u00eda un lugar, incluso cuando no todo estaba bien. Pero es fundamental decirlo con claridad: la mesa debe ser siempre un espacio seguro. Los malos tratos, las palabras que hieren o el desprecio constante no pueden ni deben normalizarse en la vida familiar.<\/p>\n\n\n\n<p>Hoy, en Chile, es cada vez m\u00e1s com\u00fan comer de pie, frente al tel\u00e9fono o en la soledad de una pieza. No porque no importe, sino porque sentimos que no hay tiempo. Sin embargo, cuando este momento compartido desaparece, no solo cambia la forma en que comemos: cambia la forma en que nos relacionamos. La conversaci\u00f3n se fragmenta, los v\u00ednculos se debilitan y, poco a poco, dejamos de saber c\u00f3mo est\u00e1 el otro m\u00e1s all\u00e1 de lo superficial.<\/p>\n\n\n\n<p>Sentarse a la mesa tiene algo profundamente humano. Nos invita a detenernos, a mirar, a escuchar. Nos recuerda que no estamos solos, que somos parte de algo m\u00e1s grande que nuestras propias preocupaciones. Incluso en familias imperfectas \u2014que son todas\u2014 este momento puede convertirse en una oportunidad de reconectar, de reparar y de volver a estar presentes.<\/p>\n\n\n\n<p>No se trata de idealizar ni de exigir perfecci\u00f3n. Habr\u00e1 d\u00edas en que la conversaci\u00f3n no fluya, en que el cansancio gane o en que el silencio incomode. Pero incluso ah\u00ed, en esa simple coincidencia de tiempos y presencias, ocurre algo valioso: la posibilidad de sostener el v\u00ednculo.<\/p>\n\n\n\n<p>Quiz\u00e1s la pregunta no es si tenemos tiempo para sentarnos a la mesa, sino qu\u00e9 estamos perdiendo cuando dejamos de hacerlo.<\/p>\n\n\n\n<p>\u00bfEres de los que se sientan a la mesa? \u00bfQu\u00e9 llevas t\u00fa a ese espacio: \u00bfpresencia o distracci\u00f3n, escucha o prisa? \u00bfQu\u00e9 te pasa realmente en ese instante cuando decides detenerte?<\/p>\n\n\n\n<p>Porque al final, m\u00e1s all\u00e1 de la comida, lo que est\u00e1 en juego es algo mucho m\u00e1s profundo: nuestra capacidad de encontrarnos, de reconocernos y de construir familia en lo cotidiano.<\/p>\n\n\n\n<p>Volver a la mesa no es retroceder. Es recuperar un espacio donde el respeto, la escucha y el cari\u00f1o pueden volver a tener lugar. Es, en el fondo, volver a elegirnos.<\/p>\n\n\n\n<p>Orientaci\u00f3n Familiar en Chile \u2013 Acompa\u00f1amiento Profesional con Enfoque Sist\u00e9mico<\/p>\n\n\n\n<p>Existe una profesi\u00f3n que trabaja directamente con las familias para fortalecer sus v\u00ednculos, mejorar la comunicaci\u00f3n y entregar herramientas concretas para la convivencia: la Orientaci\u00f3n Familiar, desde un enfoque humano, cercano y sist\u00e9mico.<\/p>\n\n\n\n<p>A veces, volver a la mesa tambi\u00e9n requiere apoyo. Un espacio profesional donde comprender lo que est\u00e1 ocurriendo, ordenar las din\u00e1micas familiares y aprender nuevas formas de relacionarnos.<\/p>\n\n\n\n<p>\ud83d\udccd @nutrabienestar<\/p>\n\n\n\n<p>Atenci\u00f3n profesional en Orientaci\u00f3n Familiar especializada en Neuropedagogia<\/p>\n\n\n\n<p>\ud83d\udccc Centro M\u00e9dico Artemisa (lunes)<\/p>\n\n\n\n<p>Serrano #542, oficina 15-16, Melipilla,<\/p>\n\n\n\n<p>\ud83d\udcde +56 9 8504 6064&nbsp;&nbsp; &#8211; +56 9 622 86960&nbsp;&nbsp; mi celular<\/p>\n\n\n\n<p>\ud83d\udccc Centro de Salud San Pedro<\/p>\n\n\n\n<p>El Prado, frente a la escuela<\/p>\n\n\n\n<p>\ud83d\udcde +56 9 6198 0738 &#8211; mi celular<\/p>\n\n\n\n<p>Porque antes que se enfr\u00ede todo \u2014la comida, las palabras y los v\u00ednculos\u2014 a\u00fan estamos a tiempo.<\/p>\n\n\n\n<p>Y a veces, volver a la mesa tambi\u00e9n es aprender a encontrarnos de nuevo.<\/p>\n\n\n\n<p>Daniela Foster Mu\u00f1oz<\/p>\n\n\n\n<p>Orientadora Familiar<\/p>\n\n\n\n<p>orientacoachlife@gmail.com<\/p>\n","protected":false},"excerpt":{"rendered":"<p>La mirada de la Orientaci\u00f3n Familiar en Chile sobre los v\u00ednculos que nos sostienen En medio de la prisa diaria y las pantallas que nunca descansan, hemos ido perdiendo ese peque\u00f1o ritual donde la vida se ordena y los v\u00ednculos vuelven a encontrarse: sentarnos juntos a la mesa. Para muchas familias, la mesa fue alguna<\/p>\n<div class=\"read-more-wrapper\"><a class=\"read-more\" href=\"https:\/\/diarioellabrador.cl\/index.php\/2026\/04\/30\/antes-que-se-enfrie-todo-volvamos-a-la-mesa\/\" title=\"Leer m\u00e1s\"> <span class=\"button \">Leer m\u00e1s<\/span><\/a><\/div>\n","protected":false},"author":2,"featured_media":18766,"comment_status":"open","ping_status":"open","sticky":false,"template":"","format":"standard","meta":{"footnotes":""},"categories":[9],"tags":[],"class_list":["post-18769","post","type-post","status-publish","format-standard","has-post-thumbnail","hentry","category-opinion"],"yoast_head":"<!-- This site is optimized with the Yoast SEO plugin v27.5 - https:\/\/yoast.com\/product\/yoast-seo-wordpress\/ -->\n<title>\u201cAntes que se enfr\u00ede todo\u2026 volvamos a la mesa\u201d - Diario El Labrador<\/title>\n<meta name=\"robots\" content=\"index, follow, max-snippet:-1, max-image-preview:large, max-video-preview:-1\" \/>\n<link rel=\"canonical\" href=\"https:\/\/diarioellabrador.cl\/index.php\/2026\/04\/30\/antes-que-se-enfrie-todo-volvamos-a-la-mesa\/\" \/>\n<meta property=\"og:locale\" content=\"es_ES\" \/>\n<meta property=\"og:type\" content=\"article\" \/>\n<meta property=\"og:title\" content=\"\u201cAntes que se enfr\u00ede todo\u2026 volvamos a la mesa\u201d - Diario El Labrador\" \/>\n<meta property=\"og:description\" content=\"La mirada de la Orientaci\u00f3n Familiar en Chile sobre los v\u00ednculos que nos sostienen En medio de la prisa diaria y las pantallas que nunca descansan, hemos ido perdiendo ese peque\u00f1o ritual donde la vida se ordena y los v\u00ednculos vuelven a encontrarse: sentarnos juntos a la mesa. Para muchas familias, la mesa fue alguna Leer m\u00e1s\" \/>\n<meta property=\"og:url\" content=\"https:\/\/diarioellabrador.cl\/index.php\/2026\/04\/30\/antes-que-se-enfrie-todo-volvamos-a-la-mesa\/\" \/>\n<meta property=\"og:site_name\" content=\"Diario El Labrador\" \/>\n<meta property=\"article:publisher\" content=\"https:\/\/web.facebook.com\/profile.php?id=61576120840621\" \/>\n<meta property=\"article:published_time\" content=\"2026-04-30T23:47:46+00:00\" \/>\n<meta property=\"article:modified_time\" content=\"2026-04-30T23:47:48+00:00\" \/>\n<meta property=\"og:image\" content=\"https:\/\/diarioellabrador.cl\/wp-content\/uploads\/2026\/04\/Antes-que-se-enfrie-todo\u2026-volvamos-a-la-mesa.jpg\" \/>\n\t<meta property=\"og:image:width\" content=\"298\" \/>\n\t<meta property=\"og:image:height\" content=\"413\" \/>\n\t<meta property=\"og:image:type\" content=\"image\/jpeg\" \/>\n<meta name=\"author\" content=\"Editor\" \/>\n<meta name=\"twitter:card\" content=\"summary_large_image\" \/>\n<meta name=\"twitter:creator\" content=\"@ElLabradorOf\" \/>\n<meta name=\"twitter:site\" content=\"@ElLabradorOf\" \/>\n<meta name=\"twitter:label1\" content=\"Escrito por\" \/>\n\t<meta name=\"twitter:data1\" content=\"Editor\" \/>\n\t<meta name=\"twitter:label2\" content=\"Tiempo de lectura\" \/>\n\t<meta name=\"twitter:data2\" content=\"3 minutos\" \/>\n<script type=\"application\/ld+json\" class=\"yoast-schema-graph\">{\"@context\":\"https:\\\/\\\/schema.org\",\"@graph\":[{\"@type\":\"Article\",\"@id\":\"https:\\\/\\\/diarioellabrador.cl\\\/index.php\\\/2026\\\/04\\\/30\\\/antes-que-se-enfrie-todo-volvamos-a-la-mesa\\\/#article\",\"isPartOf\":{\"@id\":\"https:\\\/\\\/diarioellabrador.cl\\\/index.php\\\/2026\\\/04\\\/30\\\/antes-que-se-enfrie-todo-volvamos-a-la-mesa\\\/\"},\"author\":{\"name\":\"Editor\",\"@id\":\"https:\\\/\\\/diarioellabrador.cl\\\/#\\\/schema\\\/person\\\/bc25ff80b4563f9c7f4bd7855df01685\"},\"headline\":\"\u201cAntes que se enfr\u00ede todo\u2026 volvamos a la mesa\u201d\",\"datePublished\":\"2026-04-30T23:47:46+00:00\",\"dateModified\":\"2026-04-30T23:47:48+00:00\",\"mainEntityOfPage\":{\"@id\":\"https:\\\/\\\/diarioellabrador.cl\\\/index.php\\\/2026\\\/04\\\/30\\\/antes-que-se-enfrie-todo-volvamos-a-la-mesa\\\/\"},\"wordCount\":648,\"commentCount\":0,\"publisher\":{\"@id\":\"https:\\\/\\\/diarioellabrador.cl\\\/#organization\"},\"image\":{\"@id\":\"https:\\\/\\\/diarioellabrador.cl\\\/index.php\\\/2026\\\/04\\\/30\\\/antes-que-se-enfrie-todo-volvamos-a-la-mesa\\\/#primaryimage\"},\"thumbnailUrl\":\"https:\\\/\\\/diarioellabrador.cl\\\/wp-content\\\/uploads\\\/2026\\\/04\\\/Antes-que-se-enfrie-todo\u2026-volvamos-a-la-mesa.jpg\",\"articleSection\":[\"Opini\u00f3n\"],\"inLanguage\":\"es\",\"potentialAction\":[{\"@type\":\"CommentAction\",\"name\":\"Comment\",\"target\":[\"https:\\\/\\\/diarioellabrador.cl\\\/index.php\\\/2026\\\/04\\\/30\\\/antes-que-se-enfrie-todo-volvamos-a-la-mesa\\\/#respond\"]}]},{\"@type\":\"WebPage\",\"@id\":\"https:\\\/\\\/diarioellabrador.cl\\\/index.php\\\/2026\\\/04\\\/30\\\/antes-que-se-enfrie-todo-volvamos-a-la-mesa\\\/\",\"url\":\"https:\\\/\\\/diarioellabrador.cl\\\/index.php\\\/2026\\\/04\\\/30\\\/antes-que-se-enfrie-todo-volvamos-a-la-mesa\\\/\",\"name\":\"\u201cAntes que se enfr\u00ede todo\u2026 volvamos a la mesa\u201d - Diario El Labrador\",\"isPartOf\":{\"@id\":\"https:\\\/\\\/diarioellabrador.cl\\\/#website\"},\"primaryImageOfPage\":{\"@id\":\"https:\\\/\\\/diarioellabrador.cl\\\/index.php\\\/2026\\\/04\\\/30\\\/antes-que-se-enfrie-todo-volvamos-a-la-mesa\\\/#primaryimage\"},\"image\":{\"@id\":\"https:\\\/\\\/diarioellabrador.cl\\\/index.php\\\/2026\\\/04\\\/30\\\/antes-que-se-enfrie-todo-volvamos-a-la-mesa\\\/#primaryimage\"},\"thumbnailUrl\":\"https:\\\/\\\/diarioellabrador.cl\\\/wp-content\\\/uploads\\\/2026\\\/04\\\/Antes-que-se-enfrie-todo\u2026-volvamos-a-la-mesa.jpg\",\"datePublished\":\"2026-04-30T23:47:46+00:00\",\"dateModified\":\"2026-04-30T23:47:48+00:00\",\"breadcrumb\":{\"@id\":\"https:\\\/\\\/diarioellabrador.cl\\\/index.php\\\/2026\\\/04\\\/30\\\/antes-que-se-enfrie-todo-volvamos-a-la-mesa\\\/#breadcrumb\"},\"inLanguage\":\"es\",\"potentialAction\":[{\"@type\":\"ReadAction\",\"target\":[\"https:\\\/\\\/diarioellabrador.cl\\\/index.php\\\/2026\\\/04\\\/30\\\/antes-que-se-enfrie-todo-volvamos-a-la-mesa\\\/\"]}]},{\"@type\":\"ImageObject\",\"inLanguage\":\"es\",\"@id\":\"https:\\\/\\\/diarioellabrador.cl\\\/index.php\\\/2026\\\/04\\\/30\\\/antes-que-se-enfrie-todo-volvamos-a-la-mesa\\\/#primaryimage\",\"url\":\"https:\\\/\\\/diarioellabrador.cl\\\/wp-content\\\/uploads\\\/2026\\\/04\\\/Antes-que-se-enfrie-todo\u2026-volvamos-a-la-mesa.jpg\",\"contentUrl\":\"https:\\\/\\\/diarioellabrador.cl\\\/wp-content\\\/uploads\\\/2026\\\/04\\\/Antes-que-se-enfrie-todo\u2026-volvamos-a-la-mesa.jpg\",\"width\":298,\"height\":413},{\"@type\":\"BreadcrumbList\",\"@id\":\"https:\\\/\\\/diarioellabrador.cl\\\/index.php\\\/2026\\\/04\\\/30\\\/antes-que-se-enfrie-todo-volvamos-a-la-mesa\\\/#breadcrumb\",\"itemListElement\":[{\"@type\":\"ListItem\",\"position\":1,\"name\":\"Portada\",\"item\":\"https:\\\/\\\/diarioellabrador.cl\\\/\"},{\"@type\":\"ListItem\",\"position\":2,\"name\":\"\u201cAntes que se enfr\u00ede todo\u2026 volvamos a la mesa\u201d\"}]},{\"@type\":\"WebSite\",\"@id\":\"https:\\\/\\\/diarioellabrador.cl\\\/#website\",\"url\":\"https:\\\/\\\/diarioellabrador.cl\\\/\",\"name\":\"Diario El Labrador\",\"description\":\"Haciendo noticia desde 1921\",\"publisher\":{\"@id\":\"https:\\\/\\\/diarioellabrador.cl\\\/#organization\"},\"potentialAction\":[{\"@type\":\"SearchAction\",\"target\":{\"@type\":\"EntryPoint\",\"urlTemplate\":\"https:\\\/\\\/diarioellabrador.cl\\\/?s={search_term_string}\"},\"query-input\":{\"@type\":\"PropertyValueSpecification\",\"valueRequired\":true,\"valueName\":\"search_term_string\"}}],\"inLanguage\":\"es\"},{\"@type\":\"Organization\",\"@id\":\"https:\\\/\\\/diarioellabrador.cl\\\/#organization\",\"name\":\"Diario El Labrador\",\"url\":\"https:\\\/\\\/diarioellabrador.cl\\\/\",\"logo\":{\"@type\":\"ImageObject\",\"inLanguage\":\"es\",\"@id\":\"https:\\\/\\\/diarioellabrador.cl\\\/#\\\/schema\\\/logo\\\/image\\\/\",\"url\":\"https:\\\/\\\/diarioellabrador.cl\\\/wp-content\\\/uploads\\\/2025\\\/02\\\/cropped-Logo-Icono.png\",\"contentUrl\":\"https:\\\/\\\/diarioellabrador.cl\\\/wp-content\\\/uploads\\\/2025\\\/02\\\/cropped-Logo-Icono.png\",\"width\":512,\"height\":512,\"caption\":\"Diario El Labrador\"},\"image\":{\"@id\":\"https:\\\/\\\/diarioellabrador.cl\\\/#\\\/schema\\\/logo\\\/image\\\/\"},\"sameAs\":[\"https:\\\/\\\/web.facebook.com\\\/profile.php?id=61576120840621\",\"https:\\\/\\\/x.com\\\/ElLabradorOf\",\"https:\\\/\\\/www.instagram.com\\\/diarioellabradoroficial\\\/\"]},{\"@type\":\"Person\",\"@id\":\"https:\\\/\\\/diarioellabrador.cl\\\/#\\\/schema\\\/person\\\/bc25ff80b4563f9c7f4bd7855df01685\",\"name\":\"Editor\",\"image\":{\"@type\":\"ImageObject\",\"inLanguage\":\"es\",\"@id\":\"https:\\\/\\\/secure.gravatar.com\\\/avatar\\\/109c326cf2be5c04f048c2c2a2b8b6ef44bf3d8d1d3d4c55d0ac40c4bc994684?s=96&d=mm&r=g\",\"url\":\"https:\\\/\\\/secure.gravatar.com\\\/avatar\\\/109c326cf2be5c04f048c2c2a2b8b6ef44bf3d8d1d3d4c55d0ac40c4bc994684?s=96&d=mm&r=g\",\"contentUrl\":\"https:\\\/\\\/secure.gravatar.com\\\/avatar\\\/109c326cf2be5c04f048c2c2a2b8b6ef44bf3d8d1d3d4c55d0ac40c4bc994684?s=96&d=mm&r=g\",\"caption\":\"Editor\"},\"url\":\"https:\\\/\\\/diarioellabrador.cl\\\/index.php\\\/author\\\/editor\\\/\"}]}<\/script>\n<!-- \/ Yoast SEO plugin. -->","yoast_head_json":{"title":"\u201cAntes que se enfr\u00ede todo\u2026 volvamos a la mesa\u201d - Diario El Labrador","robots":{"index":"index","follow":"follow","max-snippet":"max-snippet:-1","max-image-preview":"max-image-preview:large","max-video-preview":"max-video-preview:-1"},"canonical":"https:\/\/diarioellabrador.cl\/index.php\/2026\/04\/30\/antes-que-se-enfrie-todo-volvamos-a-la-mesa\/","og_locale":"es_ES","og_type":"article","og_title":"\u201cAntes que se enfr\u00ede todo\u2026 volvamos a la mesa\u201d - Diario El Labrador","og_description":"La mirada de la Orientaci\u00f3n Familiar en Chile sobre los v\u00ednculos que nos sostienen En medio de la prisa diaria y las pantallas que nunca descansan, hemos ido perdiendo ese peque\u00f1o ritual donde la vida se ordena y los v\u00ednculos vuelven a encontrarse: sentarnos juntos a la mesa. Para muchas familias, la mesa fue alguna Leer m\u00e1s","og_url":"https:\/\/diarioellabrador.cl\/index.php\/2026\/04\/30\/antes-que-se-enfrie-todo-volvamos-a-la-mesa\/","og_site_name":"Diario El Labrador","article_publisher":"https:\/\/web.facebook.com\/profile.php?id=61576120840621","article_published_time":"2026-04-30T23:47:46+00:00","article_modified_time":"2026-04-30T23:47:48+00:00","og_image":[{"width":298,"height":413,"url":"https:\/\/diarioellabrador.cl\/wp-content\/uploads\/2026\/04\/Antes-que-se-enfrie-todo\u2026-volvamos-a-la-mesa.jpg","type":"image\/jpeg"}],"author":"Editor","twitter_card":"summary_large_image","twitter_creator":"@ElLabradorOf","twitter_site":"@ElLabradorOf","twitter_misc":{"Escrito por":"Editor","Tiempo de lectura":"3 minutos"},"schema":{"@context":"https:\/\/schema.org","@graph":[{"@type":"Article","@id":"https:\/\/diarioellabrador.cl\/index.php\/2026\/04\/30\/antes-que-se-enfrie-todo-volvamos-a-la-mesa\/#article","isPartOf":{"@id":"https:\/\/diarioellabrador.cl\/index.php\/2026\/04\/30\/antes-que-se-enfrie-todo-volvamos-a-la-mesa\/"},"author":{"name":"Editor","@id":"https:\/\/diarioellabrador.cl\/#\/schema\/person\/bc25ff80b4563f9c7f4bd7855df01685"},"headline":"\u201cAntes que se enfr\u00ede todo\u2026 volvamos a la mesa\u201d","datePublished":"2026-04-30T23:47:46+00:00","dateModified":"2026-04-30T23:47:48+00:00","mainEntityOfPage":{"@id":"https:\/\/diarioellabrador.cl\/index.php\/2026\/04\/30\/antes-que-se-enfrie-todo-volvamos-a-la-mesa\/"},"wordCount":648,"commentCount":0,"publisher":{"@id":"https:\/\/diarioellabrador.cl\/#organization"},"image":{"@id":"https:\/\/diarioellabrador.cl\/index.php\/2026\/04\/30\/antes-que-se-enfrie-todo-volvamos-a-la-mesa\/#primaryimage"},"thumbnailUrl":"https:\/\/diarioellabrador.cl\/wp-content\/uploads\/2026\/04\/Antes-que-se-enfrie-todo\u2026-volvamos-a-la-mesa.jpg","articleSection":["Opini\u00f3n"],"inLanguage":"es","potentialAction":[{"@type":"CommentAction","name":"Comment","target":["https:\/\/diarioellabrador.cl\/index.php\/2026\/04\/30\/antes-que-se-enfrie-todo-volvamos-a-la-mesa\/#respond"]}]},{"@type":"WebPage","@id":"https:\/\/diarioellabrador.cl\/index.php\/2026\/04\/30\/antes-que-se-enfrie-todo-volvamos-a-la-mesa\/","url":"https:\/\/diarioellabrador.cl\/index.php\/2026\/04\/30\/antes-que-se-enfrie-todo-volvamos-a-la-mesa\/","name":"\u201cAntes que se enfr\u00ede todo\u2026 volvamos a la mesa\u201d - Diario El Labrador","isPartOf":{"@id":"https:\/\/diarioellabrador.cl\/#website"},"primaryImageOfPage":{"@id":"https:\/\/diarioellabrador.cl\/index.php\/2026\/04\/30\/antes-que-se-enfrie-todo-volvamos-a-la-mesa\/#primaryimage"},"image":{"@id":"https:\/\/diarioellabrador.cl\/index.php\/2026\/04\/30\/antes-que-se-enfrie-todo-volvamos-a-la-mesa\/#primaryimage"},"thumbnailUrl":"https:\/\/diarioellabrador.cl\/wp-content\/uploads\/2026\/04\/Antes-que-se-enfrie-todo\u2026-volvamos-a-la-mesa.jpg","datePublished":"2026-04-30T23:47:46+00:00","dateModified":"2026-04-30T23:47:48+00:00","breadcrumb":{"@id":"https:\/\/diarioellabrador.cl\/index.php\/2026\/04\/30\/antes-que-se-enfrie-todo-volvamos-a-la-mesa\/#breadcrumb"},"inLanguage":"es","potentialAction":[{"@type":"ReadAction","target":["https:\/\/diarioellabrador.cl\/index.php\/2026\/04\/30\/antes-que-se-enfrie-todo-volvamos-a-la-mesa\/"]}]},{"@type":"ImageObject","inLanguage":"es","@id":"https:\/\/diarioellabrador.cl\/index.php\/2026\/04\/30\/antes-que-se-enfrie-todo-volvamos-a-la-mesa\/#primaryimage","url":"https:\/\/diarioellabrador.cl\/wp-content\/uploads\/2026\/04\/Antes-que-se-enfrie-todo\u2026-volvamos-a-la-mesa.jpg","contentUrl":"https:\/\/diarioellabrador.cl\/wp-content\/uploads\/2026\/04\/Antes-que-se-enfrie-todo\u2026-volvamos-a-la-mesa.jpg","width":298,"height":413},{"@type":"BreadcrumbList","@id":"https:\/\/diarioellabrador.cl\/index.php\/2026\/04\/30\/antes-que-se-enfrie-todo-volvamos-a-la-mesa\/#breadcrumb","itemListElement":[{"@type":"ListItem","position":1,"name":"Portada","item":"https:\/\/diarioellabrador.cl\/"},{"@type":"ListItem","position":2,"name":"\u201cAntes que se enfr\u00ede todo\u2026 volvamos a la mesa\u201d"}]},{"@type":"WebSite","@id":"https:\/\/diarioellabrador.cl\/#website","url":"https:\/\/diarioellabrador.cl\/","name":"Diario El Labrador","description":"Haciendo noticia desde 1921","publisher":{"@id":"https:\/\/diarioellabrador.cl\/#organization"},"potentialAction":[{"@type":"SearchAction","target":{"@type":"EntryPoint","urlTemplate":"https:\/\/diarioellabrador.cl\/?s={search_term_string}"},"query-input":{"@type":"PropertyValueSpecification","valueRequired":true,"valueName":"search_term_string"}}],"inLanguage":"es"},{"@type":"Organization","@id":"https:\/\/diarioellabrador.cl\/#organization","name":"Diario El Labrador","url":"https:\/\/diarioellabrador.cl\/","logo":{"@type":"ImageObject","inLanguage":"es","@id":"https:\/\/diarioellabrador.cl\/#\/schema\/logo\/image\/","url":"https:\/\/diarioellabrador.cl\/wp-content\/uploads\/2025\/02\/cropped-Logo-Icono.png","contentUrl":"https:\/\/diarioellabrador.cl\/wp-content\/uploads\/2025\/02\/cropped-Logo-Icono.png","width":512,"height":512,"caption":"Diario El Labrador"},"image":{"@id":"https:\/\/diarioellabrador.cl\/#\/schema\/logo\/image\/"},"sameAs":["https:\/\/web.facebook.com\/profile.php?id=61576120840621","https:\/\/x.com\/ElLabradorOf","https:\/\/www.instagram.com\/diarioellabradoroficial\/"]},{"@type":"Person","@id":"https:\/\/diarioellabrador.cl\/#\/schema\/person\/bc25ff80b4563f9c7f4bd7855df01685","name":"Editor","image":{"@type":"ImageObject","inLanguage":"es","@id":"https:\/\/secure.gravatar.com\/avatar\/109c326cf2be5c04f048c2c2a2b8b6ef44bf3d8d1d3d4c55d0ac40c4bc994684?s=96&d=mm&r=g","url":"https:\/\/secure.gravatar.com\/avatar\/109c326cf2be5c04f048c2c2a2b8b6ef44bf3d8d1d3d4c55d0ac40c4bc994684?s=96&d=mm&r=g","contentUrl":"https:\/\/secure.gravatar.com\/avatar\/109c326cf2be5c04f048c2c2a2b8b6ef44bf3d8d1d3d4c55d0ac40c4bc994684?s=96&d=mm&r=g","caption":"Editor"},"url":"https:\/\/diarioellabrador.cl\/index.php\/author\/editor\/"}]}},"_links":{"self":[{"href":"https:\/\/diarioellabrador.cl\/index.php\/wp-json\/wp\/v2\/posts\/18769","targetHints":{"allow":["GET"]}}],"collection":[{"href":"https:\/\/diarioellabrador.cl\/index.php\/wp-json\/wp\/v2\/posts"}],"about":[{"href":"https:\/\/diarioellabrador.cl\/index.php\/wp-json\/wp\/v2\/types\/post"}],"author":[{"embeddable":true,"href":"https:\/\/diarioellabrador.cl\/index.php\/wp-json\/wp\/v2\/users\/2"}],"replies":[{"embeddable":true,"href":"https:\/\/diarioellabrador.cl\/index.php\/wp-json\/wp\/v2\/comments?post=18769"}],"version-history":[{"count":1,"href":"https:\/\/diarioellabrador.cl\/index.php\/wp-json\/wp\/v2\/posts\/18769\/revisions"}],"predecessor-version":[{"id":18770,"href":"https:\/\/diarioellabrador.cl\/index.php\/wp-json\/wp\/v2\/posts\/18769\/revisions\/18770"}],"wp:featuredmedia":[{"embeddable":true,"href":"https:\/\/diarioellabrador.cl\/index.php\/wp-json\/wp\/v2\/media\/18766"}],"wp:attachment":[{"href":"https:\/\/diarioellabrador.cl\/index.php\/wp-json\/wp\/v2\/media?parent=18769"}],"wp:term":[{"taxonomy":"category","embeddable":true,"href":"https:\/\/diarioellabrador.cl\/index.php\/wp-json\/wp\/v2\/categories?post=18769"},{"taxonomy":"post_tag","embeddable":true,"href":"https:\/\/diarioellabrador.cl\/index.php\/wp-json\/wp\/v2\/tags?post=18769"}],"curies":[{"name":"wp","href":"https:\/\/api.w.org\/{rel}","templated":true}]}}